{"id":4911,"date":"2026-04-27T17:15:00","date_gmt":"2026-04-27T21:15:00","guid":{"rendered":"https:\/\/progresso.com.br\/?p=4911"},"modified":"2026-04-27T18:32:20","modified_gmt":"2026-04-27T22:32:20","slug":"populacao-de-dourados-comeca-a-receber-vacina-contra-chikungunya","status":"publish","type":"post","link":"https:\/\/progresso.com.br\/index.php\/2026\/04\/27\/populacao-de-dourados-comeca-a-receber-vacina-contra-chikungunya\/","title":{"rendered":"Dourados come\u00e7a a vacinar contra chikungunya; veja quais s\u00e3o as contraindica\u00e7\u00f5es"},"content":{"rendered":"\n<p><strong><em>Imuniza\u00e7\u00e3o ser\u00e1 voltada a pessoas de 18 a 59 anos<\/em><\/strong><\/p>\n\n\n\n<p><em>Luciano Nascimento &#8211;  Ag\u00eancia Brasil<\/em><\/p>\n\n\n\n<p>A vacina\u00e7\u00e3o contra a chikungunya para moradores de Dourados foi iniciada nesta segunda-feira (27).\u00a0A campanha na cidade\u00a0\u00e9 realizada\u00a0em meio a um surto da doen\u00e7a,\u00a0<a href=\"https:\/\/agenciabrasil.ebc.com.br\/saude\/noticia\/2026-04\/chikungunya-dourados-decreta-calamidade-vacinacao-comeca-segunda\" target=\"_blank\" rel=\"noreferrer noopener\">que levou o munic\u00edpio a decretar situa\u00e7\u00e3o de calamidade em sa\u00fade p\u00fablica<\/a>.<img decoding=\"async\" src=\"https:\/\/agenciabrasil.ebc.com.br\/ebc.png?id=1687431&amp;o=node\"><img decoding=\"async\" src=\"https:\/\/agenciabrasil.ebc.com.br\/ebc.gif?id=1687431&amp;o=node\"><\/p>\n\n\n\n<p><strong>A imuniza\u00e7\u00e3o ser\u00e1 voltada \u00e0 popula\u00e7\u00e3o de 18 a 59 anos.<\/strong>&nbsp;O calend\u00e1rio prev\u00ea ainda a vacina\u00e7\u00e3o no formato drive-thru, no feriado de 1\u00ba de maio, Dia do Trabalhador. A a\u00e7\u00e3o ser\u00e1&nbsp;no per\u00edodo das 8h \u00e0s 12h, no p\u00e1tio da Prefeitura de Dourados.<\/p>\n\n\n\n<p>A meta \u00e9 imunizar cerca de 43 mil pessoas, o equivalente a 27% do p\u00fablico-alvo.<\/p>\n\n\n\n<p>Dados do&nbsp;<a href=\"https:\/\/www.gov.br\/saude\/pt-br%20%20\/assuntos\/saude-de-a-a-z\/a\/aedes-aegypti\/monitoramento-das-arboviroses\" target=\"_blank\" rel=\"noreferrer noopener\">Painel de Monitoramento de Arboviroses<\/a>&nbsp;do Minist\u00e9rio da Sa\u00fade mostram que, em 2026, j\u00e1 foram identificados 2.621 casos de chikungunya na cidade, com oito mortes e um \u00f3bito ainda em an\u00e1lise.<\/p>\n\n\n\n<p><strong>O painel detalha que quase 60% dos casos no munic\u00edpio atingem a popula\u00e7\u00e3o ind\u00edgena.<\/strong>&nbsp;Na sequ\u00eancia, 21,3% dos casos s\u00e3o na&nbsp;popula\u00e7\u00e3o branca, e 18%, em pretos e pardos.<\/p>\n\n\n\n<h2 class=\"wp-block-heading\">Contraindica\u00e7\u00f5es<\/h2>\n\n\n\n<p><strong>A vacina contra a chikungunya\u00a0n\u00e3o pode ser aplicada nos seguintes casos:<\/strong><\/p>\n\n\n\n<ul class=\"wp-block-list\">\n<li>gestantes ou lactantes;<\/li>\n\n\n\n<li>pessoas que fa\u00e7am uso de medicamentos imunossupressores, como corticoides em altas doses;<\/li>\n\n\n\n<li>pessoas com imunodefici\u00eancia cong\u00eanita;<\/li>\n\n\n\n<li>pessoas que est\u00e3o em tratamento de c\u00e2ncer com uso de quimioterapia e radioterapia;<\/li>\n\n\n\n<li>transplantados de \u00f3rg\u00e3o s\u00f3lido;<\/li>\n\n\n\n<li>transplantados de medula \u00f3ssea h\u00e1 menos de dois anos;<\/li>\n\n\n\n<li>pessoas com HIV\/aids;<\/li>\n\n\n\n<li>pessoas com doen\u00e7as autoimunes, como l\u00fapus e artrite reumatoide;<\/li>\n\n\n\n<li>pessoas com pelo menos duas condi\u00e7\u00f5es m\u00e9dicas cr\u00f4nicas, incluindo diabetes, hipertens\u00e3o, insufici\u00eancia card\u00edaca, arritmia card\u00edaca, doen\u00e7a pulmonar cr\u00f4nica, doen\u00e7a renal cr\u00f4nica, obesidade, doen\u00e7a hep\u00e1tica cr\u00f4nica e c\u00e2ncer (em tratamento ou em remiss\u00e3o).<\/li>\n<\/ul>\n\n\n\n<p>A vacina tamb\u00e9m n\u00e3o pode ser aplicada em pessoas que tenham tido chikungunya nos \u00faltimos 30 dias;&nbsp;que estejam em estado febril grave; que tenham recebido outra vacina de v\u00edrus atenuado nos \u00faltimos 28 dias; e\/ou que tenham recebido vacina de v\u00edrus inativado nos \u00faltimos 14 dias.<\/p>\n\n\n\n<p>A expectativa da prefeitura \u00e9 que a imuniza\u00e7\u00e3o aconte\u00e7a de forma mais lenta, j\u00e1 que, antes de receber a dose, o p\u00fablico-alvo precisa passar por avalia\u00e7\u00e3o do profissional de sa\u00fade.<\/p>\n\n\n\n<h2 class=\"wp-block-heading\">Estrat\u00e9gia nacional<\/h2>\n\n\n\n<p><a href=\"https:\/\/agenciabrasil.ebc.com.br\/saude\/noticia\/2025-04\/anvisa-aprova-vacina-contra-chikungunya-do-butantan-e-valneva\" target=\"_blank\" rel=\"noreferrer noopener\">Aprovada pela Ag\u00eancia Nacional de Vigil\u00e2ncia Sanit\u00e1ria (Anvisa) em abril de 2025<\/a>, a vacina contra a chikungunya come\u00e7a a ser administrada de forma estrat\u00e9gica em regi\u00f5es de potencial risco de transmiss\u00e3o da doen\u00e7a ao longo dos pr\u00f3ximos anos. Cerca de 20 munic\u00edpios, de seis estados, devem ser contemplados.<\/p>\n\n\n\n<p>\u201cA sele\u00e7\u00e3o dos munic\u00edpios considerou desde fatores epidemiol\u00f3gicos, relacionados \u00e0 potencial ocorr\u00eancia de casos de chikungunya em regi\u00f5es onde o v\u00edrus j\u00e1 est\u00e1 circulando, at\u00e9 o tamanho populacional dos munic\u00edpios e a facilidade operacional de se implementar uma nova vacina no sistema local de sa\u00fade em um curto prazo\u201d, informou a prefeitura.<\/p>\n\n\n\n<p>A vacina\u00e7\u00e3o faz parte de uma estrat\u00e9gia do Minist\u00e9rio da Sa\u00fade em munic\u00edpios que registram grande incid\u00eancia de chikungunya. Em 2025, o Brasil registrou mais de 127 mil casos e 125 \u00f3bitos causados pela doen\u00e7a.&nbsp;<\/p>\n","protected":false},"excerpt":{"rendered":"<p>Imuniza\u00e7\u00e3o ser\u00e1 voltada a pessoas de 18 a 59 anos Luciano Nascimento &#8211; Ag\u00eancia Brasil A vacina\u00e7\u00e3o contra a chikungunya para moradores de Dourados foi iniciada nesta segunda-feira (27).\u00a0A campanha na cidade\u00a0\u00e9 realizada\u00a0em meio a um surto da doen\u00e7a,\u00a0que levou o munic\u00edpio a decretar situa\u00e7\u00e3o de calamidade em sa\u00fade p\u00fablica. A imuniza\u00e7\u00e3o ser\u00e1 voltada \u00e0 [&hellip;]<\/p>\n","protected":false},"author":2,"featured_media":4912,"comment_status":"open","ping_status":"open","sticky":false,"template":"","format":"standard","meta":{"footnotes":""},"categories":[13,2],"tags":[],"class_list":["post-4911","post","type-post","status-publish","format-standard","has-post-thumbnail","hentry","category-cotidiano","category-destaque"],"yoast_head":"<!-- This site is optimized with the Yoast SEO plugin v27.1.1 - https:\/\/yoast.com\/product\/yoast-seo-wordpress\/ -->\n<title>Dourados come\u00e7a a vacinar contra chikungunya; veja quais s\u00e3o as contraindica\u00e7\u00f5es - O PROGRESSO<\/title>\n<meta name=\"robots\" content=\"index, follow, max-snippet:-1, max-image-preview:large, max-video-preview:-1\" \/>\n<link rel=\"canonical\" href=\"https:\/\/progresso.com.br\/index.php\/2026\/04\/27\/populacao-de-dourados-comeca-a-receber-vacina-contra-chikungunya\/\" \/>\n<meta property=\"og:locale\" content=\"pt_BR\" \/>\n<meta property=\"og:type\" content=\"article\" \/>\n<meta property=\"og:title\" content=\"Dourados come\u00e7a a vacinar contra chikungunya; veja quais s\u00e3o as contraindica\u00e7\u00f5es - O PROGRESSO\" \/>\n<meta property=\"og:description\" content=\"Imuniza\u00e7\u00e3o ser\u00e1 voltada a pessoas de 18 a 59 anos Luciano Nascimento &#8211; Ag\u00eancia Brasil A vacina\u00e7\u00e3o contra a chikungunya para moradores de Dourados foi iniciada nesta segunda-feira (27).\u00a0A campanha na cidade\u00a0\u00e9 realizada\u00a0em meio a um surto da doen\u00e7a,\u00a0que levou o munic\u00edpio a decretar situa\u00e7\u00e3o de calamidade em sa\u00fade p\u00fablica. A imuniza\u00e7\u00e3o ser\u00e1 voltada \u00e0 [&hellip;]\" \/>\n<meta property=\"og:url\" content=\"https:\/\/progresso.com.br\/index.php\/2026\/04\/27\/populacao-de-dourados-comeca-a-receber-vacina-contra-chikungunya\/\" \/>\n<meta property=\"og:site_name\" content=\"O PROGRESSO\" \/>\n<meta property=\"article:publisher\" content=\"https:\/\/www.facebook.com\/share\/1CeoksKBj6\/\" \/>\n<meta property=\"article:published_time\" content=\"2026-04-27T21:15:00+00:00\" \/>\n<meta property=\"article:modified_time\" content=\"2026-04-27T22:32:20+00:00\" \/>\n<meta property=\"og:image\" content=\"https:\/\/progresso.com.br\/wp-content\/uploads\/2026\/04\/achikungunyainterna1_copy-1.webp\" \/>\n\t<meta property=\"og:image:width\" content=\"1170\" \/>\n\t<meta property=\"og:image:height\" content=\"700\" \/>\n\t<meta property=\"og:image:type\" content=\"image\/webp\" \/>\n<meta name=\"author\" content=\"Rose\" \/>\n<meta name=\"twitter:card\" content=\"summary_large_image\" \/>\n<meta name=\"twitter:label1\" content=\"Escrito por\" \/>\n\t<meta name=\"twitter:data1\" content=\"Rose\" \/>\n\t<meta name=\"twitter:label2\" content=\"Est. tempo de leitura\" \/>\n\t<meta name=\"twitter:data2\" content=\"4 minutos\" \/>\n<script type=\"application\/ld+json\" class=\"yoast-schema-graph\">{\"@context\":\"https:\/\/schema.org\",\"@graph\":[{\"@type\":\"Article\",\"@id\":\"https:\/\/progresso.com.br\/index.php\/2026\/04\/27\/populacao-de-dourados-comeca-a-receber-vacina-contra-chikungunya\/#article\",\"isPartOf\":{\"@id\":\"https:\/\/progresso.com.br\/index.php\/2026\/04\/27\/populacao-de-dourados-comeca-a-receber-vacina-contra-chikungunya\/\"},\"author\":{\"name\":\"Rose\",\"@id\":\"https:\/\/progresso.com.br\/#\/schema\/person\/5dd27138d4463fbbaace62120bfc002b\"},\"headline\":\"Dourados come\u00e7a a vacinar contra chikungunya; veja quais s\u00e3o as contraindica\u00e7\u00f5es\",\"datePublished\":\"2026-04-27T21:15:00+00:00\",\"dateModified\":\"2026-04-27T22:32:20+00:00\",\"mainEntityOfPage\":{\"@id\":\"https:\/\/progresso.com.br\/index.php\/2026\/04\/27\/populacao-de-dourados-comeca-a-receber-vacina-contra-chikungunya\/\"},\"wordCount\":576,\"commentCount\":0,\"publisher\":{\"@id\":\"https:\/\/progresso.com.br\/#organization\"},\"image\":{\"@id\":\"https:\/\/progresso.com.br\/index.php\/2026\/04\/27\/populacao-de-dourados-comeca-a-receber-vacina-contra-chikungunya\/#primaryimage\"},\"thumbnailUrl\":\"https:\/\/progresso.com.br\/wp-content\/uploads\/2026\/04\/achikungunyainterna1_copy-1.webp\",\"articleSection\":[\"Cotidiano\",\"Em destaque\"],\"inLanguage\":\"pt-BR\",\"potentialAction\":[{\"@type\":\"CommentAction\",\"name\":\"Comment\",\"target\":[\"https:\/\/progresso.com.br\/index.php\/2026\/04\/27\/populacao-de-dourados-comeca-a-receber-vacina-contra-chikungunya\/#respond\"]}]},{\"@type\":\"WebPage\",\"@id\":\"https:\/\/progresso.com.br\/index.php\/2026\/04\/27\/populacao-de-dourados-comeca-a-receber-vacina-contra-chikungunya\/\",\"url\":\"https:\/\/progresso.com.br\/index.php\/2026\/04\/27\/populacao-de-dourados-comeca-a-receber-vacina-contra-chikungunya\/\",\"name\":\"Dourados come\u00e7a a vacinar contra chikungunya; veja quais s\u00e3o as contraindica\u00e7\u00f5es - O PROGRESSO\",\"isPartOf\":{\"@id\":\"https:\/\/progresso.com.br\/#website\"},\"primaryImageOfPage\":{\"@id\":\"https:\/\/progresso.com.br\/index.php\/2026\/04\/27\/populacao-de-dourados-comeca-a-receber-vacina-contra-chikungunya\/#primaryimage\"},\"image\":{\"@id\":\"https:\/\/progresso.com.br\/index.php\/2026\/04\/27\/populacao-de-dourados-comeca-a-receber-vacina-contra-chikungunya\/#primaryimage\"},\"thumbnailUrl\":\"https:\/\/progresso.com.br\/wp-content\/uploads\/2026\/04\/achikungunyainterna1_copy-1.webp\",\"datePublished\":\"2026-04-27T21:15:00+00:00\",\"dateModified\":\"2026-04-27T22:32:20+00:00\",\"breadcrumb\":{\"@id\":\"https:\/\/progresso.com.br\/index.php\/2026\/04\/27\/populacao-de-dourados-comeca-a-receber-vacina-contra-chikungunya\/#breadcrumb\"},\"inLanguage\":\"pt-BR\",\"potentialAction\":[{\"@type\":\"ReadAction\",\"target\":[\"https:\/\/progresso.com.br\/index.php\/2026\/04\/27\/populacao-de-dourados-comeca-a-receber-vacina-contra-chikungunya\/\"]}]},{\"@type\":\"ImageObject\",\"inLanguage\":\"pt-BR\",\"@id\":\"https:\/\/progresso.com.br\/index.php\/2026\/04\/27\/populacao-de-dourados-comeca-a-receber-vacina-contra-chikungunya\/#primaryimage\",\"url\":\"https:\/\/progresso.com.br\/wp-content\/uploads\/2026\/04\/achikungunyainterna1_copy-1.webp\",\"contentUrl\":\"https:\/\/progresso.com.br\/wp-content\/uploads\/2026\/04\/achikungunyainterna1_copy-1.webp\",\"width\":1170,\"height\":700,\"caption\":\"(Foto: Butant\u00e3\/Divulga\u00e7\u00e3o)\"},{\"@type\":\"BreadcrumbList\",\"@id\":\"https:\/\/progresso.com.br\/index.php\/2026\/04\/27\/populacao-de-dourados-comeca-a-receber-vacina-contra-chikungunya\/#breadcrumb\",\"itemListElement\":[{\"@type\":\"ListItem\",\"position\":1,\"name\":\"In\u00edcio\",\"item\":\"https:\/\/progresso.com.br\/\"},{\"@type\":\"ListItem\",\"position\":2,\"name\":\"Dourados come\u00e7a a vacinar contra chikungunya; veja quais s\u00e3o as contraindica\u00e7\u00f5es\"}]},{\"@type\":\"WebSite\",\"@id\":\"https:\/\/progresso.com.br\/#website\",\"url\":\"https:\/\/progresso.com.br\/\",\"name\":\"O PROGRESSO\",\"description\":\"\",\"publisher\":{\"@id\":\"https:\/\/progresso.com.br\/#organization\"},\"potentialAction\":[{\"@type\":\"SearchAction\",\"target\":{\"@type\":\"EntryPoint\",\"urlTemplate\":\"https:\/\/progresso.com.br\/?s={search_term_string}\"},\"query-input\":{\"@type\":\"PropertyValueSpecification\",\"valueRequired\":true,\"valueName\":\"search_term_string\"}}],\"inLanguage\":\"pt-BR\"},{\"@type\":\"Organization\",\"@id\":\"https:\/\/progresso.com.br\/#organization\",\"name\":\"O PROGRESSO\",\"url\":\"https:\/\/progresso.com.br\/\",\"logo\":{\"@type\":\"ImageObject\",\"inLanguage\":\"pt-BR\",\"@id\":\"https:\/\/progresso.com.br\/#\/schema\/logo\/image\/\",\"url\":\"https:\/\/progresso.com.br\/wp-content\/uploads\/2026\/03\/logo_proog.jpg\",\"contentUrl\":\"https:\/\/progresso.com.br\/wp-content\/uploads\/2026\/03\/logo_proog.jpg\",\"width\":1960,\"height\":1080,\"caption\":\"O PROGRESSO\"},\"image\":{\"@id\":\"https:\/\/progresso.com.br\/#\/schema\/logo\/image\/\"},\"sameAs\":[\"https:\/\/www.facebook.com\/share\/1CeoksKBj6\/\",\"https:\/\/www.instagram.com\/oprogresso_digital\"]},{\"@type\":\"Person\",\"@id\":\"https:\/\/progresso.com.br\/#\/schema\/person\/5dd27138d4463fbbaace62120bfc002b\",\"name\":\"Rose\",\"image\":{\"@type\":\"ImageObject\",\"inLanguage\":\"pt-BR\",\"@id\":\"https:\/\/progresso.com.br\/#\/schema\/person\/image\/\",\"url\":\"https:\/\/secure.gravatar.com\/avatar\/1b6890e759cdd3a88d9f751cb423720b9861c5239167cd3586355638b6556599?s=96&d=mm&r=g\",\"contentUrl\":\"https:\/\/secure.gravatar.com\/avatar\/1b6890e759cdd3a88d9f751cb423720b9861c5239167cd3586355638b6556599?s=96&d=mm&r=g\",\"caption\":\"Rose\"},\"url\":\"https:\/\/progresso.com.br\/index.php\/author\/rose\/\"}]}<\/script>\n<!-- \/ Yoast SEO plugin. -->","yoast_head_json":{"title":"Dourados come\u00e7a a vacinar contra chikungunya; veja quais s\u00e3o as contraindica\u00e7\u00f5es - O PROGRESSO","robots":{"index":"index","follow":"follow","max-snippet":"max-snippet:-1","max-image-preview":"max-image-preview:large","max-video-preview":"max-video-preview:-1"},"canonical":"https:\/\/progresso.com.br\/index.php\/2026\/04\/27\/populacao-de-dourados-comeca-a-receber-vacina-contra-chikungunya\/","og_locale":"pt_BR","og_type":"article","og_title":"Dourados come\u00e7a a vacinar contra chikungunya; veja quais s\u00e3o as contraindica\u00e7\u00f5es - O PROGRESSO","og_description":"Imuniza\u00e7\u00e3o ser\u00e1 voltada a pessoas de 18 a 59 anos Luciano Nascimento &#8211; Ag\u00eancia Brasil A vacina\u00e7\u00e3o contra a chikungunya para moradores de Dourados foi iniciada nesta segunda-feira (27).\u00a0A campanha na cidade\u00a0\u00e9 realizada\u00a0em meio a um surto da doen\u00e7a,\u00a0que levou o munic\u00edpio a decretar situa\u00e7\u00e3o de calamidade em sa\u00fade p\u00fablica. A imuniza\u00e7\u00e3o ser\u00e1 voltada \u00e0 [&hellip;]","og_url":"https:\/\/progresso.com.br\/index.php\/2026\/04\/27\/populacao-de-dourados-comeca-a-receber-vacina-contra-chikungunya\/","og_site_name":"O PROGRESSO","article_publisher":"https:\/\/www.facebook.com\/share\/1CeoksKBj6\/","article_published_time":"2026-04-27T21:15:00+00:00","article_modified_time":"2026-04-27T22:32:20+00:00","og_image":[{"width":1170,"height":700,"url":"https:\/\/progresso.com.br\/wp-content\/uploads\/2026\/04\/achikungunyainterna1_copy-1.webp","type":"image\/webp"}],"author":"Rose","twitter_card":"summary_large_image","twitter_misc":{"Escrito por":"Rose","Est. tempo de leitura":"4 minutos"},"schema":{"@context":"https:\/\/schema.org","@graph":[{"@type":"Article","@id":"https:\/\/progresso.com.br\/index.php\/2026\/04\/27\/populacao-de-dourados-comeca-a-receber-vacina-contra-chikungunya\/#article","isPartOf":{"@id":"https:\/\/progresso.com.br\/index.php\/2026\/04\/27\/populacao-de-dourados-comeca-a-receber-vacina-contra-chikungunya\/"},"author":{"name":"Rose","@id":"https:\/\/progresso.com.br\/#\/schema\/person\/5dd27138d4463fbbaace62120bfc002b"},"headline":"Dourados come\u00e7a a vacinar contra chikungunya; veja quais s\u00e3o as contraindica\u00e7\u00f5es","datePublished":"2026-04-27T21:15:00+00:00","dateModified":"2026-04-27T22:32:20+00:00","mainEntityOfPage":{"@id":"https:\/\/progresso.com.br\/index.php\/2026\/04\/27\/populacao-de-dourados-comeca-a-receber-vacina-contra-chikungunya\/"},"wordCount":576,"commentCount":0,"publisher":{"@id":"https:\/\/progresso.com.br\/#organization"},"image":{"@id":"https:\/\/progresso.com.br\/index.php\/2026\/04\/27\/populacao-de-dourados-comeca-a-receber-vacina-contra-chikungunya\/#primaryimage"},"thumbnailUrl":"https:\/\/progresso.com.br\/wp-content\/uploads\/2026\/04\/achikungunyainterna1_copy-1.webp","articleSection":["Cotidiano","Em destaque"],"inLanguage":"pt-BR","potentialAction":[{"@type":"CommentAction","name":"Comment","target":["https:\/\/progresso.com.br\/index.php\/2026\/04\/27\/populacao-de-dourados-comeca-a-receber-vacina-contra-chikungunya\/#respond"]}]},{"@type":"WebPage","@id":"https:\/\/progresso.com.br\/index.php\/2026\/04\/27\/populacao-de-dourados-comeca-a-receber-vacina-contra-chikungunya\/","url":"https:\/\/progresso.com.br\/index.php\/2026\/04\/27\/populacao-de-dourados-comeca-a-receber-vacina-contra-chikungunya\/","name":"Dourados come\u00e7a a vacinar contra chikungunya; veja quais s\u00e3o as contraindica\u00e7\u00f5es - O PROGRESSO","isPartOf":{"@id":"https:\/\/progresso.com.br\/#website"},"primaryImageOfPage":{"@id":"https:\/\/progresso.com.br\/index.php\/2026\/04\/27\/populacao-de-dourados-comeca-a-receber-vacina-contra-chikungunya\/#primaryimage"},"image":{"@id":"https:\/\/progresso.com.br\/index.php\/2026\/04\/27\/populacao-de-dourados-comeca-a-receber-vacina-contra-chikungunya\/#primaryimage"},"thumbnailUrl":"https:\/\/progresso.com.br\/wp-content\/uploads\/2026\/04\/achikungunyainterna1_copy-1.webp","datePublished":"2026-04-27T21:15:00+00:00","dateModified":"2026-04-27T22:32:20+00:00","breadcrumb":{"@id":"https:\/\/progresso.com.br\/index.php\/2026\/04\/27\/populacao-de-dourados-comeca-a-receber-vacina-contra-chikungunya\/#breadcrumb"},"inLanguage":"pt-BR","potentialAction":[{"@type":"ReadAction","target":["https:\/\/progresso.com.br\/index.php\/2026\/04\/27\/populacao-de-dourados-comeca-a-receber-vacina-contra-chikungunya\/"]}]},{"@type":"ImageObject","inLanguage":"pt-BR","@id":"https:\/\/progresso.com.br\/index.php\/2026\/04\/27\/populacao-de-dourados-comeca-a-receber-vacina-contra-chikungunya\/#primaryimage","url":"https:\/\/progresso.com.br\/wp-content\/uploads\/2026\/04\/achikungunyainterna1_copy-1.webp","contentUrl":"https:\/\/progresso.com.br\/wp-content\/uploads\/2026\/04\/achikungunyainterna1_copy-1.webp","width":1170,"height":700,"caption":"(Foto: Butant\u00e3\/Divulga\u00e7\u00e3o)"},{"@type":"BreadcrumbList","@id":"https:\/\/progresso.com.br\/index.php\/2026\/04\/27\/populacao-de-dourados-comeca-a-receber-vacina-contra-chikungunya\/#breadcrumb","itemListElement":[{"@type":"ListItem","position":1,"name":"In\u00edcio","item":"https:\/\/progresso.com.br\/"},{"@type":"ListItem","position":2,"name":"Dourados come\u00e7a a vacinar contra chikungunya; veja quais s\u00e3o as contraindica\u00e7\u00f5es"}]},{"@type":"WebSite","@id":"https:\/\/progresso.com.br\/#website","url":"https:\/\/progresso.com.br\/","name":"O PROGRESSO","description":"","publisher":{"@id":"https:\/\/progresso.com.br\/#organization"},"potentialAction":[{"@type":"SearchAction","target":{"@type":"EntryPoint","urlTemplate":"https:\/\/progresso.com.br\/?s={search_term_string}"},"query-input":{"@type":"PropertyValueSpecification","valueRequired":true,"valueName":"search_term_string"}}],"inLanguage":"pt-BR"},{"@type":"Organization","@id":"https:\/\/progresso.com.br\/#organization","name":"O PROGRESSO","url":"https:\/\/progresso.com.br\/","logo":{"@type":"ImageObject","inLanguage":"pt-BR","@id":"https:\/\/progresso.com.br\/#\/schema\/logo\/image\/","url":"https:\/\/progresso.com.br\/wp-content\/uploads\/2026\/03\/logo_proog.jpg","contentUrl":"https:\/\/progresso.com.br\/wp-content\/uploads\/2026\/03\/logo_proog.jpg","width":1960,"height":1080,"caption":"O PROGRESSO"},"image":{"@id":"https:\/\/progresso.com.br\/#\/schema\/logo\/image\/"},"sameAs":["https:\/\/www.facebook.com\/share\/1CeoksKBj6\/","https:\/\/www.instagram.com\/oprogresso_digital"]},{"@type":"Person","@id":"https:\/\/progresso.com.br\/#\/schema\/person\/5dd27138d4463fbbaace62120bfc002b","name":"Rose","image":{"@type":"ImageObject","inLanguage":"pt-BR","@id":"https:\/\/progresso.com.br\/#\/schema\/person\/image\/","url":"https:\/\/secure.gravatar.com\/avatar\/1b6890e759cdd3a88d9f751cb423720b9861c5239167cd3586355638b6556599?s=96&d=mm&r=g","contentUrl":"https:\/\/secure.gravatar.com\/avatar\/1b6890e759cdd3a88d9f751cb423720b9861c5239167cd3586355638b6556599?s=96&d=mm&r=g","caption":"Rose"},"url":"https:\/\/progresso.com.br\/index.php\/author\/rose\/"}]}},"_links":{"self":[{"href":"https:\/\/progresso.com.br\/index.php\/wp-json\/wp\/v2\/posts\/4911","targetHints":{"allow":["GET"]}}],"collection":[{"href":"https:\/\/progresso.com.br\/index.php\/wp-json\/wp\/v2\/posts"}],"about":[{"href":"https:\/\/progresso.com.br\/index.php\/wp-json\/wp\/v2\/types\/post"}],"author":[{"embeddable":true,"href":"https:\/\/progresso.com.br\/index.php\/wp-json\/wp\/v2\/users\/2"}],"replies":[{"embeddable":true,"href":"https:\/\/progresso.com.br\/index.php\/wp-json\/wp\/v2\/comments?post=4911"}],"version-history":[{"count":2,"href":"https:\/\/progresso.com.br\/index.php\/wp-json\/wp\/v2\/posts\/4911\/revisions"}],"predecessor-version":[{"id":4917,"href":"https:\/\/progresso.com.br\/index.php\/wp-json\/wp\/v2\/posts\/4911\/revisions\/4917"}],"wp:featuredmedia":[{"embeddable":true,"href":"https:\/\/progresso.com.br\/index.php\/wp-json\/wp\/v2\/media\/4912"}],"wp:attachment":[{"href":"https:\/\/progresso.com.br\/index.php\/wp-json\/wp\/v2\/media?parent=4911"}],"wp:term":[{"taxonomy":"category","embeddable":true,"href":"https:\/\/progresso.com.br\/index.php\/wp-json\/wp\/v2\/categories?post=4911"},{"taxonomy":"post_tag","embeddable":true,"href":"https:\/\/progresso.com.br\/index.php\/wp-json\/wp\/v2\/tags?post=4911"}],"curies":[{"name":"wp","href":"https:\/\/api.w.org\/{rel}","templated":true}]}}