{"id":4922,"date":"2026-04-28T09:22:43","date_gmt":"2026-04-28T13:22:43","guid":{"rendered":"https:\/\/progresso.com.br\/?p=4922"},"modified":"2026-04-28T09:22:43","modified_gmt":"2026-04-28T13:22:43","slug":"proprietarios-de-veiculos-tem-ate-o-dia-30-de-abril-para-pagar-quarta-parcela-do-ipva","status":"publish","type":"post","link":"https:\/\/progresso.com.br\/index.php\/2026\/04\/28\/proprietarios-de-veiculos-tem-ate-o-dia-30-de-abril-para-pagar-quarta-parcela-do-ipva\/","title":{"rendered":"Propriet\u00e1rios de ve\u00edculos t\u00eam at\u00e9 o dia 30 de abril para pagar quarta parcela do IPVA"},"content":{"rendered":"\n<p><em>Comunica\u00e7\u00e3o Sefaz<\/em><\/p>\n\n\n\n<p>Os propriet\u00e1rios de ve\u00edculos em Mato Grosso do Sul que optaram pelo parcelamento do IPVA 2026 t\u00eam at\u00e9 o dia 30 de abril (quinta-feira) para efetuar o pagamento da quarta parcela do imposto. O cumprimento do prazo \u00e9 essencial para evitar a incid\u00eancia de juros e multas, al\u00e9m de garantir a regularidade do ve\u00edculo e prevenir restri\u00e7\u00f5es no licenciamento anual.<\/p>\n\n\n\n<p>O calend\u00e1rio do IPVA segue um modelo j\u00e1 consolidado no Estado, permitindo o parcelamento em at\u00e9 cinco vezes para os contribuintes que n\u00e3o aderiram ao pagamento em cota \u00fanica, modalidade que ofereceu desconto de 15%, um dos mais elevados do pa\u00eds. O cronograma teve in\u00edcio em janeiro e se estende at\u00e9 maio, acompanhando o primeiro semestre do exerc\u00edcio fiscal.<\/p>\n\n\n\n<p>Ap\u00f3s o vencimento da terceira parcela, em mar\u00e7o, o contribuinte agora avan\u00e7a para a quarta etapa do parcelamento. Na sequ\u00eancia, resta apenas a quinta e \u00faltima parcela, prevista para o dia 29 de maio, encerrando o ciclo do imposto em 2026.<\/p>\n\n\n\n<p>A Secretaria de Estado de Fazenda (Sefaz) refor\u00e7a que manter o pagamento em dia \u00e9 determinante n\u00e3o apenas para evitar encargos adicionais, mas tamb\u00e9m para assegurar a regularidade do ve\u00edculo perante os \u00f3rg\u00e3os de tr\u00e2nsito. O atraso impede a emiss\u00e3o do licenciamento e pode gerar penalidades administrativas.<\/p>\n\n\n\n<p>Para o exerc\u00edcio de 2026, o Governo do Estado antecipou o processo de lan\u00e7amento e disponibiliza\u00e7\u00e3o das guias de pagamento. Desde novembro do ano anterior, os boletos passaram a ser emitidos exclusivamente em formato digital, ampliando o prazo para planejamento financeiro e proporcionando maior comodidade ao contribuinte. A medida integra a estrat\u00e9gia de moderniza\u00e7\u00e3o da administra\u00e7\u00e3o tribut\u00e1ria e de fortalecimento da cultura de conformidade fiscal.<\/p>\n\n\n\n<p>Atualmente, cerca de 870 mil ve\u00edculos comp\u00f5em a base tribut\u00e1vel do IPVA em Mato Grosso do Sul. O valor m\u00ednimo fixado \u00e9 de R$ 30 para motocicletas e de R$ 55 para os demais ve\u00edculos, refletindo uma pol\u00edtica que busca equil\u00edbrio entre arrecada\u00e7\u00e3o e capacidade contributiva.<\/p>\n\n\n\n<p>O Estado tamb\u00e9m mant\u00e9m um dos conjuntos mais abrangentes de isen\u00e7\u00f5es do pa\u00eds. Est\u00e3o dispensados do pagamento, entre outros, ve\u00edculos oficiais, de entidades assistenciais, autarquias e funda\u00e7\u00f5es p\u00fablicas, templos religiosos, tratores e m\u00e1quinas agr\u00edcolas, aeronaves utilizadas na atividade rural, embarca\u00e7\u00f5es de pescadores profissionais, al\u00e9m de t\u00e1xis, motot\u00e1xis, ambul\u00e2ncias, viaturas do Corpo de Bombeiros, ve\u00edculos diplom\u00e1ticos e autom\u00f3veis com mais de 15 anos de fabrica\u00e7\u00e3o.<\/p>\n\n\n\n<p>Pessoas com defici\u00eancia (PCD) contam com redu\u00e7\u00e3o de 60% no valor do imposto, conforme crit\u00e9rios legais. Empresas com frotas a partir de 30 ve\u00edculos t\u00eam direito a al\u00edquotas diferenciadas. Ve\u00edculos movidos a G\u00e1s Natural Veicular (GNV) seguem totalmente isentos, como forma de incentivo \u00e0 ado\u00e7\u00e3o de alternativas mais sustent\u00e1veis. O imposto tamb\u00e9m n\u00e3o \u00e9 cobrado em situa\u00e7\u00f5es de furto, roubo ou perda total devidamente comprovadas.<\/p>\n\n\n\n<p>O setor produtivo permanece contemplado com tratamento espec\u00edfico. Redu\u00e7\u00f5es de al\u00edquotas seguem vigentes para ve\u00edculos de carga, transporte coletivo e utilit\u00e1rios, incluindo diminui\u00e7\u00e3o de at\u00e9 50% na base de c\u00e1lculo para caminh\u00f5es, \u00f4nibus e motorhomes, medida que contribui para a competitividade econ\u00f4mica e para a manuten\u00e7\u00e3o do equil\u00edbrio fiscal.<\/p>\n\n\n\n<p>Mais informa\u00e7\u00f5es e acesso aos servi\u00e7os do IPVA est\u00e3o dispon\u00edveis no site oficial da Secretaria de Estado de Fazenda:&nbsp;<a href=\"http:\/\/www.sefaz.ms.gov.br\/ipva\">www.sefaz.ms.gov.br\/ipva<\/a>.<\/p>\n\n\n\n<p><br><\/p>\n","protected":false},"excerpt":{"rendered":"<p>Comunica\u00e7\u00e3o Sefaz Os propriet\u00e1rios de ve\u00edculos em Mato Grosso do Sul que optaram pelo parcelamento do IPVA 2026 t\u00eam at\u00e9 o dia 30 de abril (quinta-feira) para efetuar o pagamento da quarta parcela do imposto. O cumprimento do prazo \u00e9 essencial para evitar a incid\u00eancia de juros e multas, al\u00e9m de garantir a regularidade do [&hellip;]<\/p>\n","protected":false},"author":2,"featured_media":4923,"comment_status":"open","ping_status":"open","sticky":false,"template":"","format":"standard","meta":{"footnotes":""},"categories":[10,2],"tags":[],"class_list":["post-4922","post","type-post","status-publish","format-standard","has-post-thumbnail","hentry","category-economia","category-destaque"],"yoast_head":"<!-- This site is optimized with the Yoast SEO plugin v27.1.1 - https:\/\/yoast.com\/product\/yoast-seo-wordpress\/ -->\n<title>Propriet\u00e1rios de ve\u00edculos t\u00eam at\u00e9 o dia 30 de abril para pagar quarta parcela do IPVA - O PROGRESSO<\/title>\n<meta name=\"robots\" content=\"index, follow, max-snippet:-1, max-image-preview:large, max-video-preview:-1\" \/>\n<link rel=\"canonical\" href=\"https:\/\/progresso.com.br\/index.php\/2026\/04\/28\/proprietarios-de-veiculos-tem-ate-o-dia-30-de-abril-para-pagar-quarta-parcela-do-ipva\/\" \/>\n<meta property=\"og:locale\" content=\"pt_BR\" \/>\n<meta property=\"og:type\" content=\"article\" \/>\n<meta property=\"og:title\" content=\"Propriet\u00e1rios de ve\u00edculos t\u00eam at\u00e9 o dia 30 de abril para pagar quarta parcela do IPVA - O PROGRESSO\" \/>\n<meta property=\"og:description\" content=\"Comunica\u00e7\u00e3o Sefaz Os propriet\u00e1rios de ve\u00edculos em Mato Grosso do Sul que optaram pelo parcelamento do IPVA 2026 t\u00eam at\u00e9 o dia 30 de abril (quinta-feira) para efetuar o pagamento da quarta parcela do imposto. O cumprimento do prazo \u00e9 essencial para evitar a incid\u00eancia de juros e multas, al\u00e9m de garantir a regularidade do [&hellip;]\" \/>\n<meta property=\"og:url\" content=\"https:\/\/progresso.com.br\/index.php\/2026\/04\/28\/proprietarios-de-veiculos-tem-ate-o-dia-30-de-abril-para-pagar-quarta-parcela-do-ipva\/\" \/>\n<meta property=\"og:site_name\" content=\"O PROGRESSO\" \/>\n<meta property=\"article:publisher\" content=\"https:\/\/www.facebook.com\/share\/1CeoksKBj6\/\" \/>\n<meta property=\"article:published_time\" content=\"2026-04-28T13:22:43+00:00\" \/>\n<meta property=\"og:image\" content=\"https:\/\/progresso.com.br\/wp-content\/uploads\/2026\/04\/Licenciamento-IPVA-Transito-Foto-Saul-Schramm-5-730x480-1.jpg\" \/>\n\t<meta property=\"og:image:width\" content=\"730\" \/>\n\t<meta property=\"og:image:height\" content=\"480\" \/>\n\t<meta property=\"og:image:type\" content=\"image\/jpeg\" \/>\n<meta name=\"author\" content=\"Rose\" \/>\n<meta name=\"twitter:card\" content=\"summary_large_image\" \/>\n<meta name=\"twitter:label1\" content=\"Escrito por\" \/>\n\t<meta name=\"twitter:data1\" content=\"Rose\" \/>\n\t<meta name=\"twitter:label2\" content=\"Est. tempo de leitura\" \/>\n\t<meta name=\"twitter:data2\" content=\"4 minutos\" \/>\n<script type=\"application\/ld+json\" class=\"yoast-schema-graph\">{\"@context\":\"https:\/\/schema.org\",\"@graph\":[{\"@type\":\"Article\",\"@id\":\"https:\/\/progresso.com.br\/index.php\/2026\/04\/28\/proprietarios-de-veiculos-tem-ate-o-dia-30-de-abril-para-pagar-quarta-parcela-do-ipva\/#article\",\"isPartOf\":{\"@id\":\"https:\/\/progresso.com.br\/index.php\/2026\/04\/28\/proprietarios-de-veiculos-tem-ate-o-dia-30-de-abril-para-pagar-quarta-parcela-do-ipva\/\"},\"author\":{\"name\":\"Rose\",\"@id\":\"https:\/\/progresso.com.br\/#\/schema\/person\/5dd27138d4463fbbaace62120bfc002b\"},\"headline\":\"Propriet\u00e1rios de ve\u00edculos t\u00eam at\u00e9 o dia 30 de abril para pagar quarta parcela do IPVA\",\"datePublished\":\"2026-04-28T13:22:43+00:00\",\"mainEntityOfPage\":{\"@id\":\"https:\/\/progresso.com.br\/index.php\/2026\/04\/28\/proprietarios-de-veiculos-tem-ate-o-dia-30-de-abril-para-pagar-quarta-parcela-do-ipva\/\"},\"wordCount\":610,\"commentCount\":0,\"publisher\":{\"@id\":\"https:\/\/progresso.com.br\/#organization\"},\"image\":{\"@id\":\"https:\/\/progresso.com.br\/index.php\/2026\/04\/28\/proprietarios-de-veiculos-tem-ate-o-dia-30-de-abril-para-pagar-quarta-parcela-do-ipva\/#primaryimage\"},\"thumbnailUrl\":\"https:\/\/progresso.com.br\/wp-content\/uploads\/2026\/04\/Licenciamento-IPVA-Transito-Foto-Saul-Schramm-5-730x480-1.jpg\",\"articleSection\":[\"Economia\",\"Em destaque\"],\"inLanguage\":\"pt-BR\",\"potentialAction\":[{\"@type\":\"CommentAction\",\"name\":\"Comment\",\"target\":[\"https:\/\/progresso.com.br\/index.php\/2026\/04\/28\/proprietarios-de-veiculos-tem-ate-o-dia-30-de-abril-para-pagar-quarta-parcela-do-ipva\/#respond\"]}]},{\"@type\":\"WebPage\",\"@id\":\"https:\/\/progresso.com.br\/index.php\/2026\/04\/28\/proprietarios-de-veiculos-tem-ate-o-dia-30-de-abril-para-pagar-quarta-parcela-do-ipva\/\",\"url\":\"https:\/\/progresso.com.br\/index.php\/2026\/04\/28\/proprietarios-de-veiculos-tem-ate-o-dia-30-de-abril-para-pagar-quarta-parcela-do-ipva\/\",\"name\":\"Propriet\u00e1rios de ve\u00edculos t\u00eam at\u00e9 o dia 30 de abril para pagar quarta parcela do IPVA - O PROGRESSO\",\"isPartOf\":{\"@id\":\"https:\/\/progresso.com.br\/#website\"},\"primaryImageOfPage\":{\"@id\":\"https:\/\/progresso.com.br\/index.php\/2026\/04\/28\/proprietarios-de-veiculos-tem-ate-o-dia-30-de-abril-para-pagar-quarta-parcela-do-ipva\/#primaryimage\"},\"image\":{\"@id\":\"https:\/\/progresso.com.br\/index.php\/2026\/04\/28\/proprietarios-de-veiculos-tem-ate-o-dia-30-de-abril-para-pagar-quarta-parcela-do-ipva\/#primaryimage\"},\"thumbnailUrl\":\"https:\/\/progresso.com.br\/wp-content\/uploads\/2026\/04\/Licenciamento-IPVA-Transito-Foto-Saul-Schramm-5-730x480-1.jpg\",\"datePublished\":\"2026-04-28T13:22:43+00:00\",\"breadcrumb\":{\"@id\":\"https:\/\/progresso.com.br\/index.php\/2026\/04\/28\/proprietarios-de-veiculos-tem-ate-o-dia-30-de-abril-para-pagar-quarta-parcela-do-ipva\/#breadcrumb\"},\"inLanguage\":\"pt-BR\",\"potentialAction\":[{\"@type\":\"ReadAction\",\"target\":[\"https:\/\/progresso.com.br\/index.php\/2026\/04\/28\/proprietarios-de-veiculos-tem-ate-o-dia-30-de-abril-para-pagar-quarta-parcela-do-ipva\/\"]}]},{\"@type\":\"ImageObject\",\"inLanguage\":\"pt-BR\",\"@id\":\"https:\/\/progresso.com.br\/index.php\/2026\/04\/28\/proprietarios-de-veiculos-tem-ate-o-dia-30-de-abril-para-pagar-quarta-parcela-do-ipva\/#primaryimage\",\"url\":\"https:\/\/progresso.com.br\/wp-content\/uploads\/2026\/04\/Licenciamento-IPVA-Transito-Foto-Saul-Schramm-5-730x480-1.jpg\",\"contentUrl\":\"https:\/\/progresso.com.br\/wp-content\/uploads\/2026\/04\/Licenciamento-IPVA-Transito-Foto-Saul-Schramm-5-730x480-1.jpg\",\"width\":730,\"height\":480,\"caption\":\"(Foto: Saul Schramm\/Secom\/Arquivo)\"},{\"@type\":\"BreadcrumbList\",\"@id\":\"https:\/\/progresso.com.br\/index.php\/2026\/04\/28\/proprietarios-de-veiculos-tem-ate-o-dia-30-de-abril-para-pagar-quarta-parcela-do-ipva\/#breadcrumb\",\"itemListElement\":[{\"@type\":\"ListItem\",\"position\":1,\"name\":\"In\u00edcio\",\"item\":\"https:\/\/progresso.com.br\/\"},{\"@type\":\"ListItem\",\"position\":2,\"name\":\"Propriet\u00e1rios de ve\u00edculos t\u00eam at\u00e9 o dia 30 de abril para pagar quarta parcela do IPVA\"}]},{\"@type\":\"WebSite\",\"@id\":\"https:\/\/progresso.com.br\/#website\",\"url\":\"https:\/\/progresso.com.br\/\",\"name\":\"O PROGRESSO\",\"description\":\"\",\"publisher\":{\"@id\":\"https:\/\/progresso.com.br\/#organization\"},\"potentialAction\":[{\"@type\":\"SearchAction\",\"target\":{\"@type\":\"EntryPoint\",\"urlTemplate\":\"https:\/\/progresso.com.br\/?s={search_term_string}\"},\"query-input\":{\"@type\":\"PropertyValueSpecification\",\"valueRequired\":true,\"valueName\":\"search_term_string\"}}],\"inLanguage\":\"pt-BR\"},{\"@type\":\"Organization\",\"@id\":\"https:\/\/progresso.com.br\/#organization\",\"name\":\"O PROGRESSO\",\"url\":\"https:\/\/progresso.com.br\/\",\"logo\":{\"@type\":\"ImageObject\",\"inLanguage\":\"pt-BR\",\"@id\":\"https:\/\/progresso.com.br\/#\/schema\/logo\/image\/\",\"url\":\"https:\/\/progresso.com.br\/wp-content\/uploads\/2026\/03\/logo_proog.jpg\",\"contentUrl\":\"https:\/\/progresso.com.br\/wp-content\/uploads\/2026\/03\/logo_proog.jpg\",\"width\":1960,\"height\":1080,\"caption\":\"O PROGRESSO\"},\"image\":{\"@id\":\"https:\/\/progresso.com.br\/#\/schema\/logo\/image\/\"},\"sameAs\":[\"https:\/\/www.facebook.com\/share\/1CeoksKBj6\/\",\"https:\/\/www.instagram.com\/oprogresso_digital\"]},{\"@type\":\"Person\",\"@id\":\"https:\/\/progresso.com.br\/#\/schema\/person\/5dd27138d4463fbbaace62120bfc002b\",\"name\":\"Rose\",\"image\":{\"@type\":\"ImageObject\",\"inLanguage\":\"pt-BR\",\"@id\":\"https:\/\/progresso.com.br\/#\/schema\/person\/image\/\",\"url\":\"https:\/\/secure.gravatar.com\/avatar\/1b6890e759cdd3a88d9f751cb423720b9861c5239167cd3586355638b6556599?s=96&d=mm&r=g\",\"contentUrl\":\"https:\/\/secure.gravatar.com\/avatar\/1b6890e759cdd3a88d9f751cb423720b9861c5239167cd3586355638b6556599?s=96&d=mm&r=g\",\"caption\":\"Rose\"},\"url\":\"https:\/\/progresso.com.br\/index.php\/author\/rose\/\"}]}<\/script>\n<!-- \/ Yoast SEO plugin. -->","yoast_head_json":{"title":"Propriet\u00e1rios de ve\u00edculos t\u00eam at\u00e9 o dia 30 de abril para pagar quarta parcela do IPVA - O PROGRESSO","robots":{"index":"index","follow":"follow","max-snippet":"max-snippet:-1","max-image-preview":"max-image-preview:large","max-video-preview":"max-video-preview:-1"},"canonical":"https:\/\/progresso.com.br\/index.php\/2026\/04\/28\/proprietarios-de-veiculos-tem-ate-o-dia-30-de-abril-para-pagar-quarta-parcela-do-ipva\/","og_locale":"pt_BR","og_type":"article","og_title":"Propriet\u00e1rios de ve\u00edculos t\u00eam at\u00e9 o dia 30 de abril para pagar quarta parcela do IPVA - O PROGRESSO","og_description":"Comunica\u00e7\u00e3o Sefaz Os propriet\u00e1rios de ve\u00edculos em Mato Grosso do Sul que optaram pelo parcelamento do IPVA 2026 t\u00eam at\u00e9 o dia 30 de abril (quinta-feira) para efetuar o pagamento da quarta parcela do imposto. O cumprimento do prazo \u00e9 essencial para evitar a incid\u00eancia de juros e multas, al\u00e9m de garantir a regularidade do [&hellip;]","og_url":"https:\/\/progresso.com.br\/index.php\/2026\/04\/28\/proprietarios-de-veiculos-tem-ate-o-dia-30-de-abril-para-pagar-quarta-parcela-do-ipva\/","og_site_name":"O PROGRESSO","article_publisher":"https:\/\/www.facebook.com\/share\/1CeoksKBj6\/","article_published_time":"2026-04-28T13:22:43+00:00","og_image":[{"width":730,"height":480,"url":"https:\/\/progresso.com.br\/wp-content\/uploads\/2026\/04\/Licenciamento-IPVA-Transito-Foto-Saul-Schramm-5-730x480-1.jpg","type":"image\/jpeg"}],"author":"Rose","twitter_card":"summary_large_image","twitter_misc":{"Escrito por":"Rose","Est. tempo de leitura":"4 minutos"},"schema":{"@context":"https:\/\/schema.org","@graph":[{"@type":"Article","@id":"https:\/\/progresso.com.br\/index.php\/2026\/04\/28\/proprietarios-de-veiculos-tem-ate-o-dia-30-de-abril-para-pagar-quarta-parcela-do-ipva\/#article","isPartOf":{"@id":"https:\/\/progresso.com.br\/index.php\/2026\/04\/28\/proprietarios-de-veiculos-tem-ate-o-dia-30-de-abril-para-pagar-quarta-parcela-do-ipva\/"},"author":{"name":"Rose","@id":"https:\/\/progresso.com.br\/#\/schema\/person\/5dd27138d4463fbbaace62120bfc002b"},"headline":"Propriet\u00e1rios de ve\u00edculos t\u00eam at\u00e9 o dia 30 de abril para pagar quarta parcela do IPVA","datePublished":"2026-04-28T13:22:43+00:00","mainEntityOfPage":{"@id":"https:\/\/progresso.com.br\/index.php\/2026\/04\/28\/proprietarios-de-veiculos-tem-ate-o-dia-30-de-abril-para-pagar-quarta-parcela-do-ipva\/"},"wordCount":610,"commentCount":0,"publisher":{"@id":"https:\/\/progresso.com.br\/#organization"},"image":{"@id":"https:\/\/progresso.com.br\/index.php\/2026\/04\/28\/proprietarios-de-veiculos-tem-ate-o-dia-30-de-abril-para-pagar-quarta-parcela-do-ipva\/#primaryimage"},"thumbnailUrl":"https:\/\/progresso.com.br\/wp-content\/uploads\/2026\/04\/Licenciamento-IPVA-Transito-Foto-Saul-Schramm-5-730x480-1.jpg","articleSection":["Economia","Em destaque"],"inLanguage":"pt-BR","potentialAction":[{"@type":"CommentAction","name":"Comment","target":["https:\/\/progresso.com.br\/index.php\/2026\/04\/28\/proprietarios-de-veiculos-tem-ate-o-dia-30-de-abril-para-pagar-quarta-parcela-do-ipva\/#respond"]}]},{"@type":"WebPage","@id":"https:\/\/progresso.com.br\/index.php\/2026\/04\/28\/proprietarios-de-veiculos-tem-ate-o-dia-30-de-abril-para-pagar-quarta-parcela-do-ipva\/","url":"https:\/\/progresso.com.br\/index.php\/2026\/04\/28\/proprietarios-de-veiculos-tem-ate-o-dia-30-de-abril-para-pagar-quarta-parcela-do-ipva\/","name":"Propriet\u00e1rios de ve\u00edculos t\u00eam at\u00e9 o dia 30 de abril para pagar quarta parcela do IPVA - O PROGRESSO","isPartOf":{"@id":"https:\/\/progresso.com.br\/#website"},"primaryImageOfPage":{"@id":"https:\/\/progresso.com.br\/index.php\/2026\/04\/28\/proprietarios-de-veiculos-tem-ate-o-dia-30-de-abril-para-pagar-quarta-parcela-do-ipva\/#primaryimage"},"image":{"@id":"https:\/\/progresso.com.br\/index.php\/2026\/04\/28\/proprietarios-de-veiculos-tem-ate-o-dia-30-de-abril-para-pagar-quarta-parcela-do-ipva\/#primaryimage"},"thumbnailUrl":"https:\/\/progresso.com.br\/wp-content\/uploads\/2026\/04\/Licenciamento-IPVA-Transito-Foto-Saul-Schramm-5-730x480-1.jpg","datePublished":"2026-04-28T13:22:43+00:00","breadcrumb":{"@id":"https:\/\/progresso.com.br\/index.php\/2026\/04\/28\/proprietarios-de-veiculos-tem-ate-o-dia-30-de-abril-para-pagar-quarta-parcela-do-ipva\/#breadcrumb"},"inLanguage":"pt-BR","potentialAction":[{"@type":"ReadAction","target":["https:\/\/progresso.com.br\/index.php\/2026\/04\/28\/proprietarios-de-veiculos-tem-ate-o-dia-30-de-abril-para-pagar-quarta-parcela-do-ipva\/"]}]},{"@type":"ImageObject","inLanguage":"pt-BR","@id":"https:\/\/progresso.com.br\/index.php\/2026\/04\/28\/proprietarios-de-veiculos-tem-ate-o-dia-30-de-abril-para-pagar-quarta-parcela-do-ipva\/#primaryimage","url":"https:\/\/progresso.com.br\/wp-content\/uploads\/2026\/04\/Licenciamento-IPVA-Transito-Foto-Saul-Schramm-5-730x480-1.jpg","contentUrl":"https:\/\/progresso.com.br\/wp-content\/uploads\/2026\/04\/Licenciamento-IPVA-Transito-Foto-Saul-Schramm-5-730x480-1.jpg","width":730,"height":480,"caption":"(Foto: Saul Schramm\/Secom\/Arquivo)"},{"@type":"BreadcrumbList","@id":"https:\/\/progresso.com.br\/index.php\/2026\/04\/28\/proprietarios-de-veiculos-tem-ate-o-dia-30-de-abril-para-pagar-quarta-parcela-do-ipva\/#breadcrumb","itemListElement":[{"@type":"ListItem","position":1,"name":"In\u00edcio","item":"https:\/\/progresso.com.br\/"},{"@type":"ListItem","position":2,"name":"Propriet\u00e1rios de ve\u00edculos t\u00eam at\u00e9 o dia 30 de abril para pagar quarta parcela do IPVA"}]},{"@type":"WebSite","@id":"https:\/\/progresso.com.br\/#website","url":"https:\/\/progresso.com.br\/","name":"O PROGRESSO","description":"","publisher":{"@id":"https:\/\/progresso.com.br\/#organization"},"potentialAction":[{"@type":"SearchAction","target":{"@type":"EntryPoint","urlTemplate":"https:\/\/progresso.com.br\/?s={search_term_string}"},"query-input":{"@type":"PropertyValueSpecification","valueRequired":true,"valueName":"search_term_string"}}],"inLanguage":"pt-BR"},{"@type":"Organization","@id":"https:\/\/progresso.com.br\/#organization","name":"O PROGRESSO","url":"https:\/\/progresso.com.br\/","logo":{"@type":"ImageObject","inLanguage":"pt-BR","@id":"https:\/\/progresso.com.br\/#\/schema\/logo\/image\/","url":"https:\/\/progresso.com.br\/wp-content\/uploads\/2026\/03\/logo_proog.jpg","contentUrl":"https:\/\/progresso.com.br\/wp-content\/uploads\/2026\/03\/logo_proog.jpg","width":1960,"height":1080,"caption":"O PROGRESSO"},"image":{"@id":"https:\/\/progresso.com.br\/#\/schema\/logo\/image\/"},"sameAs":["https:\/\/www.facebook.com\/share\/1CeoksKBj6\/","https:\/\/www.instagram.com\/oprogresso_digital"]},{"@type":"Person","@id":"https:\/\/progresso.com.br\/#\/schema\/person\/5dd27138d4463fbbaace62120bfc002b","name":"Rose","image":{"@type":"ImageObject","inLanguage":"pt-BR","@id":"https:\/\/progresso.com.br\/#\/schema\/person\/image\/","url":"https:\/\/secure.gravatar.com\/avatar\/1b6890e759cdd3a88d9f751cb423720b9861c5239167cd3586355638b6556599?s=96&d=mm&r=g","contentUrl":"https:\/\/secure.gravatar.com\/avatar\/1b6890e759cdd3a88d9f751cb423720b9861c5239167cd3586355638b6556599?s=96&d=mm&r=g","caption":"Rose"},"url":"https:\/\/progresso.com.br\/index.php\/author\/rose\/"}]}},"_links":{"self":[{"href":"https:\/\/progresso.com.br\/index.php\/wp-json\/wp\/v2\/posts\/4922","targetHints":{"allow":["GET"]}}],"collection":[{"href":"https:\/\/progresso.com.br\/index.php\/wp-json\/wp\/v2\/posts"}],"about":[{"href":"https:\/\/progresso.com.br\/index.php\/wp-json\/wp\/v2\/types\/post"}],"author":[{"embeddable":true,"href":"https:\/\/progresso.com.br\/index.php\/wp-json\/wp\/v2\/users\/2"}],"replies":[{"embeddable":true,"href":"https:\/\/progresso.com.br\/index.php\/wp-json\/wp\/v2\/comments?post=4922"}],"version-history":[{"count":1,"href":"https:\/\/progresso.com.br\/index.php\/wp-json\/wp\/v2\/posts\/4922\/revisions"}],"predecessor-version":[{"id":4924,"href":"https:\/\/progresso.com.br\/index.php\/wp-json\/wp\/v2\/posts\/4922\/revisions\/4924"}],"wp:featuredmedia":[{"embeddable":true,"href":"https:\/\/progresso.com.br\/index.php\/wp-json\/wp\/v2\/media\/4923"}],"wp:attachment":[{"href":"https:\/\/progresso.com.br\/index.php\/wp-json\/wp\/v2\/media?parent=4922"}],"wp:term":[{"taxonomy":"category","embeddable":true,"href":"https:\/\/progresso.com.br\/index.php\/wp-json\/wp\/v2\/categories?post=4922"},{"taxonomy":"post_tag","embeddable":true,"href":"https:\/\/progresso.com.br\/index.php\/wp-json\/wp\/v2\/tags?post=4922"}],"curies":[{"name":"wp","href":"https:\/\/api.w.org\/{rel}","templated":true}]}}