{"id":4925,"date":"2026-04-28T09:35:05","date_gmt":"2026-04-28T13:35:05","guid":{"rendered":"https:\/\/progresso.com.br\/?p=4925"},"modified":"2026-04-28T09:35:07","modified_gmt":"2026-04-28T13:35:07","slug":"editais-destinam-r-1-milhao-ao-audiovisual-de-ms","status":"publish","type":"post","link":"https:\/\/progresso.com.br\/index.php\/2026\/04\/28\/editais-destinam-r-1-milhao-ao-audiovisual-de-ms\/","title":{"rendered":"Editais destinam R$ 1 milh\u00e3o ao audiovisual de MS"},"content":{"rendered":"\n<p><em>Comunica\u00e7\u00e3o Setesc<\/em><\/p>\n\n\n\n<p>A Funda\u00e7\u00e3o de Cultura de Mato Grosso do Sul (FCMS) lan\u00e7ou tr\u00eas editais, com recursos da Pol\u00edtica Nacional Aldir Blanc (PNAB), que somam R$ 1 milh\u00e3o para fortalecer o setor audiovisual no Estado, abrangendo produ\u00e7\u00e3o, difus\u00e3o e participa\u00e7\u00e3o em festivais. As inscri\u00e7\u00f5es seguem abertas at\u00e9 19 de maio, exclusivamente pela internet.<\/p>\n\n\n\n<p>Um dos editais prev\u00ea R$ 100 mil para licenciamento de 30 obras audiovisuais finalizadas a partir de 2023, que ser\u00e3o exibidas em projetos como o Rota Cine, mostras do Museu da Imagem e do Som (MIS) e na TV Educativa. Os selecionados receber\u00e3o at\u00e9 R$ 5 mil, conforme a categoria, e dever\u00e3o oferecer contrapartidas culturais gratuitas ao p\u00fablico.<\/p>\n\n\n\n<p>Outro edital destina R$ 500 mil para a produ\u00e7\u00e3o de cinco curtas de anima\u00e7\u00e3o in\u00e9ditos, com at\u00e9 R$ 100 mil por projeto. As propostas devem incluir a\u00e7\u00f5es formativas gratuitas na \u00e1rea audiovisual, al\u00e9m de medidas de acessibilidade e exibi\u00e7\u00f5es p\u00fablicas, com reserva de vagas para pessoas negras, ind\u00edgenas e com defici\u00eancia.<\/p>\n\n\n\n<p>J\u00e1 a terceira chamada p\u00fablica disponibiliza R$ 400 mil para apoiar a participa\u00e7\u00e3o de produ\u00e7\u00f5es sul-mato-grossenses em festivais e mostras no Brasil e no exterior. Os valores variam entre R$ 10 mil e R$ 40 mil, conforme o destino, visando ampliar a circula\u00e7\u00e3o e o interc\u00e2mbio cultural das obras.<\/p>\n\n\n\n<p>Os tr\u00eas editais s\u00e3o voltados a agentes culturais com atua\u00e7\u00e3o comprovada de pelo menos dois anos no Estado e seguem cronograma unificado, com resultado final previsto para julho de 2026.<\/p>\n\n\n\n<ul class=\"wp-block-list\">\n<li><a href=\"https:\/\/agenciadenoticias.ms.gov.br\/wp-content\/uploads\/2026\/04\/Edital-Audiovisual.pdf\">EDITAL AUDIOVISUAL<\/a><br>&#8211;<\/li>\n\n\n\n<li><a href=\"https:\/\/agenciadenoticias.ms.gov.br\/wp-content\/uploads\/2026\/04\/EDITAL-DE-ANIMACAO.pdf\">EDITAL ANIMA\u00c7\u00c3O<\/a><br>&#8211;<\/li>\n\n\n\n<li><a href=\"https:\/\/agenciadenoticias.ms.gov.br\/wp-content\/uploads\/2026\/04\/EDITAL-PARTICIPACAO-EM-FESTIVAIS.pdf\">EDITAL FESTIVAIS<\/a><\/li>\n<\/ul>\n\n\n\n<p><\/p>\n","protected":false},"excerpt":{"rendered":"<p>Comunica\u00e7\u00e3o Setesc A Funda\u00e7\u00e3o de Cultura de Mato Grosso do Sul (FCMS) lan\u00e7ou tr\u00eas editais, com recursos da Pol\u00edtica Nacional Aldir Blanc (PNAB), que somam R$ 1 milh\u00e3o para fortalecer o setor audiovisual no Estado, abrangendo produ\u00e7\u00e3o, difus\u00e3o e participa\u00e7\u00e3o em festivais. As inscri\u00e7\u00f5es seguem abertas at\u00e9 19 de maio, exclusivamente pela internet. Um dos [&hellip;]<\/p>\n","protected":false},"author":2,"featured_media":4926,"comment_status":"open","ping_status":"open","sticky":false,"template":"","format":"standard","meta":{"footnotes":""},"categories":[19,2],"tags":[],"class_list":["post-4925","post","type-post","status-publish","format-standard","has-post-thumbnail","hentry","category-cultura","category-destaque"],"yoast_head":"<!-- This site is optimized with the Yoast SEO plugin v27.1.1 - https:\/\/yoast.com\/product\/yoast-seo-wordpress\/ -->\n<title>Editais destinam R$ 1 milh\u00e3o ao audiovisual de MS - O PROGRESSO<\/title>\n<meta name=\"robots\" content=\"index, follow, max-snippet:-1, max-image-preview:large, max-video-preview:-1\" \/>\n<link rel=\"canonical\" href=\"https:\/\/progresso.com.br\/index.php\/2026\/04\/28\/editais-destinam-r-1-milhao-ao-audiovisual-de-ms\/\" \/>\n<meta property=\"og:locale\" content=\"pt_BR\" \/>\n<meta property=\"og:type\" content=\"article\" \/>\n<meta property=\"og:title\" content=\"Editais destinam R$ 1 milh\u00e3o ao audiovisual de MS - O PROGRESSO\" \/>\n<meta property=\"og:description\" content=\"Comunica\u00e7\u00e3o Setesc A Funda\u00e7\u00e3o de Cultura de Mato Grosso do Sul (FCMS) lan\u00e7ou tr\u00eas editais, com recursos da Pol\u00edtica Nacional Aldir Blanc (PNAB), que somam R$ 1 milh\u00e3o para fortalecer o setor audiovisual no Estado, abrangendo produ\u00e7\u00e3o, difus\u00e3o e participa\u00e7\u00e3o em festivais. As inscri\u00e7\u00f5es seguem abertas at\u00e9 19 de maio, exclusivamente pela internet. Um dos [&hellip;]\" \/>\n<meta property=\"og:url\" content=\"https:\/\/progresso.com.br\/index.php\/2026\/04\/28\/editais-destinam-r-1-milhao-ao-audiovisual-de-ms\/\" \/>\n<meta property=\"og:site_name\" content=\"O PROGRESSO\" \/>\n<meta property=\"article:publisher\" content=\"https:\/\/www.facebook.com\/share\/1CeoksKBj6\/\" \/>\n<meta property=\"article:published_time\" content=\"2026-04-28T13:35:05+00:00\" \/>\n<meta property=\"article:modified_time\" content=\"2026-04-28T13:35:07+00:00\" \/>\n<meta property=\"og:image\" content=\"https:\/\/progresso.com.br\/wp-content\/uploads\/2026\/04\/audiovisual-Joao-Paulo-730x480-1.jpeg\" \/>\n\t<meta property=\"og:image:width\" content=\"730\" \/>\n\t<meta property=\"og:image:height\" content=\"480\" \/>\n\t<meta property=\"og:image:type\" content=\"image\/jpeg\" \/>\n<meta name=\"author\" content=\"Rose\" \/>\n<meta name=\"twitter:card\" content=\"summary_large_image\" \/>\n<meta name=\"twitter:label1\" content=\"Escrito por\" \/>\n\t<meta name=\"twitter:data1\" content=\"Rose\" \/>\n\t<meta name=\"twitter:label2\" content=\"Est. tempo de leitura\" \/>\n\t<meta name=\"twitter:data2\" content=\"2 minutos\" \/>\n<script type=\"application\/ld+json\" class=\"yoast-schema-graph\">{\"@context\":\"https:\/\/schema.org\",\"@graph\":[{\"@type\":\"Article\",\"@id\":\"https:\/\/progresso.com.br\/index.php\/2026\/04\/28\/editais-destinam-r-1-milhao-ao-audiovisual-de-ms\/#article\",\"isPartOf\":{\"@id\":\"https:\/\/progresso.com.br\/index.php\/2026\/04\/28\/editais-destinam-r-1-milhao-ao-audiovisual-de-ms\/\"},\"author\":{\"name\":\"Rose\",\"@id\":\"https:\/\/progresso.com.br\/#\/schema\/person\/5dd27138d4463fbbaace62120bfc002b\"},\"headline\":\"Editais destinam R$ 1 milh\u00e3o ao audiovisual de MS\",\"datePublished\":\"2026-04-28T13:35:05+00:00\",\"dateModified\":\"2026-04-28T13:35:07+00:00\",\"mainEntityOfPage\":{\"@id\":\"https:\/\/progresso.com.br\/index.php\/2026\/04\/28\/editais-destinam-r-1-milhao-ao-audiovisual-de-ms\/\"},\"wordCount\":278,\"commentCount\":0,\"publisher\":{\"@id\":\"https:\/\/progresso.com.br\/#organization\"},\"image\":{\"@id\":\"https:\/\/progresso.com.br\/index.php\/2026\/04\/28\/editais-destinam-r-1-milhao-ao-audiovisual-de-ms\/#primaryimage\"},\"thumbnailUrl\":\"https:\/\/progresso.com.br\/wp-content\/uploads\/2026\/04\/audiovisual-Joao-Paulo-730x480-1.jpeg\",\"articleSection\":[\"Cultura\",\"Em destaque\"],\"inLanguage\":\"pt-BR\",\"potentialAction\":[{\"@type\":\"CommentAction\",\"name\":\"Comment\",\"target\":[\"https:\/\/progresso.com.br\/index.php\/2026\/04\/28\/editais-destinam-r-1-milhao-ao-audiovisual-de-ms\/#respond\"]}]},{\"@type\":\"WebPage\",\"@id\":\"https:\/\/progresso.com.br\/index.php\/2026\/04\/28\/editais-destinam-r-1-milhao-ao-audiovisual-de-ms\/\",\"url\":\"https:\/\/progresso.com.br\/index.php\/2026\/04\/28\/editais-destinam-r-1-milhao-ao-audiovisual-de-ms\/\",\"name\":\"Editais destinam R$ 1 milh\u00e3o ao audiovisual de MS - O PROGRESSO\",\"isPartOf\":{\"@id\":\"https:\/\/progresso.com.br\/#website\"},\"primaryImageOfPage\":{\"@id\":\"https:\/\/progresso.com.br\/index.php\/2026\/04\/28\/editais-destinam-r-1-milhao-ao-audiovisual-de-ms\/#primaryimage\"},\"image\":{\"@id\":\"https:\/\/progresso.com.br\/index.php\/2026\/04\/28\/editais-destinam-r-1-milhao-ao-audiovisual-de-ms\/#primaryimage\"},\"thumbnailUrl\":\"https:\/\/progresso.com.br\/wp-content\/uploads\/2026\/04\/audiovisual-Joao-Paulo-730x480-1.jpeg\",\"datePublished\":\"2026-04-28T13:35:05+00:00\",\"dateModified\":\"2026-04-28T13:35:07+00:00\",\"breadcrumb\":{\"@id\":\"https:\/\/progresso.com.br\/index.php\/2026\/04\/28\/editais-destinam-r-1-milhao-ao-audiovisual-de-ms\/#breadcrumb\"},\"inLanguage\":\"pt-BR\",\"potentialAction\":[{\"@type\":\"ReadAction\",\"target\":[\"https:\/\/progresso.com.br\/index.php\/2026\/04\/28\/editais-destinam-r-1-milhao-ao-audiovisual-de-ms\/\"]}]},{\"@type\":\"ImageObject\",\"inLanguage\":\"pt-BR\",\"@id\":\"https:\/\/progresso.com.br\/index.php\/2026\/04\/28\/editais-destinam-r-1-milhao-ao-audiovisual-de-ms\/#primaryimage\",\"url\":\"https:\/\/progresso.com.br\/wp-content\/uploads\/2026\/04\/audiovisual-Joao-Paulo-730x480-1.jpeg\",\"contentUrl\":\"https:\/\/progresso.com.br\/wp-content\/uploads\/2026\/04\/audiovisual-Joao-Paulo-730x480-1.jpeg\",\"width\":730,\"height\":480,\"caption\":\"(Foto: Jo\u00e3o Paulo\/FCMS)\"},{\"@type\":\"BreadcrumbList\",\"@id\":\"https:\/\/progresso.com.br\/index.php\/2026\/04\/28\/editais-destinam-r-1-milhao-ao-audiovisual-de-ms\/#breadcrumb\",\"itemListElement\":[{\"@type\":\"ListItem\",\"position\":1,\"name\":\"In\u00edcio\",\"item\":\"https:\/\/progresso.com.br\/\"},{\"@type\":\"ListItem\",\"position\":2,\"name\":\"Editais destinam R$ 1 milh\u00e3o ao audiovisual de MS\"}]},{\"@type\":\"WebSite\",\"@id\":\"https:\/\/progresso.com.br\/#website\",\"url\":\"https:\/\/progresso.com.br\/\",\"name\":\"O PROGRESSO\",\"description\":\"\",\"publisher\":{\"@id\":\"https:\/\/progresso.com.br\/#organization\"},\"potentialAction\":[{\"@type\":\"SearchAction\",\"target\":{\"@type\":\"EntryPoint\",\"urlTemplate\":\"https:\/\/progresso.com.br\/?s={search_term_string}\"},\"query-input\":{\"@type\":\"PropertyValueSpecification\",\"valueRequired\":true,\"valueName\":\"search_term_string\"}}],\"inLanguage\":\"pt-BR\"},{\"@type\":\"Organization\",\"@id\":\"https:\/\/progresso.com.br\/#organization\",\"name\":\"O PROGRESSO\",\"url\":\"https:\/\/progresso.com.br\/\",\"logo\":{\"@type\":\"ImageObject\",\"inLanguage\":\"pt-BR\",\"@id\":\"https:\/\/progresso.com.br\/#\/schema\/logo\/image\/\",\"url\":\"https:\/\/progresso.com.br\/wp-content\/uploads\/2026\/03\/logo_proog.jpg\",\"contentUrl\":\"https:\/\/progresso.com.br\/wp-content\/uploads\/2026\/03\/logo_proog.jpg\",\"width\":1960,\"height\":1080,\"caption\":\"O PROGRESSO\"},\"image\":{\"@id\":\"https:\/\/progresso.com.br\/#\/schema\/logo\/image\/\"},\"sameAs\":[\"https:\/\/www.facebook.com\/share\/1CeoksKBj6\/\",\"https:\/\/www.instagram.com\/oprogresso_digital\"]},{\"@type\":\"Person\",\"@id\":\"https:\/\/progresso.com.br\/#\/schema\/person\/5dd27138d4463fbbaace62120bfc002b\",\"name\":\"Rose\",\"image\":{\"@type\":\"ImageObject\",\"inLanguage\":\"pt-BR\",\"@id\":\"https:\/\/progresso.com.br\/#\/schema\/person\/image\/\",\"url\":\"https:\/\/secure.gravatar.com\/avatar\/1b6890e759cdd3a88d9f751cb423720b9861c5239167cd3586355638b6556599?s=96&d=mm&r=g\",\"contentUrl\":\"https:\/\/secure.gravatar.com\/avatar\/1b6890e759cdd3a88d9f751cb423720b9861c5239167cd3586355638b6556599?s=96&d=mm&r=g\",\"caption\":\"Rose\"},\"url\":\"https:\/\/progresso.com.br\/index.php\/author\/rose\/\"}]}<\/script>\n<!-- \/ Yoast SEO plugin. -->","yoast_head_json":{"title":"Editais destinam R$ 1 milh\u00e3o ao audiovisual de MS - O PROGRESSO","robots":{"index":"index","follow":"follow","max-snippet":"max-snippet:-1","max-image-preview":"max-image-preview:large","max-video-preview":"max-video-preview:-1"},"canonical":"https:\/\/progresso.com.br\/index.php\/2026\/04\/28\/editais-destinam-r-1-milhao-ao-audiovisual-de-ms\/","og_locale":"pt_BR","og_type":"article","og_title":"Editais destinam R$ 1 milh\u00e3o ao audiovisual de MS - O PROGRESSO","og_description":"Comunica\u00e7\u00e3o Setesc A Funda\u00e7\u00e3o de Cultura de Mato Grosso do Sul (FCMS) lan\u00e7ou tr\u00eas editais, com recursos da Pol\u00edtica Nacional Aldir Blanc (PNAB), que somam R$ 1 milh\u00e3o para fortalecer o setor audiovisual no Estado, abrangendo produ\u00e7\u00e3o, difus\u00e3o e participa\u00e7\u00e3o em festivais. As inscri\u00e7\u00f5es seguem abertas at\u00e9 19 de maio, exclusivamente pela internet. Um dos [&hellip;]","og_url":"https:\/\/progresso.com.br\/index.php\/2026\/04\/28\/editais-destinam-r-1-milhao-ao-audiovisual-de-ms\/","og_site_name":"O PROGRESSO","article_publisher":"https:\/\/www.facebook.com\/share\/1CeoksKBj6\/","article_published_time":"2026-04-28T13:35:05+00:00","article_modified_time":"2026-04-28T13:35:07+00:00","og_image":[{"width":730,"height":480,"url":"https:\/\/progresso.com.br\/wp-content\/uploads\/2026\/04\/audiovisual-Joao-Paulo-730x480-1.jpeg","type":"image\/jpeg"}],"author":"Rose","twitter_card":"summary_large_image","twitter_misc":{"Escrito por":"Rose","Est. tempo de leitura":"2 minutos"},"schema":{"@context":"https:\/\/schema.org","@graph":[{"@type":"Article","@id":"https:\/\/progresso.com.br\/index.php\/2026\/04\/28\/editais-destinam-r-1-milhao-ao-audiovisual-de-ms\/#article","isPartOf":{"@id":"https:\/\/progresso.com.br\/index.php\/2026\/04\/28\/editais-destinam-r-1-milhao-ao-audiovisual-de-ms\/"},"author":{"name":"Rose","@id":"https:\/\/progresso.com.br\/#\/schema\/person\/5dd27138d4463fbbaace62120bfc002b"},"headline":"Editais destinam R$ 1 milh\u00e3o ao audiovisual de MS","datePublished":"2026-04-28T13:35:05+00:00","dateModified":"2026-04-28T13:35:07+00:00","mainEntityOfPage":{"@id":"https:\/\/progresso.com.br\/index.php\/2026\/04\/28\/editais-destinam-r-1-milhao-ao-audiovisual-de-ms\/"},"wordCount":278,"commentCount":0,"publisher":{"@id":"https:\/\/progresso.com.br\/#organization"},"image":{"@id":"https:\/\/progresso.com.br\/index.php\/2026\/04\/28\/editais-destinam-r-1-milhao-ao-audiovisual-de-ms\/#primaryimage"},"thumbnailUrl":"https:\/\/progresso.com.br\/wp-content\/uploads\/2026\/04\/audiovisual-Joao-Paulo-730x480-1.jpeg","articleSection":["Cultura","Em destaque"],"inLanguage":"pt-BR","potentialAction":[{"@type":"CommentAction","name":"Comment","target":["https:\/\/progresso.com.br\/index.php\/2026\/04\/28\/editais-destinam-r-1-milhao-ao-audiovisual-de-ms\/#respond"]}]},{"@type":"WebPage","@id":"https:\/\/progresso.com.br\/index.php\/2026\/04\/28\/editais-destinam-r-1-milhao-ao-audiovisual-de-ms\/","url":"https:\/\/progresso.com.br\/index.php\/2026\/04\/28\/editais-destinam-r-1-milhao-ao-audiovisual-de-ms\/","name":"Editais destinam R$ 1 milh\u00e3o ao audiovisual de MS - O PROGRESSO","isPartOf":{"@id":"https:\/\/progresso.com.br\/#website"},"primaryImageOfPage":{"@id":"https:\/\/progresso.com.br\/index.php\/2026\/04\/28\/editais-destinam-r-1-milhao-ao-audiovisual-de-ms\/#primaryimage"},"image":{"@id":"https:\/\/progresso.com.br\/index.php\/2026\/04\/28\/editais-destinam-r-1-milhao-ao-audiovisual-de-ms\/#primaryimage"},"thumbnailUrl":"https:\/\/progresso.com.br\/wp-content\/uploads\/2026\/04\/audiovisual-Joao-Paulo-730x480-1.jpeg","datePublished":"2026-04-28T13:35:05+00:00","dateModified":"2026-04-28T13:35:07+00:00","breadcrumb":{"@id":"https:\/\/progresso.com.br\/index.php\/2026\/04\/28\/editais-destinam-r-1-milhao-ao-audiovisual-de-ms\/#breadcrumb"},"inLanguage":"pt-BR","potentialAction":[{"@type":"ReadAction","target":["https:\/\/progresso.com.br\/index.php\/2026\/04\/28\/editais-destinam-r-1-milhao-ao-audiovisual-de-ms\/"]}]},{"@type":"ImageObject","inLanguage":"pt-BR","@id":"https:\/\/progresso.com.br\/index.php\/2026\/04\/28\/editais-destinam-r-1-milhao-ao-audiovisual-de-ms\/#primaryimage","url":"https:\/\/progresso.com.br\/wp-content\/uploads\/2026\/04\/audiovisual-Joao-Paulo-730x480-1.jpeg","contentUrl":"https:\/\/progresso.com.br\/wp-content\/uploads\/2026\/04\/audiovisual-Joao-Paulo-730x480-1.jpeg","width":730,"height":480,"caption":"(Foto: Jo\u00e3o Paulo\/FCMS)"},{"@type":"BreadcrumbList","@id":"https:\/\/progresso.com.br\/index.php\/2026\/04\/28\/editais-destinam-r-1-milhao-ao-audiovisual-de-ms\/#breadcrumb","itemListElement":[{"@type":"ListItem","position":1,"name":"In\u00edcio","item":"https:\/\/progresso.com.br\/"},{"@type":"ListItem","position":2,"name":"Editais destinam R$ 1 milh\u00e3o ao audiovisual de MS"}]},{"@type":"WebSite","@id":"https:\/\/progresso.com.br\/#website","url":"https:\/\/progresso.com.br\/","name":"O PROGRESSO","description":"","publisher":{"@id":"https:\/\/progresso.com.br\/#organization"},"potentialAction":[{"@type":"SearchAction","target":{"@type":"EntryPoint","urlTemplate":"https:\/\/progresso.com.br\/?s={search_term_string}"},"query-input":{"@type":"PropertyValueSpecification","valueRequired":true,"valueName":"search_term_string"}}],"inLanguage":"pt-BR"},{"@type":"Organization","@id":"https:\/\/progresso.com.br\/#organization","name":"O PROGRESSO","url":"https:\/\/progresso.com.br\/","logo":{"@type":"ImageObject","inLanguage":"pt-BR","@id":"https:\/\/progresso.com.br\/#\/schema\/logo\/image\/","url":"https:\/\/progresso.com.br\/wp-content\/uploads\/2026\/03\/logo_proog.jpg","contentUrl":"https:\/\/progresso.com.br\/wp-content\/uploads\/2026\/03\/logo_proog.jpg","width":1960,"height":1080,"caption":"O PROGRESSO"},"image":{"@id":"https:\/\/progresso.com.br\/#\/schema\/logo\/image\/"},"sameAs":["https:\/\/www.facebook.com\/share\/1CeoksKBj6\/","https:\/\/www.instagram.com\/oprogresso_digital"]},{"@type":"Person","@id":"https:\/\/progresso.com.br\/#\/schema\/person\/5dd27138d4463fbbaace62120bfc002b","name":"Rose","image":{"@type":"ImageObject","inLanguage":"pt-BR","@id":"https:\/\/progresso.com.br\/#\/schema\/person\/image\/","url":"https:\/\/secure.gravatar.com\/avatar\/1b6890e759cdd3a88d9f751cb423720b9861c5239167cd3586355638b6556599?s=96&d=mm&r=g","contentUrl":"https:\/\/secure.gravatar.com\/avatar\/1b6890e759cdd3a88d9f751cb423720b9861c5239167cd3586355638b6556599?s=96&d=mm&r=g","caption":"Rose"},"url":"https:\/\/progresso.com.br\/index.php\/author\/rose\/"}]}},"_links":{"self":[{"href":"https:\/\/progresso.com.br\/index.php\/wp-json\/wp\/v2\/posts\/4925","targetHints":{"allow":["GET"]}}],"collection":[{"href":"https:\/\/progresso.com.br\/index.php\/wp-json\/wp\/v2\/posts"}],"about":[{"href":"https:\/\/progresso.com.br\/index.php\/wp-json\/wp\/v2\/types\/post"}],"author":[{"embeddable":true,"href":"https:\/\/progresso.com.br\/index.php\/wp-json\/wp\/v2\/users\/2"}],"replies":[{"embeddable":true,"href":"https:\/\/progresso.com.br\/index.php\/wp-json\/wp\/v2\/comments?post=4925"}],"version-history":[{"count":1,"href":"https:\/\/progresso.com.br\/index.php\/wp-json\/wp\/v2\/posts\/4925\/revisions"}],"predecessor-version":[{"id":4927,"href":"https:\/\/progresso.com.br\/index.php\/wp-json\/wp\/v2\/posts\/4925\/revisions\/4927"}],"wp:featuredmedia":[{"embeddable":true,"href":"https:\/\/progresso.com.br\/index.php\/wp-json\/wp\/v2\/media\/4926"}],"wp:attachment":[{"href":"https:\/\/progresso.com.br\/index.php\/wp-json\/wp\/v2\/media?parent=4925"}],"wp:term":[{"taxonomy":"category","embeddable":true,"href":"https:\/\/progresso.com.br\/index.php\/wp-json\/wp\/v2\/categories?post=4925"},{"taxonomy":"post_tag","embeddable":true,"href":"https:\/\/progresso.com.br\/index.php\/wp-json\/wp\/v2\/tags?post=4925"}],"curies":[{"name":"wp","href":"https:\/\/api.w.org\/{rel}","templated":true}]}}