{"id":4936,"date":"2026-04-28T10:06:00","date_gmt":"2026-04-28T14:06:00","guid":{"rendered":"https:\/\/progresso.com.br\/?p=4936"},"modified":"2026-04-28T10:06:01","modified_gmt":"2026-04-28T14:06:01","slug":"fazer-o-numero-1-ou-o-numero-2-na-camara-de-dourados-e-um-aperto","status":"publish","type":"post","link":"https:\/\/progresso.com.br\/index.php\/2026\/04\/28\/fazer-o-numero-1-ou-o-numero-2-na-camara-de-dourados-e-um-aperto\/","title":{"rendered":"Fazer o \u00b4n\u00famero 1\u00b4 ou o \u00b4n\u00famero 2\u00b4 na C\u00e2mara de Dourados \u00e9 um aperto"},"content":{"rendered":"\n<div class=\"wp-block-media-text is-stacked-on-mobile\"><figure class=\"wp-block-media-text__media\"><img loading=\"lazy\" decoding=\"async\" width=\"567\" height=\"377\" src=\"https:\/\/progresso.com.br\/wp-content\/uploads\/2026\/04\/Camara-banheiro.jpeg\" alt=\"\" class=\"wp-image-4939 size-full\" srcset=\"https:\/\/progresso.com.br\/wp-content\/uploads\/2026\/04\/Camara-banheiro.jpeg 567w, https:\/\/progresso.com.br\/wp-content\/uploads\/2026\/04\/Camara-banheiro-300x199.jpeg 300w\" sizes=\"auto, (max-width: 567px) 100vw, 567px\" \/><\/figure><div class=\"wp-block-media-text__content\">\n<p><em>Parece mentira, mas \u00e9 verdade: a falta de banheiro na C\u00e2mara de Dourados vem provocando discuss\u00f5es fervorosas, com longas filas se formando na porta do \u00fanico dispon\u00edvel. Tudo porque tem gente que demora muito tempo para fazer suas necessidades e a\u00ed, os que est\u00e3o esperando, acabam se desesperando. \u00c9 o aperto, n\u00e9! A C\u00e2mara s\u00f3 tem um banheiro dispon\u00edvel para aliviar vereadores e funcion\u00e1rios. E esse ainda tem que ser dividido com as pessoas que v\u00e3o at\u00e9 l\u00e1. E quando aperta, \u00e9 um sufoco danado. Ent\u00e3o, fica o aviso: se voc\u00ea vai \u00e0 C\u00e2mara de Dourados, evite usar o banheiro. Melhor mesmo \u00e9 fazer o \u00b4n\u00famero 1\u00b4 e, principalmente o \u00b4n\u00famero 2\u00b4, antes de sair de casa.<\/em><\/p>\n<\/div><\/div>\n\n\n\n<p><\/p>\n\n\n\n<p><strong>Sicredi<\/strong><\/p>\n\n\n\n<p>A Sicredi Centro-Sul MS\/BA&nbsp;elegeu o Conselho de Administra\u00e7\u00e3o que comandar\u00e1 a cooperativa pelos pr\u00f3ximos&nbsp;dois anos.&nbsp;Apenas duas chapas participaram da disputa.<\/p>\n\n\n\n<p>&#8230;<\/p>\n\n\n\n<p><strong>Sicredi, Ess\u00eancia<\/strong><\/p>\n\n\n\n<p>Com a maioria absoluta dos votos, a chapa 2, de oposi\u00e7\u00e3o, venceu o pleito tendo recebido 81,71% dos votos v\u00e1lidos. A chapa &#8216;Ess\u00eancia&#8217; tem como presidente Sadi Masiero, que vem a ser o segundo vice-presidente da gest\u00e3o atual.<\/p>\n\n\n\n<p>&#8230;<\/p>\n\n\n\n<p><strong>Sicredi, Evoluir<\/strong><\/p>\n\n\n\n<p>J\u00e1 o atual presidente, Paulo Roberto Neves, concorreu a um novo mandato liderando a chapa 1, \u00b4Evoluir\u00b4. A chapa recebeu apenas 18,29% dos votos v\u00e1lidos.<\/p>\n\n\n\n<p>&#8230;<\/p>\n\n\n\n<p><strong>Sicredi, digital<\/strong><\/p>\n\n\n\n<p>Todo o processo eleitoral, incluindo a vota\u00e7\u00e3o, ocorreu em formato digital e foi encerrado na sexta-feira passada (24). O pleito agora, fica aguardando que seja feita a homologa\u00e7\u00e3o do resultado pelo Banco Central.<\/p>\n\n\n\n<p>&#8230;<\/p>\n\n\n\n<p><strong>Ip\u00eas<\/strong><\/p>\n\n\n\n<p>O vereador Inspetor Cabral (PSD) postou v\u00eddeo em rede social mostrando uma \u00b4visitinha\u00b4 que fez ao Parque dos Ip\u00eas, o principal de Dourados. Diz que foi l\u00e1 ap\u00f3s receber den\u00fancia de que no local havia uma fonte desativada e com \u00e1gua parada.<\/p>\n\n\n\n<p>&#8230;<\/p>\n\n\n\n<p><strong>Ip\u00eas, ainda<\/strong><\/p>\n\n\n\n<p>O mo\u00e7o, que \u00e9 vice-presidente da C\u00e2mara, constatou a veracidade da den\u00fancia em imagens e afirmou: \u201cLocalizamos a larva do mosquito. Algo que \u00e9 inaceit\u00e1vel com o momento que Dourados est\u00e1 passando\u201d.<\/p>\n\n\n\n<p>&#8230;<\/p>\n\n\n\n<p><strong>Chikungunya<\/strong><\/p>\n\n\n\n<p>De fato, \u00e9 uma situa\u00e7\u00e3o realmente dif\u00edcil de acreditar. Dourados est\u00e1 lutando contra a epidemia de Chikungunya e um vereador encontrar larvas do mosquito numa pra\u00e7a p\u00fablica, cuja manuten\u00e7\u00e3o cabe \u00e0 prefeitura, beira a incredulidade, n\u00e9.<\/p>\n\n\n\n<p>&#8230;<\/p>\n\n\n\n<p><strong>PT<\/strong><\/p>\n\n\n\n<p>O Partido dos Trabalhadores cumpre agenda de hoje (28) at\u00e9 quinta-feira (30) no Cone Sul de Mato Grosso do Sul. Est\u00e3o confirmadas as presen\u00e7as do pr\u00e9-candidato ao Governo de MS, F\u00e1bio Trad, com sua companheira de chapa, a pr\u00e9-candidata a vice, Dona Gilda; e o deputado federal Vander Loubet, que \u00e9 pr\u00e9-candidato ao Senado da Rep\u00fablica.<\/p>\n\n\n\n<p>&#8230;<\/p>\n\n\n\n<p><strong>PT, ainda<\/strong><\/p>\n\n\n\n<p>Conforme a agenda divulgada, os tr\u00eas devem participar de todos os compromissos previstos para Japor\u00e3, Eldorado, Mundo Novo, Itaquira\u00ed, Navira\u00ed, Juti e Caarap\u00f3.<\/p>\n\n\n\n<p>&#8230;<\/p>\n\n\n\n<p><strong>Mais PT<\/strong><\/p>\n\n\n\n<p>Evidentemente, tal agenda foi montada para movimentar outras lideran\u00e7as petistas (principalmente nos munic\u00edpios que ser\u00e3o visitados) visando as elei\u00e7\u00f5es gerais de outubro deste ano.<\/p>\n\n\n\n<p>&#8230;<\/p>\n\n\n\n<p><strong>Oitivas<\/strong><\/p>\n\n\n\n<p>Come\u00e7am hoje as tais oitivas que podem contribuir (ou n\u00e3o) com a cassa\u00e7\u00e3o do mandato da vereadora Isa Marcondes (Republicanos). O burburinho na C\u00e2mara de Dourados \u00e9 grande e baixinho, j\u00e1 quem tem muita gente receosa em falar abertamente sobre o assunto.<\/p>\n\n\n\n<p>&#8230;<\/p>\n\n\n\n<p><strong>Oitivas, medo<\/strong><\/p>\n\n\n\n<p>O prazo para que a Comiss\u00e3o Processante encerre seus trabalhos entrou no per\u00edodo final. O fator medo, contudo, vem ocupando espa\u00e7o no caso que vai render muito mais diz-que-diz-que. Enquanto as falas rolam, as conversas sobre defini\u00e7\u00e3o do resultado antecipado tentam ser mais fechadas.<\/p>\n\n\n\n<p>&#8230;<\/p>\n\n\n\n<p><strong>Exponavi<\/strong><\/p>\n\n\n\n<p>Passarinho de penugem clarinha esteve na sede do jornal para cobrar o motivo desta coluna n\u00e3o ter comentado sobre a presen\u00e7a do deputado federal Rodolfo Nogueira (PL) na Exponavi, semana passada.<\/p>\n\n\n\n<p>&#8230;<\/p>\n\n\n\n<p><strong>Exponavi, circulando<\/strong><\/p>\n\n\n\n<p>A espivetada ave piou que o deputado tamb\u00e9m circulou pela feira agropecu\u00e1ria de Navira\u00ed, como fizeram outros pol\u00edticos de MS, e at\u00e9 discursou.<\/p>\n\n\n\n<p>&#8230;<\/p>\n\n\n\n<p><strong>Exponavi, piti<\/strong><\/p>\n\n\n\n<p>Segundo a ave, para falar na arena do rodeio, o deputado teve \u201cat\u00e9 piti\u201d, gerando mal-estar com a organiza\u00e7\u00e3o da festa. No fim, falou, criticou o presidente Lula e ainda fez propaganda antecipada em defesa do presidenci\u00e1vel Fl\u00e1vio Bolsonaro (PL).<\/p>\n\n\n\n<p>&#8230;<\/p>\n\n\n\n<p><strong>Exponavi, coro<\/strong><\/p>\n\n\n\n<p>O passarinho que a tudo presta aten\u00e7\u00e3o contou, ainda, que Rodolfo Nogueira, j\u00e1 no camarote da festa, tentou puxar um `coro de fora Lula\u00b4. Mas diz que o resultado n\u00e3o foi exatamente o que ele deveria esperar. Durma-se com um barulho desses!<\/p>\n\n\n\n<p>&#8230;<\/p>\n","protected":false},"excerpt":{"rendered":"<p>Parece mentira, mas \u00e9 verdade: a falta de banheiro na C\u00e2mara de Dourados vem provocando discuss\u00f5es fervorosas, com longas filas se formando na porta do \u00fanico dispon\u00edvel. Tudo porque tem gente que demora muito tempo para fazer suas necessidades e a\u00ed, os que est\u00e3o esperando, acabam se desesperando. \u00c9 o aperto, n\u00e9! A C\u00e2mara s\u00f3 [&hellip;]<\/p>\n","protected":false},"author":3,"featured_media":4939,"comment_status":"open","ping_status":"open","sticky":false,"template":"","format":"standard","meta":{"footnotes":""},"categories":[26],"tags":[],"class_list":["post-4936","post","type-post","status-publish","format-standard","has-post-thumbnail","hentry","category-de-olho"],"yoast_head":"<!-- This site is optimized with the Yoast SEO plugin v27.1.1 - https:\/\/yoast.com\/product\/yoast-seo-wordpress\/ -->\n<title>Fazer o \u00b4n\u00famero 1\u00b4 ou o \u00b4n\u00famero 2\u00b4 na C\u00e2mara de Dourados \u00e9 um aperto - O PROGRESSO<\/title>\n<meta name=\"robots\" content=\"index, follow, max-snippet:-1, max-image-preview:large, max-video-preview:-1\" \/>\n<link rel=\"canonical\" href=\"https:\/\/progresso.com.br\/index.php\/2026\/04\/28\/fazer-o-numero-1-ou-o-numero-2-na-camara-de-dourados-e-um-aperto\/\" \/>\n<meta property=\"og:locale\" content=\"pt_BR\" \/>\n<meta property=\"og:type\" content=\"article\" \/>\n<meta property=\"og:title\" content=\"Fazer o \u00b4n\u00famero 1\u00b4 ou o \u00b4n\u00famero 2\u00b4 na C\u00e2mara de Dourados \u00e9 um aperto - O PROGRESSO\" \/>\n<meta property=\"og:description\" content=\"Parece mentira, mas \u00e9 verdade: a falta de banheiro na C\u00e2mara de Dourados vem provocando discuss\u00f5es fervorosas, com longas filas se formando na porta do \u00fanico dispon\u00edvel. Tudo porque tem gente que demora muito tempo para fazer suas necessidades e a\u00ed, os que est\u00e3o esperando, acabam se desesperando. \u00c9 o aperto, n\u00e9! A C\u00e2mara s\u00f3 [&hellip;]\" \/>\n<meta property=\"og:url\" content=\"https:\/\/progresso.com.br\/index.php\/2026\/04\/28\/fazer-o-numero-1-ou-o-numero-2-na-camara-de-dourados-e-um-aperto\/\" \/>\n<meta property=\"og:site_name\" content=\"O PROGRESSO\" \/>\n<meta property=\"article:publisher\" content=\"https:\/\/www.facebook.com\/share\/1CeoksKBj6\/\" \/>\n<meta property=\"article:published_time\" content=\"2026-04-28T14:06:00+00:00\" \/>\n<meta property=\"article:modified_time\" content=\"2026-04-28T14:06:01+00:00\" \/>\n<meta property=\"og:image\" content=\"https:\/\/progresso.com.br\/wp-content\/uploads\/2026\/04\/Camara-banheiro.jpeg\" \/>\n\t<meta property=\"og:image:width\" content=\"567\" \/>\n\t<meta property=\"og:image:height\" content=\"377\" \/>\n\t<meta property=\"og:image:type\" content=\"image\/jpeg\" \/>\n<meta name=\"author\" content=\"Alfredo\" \/>\n<meta name=\"twitter:card\" content=\"summary_large_image\" \/>\n<meta name=\"twitter:label1\" content=\"Escrito por\" \/>\n\t<meta name=\"twitter:data1\" content=\"Alfredo\" \/>\n\t<meta name=\"twitter:label2\" content=\"Est. tempo de leitura\" \/>\n\t<meta name=\"twitter:data2\" content=\"5 minutos\" \/>\n<script type=\"application\/ld+json\" class=\"yoast-schema-graph\">{\"@context\":\"https:\/\/schema.org\",\"@graph\":[{\"@type\":\"Article\",\"@id\":\"https:\/\/progresso.com.br\/index.php\/2026\/04\/28\/fazer-o-numero-1-ou-o-numero-2-na-camara-de-dourados-e-um-aperto\/#article\",\"isPartOf\":{\"@id\":\"https:\/\/progresso.com.br\/index.php\/2026\/04\/28\/fazer-o-numero-1-ou-o-numero-2-na-camara-de-dourados-e-um-aperto\/\"},\"author\":{\"name\":\"Alfredo\",\"@id\":\"https:\/\/progresso.com.br\/#\/schema\/person\/b7390ac97c5e156cc2e02aa8e88f1bf2\"},\"headline\":\"Fazer o \u00b4n\u00famero 1\u00b4 ou o \u00b4n\u00famero 2\u00b4 na C\u00e2mara de Dourados \u00e9 um aperto\",\"datePublished\":\"2026-04-28T14:06:00+00:00\",\"dateModified\":\"2026-04-28T14:06:01+00:00\",\"mainEntityOfPage\":{\"@id\":\"https:\/\/progresso.com.br\/index.php\/2026\/04\/28\/fazer-o-numero-1-ou-o-numero-2-na-camara-de-dourados-e-um-aperto\/\"},\"wordCount\":763,\"commentCount\":0,\"publisher\":{\"@id\":\"https:\/\/progresso.com.br\/#organization\"},\"image\":{\"@id\":\"https:\/\/progresso.com.br\/index.php\/2026\/04\/28\/fazer-o-numero-1-ou-o-numero-2-na-camara-de-dourados-e-um-aperto\/#primaryimage\"},\"thumbnailUrl\":\"https:\/\/progresso.com.br\/wp-content\/uploads\/2026\/04\/Camara-banheiro.jpeg\",\"articleSection\":[\"De Olho\"],\"inLanguage\":\"pt-BR\",\"potentialAction\":[{\"@type\":\"CommentAction\",\"name\":\"Comment\",\"target\":[\"https:\/\/progresso.com.br\/index.php\/2026\/04\/28\/fazer-o-numero-1-ou-o-numero-2-na-camara-de-dourados-e-um-aperto\/#respond\"]}]},{\"@type\":\"WebPage\",\"@id\":\"https:\/\/progresso.com.br\/index.php\/2026\/04\/28\/fazer-o-numero-1-ou-o-numero-2-na-camara-de-dourados-e-um-aperto\/\",\"url\":\"https:\/\/progresso.com.br\/index.php\/2026\/04\/28\/fazer-o-numero-1-ou-o-numero-2-na-camara-de-dourados-e-um-aperto\/\",\"name\":\"Fazer o \u00b4n\u00famero 1\u00b4 ou o \u00b4n\u00famero 2\u00b4 na C\u00e2mara de Dourados \u00e9 um aperto - O PROGRESSO\",\"isPartOf\":{\"@id\":\"https:\/\/progresso.com.br\/#website\"},\"primaryImageOfPage\":{\"@id\":\"https:\/\/progresso.com.br\/index.php\/2026\/04\/28\/fazer-o-numero-1-ou-o-numero-2-na-camara-de-dourados-e-um-aperto\/#primaryimage\"},\"image\":{\"@id\":\"https:\/\/progresso.com.br\/index.php\/2026\/04\/28\/fazer-o-numero-1-ou-o-numero-2-na-camara-de-dourados-e-um-aperto\/#primaryimage\"},\"thumbnailUrl\":\"https:\/\/progresso.com.br\/wp-content\/uploads\/2026\/04\/Camara-banheiro.jpeg\",\"datePublished\":\"2026-04-28T14:06:00+00:00\",\"dateModified\":\"2026-04-28T14:06:01+00:00\",\"breadcrumb\":{\"@id\":\"https:\/\/progresso.com.br\/index.php\/2026\/04\/28\/fazer-o-numero-1-ou-o-numero-2-na-camara-de-dourados-e-um-aperto\/#breadcrumb\"},\"inLanguage\":\"pt-BR\",\"potentialAction\":[{\"@type\":\"ReadAction\",\"target\":[\"https:\/\/progresso.com.br\/index.php\/2026\/04\/28\/fazer-o-numero-1-ou-o-numero-2-na-camara-de-dourados-e-um-aperto\/\"]}]},{\"@type\":\"ImageObject\",\"inLanguage\":\"pt-BR\",\"@id\":\"https:\/\/progresso.com.br\/index.php\/2026\/04\/28\/fazer-o-numero-1-ou-o-numero-2-na-camara-de-dourados-e-um-aperto\/#primaryimage\",\"url\":\"https:\/\/progresso.com.br\/wp-content\/uploads\/2026\/04\/Camara-banheiro.jpeg\",\"contentUrl\":\"https:\/\/progresso.com.br\/wp-content\/uploads\/2026\/04\/Camara-banheiro.jpeg\",\"width\":567,\"height\":377},{\"@type\":\"BreadcrumbList\",\"@id\":\"https:\/\/progresso.com.br\/index.php\/2026\/04\/28\/fazer-o-numero-1-ou-o-numero-2-na-camara-de-dourados-e-um-aperto\/#breadcrumb\",\"itemListElement\":[{\"@type\":\"ListItem\",\"position\":1,\"name\":\"In\u00edcio\",\"item\":\"https:\/\/progresso.com.br\/\"},{\"@type\":\"ListItem\",\"position\":2,\"name\":\"Fazer o \u00b4n\u00famero 1\u00b4 ou o \u00b4n\u00famero 2\u00b4 na C\u00e2mara de Dourados \u00e9 um aperto\"}]},{\"@type\":\"WebSite\",\"@id\":\"https:\/\/progresso.com.br\/#website\",\"url\":\"https:\/\/progresso.com.br\/\",\"name\":\"O PROGRESSO\",\"description\":\"\",\"publisher\":{\"@id\":\"https:\/\/progresso.com.br\/#organization\"},\"potentialAction\":[{\"@type\":\"SearchAction\",\"target\":{\"@type\":\"EntryPoint\",\"urlTemplate\":\"https:\/\/progresso.com.br\/?s={search_term_string}\"},\"query-input\":{\"@type\":\"PropertyValueSpecification\",\"valueRequired\":true,\"valueName\":\"search_term_string\"}}],\"inLanguage\":\"pt-BR\"},{\"@type\":\"Organization\",\"@id\":\"https:\/\/progresso.com.br\/#organization\",\"name\":\"O PROGRESSO\",\"url\":\"https:\/\/progresso.com.br\/\",\"logo\":{\"@type\":\"ImageObject\",\"inLanguage\":\"pt-BR\",\"@id\":\"https:\/\/progresso.com.br\/#\/schema\/logo\/image\/\",\"url\":\"https:\/\/progresso.com.br\/wp-content\/uploads\/2026\/03\/logo_proog.jpg\",\"contentUrl\":\"https:\/\/progresso.com.br\/wp-content\/uploads\/2026\/03\/logo_proog.jpg\",\"width\":1960,\"height\":1080,\"caption\":\"O PROGRESSO\"},\"image\":{\"@id\":\"https:\/\/progresso.com.br\/#\/schema\/logo\/image\/\"},\"sameAs\":[\"https:\/\/www.facebook.com\/share\/1CeoksKBj6\/\",\"https:\/\/www.instagram.com\/oprogresso_digital\"]},{\"@type\":\"Person\",\"@id\":\"https:\/\/progresso.com.br\/#\/schema\/person\/b7390ac97c5e156cc2e02aa8e88f1bf2\",\"name\":\"Alfredo\",\"image\":{\"@type\":\"ImageObject\",\"inLanguage\":\"pt-BR\",\"@id\":\"https:\/\/progresso.com.br\/#\/schema\/person\/image\/\",\"url\":\"https:\/\/secure.gravatar.com\/avatar\/ca208a3111522ad69d765c6f0ea1ce4742c74e10aba78ae7158042d704d65a9f?s=96&d=mm&r=g\",\"contentUrl\":\"https:\/\/secure.gravatar.com\/avatar\/ca208a3111522ad69d765c6f0ea1ce4742c74e10aba78ae7158042d704d65a9f?s=96&d=mm&r=g\",\"caption\":\"Alfredo\"},\"url\":\"https:\/\/progresso.com.br\/index.php\/author\/alfredo\/\"}]}<\/script>\n<!-- \/ Yoast SEO plugin. -->","yoast_head_json":{"title":"Fazer o \u00b4n\u00famero 1\u00b4 ou o \u00b4n\u00famero 2\u00b4 na C\u00e2mara de Dourados \u00e9 um aperto - O PROGRESSO","robots":{"index":"index","follow":"follow","max-snippet":"max-snippet:-1","max-image-preview":"max-image-preview:large","max-video-preview":"max-video-preview:-1"},"canonical":"https:\/\/progresso.com.br\/index.php\/2026\/04\/28\/fazer-o-numero-1-ou-o-numero-2-na-camara-de-dourados-e-um-aperto\/","og_locale":"pt_BR","og_type":"article","og_title":"Fazer o \u00b4n\u00famero 1\u00b4 ou o \u00b4n\u00famero 2\u00b4 na C\u00e2mara de Dourados \u00e9 um aperto - O PROGRESSO","og_description":"Parece mentira, mas \u00e9 verdade: a falta de banheiro na C\u00e2mara de Dourados vem provocando discuss\u00f5es fervorosas, com longas filas se formando na porta do \u00fanico dispon\u00edvel. Tudo porque tem gente que demora muito tempo para fazer suas necessidades e a\u00ed, os que est\u00e3o esperando, acabam se desesperando. \u00c9 o aperto, n\u00e9! A C\u00e2mara s\u00f3 [&hellip;]","og_url":"https:\/\/progresso.com.br\/index.php\/2026\/04\/28\/fazer-o-numero-1-ou-o-numero-2-na-camara-de-dourados-e-um-aperto\/","og_site_name":"O PROGRESSO","article_publisher":"https:\/\/www.facebook.com\/share\/1CeoksKBj6\/","article_published_time":"2026-04-28T14:06:00+00:00","article_modified_time":"2026-04-28T14:06:01+00:00","og_image":[{"width":567,"height":377,"url":"https:\/\/progresso.com.br\/wp-content\/uploads\/2026\/04\/Camara-banheiro.jpeg","type":"image\/jpeg"}],"author":"Alfredo","twitter_card":"summary_large_image","twitter_misc":{"Escrito por":"Alfredo","Est. tempo de leitura":"5 minutos"},"schema":{"@context":"https:\/\/schema.org","@graph":[{"@type":"Article","@id":"https:\/\/progresso.com.br\/index.php\/2026\/04\/28\/fazer-o-numero-1-ou-o-numero-2-na-camara-de-dourados-e-um-aperto\/#article","isPartOf":{"@id":"https:\/\/progresso.com.br\/index.php\/2026\/04\/28\/fazer-o-numero-1-ou-o-numero-2-na-camara-de-dourados-e-um-aperto\/"},"author":{"name":"Alfredo","@id":"https:\/\/progresso.com.br\/#\/schema\/person\/b7390ac97c5e156cc2e02aa8e88f1bf2"},"headline":"Fazer o \u00b4n\u00famero 1\u00b4 ou o \u00b4n\u00famero 2\u00b4 na C\u00e2mara de Dourados \u00e9 um aperto","datePublished":"2026-04-28T14:06:00+00:00","dateModified":"2026-04-28T14:06:01+00:00","mainEntityOfPage":{"@id":"https:\/\/progresso.com.br\/index.php\/2026\/04\/28\/fazer-o-numero-1-ou-o-numero-2-na-camara-de-dourados-e-um-aperto\/"},"wordCount":763,"commentCount":0,"publisher":{"@id":"https:\/\/progresso.com.br\/#organization"},"image":{"@id":"https:\/\/progresso.com.br\/index.php\/2026\/04\/28\/fazer-o-numero-1-ou-o-numero-2-na-camara-de-dourados-e-um-aperto\/#primaryimage"},"thumbnailUrl":"https:\/\/progresso.com.br\/wp-content\/uploads\/2026\/04\/Camara-banheiro.jpeg","articleSection":["De Olho"],"inLanguage":"pt-BR","potentialAction":[{"@type":"CommentAction","name":"Comment","target":["https:\/\/progresso.com.br\/index.php\/2026\/04\/28\/fazer-o-numero-1-ou-o-numero-2-na-camara-de-dourados-e-um-aperto\/#respond"]}]},{"@type":"WebPage","@id":"https:\/\/progresso.com.br\/index.php\/2026\/04\/28\/fazer-o-numero-1-ou-o-numero-2-na-camara-de-dourados-e-um-aperto\/","url":"https:\/\/progresso.com.br\/index.php\/2026\/04\/28\/fazer-o-numero-1-ou-o-numero-2-na-camara-de-dourados-e-um-aperto\/","name":"Fazer o \u00b4n\u00famero 1\u00b4 ou o \u00b4n\u00famero 2\u00b4 na C\u00e2mara de Dourados \u00e9 um aperto - O PROGRESSO","isPartOf":{"@id":"https:\/\/progresso.com.br\/#website"},"primaryImageOfPage":{"@id":"https:\/\/progresso.com.br\/index.php\/2026\/04\/28\/fazer-o-numero-1-ou-o-numero-2-na-camara-de-dourados-e-um-aperto\/#primaryimage"},"image":{"@id":"https:\/\/progresso.com.br\/index.php\/2026\/04\/28\/fazer-o-numero-1-ou-o-numero-2-na-camara-de-dourados-e-um-aperto\/#primaryimage"},"thumbnailUrl":"https:\/\/progresso.com.br\/wp-content\/uploads\/2026\/04\/Camara-banheiro.jpeg","datePublished":"2026-04-28T14:06:00+00:00","dateModified":"2026-04-28T14:06:01+00:00","breadcrumb":{"@id":"https:\/\/progresso.com.br\/index.php\/2026\/04\/28\/fazer-o-numero-1-ou-o-numero-2-na-camara-de-dourados-e-um-aperto\/#breadcrumb"},"inLanguage":"pt-BR","potentialAction":[{"@type":"ReadAction","target":["https:\/\/progresso.com.br\/index.php\/2026\/04\/28\/fazer-o-numero-1-ou-o-numero-2-na-camara-de-dourados-e-um-aperto\/"]}]},{"@type":"ImageObject","inLanguage":"pt-BR","@id":"https:\/\/progresso.com.br\/index.php\/2026\/04\/28\/fazer-o-numero-1-ou-o-numero-2-na-camara-de-dourados-e-um-aperto\/#primaryimage","url":"https:\/\/progresso.com.br\/wp-content\/uploads\/2026\/04\/Camara-banheiro.jpeg","contentUrl":"https:\/\/progresso.com.br\/wp-content\/uploads\/2026\/04\/Camara-banheiro.jpeg","width":567,"height":377},{"@type":"BreadcrumbList","@id":"https:\/\/progresso.com.br\/index.php\/2026\/04\/28\/fazer-o-numero-1-ou-o-numero-2-na-camara-de-dourados-e-um-aperto\/#breadcrumb","itemListElement":[{"@type":"ListItem","position":1,"name":"In\u00edcio","item":"https:\/\/progresso.com.br\/"},{"@type":"ListItem","position":2,"name":"Fazer o \u00b4n\u00famero 1\u00b4 ou o \u00b4n\u00famero 2\u00b4 na C\u00e2mara de Dourados \u00e9 um aperto"}]},{"@type":"WebSite","@id":"https:\/\/progresso.com.br\/#website","url":"https:\/\/progresso.com.br\/","name":"O PROGRESSO","description":"","publisher":{"@id":"https:\/\/progresso.com.br\/#organization"},"potentialAction":[{"@type":"SearchAction","target":{"@type":"EntryPoint","urlTemplate":"https:\/\/progresso.com.br\/?s={search_term_string}"},"query-input":{"@type":"PropertyValueSpecification","valueRequired":true,"valueName":"search_term_string"}}],"inLanguage":"pt-BR"},{"@type":"Organization","@id":"https:\/\/progresso.com.br\/#organization","name":"O PROGRESSO","url":"https:\/\/progresso.com.br\/","logo":{"@type":"ImageObject","inLanguage":"pt-BR","@id":"https:\/\/progresso.com.br\/#\/schema\/logo\/image\/","url":"https:\/\/progresso.com.br\/wp-content\/uploads\/2026\/03\/logo_proog.jpg","contentUrl":"https:\/\/progresso.com.br\/wp-content\/uploads\/2026\/03\/logo_proog.jpg","width":1960,"height":1080,"caption":"O PROGRESSO"},"image":{"@id":"https:\/\/progresso.com.br\/#\/schema\/logo\/image\/"},"sameAs":["https:\/\/www.facebook.com\/share\/1CeoksKBj6\/","https:\/\/www.instagram.com\/oprogresso_digital"]},{"@type":"Person","@id":"https:\/\/progresso.com.br\/#\/schema\/person\/b7390ac97c5e156cc2e02aa8e88f1bf2","name":"Alfredo","image":{"@type":"ImageObject","inLanguage":"pt-BR","@id":"https:\/\/progresso.com.br\/#\/schema\/person\/image\/","url":"https:\/\/secure.gravatar.com\/avatar\/ca208a3111522ad69d765c6f0ea1ce4742c74e10aba78ae7158042d704d65a9f?s=96&d=mm&r=g","contentUrl":"https:\/\/secure.gravatar.com\/avatar\/ca208a3111522ad69d765c6f0ea1ce4742c74e10aba78ae7158042d704d65a9f?s=96&d=mm&r=g","caption":"Alfredo"},"url":"https:\/\/progresso.com.br\/index.php\/author\/alfredo\/"}]}},"_links":{"self":[{"href":"https:\/\/progresso.com.br\/index.php\/wp-json\/wp\/v2\/posts\/4936","targetHints":{"allow":["GET"]}}],"collection":[{"href":"https:\/\/progresso.com.br\/index.php\/wp-json\/wp\/v2\/posts"}],"about":[{"href":"https:\/\/progresso.com.br\/index.php\/wp-json\/wp\/v2\/types\/post"}],"author":[{"embeddable":true,"href":"https:\/\/progresso.com.br\/index.php\/wp-json\/wp\/v2\/users\/3"}],"replies":[{"embeddable":true,"href":"https:\/\/progresso.com.br\/index.php\/wp-json\/wp\/v2\/comments?post=4936"}],"version-history":[{"count":1,"href":"https:\/\/progresso.com.br\/index.php\/wp-json\/wp\/v2\/posts\/4936\/revisions"}],"predecessor-version":[{"id":4941,"href":"https:\/\/progresso.com.br\/index.php\/wp-json\/wp\/v2\/posts\/4936\/revisions\/4941"}],"wp:featuredmedia":[{"embeddable":true,"href":"https:\/\/progresso.com.br\/index.php\/wp-json\/wp\/v2\/media\/4939"}],"wp:attachment":[{"href":"https:\/\/progresso.com.br\/index.php\/wp-json\/wp\/v2\/media?parent=4936"}],"wp:term":[{"taxonomy":"category","embeddable":true,"href":"https:\/\/progresso.com.br\/index.php\/wp-json\/wp\/v2\/categories?post=4936"},{"taxonomy":"post_tag","embeddable":true,"href":"https:\/\/progresso.com.br\/index.php\/wp-json\/wp\/v2\/tags?post=4936"}],"curies":[{"name":"wp","href":"https:\/\/api.w.org\/{rel}","templated":true}]}}