{"id":4938,"date":"2026-04-28T10:06:08","date_gmt":"2026-04-28T14:06:08","guid":{"rendered":"https:\/\/progresso.com.br\/?p=4938"},"modified":"2026-04-28T10:06:08","modified_gmt":"2026-04-28T14:06:08","slug":"mais-de-1-mil-servidores-do-hrms-sao-vacinados-contra-influenza-em-acao-do-abril-verde","status":"publish","type":"post","link":"https:\/\/progresso.com.br\/index.php\/2026\/04\/28\/mais-de-1-mil-servidores-do-hrms-sao-vacinados-contra-influenza-em-acao-do-abril-verde\/","title":{"rendered":"Mais de 1 mil servidores do HRMS s\u00e3o vacinados contra influenza em a\u00e7\u00e3o do Abril Verde"},"content":{"rendered":"\n<p><em>Comunica\u00e7\u00e3o HRMS<\/em><\/p>\n\n\n\n<p>Mais de 1 mil doses da vacina contra a influenza foram aplicadas em servidores do HRMS (Hospital Regional de Mato Grosso do Sul) durante dois dias de mobiliza\u00e7\u00e3o interna. A a\u00e7\u00e3o foi promovida pelo SESMT (Servi\u00e7o Especializado em Engenharia de Seguran\u00e7a e em Medicina do Trabalho), em parceria com a Coordenadoria de Imuniza\u00e7\u00e3o da SES (Secretaria de Estado de Sa\u00fade) e o CRIE (Centro de Refer\u00eancia para Imunobiol\u00f3gicos Especiais).<\/p>\n\n\n\n<p>A iniciativa integra a programa\u00e7\u00e3o do Abril Verde, campanha voltada \u00e0 promo\u00e7\u00e3o da sa\u00fade e seguran\u00e7a no ambiente de trabalho. No HRMS, as atividades s\u00e3o coordenadas pelo SESMT e t\u00eam como foco a conscientiza\u00e7\u00e3o e a preven\u00e7\u00e3o de agravos \u00e0 sa\u00fade dos trabalhadores.<\/p>\n\n\n\n<p>A vacina\u00e7\u00e3o teve como objetivo ampliar a cobertura vacinal entre os profissionais de sa\u00fade, reduzindo o risco de adoecimento e contribuindo para a manuten\u00e7\u00e3o da qualidade da assist\u00eancia prestada \u00e0 popula\u00e7\u00e3o.<\/p>\n\n\n\n<p>Para o diretor-geral do HRMS, Paulo Eduardo Limberger, a imuniza\u00e7\u00e3o dos servidores \u00e9 uma medida essencial para garantir a seguran\u00e7a de quem est\u00e1 na linha de frente do atendimento. \u201cA vacina\u00e7\u00e3o \u00e9 uma estrat\u00e9gia fundamental de prote\u00e7\u00e3o aos nossos profissionais, que est\u00e3o diariamente expostos a riscos. Ao cuidarmos da sa\u00fade dos nossos servidores, tamb\u00e9m asseguramos um atendimento mais seguro \u00e0 popula\u00e7\u00e3o\u201d, destacou.<\/p>\n\n\n\n<p>Al\u00e9m da imuniza\u00e7\u00e3o, a programa\u00e7\u00e3o do Abril Verde no hospital incluiu outras a\u00e7\u00f5es voltadas ao bem-estar dos servidores, como um treinamento de defesa pessoal.<\/p>\n","protected":false},"excerpt":{"rendered":"<p>Comunica\u00e7\u00e3o HRMS Mais de 1 mil doses da vacina contra a influenza foram aplicadas em servidores do HRMS (Hospital Regional de Mato Grosso do Sul) durante dois dias de mobiliza\u00e7\u00e3o interna. A a\u00e7\u00e3o foi promovida pelo SESMT (Servi\u00e7o Especializado em Engenharia de Seguran\u00e7a e em Medicina do Trabalho), em parceria com a Coordenadoria de Imuniza\u00e7\u00e3o [&hellip;]<\/p>\n","protected":false},"author":2,"featured_media":4940,"comment_status":"open","ping_status":"open","sticky":false,"template":"","format":"standard","meta":{"footnotes":""},"categories":[13,2],"tags":[],"class_list":["post-4938","post","type-post","status-publish","format-standard","has-post-thumbnail","hentry","category-cotidiano","category-destaque"],"yoast_head":"<!-- This site is optimized with the Yoast SEO plugin v27.1.1 - https:\/\/yoast.com\/product\/yoast-seo-wordpress\/ -->\n<title>Mais de 1 mil servidores do HRMS s\u00e3o vacinados contra influenza em a\u00e7\u00e3o do Abril Verde - O PROGRESSO<\/title>\n<meta name=\"robots\" content=\"index, follow, max-snippet:-1, max-image-preview:large, max-video-preview:-1\" \/>\n<link rel=\"canonical\" href=\"https:\/\/progresso.com.br\/index.php\/2026\/04\/28\/mais-de-1-mil-servidores-do-hrms-sao-vacinados-contra-influenza-em-acao-do-abril-verde\/\" \/>\n<meta property=\"og:locale\" content=\"pt_BR\" \/>\n<meta property=\"og:type\" content=\"article\" \/>\n<meta property=\"og:title\" content=\"Mais de 1 mil servidores do HRMS s\u00e3o vacinados contra influenza em a\u00e7\u00e3o do Abril Verde - O PROGRESSO\" \/>\n<meta property=\"og:description\" content=\"Comunica\u00e7\u00e3o HRMS Mais de 1 mil doses da vacina contra a influenza foram aplicadas em servidores do HRMS (Hospital Regional de Mato Grosso do Sul) durante dois dias de mobiliza\u00e7\u00e3o interna. A a\u00e7\u00e3o foi promovida pelo SESMT (Servi\u00e7o Especializado em Engenharia de Seguran\u00e7a e em Medicina do Trabalho), em parceria com a Coordenadoria de Imuniza\u00e7\u00e3o [&hellip;]\" \/>\n<meta property=\"og:url\" content=\"https:\/\/progresso.com.br\/index.php\/2026\/04\/28\/mais-de-1-mil-servidores-do-hrms-sao-vacinados-contra-influenza-em-acao-do-abril-verde\/\" \/>\n<meta property=\"og:site_name\" content=\"O PROGRESSO\" \/>\n<meta property=\"article:publisher\" content=\"https:\/\/www.facebook.com\/share\/1CeoksKBj6\/\" \/>\n<meta property=\"article:published_time\" content=\"2026-04-28T14:06:08+00:00\" \/>\n<meta property=\"og:image\" content=\"https:\/\/progresso.com.br\/wp-content\/uploads\/2026\/04\/WhatsApp-Image-2026-04-16-at-16.03.35-2-1024x576-1.jpeg\" \/>\n\t<meta property=\"og:image:width\" content=\"1024\" \/>\n\t<meta property=\"og:image:height\" content=\"576\" \/>\n\t<meta property=\"og:image:type\" content=\"image\/jpeg\" \/>\n<meta name=\"author\" content=\"Rose\" \/>\n<meta name=\"twitter:card\" content=\"summary_large_image\" \/>\n<meta name=\"twitter:label1\" content=\"Escrito por\" \/>\n\t<meta name=\"twitter:data1\" content=\"Rose\" \/>\n\t<meta name=\"twitter:label2\" content=\"Est. tempo de leitura\" \/>\n\t<meta name=\"twitter:data2\" content=\"2 minutos\" \/>\n<script type=\"application\/ld+json\" class=\"yoast-schema-graph\">{\"@context\":\"https:\/\/schema.org\",\"@graph\":[{\"@type\":\"Article\",\"@id\":\"https:\/\/progresso.com.br\/index.php\/2026\/04\/28\/mais-de-1-mil-servidores-do-hrms-sao-vacinados-contra-influenza-em-acao-do-abril-verde\/#article\",\"isPartOf\":{\"@id\":\"https:\/\/progresso.com.br\/index.php\/2026\/04\/28\/mais-de-1-mil-servidores-do-hrms-sao-vacinados-contra-influenza-em-acao-do-abril-verde\/\"},\"author\":{\"name\":\"Rose\",\"@id\":\"https:\/\/progresso.com.br\/#\/schema\/person\/5dd27138d4463fbbaace62120bfc002b\"},\"headline\":\"Mais de 1 mil servidores do HRMS s\u00e3o vacinados contra influenza em a\u00e7\u00e3o do Abril Verde\",\"datePublished\":\"2026-04-28T14:06:08+00:00\",\"mainEntityOfPage\":{\"@id\":\"https:\/\/progresso.com.br\/index.php\/2026\/04\/28\/mais-de-1-mil-servidores-do-hrms-sao-vacinados-contra-influenza-em-acao-do-abril-verde\/\"},\"wordCount\":277,\"commentCount\":0,\"publisher\":{\"@id\":\"https:\/\/progresso.com.br\/#organization\"},\"image\":{\"@id\":\"https:\/\/progresso.com.br\/index.php\/2026\/04\/28\/mais-de-1-mil-servidores-do-hrms-sao-vacinados-contra-influenza-em-acao-do-abril-verde\/#primaryimage\"},\"thumbnailUrl\":\"https:\/\/progresso.com.br\/wp-content\/uploads\/2026\/04\/WhatsApp-Image-2026-04-16-at-16.03.35-2-1024x576-1.jpeg\",\"articleSection\":[\"Cotidiano\",\"Em destaque\"],\"inLanguage\":\"pt-BR\",\"potentialAction\":[{\"@type\":\"CommentAction\",\"name\":\"Comment\",\"target\":[\"https:\/\/progresso.com.br\/index.php\/2026\/04\/28\/mais-de-1-mil-servidores-do-hrms-sao-vacinados-contra-influenza-em-acao-do-abril-verde\/#respond\"]}]},{\"@type\":\"WebPage\",\"@id\":\"https:\/\/progresso.com.br\/index.php\/2026\/04\/28\/mais-de-1-mil-servidores-do-hrms-sao-vacinados-contra-influenza-em-acao-do-abril-verde\/\",\"url\":\"https:\/\/progresso.com.br\/index.php\/2026\/04\/28\/mais-de-1-mil-servidores-do-hrms-sao-vacinados-contra-influenza-em-acao-do-abril-verde\/\",\"name\":\"Mais de 1 mil servidores do HRMS s\u00e3o vacinados contra influenza em a\u00e7\u00e3o do Abril Verde - O PROGRESSO\",\"isPartOf\":{\"@id\":\"https:\/\/progresso.com.br\/#website\"},\"primaryImageOfPage\":{\"@id\":\"https:\/\/progresso.com.br\/index.php\/2026\/04\/28\/mais-de-1-mil-servidores-do-hrms-sao-vacinados-contra-influenza-em-acao-do-abril-verde\/#primaryimage\"},\"image\":{\"@id\":\"https:\/\/progresso.com.br\/index.php\/2026\/04\/28\/mais-de-1-mil-servidores-do-hrms-sao-vacinados-contra-influenza-em-acao-do-abril-verde\/#primaryimage\"},\"thumbnailUrl\":\"https:\/\/progresso.com.br\/wp-content\/uploads\/2026\/04\/WhatsApp-Image-2026-04-16-at-16.03.35-2-1024x576-1.jpeg\",\"datePublished\":\"2026-04-28T14:06:08+00:00\",\"breadcrumb\":{\"@id\":\"https:\/\/progresso.com.br\/index.php\/2026\/04\/28\/mais-de-1-mil-servidores-do-hrms-sao-vacinados-contra-influenza-em-acao-do-abril-verde\/#breadcrumb\"},\"inLanguage\":\"pt-BR\",\"potentialAction\":[{\"@type\":\"ReadAction\",\"target\":[\"https:\/\/progresso.com.br\/index.php\/2026\/04\/28\/mais-de-1-mil-servidores-do-hrms-sao-vacinados-contra-influenza-em-acao-do-abril-verde\/\"]}]},{\"@type\":\"ImageObject\",\"inLanguage\":\"pt-BR\",\"@id\":\"https:\/\/progresso.com.br\/index.php\/2026\/04\/28\/mais-de-1-mil-servidores-do-hrms-sao-vacinados-contra-influenza-em-acao-do-abril-verde\/#primaryimage\",\"url\":\"https:\/\/progresso.com.br\/wp-content\/uploads\/2026\/04\/WhatsApp-Image-2026-04-16-at-16.03.35-2-1024x576-1.jpeg\",\"contentUrl\":\"https:\/\/progresso.com.br\/wp-content\/uploads\/2026\/04\/WhatsApp-Image-2026-04-16-at-16.03.35-2-1024x576-1.jpeg\",\"width\":1024,\"height\":576,\"caption\":\"(Foto: Patr\u00edcia Belarmino)\"},{\"@type\":\"BreadcrumbList\",\"@id\":\"https:\/\/progresso.com.br\/index.php\/2026\/04\/28\/mais-de-1-mil-servidores-do-hrms-sao-vacinados-contra-influenza-em-acao-do-abril-verde\/#breadcrumb\",\"itemListElement\":[{\"@type\":\"ListItem\",\"position\":1,\"name\":\"In\u00edcio\",\"item\":\"https:\/\/progresso.com.br\/\"},{\"@type\":\"ListItem\",\"position\":2,\"name\":\"Mais de 1 mil servidores do HRMS s\u00e3o vacinados contra influenza em a\u00e7\u00e3o do Abril Verde\"}]},{\"@type\":\"WebSite\",\"@id\":\"https:\/\/progresso.com.br\/#website\",\"url\":\"https:\/\/progresso.com.br\/\",\"name\":\"O PROGRESSO\",\"description\":\"\",\"publisher\":{\"@id\":\"https:\/\/progresso.com.br\/#organization\"},\"potentialAction\":[{\"@type\":\"SearchAction\",\"target\":{\"@type\":\"EntryPoint\",\"urlTemplate\":\"https:\/\/progresso.com.br\/?s={search_term_string}\"},\"query-input\":{\"@type\":\"PropertyValueSpecification\",\"valueRequired\":true,\"valueName\":\"search_term_string\"}}],\"inLanguage\":\"pt-BR\"},{\"@type\":\"Organization\",\"@id\":\"https:\/\/progresso.com.br\/#organization\",\"name\":\"O PROGRESSO\",\"url\":\"https:\/\/progresso.com.br\/\",\"logo\":{\"@type\":\"ImageObject\",\"inLanguage\":\"pt-BR\",\"@id\":\"https:\/\/progresso.com.br\/#\/schema\/logo\/image\/\",\"url\":\"https:\/\/progresso.com.br\/wp-content\/uploads\/2026\/03\/logo_proog.jpg\",\"contentUrl\":\"https:\/\/progresso.com.br\/wp-content\/uploads\/2026\/03\/logo_proog.jpg\",\"width\":1960,\"height\":1080,\"caption\":\"O PROGRESSO\"},\"image\":{\"@id\":\"https:\/\/progresso.com.br\/#\/schema\/logo\/image\/\"},\"sameAs\":[\"https:\/\/www.facebook.com\/share\/1CeoksKBj6\/\",\"https:\/\/www.instagram.com\/oprogresso_digital\"]},{\"@type\":\"Person\",\"@id\":\"https:\/\/progresso.com.br\/#\/schema\/person\/5dd27138d4463fbbaace62120bfc002b\",\"name\":\"Rose\",\"image\":{\"@type\":\"ImageObject\",\"inLanguage\":\"pt-BR\",\"@id\":\"https:\/\/progresso.com.br\/#\/schema\/person\/image\/\",\"url\":\"https:\/\/secure.gravatar.com\/avatar\/1b6890e759cdd3a88d9f751cb423720b9861c5239167cd3586355638b6556599?s=96&d=mm&r=g\",\"contentUrl\":\"https:\/\/secure.gravatar.com\/avatar\/1b6890e759cdd3a88d9f751cb423720b9861c5239167cd3586355638b6556599?s=96&d=mm&r=g\",\"caption\":\"Rose\"},\"url\":\"https:\/\/progresso.com.br\/index.php\/author\/rose\/\"}]}<\/script>\n<!-- \/ Yoast SEO plugin. -->","yoast_head_json":{"title":"Mais de 1 mil servidores do HRMS s\u00e3o vacinados contra influenza em a\u00e7\u00e3o do Abril Verde - O PROGRESSO","robots":{"index":"index","follow":"follow","max-snippet":"max-snippet:-1","max-image-preview":"max-image-preview:large","max-video-preview":"max-video-preview:-1"},"canonical":"https:\/\/progresso.com.br\/index.php\/2026\/04\/28\/mais-de-1-mil-servidores-do-hrms-sao-vacinados-contra-influenza-em-acao-do-abril-verde\/","og_locale":"pt_BR","og_type":"article","og_title":"Mais de 1 mil servidores do HRMS s\u00e3o vacinados contra influenza em a\u00e7\u00e3o do Abril Verde - O PROGRESSO","og_description":"Comunica\u00e7\u00e3o HRMS Mais de 1 mil doses da vacina contra a influenza foram aplicadas em servidores do HRMS (Hospital Regional de Mato Grosso do Sul) durante dois dias de mobiliza\u00e7\u00e3o interna. A a\u00e7\u00e3o foi promovida pelo SESMT (Servi\u00e7o Especializado em Engenharia de Seguran\u00e7a e em Medicina do Trabalho), em parceria com a Coordenadoria de Imuniza\u00e7\u00e3o [&hellip;]","og_url":"https:\/\/progresso.com.br\/index.php\/2026\/04\/28\/mais-de-1-mil-servidores-do-hrms-sao-vacinados-contra-influenza-em-acao-do-abril-verde\/","og_site_name":"O PROGRESSO","article_publisher":"https:\/\/www.facebook.com\/share\/1CeoksKBj6\/","article_published_time":"2026-04-28T14:06:08+00:00","og_image":[{"width":1024,"height":576,"url":"https:\/\/progresso.com.br\/wp-content\/uploads\/2026\/04\/WhatsApp-Image-2026-04-16-at-16.03.35-2-1024x576-1.jpeg","type":"image\/jpeg"}],"author":"Rose","twitter_card":"summary_large_image","twitter_misc":{"Escrito por":"Rose","Est. tempo de leitura":"2 minutos"},"schema":{"@context":"https:\/\/schema.org","@graph":[{"@type":"Article","@id":"https:\/\/progresso.com.br\/index.php\/2026\/04\/28\/mais-de-1-mil-servidores-do-hrms-sao-vacinados-contra-influenza-em-acao-do-abril-verde\/#article","isPartOf":{"@id":"https:\/\/progresso.com.br\/index.php\/2026\/04\/28\/mais-de-1-mil-servidores-do-hrms-sao-vacinados-contra-influenza-em-acao-do-abril-verde\/"},"author":{"name":"Rose","@id":"https:\/\/progresso.com.br\/#\/schema\/person\/5dd27138d4463fbbaace62120bfc002b"},"headline":"Mais de 1 mil servidores do HRMS s\u00e3o vacinados contra influenza em a\u00e7\u00e3o do Abril Verde","datePublished":"2026-04-28T14:06:08+00:00","mainEntityOfPage":{"@id":"https:\/\/progresso.com.br\/index.php\/2026\/04\/28\/mais-de-1-mil-servidores-do-hrms-sao-vacinados-contra-influenza-em-acao-do-abril-verde\/"},"wordCount":277,"commentCount":0,"publisher":{"@id":"https:\/\/progresso.com.br\/#organization"},"image":{"@id":"https:\/\/progresso.com.br\/index.php\/2026\/04\/28\/mais-de-1-mil-servidores-do-hrms-sao-vacinados-contra-influenza-em-acao-do-abril-verde\/#primaryimage"},"thumbnailUrl":"https:\/\/progresso.com.br\/wp-content\/uploads\/2026\/04\/WhatsApp-Image-2026-04-16-at-16.03.35-2-1024x576-1.jpeg","articleSection":["Cotidiano","Em destaque"],"inLanguage":"pt-BR","potentialAction":[{"@type":"CommentAction","name":"Comment","target":["https:\/\/progresso.com.br\/index.php\/2026\/04\/28\/mais-de-1-mil-servidores-do-hrms-sao-vacinados-contra-influenza-em-acao-do-abril-verde\/#respond"]}]},{"@type":"WebPage","@id":"https:\/\/progresso.com.br\/index.php\/2026\/04\/28\/mais-de-1-mil-servidores-do-hrms-sao-vacinados-contra-influenza-em-acao-do-abril-verde\/","url":"https:\/\/progresso.com.br\/index.php\/2026\/04\/28\/mais-de-1-mil-servidores-do-hrms-sao-vacinados-contra-influenza-em-acao-do-abril-verde\/","name":"Mais de 1 mil servidores do HRMS s\u00e3o vacinados contra influenza em a\u00e7\u00e3o do Abril Verde - O PROGRESSO","isPartOf":{"@id":"https:\/\/progresso.com.br\/#website"},"primaryImageOfPage":{"@id":"https:\/\/progresso.com.br\/index.php\/2026\/04\/28\/mais-de-1-mil-servidores-do-hrms-sao-vacinados-contra-influenza-em-acao-do-abril-verde\/#primaryimage"},"image":{"@id":"https:\/\/progresso.com.br\/index.php\/2026\/04\/28\/mais-de-1-mil-servidores-do-hrms-sao-vacinados-contra-influenza-em-acao-do-abril-verde\/#primaryimage"},"thumbnailUrl":"https:\/\/progresso.com.br\/wp-content\/uploads\/2026\/04\/WhatsApp-Image-2026-04-16-at-16.03.35-2-1024x576-1.jpeg","datePublished":"2026-04-28T14:06:08+00:00","breadcrumb":{"@id":"https:\/\/progresso.com.br\/index.php\/2026\/04\/28\/mais-de-1-mil-servidores-do-hrms-sao-vacinados-contra-influenza-em-acao-do-abril-verde\/#breadcrumb"},"inLanguage":"pt-BR","potentialAction":[{"@type":"ReadAction","target":["https:\/\/progresso.com.br\/index.php\/2026\/04\/28\/mais-de-1-mil-servidores-do-hrms-sao-vacinados-contra-influenza-em-acao-do-abril-verde\/"]}]},{"@type":"ImageObject","inLanguage":"pt-BR","@id":"https:\/\/progresso.com.br\/index.php\/2026\/04\/28\/mais-de-1-mil-servidores-do-hrms-sao-vacinados-contra-influenza-em-acao-do-abril-verde\/#primaryimage","url":"https:\/\/progresso.com.br\/wp-content\/uploads\/2026\/04\/WhatsApp-Image-2026-04-16-at-16.03.35-2-1024x576-1.jpeg","contentUrl":"https:\/\/progresso.com.br\/wp-content\/uploads\/2026\/04\/WhatsApp-Image-2026-04-16-at-16.03.35-2-1024x576-1.jpeg","width":1024,"height":576,"caption":"(Foto: Patr\u00edcia Belarmino)"},{"@type":"BreadcrumbList","@id":"https:\/\/progresso.com.br\/index.php\/2026\/04\/28\/mais-de-1-mil-servidores-do-hrms-sao-vacinados-contra-influenza-em-acao-do-abril-verde\/#breadcrumb","itemListElement":[{"@type":"ListItem","position":1,"name":"In\u00edcio","item":"https:\/\/progresso.com.br\/"},{"@type":"ListItem","position":2,"name":"Mais de 1 mil servidores do HRMS s\u00e3o vacinados contra influenza em a\u00e7\u00e3o do Abril Verde"}]},{"@type":"WebSite","@id":"https:\/\/progresso.com.br\/#website","url":"https:\/\/progresso.com.br\/","name":"O PROGRESSO","description":"","publisher":{"@id":"https:\/\/progresso.com.br\/#organization"},"potentialAction":[{"@type":"SearchAction","target":{"@type":"EntryPoint","urlTemplate":"https:\/\/progresso.com.br\/?s={search_term_string}"},"query-input":{"@type":"PropertyValueSpecification","valueRequired":true,"valueName":"search_term_string"}}],"inLanguage":"pt-BR"},{"@type":"Organization","@id":"https:\/\/progresso.com.br\/#organization","name":"O PROGRESSO","url":"https:\/\/progresso.com.br\/","logo":{"@type":"ImageObject","inLanguage":"pt-BR","@id":"https:\/\/progresso.com.br\/#\/schema\/logo\/image\/","url":"https:\/\/progresso.com.br\/wp-content\/uploads\/2026\/03\/logo_proog.jpg","contentUrl":"https:\/\/progresso.com.br\/wp-content\/uploads\/2026\/03\/logo_proog.jpg","width":1960,"height":1080,"caption":"O PROGRESSO"},"image":{"@id":"https:\/\/progresso.com.br\/#\/schema\/logo\/image\/"},"sameAs":["https:\/\/www.facebook.com\/share\/1CeoksKBj6\/","https:\/\/www.instagram.com\/oprogresso_digital"]},{"@type":"Person","@id":"https:\/\/progresso.com.br\/#\/schema\/person\/5dd27138d4463fbbaace62120bfc002b","name":"Rose","image":{"@type":"ImageObject","inLanguage":"pt-BR","@id":"https:\/\/progresso.com.br\/#\/schema\/person\/image\/","url":"https:\/\/secure.gravatar.com\/avatar\/1b6890e759cdd3a88d9f751cb423720b9861c5239167cd3586355638b6556599?s=96&d=mm&r=g","contentUrl":"https:\/\/secure.gravatar.com\/avatar\/1b6890e759cdd3a88d9f751cb423720b9861c5239167cd3586355638b6556599?s=96&d=mm&r=g","caption":"Rose"},"url":"https:\/\/progresso.com.br\/index.php\/author\/rose\/"}]}},"_links":{"self":[{"href":"https:\/\/progresso.com.br\/index.php\/wp-json\/wp\/v2\/posts\/4938","targetHints":{"allow":["GET"]}}],"collection":[{"href":"https:\/\/progresso.com.br\/index.php\/wp-json\/wp\/v2\/posts"}],"about":[{"href":"https:\/\/progresso.com.br\/index.php\/wp-json\/wp\/v2\/types\/post"}],"author":[{"embeddable":true,"href":"https:\/\/progresso.com.br\/index.php\/wp-json\/wp\/v2\/users\/2"}],"replies":[{"embeddable":true,"href":"https:\/\/progresso.com.br\/index.php\/wp-json\/wp\/v2\/comments?post=4938"}],"version-history":[{"count":1,"href":"https:\/\/progresso.com.br\/index.php\/wp-json\/wp\/v2\/posts\/4938\/revisions"}],"predecessor-version":[{"id":4942,"href":"https:\/\/progresso.com.br\/index.php\/wp-json\/wp\/v2\/posts\/4938\/revisions\/4942"}],"wp:featuredmedia":[{"embeddable":true,"href":"https:\/\/progresso.com.br\/index.php\/wp-json\/wp\/v2\/media\/4940"}],"wp:attachment":[{"href":"https:\/\/progresso.com.br\/index.php\/wp-json\/wp\/v2\/media?parent=4938"}],"wp:term":[{"taxonomy":"category","embeddable":true,"href":"https:\/\/progresso.com.br\/index.php\/wp-json\/wp\/v2\/categories?post=4938"},{"taxonomy":"post_tag","embeddable":true,"href":"https:\/\/progresso.com.br\/index.php\/wp-json\/wp\/v2\/tags?post=4938"}],"curies":[{"name":"wp","href":"https:\/\/api.w.org\/{rel}","templated":true}]}}