{"id":4953,"date":"2026-04-28T11:15:00","date_gmt":"2026-04-28T15:15:00","guid":{"rendered":"https:\/\/progresso.com.br\/?p=4953"},"modified":"2026-04-28T10:43:44","modified_gmt":"2026-04-28T14:43:44","slug":"gasolina-e-alimentos-pressionam-e-previa-da-inflacao-sobe-para-089","status":"publish","type":"post","link":"https:\/\/progresso.com.br\/index.php\/2026\/04\/28\/gasolina-e-alimentos-pressionam-e-previa-da-inflacao-sobe-para-089\/","title":{"rendered":"Gasolina e alimentos pressionam, e pr\u00e9via da infla\u00e7\u00e3o sobe para 0,89%"},"content":{"rendered":"\n<p><strong><em>Guerra contribui para aumento no pre\u00e7o dos combust\u00edveis em abril<\/em><\/strong><\/p>\n\n\n\n<p><em>Bruno de Freitas Moura &#8211;  Ag\u00eancia Brasil<\/em><\/p>\n\n\n\n<p>O pre\u00e7o dos alimentos e dos combust\u00edveis pressionaram o bolso do brasileiro em abril e fizeram a pr\u00e9via da infla\u00e7\u00e3o do m\u00eas fechar em 0,89%. O resultado fica acima do apurado em abril (0,44%) e \u00e9 o maior desde fevereiro (1,23%).<img decoding=\"async\" src=\"https:\/\/agenciabrasil.ebc.com.br\/ebc.png?id=1687498&amp;o=node\"><img decoding=\"async\" src=\"https:\/\/agenciabrasil.ebc.com.br\/ebc.gif?id=1687498&amp;o=node\"><\/p>\n\n\n\n<p><strong>Em 12 meses, o \u00cdndice Nacional de Pre\u00e7os ao Consumidor Amplo 15 (IPCA-15), conhecido como pr\u00e9via da infla\u00e7\u00e3o oficial, acumula 4,37%. Nos 12 meses terminados em mar\u00e7o, o IPCA-15 estava em 3,9%.<\/strong><\/p>\n\n\n\n<p>Os dados foram divulgados nesta ter\u00e7a-feira (28) pelo&nbsp;<a href=\"https:\/\/agenciabrasil.ebc.com.br\/tags\/ibge\" target=\"_blank\" rel=\"noreferrer noopener\">Instituto Brasileiro de Geografia e Estat\u00edstica<\/a>&nbsp;(IBGE).<\/p>\n\n\n\n<p><strong>Para chegar \u00e0 pr\u00e9via da infla\u00e7\u00e3o do m\u00eas, o IBGE pesquisa o pre\u00e7o de nove grupos de produtos e servi\u00e7os. Confira a evolu\u00e7\u00e3o e o impacto em pontos percentuais (p.p.):<\/strong><br><br>&#8211; Alimenta\u00e7\u00e3o e bebidas: 1,46% (0,31 p.p.)<\/p>\n\n\n\n<p>&#8211; Transportes: 1,34% (0,27 p.p.)<\/p>\n\n\n\n<p>&nbsp;-Sa\u00fade e cuidados pessoais: 0,93% (0,13 p.p.)<\/p>\n\n\n\n<p>&#8211; Habita\u00e7\u00e3o: 0,42% (0,07 p.p.)<\/p>\n\n\n\n<p>&#8211; Vestu\u00e1rio: 0,76% (0,04 p.p.)<\/p>\n\n\n\n<p>&#8211; Despesas pessoais: 0,32% (0,03 p.p.)<\/p>\n\n\n\n<p>&#8211; Artigos de resid\u00eancia: 0,48% (0,02 p.p.)<\/p>\n\n\n\n<p>&#8211; Comunica\u00e7\u00e3o: 0,48% (0,02 p.p.)<\/p>\n\n\n\n<p>&#8211; Educa\u00e7\u00e3o: 0,05% (0,00 p.p.)<\/p>\n\n\n\n<p><strong>Dentro do grupo alimenta\u00e7\u00e3o e bebida, o resultado foi influenciado, principalmente, pela alta na alimenta\u00e7\u00e3o no domic\u00edlio, que acelerou de 1,10% em mar\u00e7o para 1,77% em abril. Os produtos que mais contribu\u00edram para essa alta foram<\/strong>:<\/p>\n\n\n\n<p>&#8211; Cenoura (25,43%)<\/p>\n\n\n\n<p>&#8211; Cebola (16,54%)<\/p>\n\n\n\n<p>&#8211; Leite longa vida (16,33%)<\/p>\n\n\n\n<p>&#8211; Tomate (13,76%)<\/p>\n\n\n\n<p>&#8211; Carnes (1,14%)<\/p>\n\n\n\n<p><strong>A alimenta\u00e7\u00e3o fora do domic\u00edlio subiu 0,70%&nbsp;(o dobro do m\u00eas de mar\u00e7o (0,35%).<\/strong><\/p>\n\n\n\n<p>O economista-chefe da Associa\u00e7\u00e3o Paulista de Supermercados (Apas), Felipe Queiroz, diz&nbsp;que um dos motivos para a alta nos alimentos \u00e9 o processo de entressafra.<\/p>\n\n\n\n<blockquote class=\"wp-block-quote is-layout-flow wp-block-quote-is-layout-flow\">\n<p>\u201cA menor produ\u00e7\u00e3o de alguns itens, inclusive leite, tem pressionado o indicador\u201d, afirma.<\/p>\n<\/blockquote>\n\n\n\n<h2 class=\"wp-block-heading\">Combust\u00edveis<\/h2>\n\n\n\n<p><strong>A alta&nbsp;do grupo transportes \u00e9 explicada pelos combust\u00edveis, que subiram 6,06% no m\u00eas.&nbsp;<\/strong>De todos os 377 subitens (produtos e servi\u00e7os) pesquisados pelo IBGE, a gasolina foi o que mais pressionou o IPCA-15, com alta de 6,23%, o que representa impacto de 0,32 p.p. O \u00f3leo diesel subiu 16% no m\u00eas, com impacto de 0,04%.<\/p>\n\n\n\n<h2 class=\"wp-block-heading\">Guerra no Ir\u00e3<\/h2>\n\n\n\n<p><strong>Abril tem sido mais um m\u00eas de guerra dos Estados Unidos e de Israel contra o Ir\u00e3. O conflito no Oriente M\u00e9dio tem causado reflexos negativos na ind\u00fastria do petr\u00f3leo.<\/strong>&nbsp;Um dos motivos \u00e9 a situa\u00e7\u00e3o delicada no Estreito de Ormuz, ao sul do Ir\u00e3, que tem vivenciado seguidos bloqueios. Pela via mar\u00edtima, costumava passar &#8211; antes da guerra \u2013 cerca de 20% da produ\u00e7\u00e3o mundial de petr\u00f3leo e g\u00e1s.<\/p>\n\n\n\n<p>A instabilidade na cadeia de produ\u00e7\u00e3o resulta em menos oferta do produto e consequente eleva\u00e7\u00e3o de pre\u00e7os. O petr\u00f3leo e seus derivados, como a gasolina e o \u00f3leo diesel, s\u00e3o commodities, isto \u00e9, mercadorias negociadas a pre\u00e7os internacionais. Isso explica por que os pre\u00e7os sobem at\u00e9 mesmo em pa\u00edses produtores, como o Brasil.<\/p>\n\n\n\n<p><strong>O governo brasileiro tem tomado medidas para&nbsp;<a href=\"https:\/\/agenciabrasil.ebc.com.br\/economia\/noticia\/2026-04\/governo-quer-converter-receitas-extras-com-petroleo-em-desoneracoes\" target=\"_blank\" rel=\"noreferrer noopener\">conter a escalada<\/a>&nbsp;dos derivados de petr\u00f3leo, com medidas como a isen\u00e7\u00e3o de cobran\u00e7a de impostos e subs\u00eddio a produtores e importadores.&nbsp;<\/strong><\/p>\n\n\n\n<p>Para Queiroz, da Apas, \u201cum conjunto de a\u00e7\u00f5es adotadas para atenuar os efeitos da guerra sobre a economia dom\u00e9stica t\u00eam apresentado ainda efeito diminuto, mas importante\u201d.<\/p>\n\n\n\n<h2 class=\"wp-block-heading\">Pr\u00e9via x m\u00eas fechado<\/h2>\n\n\n\n<p>O IPCA-15 tem basicamente a mesma metodologia da infla\u00e7\u00e3o oficial (IPCA), que serve de base para a pol\u00edtica de meta de infla\u00e7\u00e3o do governo: 3% no acumulado em 12 meses, com margem de toler\u00e2ncia de 1,5 p.p. para mais ou para menos. Os dados de abril mostram o pa\u00eds dentro do limite de toler\u00e2ncia.<\/p>\n\n\n\n<p>A diferen\u00e7a est\u00e1 no per\u00edodo de coleta de pre\u00e7os e na abrang\u00eancia geogr\u00e1fica. Na pr\u00e9via, a pesquisa \u00e9&nbsp;feita e divulgada antes mesmo de acabar o m\u00eas de refer\u00eancia. Em rela\u00e7\u00e3o \u00e0 divulga\u00e7\u00e3o desta ter\u00e7a-feira, o per\u00edodo de coleta foi de 18 de mar\u00e7o a 15 de abril.<\/p>\n\n\n\n<p>Ambos os \u00edndices levam em considera\u00e7\u00e3o uma cesta de produtos e servi\u00e7os para fam\u00edlias com rendimentos entre um e 40 sal\u00e1rios m\u00ednimos. Atualmente o valor do m\u00ednimo \u00e9 R$ 1.621.<\/p>\n\n\n\n<p><strong>O IPCA-15 coleta pre\u00e7os em 11 localidades do pa\u00eds (as regi\u00f5es metropolitanas do Rio de Janeiro, Porto Alegre, Belo Horizonte, Recife, S\u00e3o Paulo, Bel\u00e9m, Fortaleza, Salvador e Curitiba, al\u00e9m de Bras\u00edlia e Goi\u00e2nia.); e o IPCA, 16 localidades (inclui Vit\u00f3ria, Campo Grande, Rio Branco, S\u00e3o Lu\u00eds e Aracaju). O IPCA cheio de abril ser\u00e1 divulgado em 12 de maio.<\/strong><\/p>\n","protected":false},"excerpt":{"rendered":"<p>Guerra contribui para aumento no pre\u00e7o dos combust\u00edveis em abril Bruno de Freitas Moura &#8211; Ag\u00eancia Brasil O pre\u00e7o dos alimentos e dos combust\u00edveis pressionaram o bolso do brasileiro em abril e fizeram a pr\u00e9via da infla\u00e7\u00e3o do m\u00eas fechar em 0,89%. O resultado fica acima do apurado em abril (0,44%) e \u00e9 o maior [&hellip;]<\/p>\n","protected":false},"author":2,"featured_media":4954,"comment_status":"open","ping_status":"open","sticky":false,"template":"","format":"standard","meta":{"footnotes":""},"categories":[10,2],"tags":[],"class_list":["post-4953","post","type-post","status-publish","format-standard","has-post-thumbnail","hentry","category-economia","category-destaque"],"yoast_head":"<!-- This site is optimized with the Yoast SEO plugin v27.1.1 - https:\/\/yoast.com\/product\/yoast-seo-wordpress\/ -->\n<title>Gasolina e alimentos pressionam, e pr\u00e9via da infla\u00e7\u00e3o sobe para 0,89% - O PROGRESSO<\/title>\n<meta name=\"robots\" content=\"index, follow, max-snippet:-1, max-image-preview:large, max-video-preview:-1\" \/>\n<link rel=\"canonical\" href=\"https:\/\/progresso.com.br\/index.php\/2026\/04\/28\/gasolina-e-alimentos-pressionam-e-previa-da-inflacao-sobe-para-089\/\" \/>\n<meta property=\"og:locale\" content=\"pt_BR\" \/>\n<meta property=\"og:type\" content=\"article\" \/>\n<meta property=\"og:title\" content=\"Gasolina e alimentos pressionam, e pr\u00e9via da infla\u00e7\u00e3o sobe para 0,89% - O PROGRESSO\" \/>\n<meta property=\"og:description\" content=\"Guerra contribui para aumento no pre\u00e7o dos combust\u00edveis em abril Bruno de Freitas Moura &#8211; Ag\u00eancia Brasil O pre\u00e7o dos alimentos e dos combust\u00edveis pressionaram o bolso do brasileiro em abril e fizeram a pr\u00e9via da infla\u00e7\u00e3o do m\u00eas fechar em 0,89%. O resultado fica acima do apurado em abril (0,44%) e \u00e9 o maior [&hellip;]\" \/>\n<meta property=\"og:url\" content=\"https:\/\/progresso.com.br\/index.php\/2026\/04\/28\/gasolina-e-alimentos-pressionam-e-previa-da-inflacao-sobe-para-089\/\" \/>\n<meta property=\"og:site_name\" content=\"O PROGRESSO\" \/>\n<meta property=\"article:publisher\" content=\"https:\/\/www.facebook.com\/share\/1CeoksKBj6\/\" \/>\n<meta property=\"article:published_time\" content=\"2026-04-28T15:15:00+00:00\" \/>\n<meta property=\"og:image\" content=\"https:\/\/progresso.com.br\/wp-content\/uploads\/2026\/04\/sp_transito_1.webp\" \/>\n\t<meta property=\"og:image:width\" content=\"1170\" \/>\n\t<meta property=\"og:image:height\" content=\"700\" \/>\n\t<meta property=\"og:image:type\" content=\"image\/webp\" \/>\n<meta name=\"author\" content=\"Rose\" \/>\n<meta name=\"twitter:card\" content=\"summary_large_image\" \/>\n<meta name=\"twitter:label1\" content=\"Escrito por\" \/>\n\t<meta name=\"twitter:data1\" content=\"Rose\" \/>\n\t<meta name=\"twitter:label2\" content=\"Est. tempo de leitura\" \/>\n\t<meta name=\"twitter:data2\" content=\"5 minutos\" \/>\n<script type=\"application\/ld+json\" class=\"yoast-schema-graph\">{\"@context\":\"https:\/\/schema.org\",\"@graph\":[{\"@type\":\"Article\",\"@id\":\"https:\/\/progresso.com.br\/index.php\/2026\/04\/28\/gasolina-e-alimentos-pressionam-e-previa-da-inflacao-sobe-para-089\/#article\",\"isPartOf\":{\"@id\":\"https:\/\/progresso.com.br\/index.php\/2026\/04\/28\/gasolina-e-alimentos-pressionam-e-previa-da-inflacao-sobe-para-089\/\"},\"author\":{\"name\":\"Rose\",\"@id\":\"https:\/\/progresso.com.br\/#\/schema\/person\/5dd27138d4463fbbaace62120bfc002b\"},\"headline\":\"Gasolina e alimentos pressionam, e pr\u00e9via da infla\u00e7\u00e3o sobe para 0,89%\",\"datePublished\":\"2026-04-28T15:15:00+00:00\",\"mainEntityOfPage\":{\"@id\":\"https:\/\/progresso.com.br\/index.php\/2026\/04\/28\/gasolina-e-alimentos-pressionam-e-previa-da-inflacao-sobe-para-089\/\"},\"wordCount\":803,\"commentCount\":0,\"publisher\":{\"@id\":\"https:\/\/progresso.com.br\/#organization\"},\"image\":{\"@id\":\"https:\/\/progresso.com.br\/index.php\/2026\/04\/28\/gasolina-e-alimentos-pressionam-e-previa-da-inflacao-sobe-para-089\/#primaryimage\"},\"thumbnailUrl\":\"https:\/\/progresso.com.br\/wp-content\/uploads\/2026\/04\/sp_transito_1.webp\",\"articleSection\":[\"Economia\",\"Em destaque\"],\"inLanguage\":\"pt-BR\",\"potentialAction\":[{\"@type\":\"CommentAction\",\"name\":\"Comment\",\"target\":[\"https:\/\/progresso.com.br\/index.php\/2026\/04\/28\/gasolina-e-alimentos-pressionam-e-previa-da-inflacao-sobe-para-089\/#respond\"]}]},{\"@type\":\"WebPage\",\"@id\":\"https:\/\/progresso.com.br\/index.php\/2026\/04\/28\/gasolina-e-alimentos-pressionam-e-previa-da-inflacao-sobe-para-089\/\",\"url\":\"https:\/\/progresso.com.br\/index.php\/2026\/04\/28\/gasolina-e-alimentos-pressionam-e-previa-da-inflacao-sobe-para-089\/\",\"name\":\"Gasolina e alimentos pressionam, e pr\u00e9via da infla\u00e7\u00e3o sobe para 0,89% - O PROGRESSO\",\"isPartOf\":{\"@id\":\"https:\/\/progresso.com.br\/#website\"},\"primaryImageOfPage\":{\"@id\":\"https:\/\/progresso.com.br\/index.php\/2026\/04\/28\/gasolina-e-alimentos-pressionam-e-previa-da-inflacao-sobe-para-089\/#primaryimage\"},\"image\":{\"@id\":\"https:\/\/progresso.com.br\/index.php\/2026\/04\/28\/gasolina-e-alimentos-pressionam-e-previa-da-inflacao-sobe-para-089\/#primaryimage\"},\"thumbnailUrl\":\"https:\/\/progresso.com.br\/wp-content\/uploads\/2026\/04\/sp_transito_1.webp\",\"datePublished\":\"2026-04-28T15:15:00+00:00\",\"breadcrumb\":{\"@id\":\"https:\/\/progresso.com.br\/index.php\/2026\/04\/28\/gasolina-e-alimentos-pressionam-e-previa-da-inflacao-sobe-para-089\/#breadcrumb\"},\"inLanguage\":\"pt-BR\",\"potentialAction\":[{\"@type\":\"ReadAction\",\"target\":[\"https:\/\/progresso.com.br\/index.php\/2026\/04\/28\/gasolina-e-alimentos-pressionam-e-previa-da-inflacao-sobe-para-089\/\"]}]},{\"@type\":\"ImageObject\",\"inLanguage\":\"pt-BR\",\"@id\":\"https:\/\/progresso.com.br\/index.php\/2026\/04\/28\/gasolina-e-alimentos-pressionam-e-previa-da-inflacao-sobe-para-089\/#primaryimage\",\"url\":\"https:\/\/progresso.com.br\/wp-content\/uploads\/2026\/04\/sp_transito_1.webp\",\"contentUrl\":\"https:\/\/progresso.com.br\/wp-content\/uploads\/2026\/04\/sp_transito_1.webp\",\"width\":1170,\"height\":700,\"caption\":\"(Foto: Arquivo\/ag\u00eanca brasil)\"},{\"@type\":\"BreadcrumbList\",\"@id\":\"https:\/\/progresso.com.br\/index.php\/2026\/04\/28\/gasolina-e-alimentos-pressionam-e-previa-da-inflacao-sobe-para-089\/#breadcrumb\",\"itemListElement\":[{\"@type\":\"ListItem\",\"position\":1,\"name\":\"In\u00edcio\",\"item\":\"https:\/\/progresso.com.br\/\"},{\"@type\":\"ListItem\",\"position\":2,\"name\":\"Gasolina e alimentos pressionam, e pr\u00e9via da infla\u00e7\u00e3o sobe para 0,89%\"}]},{\"@type\":\"WebSite\",\"@id\":\"https:\/\/progresso.com.br\/#website\",\"url\":\"https:\/\/progresso.com.br\/\",\"name\":\"O PROGRESSO\",\"description\":\"\",\"publisher\":{\"@id\":\"https:\/\/progresso.com.br\/#organization\"},\"potentialAction\":[{\"@type\":\"SearchAction\",\"target\":{\"@type\":\"EntryPoint\",\"urlTemplate\":\"https:\/\/progresso.com.br\/?s={search_term_string}\"},\"query-input\":{\"@type\":\"PropertyValueSpecification\",\"valueRequired\":true,\"valueName\":\"search_term_string\"}}],\"inLanguage\":\"pt-BR\"},{\"@type\":\"Organization\",\"@id\":\"https:\/\/progresso.com.br\/#organization\",\"name\":\"O PROGRESSO\",\"url\":\"https:\/\/progresso.com.br\/\",\"logo\":{\"@type\":\"ImageObject\",\"inLanguage\":\"pt-BR\",\"@id\":\"https:\/\/progresso.com.br\/#\/schema\/logo\/image\/\",\"url\":\"https:\/\/progresso.com.br\/wp-content\/uploads\/2026\/03\/logo_proog.jpg\",\"contentUrl\":\"https:\/\/progresso.com.br\/wp-content\/uploads\/2026\/03\/logo_proog.jpg\",\"width\":1960,\"height\":1080,\"caption\":\"O PROGRESSO\"},\"image\":{\"@id\":\"https:\/\/progresso.com.br\/#\/schema\/logo\/image\/\"},\"sameAs\":[\"https:\/\/www.facebook.com\/share\/1CeoksKBj6\/\",\"https:\/\/www.instagram.com\/oprogresso_digital\"]},{\"@type\":\"Person\",\"@id\":\"https:\/\/progresso.com.br\/#\/schema\/person\/5dd27138d4463fbbaace62120bfc002b\",\"name\":\"Rose\",\"image\":{\"@type\":\"ImageObject\",\"inLanguage\":\"pt-BR\",\"@id\":\"https:\/\/progresso.com.br\/#\/schema\/person\/image\/\",\"url\":\"https:\/\/secure.gravatar.com\/avatar\/1b6890e759cdd3a88d9f751cb423720b9861c5239167cd3586355638b6556599?s=96&d=mm&r=g\",\"contentUrl\":\"https:\/\/secure.gravatar.com\/avatar\/1b6890e759cdd3a88d9f751cb423720b9861c5239167cd3586355638b6556599?s=96&d=mm&r=g\",\"caption\":\"Rose\"},\"url\":\"https:\/\/progresso.com.br\/index.php\/author\/rose\/\"}]}<\/script>\n<!-- \/ Yoast SEO plugin. -->","yoast_head_json":{"title":"Gasolina e alimentos pressionam, e pr\u00e9via da infla\u00e7\u00e3o sobe para 0,89% - O PROGRESSO","robots":{"index":"index","follow":"follow","max-snippet":"max-snippet:-1","max-image-preview":"max-image-preview:large","max-video-preview":"max-video-preview:-1"},"canonical":"https:\/\/progresso.com.br\/index.php\/2026\/04\/28\/gasolina-e-alimentos-pressionam-e-previa-da-inflacao-sobe-para-089\/","og_locale":"pt_BR","og_type":"article","og_title":"Gasolina e alimentos pressionam, e pr\u00e9via da infla\u00e7\u00e3o sobe para 0,89% - O PROGRESSO","og_description":"Guerra contribui para aumento no pre\u00e7o dos combust\u00edveis em abril Bruno de Freitas Moura &#8211; Ag\u00eancia Brasil O pre\u00e7o dos alimentos e dos combust\u00edveis pressionaram o bolso do brasileiro em abril e fizeram a pr\u00e9via da infla\u00e7\u00e3o do m\u00eas fechar em 0,89%. O resultado fica acima do apurado em abril (0,44%) e \u00e9 o maior [&hellip;]","og_url":"https:\/\/progresso.com.br\/index.php\/2026\/04\/28\/gasolina-e-alimentos-pressionam-e-previa-da-inflacao-sobe-para-089\/","og_site_name":"O PROGRESSO","article_publisher":"https:\/\/www.facebook.com\/share\/1CeoksKBj6\/","article_published_time":"2026-04-28T15:15:00+00:00","og_image":[{"width":1170,"height":700,"url":"https:\/\/progresso.com.br\/wp-content\/uploads\/2026\/04\/sp_transito_1.webp","type":"image\/webp"}],"author":"Rose","twitter_card":"summary_large_image","twitter_misc":{"Escrito por":"Rose","Est. tempo de leitura":"5 minutos"},"schema":{"@context":"https:\/\/schema.org","@graph":[{"@type":"Article","@id":"https:\/\/progresso.com.br\/index.php\/2026\/04\/28\/gasolina-e-alimentos-pressionam-e-previa-da-inflacao-sobe-para-089\/#article","isPartOf":{"@id":"https:\/\/progresso.com.br\/index.php\/2026\/04\/28\/gasolina-e-alimentos-pressionam-e-previa-da-inflacao-sobe-para-089\/"},"author":{"name":"Rose","@id":"https:\/\/progresso.com.br\/#\/schema\/person\/5dd27138d4463fbbaace62120bfc002b"},"headline":"Gasolina e alimentos pressionam, e pr\u00e9via da infla\u00e7\u00e3o sobe para 0,89%","datePublished":"2026-04-28T15:15:00+00:00","mainEntityOfPage":{"@id":"https:\/\/progresso.com.br\/index.php\/2026\/04\/28\/gasolina-e-alimentos-pressionam-e-previa-da-inflacao-sobe-para-089\/"},"wordCount":803,"commentCount":0,"publisher":{"@id":"https:\/\/progresso.com.br\/#organization"},"image":{"@id":"https:\/\/progresso.com.br\/index.php\/2026\/04\/28\/gasolina-e-alimentos-pressionam-e-previa-da-inflacao-sobe-para-089\/#primaryimage"},"thumbnailUrl":"https:\/\/progresso.com.br\/wp-content\/uploads\/2026\/04\/sp_transito_1.webp","articleSection":["Economia","Em destaque"],"inLanguage":"pt-BR","potentialAction":[{"@type":"CommentAction","name":"Comment","target":["https:\/\/progresso.com.br\/index.php\/2026\/04\/28\/gasolina-e-alimentos-pressionam-e-previa-da-inflacao-sobe-para-089\/#respond"]}]},{"@type":"WebPage","@id":"https:\/\/progresso.com.br\/index.php\/2026\/04\/28\/gasolina-e-alimentos-pressionam-e-previa-da-inflacao-sobe-para-089\/","url":"https:\/\/progresso.com.br\/index.php\/2026\/04\/28\/gasolina-e-alimentos-pressionam-e-previa-da-inflacao-sobe-para-089\/","name":"Gasolina e alimentos pressionam, e pr\u00e9via da infla\u00e7\u00e3o sobe para 0,89% - O PROGRESSO","isPartOf":{"@id":"https:\/\/progresso.com.br\/#website"},"primaryImageOfPage":{"@id":"https:\/\/progresso.com.br\/index.php\/2026\/04\/28\/gasolina-e-alimentos-pressionam-e-previa-da-inflacao-sobe-para-089\/#primaryimage"},"image":{"@id":"https:\/\/progresso.com.br\/index.php\/2026\/04\/28\/gasolina-e-alimentos-pressionam-e-previa-da-inflacao-sobe-para-089\/#primaryimage"},"thumbnailUrl":"https:\/\/progresso.com.br\/wp-content\/uploads\/2026\/04\/sp_transito_1.webp","datePublished":"2026-04-28T15:15:00+00:00","breadcrumb":{"@id":"https:\/\/progresso.com.br\/index.php\/2026\/04\/28\/gasolina-e-alimentos-pressionam-e-previa-da-inflacao-sobe-para-089\/#breadcrumb"},"inLanguage":"pt-BR","potentialAction":[{"@type":"ReadAction","target":["https:\/\/progresso.com.br\/index.php\/2026\/04\/28\/gasolina-e-alimentos-pressionam-e-previa-da-inflacao-sobe-para-089\/"]}]},{"@type":"ImageObject","inLanguage":"pt-BR","@id":"https:\/\/progresso.com.br\/index.php\/2026\/04\/28\/gasolina-e-alimentos-pressionam-e-previa-da-inflacao-sobe-para-089\/#primaryimage","url":"https:\/\/progresso.com.br\/wp-content\/uploads\/2026\/04\/sp_transito_1.webp","contentUrl":"https:\/\/progresso.com.br\/wp-content\/uploads\/2026\/04\/sp_transito_1.webp","width":1170,"height":700,"caption":"(Foto: Arquivo\/ag\u00eanca brasil)"},{"@type":"BreadcrumbList","@id":"https:\/\/progresso.com.br\/index.php\/2026\/04\/28\/gasolina-e-alimentos-pressionam-e-previa-da-inflacao-sobe-para-089\/#breadcrumb","itemListElement":[{"@type":"ListItem","position":1,"name":"In\u00edcio","item":"https:\/\/progresso.com.br\/"},{"@type":"ListItem","position":2,"name":"Gasolina e alimentos pressionam, e pr\u00e9via da infla\u00e7\u00e3o sobe para 0,89%"}]},{"@type":"WebSite","@id":"https:\/\/progresso.com.br\/#website","url":"https:\/\/progresso.com.br\/","name":"O PROGRESSO","description":"","publisher":{"@id":"https:\/\/progresso.com.br\/#organization"},"potentialAction":[{"@type":"SearchAction","target":{"@type":"EntryPoint","urlTemplate":"https:\/\/progresso.com.br\/?s={search_term_string}"},"query-input":{"@type":"PropertyValueSpecification","valueRequired":true,"valueName":"search_term_string"}}],"inLanguage":"pt-BR"},{"@type":"Organization","@id":"https:\/\/progresso.com.br\/#organization","name":"O PROGRESSO","url":"https:\/\/progresso.com.br\/","logo":{"@type":"ImageObject","inLanguage":"pt-BR","@id":"https:\/\/progresso.com.br\/#\/schema\/logo\/image\/","url":"https:\/\/progresso.com.br\/wp-content\/uploads\/2026\/03\/logo_proog.jpg","contentUrl":"https:\/\/progresso.com.br\/wp-content\/uploads\/2026\/03\/logo_proog.jpg","width":1960,"height":1080,"caption":"O PROGRESSO"},"image":{"@id":"https:\/\/progresso.com.br\/#\/schema\/logo\/image\/"},"sameAs":["https:\/\/www.facebook.com\/share\/1CeoksKBj6\/","https:\/\/www.instagram.com\/oprogresso_digital"]},{"@type":"Person","@id":"https:\/\/progresso.com.br\/#\/schema\/person\/5dd27138d4463fbbaace62120bfc002b","name":"Rose","image":{"@type":"ImageObject","inLanguage":"pt-BR","@id":"https:\/\/progresso.com.br\/#\/schema\/person\/image\/","url":"https:\/\/secure.gravatar.com\/avatar\/1b6890e759cdd3a88d9f751cb423720b9861c5239167cd3586355638b6556599?s=96&d=mm&r=g","contentUrl":"https:\/\/secure.gravatar.com\/avatar\/1b6890e759cdd3a88d9f751cb423720b9861c5239167cd3586355638b6556599?s=96&d=mm&r=g","caption":"Rose"},"url":"https:\/\/progresso.com.br\/index.php\/author\/rose\/"}]}},"_links":{"self":[{"href":"https:\/\/progresso.com.br\/index.php\/wp-json\/wp\/v2\/posts\/4953","targetHints":{"allow":["GET"]}}],"collection":[{"href":"https:\/\/progresso.com.br\/index.php\/wp-json\/wp\/v2\/posts"}],"about":[{"href":"https:\/\/progresso.com.br\/index.php\/wp-json\/wp\/v2\/types\/post"}],"author":[{"embeddable":true,"href":"https:\/\/progresso.com.br\/index.php\/wp-json\/wp\/v2\/users\/2"}],"replies":[{"embeddable":true,"href":"https:\/\/progresso.com.br\/index.php\/wp-json\/wp\/v2\/comments?post=4953"}],"version-history":[{"count":1,"href":"https:\/\/progresso.com.br\/index.php\/wp-json\/wp\/v2\/posts\/4953\/revisions"}],"predecessor-version":[{"id":4955,"href":"https:\/\/progresso.com.br\/index.php\/wp-json\/wp\/v2\/posts\/4953\/revisions\/4955"}],"wp:featuredmedia":[{"embeddable":true,"href":"https:\/\/progresso.com.br\/index.php\/wp-json\/wp\/v2\/media\/4954"}],"wp:attachment":[{"href":"https:\/\/progresso.com.br\/index.php\/wp-json\/wp\/v2\/media?parent=4953"}],"wp:term":[{"taxonomy":"category","embeddable":true,"href":"https:\/\/progresso.com.br\/index.php\/wp-json\/wp\/v2\/categories?post=4953"},{"taxonomy":"post_tag","embeddable":true,"href":"https:\/\/progresso.com.br\/index.php\/wp-json\/wp\/v2\/tags?post=4953"}],"curies":[{"name":"wp","href":"https:\/\/api.w.org\/{rel}","templated":true}]}}