{"id":4956,"date":"2026-04-28T11:30:00","date_gmt":"2026-04-28T15:30:00","guid":{"rendered":"https:\/\/progresso.com.br\/?p=4956"},"modified":"2026-04-28T10:46:43","modified_gmt":"2026-04-28T14:46:43","slug":"fim-da-escala-6x1-estudos-divergem-sobre-impactos-no-pib-e-inflacao","status":"publish","type":"post","link":"https:\/\/progresso.com.br\/index.php\/2026\/04\/28\/fim-da-escala-6x1-estudos-divergem-sobre-impactos-no-pib-e-inflacao\/","title":{"rendered":"Fim da escala 6&#215;1: estudos divergem sobre impactos no PIB e infla\u00e7\u00e3o"},"content":{"rendered":"\n<p><br><strong><em>Impactos da redu\u00e7\u00e3o de jornada viram disputa entre economistas<\/em><\/strong><\/p>\n\n\n\n<p><em>Lucas Pordeus Le\u00f3n &#8211;  Ag\u00eancia Brasil<\/em><\/p>\n\n\n\n<p>A proposta de reduzir a jornada de trabalho no Brasil, com o fim da escala 6&#215;1, tem gerado debate sobre seus impactos econ\u00f4micos. Enquanto entidades empresariais preveem queda do PIB e aumento da infla\u00e7\u00e3o, estudos da Unicamp e do Ipea indicam efeitos mais limitados, com poss\u00edvel gera\u00e7\u00e3o de empregos e at\u00e9 crescimento econ\u00f4mico.<\/p>\n\n\n\n<p>A economista Marilane Teixeira afirma que as diverg\u00eancias decorrem de diferentes premissas e vis\u00f5es. J\u00e1 confedera\u00e7\u00f5es como CNI e CNC projetam aumento de custos, com impacto nos pre\u00e7os e na competitividade das empresas.<\/p>\n\n\n\n<p>Por outro lado, o Ipea estima que o custo adicional do trabalho ficaria abaixo de 10% nos setores mais afetados, com impacto reduzido no custo total das empresas. O instituto tamb\u00e9m avalia que o efeito sobre a infla\u00e7\u00e3o tende a ser limitado.<\/p>\n\n\n\n<p>Outro ponto de diverg\u00eancia \u00e9 a produtividade. Para o setor empresarial, \u00e9 improv\u00e1vel que ela compense a redu\u00e7\u00e3o da jornada. J\u00e1 pesquisadores apontam que jornadas menores podem at\u00e9 melhorar o desempenho dos trabalhadores.<\/p>\n\n\n\n<p>Experi\u00eancias anteriores, como a redu\u00e7\u00e3o da jornada na Constitui\u00e7\u00e3o de 1988, n\u00e3o indicaram efeitos negativos no emprego, embora haja ressalvas sobre as diferen\u00e7as do cen\u00e1rio econ\u00f4mico atual.<\/p>\n\n\n\n<p>No geral, os estudos mostram que os impactos da medida dependem das premissas adotadas, refletindo n\u00e3o apenas an\u00e1lises t\u00e9cnicas, mas tamb\u00e9m vis\u00f5es econ\u00f4micas e sociais distintas.<\/p>\n","protected":false},"excerpt":{"rendered":"<p>Impactos da redu\u00e7\u00e3o de jornada viram disputa entre economistas Lucas Pordeus Le\u00f3n &#8211; Ag\u00eancia Brasil A proposta de reduzir a jornada de trabalho no Brasil, com o fim da escala 6&#215;1, tem gerado debate sobre seus impactos econ\u00f4micos. Enquanto entidades empresariais preveem queda do PIB e aumento da infla\u00e7\u00e3o, estudos da Unicamp e do Ipea [&hellip;]<\/p>\n","protected":false},"author":2,"featured_media":4957,"comment_status":"open","ping_status":"open","sticky":false,"template":"","format":"standard","meta":{"footnotes":""},"categories":[10],"tags":[],"class_list":["post-4956","post","type-post","status-publish","format-standard","has-post-thumbnail","hentry","category-economia"],"yoast_head":"<!-- This site is optimized with the Yoast SEO plugin v27.1.1 - https:\/\/yoast.com\/product\/yoast-seo-wordpress\/ -->\n<title>Fim da escala 6x1: estudos divergem sobre impactos no PIB e infla\u00e7\u00e3o - O PROGRESSO<\/title>\n<meta name=\"robots\" content=\"index, follow, max-snippet:-1, max-image-preview:large, max-video-preview:-1\" \/>\n<link rel=\"canonical\" href=\"https:\/\/progresso.com.br\/index.php\/2026\/04\/28\/fim-da-escala-6x1-estudos-divergem-sobre-impactos-no-pib-e-inflacao\/\" \/>\n<meta property=\"og:locale\" content=\"pt_BR\" \/>\n<meta property=\"og:type\" content=\"article\" \/>\n<meta property=\"og:title\" content=\"Fim da escala 6x1: estudos divergem sobre impactos no PIB e infla\u00e7\u00e3o - O PROGRESSO\" \/>\n<meta property=\"og:description\" content=\"Impactos da redu\u00e7\u00e3o de jornada viram disputa entre economistas Lucas Pordeus Le\u00f3n &#8211; Ag\u00eancia Brasil A proposta de reduzir a jornada de trabalho no Brasil, com o fim da escala 6&#215;1, tem gerado debate sobre seus impactos econ\u00f4micos. Enquanto entidades empresariais preveem queda do PIB e aumento da infla\u00e7\u00e3o, estudos da Unicamp e do Ipea [&hellip;]\" \/>\n<meta property=\"og:url\" content=\"https:\/\/progresso.com.br\/index.php\/2026\/04\/28\/fim-da-escala-6x1-estudos-divergem-sobre-impactos-no-pib-e-inflacao\/\" \/>\n<meta property=\"og:site_name\" content=\"O PROGRESSO\" \/>\n<meta property=\"article:publisher\" content=\"https:\/\/www.facebook.com\/share\/1CeoksKBj6\/\" \/>\n<meta property=\"article:published_time\" content=\"2026-04-28T15:30:00+00:00\" \/>\n<meta property=\"og:image\" content=\"https:\/\/progresso.com.br\/wp-content\/uploads\/2026\/04\/1064929-edit_04214.webp\" \/>\n\t<meta property=\"og:image:width\" content=\"1170\" \/>\n\t<meta property=\"og:image:height\" content=\"700\" \/>\n\t<meta property=\"og:image:type\" content=\"image\/webp\" \/>\n<meta name=\"author\" content=\"Rose\" \/>\n<meta name=\"twitter:card\" content=\"summary_large_image\" \/>\n<meta name=\"twitter:label1\" content=\"Escrito por\" \/>\n\t<meta name=\"twitter:data1\" content=\"Rose\" \/>\n\t<meta name=\"twitter:label2\" content=\"Est. tempo de leitura\" \/>\n\t<meta name=\"twitter:data2\" content=\"2 minutos\" \/>\n<script type=\"application\/ld+json\" class=\"yoast-schema-graph\">{\"@context\":\"https:\/\/schema.org\",\"@graph\":[{\"@type\":\"Article\",\"@id\":\"https:\/\/progresso.com.br\/index.php\/2026\/04\/28\/fim-da-escala-6x1-estudos-divergem-sobre-impactos-no-pib-e-inflacao\/#article\",\"isPartOf\":{\"@id\":\"https:\/\/progresso.com.br\/index.php\/2026\/04\/28\/fim-da-escala-6x1-estudos-divergem-sobre-impactos-no-pib-e-inflacao\/\"},\"author\":{\"name\":\"Rose\",\"@id\":\"https:\/\/progresso.com.br\/#\/schema\/person\/5dd27138d4463fbbaace62120bfc002b\"},\"headline\":\"Fim da escala 6&#215;1: estudos divergem sobre impactos no PIB e infla\u00e7\u00e3o\",\"datePublished\":\"2026-04-28T15:30:00+00:00\",\"mainEntityOfPage\":{\"@id\":\"https:\/\/progresso.com.br\/index.php\/2026\/04\/28\/fim-da-escala-6x1-estudos-divergem-sobre-impactos-no-pib-e-inflacao\/\"},\"wordCount\":268,\"commentCount\":0,\"publisher\":{\"@id\":\"https:\/\/progresso.com.br\/#organization\"},\"image\":{\"@id\":\"https:\/\/progresso.com.br\/index.php\/2026\/04\/28\/fim-da-escala-6x1-estudos-divergem-sobre-impactos-no-pib-e-inflacao\/#primaryimage\"},\"thumbnailUrl\":\"https:\/\/progresso.com.br\/wp-content\/uploads\/2026\/04\/1064929-edit_04214.webp\",\"articleSection\":[\"Economia\"],\"inLanguage\":\"pt-BR\",\"potentialAction\":[{\"@type\":\"CommentAction\",\"name\":\"Comment\",\"target\":[\"https:\/\/progresso.com.br\/index.php\/2026\/04\/28\/fim-da-escala-6x1-estudos-divergem-sobre-impactos-no-pib-e-inflacao\/#respond\"]}]},{\"@type\":\"WebPage\",\"@id\":\"https:\/\/progresso.com.br\/index.php\/2026\/04\/28\/fim-da-escala-6x1-estudos-divergem-sobre-impactos-no-pib-e-inflacao\/\",\"url\":\"https:\/\/progresso.com.br\/index.php\/2026\/04\/28\/fim-da-escala-6x1-estudos-divergem-sobre-impactos-no-pib-e-inflacao\/\",\"name\":\"Fim da escala 6x1: estudos divergem sobre impactos no PIB e infla\u00e7\u00e3o - O PROGRESSO\",\"isPartOf\":{\"@id\":\"https:\/\/progresso.com.br\/#website\"},\"primaryImageOfPage\":{\"@id\":\"https:\/\/progresso.com.br\/index.php\/2026\/04\/28\/fim-da-escala-6x1-estudos-divergem-sobre-impactos-no-pib-e-inflacao\/#primaryimage\"},\"image\":{\"@id\":\"https:\/\/progresso.com.br\/index.php\/2026\/04\/28\/fim-da-escala-6x1-estudos-divergem-sobre-impactos-no-pib-e-inflacao\/#primaryimage\"},\"thumbnailUrl\":\"https:\/\/progresso.com.br\/wp-content\/uploads\/2026\/04\/1064929-edit_04214.webp\",\"datePublished\":\"2026-04-28T15:30:00+00:00\",\"breadcrumb\":{\"@id\":\"https:\/\/progresso.com.br\/index.php\/2026\/04\/28\/fim-da-escala-6x1-estudos-divergem-sobre-impactos-no-pib-e-inflacao\/#breadcrumb\"},\"inLanguage\":\"pt-BR\",\"potentialAction\":[{\"@type\":\"ReadAction\",\"target\":[\"https:\/\/progresso.com.br\/index.php\/2026\/04\/28\/fim-da-escala-6x1-estudos-divergem-sobre-impactos-no-pib-e-inflacao\/\"]}]},{\"@type\":\"ImageObject\",\"inLanguage\":\"pt-BR\",\"@id\":\"https:\/\/progresso.com.br\/index.php\/2026\/04\/28\/fim-da-escala-6x1-estudos-divergem-sobre-impactos-no-pib-e-inflacao\/#primaryimage\",\"url\":\"https:\/\/progresso.com.br\/wp-content\/uploads\/2026\/04\/1064929-edit_04214.webp\",\"contentUrl\":\"https:\/\/progresso.com.br\/wp-content\/uploads\/2026\/04\/1064929-edit_04214.webp\",\"width\":1170,\"height\":700,\"caption\":\"(Foto: T\u00e2nia R\u00eago\/Ag\u00eancia Brasil\/Arquivo)\"},{\"@type\":\"BreadcrumbList\",\"@id\":\"https:\/\/progresso.com.br\/index.php\/2026\/04\/28\/fim-da-escala-6x1-estudos-divergem-sobre-impactos-no-pib-e-inflacao\/#breadcrumb\",\"itemListElement\":[{\"@type\":\"ListItem\",\"position\":1,\"name\":\"In\u00edcio\",\"item\":\"https:\/\/progresso.com.br\/\"},{\"@type\":\"ListItem\",\"position\":2,\"name\":\"Fim da escala 6&#215;1: estudos divergem sobre impactos no PIB e infla\u00e7\u00e3o\"}]},{\"@type\":\"WebSite\",\"@id\":\"https:\/\/progresso.com.br\/#website\",\"url\":\"https:\/\/progresso.com.br\/\",\"name\":\"O PROGRESSO\",\"description\":\"\",\"publisher\":{\"@id\":\"https:\/\/progresso.com.br\/#organization\"},\"potentialAction\":[{\"@type\":\"SearchAction\",\"target\":{\"@type\":\"EntryPoint\",\"urlTemplate\":\"https:\/\/progresso.com.br\/?s={search_term_string}\"},\"query-input\":{\"@type\":\"PropertyValueSpecification\",\"valueRequired\":true,\"valueName\":\"search_term_string\"}}],\"inLanguage\":\"pt-BR\"},{\"@type\":\"Organization\",\"@id\":\"https:\/\/progresso.com.br\/#organization\",\"name\":\"O PROGRESSO\",\"url\":\"https:\/\/progresso.com.br\/\",\"logo\":{\"@type\":\"ImageObject\",\"inLanguage\":\"pt-BR\",\"@id\":\"https:\/\/progresso.com.br\/#\/schema\/logo\/image\/\",\"url\":\"https:\/\/progresso.com.br\/wp-content\/uploads\/2026\/03\/logo_proog.jpg\",\"contentUrl\":\"https:\/\/progresso.com.br\/wp-content\/uploads\/2026\/03\/logo_proog.jpg\",\"width\":1960,\"height\":1080,\"caption\":\"O PROGRESSO\"},\"image\":{\"@id\":\"https:\/\/progresso.com.br\/#\/schema\/logo\/image\/\"},\"sameAs\":[\"https:\/\/www.facebook.com\/share\/1CeoksKBj6\/\",\"https:\/\/www.instagram.com\/oprogresso_digital\"]},{\"@type\":\"Person\",\"@id\":\"https:\/\/progresso.com.br\/#\/schema\/person\/5dd27138d4463fbbaace62120bfc002b\",\"name\":\"Rose\",\"image\":{\"@type\":\"ImageObject\",\"inLanguage\":\"pt-BR\",\"@id\":\"https:\/\/progresso.com.br\/#\/schema\/person\/image\/\",\"url\":\"https:\/\/secure.gravatar.com\/avatar\/1b6890e759cdd3a88d9f751cb423720b9861c5239167cd3586355638b6556599?s=96&d=mm&r=g\",\"contentUrl\":\"https:\/\/secure.gravatar.com\/avatar\/1b6890e759cdd3a88d9f751cb423720b9861c5239167cd3586355638b6556599?s=96&d=mm&r=g\",\"caption\":\"Rose\"},\"url\":\"https:\/\/progresso.com.br\/index.php\/author\/rose\/\"}]}<\/script>\n<!-- \/ Yoast SEO plugin. -->","yoast_head_json":{"title":"Fim da escala 6x1: estudos divergem sobre impactos no PIB e infla\u00e7\u00e3o - O PROGRESSO","robots":{"index":"index","follow":"follow","max-snippet":"max-snippet:-1","max-image-preview":"max-image-preview:large","max-video-preview":"max-video-preview:-1"},"canonical":"https:\/\/progresso.com.br\/index.php\/2026\/04\/28\/fim-da-escala-6x1-estudos-divergem-sobre-impactos-no-pib-e-inflacao\/","og_locale":"pt_BR","og_type":"article","og_title":"Fim da escala 6x1: estudos divergem sobre impactos no PIB e infla\u00e7\u00e3o - O PROGRESSO","og_description":"Impactos da redu\u00e7\u00e3o de jornada viram disputa entre economistas Lucas Pordeus Le\u00f3n &#8211; Ag\u00eancia Brasil A proposta de reduzir a jornada de trabalho no Brasil, com o fim da escala 6&#215;1, tem gerado debate sobre seus impactos econ\u00f4micos. Enquanto entidades empresariais preveem queda do PIB e aumento da infla\u00e7\u00e3o, estudos da Unicamp e do Ipea [&hellip;]","og_url":"https:\/\/progresso.com.br\/index.php\/2026\/04\/28\/fim-da-escala-6x1-estudos-divergem-sobre-impactos-no-pib-e-inflacao\/","og_site_name":"O PROGRESSO","article_publisher":"https:\/\/www.facebook.com\/share\/1CeoksKBj6\/","article_published_time":"2026-04-28T15:30:00+00:00","og_image":[{"width":1170,"height":700,"url":"https:\/\/progresso.com.br\/wp-content\/uploads\/2026\/04\/1064929-edit_04214.webp","type":"image\/webp"}],"author":"Rose","twitter_card":"summary_large_image","twitter_misc":{"Escrito por":"Rose","Est. tempo de leitura":"2 minutos"},"schema":{"@context":"https:\/\/schema.org","@graph":[{"@type":"Article","@id":"https:\/\/progresso.com.br\/index.php\/2026\/04\/28\/fim-da-escala-6x1-estudos-divergem-sobre-impactos-no-pib-e-inflacao\/#article","isPartOf":{"@id":"https:\/\/progresso.com.br\/index.php\/2026\/04\/28\/fim-da-escala-6x1-estudos-divergem-sobre-impactos-no-pib-e-inflacao\/"},"author":{"name":"Rose","@id":"https:\/\/progresso.com.br\/#\/schema\/person\/5dd27138d4463fbbaace62120bfc002b"},"headline":"Fim da escala 6&#215;1: estudos divergem sobre impactos no PIB e infla\u00e7\u00e3o","datePublished":"2026-04-28T15:30:00+00:00","mainEntityOfPage":{"@id":"https:\/\/progresso.com.br\/index.php\/2026\/04\/28\/fim-da-escala-6x1-estudos-divergem-sobre-impactos-no-pib-e-inflacao\/"},"wordCount":268,"commentCount":0,"publisher":{"@id":"https:\/\/progresso.com.br\/#organization"},"image":{"@id":"https:\/\/progresso.com.br\/index.php\/2026\/04\/28\/fim-da-escala-6x1-estudos-divergem-sobre-impactos-no-pib-e-inflacao\/#primaryimage"},"thumbnailUrl":"https:\/\/progresso.com.br\/wp-content\/uploads\/2026\/04\/1064929-edit_04214.webp","articleSection":["Economia"],"inLanguage":"pt-BR","potentialAction":[{"@type":"CommentAction","name":"Comment","target":["https:\/\/progresso.com.br\/index.php\/2026\/04\/28\/fim-da-escala-6x1-estudos-divergem-sobre-impactos-no-pib-e-inflacao\/#respond"]}]},{"@type":"WebPage","@id":"https:\/\/progresso.com.br\/index.php\/2026\/04\/28\/fim-da-escala-6x1-estudos-divergem-sobre-impactos-no-pib-e-inflacao\/","url":"https:\/\/progresso.com.br\/index.php\/2026\/04\/28\/fim-da-escala-6x1-estudos-divergem-sobre-impactos-no-pib-e-inflacao\/","name":"Fim da escala 6x1: estudos divergem sobre impactos no PIB e infla\u00e7\u00e3o - O PROGRESSO","isPartOf":{"@id":"https:\/\/progresso.com.br\/#website"},"primaryImageOfPage":{"@id":"https:\/\/progresso.com.br\/index.php\/2026\/04\/28\/fim-da-escala-6x1-estudos-divergem-sobre-impactos-no-pib-e-inflacao\/#primaryimage"},"image":{"@id":"https:\/\/progresso.com.br\/index.php\/2026\/04\/28\/fim-da-escala-6x1-estudos-divergem-sobre-impactos-no-pib-e-inflacao\/#primaryimage"},"thumbnailUrl":"https:\/\/progresso.com.br\/wp-content\/uploads\/2026\/04\/1064929-edit_04214.webp","datePublished":"2026-04-28T15:30:00+00:00","breadcrumb":{"@id":"https:\/\/progresso.com.br\/index.php\/2026\/04\/28\/fim-da-escala-6x1-estudos-divergem-sobre-impactos-no-pib-e-inflacao\/#breadcrumb"},"inLanguage":"pt-BR","potentialAction":[{"@type":"ReadAction","target":["https:\/\/progresso.com.br\/index.php\/2026\/04\/28\/fim-da-escala-6x1-estudos-divergem-sobre-impactos-no-pib-e-inflacao\/"]}]},{"@type":"ImageObject","inLanguage":"pt-BR","@id":"https:\/\/progresso.com.br\/index.php\/2026\/04\/28\/fim-da-escala-6x1-estudos-divergem-sobre-impactos-no-pib-e-inflacao\/#primaryimage","url":"https:\/\/progresso.com.br\/wp-content\/uploads\/2026\/04\/1064929-edit_04214.webp","contentUrl":"https:\/\/progresso.com.br\/wp-content\/uploads\/2026\/04\/1064929-edit_04214.webp","width":1170,"height":700,"caption":"(Foto: T\u00e2nia R\u00eago\/Ag\u00eancia Brasil\/Arquivo)"},{"@type":"BreadcrumbList","@id":"https:\/\/progresso.com.br\/index.php\/2026\/04\/28\/fim-da-escala-6x1-estudos-divergem-sobre-impactos-no-pib-e-inflacao\/#breadcrumb","itemListElement":[{"@type":"ListItem","position":1,"name":"In\u00edcio","item":"https:\/\/progresso.com.br\/"},{"@type":"ListItem","position":2,"name":"Fim da escala 6&#215;1: estudos divergem sobre impactos no PIB e infla\u00e7\u00e3o"}]},{"@type":"WebSite","@id":"https:\/\/progresso.com.br\/#website","url":"https:\/\/progresso.com.br\/","name":"O PROGRESSO","description":"","publisher":{"@id":"https:\/\/progresso.com.br\/#organization"},"potentialAction":[{"@type":"SearchAction","target":{"@type":"EntryPoint","urlTemplate":"https:\/\/progresso.com.br\/?s={search_term_string}"},"query-input":{"@type":"PropertyValueSpecification","valueRequired":true,"valueName":"search_term_string"}}],"inLanguage":"pt-BR"},{"@type":"Organization","@id":"https:\/\/progresso.com.br\/#organization","name":"O PROGRESSO","url":"https:\/\/progresso.com.br\/","logo":{"@type":"ImageObject","inLanguage":"pt-BR","@id":"https:\/\/progresso.com.br\/#\/schema\/logo\/image\/","url":"https:\/\/progresso.com.br\/wp-content\/uploads\/2026\/03\/logo_proog.jpg","contentUrl":"https:\/\/progresso.com.br\/wp-content\/uploads\/2026\/03\/logo_proog.jpg","width":1960,"height":1080,"caption":"O PROGRESSO"},"image":{"@id":"https:\/\/progresso.com.br\/#\/schema\/logo\/image\/"},"sameAs":["https:\/\/www.facebook.com\/share\/1CeoksKBj6\/","https:\/\/www.instagram.com\/oprogresso_digital"]},{"@type":"Person","@id":"https:\/\/progresso.com.br\/#\/schema\/person\/5dd27138d4463fbbaace62120bfc002b","name":"Rose","image":{"@type":"ImageObject","inLanguage":"pt-BR","@id":"https:\/\/progresso.com.br\/#\/schema\/person\/image\/","url":"https:\/\/secure.gravatar.com\/avatar\/1b6890e759cdd3a88d9f751cb423720b9861c5239167cd3586355638b6556599?s=96&d=mm&r=g","contentUrl":"https:\/\/secure.gravatar.com\/avatar\/1b6890e759cdd3a88d9f751cb423720b9861c5239167cd3586355638b6556599?s=96&d=mm&r=g","caption":"Rose"},"url":"https:\/\/progresso.com.br\/index.php\/author\/rose\/"}]}},"_links":{"self":[{"href":"https:\/\/progresso.com.br\/index.php\/wp-json\/wp\/v2\/posts\/4956","targetHints":{"allow":["GET"]}}],"collection":[{"href":"https:\/\/progresso.com.br\/index.php\/wp-json\/wp\/v2\/posts"}],"about":[{"href":"https:\/\/progresso.com.br\/index.php\/wp-json\/wp\/v2\/types\/post"}],"author":[{"embeddable":true,"href":"https:\/\/progresso.com.br\/index.php\/wp-json\/wp\/v2\/users\/2"}],"replies":[{"embeddable":true,"href":"https:\/\/progresso.com.br\/index.php\/wp-json\/wp\/v2\/comments?post=4956"}],"version-history":[{"count":1,"href":"https:\/\/progresso.com.br\/index.php\/wp-json\/wp\/v2\/posts\/4956\/revisions"}],"predecessor-version":[{"id":4958,"href":"https:\/\/progresso.com.br\/index.php\/wp-json\/wp\/v2\/posts\/4956\/revisions\/4958"}],"wp:featuredmedia":[{"embeddable":true,"href":"https:\/\/progresso.com.br\/index.php\/wp-json\/wp\/v2\/media\/4957"}],"wp:attachment":[{"href":"https:\/\/progresso.com.br\/index.php\/wp-json\/wp\/v2\/media?parent=4956"}],"wp:term":[{"taxonomy":"category","embeddable":true,"href":"https:\/\/progresso.com.br\/index.php\/wp-json\/wp\/v2\/categories?post=4956"},{"taxonomy":"post_tag","embeddable":true,"href":"https:\/\/progresso.com.br\/index.php\/wp-json\/wp\/v2\/tags?post=4956"}],"curies":[{"name":"wp","href":"https:\/\/api.w.org\/{rel}","templated":true}]}}