{"id":4959,"date":"2026-04-28T12:00:00","date_gmt":"2026-04-28T16:00:00","guid":{"rendered":"https:\/\/progresso.com.br\/?p=4959"},"modified":"2026-04-28T10:51:13","modified_gmt":"2026-04-28T14:51:13","slug":"pf-faz-operacao-em-ms-e-outros-26-estados-contra-abuso-infantojuvenil","status":"publish","type":"post","link":"https:\/\/progresso.com.br\/index.php\/2026\/04\/28\/pf-faz-operacao-em-ms-e-outros-26-estados-contra-abuso-infantojuvenil\/","title":{"rendered":"PF faz opera\u00e7\u00e3o em MS e outros 26 estados contra abuso infantojuvenil"},"content":{"rendered":"\n<p><strong><em>A\u00e7\u00e3o integra investiga\u00e7\u00e3o internacional que ocorre em outros 15 pa\u00edses<\/em><\/strong><\/p>\n\n\n\n<p><em>Paula Laboissi\u00e8re \u2013  Ag\u00eancia Brasil<\/em><\/p>\n\n\n\n<p><strong>A Pol\u00edcia Federal (PF) deflagrou nesta ter\u00e7a-feira (28) a Opera\u00e7\u00e3o Nacional Prote\u00e7\u00e3o Integral IV, que tem como objetivo identificar e prender autores de crimes de abuso sexual contra crian\u00e7as e adolescentes.<\/strong><img decoding=\"async\" src=\"https:\/\/agenciabrasil.ebc.com.br\/ebc.png?id=1687478&amp;o=node\"><img decoding=\"async\" src=\"https:\/\/agenciabrasil.ebc.com.br\/ebc.gif?id=1687478&amp;o=node\"><\/p>\n\n\n\n<p>Trata-se de uma a\u00e7\u00e3o que ocorre de forma simult\u00e2nea em pelo menos outros 15 pa\u00edses.&nbsp;<strong>No Brasil, a corpora\u00e7\u00e3o&nbsp;cumpre 159 mandados de busca e apreens\u00e3o em todas as unidades da Federa\u00e7\u00e3o e 16 mandados de pris\u00e3o preventiva.<\/strong><\/p>\n\n\n\n<p>\u201cA Opera\u00e7\u00e3o Nacional Prote\u00e7\u00e3o Integral IV comp\u00f5e um esfor\u00e7o internacional coordenado, denominado Opera\u00e7\u00e3o Internacional Aliados pela Inf\u00e2ncia VI, voltado ao enfrentamento de crimes transnacionais que violam a dignidade sexual de crian\u00e7as e adolescentes\u201d, destacou o comunicado.<\/p>\n\n\n\n<p>Em nota, a PF informou que 503 policiais federais em todos os estados participam da a\u00e7\u00e3o, al\u00e9m de 243 policiais civis dos seguintes estados: Bahia, Distrito Federal, Esp\u00edrito Santo, Goi\u00e1s, Mato Grosso,<strong> Mato Grosso do Sul<\/strong>, Par\u00e1, Paran\u00e1, Pernambuco, Piau\u00ed, Rio de Janeiro, Rio Grande do Sul, S\u00e3o Paulo e Tocantins.<\/p>\n\n\n\n<p><strong>No \u00e2mbito internacional, j\u00e1 foram cumpridos mandados de busca e apreens\u00e3o&nbsp;nos seguintes pa\u00edses: Argentina, Col\u00f4mbia, Costa Rica, El Salvador, Espanha, Fran\u00e7a, Guatemala, Honduras, M\u00e9xico, Panam\u00e1, Paraguai, Peru, Porto Rico, Rep\u00fablica Dominicana e Uruguai.<\/strong><\/p>\n\n\n\n<blockquote class=\"wp-block-quote is-layout-flow wp-block-quote-is-layout-flow\">\n<p>\u201cA a\u00e7\u00e3o busca integrar for\u00e7as policiais nacionais e internacionais no combate a crimes de abuso sexual infantojuvenil, refor\u00e7ando, no contexto do Maio Laranja, o compromisso com a preven\u00e7\u00e3o e repress\u00e3o dessas pr\u00e1ticas\u201d, destacou a PF.<\/p>\n<\/blockquote>\n\n\n\n<p><strong>Dados da corpora\u00e7\u00e3o mostram que, em 2026, por meio dos chamados Grupos de Capturas, foram cumpridos pelo menos 450 mandados de pris\u00e3o de foragidos por crimes sexuais.<\/strong><\/p>\n\n\n\n<p>\u201cEmbora o termo \u2018pornografia\u2019 ainda conste no Estatuto da Crian\u00e7a e do Adolescente, a comunidade internacional adota, preferencialmente, as express\u00f5es \u2018abuso sexual de crian\u00e7as e adolescentes\u2019 ou \u2018viol\u00eancia sexual contra crian\u00e7as e adolescentes\u2019, por refletirem com maior precis\u00e3o a gravidade desses crimes\u201d, ressaltou a nota.<\/p>\n\n\n\n<p>\u201cA Pol\u00edcia Federal refor\u00e7a a import\u00e2ncia da preven\u00e7\u00e3o e orienta pais e respons\u00e1veis a acompanharem o uso da internet por crian\u00e7as e por adolescentes, como forma de reduzir riscos e de proteger poss\u00edveis v\u00edtimas. O di\u00e1logo aberto sobre seguran\u00e7a no ambiente digital e a orienta\u00e7\u00e3o para que crian\u00e7as e adolescentes comuniquem situa\u00e7\u00f5es suspeitas tamb\u00e9m s\u00e3o medidas importantes de prote\u00e7\u00e3o\u201d, concluiu a corpora\u00e7\u00e3o.<\/p>\n","protected":false},"excerpt":{"rendered":"<p>A\u00e7\u00e3o integra investiga\u00e7\u00e3o internacional que ocorre em outros 15 pa\u00edses Paula Laboissi\u00e8re \u2013 Ag\u00eancia Brasil A Pol\u00edcia Federal (PF) deflagrou nesta ter\u00e7a-feira (28) a Opera\u00e7\u00e3o Nacional Prote\u00e7\u00e3o Integral IV, que tem como objetivo identificar e prender autores de crimes de abuso sexual contra crian\u00e7as e adolescentes. Trata-se de uma a\u00e7\u00e3o que ocorre de forma simult\u00e2nea [&hellip;]<\/p>\n","protected":false},"author":2,"featured_media":4961,"comment_status":"open","ping_status":"open","sticky":false,"template":"","format":"standard","meta":{"footnotes":""},"categories":[2,15],"tags":[],"class_list":["post-4959","post","type-post","status-publish","format-standard","has-post-thumbnail","hentry","category-destaque","category-seguranca"],"yoast_head":"<!-- This site is optimized with the Yoast SEO plugin v27.1.1 - https:\/\/yoast.com\/product\/yoast-seo-wordpress\/ -->\n<title>PF faz opera\u00e7\u00e3o em MS e outros 26 estados contra abuso infantojuvenil - O PROGRESSO<\/title>\n<meta name=\"robots\" content=\"index, follow, max-snippet:-1, max-image-preview:large, max-video-preview:-1\" \/>\n<link rel=\"canonical\" href=\"https:\/\/progresso.com.br\/index.php\/2026\/04\/28\/pf-faz-operacao-em-ms-e-outros-26-estados-contra-abuso-infantojuvenil\/\" \/>\n<meta property=\"og:locale\" content=\"pt_BR\" \/>\n<meta property=\"og:type\" content=\"article\" \/>\n<meta property=\"og:title\" content=\"PF faz opera\u00e7\u00e3o em MS e outros 26 estados contra abuso infantojuvenil - O PROGRESSO\" \/>\n<meta property=\"og:description\" content=\"A\u00e7\u00e3o integra investiga\u00e7\u00e3o internacional que ocorre em outros 15 pa\u00edses Paula Laboissi\u00e8re \u2013 Ag\u00eancia Brasil A Pol\u00edcia Federal (PF) deflagrou nesta ter\u00e7a-feira (28) a Opera\u00e7\u00e3o Nacional Prote\u00e7\u00e3o Integral IV, que tem como objetivo identificar e prender autores de crimes de abuso sexual contra crian\u00e7as e adolescentes. Trata-se de uma a\u00e7\u00e3o que ocorre de forma simult\u00e2nea [&hellip;]\" \/>\n<meta property=\"og:url\" content=\"https:\/\/progresso.com.br\/index.php\/2026\/04\/28\/pf-faz-operacao-em-ms-e-outros-26-estados-contra-abuso-infantojuvenil\/\" \/>\n<meta property=\"og:site_name\" content=\"O PROGRESSO\" \/>\n<meta property=\"article:publisher\" content=\"https:\/\/www.facebook.com\/share\/1CeoksKBj6\/\" \/>\n<meta property=\"article:published_time\" content=\"2026-04-28T16:00:00+00:00\" \/>\n<meta property=\"og:image\" content=\"https:\/\/progresso.com.br\/wp-content\/uploads\/2026\/04\/movimentacao-pf_mcamgo_abr_31082023-4.webp\" \/>\n\t<meta property=\"og:image:width\" content=\"1170\" \/>\n\t<meta property=\"og:image:height\" content=\"700\" \/>\n\t<meta property=\"og:image:type\" content=\"image\/webp\" \/>\n<meta name=\"author\" content=\"Rose\" \/>\n<meta name=\"twitter:card\" content=\"summary_large_image\" \/>\n<meta name=\"twitter:label1\" content=\"Escrito por\" \/>\n\t<meta name=\"twitter:data1\" content=\"Rose\" \/>\n\t<meta name=\"twitter:label2\" content=\"Est. tempo de leitura\" \/>\n\t<meta name=\"twitter:data2\" content=\"3 minutos\" \/>\n<script type=\"application\/ld+json\" class=\"yoast-schema-graph\">{\"@context\":\"https:\/\/schema.org\",\"@graph\":[{\"@type\":\"Article\",\"@id\":\"https:\/\/progresso.com.br\/index.php\/2026\/04\/28\/pf-faz-operacao-em-ms-e-outros-26-estados-contra-abuso-infantojuvenil\/#article\",\"isPartOf\":{\"@id\":\"https:\/\/progresso.com.br\/index.php\/2026\/04\/28\/pf-faz-operacao-em-ms-e-outros-26-estados-contra-abuso-infantojuvenil\/\"},\"author\":{\"name\":\"Rose\",\"@id\":\"https:\/\/progresso.com.br\/#\/schema\/person\/5dd27138d4463fbbaace62120bfc002b\"},\"headline\":\"PF faz opera\u00e7\u00e3o em MS e outros 26 estados contra abuso infantojuvenil\",\"datePublished\":\"2026-04-28T16:00:00+00:00\",\"mainEntityOfPage\":{\"@id\":\"https:\/\/progresso.com.br\/index.php\/2026\/04\/28\/pf-faz-operacao-em-ms-e-outros-26-estados-contra-abuso-infantojuvenil\/\"},\"wordCount\":445,\"commentCount\":0,\"publisher\":{\"@id\":\"https:\/\/progresso.com.br\/#organization\"},\"image\":{\"@id\":\"https:\/\/progresso.com.br\/index.php\/2026\/04\/28\/pf-faz-operacao-em-ms-e-outros-26-estados-contra-abuso-infantojuvenil\/#primaryimage\"},\"thumbnailUrl\":\"https:\/\/progresso.com.br\/wp-content\/uploads\/2026\/04\/movimentacao-pf_mcamgo_abr_31082023-4.webp\",\"articleSection\":[\"Em destaque\",\"Seguran\u00e7a\"],\"inLanguage\":\"pt-BR\",\"potentialAction\":[{\"@type\":\"CommentAction\",\"name\":\"Comment\",\"target\":[\"https:\/\/progresso.com.br\/index.php\/2026\/04\/28\/pf-faz-operacao-em-ms-e-outros-26-estados-contra-abuso-infantojuvenil\/#respond\"]}]},{\"@type\":\"WebPage\",\"@id\":\"https:\/\/progresso.com.br\/index.php\/2026\/04\/28\/pf-faz-operacao-em-ms-e-outros-26-estados-contra-abuso-infantojuvenil\/\",\"url\":\"https:\/\/progresso.com.br\/index.php\/2026\/04\/28\/pf-faz-operacao-em-ms-e-outros-26-estados-contra-abuso-infantojuvenil\/\",\"name\":\"PF faz opera\u00e7\u00e3o em MS e outros 26 estados contra abuso infantojuvenil - O PROGRESSO\",\"isPartOf\":{\"@id\":\"https:\/\/progresso.com.br\/#website\"},\"primaryImageOfPage\":{\"@id\":\"https:\/\/progresso.com.br\/index.php\/2026\/04\/28\/pf-faz-operacao-em-ms-e-outros-26-estados-contra-abuso-infantojuvenil\/#primaryimage\"},\"image\":{\"@id\":\"https:\/\/progresso.com.br\/index.php\/2026\/04\/28\/pf-faz-operacao-em-ms-e-outros-26-estados-contra-abuso-infantojuvenil\/#primaryimage\"},\"thumbnailUrl\":\"https:\/\/progresso.com.br\/wp-content\/uploads\/2026\/04\/movimentacao-pf_mcamgo_abr_31082023-4.webp\",\"datePublished\":\"2026-04-28T16:00:00+00:00\",\"breadcrumb\":{\"@id\":\"https:\/\/progresso.com.br\/index.php\/2026\/04\/28\/pf-faz-operacao-em-ms-e-outros-26-estados-contra-abuso-infantojuvenil\/#breadcrumb\"},\"inLanguage\":\"pt-BR\",\"potentialAction\":[{\"@type\":\"ReadAction\",\"target\":[\"https:\/\/progresso.com.br\/index.php\/2026\/04\/28\/pf-faz-operacao-em-ms-e-outros-26-estados-contra-abuso-infantojuvenil\/\"]}]},{\"@type\":\"ImageObject\",\"inLanguage\":\"pt-BR\",\"@id\":\"https:\/\/progresso.com.br\/index.php\/2026\/04\/28\/pf-faz-operacao-em-ms-e-outros-26-estados-contra-abuso-infantojuvenil\/#primaryimage\",\"url\":\"https:\/\/progresso.com.br\/wp-content\/uploads\/2026\/04\/movimentacao-pf_mcamgo_abr_31082023-4.webp\",\"contentUrl\":\"https:\/\/progresso.com.br\/wp-content\/uploads\/2026\/04\/movimentacao-pf_mcamgo_abr_31082023-4.webp\",\"width\":1170,\"height\":700,\"caption\":\"(Foto: Marcelo Camargo\/Ag\u00eancia Brasil)\"},{\"@type\":\"BreadcrumbList\",\"@id\":\"https:\/\/progresso.com.br\/index.php\/2026\/04\/28\/pf-faz-operacao-em-ms-e-outros-26-estados-contra-abuso-infantojuvenil\/#breadcrumb\",\"itemListElement\":[{\"@type\":\"ListItem\",\"position\":1,\"name\":\"In\u00edcio\",\"item\":\"https:\/\/progresso.com.br\/\"},{\"@type\":\"ListItem\",\"position\":2,\"name\":\"PF faz opera\u00e7\u00e3o em MS e outros 26 estados contra abuso infantojuvenil\"}]},{\"@type\":\"WebSite\",\"@id\":\"https:\/\/progresso.com.br\/#website\",\"url\":\"https:\/\/progresso.com.br\/\",\"name\":\"O PROGRESSO\",\"description\":\"\",\"publisher\":{\"@id\":\"https:\/\/progresso.com.br\/#organization\"},\"potentialAction\":[{\"@type\":\"SearchAction\",\"target\":{\"@type\":\"EntryPoint\",\"urlTemplate\":\"https:\/\/progresso.com.br\/?s={search_term_string}\"},\"query-input\":{\"@type\":\"PropertyValueSpecification\",\"valueRequired\":true,\"valueName\":\"search_term_string\"}}],\"inLanguage\":\"pt-BR\"},{\"@type\":\"Organization\",\"@id\":\"https:\/\/progresso.com.br\/#organization\",\"name\":\"O PROGRESSO\",\"url\":\"https:\/\/progresso.com.br\/\",\"logo\":{\"@type\":\"ImageObject\",\"inLanguage\":\"pt-BR\",\"@id\":\"https:\/\/progresso.com.br\/#\/schema\/logo\/image\/\",\"url\":\"https:\/\/progresso.com.br\/wp-content\/uploads\/2026\/03\/logo_proog.jpg\",\"contentUrl\":\"https:\/\/progresso.com.br\/wp-content\/uploads\/2026\/03\/logo_proog.jpg\",\"width\":1960,\"height\":1080,\"caption\":\"O PROGRESSO\"},\"image\":{\"@id\":\"https:\/\/progresso.com.br\/#\/schema\/logo\/image\/\"},\"sameAs\":[\"https:\/\/www.facebook.com\/share\/1CeoksKBj6\/\",\"https:\/\/www.instagram.com\/oprogresso_digital\"]},{\"@type\":\"Person\",\"@id\":\"https:\/\/progresso.com.br\/#\/schema\/person\/5dd27138d4463fbbaace62120bfc002b\",\"name\":\"Rose\",\"image\":{\"@type\":\"ImageObject\",\"inLanguage\":\"pt-BR\",\"@id\":\"https:\/\/progresso.com.br\/#\/schema\/person\/image\/\",\"url\":\"https:\/\/secure.gravatar.com\/avatar\/1b6890e759cdd3a88d9f751cb423720b9861c5239167cd3586355638b6556599?s=96&d=mm&r=g\",\"contentUrl\":\"https:\/\/secure.gravatar.com\/avatar\/1b6890e759cdd3a88d9f751cb423720b9861c5239167cd3586355638b6556599?s=96&d=mm&r=g\",\"caption\":\"Rose\"},\"url\":\"https:\/\/progresso.com.br\/index.php\/author\/rose\/\"}]}<\/script>\n<!-- \/ Yoast SEO plugin. -->","yoast_head_json":{"title":"PF faz opera\u00e7\u00e3o em MS e outros 26 estados contra abuso infantojuvenil - O PROGRESSO","robots":{"index":"index","follow":"follow","max-snippet":"max-snippet:-1","max-image-preview":"max-image-preview:large","max-video-preview":"max-video-preview:-1"},"canonical":"https:\/\/progresso.com.br\/index.php\/2026\/04\/28\/pf-faz-operacao-em-ms-e-outros-26-estados-contra-abuso-infantojuvenil\/","og_locale":"pt_BR","og_type":"article","og_title":"PF faz opera\u00e7\u00e3o em MS e outros 26 estados contra abuso infantojuvenil - O PROGRESSO","og_description":"A\u00e7\u00e3o integra investiga\u00e7\u00e3o internacional que ocorre em outros 15 pa\u00edses Paula Laboissi\u00e8re \u2013 Ag\u00eancia Brasil A Pol\u00edcia Federal (PF) deflagrou nesta ter\u00e7a-feira (28) a Opera\u00e7\u00e3o Nacional Prote\u00e7\u00e3o Integral IV, que tem como objetivo identificar e prender autores de crimes de abuso sexual contra crian\u00e7as e adolescentes. Trata-se de uma a\u00e7\u00e3o que ocorre de forma simult\u00e2nea [&hellip;]","og_url":"https:\/\/progresso.com.br\/index.php\/2026\/04\/28\/pf-faz-operacao-em-ms-e-outros-26-estados-contra-abuso-infantojuvenil\/","og_site_name":"O PROGRESSO","article_publisher":"https:\/\/www.facebook.com\/share\/1CeoksKBj6\/","article_published_time":"2026-04-28T16:00:00+00:00","og_image":[{"width":1170,"height":700,"url":"https:\/\/progresso.com.br\/wp-content\/uploads\/2026\/04\/movimentacao-pf_mcamgo_abr_31082023-4.webp","type":"image\/webp"}],"author":"Rose","twitter_card":"summary_large_image","twitter_misc":{"Escrito por":"Rose","Est. tempo de leitura":"3 minutos"},"schema":{"@context":"https:\/\/schema.org","@graph":[{"@type":"Article","@id":"https:\/\/progresso.com.br\/index.php\/2026\/04\/28\/pf-faz-operacao-em-ms-e-outros-26-estados-contra-abuso-infantojuvenil\/#article","isPartOf":{"@id":"https:\/\/progresso.com.br\/index.php\/2026\/04\/28\/pf-faz-operacao-em-ms-e-outros-26-estados-contra-abuso-infantojuvenil\/"},"author":{"name":"Rose","@id":"https:\/\/progresso.com.br\/#\/schema\/person\/5dd27138d4463fbbaace62120bfc002b"},"headline":"PF faz opera\u00e7\u00e3o em MS e outros 26 estados contra abuso infantojuvenil","datePublished":"2026-04-28T16:00:00+00:00","mainEntityOfPage":{"@id":"https:\/\/progresso.com.br\/index.php\/2026\/04\/28\/pf-faz-operacao-em-ms-e-outros-26-estados-contra-abuso-infantojuvenil\/"},"wordCount":445,"commentCount":0,"publisher":{"@id":"https:\/\/progresso.com.br\/#organization"},"image":{"@id":"https:\/\/progresso.com.br\/index.php\/2026\/04\/28\/pf-faz-operacao-em-ms-e-outros-26-estados-contra-abuso-infantojuvenil\/#primaryimage"},"thumbnailUrl":"https:\/\/progresso.com.br\/wp-content\/uploads\/2026\/04\/movimentacao-pf_mcamgo_abr_31082023-4.webp","articleSection":["Em destaque","Seguran\u00e7a"],"inLanguage":"pt-BR","potentialAction":[{"@type":"CommentAction","name":"Comment","target":["https:\/\/progresso.com.br\/index.php\/2026\/04\/28\/pf-faz-operacao-em-ms-e-outros-26-estados-contra-abuso-infantojuvenil\/#respond"]}]},{"@type":"WebPage","@id":"https:\/\/progresso.com.br\/index.php\/2026\/04\/28\/pf-faz-operacao-em-ms-e-outros-26-estados-contra-abuso-infantojuvenil\/","url":"https:\/\/progresso.com.br\/index.php\/2026\/04\/28\/pf-faz-operacao-em-ms-e-outros-26-estados-contra-abuso-infantojuvenil\/","name":"PF faz opera\u00e7\u00e3o em MS e outros 26 estados contra abuso infantojuvenil - O PROGRESSO","isPartOf":{"@id":"https:\/\/progresso.com.br\/#website"},"primaryImageOfPage":{"@id":"https:\/\/progresso.com.br\/index.php\/2026\/04\/28\/pf-faz-operacao-em-ms-e-outros-26-estados-contra-abuso-infantojuvenil\/#primaryimage"},"image":{"@id":"https:\/\/progresso.com.br\/index.php\/2026\/04\/28\/pf-faz-operacao-em-ms-e-outros-26-estados-contra-abuso-infantojuvenil\/#primaryimage"},"thumbnailUrl":"https:\/\/progresso.com.br\/wp-content\/uploads\/2026\/04\/movimentacao-pf_mcamgo_abr_31082023-4.webp","datePublished":"2026-04-28T16:00:00+00:00","breadcrumb":{"@id":"https:\/\/progresso.com.br\/index.php\/2026\/04\/28\/pf-faz-operacao-em-ms-e-outros-26-estados-contra-abuso-infantojuvenil\/#breadcrumb"},"inLanguage":"pt-BR","potentialAction":[{"@type":"ReadAction","target":["https:\/\/progresso.com.br\/index.php\/2026\/04\/28\/pf-faz-operacao-em-ms-e-outros-26-estados-contra-abuso-infantojuvenil\/"]}]},{"@type":"ImageObject","inLanguage":"pt-BR","@id":"https:\/\/progresso.com.br\/index.php\/2026\/04\/28\/pf-faz-operacao-em-ms-e-outros-26-estados-contra-abuso-infantojuvenil\/#primaryimage","url":"https:\/\/progresso.com.br\/wp-content\/uploads\/2026\/04\/movimentacao-pf_mcamgo_abr_31082023-4.webp","contentUrl":"https:\/\/progresso.com.br\/wp-content\/uploads\/2026\/04\/movimentacao-pf_mcamgo_abr_31082023-4.webp","width":1170,"height":700,"caption":"(Foto: Marcelo Camargo\/Ag\u00eancia Brasil)"},{"@type":"BreadcrumbList","@id":"https:\/\/progresso.com.br\/index.php\/2026\/04\/28\/pf-faz-operacao-em-ms-e-outros-26-estados-contra-abuso-infantojuvenil\/#breadcrumb","itemListElement":[{"@type":"ListItem","position":1,"name":"In\u00edcio","item":"https:\/\/progresso.com.br\/"},{"@type":"ListItem","position":2,"name":"PF faz opera\u00e7\u00e3o em MS e outros 26 estados contra abuso infantojuvenil"}]},{"@type":"WebSite","@id":"https:\/\/progresso.com.br\/#website","url":"https:\/\/progresso.com.br\/","name":"O PROGRESSO","description":"","publisher":{"@id":"https:\/\/progresso.com.br\/#organization"},"potentialAction":[{"@type":"SearchAction","target":{"@type":"EntryPoint","urlTemplate":"https:\/\/progresso.com.br\/?s={search_term_string}"},"query-input":{"@type":"PropertyValueSpecification","valueRequired":true,"valueName":"search_term_string"}}],"inLanguage":"pt-BR"},{"@type":"Organization","@id":"https:\/\/progresso.com.br\/#organization","name":"O PROGRESSO","url":"https:\/\/progresso.com.br\/","logo":{"@type":"ImageObject","inLanguage":"pt-BR","@id":"https:\/\/progresso.com.br\/#\/schema\/logo\/image\/","url":"https:\/\/progresso.com.br\/wp-content\/uploads\/2026\/03\/logo_proog.jpg","contentUrl":"https:\/\/progresso.com.br\/wp-content\/uploads\/2026\/03\/logo_proog.jpg","width":1960,"height":1080,"caption":"O PROGRESSO"},"image":{"@id":"https:\/\/progresso.com.br\/#\/schema\/logo\/image\/"},"sameAs":["https:\/\/www.facebook.com\/share\/1CeoksKBj6\/","https:\/\/www.instagram.com\/oprogresso_digital"]},{"@type":"Person","@id":"https:\/\/progresso.com.br\/#\/schema\/person\/5dd27138d4463fbbaace62120bfc002b","name":"Rose","image":{"@type":"ImageObject","inLanguage":"pt-BR","@id":"https:\/\/progresso.com.br\/#\/schema\/person\/image\/","url":"https:\/\/secure.gravatar.com\/avatar\/1b6890e759cdd3a88d9f751cb423720b9861c5239167cd3586355638b6556599?s=96&d=mm&r=g","contentUrl":"https:\/\/secure.gravatar.com\/avatar\/1b6890e759cdd3a88d9f751cb423720b9861c5239167cd3586355638b6556599?s=96&d=mm&r=g","caption":"Rose"},"url":"https:\/\/progresso.com.br\/index.php\/author\/rose\/"}]}},"_links":{"self":[{"href":"https:\/\/progresso.com.br\/index.php\/wp-json\/wp\/v2\/posts\/4959","targetHints":{"allow":["GET"]}}],"collection":[{"href":"https:\/\/progresso.com.br\/index.php\/wp-json\/wp\/v2\/posts"}],"about":[{"href":"https:\/\/progresso.com.br\/index.php\/wp-json\/wp\/v2\/types\/post"}],"author":[{"embeddable":true,"href":"https:\/\/progresso.com.br\/index.php\/wp-json\/wp\/v2\/users\/2"}],"replies":[{"embeddable":true,"href":"https:\/\/progresso.com.br\/index.php\/wp-json\/wp\/v2\/comments?post=4959"}],"version-history":[{"count":1,"href":"https:\/\/progresso.com.br\/index.php\/wp-json\/wp\/v2\/posts\/4959\/revisions"}],"predecessor-version":[{"id":4962,"href":"https:\/\/progresso.com.br\/index.php\/wp-json\/wp\/v2\/posts\/4959\/revisions\/4962"}],"wp:featuredmedia":[{"embeddable":true,"href":"https:\/\/progresso.com.br\/index.php\/wp-json\/wp\/v2\/media\/4961"}],"wp:attachment":[{"href":"https:\/\/progresso.com.br\/index.php\/wp-json\/wp\/v2\/media?parent=4959"}],"wp:term":[{"taxonomy":"category","embeddable":true,"href":"https:\/\/progresso.com.br\/index.php\/wp-json\/wp\/v2\/categories?post=4959"},{"taxonomy":"post_tag","embeddable":true,"href":"https:\/\/progresso.com.br\/index.php\/wp-json\/wp\/v2\/tags?post=4959"}],"curies":[{"name":"wp","href":"https:\/\/api.w.org\/{rel}","templated":true}]}}