{"id":4960,"date":"2026-04-28T10:45:00","date_gmt":"2026-04-28T14:45:00","guid":{"rendered":"https:\/\/progresso.com.br\/?p=4960"},"modified":"2026-04-28T10:54:33","modified_gmt":"2026-04-28T14:54:33","slug":"cbf-sedia-evento-voltado-para-formacao-de-novos-talentos","status":"publish","type":"post","link":"https:\/\/progresso.com.br\/index.php\/2026\/04\/28\/cbf-sedia-evento-voltado-para-formacao-de-novos-talentos\/","title":{"rendered":"CBF sedia evento voltado para forma\u00e7\u00e3o de novos talentos"},"content":{"rendered":"\n<p><strong><em>Evento foi realizado na Granja Comary, em conjunto com FIFA, Departamento de Sele\u00e7\u00f5es Masculinas e CBF Academy<\/em><\/strong><\/p>\n\n\n\n<p><em>CBF Not\u00edcias<\/em><\/p>\n\n\n\n<p>A Granja Comary \u00e9 palco do TDS Fifa Development Scheme, um workshop de treinadores de elite de forma\u00e7\u00e3o, a\u00e7\u00e3o conjunta do Departamento de Sele\u00e7\u00f5es Masculinas da CBF e da CBF Academy com a Fifa.<\/p>\n\n\n\n<p>O evento, que come\u00e7ou nesta segunda-feira (27) e vai at\u00e9 quarta (29), visa promover a integra\u00e7\u00e3o entre todas as categorias masculinas do Brasil, profissional e de base, com palestras, semin\u00e1rios e debates entre treinadores, preparadores f\u00edsicos, analistas e membros das comiss\u00f5es t\u00e9cnicas das sele\u00e7\u00f5es brasileiras sub-15, sub-16, sub-17, sub-20 e principal. Al\u00e9m dos profissionais das sele\u00e7\u00f5es, representantes de clubes e especialistas na forma\u00e7\u00e3o de jovens atletas tamb\u00e9m participam.<\/p>\n\n\n\n<p>A iniciativa in\u00e9dita busca o aprimoramento e o alinhamento conceitual atrav\u00e9s da troca de conhecimento entre profissionais da CBF e dos clubes formadores, com a chancela da FIFA. O TDS \u00e9 um bra\u00e7o da entidade m\u00e1xima do futebol para organizar, qualificar e acelerar a forma\u00e7\u00e3o de talentos no futebol mundial.<\/p>\n\n\n\n<p>O evento conta com a lideran\u00e7a de Diogo Matos, especialista de alto rendimento da Fifa, Fernando Brassard e Miguel Alonso, especialistas t\u00e9cnicos da Fifa. Os tr\u00eas profissionais atuam no Programa de Desenvolvimento de Talentos da FIFA, com participa\u00e7\u00e3o na forma\u00e7\u00e3o de treinadores e programas de certifica\u00e7\u00e3o em alto rendimento em n\u00edvel internacional.<\/p>\n\n\n\n<p>O t\u00e9cnico da sele\u00e7\u00e3o brasileira, Carlo Ancelotti, abriu as atividades. Desde que assumiu o comando da Amarelinha, o treinador mant\u00e9m contato direto com os comandantes das sele\u00e7\u00f5es de base e participa frequentemente de reuni\u00f5es e conversas com todas as categorias. Ele falou sobre a prepara\u00e7\u00e3o de um atleta, levando em considera\u00e7\u00e3o que ele \u00e9 um ser humano antes de ser um jogador profissional e destacou os tr\u00eas pilares da forma\u00e7\u00e3o: t\u00e1tico, f\u00edsico e mental. \u201cPor tr\u00e1s de um grande profissional, h\u00e1 uma grande figura humana.\u201d<\/p>\n","protected":false},"excerpt":{"rendered":"<p>Evento foi realizado na Granja Comary, em conjunto com FIFA, Departamento de Sele\u00e7\u00f5es Masculinas e CBF Academy CBF Not\u00edcias A Granja Comary \u00e9 palco do TDS Fifa Development Scheme, um workshop de treinadores de elite de forma\u00e7\u00e3o, a\u00e7\u00e3o conjunta do Departamento de Sele\u00e7\u00f5es Masculinas da CBF e da CBF Academy com a Fifa. O evento, [&hellip;]<\/p>\n","protected":false},"author":5,"featured_media":4964,"comment_status":"open","ping_status":"open","sticky":false,"template":"","format":"standard","meta":{"footnotes":""},"categories":[17],"tags":[],"class_list":["post-4960","post","type-post","status-publish","format-standard","has-post-thumbnail","hentry","category-esporte"],"yoast_head":"<!-- This site is optimized with the Yoast SEO plugin v27.1.1 - https:\/\/yoast.com\/product\/yoast-seo-wordpress\/ -->\n<title>CBF sedia evento voltado para forma\u00e7\u00e3o de novos talentos - O PROGRESSO<\/title>\n<meta name=\"robots\" content=\"index, follow, max-snippet:-1, max-image-preview:large, max-video-preview:-1\" \/>\n<link rel=\"canonical\" href=\"https:\/\/progresso.com.br\/index.php\/2026\/04\/28\/cbf-sedia-evento-voltado-para-formacao-de-novos-talentos\/\" \/>\n<meta property=\"og:locale\" content=\"pt_BR\" \/>\n<meta property=\"og:type\" content=\"article\" \/>\n<meta property=\"og:title\" content=\"CBF sedia evento voltado para forma\u00e7\u00e3o de novos talentos - O PROGRESSO\" \/>\n<meta property=\"og:description\" content=\"Evento foi realizado na Granja Comary, em conjunto com FIFA, Departamento de Sele\u00e7\u00f5es Masculinas e CBF Academy CBF Not\u00edcias A Granja Comary \u00e9 palco do TDS Fifa Development Scheme, um workshop de treinadores de elite de forma\u00e7\u00e3o, a\u00e7\u00e3o conjunta do Departamento de Sele\u00e7\u00f5es Masculinas da CBF e da CBF Academy com a Fifa. O evento, [&hellip;]\" \/>\n<meta property=\"og:url\" content=\"https:\/\/progresso.com.br\/index.php\/2026\/04\/28\/cbf-sedia-evento-voltado-para-formacao-de-novos-talentos\/\" \/>\n<meta property=\"og:site_name\" content=\"O PROGRESSO\" \/>\n<meta property=\"article:publisher\" content=\"https:\/\/www.facebook.com\/share\/1CeoksKBj6\/\" \/>\n<meta property=\"article:published_time\" content=\"2026-04-28T14:45:00+00:00\" \/>\n<meta property=\"article:modified_time\" content=\"2026-04-28T14:54:33+00:00\" \/>\n<meta property=\"og:image\" content=\"https:\/\/progresso.com.br\/wp-content\/uploads\/2026\/04\/CBF-2804-scaled.jpg\" \/>\n\t<meta property=\"og:image:width\" content=\"2560\" \/>\n\t<meta property=\"og:image:height\" content=\"1706\" \/>\n\t<meta property=\"og:image:type\" content=\"image\/jpeg\" \/>\n<meta name=\"author\" content=\"Rog\u00e9rio Vidmantas\" \/>\n<meta name=\"twitter:card\" content=\"summary_large_image\" \/>\n<meta name=\"twitter:label1\" content=\"Escrito por\" \/>\n\t<meta name=\"twitter:data1\" content=\"Rog\u00e9rio Vidmantas\" \/>\n\t<meta name=\"twitter:label2\" content=\"Est. tempo de leitura\" \/>\n\t<meta name=\"twitter:data2\" content=\"2 minutos\" \/>\n<script type=\"application\/ld+json\" class=\"yoast-schema-graph\">{\"@context\":\"https:\/\/schema.org\",\"@graph\":[{\"@type\":\"Article\",\"@id\":\"https:\/\/progresso.com.br\/index.php\/2026\/04\/28\/cbf-sedia-evento-voltado-para-formacao-de-novos-talentos\/#article\",\"isPartOf\":{\"@id\":\"https:\/\/progresso.com.br\/index.php\/2026\/04\/28\/cbf-sedia-evento-voltado-para-formacao-de-novos-talentos\/\"},\"author\":{\"name\":\"Rog\u00e9rio Vidmantas\",\"@id\":\"https:\/\/progresso.com.br\/#\/schema\/person\/471791cc575a7e23811d1070fa9d20ee\"},\"headline\":\"CBF sedia evento voltado para forma\u00e7\u00e3o de novos talentos\",\"datePublished\":\"2026-04-28T14:45:00+00:00\",\"dateModified\":\"2026-04-28T14:54:33+00:00\",\"mainEntityOfPage\":{\"@id\":\"https:\/\/progresso.com.br\/index.php\/2026\/04\/28\/cbf-sedia-evento-voltado-para-formacao-de-novos-talentos\/\"},\"wordCount\":353,\"commentCount\":0,\"publisher\":{\"@id\":\"https:\/\/progresso.com.br\/#organization\"},\"image\":{\"@id\":\"https:\/\/progresso.com.br\/index.php\/2026\/04\/28\/cbf-sedia-evento-voltado-para-formacao-de-novos-talentos\/#primaryimage\"},\"thumbnailUrl\":\"https:\/\/progresso.com.br\/wp-content\/uploads\/2026\/04\/CBF-2804-scaled.jpg\",\"articleSection\":[\"Esporte\"],\"inLanguage\":\"pt-BR\",\"potentialAction\":[{\"@type\":\"CommentAction\",\"name\":\"Comment\",\"target\":[\"https:\/\/progresso.com.br\/index.php\/2026\/04\/28\/cbf-sedia-evento-voltado-para-formacao-de-novos-talentos\/#respond\"]}]},{\"@type\":\"WebPage\",\"@id\":\"https:\/\/progresso.com.br\/index.php\/2026\/04\/28\/cbf-sedia-evento-voltado-para-formacao-de-novos-talentos\/\",\"url\":\"https:\/\/progresso.com.br\/index.php\/2026\/04\/28\/cbf-sedia-evento-voltado-para-formacao-de-novos-talentos\/\",\"name\":\"CBF sedia evento voltado para forma\u00e7\u00e3o de novos talentos - O PROGRESSO\",\"isPartOf\":{\"@id\":\"https:\/\/progresso.com.br\/#website\"},\"primaryImageOfPage\":{\"@id\":\"https:\/\/progresso.com.br\/index.php\/2026\/04\/28\/cbf-sedia-evento-voltado-para-formacao-de-novos-talentos\/#primaryimage\"},\"image\":{\"@id\":\"https:\/\/progresso.com.br\/index.php\/2026\/04\/28\/cbf-sedia-evento-voltado-para-formacao-de-novos-talentos\/#primaryimage\"},\"thumbnailUrl\":\"https:\/\/progresso.com.br\/wp-content\/uploads\/2026\/04\/CBF-2804-scaled.jpg\",\"datePublished\":\"2026-04-28T14:45:00+00:00\",\"dateModified\":\"2026-04-28T14:54:33+00:00\",\"breadcrumb\":{\"@id\":\"https:\/\/progresso.com.br\/index.php\/2026\/04\/28\/cbf-sedia-evento-voltado-para-formacao-de-novos-talentos\/#breadcrumb\"},\"inLanguage\":\"pt-BR\",\"potentialAction\":[{\"@type\":\"ReadAction\",\"target\":[\"https:\/\/progresso.com.br\/index.php\/2026\/04\/28\/cbf-sedia-evento-voltado-para-formacao-de-novos-talentos\/\"]}]},{\"@type\":\"ImageObject\",\"inLanguage\":\"pt-BR\",\"@id\":\"https:\/\/progresso.com.br\/index.php\/2026\/04\/28\/cbf-sedia-evento-voltado-para-formacao-de-novos-talentos\/#primaryimage\",\"url\":\"https:\/\/progresso.com.br\/wp-content\/uploads\/2026\/04\/CBF-2804-scaled.jpg\",\"contentUrl\":\"https:\/\/progresso.com.br\/wp-content\/uploads\/2026\/04\/CBF-2804-scaled.jpg\",\"width\":2560,\"height\":1706,\"caption\":\"CBF sediou o TDS Fifa Development Scheme, evento voltado para a forma\u00e7\u00e3o de novos talentos, na Granja Comary (Fotos: Rafael Ribeiro\/CBF)\"},{\"@type\":\"BreadcrumbList\",\"@id\":\"https:\/\/progresso.com.br\/index.php\/2026\/04\/28\/cbf-sedia-evento-voltado-para-formacao-de-novos-talentos\/#breadcrumb\",\"itemListElement\":[{\"@type\":\"ListItem\",\"position\":1,\"name\":\"In\u00edcio\",\"item\":\"https:\/\/progresso.com.br\/\"},{\"@type\":\"ListItem\",\"position\":2,\"name\":\"CBF sedia evento voltado para forma\u00e7\u00e3o de novos talentos\"}]},{\"@type\":\"WebSite\",\"@id\":\"https:\/\/progresso.com.br\/#website\",\"url\":\"https:\/\/progresso.com.br\/\",\"name\":\"O PROGRESSO\",\"description\":\"\",\"publisher\":{\"@id\":\"https:\/\/progresso.com.br\/#organization\"},\"potentialAction\":[{\"@type\":\"SearchAction\",\"target\":{\"@type\":\"EntryPoint\",\"urlTemplate\":\"https:\/\/progresso.com.br\/?s={search_term_string}\"},\"query-input\":{\"@type\":\"PropertyValueSpecification\",\"valueRequired\":true,\"valueName\":\"search_term_string\"}}],\"inLanguage\":\"pt-BR\"},{\"@type\":\"Organization\",\"@id\":\"https:\/\/progresso.com.br\/#organization\",\"name\":\"O PROGRESSO\",\"url\":\"https:\/\/progresso.com.br\/\",\"logo\":{\"@type\":\"ImageObject\",\"inLanguage\":\"pt-BR\",\"@id\":\"https:\/\/progresso.com.br\/#\/schema\/logo\/image\/\",\"url\":\"https:\/\/progresso.com.br\/wp-content\/uploads\/2026\/03\/logo_proog.jpg\",\"contentUrl\":\"https:\/\/progresso.com.br\/wp-content\/uploads\/2026\/03\/logo_proog.jpg\",\"width\":1960,\"height\":1080,\"caption\":\"O PROGRESSO\"},\"image\":{\"@id\":\"https:\/\/progresso.com.br\/#\/schema\/logo\/image\/\"},\"sameAs\":[\"https:\/\/www.facebook.com\/share\/1CeoksKBj6\/\",\"https:\/\/www.instagram.com\/oprogresso_digital\"]},{\"@type\":\"Person\",\"@id\":\"https:\/\/progresso.com.br\/#\/schema\/person\/471791cc575a7e23811d1070fa9d20ee\",\"name\":\"Rog\u00e9rio Vidmantas\",\"image\":{\"@type\":\"ImageObject\",\"inLanguage\":\"pt-BR\",\"@id\":\"https:\/\/progresso.com.br\/#\/schema\/person\/image\/\",\"url\":\"https:\/\/secure.gravatar.com\/avatar\/10a86aae4992f407879fa7e12fb476cdff79509ad9ec42967d62b4fbcee7c57b?s=96&d=mm&r=g\",\"contentUrl\":\"https:\/\/secure.gravatar.com\/avatar\/10a86aae4992f407879fa7e12fb476cdff79509ad9ec42967d62b4fbcee7c57b?s=96&d=mm&r=g\",\"caption\":\"Rog\u00e9rio Vidmantas\"},\"url\":\"https:\/\/progresso.com.br\/index.php\/author\/vidmantas\/\"}]}<\/script>\n<!-- \/ Yoast SEO plugin. -->","yoast_head_json":{"title":"CBF sedia evento voltado para forma\u00e7\u00e3o de novos talentos - O PROGRESSO","robots":{"index":"index","follow":"follow","max-snippet":"max-snippet:-1","max-image-preview":"max-image-preview:large","max-video-preview":"max-video-preview:-1"},"canonical":"https:\/\/progresso.com.br\/index.php\/2026\/04\/28\/cbf-sedia-evento-voltado-para-formacao-de-novos-talentos\/","og_locale":"pt_BR","og_type":"article","og_title":"CBF sedia evento voltado para forma\u00e7\u00e3o de novos talentos - O PROGRESSO","og_description":"Evento foi realizado na Granja Comary, em conjunto com FIFA, Departamento de Sele\u00e7\u00f5es Masculinas e CBF Academy CBF Not\u00edcias A Granja Comary \u00e9 palco do TDS Fifa Development Scheme, um workshop de treinadores de elite de forma\u00e7\u00e3o, a\u00e7\u00e3o conjunta do Departamento de Sele\u00e7\u00f5es Masculinas da CBF e da CBF Academy com a Fifa. O evento, [&hellip;]","og_url":"https:\/\/progresso.com.br\/index.php\/2026\/04\/28\/cbf-sedia-evento-voltado-para-formacao-de-novos-talentos\/","og_site_name":"O PROGRESSO","article_publisher":"https:\/\/www.facebook.com\/share\/1CeoksKBj6\/","article_published_time":"2026-04-28T14:45:00+00:00","article_modified_time":"2026-04-28T14:54:33+00:00","og_image":[{"width":2560,"height":1706,"url":"https:\/\/progresso.com.br\/wp-content\/uploads\/2026\/04\/CBF-2804-scaled.jpg","type":"image\/jpeg"}],"author":"Rog\u00e9rio Vidmantas","twitter_card":"summary_large_image","twitter_misc":{"Escrito por":"Rog\u00e9rio Vidmantas","Est. tempo de leitura":"2 minutos"},"schema":{"@context":"https:\/\/schema.org","@graph":[{"@type":"Article","@id":"https:\/\/progresso.com.br\/index.php\/2026\/04\/28\/cbf-sedia-evento-voltado-para-formacao-de-novos-talentos\/#article","isPartOf":{"@id":"https:\/\/progresso.com.br\/index.php\/2026\/04\/28\/cbf-sedia-evento-voltado-para-formacao-de-novos-talentos\/"},"author":{"name":"Rog\u00e9rio Vidmantas","@id":"https:\/\/progresso.com.br\/#\/schema\/person\/471791cc575a7e23811d1070fa9d20ee"},"headline":"CBF sedia evento voltado para forma\u00e7\u00e3o de novos talentos","datePublished":"2026-04-28T14:45:00+00:00","dateModified":"2026-04-28T14:54:33+00:00","mainEntityOfPage":{"@id":"https:\/\/progresso.com.br\/index.php\/2026\/04\/28\/cbf-sedia-evento-voltado-para-formacao-de-novos-talentos\/"},"wordCount":353,"commentCount":0,"publisher":{"@id":"https:\/\/progresso.com.br\/#organization"},"image":{"@id":"https:\/\/progresso.com.br\/index.php\/2026\/04\/28\/cbf-sedia-evento-voltado-para-formacao-de-novos-talentos\/#primaryimage"},"thumbnailUrl":"https:\/\/progresso.com.br\/wp-content\/uploads\/2026\/04\/CBF-2804-scaled.jpg","articleSection":["Esporte"],"inLanguage":"pt-BR","potentialAction":[{"@type":"CommentAction","name":"Comment","target":["https:\/\/progresso.com.br\/index.php\/2026\/04\/28\/cbf-sedia-evento-voltado-para-formacao-de-novos-talentos\/#respond"]}]},{"@type":"WebPage","@id":"https:\/\/progresso.com.br\/index.php\/2026\/04\/28\/cbf-sedia-evento-voltado-para-formacao-de-novos-talentos\/","url":"https:\/\/progresso.com.br\/index.php\/2026\/04\/28\/cbf-sedia-evento-voltado-para-formacao-de-novos-talentos\/","name":"CBF sedia evento voltado para forma\u00e7\u00e3o de novos talentos - O PROGRESSO","isPartOf":{"@id":"https:\/\/progresso.com.br\/#website"},"primaryImageOfPage":{"@id":"https:\/\/progresso.com.br\/index.php\/2026\/04\/28\/cbf-sedia-evento-voltado-para-formacao-de-novos-talentos\/#primaryimage"},"image":{"@id":"https:\/\/progresso.com.br\/index.php\/2026\/04\/28\/cbf-sedia-evento-voltado-para-formacao-de-novos-talentos\/#primaryimage"},"thumbnailUrl":"https:\/\/progresso.com.br\/wp-content\/uploads\/2026\/04\/CBF-2804-scaled.jpg","datePublished":"2026-04-28T14:45:00+00:00","dateModified":"2026-04-28T14:54:33+00:00","breadcrumb":{"@id":"https:\/\/progresso.com.br\/index.php\/2026\/04\/28\/cbf-sedia-evento-voltado-para-formacao-de-novos-talentos\/#breadcrumb"},"inLanguage":"pt-BR","potentialAction":[{"@type":"ReadAction","target":["https:\/\/progresso.com.br\/index.php\/2026\/04\/28\/cbf-sedia-evento-voltado-para-formacao-de-novos-talentos\/"]}]},{"@type":"ImageObject","inLanguage":"pt-BR","@id":"https:\/\/progresso.com.br\/index.php\/2026\/04\/28\/cbf-sedia-evento-voltado-para-formacao-de-novos-talentos\/#primaryimage","url":"https:\/\/progresso.com.br\/wp-content\/uploads\/2026\/04\/CBF-2804-scaled.jpg","contentUrl":"https:\/\/progresso.com.br\/wp-content\/uploads\/2026\/04\/CBF-2804-scaled.jpg","width":2560,"height":1706,"caption":"CBF sediou o TDS Fifa Development Scheme, evento voltado para a forma\u00e7\u00e3o de novos talentos, na Granja Comary (Fotos: Rafael Ribeiro\/CBF)"},{"@type":"BreadcrumbList","@id":"https:\/\/progresso.com.br\/index.php\/2026\/04\/28\/cbf-sedia-evento-voltado-para-formacao-de-novos-talentos\/#breadcrumb","itemListElement":[{"@type":"ListItem","position":1,"name":"In\u00edcio","item":"https:\/\/progresso.com.br\/"},{"@type":"ListItem","position":2,"name":"CBF sedia evento voltado para forma\u00e7\u00e3o de novos talentos"}]},{"@type":"WebSite","@id":"https:\/\/progresso.com.br\/#website","url":"https:\/\/progresso.com.br\/","name":"O PROGRESSO","description":"","publisher":{"@id":"https:\/\/progresso.com.br\/#organization"},"potentialAction":[{"@type":"SearchAction","target":{"@type":"EntryPoint","urlTemplate":"https:\/\/progresso.com.br\/?s={search_term_string}"},"query-input":{"@type":"PropertyValueSpecification","valueRequired":true,"valueName":"search_term_string"}}],"inLanguage":"pt-BR"},{"@type":"Organization","@id":"https:\/\/progresso.com.br\/#organization","name":"O PROGRESSO","url":"https:\/\/progresso.com.br\/","logo":{"@type":"ImageObject","inLanguage":"pt-BR","@id":"https:\/\/progresso.com.br\/#\/schema\/logo\/image\/","url":"https:\/\/progresso.com.br\/wp-content\/uploads\/2026\/03\/logo_proog.jpg","contentUrl":"https:\/\/progresso.com.br\/wp-content\/uploads\/2026\/03\/logo_proog.jpg","width":1960,"height":1080,"caption":"O PROGRESSO"},"image":{"@id":"https:\/\/progresso.com.br\/#\/schema\/logo\/image\/"},"sameAs":["https:\/\/www.facebook.com\/share\/1CeoksKBj6\/","https:\/\/www.instagram.com\/oprogresso_digital"]},{"@type":"Person","@id":"https:\/\/progresso.com.br\/#\/schema\/person\/471791cc575a7e23811d1070fa9d20ee","name":"Rog\u00e9rio Vidmantas","image":{"@type":"ImageObject","inLanguage":"pt-BR","@id":"https:\/\/progresso.com.br\/#\/schema\/person\/image\/","url":"https:\/\/secure.gravatar.com\/avatar\/10a86aae4992f407879fa7e12fb476cdff79509ad9ec42967d62b4fbcee7c57b?s=96&d=mm&r=g","contentUrl":"https:\/\/secure.gravatar.com\/avatar\/10a86aae4992f407879fa7e12fb476cdff79509ad9ec42967d62b4fbcee7c57b?s=96&d=mm&r=g","caption":"Rog\u00e9rio Vidmantas"},"url":"https:\/\/progresso.com.br\/index.php\/author\/vidmantas\/"}]}},"_links":{"self":[{"href":"https:\/\/progresso.com.br\/index.php\/wp-json\/wp\/v2\/posts\/4960","targetHints":{"allow":["GET"]}}],"collection":[{"href":"https:\/\/progresso.com.br\/index.php\/wp-json\/wp\/v2\/posts"}],"about":[{"href":"https:\/\/progresso.com.br\/index.php\/wp-json\/wp\/v2\/types\/post"}],"author":[{"embeddable":true,"href":"https:\/\/progresso.com.br\/index.php\/wp-json\/wp\/v2\/users\/5"}],"replies":[{"embeddable":true,"href":"https:\/\/progresso.com.br\/index.php\/wp-json\/wp\/v2\/comments?post=4960"}],"version-history":[{"count":1,"href":"https:\/\/progresso.com.br\/index.php\/wp-json\/wp\/v2\/posts\/4960\/revisions"}],"predecessor-version":[{"id":4965,"href":"https:\/\/progresso.com.br\/index.php\/wp-json\/wp\/v2\/posts\/4960\/revisions\/4965"}],"wp:featuredmedia":[{"embeddable":true,"href":"https:\/\/progresso.com.br\/index.php\/wp-json\/wp\/v2\/media\/4964"}],"wp:attachment":[{"href":"https:\/\/progresso.com.br\/index.php\/wp-json\/wp\/v2\/media?parent=4960"}],"wp:term":[{"taxonomy":"category","embeddable":true,"href":"https:\/\/progresso.com.br\/index.php\/wp-json\/wp\/v2\/categories?post=4960"},{"taxonomy":"post_tag","embeddable":true,"href":"https:\/\/progresso.com.br\/index.php\/wp-json\/wp\/v2\/tags?post=4960"}],"curies":[{"name":"wp","href":"https:\/\/api.w.org\/{rel}","templated":true}]}}