{"id":4974,"date":"2026-04-28T14:03:27","date_gmt":"2026-04-28T18:03:27","guid":{"rendered":"https:\/\/progresso.com.br\/?p=4974"},"modified":"2026-04-28T14:03:28","modified_gmt":"2026-04-28T18:03:28","slug":"mais-uma-morte-suspeita-por-chikungunya-em-dourados-homem-indigena-de-29-anos","status":"publish","type":"post","link":"https:\/\/progresso.com.br\/index.php\/2026\/04\/28\/mais-uma-morte-suspeita-por-chikungunya-em-dourados-homem-indigena-de-29-anos\/","title":{"rendered":"Mais uma morte suspeita por chikungunya em Dourados; homem ind\u00edgena de 29 anos"},"content":{"rendered":"\n<p>A prefeitura de Dourados confirmou na manh\u00e3 desta ter\u00e7a-feira (28) mais um \u00f3bito suspeito de complica\u00e7\u00f5es por Chikungunya. Trata-se de um homem de 29 anos, ind\u00edgena, que morava na aldeia Boror\u00f3, na Reserva Ind\u00edgena. Agora s\u00e3o quatro \u00f3bitos em investiga\u00e7\u00e3o, com oito mortes confirmadas pelas autoridades de sa\u00fade de Dourados.<\/p>\n\n\n\n<p>O homem come\u00e7ou a apresentar os primeiros sintomas da doen\u00e7a em 19 de abril e faleceu no dia 25, no Hospital da Vida.<\/p>\n\n\n\n<p>Apesar do aumento no n\u00famero de mortes, a procura pela vacina contra Chikungunya no <strong>primeiro dia da campanha de vacina\u00e7\u00e3o ficou abaixo da expectativa da Secretaria Municipal de Sa\u00fade.<\/strong> As Unidades B\u00e1sicas de Sa\u00fade (UBS) aplicaram apenas 207 doses na segunda-feira (27), enquanto nas Aldeias Boror\u00f3 e Jaguapiru apenas 30 pessoas procuraram as UBS para receber a vacina contra essa grave doen\u00e7a.<\/p>\n\n\n\n<p>Na segunda-feira (27), o COE (Centro de Opera\u00e7\u00f5es de Emerg\u00eancias em Sa\u00fade P\u00fablica) confirmou outra morte suspeita: de um paciente de 50 anos, do g\u00eanero masculino, de cor branca, que estava internado na Unidade de Pronto Atendimento (UPA).<\/p>\n\n\n\n<p>A exemplo do n\u00famero de novos casos da doen\u00e7a, o n\u00famero de interna\u00e7\u00f5es tamb\u00e9m caiu nos \u00faltimos dias. <\/p>\n\n\n\n<p>O Informe Epidemiol\u00f3gico divulgado nesta ter\u00e7a-feira aponta que Dourados tem <strong>33 pacientes internados com Chikungunya<\/strong>, sendo 1 no Hospital Porta da Esperan\u00e7a (Miss\u00e3o Caiu\u00e1), 22 no Hospital Universit\u00e1rio HU-UFGD, 3 no Hospital Cassems, 3 no Hospital Regional, 1 no Hospital da Vida e 3 no Hospital Evang\u00e9lico Mackenzie.<\/p>\n\n\n\n<p>O documento mostra ainda que o munic\u00edpio j\u00e1 registrou 7.100 notifica\u00e7\u00f5es, com 5.187 casos prov\u00e1veis e 2.554 casos confirmados de Chikungunya. S\u00e3o 1.913 casos descartados e 2.663 casos em investiga\u00e7\u00e3o. Os registros exclusivos da Reserva Ind\u00edgena apontam 3.051 notifica\u00e7\u00f5es, com 2.412 casos prov\u00e1veis e 1.461 casos confirmados, al\u00e9m de 639 casos descartados e 951 casos em investiga\u00e7\u00e3o.<\/p>\n\n\n\n<p>O documento mostra que a curva epid\u00eamica de casos notificados apresentada no gr\u00e1fico reflete o avan\u00e7o da Chikungunya ao longo das semanas epidemiol\u00f3gicas desse ano totalizando 6.986 notifica\u00e7\u00f5es, apresentou diminui\u00e7\u00e3o as semanas posteriores, o que indica que a <strong>epidemia ainda est\u00e1 em curso.<\/strong><\/p>\n\n\n\n<p>Apesar da queda no n\u00famero de novos casos, o Centro de Opera\u00e7\u00f5es de Emerg\u00eancias em Sa\u00fade P\u00fablica alerta que a curva de positividade da Chikungunya segue em n\u00edveis elevados ao longo dos \u00faltimos 15 dias.<\/p>\n\n\n\n<p><em> \u201c\u00c9 preciso manter a aten\u00e7\u00e3o total, redobrar os cuidados preventivos, como recolhimento de lixo para o local correto, acabar com pontos de \u00e1gua parada e buscar a vacina\u00e7\u00e3o, j\u00e1 que a procura no primeiro dia da campanha foi muito baixa\u201d,<\/em> enfatiza Marcio Figueiredo, secret\u00e1rio municipal de Sa\u00fade e coordenador-geral do COE.<\/p>\n\n\n\n<p><\/p>\n","protected":false},"excerpt":{"rendered":"<p>A prefeitura de Dourados confirmou na manh\u00e3 desta ter\u00e7a-feira (28) mais um \u00f3bito suspeito de complica\u00e7\u00f5es por Chikungunya. Trata-se de um homem de 29 anos, ind\u00edgena, que morava na aldeia Boror\u00f3, na Reserva Ind\u00edgena. Agora s\u00e3o quatro \u00f3bitos em investiga\u00e7\u00e3o, com oito mortes confirmadas pelas autoridades de sa\u00fade de Dourados. O homem come\u00e7ou a apresentar [&hellip;]<\/p>\n","protected":false},"author":3,"featured_media":5007,"comment_status":"open","ping_status":"open","sticky":false,"template":"","format":"standard","meta":{"footnotes":""},"categories":[13,2],"tags":[],"class_list":["post-4974","post","type-post","status-publish","format-standard","has-post-thumbnail","hentry","category-cotidiano","category-destaque"],"yoast_head":"<!-- This site is optimized with the Yoast SEO plugin v27.1.1 - https:\/\/yoast.com\/product\/yoast-seo-wordpress\/ -->\n<title>Mais uma morte suspeita por chikungunya em Dourados; homem ind\u00edgena de 29 anos - O PROGRESSO<\/title>\n<meta name=\"robots\" content=\"index, follow, max-snippet:-1, max-image-preview:large, max-video-preview:-1\" \/>\n<link rel=\"canonical\" href=\"https:\/\/progresso.com.br\/index.php\/2026\/04\/28\/mais-uma-morte-suspeita-por-chikungunya-em-dourados-homem-indigena-de-29-anos\/\" \/>\n<meta property=\"og:locale\" content=\"pt_BR\" \/>\n<meta property=\"og:type\" content=\"article\" \/>\n<meta property=\"og:title\" content=\"Mais uma morte suspeita por chikungunya em Dourados; homem ind\u00edgena de 29 anos - O PROGRESSO\" \/>\n<meta property=\"og:description\" content=\"A prefeitura de Dourados confirmou na manh\u00e3 desta ter\u00e7a-feira (28) mais um \u00f3bito suspeito de complica\u00e7\u00f5es por Chikungunya. Trata-se de um homem de 29 anos, ind\u00edgena, que morava na aldeia Boror\u00f3, na Reserva Ind\u00edgena. Agora s\u00e3o quatro \u00f3bitos em investiga\u00e7\u00e3o, com oito mortes confirmadas pelas autoridades de sa\u00fade de Dourados. O homem come\u00e7ou a apresentar [&hellip;]\" \/>\n<meta property=\"og:url\" content=\"https:\/\/progresso.com.br\/index.php\/2026\/04\/28\/mais-uma-morte-suspeita-por-chikungunya-em-dourados-homem-indigena-de-29-anos\/\" \/>\n<meta property=\"og:site_name\" content=\"O PROGRESSO\" \/>\n<meta property=\"article:publisher\" content=\"https:\/\/www.facebook.com\/share\/1CeoksKBj6\/\" \/>\n<meta property=\"article:published_time\" content=\"2026-04-28T18:03:27+00:00\" \/>\n<meta property=\"article:modified_time\" content=\"2026-04-28T18:03:28+00:00\" \/>\n<meta property=\"og:image\" content=\"https:\/\/progresso.com.br\/wp-content\/uploads\/2026\/04\/chikun28-1.jpg\" \/>\n\t<meta property=\"og:image:width\" content=\"276\" \/>\n\t<meta property=\"og:image:height\" content=\"183\" \/>\n\t<meta property=\"og:image:type\" content=\"image\/jpeg\" \/>\n<meta name=\"author\" content=\"Alfredo\" \/>\n<meta name=\"twitter:card\" content=\"summary_large_image\" \/>\n<meta name=\"twitter:label1\" content=\"Escrito por\" \/>\n\t<meta name=\"twitter:data1\" content=\"Alfredo\" \/>\n\t<meta name=\"twitter:label2\" content=\"Est. tempo de leitura\" \/>\n\t<meta name=\"twitter:data2\" content=\"3 minutos\" \/>\n<script type=\"application\/ld+json\" class=\"yoast-schema-graph\">{\"@context\":\"https:\/\/schema.org\",\"@graph\":[{\"@type\":\"Article\",\"@id\":\"https:\/\/progresso.com.br\/index.php\/2026\/04\/28\/mais-uma-morte-suspeita-por-chikungunya-em-dourados-homem-indigena-de-29-anos\/#article\",\"isPartOf\":{\"@id\":\"https:\/\/progresso.com.br\/index.php\/2026\/04\/28\/mais-uma-morte-suspeita-por-chikungunya-em-dourados-homem-indigena-de-29-anos\/\"},\"author\":{\"name\":\"Alfredo\",\"@id\":\"https:\/\/progresso.com.br\/#\/schema\/person\/b7390ac97c5e156cc2e02aa8e88f1bf2\"},\"headline\":\"Mais uma morte suspeita por chikungunya em Dourados; homem ind\u00edgena de 29 anos\",\"datePublished\":\"2026-04-28T18:03:27+00:00\",\"dateModified\":\"2026-04-28T18:03:28+00:00\",\"mainEntityOfPage\":{\"@id\":\"https:\/\/progresso.com.br\/index.php\/2026\/04\/28\/mais-uma-morte-suspeita-por-chikungunya-em-dourados-homem-indigena-de-29-anos\/\"},\"wordCount\":466,\"commentCount\":0,\"publisher\":{\"@id\":\"https:\/\/progresso.com.br\/#organization\"},\"image\":{\"@id\":\"https:\/\/progresso.com.br\/index.php\/2026\/04\/28\/mais-uma-morte-suspeita-por-chikungunya-em-dourados-homem-indigena-de-29-anos\/#primaryimage\"},\"thumbnailUrl\":\"https:\/\/progresso.com.br\/wp-content\/uploads\/2026\/04\/chikun28-1.jpg\",\"articleSection\":[\"Cotidiano\",\"Em destaque\"],\"inLanguage\":\"pt-BR\",\"potentialAction\":[{\"@type\":\"CommentAction\",\"name\":\"Comment\",\"target\":[\"https:\/\/progresso.com.br\/index.php\/2026\/04\/28\/mais-uma-morte-suspeita-por-chikungunya-em-dourados-homem-indigena-de-29-anos\/#respond\"]}]},{\"@type\":\"WebPage\",\"@id\":\"https:\/\/progresso.com.br\/index.php\/2026\/04\/28\/mais-uma-morte-suspeita-por-chikungunya-em-dourados-homem-indigena-de-29-anos\/\",\"url\":\"https:\/\/progresso.com.br\/index.php\/2026\/04\/28\/mais-uma-morte-suspeita-por-chikungunya-em-dourados-homem-indigena-de-29-anos\/\",\"name\":\"Mais uma morte suspeita por chikungunya em Dourados; homem ind\u00edgena de 29 anos - O PROGRESSO\",\"isPartOf\":{\"@id\":\"https:\/\/progresso.com.br\/#website\"},\"primaryImageOfPage\":{\"@id\":\"https:\/\/progresso.com.br\/index.php\/2026\/04\/28\/mais-uma-morte-suspeita-por-chikungunya-em-dourados-homem-indigena-de-29-anos\/#primaryimage\"},\"image\":{\"@id\":\"https:\/\/progresso.com.br\/index.php\/2026\/04\/28\/mais-uma-morte-suspeita-por-chikungunya-em-dourados-homem-indigena-de-29-anos\/#primaryimage\"},\"thumbnailUrl\":\"https:\/\/progresso.com.br\/wp-content\/uploads\/2026\/04\/chikun28-1.jpg\",\"datePublished\":\"2026-04-28T18:03:27+00:00\",\"dateModified\":\"2026-04-28T18:03:28+00:00\",\"breadcrumb\":{\"@id\":\"https:\/\/progresso.com.br\/index.php\/2026\/04\/28\/mais-uma-morte-suspeita-por-chikungunya-em-dourados-homem-indigena-de-29-anos\/#breadcrumb\"},\"inLanguage\":\"pt-BR\",\"potentialAction\":[{\"@type\":\"ReadAction\",\"target\":[\"https:\/\/progresso.com.br\/index.php\/2026\/04\/28\/mais-uma-morte-suspeita-por-chikungunya-em-dourados-homem-indigena-de-29-anos\/\"]}]},{\"@type\":\"ImageObject\",\"inLanguage\":\"pt-BR\",\"@id\":\"https:\/\/progresso.com.br\/index.php\/2026\/04\/28\/mais-uma-morte-suspeita-por-chikungunya-em-dourados-homem-indigena-de-29-anos\/#primaryimage\",\"url\":\"https:\/\/progresso.com.br\/wp-content\/uploads\/2026\/04\/chikun28-1.jpg\",\"contentUrl\":\"https:\/\/progresso.com.br\/wp-content\/uploads\/2026\/04\/chikun28-1.jpg\",\"width\":276,\"height\":183,\"caption\":\"33 pessoas est\u00e3o internadas por causa da chikungunya em Dourados. (Foto: Reprodu\u00e7\u00e3o)\"},{\"@type\":\"BreadcrumbList\",\"@id\":\"https:\/\/progresso.com.br\/index.php\/2026\/04\/28\/mais-uma-morte-suspeita-por-chikungunya-em-dourados-homem-indigena-de-29-anos\/#breadcrumb\",\"itemListElement\":[{\"@type\":\"ListItem\",\"position\":1,\"name\":\"In\u00edcio\",\"item\":\"https:\/\/progresso.com.br\/\"},{\"@type\":\"ListItem\",\"position\":2,\"name\":\"Mais uma morte suspeita por chikungunya em Dourados; homem ind\u00edgena de 29 anos\"}]},{\"@type\":\"WebSite\",\"@id\":\"https:\/\/progresso.com.br\/#website\",\"url\":\"https:\/\/progresso.com.br\/\",\"name\":\"O PROGRESSO\",\"description\":\"\",\"publisher\":{\"@id\":\"https:\/\/progresso.com.br\/#organization\"},\"potentialAction\":[{\"@type\":\"SearchAction\",\"target\":{\"@type\":\"EntryPoint\",\"urlTemplate\":\"https:\/\/progresso.com.br\/?s={search_term_string}\"},\"query-input\":{\"@type\":\"PropertyValueSpecification\",\"valueRequired\":true,\"valueName\":\"search_term_string\"}}],\"inLanguage\":\"pt-BR\"},{\"@type\":\"Organization\",\"@id\":\"https:\/\/progresso.com.br\/#organization\",\"name\":\"O PROGRESSO\",\"url\":\"https:\/\/progresso.com.br\/\",\"logo\":{\"@type\":\"ImageObject\",\"inLanguage\":\"pt-BR\",\"@id\":\"https:\/\/progresso.com.br\/#\/schema\/logo\/image\/\",\"url\":\"https:\/\/progresso.com.br\/wp-content\/uploads\/2026\/03\/logo_proog.jpg\",\"contentUrl\":\"https:\/\/progresso.com.br\/wp-content\/uploads\/2026\/03\/logo_proog.jpg\",\"width\":1960,\"height\":1080,\"caption\":\"O PROGRESSO\"},\"image\":{\"@id\":\"https:\/\/progresso.com.br\/#\/schema\/logo\/image\/\"},\"sameAs\":[\"https:\/\/www.facebook.com\/share\/1CeoksKBj6\/\",\"https:\/\/www.instagram.com\/oprogresso_digital\"]},{\"@type\":\"Person\",\"@id\":\"https:\/\/progresso.com.br\/#\/schema\/person\/b7390ac97c5e156cc2e02aa8e88f1bf2\",\"name\":\"Alfredo\",\"image\":{\"@type\":\"ImageObject\",\"inLanguage\":\"pt-BR\",\"@id\":\"https:\/\/progresso.com.br\/#\/schema\/person\/image\/\",\"url\":\"https:\/\/secure.gravatar.com\/avatar\/ca208a3111522ad69d765c6f0ea1ce4742c74e10aba78ae7158042d704d65a9f?s=96&d=mm&r=g\",\"contentUrl\":\"https:\/\/secure.gravatar.com\/avatar\/ca208a3111522ad69d765c6f0ea1ce4742c74e10aba78ae7158042d704d65a9f?s=96&d=mm&r=g\",\"caption\":\"Alfredo\"},\"url\":\"https:\/\/progresso.com.br\/index.php\/author\/alfredo\/\"}]}<\/script>\n<!-- \/ Yoast SEO plugin. -->","yoast_head_json":{"title":"Mais uma morte suspeita por chikungunya em Dourados; homem ind\u00edgena de 29 anos - O PROGRESSO","robots":{"index":"index","follow":"follow","max-snippet":"max-snippet:-1","max-image-preview":"max-image-preview:large","max-video-preview":"max-video-preview:-1"},"canonical":"https:\/\/progresso.com.br\/index.php\/2026\/04\/28\/mais-uma-morte-suspeita-por-chikungunya-em-dourados-homem-indigena-de-29-anos\/","og_locale":"pt_BR","og_type":"article","og_title":"Mais uma morte suspeita por chikungunya em Dourados; homem ind\u00edgena de 29 anos - O PROGRESSO","og_description":"A prefeitura de Dourados confirmou na manh\u00e3 desta ter\u00e7a-feira (28) mais um \u00f3bito suspeito de complica\u00e7\u00f5es por Chikungunya. Trata-se de um homem de 29 anos, ind\u00edgena, que morava na aldeia Boror\u00f3, na Reserva Ind\u00edgena. Agora s\u00e3o quatro \u00f3bitos em investiga\u00e7\u00e3o, com oito mortes confirmadas pelas autoridades de sa\u00fade de Dourados. O homem come\u00e7ou a apresentar [&hellip;]","og_url":"https:\/\/progresso.com.br\/index.php\/2026\/04\/28\/mais-uma-morte-suspeita-por-chikungunya-em-dourados-homem-indigena-de-29-anos\/","og_site_name":"O PROGRESSO","article_publisher":"https:\/\/www.facebook.com\/share\/1CeoksKBj6\/","article_published_time":"2026-04-28T18:03:27+00:00","article_modified_time":"2026-04-28T18:03:28+00:00","og_image":[{"width":276,"height":183,"url":"https:\/\/progresso.com.br\/wp-content\/uploads\/2026\/04\/chikun28-1.jpg","type":"image\/jpeg"}],"author":"Alfredo","twitter_card":"summary_large_image","twitter_misc":{"Escrito por":"Alfredo","Est. tempo de leitura":"3 minutos"},"schema":{"@context":"https:\/\/schema.org","@graph":[{"@type":"Article","@id":"https:\/\/progresso.com.br\/index.php\/2026\/04\/28\/mais-uma-morte-suspeita-por-chikungunya-em-dourados-homem-indigena-de-29-anos\/#article","isPartOf":{"@id":"https:\/\/progresso.com.br\/index.php\/2026\/04\/28\/mais-uma-morte-suspeita-por-chikungunya-em-dourados-homem-indigena-de-29-anos\/"},"author":{"name":"Alfredo","@id":"https:\/\/progresso.com.br\/#\/schema\/person\/b7390ac97c5e156cc2e02aa8e88f1bf2"},"headline":"Mais uma morte suspeita por chikungunya em Dourados; homem ind\u00edgena de 29 anos","datePublished":"2026-04-28T18:03:27+00:00","dateModified":"2026-04-28T18:03:28+00:00","mainEntityOfPage":{"@id":"https:\/\/progresso.com.br\/index.php\/2026\/04\/28\/mais-uma-morte-suspeita-por-chikungunya-em-dourados-homem-indigena-de-29-anos\/"},"wordCount":466,"commentCount":0,"publisher":{"@id":"https:\/\/progresso.com.br\/#organization"},"image":{"@id":"https:\/\/progresso.com.br\/index.php\/2026\/04\/28\/mais-uma-morte-suspeita-por-chikungunya-em-dourados-homem-indigena-de-29-anos\/#primaryimage"},"thumbnailUrl":"https:\/\/progresso.com.br\/wp-content\/uploads\/2026\/04\/chikun28-1.jpg","articleSection":["Cotidiano","Em destaque"],"inLanguage":"pt-BR","potentialAction":[{"@type":"CommentAction","name":"Comment","target":["https:\/\/progresso.com.br\/index.php\/2026\/04\/28\/mais-uma-morte-suspeita-por-chikungunya-em-dourados-homem-indigena-de-29-anos\/#respond"]}]},{"@type":"WebPage","@id":"https:\/\/progresso.com.br\/index.php\/2026\/04\/28\/mais-uma-morte-suspeita-por-chikungunya-em-dourados-homem-indigena-de-29-anos\/","url":"https:\/\/progresso.com.br\/index.php\/2026\/04\/28\/mais-uma-morte-suspeita-por-chikungunya-em-dourados-homem-indigena-de-29-anos\/","name":"Mais uma morte suspeita por chikungunya em Dourados; homem ind\u00edgena de 29 anos - O PROGRESSO","isPartOf":{"@id":"https:\/\/progresso.com.br\/#website"},"primaryImageOfPage":{"@id":"https:\/\/progresso.com.br\/index.php\/2026\/04\/28\/mais-uma-morte-suspeita-por-chikungunya-em-dourados-homem-indigena-de-29-anos\/#primaryimage"},"image":{"@id":"https:\/\/progresso.com.br\/index.php\/2026\/04\/28\/mais-uma-morte-suspeita-por-chikungunya-em-dourados-homem-indigena-de-29-anos\/#primaryimage"},"thumbnailUrl":"https:\/\/progresso.com.br\/wp-content\/uploads\/2026\/04\/chikun28-1.jpg","datePublished":"2026-04-28T18:03:27+00:00","dateModified":"2026-04-28T18:03:28+00:00","breadcrumb":{"@id":"https:\/\/progresso.com.br\/index.php\/2026\/04\/28\/mais-uma-morte-suspeita-por-chikungunya-em-dourados-homem-indigena-de-29-anos\/#breadcrumb"},"inLanguage":"pt-BR","potentialAction":[{"@type":"ReadAction","target":["https:\/\/progresso.com.br\/index.php\/2026\/04\/28\/mais-uma-morte-suspeita-por-chikungunya-em-dourados-homem-indigena-de-29-anos\/"]}]},{"@type":"ImageObject","inLanguage":"pt-BR","@id":"https:\/\/progresso.com.br\/index.php\/2026\/04\/28\/mais-uma-morte-suspeita-por-chikungunya-em-dourados-homem-indigena-de-29-anos\/#primaryimage","url":"https:\/\/progresso.com.br\/wp-content\/uploads\/2026\/04\/chikun28-1.jpg","contentUrl":"https:\/\/progresso.com.br\/wp-content\/uploads\/2026\/04\/chikun28-1.jpg","width":276,"height":183,"caption":"33 pessoas est\u00e3o internadas por causa da chikungunya em Dourados. (Foto: Reprodu\u00e7\u00e3o)"},{"@type":"BreadcrumbList","@id":"https:\/\/progresso.com.br\/index.php\/2026\/04\/28\/mais-uma-morte-suspeita-por-chikungunya-em-dourados-homem-indigena-de-29-anos\/#breadcrumb","itemListElement":[{"@type":"ListItem","position":1,"name":"In\u00edcio","item":"https:\/\/progresso.com.br\/"},{"@type":"ListItem","position":2,"name":"Mais uma morte suspeita por chikungunya em Dourados; homem ind\u00edgena de 29 anos"}]},{"@type":"WebSite","@id":"https:\/\/progresso.com.br\/#website","url":"https:\/\/progresso.com.br\/","name":"O PROGRESSO","description":"","publisher":{"@id":"https:\/\/progresso.com.br\/#organization"},"potentialAction":[{"@type":"SearchAction","target":{"@type":"EntryPoint","urlTemplate":"https:\/\/progresso.com.br\/?s={search_term_string}"},"query-input":{"@type":"PropertyValueSpecification","valueRequired":true,"valueName":"search_term_string"}}],"inLanguage":"pt-BR"},{"@type":"Organization","@id":"https:\/\/progresso.com.br\/#organization","name":"O PROGRESSO","url":"https:\/\/progresso.com.br\/","logo":{"@type":"ImageObject","inLanguage":"pt-BR","@id":"https:\/\/progresso.com.br\/#\/schema\/logo\/image\/","url":"https:\/\/progresso.com.br\/wp-content\/uploads\/2026\/03\/logo_proog.jpg","contentUrl":"https:\/\/progresso.com.br\/wp-content\/uploads\/2026\/03\/logo_proog.jpg","width":1960,"height":1080,"caption":"O PROGRESSO"},"image":{"@id":"https:\/\/progresso.com.br\/#\/schema\/logo\/image\/"},"sameAs":["https:\/\/www.facebook.com\/share\/1CeoksKBj6\/","https:\/\/www.instagram.com\/oprogresso_digital"]},{"@type":"Person","@id":"https:\/\/progresso.com.br\/#\/schema\/person\/b7390ac97c5e156cc2e02aa8e88f1bf2","name":"Alfredo","image":{"@type":"ImageObject","inLanguage":"pt-BR","@id":"https:\/\/progresso.com.br\/#\/schema\/person\/image\/","url":"https:\/\/secure.gravatar.com\/avatar\/ca208a3111522ad69d765c6f0ea1ce4742c74e10aba78ae7158042d704d65a9f?s=96&d=mm&r=g","contentUrl":"https:\/\/secure.gravatar.com\/avatar\/ca208a3111522ad69d765c6f0ea1ce4742c74e10aba78ae7158042d704d65a9f?s=96&d=mm&r=g","caption":"Alfredo"},"url":"https:\/\/progresso.com.br\/index.php\/author\/alfredo\/"}]}},"_links":{"self":[{"href":"https:\/\/progresso.com.br\/index.php\/wp-json\/wp\/v2\/posts\/4974","targetHints":{"allow":["GET"]}}],"collection":[{"href":"https:\/\/progresso.com.br\/index.php\/wp-json\/wp\/v2\/posts"}],"about":[{"href":"https:\/\/progresso.com.br\/index.php\/wp-json\/wp\/v2\/types\/post"}],"author":[{"embeddable":true,"href":"https:\/\/progresso.com.br\/index.php\/wp-json\/wp\/v2\/users\/3"}],"replies":[{"embeddable":true,"href":"https:\/\/progresso.com.br\/index.php\/wp-json\/wp\/v2\/comments?post=4974"}],"version-history":[{"count":1,"href":"https:\/\/progresso.com.br\/index.php\/wp-json\/wp\/v2\/posts\/4974\/revisions"}],"predecessor-version":[{"id":5008,"href":"https:\/\/progresso.com.br\/index.php\/wp-json\/wp\/v2\/posts\/4974\/revisions\/5008"}],"wp:featuredmedia":[{"embeddable":true,"href":"https:\/\/progresso.com.br\/index.php\/wp-json\/wp\/v2\/media\/5007"}],"wp:attachment":[{"href":"https:\/\/progresso.com.br\/index.php\/wp-json\/wp\/v2\/media?parent=4974"}],"wp:term":[{"taxonomy":"category","embeddable":true,"href":"https:\/\/progresso.com.br\/index.php\/wp-json\/wp\/v2\/categories?post=4974"},{"taxonomy":"post_tag","embeddable":true,"href":"https:\/\/progresso.com.br\/index.php\/wp-json\/wp\/v2\/tags?post=4974"}],"curies":[{"name":"wp","href":"https:\/\/api.w.org\/{rel}","templated":true}]}}