{"id":4976,"date":"2026-04-28T13:30:00","date_gmt":"2026-04-28T17:30:00","guid":{"rendered":"https:\/\/progresso.com.br\/?p=4976"},"modified":"2026-04-28T13:25:03","modified_gmt":"2026-04-28T17:25:03","slug":"reducao-da-jornada-vai-favorecer-o-empreendodorismo-diz-ministro","status":"publish","type":"post","link":"https:\/\/progresso.com.br\/index.php\/2026\/04\/28\/reducao-da-jornada-vai-favorecer-o-empreendodorismo-diz-ministro\/","title":{"rendered":"Redu\u00e7\u00e3o da jornada vai favorecer o empreendodorismo, diz ministro"},"content":{"rendered":"\n<p><strong><em>Com tempo livre, as pessoas ter\u00e3o autonomia para consumir e empreender<\/em><\/strong><\/p>\n\n\n\n<p><em>Pedro Peduzzi &#8211;  Ag\u00eancia Brasil<\/em><\/p>\n\n\n\n<p>A redu\u00e7\u00e3o da jornada de seis dias de trabalho por um de descanso ter\u00e1 impacto positivo n\u00e3o apenas para a qualidade de vida das pessoas, favorece tamb\u00e9m a economia, estimulando iniciativas empreendedoras para novos neg\u00f3cios, segundo o ministro do Empreendedorismo, da Microempresa e da Empresa de Pequeno Porte, Paulo Pereira.<img decoding=\"async\" src=\"https:\/\/agenciabrasil.ebc.com.br\/ebc.png?id=1687518&amp;o=node\"><img decoding=\"async\" src=\"https:\/\/agenciabrasil.ebc.com.br\/ebc.gif?id=1687518&amp;o=node\"><\/p>\n\n\n\n<p>Pereira participou, nesta ter\u00e7a-feira (28), do programa&nbsp;<strong>Bom Dia, Ministro<\/strong>, produzido pela&nbsp;<strong>Empresa Brasil de Comunica\u00e7\u00e3o (EBC)<\/strong>.<\/p>\n\n\n\n<blockquote class=\"wp-block-quote is-layout-flow wp-block-quote-is-layout-flow\">\n<p>\u201cObjetivamente falando, a redu\u00e7\u00e3o \u00e9 boa para o empreendedorismo. Ela vai criar mais tempo livre para as pessoas, mais autonomia para consumir e, inclusive, para empreender\u201d, avalia.<\/p>\n<\/blockquote>\n\n\n\n<p>Paulo Pereira n\u00e3o v\u00ea incompatibilidades entre a redu\u00e7\u00e3o da escala 6 por 1 e o mundo do empreendedorismo.<\/p>\n\n\n\n<p><strong>\u00c9 exatamente este \u201cesp\u00edrito da autonomia\u201d, da liberdade de escolha sobre o que fazer com o pr\u00f3prio tempo, o que est\u00e1 por tr\u00e1s da proposta de redu\u00e7\u00e3o da jornada, defende o ministro.<\/strong><\/p>\n\n\n\n<p>\u201cO que estimula o empreendedorismo \u00e9, muitas vezes, a busca por autonomia\u201d, refor\u00e7ou.<\/p>\n\n\n\n<p>\u201cEstou convencido disso. Se a nova escala [com dois dias de folga semanal] for aprovada, vamos aumentar o empreendedorismo no Brasil. Teremos um monte de gente usando esse tempo novo para fazer mais renda, seja com aplicativo, com um servi\u00e7o novo, ou para se preparar para uma mudan\u00e7a de carreira\u201d, acrescentou.<\/p>\n\n\n\n<p><strong>Segundo o ministro, o impacto na economia pode ser positivo, tanto para o fortalecimento do nosso mercado interno como para a gera\u00e7\u00e3o de novos neg\u00f3cios e novas for\u00e7as de trabalho.<\/strong><\/p>\n\n\n\n<h2 class=\"wp-block-heading\">Base da pir\u00e2mide<\/h2>\n\n\n\n<p><strong>Para Paulo Pereira a redu\u00e7\u00e3o da jornada afetar\u00e1 positivamente de forma especial os trabalhadores de menor renda.<\/strong>&nbsp;Pessoas que, em geral, segundo disse, moram mais longe e dedicam mais tempo da vida ao trabalho.<\/p>\n\n\n\n<p>\u201cS\u00e3o pessoas que t\u00eam mais dificuldades\u201d, argumentou.<\/p>\n\n\n\n<p>O ministro reiterou que muitas das cr\u00edticas \u00e0 redu\u00e7\u00e3o da jornada s\u00e3o apenas repeti\u00e7\u00f5es de discursos hist\u00f3ricos de uma elite que, em outros tempos, foi contr\u00e1ria ao fim da escravid\u00e3o e, depois, contr\u00e1ria aos direitos trabalhistas.<\/p>\n\n\n\n<p><strong>\u201cEsse medo j\u00e1 existiu quando a gente implementou o sal\u00e1rio m\u00ednimo, quando a gente implementou as f\u00e9rias, o d\u00e9cimo terceiro. At\u00e9 quando acabaram com a escravid\u00e3o existiu muito desse discurso\u201d, disse.<\/strong><\/p>\n\n\n\n<p>\u201cToda vez que a gente apresenta uma nova gama de direitos aos trabalhadores, surge o medo de que o aumento de custo vai afetar a produtividade brasileira e que a economia brasileira vai acabar. E ela nunca acaba. Continua forte\u201d, acrescentou.<\/p>\n\n\n\n<p>Paulo Pereira disse que o governo estar\u00e1 atento para, se necess\u00e1rio, adotar medidas de forma a amenizar eventuais impactos que a mudan\u00e7a poder\u00e1 trazer, \u201cmas em situa\u00e7\u00f5es espec\u00edficas, ainda a serem avaliadas\u201d.<\/p>\n\n\n\n<p><strong>Na avalia\u00e7\u00e3o do governo, entre 10% e 15% dos empreendedores poder\u00e3o sentir algum efeito, algo que, segundo o ministro, \u201c\u00e9 pouca gente\u201d em um universo de quase 45 milh\u00f5es de pessoas.<\/strong><\/p>\n\n\n\n<p>\u201cEstamos falando de quatro ou cinco milh\u00f5es de pessoas que podem ter algum impacto caso a escala 6 por 1 seja aprovada. Mas o governo est\u00e1 se esfor\u00e7ando para criar mecanismos de suaviza\u00e7\u00e3o desse impacto\u201d, disse.<\/p>\n\n\n\n<p>\u201cPode ser um benef\u00edcio fiscal, pode ser mais apoio, mais cr\u00e9dito. Vamos criar uma regra que seja boa para todo mundo. O governo n\u00e3o vai deixar ningu\u00e9m para tr\u00e1s. Vamos cuidar daqueles que possam ter algum impacto e criar solu\u00e7\u00f5es espec\u00edficas para eles\u201d, afirmou.<\/p>\n","protected":false},"excerpt":{"rendered":"<p>Com tempo livre, as pessoas ter\u00e3o autonomia para consumir e empreender Pedro Peduzzi &#8211; Ag\u00eancia Brasil A redu\u00e7\u00e3o da jornada de seis dias de trabalho por um de descanso ter\u00e1 impacto positivo n\u00e3o apenas para a qualidade de vida das pessoas, favorece tamb\u00e9m a economia, estimulando iniciativas empreendedoras para novos neg\u00f3cios, segundo o ministro do [&hellip;]<\/p>\n","protected":false},"author":2,"featured_media":4977,"comment_status":"open","ping_status":"open","sticky":false,"template":"","format":"standard","meta":{"footnotes":""},"categories":[30,2],"tags":[],"class_list":["post-4976","post","type-post","status-publish","format-standard","has-post-thumbnail","hentry","category-brasil","category-destaque"],"yoast_head":"<!-- This site is optimized with the Yoast SEO plugin v27.1.1 - https:\/\/yoast.com\/product\/yoast-seo-wordpress\/ -->\n<title>Redu\u00e7\u00e3o da jornada vai favorecer o empreendodorismo, diz ministro - O PROGRESSO<\/title>\n<meta name=\"robots\" content=\"index, follow, max-snippet:-1, max-image-preview:large, max-video-preview:-1\" \/>\n<link rel=\"canonical\" href=\"https:\/\/progresso.com.br\/index.php\/2026\/04\/28\/reducao-da-jornada-vai-favorecer-o-empreendodorismo-diz-ministro\/\" \/>\n<meta property=\"og:locale\" content=\"pt_BR\" \/>\n<meta property=\"og:type\" content=\"article\" \/>\n<meta property=\"og:title\" content=\"Redu\u00e7\u00e3o da jornada vai favorecer o empreendodorismo, diz ministro - O PROGRESSO\" \/>\n<meta property=\"og:description\" content=\"Com tempo livre, as pessoas ter\u00e3o autonomia para consumir e empreender Pedro Peduzzi &#8211; Ag\u00eancia Brasil A redu\u00e7\u00e3o da jornada de seis dias de trabalho por um de descanso ter\u00e1 impacto positivo n\u00e3o apenas para a qualidade de vida das pessoas, favorece tamb\u00e9m a economia, estimulando iniciativas empreendedoras para novos neg\u00f3cios, segundo o ministro do [&hellip;]\" \/>\n<meta property=\"og:url\" content=\"https:\/\/progresso.com.br\/index.php\/2026\/04\/28\/reducao-da-jornada-vai-favorecer-o-empreendodorismo-diz-ministro\/\" \/>\n<meta property=\"og:site_name\" content=\"O PROGRESSO\" \/>\n<meta property=\"article:publisher\" content=\"https:\/\/www.facebook.com\/share\/1CeoksKBj6\/\" \/>\n<meta property=\"article:published_time\" content=\"2026-04-28T17:30:00+00:00\" \/>\n<meta property=\"og:image\" content=\"https:\/\/progresso.com.br\/wp-content\/uploads\/2026\/04\/pzzb4844.webp\" \/>\n\t<meta property=\"og:image:width\" content=\"1170\" \/>\n\t<meta property=\"og:image:height\" content=\"700\" \/>\n\t<meta property=\"og:image:type\" content=\"image\/webp\" \/>\n<meta name=\"author\" content=\"Rose\" \/>\n<meta name=\"twitter:card\" content=\"summary_large_image\" \/>\n<meta name=\"twitter:label1\" content=\"Escrito por\" \/>\n\t<meta name=\"twitter:data1\" content=\"Rose\" \/>\n\t<meta name=\"twitter:label2\" content=\"Est. tempo de leitura\" \/>\n\t<meta name=\"twitter:data2\" content=\"4 minutos\" \/>\n<script type=\"application\/ld+json\" class=\"yoast-schema-graph\">{\"@context\":\"https:\/\/schema.org\",\"@graph\":[{\"@type\":\"Article\",\"@id\":\"https:\/\/progresso.com.br\/index.php\/2026\/04\/28\/reducao-da-jornada-vai-favorecer-o-empreendodorismo-diz-ministro\/#article\",\"isPartOf\":{\"@id\":\"https:\/\/progresso.com.br\/index.php\/2026\/04\/28\/reducao-da-jornada-vai-favorecer-o-empreendodorismo-diz-ministro\/\"},\"author\":{\"name\":\"Rose\",\"@id\":\"https:\/\/progresso.com.br\/#\/schema\/person\/5dd27138d4463fbbaace62120bfc002b\"},\"headline\":\"Redu\u00e7\u00e3o da jornada vai favorecer o empreendodorismo, diz ministro\",\"datePublished\":\"2026-04-28T17:30:00+00:00\",\"mainEntityOfPage\":{\"@id\":\"https:\/\/progresso.com.br\/index.php\/2026\/04\/28\/reducao-da-jornada-vai-favorecer-o-empreendodorismo-diz-ministro\/\"},\"wordCount\":604,\"commentCount\":0,\"publisher\":{\"@id\":\"https:\/\/progresso.com.br\/#organization\"},\"image\":{\"@id\":\"https:\/\/progresso.com.br\/index.php\/2026\/04\/28\/reducao-da-jornada-vai-favorecer-o-empreendodorismo-diz-ministro\/#primaryimage\"},\"thumbnailUrl\":\"https:\/\/progresso.com.br\/wp-content\/uploads\/2026\/04\/pzzb4844.webp\",\"articleSection\":[\"Brasil\",\"Em destaque\"],\"inLanguage\":\"pt-BR\",\"potentialAction\":[{\"@type\":\"CommentAction\",\"name\":\"Comment\",\"target\":[\"https:\/\/progresso.com.br\/index.php\/2026\/04\/28\/reducao-da-jornada-vai-favorecer-o-empreendodorismo-diz-ministro\/#respond\"]}]},{\"@type\":\"WebPage\",\"@id\":\"https:\/\/progresso.com.br\/index.php\/2026\/04\/28\/reducao-da-jornada-vai-favorecer-o-empreendodorismo-diz-ministro\/\",\"url\":\"https:\/\/progresso.com.br\/index.php\/2026\/04\/28\/reducao-da-jornada-vai-favorecer-o-empreendodorismo-diz-ministro\/\",\"name\":\"Redu\u00e7\u00e3o da jornada vai favorecer o empreendodorismo, diz ministro - O PROGRESSO\",\"isPartOf\":{\"@id\":\"https:\/\/progresso.com.br\/#website\"},\"primaryImageOfPage\":{\"@id\":\"https:\/\/progresso.com.br\/index.php\/2026\/04\/28\/reducao-da-jornada-vai-favorecer-o-empreendodorismo-diz-ministro\/#primaryimage\"},\"image\":{\"@id\":\"https:\/\/progresso.com.br\/index.php\/2026\/04\/28\/reducao-da-jornada-vai-favorecer-o-empreendodorismo-diz-ministro\/#primaryimage\"},\"thumbnailUrl\":\"https:\/\/progresso.com.br\/wp-content\/uploads\/2026\/04\/pzzb4844.webp\",\"datePublished\":\"2026-04-28T17:30:00+00:00\",\"breadcrumb\":{\"@id\":\"https:\/\/progresso.com.br\/index.php\/2026\/04\/28\/reducao-da-jornada-vai-favorecer-o-empreendodorismo-diz-ministro\/#breadcrumb\"},\"inLanguage\":\"pt-BR\",\"potentialAction\":[{\"@type\":\"ReadAction\",\"target\":[\"https:\/\/progresso.com.br\/index.php\/2026\/04\/28\/reducao-da-jornada-vai-favorecer-o-empreendodorismo-diz-ministro\/\"]}]},{\"@type\":\"ImageObject\",\"inLanguage\":\"pt-BR\",\"@id\":\"https:\/\/progresso.com.br\/index.php\/2026\/04\/28\/reducao-da-jornada-vai-favorecer-o-empreendodorismo-diz-ministro\/#primaryimage\",\"url\":\"https:\/\/progresso.com.br\/wp-content\/uploads\/2026\/04\/pzzb4844.webp\",\"contentUrl\":\"https:\/\/progresso.com.br\/wp-content\/uploads\/2026\/04\/pzzb4844.webp\",\"width\":1170,\"height\":700,\"caption\":\"(Foto: Fabio Rodrigues-Pozzebom\/ Ag\u00eancia Brasil)\"},{\"@type\":\"BreadcrumbList\",\"@id\":\"https:\/\/progresso.com.br\/index.php\/2026\/04\/28\/reducao-da-jornada-vai-favorecer-o-empreendodorismo-diz-ministro\/#breadcrumb\",\"itemListElement\":[{\"@type\":\"ListItem\",\"position\":1,\"name\":\"In\u00edcio\",\"item\":\"https:\/\/progresso.com.br\/\"},{\"@type\":\"ListItem\",\"position\":2,\"name\":\"Redu\u00e7\u00e3o da jornada vai favorecer o empreendodorismo, diz ministro\"}]},{\"@type\":\"WebSite\",\"@id\":\"https:\/\/progresso.com.br\/#website\",\"url\":\"https:\/\/progresso.com.br\/\",\"name\":\"O PROGRESSO\",\"description\":\"\",\"publisher\":{\"@id\":\"https:\/\/progresso.com.br\/#organization\"},\"potentialAction\":[{\"@type\":\"SearchAction\",\"target\":{\"@type\":\"EntryPoint\",\"urlTemplate\":\"https:\/\/progresso.com.br\/?s={search_term_string}\"},\"query-input\":{\"@type\":\"PropertyValueSpecification\",\"valueRequired\":true,\"valueName\":\"search_term_string\"}}],\"inLanguage\":\"pt-BR\"},{\"@type\":\"Organization\",\"@id\":\"https:\/\/progresso.com.br\/#organization\",\"name\":\"O PROGRESSO\",\"url\":\"https:\/\/progresso.com.br\/\",\"logo\":{\"@type\":\"ImageObject\",\"inLanguage\":\"pt-BR\",\"@id\":\"https:\/\/progresso.com.br\/#\/schema\/logo\/image\/\",\"url\":\"https:\/\/progresso.com.br\/wp-content\/uploads\/2026\/03\/logo_proog.jpg\",\"contentUrl\":\"https:\/\/progresso.com.br\/wp-content\/uploads\/2026\/03\/logo_proog.jpg\",\"width\":1960,\"height\":1080,\"caption\":\"O PROGRESSO\"},\"image\":{\"@id\":\"https:\/\/progresso.com.br\/#\/schema\/logo\/image\/\"},\"sameAs\":[\"https:\/\/www.facebook.com\/share\/1CeoksKBj6\/\",\"https:\/\/www.instagram.com\/oprogresso_digital\"]},{\"@type\":\"Person\",\"@id\":\"https:\/\/progresso.com.br\/#\/schema\/person\/5dd27138d4463fbbaace62120bfc002b\",\"name\":\"Rose\",\"image\":{\"@type\":\"ImageObject\",\"inLanguage\":\"pt-BR\",\"@id\":\"https:\/\/progresso.com.br\/#\/schema\/person\/image\/\",\"url\":\"https:\/\/secure.gravatar.com\/avatar\/1b6890e759cdd3a88d9f751cb423720b9861c5239167cd3586355638b6556599?s=96&d=mm&r=g\",\"contentUrl\":\"https:\/\/secure.gravatar.com\/avatar\/1b6890e759cdd3a88d9f751cb423720b9861c5239167cd3586355638b6556599?s=96&d=mm&r=g\",\"caption\":\"Rose\"},\"url\":\"https:\/\/progresso.com.br\/index.php\/author\/rose\/\"}]}<\/script>\n<!-- \/ Yoast SEO plugin. -->","yoast_head_json":{"title":"Redu\u00e7\u00e3o da jornada vai favorecer o empreendodorismo, diz ministro - O PROGRESSO","robots":{"index":"index","follow":"follow","max-snippet":"max-snippet:-1","max-image-preview":"max-image-preview:large","max-video-preview":"max-video-preview:-1"},"canonical":"https:\/\/progresso.com.br\/index.php\/2026\/04\/28\/reducao-da-jornada-vai-favorecer-o-empreendodorismo-diz-ministro\/","og_locale":"pt_BR","og_type":"article","og_title":"Redu\u00e7\u00e3o da jornada vai favorecer o empreendodorismo, diz ministro - O PROGRESSO","og_description":"Com tempo livre, as pessoas ter\u00e3o autonomia para consumir e empreender Pedro Peduzzi &#8211; Ag\u00eancia Brasil A redu\u00e7\u00e3o da jornada de seis dias de trabalho por um de descanso ter\u00e1 impacto positivo n\u00e3o apenas para a qualidade de vida das pessoas, favorece tamb\u00e9m a economia, estimulando iniciativas empreendedoras para novos neg\u00f3cios, segundo o ministro do [&hellip;]","og_url":"https:\/\/progresso.com.br\/index.php\/2026\/04\/28\/reducao-da-jornada-vai-favorecer-o-empreendodorismo-diz-ministro\/","og_site_name":"O PROGRESSO","article_publisher":"https:\/\/www.facebook.com\/share\/1CeoksKBj6\/","article_published_time":"2026-04-28T17:30:00+00:00","og_image":[{"width":1170,"height":700,"url":"https:\/\/progresso.com.br\/wp-content\/uploads\/2026\/04\/pzzb4844.webp","type":"image\/webp"}],"author":"Rose","twitter_card":"summary_large_image","twitter_misc":{"Escrito por":"Rose","Est. tempo de leitura":"4 minutos"},"schema":{"@context":"https:\/\/schema.org","@graph":[{"@type":"Article","@id":"https:\/\/progresso.com.br\/index.php\/2026\/04\/28\/reducao-da-jornada-vai-favorecer-o-empreendodorismo-diz-ministro\/#article","isPartOf":{"@id":"https:\/\/progresso.com.br\/index.php\/2026\/04\/28\/reducao-da-jornada-vai-favorecer-o-empreendodorismo-diz-ministro\/"},"author":{"name":"Rose","@id":"https:\/\/progresso.com.br\/#\/schema\/person\/5dd27138d4463fbbaace62120bfc002b"},"headline":"Redu\u00e7\u00e3o da jornada vai favorecer o empreendodorismo, diz ministro","datePublished":"2026-04-28T17:30:00+00:00","mainEntityOfPage":{"@id":"https:\/\/progresso.com.br\/index.php\/2026\/04\/28\/reducao-da-jornada-vai-favorecer-o-empreendodorismo-diz-ministro\/"},"wordCount":604,"commentCount":0,"publisher":{"@id":"https:\/\/progresso.com.br\/#organization"},"image":{"@id":"https:\/\/progresso.com.br\/index.php\/2026\/04\/28\/reducao-da-jornada-vai-favorecer-o-empreendodorismo-diz-ministro\/#primaryimage"},"thumbnailUrl":"https:\/\/progresso.com.br\/wp-content\/uploads\/2026\/04\/pzzb4844.webp","articleSection":["Brasil","Em destaque"],"inLanguage":"pt-BR","potentialAction":[{"@type":"CommentAction","name":"Comment","target":["https:\/\/progresso.com.br\/index.php\/2026\/04\/28\/reducao-da-jornada-vai-favorecer-o-empreendodorismo-diz-ministro\/#respond"]}]},{"@type":"WebPage","@id":"https:\/\/progresso.com.br\/index.php\/2026\/04\/28\/reducao-da-jornada-vai-favorecer-o-empreendodorismo-diz-ministro\/","url":"https:\/\/progresso.com.br\/index.php\/2026\/04\/28\/reducao-da-jornada-vai-favorecer-o-empreendodorismo-diz-ministro\/","name":"Redu\u00e7\u00e3o da jornada vai favorecer o empreendodorismo, diz ministro - O PROGRESSO","isPartOf":{"@id":"https:\/\/progresso.com.br\/#website"},"primaryImageOfPage":{"@id":"https:\/\/progresso.com.br\/index.php\/2026\/04\/28\/reducao-da-jornada-vai-favorecer-o-empreendodorismo-diz-ministro\/#primaryimage"},"image":{"@id":"https:\/\/progresso.com.br\/index.php\/2026\/04\/28\/reducao-da-jornada-vai-favorecer-o-empreendodorismo-diz-ministro\/#primaryimage"},"thumbnailUrl":"https:\/\/progresso.com.br\/wp-content\/uploads\/2026\/04\/pzzb4844.webp","datePublished":"2026-04-28T17:30:00+00:00","breadcrumb":{"@id":"https:\/\/progresso.com.br\/index.php\/2026\/04\/28\/reducao-da-jornada-vai-favorecer-o-empreendodorismo-diz-ministro\/#breadcrumb"},"inLanguage":"pt-BR","potentialAction":[{"@type":"ReadAction","target":["https:\/\/progresso.com.br\/index.php\/2026\/04\/28\/reducao-da-jornada-vai-favorecer-o-empreendodorismo-diz-ministro\/"]}]},{"@type":"ImageObject","inLanguage":"pt-BR","@id":"https:\/\/progresso.com.br\/index.php\/2026\/04\/28\/reducao-da-jornada-vai-favorecer-o-empreendodorismo-diz-ministro\/#primaryimage","url":"https:\/\/progresso.com.br\/wp-content\/uploads\/2026\/04\/pzzb4844.webp","contentUrl":"https:\/\/progresso.com.br\/wp-content\/uploads\/2026\/04\/pzzb4844.webp","width":1170,"height":700,"caption":"(Foto: Fabio Rodrigues-Pozzebom\/ Ag\u00eancia Brasil)"},{"@type":"BreadcrumbList","@id":"https:\/\/progresso.com.br\/index.php\/2026\/04\/28\/reducao-da-jornada-vai-favorecer-o-empreendodorismo-diz-ministro\/#breadcrumb","itemListElement":[{"@type":"ListItem","position":1,"name":"In\u00edcio","item":"https:\/\/progresso.com.br\/"},{"@type":"ListItem","position":2,"name":"Redu\u00e7\u00e3o da jornada vai favorecer o empreendodorismo, diz ministro"}]},{"@type":"WebSite","@id":"https:\/\/progresso.com.br\/#website","url":"https:\/\/progresso.com.br\/","name":"O PROGRESSO","description":"","publisher":{"@id":"https:\/\/progresso.com.br\/#organization"},"potentialAction":[{"@type":"SearchAction","target":{"@type":"EntryPoint","urlTemplate":"https:\/\/progresso.com.br\/?s={search_term_string}"},"query-input":{"@type":"PropertyValueSpecification","valueRequired":true,"valueName":"search_term_string"}}],"inLanguage":"pt-BR"},{"@type":"Organization","@id":"https:\/\/progresso.com.br\/#organization","name":"O PROGRESSO","url":"https:\/\/progresso.com.br\/","logo":{"@type":"ImageObject","inLanguage":"pt-BR","@id":"https:\/\/progresso.com.br\/#\/schema\/logo\/image\/","url":"https:\/\/progresso.com.br\/wp-content\/uploads\/2026\/03\/logo_proog.jpg","contentUrl":"https:\/\/progresso.com.br\/wp-content\/uploads\/2026\/03\/logo_proog.jpg","width":1960,"height":1080,"caption":"O PROGRESSO"},"image":{"@id":"https:\/\/progresso.com.br\/#\/schema\/logo\/image\/"},"sameAs":["https:\/\/www.facebook.com\/share\/1CeoksKBj6\/","https:\/\/www.instagram.com\/oprogresso_digital"]},{"@type":"Person","@id":"https:\/\/progresso.com.br\/#\/schema\/person\/5dd27138d4463fbbaace62120bfc002b","name":"Rose","image":{"@type":"ImageObject","inLanguage":"pt-BR","@id":"https:\/\/progresso.com.br\/#\/schema\/person\/image\/","url":"https:\/\/secure.gravatar.com\/avatar\/1b6890e759cdd3a88d9f751cb423720b9861c5239167cd3586355638b6556599?s=96&d=mm&r=g","contentUrl":"https:\/\/secure.gravatar.com\/avatar\/1b6890e759cdd3a88d9f751cb423720b9861c5239167cd3586355638b6556599?s=96&d=mm&r=g","caption":"Rose"},"url":"https:\/\/progresso.com.br\/index.php\/author\/rose\/"}]}},"_links":{"self":[{"href":"https:\/\/progresso.com.br\/index.php\/wp-json\/wp\/v2\/posts\/4976","targetHints":{"allow":["GET"]}}],"collection":[{"href":"https:\/\/progresso.com.br\/index.php\/wp-json\/wp\/v2\/posts"}],"about":[{"href":"https:\/\/progresso.com.br\/index.php\/wp-json\/wp\/v2\/types\/post"}],"author":[{"embeddable":true,"href":"https:\/\/progresso.com.br\/index.php\/wp-json\/wp\/v2\/users\/2"}],"replies":[{"embeddable":true,"href":"https:\/\/progresso.com.br\/index.php\/wp-json\/wp\/v2\/comments?post=4976"}],"version-history":[{"count":1,"href":"https:\/\/progresso.com.br\/index.php\/wp-json\/wp\/v2\/posts\/4976\/revisions"}],"predecessor-version":[{"id":4978,"href":"https:\/\/progresso.com.br\/index.php\/wp-json\/wp\/v2\/posts\/4976\/revisions\/4978"}],"wp:featuredmedia":[{"embeddable":true,"href":"https:\/\/progresso.com.br\/index.php\/wp-json\/wp\/v2\/media\/4977"}],"wp:attachment":[{"href":"https:\/\/progresso.com.br\/index.php\/wp-json\/wp\/v2\/media?parent=4976"}],"wp:term":[{"taxonomy":"category","embeddable":true,"href":"https:\/\/progresso.com.br\/index.php\/wp-json\/wp\/v2\/categories?post=4976"},{"taxonomy":"post_tag","embeddable":true,"href":"https:\/\/progresso.com.br\/index.php\/wp-json\/wp\/v2\/tags?post=4976"}],"curies":[{"name":"wp","href":"https:\/\/api.w.org\/{rel}","templated":true}]}}