{"id":4979,"date":"2026-04-28T13:45:00","date_gmt":"2026-04-28T17:45:00","guid":{"rendered":"https:\/\/progresso.com.br\/?p=4979"},"modified":"2026-04-28T13:34:45","modified_gmt":"2026-04-28T17:34:45","slug":"apesar-de-menor-incidencia-numero-de-acidentes-de-trabalho-cresceu-em-2025-mostra-mte","status":"publish","type":"post","link":"https:\/\/progresso.com.br\/index.php\/2026\/04\/28\/apesar-de-menor-incidencia-numero-de-acidentes-de-trabalho-cresceu-em-2025-mostra-mte\/","title":{"rendered":"Apesar de menor incid\u00eancia, n\u00famero de acidentes de trabalho cresceu em 2025, mostra MTE"},"content":{"rendered":"\n<p><strong><em>N\u00famero de ocorr\u00eancias por 100 mil habitantes \u00e9 menor, no espa\u00e7o entre 2016 e 2025. Mas o total de ocorr\u00eancias no ano passado \u00e9 o maior da s\u00e9rie. Pa\u00eds soma 6,4 milh\u00f5es de casos e mais de 27 mil \u00f3bitos em uma d\u00e9cada<\/em><\/strong><\/p>\n\n\n\n<p><em>Ag\u00eancia Gov | via MTE<\/em><br><\/p>\n\n\n\n<p>O Minist\u00e9rio do Trabalho e Emprego (MTE) apresenta, neste Dia Mundial de Seguran\u00e7a e Sa\u00fade no Trabalho (28 de abril), um estudo t\u00e9cnico que consolida o panorama dos acidentes de trabalho no Brasil entre 2016 e 2025, com base em registros oficiais do INSS e do eSocial. O levantamento re\u00fane 6,4 milh\u00f5es de acidentes e 27.486 \u00f3bitos no per\u00edodo, al\u00e9m de mais de 106 milh\u00f5es de dias de trabalho perdidos e cerca de 249 milh\u00f5es de dias debitados (indicador que expressa o impacto permanente das ocorr\u00eancias na vida dos trabalhadores).<\/p>\n\n\n\n<p>Os dados mais recentes mostram que, em 2025, foram registrados 806.011 acidentes e 3.644 mortes \u2014 recorde da s\u00e9rie hist\u00f3rica. O crescimento ocorre ap\u00f3s a retra\u00e7\u00e3o observada em 2020, em raz\u00e3o da pandemia, e acompanha a retomada da atividade econ\u00f4mica e a amplia\u00e7\u00e3o do emprego formal no pa\u00eds. Entre 2020 e 2025, os acidentes aumentaram 65,8%, enquanto os \u00f3bitos cresceram 60,8%.<\/p>\n\n\n\n<p>Apesar do aumento em n\u00fameros absolutos, o estudo aponta uma redu\u00e7\u00e3o da taxa de incid\u00eancia ao longo da d\u00e9cada \u2014 de 29,39 para 17,94 acidentes por 100 mil trabalhadores \u2014, indicando que o crescimento do emprego formal contribuiu para diluir o risco m\u00e9dio. Ainda assim, o volume total de ocorr\u00eancias evidencia a necessidade de fortalecer as pol\u00edticas de preven\u00e7\u00e3o e melhorar as condi\u00e7\u00f5es de trabalho.<\/p>\n\n\n\n<h4 class=\"wp-block-heading\"><strong>Setores de risco<\/strong><\/h4>\n\n\n\n<p>A an\u00e1lise setorial revela diferentes perfis de risco. O setor de sa\u00fade, especialmente atividades hospitalares e de pronto atendimento, concentra o maior n\u00famero de acidentes, somando quase 633 mil registros no per\u00edodo. J\u00e1 o transporte rodovi\u00e1rio de carga lidera em n\u00famero de mortes, com 2.601 \u00f3bitos, destacando-se como atividade de maior gravidade. Tamb\u00e9m chamam aten\u00e7\u00e3o segmentos com alta exposi\u00e7\u00e3o relativa, como obras de montagem industrial, que apresentam uma das maiores taxas de incid\u00eancia do pa\u00eds.<\/p>\n\n\n\n<p>Entre as ocupa\u00e7\u00f5es, os t\u00e9cnicos de enfermagem registram o maior n\u00famero de acidentes, enquanto os motoristas de caminh\u00e3o concentram o maior n\u00famero de mortes \u2014 foram 4.249 \u00f3bitos em dez anos, m\u00e9dia superior a uma por dia. O estudo tamb\u00e9m evidencia a diversidade de riscos no mercado de trabalho, incluindo fatores como acidentes de trajeto e viol\u00eancia em determinadas atividades, como vigil\u00e2ncia.<\/p>\n\n\n\n<h4 class=\"wp-block-heading\"><strong>Onde ocorrem mais<\/strong><\/h4>\n\n\n\n<p>Regionalmente, os dados refletem o peso econ\u00f4mico dos estados. S\u00e3o Paulo (SP) concentra o maior volume absoluto de acidentes e mortes, respondendo por mais de um ter\u00e7o dos registros. Por outro lado, estados como Mato Grosso (MT), Tocantins (TO) e Maranh\u00e3o (MA) apresentam taxas mais elevadas de letalidade, indicando maior gravidade dos acidentes. O Mato Grosso se destaca por combinar alta incid\u00eancia e elevada letalidade, cen\u00e1rio associado a atividades como agroneg\u00f3cio, transporte e constru\u00e7\u00e3o.<\/p>\n\n\n\n<p>O levantamento tamb\u00e9m aponta mudan\u00e7as no perfil dos acidentes. Os casos t\u00edpicos seguem predominantes (64,6%), mas os acidentes de trajeto ganham relev\u00e2ncia. As doen\u00e7as ocupacionais tiveram aumento expressivo em 2020, influenciadas pela pandemia. Outro destaque \u00e9 o crescimento da participa\u00e7\u00e3o feminina, que passou a representar 34,2% dos registros, com aumento de 48% ao longo da s\u00e9rie, especialmente em setores como sa\u00fade e servi\u00e7os.<\/p>\n\n\n\n<p>Produzido por auditores-fiscais do Trabalho, o estudo refor\u00e7a a import\u00e2ncia da informa\u00e7\u00e3o qualificada na formula\u00e7\u00e3o de pol\u00edticas p\u00fablicas e no direcionamento das a\u00e7\u00f5es de inspe\u00e7\u00e3o. Para o diretor de Seguran\u00e7a e Sa\u00fade no Trabalho do MTE, Alexandre Scarpelli, os dados evidenciam a necessidade de avan\u00e7ar na cultura de preven\u00e7\u00e3o. \u201cOs n\u00fameros mostram que o pa\u00eds tem ampliado a capacidade de registrar e compreender os acidentes, o que \u00e9 fundamental para orientar pol\u00edticas mais eficazes. Ao mesmo tempo, refor\u00e7am a necessidade de aprimorar continuamente as condi\u00e7\u00f5es de trabalho e fortalecer a preven\u00e7\u00e3o para reduzir riscos e preservar vidas\u201d, afirmou.<\/p>\n\n\n\n<h4 class=\"wp-block-heading\"><strong>Principais observa\u00e7\u00f5es da s\u00e9rie hist\u00f3rica<\/strong><\/h4>\n\n\n\n<p>Crescimento p\u00f3s-pandemia: os acidentes aumentaram 65,8% entre 2020 (m\u00ednimo hist\u00f3rico) e 2025 (486.303 \u2192 806.011). Os \u00f3bitos aumentaram 60,8% no mesmo per\u00edodo.<\/p>\n\n\n\n<p>Recorde em 2025: o ano registrou o maior n\u00famero de acidentes (806.011) e de \u00f3bitos (3.644) da s\u00e9rie.<\/p>\n\n\n\n<p>Redu\u00e7\u00e3o da taxa CAT versus aumento absoluto: a taxa CAT caiu de 29,39 (2016) para 17,94 (2025), reflexo do crescimento do emprego formal com carteira assinada. Contudo, o n\u00famero absoluto de acidentes aumentou expressivamente, indicando que a formaliza\u00e7\u00e3o do mercado de trabalho n\u00e3o foi acompanhada por melhora proporcional nas condi\u00e7\u00f5es de seguran\u00e7a.<\/p>\n\n\n\n<p>Impacto sobre dias de trabalho: em dez anos, os trabalhadores brasileiros perderam mais de 106 milh\u00f5es de dias de trabalho por acidentes. Os dias debitados totalizam 248,8 milh\u00f5es, cada um representando o impacto permanente de les\u00f5es graves e mortes.<\/p>\n\n\n\n<p>Aumento de dias perdidos em 2022\u20132024: houve salto de 7,5 milh\u00f5es de dias perdidos (2021) para 16,5 milh\u00f5es (2022), mantendo-se acima de 17\u201318 milh\u00f5es em 2023 e 2024. Esse fen\u00f4meno pode estar associado ao aumento de acidentes com maior gravidade e ao crescimento dos acidentes de trajeto.<\/p>\n\n\n\n<p>Mudan\u00e7a no perfil dos acidentes: os acidentes t\u00edpicos representam 64,6% do total acumulado, seguidos pelos acidentes de trajeto (19,3%) e pelas doen\u00e7as ocupacionais (2,8%). Em 2020, as doen\u00e7as saltaram para 35.290 \u2014 mais que o dobro do habitual \u2014, reflexo das doen\u00e7as relacionadas \u00e0 COVID-19 notificadas como ocupacionais.<\/p>\n\n\n\n<p>Participa\u00e7\u00e3o feminina crescente: as mulheres representaram 34,2% do total acumulado de acidentes. A participa\u00e7\u00e3o feminina cresceu consistentemente: em 2016, eram 198.144 acidentes, chegando a 293.204 em 2025 \u2014 crescimento de 48%. Setores com forte presen\u00e7a feminina, como sa\u00fade e servi\u00e7os, explicam parte desse avan\u00e7o.<\/p>\n\n\n\n<p><em>Por Minist\u00e9rio do Trabalho e Emprego<\/em><\/p>\n","protected":false},"excerpt":{"rendered":"<p>N\u00famero de ocorr\u00eancias por 100 mil habitantes \u00e9 menor, no espa\u00e7o entre 2016 e 2025. Mas o total de ocorr\u00eancias no ano passado \u00e9 o maior da s\u00e9rie. Pa\u00eds soma 6,4 milh\u00f5es de casos e mais de 27 mil \u00f3bitos em uma d\u00e9cada Ag\u00eancia Gov | via MTE O Minist\u00e9rio do Trabalho e Emprego (MTE) [&hellip;]<\/p>\n","protected":false},"author":2,"featured_media":4980,"comment_status":"open","ping_status":"open","sticky":false,"template":"","format":"standard","meta":{"footnotes":""},"categories":[13,2],"tags":[],"class_list":["post-4979","post","type-post","status-publish","format-standard","has-post-thumbnail","hentry","category-cotidiano","category-destaque"],"yoast_head":"<!-- This site is optimized with the Yoast SEO plugin v27.1.1 - https:\/\/yoast.com\/product\/yoast-seo-wordpress\/ -->\n<title>Apesar de menor incid\u00eancia, n\u00famero de acidentes de trabalho cresceu em 2025, mostra MTE - O PROGRESSO<\/title>\n<meta name=\"robots\" content=\"index, follow, max-snippet:-1, max-image-preview:large, max-video-preview:-1\" \/>\n<link rel=\"canonical\" href=\"https:\/\/progresso.com.br\/index.php\/2026\/04\/28\/apesar-de-menor-incidencia-numero-de-acidentes-de-trabalho-cresceu-em-2025-mostra-mte\/\" \/>\n<meta property=\"og:locale\" content=\"pt_BR\" \/>\n<meta property=\"og:type\" content=\"article\" \/>\n<meta property=\"og:title\" content=\"Apesar de menor incid\u00eancia, n\u00famero de acidentes de trabalho cresceu em 2025, mostra MTE - O PROGRESSO\" \/>\n<meta property=\"og:description\" content=\"N\u00famero de ocorr\u00eancias por 100 mil habitantes \u00e9 menor, no espa\u00e7o entre 2016 e 2025. Mas o total de ocorr\u00eancias no ano passado \u00e9 o maior da s\u00e9rie. Pa\u00eds soma 6,4 milh\u00f5es de casos e mais de 27 mil \u00f3bitos em uma d\u00e9cada Ag\u00eancia Gov | via MTE O Minist\u00e9rio do Trabalho e Emprego (MTE) [&hellip;]\" \/>\n<meta property=\"og:url\" content=\"https:\/\/progresso.com.br\/index.php\/2026\/04\/28\/apesar-de-menor-incidencia-numero-de-acidentes-de-trabalho-cresceu-em-2025-mostra-mte\/\" \/>\n<meta property=\"og:site_name\" content=\"O PROGRESSO\" \/>\n<meta property=\"article:publisher\" content=\"https:\/\/www.facebook.com\/share\/1CeoksKBj6\/\" \/>\n<meta property=\"article:published_time\" content=\"2026-04-28T17:45:00+00:00\" \/>\n<meta property=\"og:image\" content=\"https:\/\/progresso.com.br\/wp-content\/uploads\/2026\/04\/MTE.png\" \/>\n\t<meta property=\"og:image:width\" content=\"646\" \/>\n\t<meta property=\"og:image:height\" content=\"399\" \/>\n\t<meta property=\"og:image:type\" content=\"image\/png\" \/>\n<meta name=\"author\" content=\"Rose\" \/>\n<meta name=\"twitter:card\" content=\"summary_large_image\" \/>\n<meta name=\"twitter:label1\" content=\"Escrito por\" \/>\n\t<meta name=\"twitter:data1\" content=\"Rose\" \/>\n\t<meta name=\"twitter:label2\" content=\"Est. tempo de leitura\" \/>\n\t<meta name=\"twitter:data2\" content=\"6 minutos\" \/>\n<script type=\"application\/ld+json\" class=\"yoast-schema-graph\">{\"@context\":\"https:\/\/schema.org\",\"@graph\":[{\"@type\":\"Article\",\"@id\":\"https:\/\/progresso.com.br\/index.php\/2026\/04\/28\/apesar-de-menor-incidencia-numero-de-acidentes-de-trabalho-cresceu-em-2025-mostra-mte\/#article\",\"isPartOf\":{\"@id\":\"https:\/\/progresso.com.br\/index.php\/2026\/04\/28\/apesar-de-menor-incidencia-numero-de-acidentes-de-trabalho-cresceu-em-2025-mostra-mte\/\"},\"author\":{\"name\":\"Rose\",\"@id\":\"https:\/\/progresso.com.br\/#\/schema\/person\/5dd27138d4463fbbaace62120bfc002b\"},\"headline\":\"Apesar de menor incid\u00eancia, n\u00famero de acidentes de trabalho cresceu em 2025, mostra MTE\",\"datePublished\":\"2026-04-28T17:45:00+00:00\",\"mainEntityOfPage\":{\"@id\":\"https:\/\/progresso.com.br\/index.php\/2026\/04\/28\/apesar-de-menor-incidencia-numero-de-acidentes-de-trabalho-cresceu-em-2025-mostra-mte\/\"},\"wordCount\":986,\"commentCount\":0,\"publisher\":{\"@id\":\"https:\/\/progresso.com.br\/#organization\"},\"image\":{\"@id\":\"https:\/\/progresso.com.br\/index.php\/2026\/04\/28\/apesar-de-menor-incidencia-numero-de-acidentes-de-trabalho-cresceu-em-2025-mostra-mte\/#primaryimage\"},\"thumbnailUrl\":\"https:\/\/progresso.com.br\/wp-content\/uploads\/2026\/04\/MTE.png\",\"articleSection\":[\"Cotidiano\",\"Em destaque\"],\"inLanguage\":\"pt-BR\",\"potentialAction\":[{\"@type\":\"CommentAction\",\"name\":\"Comment\",\"target\":[\"https:\/\/progresso.com.br\/index.php\/2026\/04\/28\/apesar-de-menor-incidencia-numero-de-acidentes-de-trabalho-cresceu-em-2025-mostra-mte\/#respond\"]}]},{\"@type\":\"WebPage\",\"@id\":\"https:\/\/progresso.com.br\/index.php\/2026\/04\/28\/apesar-de-menor-incidencia-numero-de-acidentes-de-trabalho-cresceu-em-2025-mostra-mte\/\",\"url\":\"https:\/\/progresso.com.br\/index.php\/2026\/04\/28\/apesar-de-menor-incidencia-numero-de-acidentes-de-trabalho-cresceu-em-2025-mostra-mte\/\",\"name\":\"Apesar de menor incid\u00eancia, n\u00famero de acidentes de trabalho cresceu em 2025, mostra MTE - O PROGRESSO\",\"isPartOf\":{\"@id\":\"https:\/\/progresso.com.br\/#website\"},\"primaryImageOfPage\":{\"@id\":\"https:\/\/progresso.com.br\/index.php\/2026\/04\/28\/apesar-de-menor-incidencia-numero-de-acidentes-de-trabalho-cresceu-em-2025-mostra-mte\/#primaryimage\"},\"image\":{\"@id\":\"https:\/\/progresso.com.br\/index.php\/2026\/04\/28\/apesar-de-menor-incidencia-numero-de-acidentes-de-trabalho-cresceu-em-2025-mostra-mte\/#primaryimage\"},\"thumbnailUrl\":\"https:\/\/progresso.com.br\/wp-content\/uploads\/2026\/04\/MTE.png\",\"datePublished\":\"2026-04-28T17:45:00+00:00\",\"breadcrumb\":{\"@id\":\"https:\/\/progresso.com.br\/index.php\/2026\/04\/28\/apesar-de-menor-incidencia-numero-de-acidentes-de-trabalho-cresceu-em-2025-mostra-mte\/#breadcrumb\"},\"inLanguage\":\"pt-BR\",\"potentialAction\":[{\"@type\":\"ReadAction\",\"target\":[\"https:\/\/progresso.com.br\/index.php\/2026\/04\/28\/apesar-de-menor-incidencia-numero-de-acidentes-de-trabalho-cresceu-em-2025-mostra-mte\/\"]}]},{\"@type\":\"ImageObject\",\"inLanguage\":\"pt-BR\",\"@id\":\"https:\/\/progresso.com.br\/index.php\/2026\/04\/28\/apesar-de-menor-incidencia-numero-de-acidentes-de-trabalho-cresceu-em-2025-mostra-mte\/#primaryimage\",\"url\":\"https:\/\/progresso.com.br\/wp-content\/uploads\/2026\/04\/MTE.png\",\"contentUrl\":\"https:\/\/progresso.com.br\/wp-content\/uploads\/2026\/04\/MTE.png\",\"width\":646,\"height\":399,\"caption\":\"(Divulga\u00e7\u00e3o\/MTE)\"},{\"@type\":\"BreadcrumbList\",\"@id\":\"https:\/\/progresso.com.br\/index.php\/2026\/04\/28\/apesar-de-menor-incidencia-numero-de-acidentes-de-trabalho-cresceu-em-2025-mostra-mte\/#breadcrumb\",\"itemListElement\":[{\"@type\":\"ListItem\",\"position\":1,\"name\":\"In\u00edcio\",\"item\":\"https:\/\/progresso.com.br\/\"},{\"@type\":\"ListItem\",\"position\":2,\"name\":\"Apesar de menor incid\u00eancia, n\u00famero de acidentes de trabalho cresceu em 2025, mostra MTE\"}]},{\"@type\":\"WebSite\",\"@id\":\"https:\/\/progresso.com.br\/#website\",\"url\":\"https:\/\/progresso.com.br\/\",\"name\":\"O PROGRESSO\",\"description\":\"\",\"publisher\":{\"@id\":\"https:\/\/progresso.com.br\/#organization\"},\"potentialAction\":[{\"@type\":\"SearchAction\",\"target\":{\"@type\":\"EntryPoint\",\"urlTemplate\":\"https:\/\/progresso.com.br\/?s={search_term_string}\"},\"query-input\":{\"@type\":\"PropertyValueSpecification\",\"valueRequired\":true,\"valueName\":\"search_term_string\"}}],\"inLanguage\":\"pt-BR\"},{\"@type\":\"Organization\",\"@id\":\"https:\/\/progresso.com.br\/#organization\",\"name\":\"O PROGRESSO\",\"url\":\"https:\/\/progresso.com.br\/\",\"logo\":{\"@type\":\"ImageObject\",\"inLanguage\":\"pt-BR\",\"@id\":\"https:\/\/progresso.com.br\/#\/schema\/logo\/image\/\",\"url\":\"https:\/\/progresso.com.br\/wp-content\/uploads\/2026\/03\/logo_proog.jpg\",\"contentUrl\":\"https:\/\/progresso.com.br\/wp-content\/uploads\/2026\/03\/logo_proog.jpg\",\"width\":1960,\"height\":1080,\"caption\":\"O PROGRESSO\"},\"image\":{\"@id\":\"https:\/\/progresso.com.br\/#\/schema\/logo\/image\/\"},\"sameAs\":[\"https:\/\/www.facebook.com\/share\/1CeoksKBj6\/\",\"https:\/\/www.instagram.com\/oprogresso_digital\"]},{\"@type\":\"Person\",\"@id\":\"https:\/\/progresso.com.br\/#\/schema\/person\/5dd27138d4463fbbaace62120bfc002b\",\"name\":\"Rose\",\"image\":{\"@type\":\"ImageObject\",\"inLanguage\":\"pt-BR\",\"@id\":\"https:\/\/progresso.com.br\/#\/schema\/person\/image\/\",\"url\":\"https:\/\/secure.gravatar.com\/avatar\/1b6890e759cdd3a88d9f751cb423720b9861c5239167cd3586355638b6556599?s=96&d=mm&r=g\",\"contentUrl\":\"https:\/\/secure.gravatar.com\/avatar\/1b6890e759cdd3a88d9f751cb423720b9861c5239167cd3586355638b6556599?s=96&d=mm&r=g\",\"caption\":\"Rose\"},\"url\":\"https:\/\/progresso.com.br\/index.php\/author\/rose\/\"}]}<\/script>\n<!-- \/ Yoast SEO plugin. -->","yoast_head_json":{"title":"Apesar de menor incid\u00eancia, n\u00famero de acidentes de trabalho cresceu em 2025, mostra MTE - O PROGRESSO","robots":{"index":"index","follow":"follow","max-snippet":"max-snippet:-1","max-image-preview":"max-image-preview:large","max-video-preview":"max-video-preview:-1"},"canonical":"https:\/\/progresso.com.br\/index.php\/2026\/04\/28\/apesar-de-menor-incidencia-numero-de-acidentes-de-trabalho-cresceu-em-2025-mostra-mte\/","og_locale":"pt_BR","og_type":"article","og_title":"Apesar de menor incid\u00eancia, n\u00famero de acidentes de trabalho cresceu em 2025, mostra MTE - O PROGRESSO","og_description":"N\u00famero de ocorr\u00eancias por 100 mil habitantes \u00e9 menor, no espa\u00e7o entre 2016 e 2025. Mas o total de ocorr\u00eancias no ano passado \u00e9 o maior da s\u00e9rie. Pa\u00eds soma 6,4 milh\u00f5es de casos e mais de 27 mil \u00f3bitos em uma d\u00e9cada Ag\u00eancia Gov | via MTE O Minist\u00e9rio do Trabalho e Emprego (MTE) [&hellip;]","og_url":"https:\/\/progresso.com.br\/index.php\/2026\/04\/28\/apesar-de-menor-incidencia-numero-de-acidentes-de-trabalho-cresceu-em-2025-mostra-mte\/","og_site_name":"O PROGRESSO","article_publisher":"https:\/\/www.facebook.com\/share\/1CeoksKBj6\/","article_published_time":"2026-04-28T17:45:00+00:00","og_image":[{"width":646,"height":399,"url":"https:\/\/progresso.com.br\/wp-content\/uploads\/2026\/04\/MTE.png","type":"image\/png"}],"author":"Rose","twitter_card":"summary_large_image","twitter_misc":{"Escrito por":"Rose","Est. tempo de leitura":"6 minutos"},"schema":{"@context":"https:\/\/schema.org","@graph":[{"@type":"Article","@id":"https:\/\/progresso.com.br\/index.php\/2026\/04\/28\/apesar-de-menor-incidencia-numero-de-acidentes-de-trabalho-cresceu-em-2025-mostra-mte\/#article","isPartOf":{"@id":"https:\/\/progresso.com.br\/index.php\/2026\/04\/28\/apesar-de-menor-incidencia-numero-de-acidentes-de-trabalho-cresceu-em-2025-mostra-mte\/"},"author":{"name":"Rose","@id":"https:\/\/progresso.com.br\/#\/schema\/person\/5dd27138d4463fbbaace62120bfc002b"},"headline":"Apesar de menor incid\u00eancia, n\u00famero de acidentes de trabalho cresceu em 2025, mostra MTE","datePublished":"2026-04-28T17:45:00+00:00","mainEntityOfPage":{"@id":"https:\/\/progresso.com.br\/index.php\/2026\/04\/28\/apesar-de-menor-incidencia-numero-de-acidentes-de-trabalho-cresceu-em-2025-mostra-mte\/"},"wordCount":986,"commentCount":0,"publisher":{"@id":"https:\/\/progresso.com.br\/#organization"},"image":{"@id":"https:\/\/progresso.com.br\/index.php\/2026\/04\/28\/apesar-de-menor-incidencia-numero-de-acidentes-de-trabalho-cresceu-em-2025-mostra-mte\/#primaryimage"},"thumbnailUrl":"https:\/\/progresso.com.br\/wp-content\/uploads\/2026\/04\/MTE.png","articleSection":["Cotidiano","Em destaque"],"inLanguage":"pt-BR","potentialAction":[{"@type":"CommentAction","name":"Comment","target":["https:\/\/progresso.com.br\/index.php\/2026\/04\/28\/apesar-de-menor-incidencia-numero-de-acidentes-de-trabalho-cresceu-em-2025-mostra-mte\/#respond"]}]},{"@type":"WebPage","@id":"https:\/\/progresso.com.br\/index.php\/2026\/04\/28\/apesar-de-menor-incidencia-numero-de-acidentes-de-trabalho-cresceu-em-2025-mostra-mte\/","url":"https:\/\/progresso.com.br\/index.php\/2026\/04\/28\/apesar-de-menor-incidencia-numero-de-acidentes-de-trabalho-cresceu-em-2025-mostra-mte\/","name":"Apesar de menor incid\u00eancia, n\u00famero de acidentes de trabalho cresceu em 2025, mostra MTE - O PROGRESSO","isPartOf":{"@id":"https:\/\/progresso.com.br\/#website"},"primaryImageOfPage":{"@id":"https:\/\/progresso.com.br\/index.php\/2026\/04\/28\/apesar-de-menor-incidencia-numero-de-acidentes-de-trabalho-cresceu-em-2025-mostra-mte\/#primaryimage"},"image":{"@id":"https:\/\/progresso.com.br\/index.php\/2026\/04\/28\/apesar-de-menor-incidencia-numero-de-acidentes-de-trabalho-cresceu-em-2025-mostra-mte\/#primaryimage"},"thumbnailUrl":"https:\/\/progresso.com.br\/wp-content\/uploads\/2026\/04\/MTE.png","datePublished":"2026-04-28T17:45:00+00:00","breadcrumb":{"@id":"https:\/\/progresso.com.br\/index.php\/2026\/04\/28\/apesar-de-menor-incidencia-numero-de-acidentes-de-trabalho-cresceu-em-2025-mostra-mte\/#breadcrumb"},"inLanguage":"pt-BR","potentialAction":[{"@type":"ReadAction","target":["https:\/\/progresso.com.br\/index.php\/2026\/04\/28\/apesar-de-menor-incidencia-numero-de-acidentes-de-trabalho-cresceu-em-2025-mostra-mte\/"]}]},{"@type":"ImageObject","inLanguage":"pt-BR","@id":"https:\/\/progresso.com.br\/index.php\/2026\/04\/28\/apesar-de-menor-incidencia-numero-de-acidentes-de-trabalho-cresceu-em-2025-mostra-mte\/#primaryimage","url":"https:\/\/progresso.com.br\/wp-content\/uploads\/2026\/04\/MTE.png","contentUrl":"https:\/\/progresso.com.br\/wp-content\/uploads\/2026\/04\/MTE.png","width":646,"height":399,"caption":"(Divulga\u00e7\u00e3o\/MTE)"},{"@type":"BreadcrumbList","@id":"https:\/\/progresso.com.br\/index.php\/2026\/04\/28\/apesar-de-menor-incidencia-numero-de-acidentes-de-trabalho-cresceu-em-2025-mostra-mte\/#breadcrumb","itemListElement":[{"@type":"ListItem","position":1,"name":"In\u00edcio","item":"https:\/\/progresso.com.br\/"},{"@type":"ListItem","position":2,"name":"Apesar de menor incid\u00eancia, n\u00famero de acidentes de trabalho cresceu em 2025, mostra MTE"}]},{"@type":"WebSite","@id":"https:\/\/progresso.com.br\/#website","url":"https:\/\/progresso.com.br\/","name":"O PROGRESSO","description":"","publisher":{"@id":"https:\/\/progresso.com.br\/#organization"},"potentialAction":[{"@type":"SearchAction","target":{"@type":"EntryPoint","urlTemplate":"https:\/\/progresso.com.br\/?s={search_term_string}"},"query-input":{"@type":"PropertyValueSpecification","valueRequired":true,"valueName":"search_term_string"}}],"inLanguage":"pt-BR"},{"@type":"Organization","@id":"https:\/\/progresso.com.br\/#organization","name":"O PROGRESSO","url":"https:\/\/progresso.com.br\/","logo":{"@type":"ImageObject","inLanguage":"pt-BR","@id":"https:\/\/progresso.com.br\/#\/schema\/logo\/image\/","url":"https:\/\/progresso.com.br\/wp-content\/uploads\/2026\/03\/logo_proog.jpg","contentUrl":"https:\/\/progresso.com.br\/wp-content\/uploads\/2026\/03\/logo_proog.jpg","width":1960,"height":1080,"caption":"O PROGRESSO"},"image":{"@id":"https:\/\/progresso.com.br\/#\/schema\/logo\/image\/"},"sameAs":["https:\/\/www.facebook.com\/share\/1CeoksKBj6\/","https:\/\/www.instagram.com\/oprogresso_digital"]},{"@type":"Person","@id":"https:\/\/progresso.com.br\/#\/schema\/person\/5dd27138d4463fbbaace62120bfc002b","name":"Rose","image":{"@type":"ImageObject","inLanguage":"pt-BR","@id":"https:\/\/progresso.com.br\/#\/schema\/person\/image\/","url":"https:\/\/secure.gravatar.com\/avatar\/1b6890e759cdd3a88d9f751cb423720b9861c5239167cd3586355638b6556599?s=96&d=mm&r=g","contentUrl":"https:\/\/secure.gravatar.com\/avatar\/1b6890e759cdd3a88d9f751cb423720b9861c5239167cd3586355638b6556599?s=96&d=mm&r=g","caption":"Rose"},"url":"https:\/\/progresso.com.br\/index.php\/author\/rose\/"}]}},"_links":{"self":[{"href":"https:\/\/progresso.com.br\/index.php\/wp-json\/wp\/v2\/posts\/4979","targetHints":{"allow":["GET"]}}],"collection":[{"href":"https:\/\/progresso.com.br\/index.php\/wp-json\/wp\/v2\/posts"}],"about":[{"href":"https:\/\/progresso.com.br\/index.php\/wp-json\/wp\/v2\/types\/post"}],"author":[{"embeddable":true,"href":"https:\/\/progresso.com.br\/index.php\/wp-json\/wp\/v2\/users\/2"}],"replies":[{"embeddable":true,"href":"https:\/\/progresso.com.br\/index.php\/wp-json\/wp\/v2\/comments?post=4979"}],"version-history":[{"count":1,"href":"https:\/\/progresso.com.br\/index.php\/wp-json\/wp\/v2\/posts\/4979\/revisions"}],"predecessor-version":[{"id":4981,"href":"https:\/\/progresso.com.br\/index.php\/wp-json\/wp\/v2\/posts\/4979\/revisions\/4981"}],"wp:featuredmedia":[{"embeddable":true,"href":"https:\/\/progresso.com.br\/index.php\/wp-json\/wp\/v2\/media\/4980"}],"wp:attachment":[{"href":"https:\/\/progresso.com.br\/index.php\/wp-json\/wp\/v2\/media?parent=4979"}],"wp:term":[{"taxonomy":"category","embeddable":true,"href":"https:\/\/progresso.com.br\/index.php\/wp-json\/wp\/v2\/categories?post=4979"},{"taxonomy":"post_tag","embeddable":true,"href":"https:\/\/progresso.com.br\/index.php\/wp-json\/wp\/v2\/tags?post=4979"}],"curies":[{"name":"wp","href":"https:\/\/api.w.org\/{rel}","templated":true}]}}