{"id":5010,"date":"2026-04-28T14:30:00","date_gmt":"2026-04-28T18:30:00","guid":{"rendered":"https:\/\/progresso.com.br\/?p=5010"},"modified":"2026-04-28T14:08:01","modified_gmt":"2026-04-28T18:08:01","slug":"eleicoes-2026-prazo-para-regularizar-pendencias-termina-em-uma-semana","status":"publish","type":"post","link":"https:\/\/progresso.com.br\/index.php\/2026\/04\/28\/eleicoes-2026-prazo-para-regularizar-pendencias-termina-em-uma-semana\/","title":{"rendered":"Elei\u00e7\u00f5es 2026: prazo para regularizar pend\u00eancias termina em uma semana"},"content":{"rendered":"\n<p><strong><em>Cancelamento do t\u00edtulo pode causar diversas restri\u00e7\u00f5es para o cidad\u00e3o<br><\/em><\/strong><\/p>\n\n\n\n<p><em>Ag\u00eancia Brasil<\/em><\/p>\n\n\n\n<p>Os eleitores que pretendem votar nas elei\u00e7\u00f5es de outubro t\u00eam at\u00e9 o dia 6 de maio para regularizar suas pend\u00eancias na Justi\u00e7a Eleitoral. O prazo deve ser observado pelo cidad\u00e3o que quer tirar o primeiro t\u00edtulo de eleitor, regularizar o documento, cadastrar biometria, transferir o domic\u00edlio eleitoral e atualizar dados cadastrais.<\/p>\n\n\n\n<p>A partir do dia 7 de maio, o cadastro eleitoral ser\u00e1 fechado e n\u00e3o ser\u00e3o permitidas altera\u00e7\u00f5es nos dados dos eleitores. Para resolver as pend\u00eancias, o eleitor pode acessar o servi\u00e7o eletr\u00f4nico dispon\u00edvel no site do Tribunal Superior Eleitoral (TSE).<\/p>\n\n\n\n<p>Pela plataforma, \u00e9 poss\u00edvel enviar os documentos solicitados para cada tipo de servi\u00e7o e acompanhar o andamento da solicita\u00e7\u00e3o. O eleitor tamb\u00e9m pode procurar os cart\u00f3rios eleitorais ou postos de atendimento presenciais em todo o pa\u00eds. A localiza\u00e7\u00e3o pode ser encontrada no site do tribunal.&nbsp;<\/p>\n\n\n\n<p>Alguns servi\u00e7os, como a coleta de biometria e a solicita\u00e7\u00e3o do primeiro t\u00edtulo, s\u00f3 podem ser realizados presencialmente.<\/p>\n\n\n\n<p><strong>Regulariza\u00e7\u00e3o\u00a0\u00a0<\/strong><\/p>\n\n\n\n<p>Para verificar se o t\u00edtulo est\u00e1 regular, o eleitor pode acessar a p\u00e1gina do TSE na internet e clicar no menu Consultas. Em seguida, basta clicar em Situa\u00e7\u00e3o do T\u00edtulo.<\/p>\n\n\n\n<p>O passo a passo para a regulariza\u00e7\u00e3o ser\u00e1 indicado pelo sistema eletr\u00f4nico.&nbsp;<\/p>\n\n\n\n<p><strong>Cancelamento<\/strong><\/p>\n\n\n\n<p>O prazo de regulariza\u00e7\u00e3o tamb\u00e9m deve ser seguido por quem teve o t\u00edtulo cancelado por deixar de votar por tr\u00eas elei\u00e7\u00f5es seguidas (tr\u00eas turnos consecutivos) e n\u00e3o justificou aus\u00eancia.&nbsp;<\/p>\n\n\n\n<p>Al\u00e9m de n\u00e3o conseguir votar nas elei\u00e7\u00f5es de outubro, a manuten\u00e7\u00e3o do cancelamento pode causar diversas restri\u00e7\u00f5es para o cidad\u00e3o, como n\u00e3o conseguir tirar passaporte ou carteira de identidade, renovar matr\u00edcula em institui\u00e7\u00e3o p\u00fablica de ensino e tomar posse em cargo p\u00fablico ap\u00f3s ser aprovado em concurso.<\/p>\n\n\n\n<p><strong>Primeiro t\u00edtulo\u00a0<\/strong><\/p>\n\n\n\n<p>De acordo com a Constitui\u00e7\u00e3o, o voto \u00e9 obrigat\u00f3rio para quem tem entre 18 e 70 anos e facultativo para jovens entre 16 e 17 anos e quem tem mais de 70.&nbsp;<\/p>\n\n\n\n<p>Ap\u00f3s completar 15 anos, os jovens poder\u00e3o solicitar a emiss\u00e3o do primeiro t\u00edtulo de eleitor. Contudo, somente estar\u00e1 apto a votar quem tiver completado 16 anos na data da elei\u00e7\u00e3o.&nbsp;<\/p>\n\n\n\n<p><strong>Elei\u00e7\u00e3o<\/strong><\/p>\n\n\n\n<p>O primeiro turno das elei\u00e7\u00f5es ser\u00e1 realizado no dia 4 de outubro, quando ser\u00e3o eleitos o presidente da Rep\u00fablica, governadores, senadores, deputados federais, estaduais e distritais.<\/p>\n\n\n\n<p>Eventual segundo turno para os cargos de governador e presidente ocorrer\u00e1 no dia 25 do mesmo m\u00eas.<\/p>\n","protected":false},"excerpt":{"rendered":"<p>Cancelamento do t\u00edtulo pode causar diversas restri\u00e7\u00f5es para o cidad\u00e3o Ag\u00eancia Brasil Os eleitores que pretendem votar nas elei\u00e7\u00f5es de outubro t\u00eam at\u00e9 o dia 6 de maio para regularizar suas pend\u00eancias na Justi\u00e7a Eleitoral. O prazo deve ser observado pelo cidad\u00e3o que quer tirar o primeiro t\u00edtulo de eleitor, regularizar o documento, cadastrar biometria, [&hellip;]<\/p>\n","protected":false},"author":5,"featured_media":5012,"comment_status":"open","ping_status":"open","sticky":false,"template":"","format":"standard","meta":{"footnotes":""},"categories":[30,13],"tags":[],"class_list":["post-5010","post","type-post","status-publish","format-standard","has-post-thumbnail","hentry","category-brasil","category-cotidiano"],"yoast_head":"<!-- This site is optimized with the Yoast SEO plugin v27.1.1 - https:\/\/yoast.com\/product\/yoast-seo-wordpress\/ -->\n<title>Elei\u00e7\u00f5es 2026: prazo para regularizar pend\u00eancias termina em uma semana - O PROGRESSO<\/title>\n<meta name=\"robots\" content=\"index, follow, max-snippet:-1, max-image-preview:large, max-video-preview:-1\" \/>\n<link rel=\"canonical\" href=\"https:\/\/progresso.com.br\/index.php\/2026\/04\/28\/eleicoes-2026-prazo-para-regularizar-pendencias-termina-em-uma-semana\/\" \/>\n<meta property=\"og:locale\" content=\"pt_BR\" \/>\n<meta property=\"og:type\" content=\"article\" \/>\n<meta property=\"og:title\" content=\"Elei\u00e7\u00f5es 2026: prazo para regularizar pend\u00eancias termina em uma semana - O PROGRESSO\" \/>\n<meta property=\"og:description\" content=\"Cancelamento do t\u00edtulo pode causar diversas restri\u00e7\u00f5es para o cidad\u00e3o Ag\u00eancia Brasil Os eleitores que pretendem votar nas elei\u00e7\u00f5es de outubro t\u00eam at\u00e9 o dia 6 de maio para regularizar suas pend\u00eancias na Justi\u00e7a Eleitoral. O prazo deve ser observado pelo cidad\u00e3o que quer tirar o primeiro t\u00edtulo de eleitor, regularizar o documento, cadastrar biometria, [&hellip;]\" \/>\n<meta property=\"og:url\" content=\"https:\/\/progresso.com.br\/index.php\/2026\/04\/28\/eleicoes-2026-prazo-para-regularizar-pendencias-termina-em-uma-semana\/\" \/>\n<meta property=\"og:site_name\" content=\"O PROGRESSO\" \/>\n<meta property=\"article:publisher\" content=\"https:\/\/www.facebook.com\/share\/1CeoksKBj6\/\" \/>\n<meta property=\"article:published_time\" content=\"2026-04-28T18:30:00+00:00\" \/>\n<meta property=\"og:image\" content=\"https:\/\/progresso.com.br\/wp-content\/uploads\/2026\/04\/Urna-Eletronica.jpg\" \/>\n\t<meta property=\"og:image:width\" content=\"1170\" \/>\n\t<meta property=\"og:image:height\" content=\"700\" \/>\n\t<meta property=\"og:image:type\" content=\"image\/jpeg\" \/>\n<meta name=\"author\" content=\"Rog\u00e9rio Vidmantas\" \/>\n<meta name=\"twitter:card\" content=\"summary_large_image\" \/>\n<meta name=\"twitter:label1\" content=\"Escrito por\" \/>\n\t<meta name=\"twitter:data1\" content=\"Rog\u00e9rio Vidmantas\" \/>\n\t<meta name=\"twitter:label2\" content=\"Est. tempo de leitura\" \/>\n\t<meta name=\"twitter:data2\" content=\"3 minutos\" \/>\n<script type=\"application\/ld+json\" class=\"yoast-schema-graph\">{\"@context\":\"https:\/\/schema.org\",\"@graph\":[{\"@type\":\"Article\",\"@id\":\"https:\/\/progresso.com.br\/index.php\/2026\/04\/28\/eleicoes-2026-prazo-para-regularizar-pendencias-termina-em-uma-semana\/#article\",\"isPartOf\":{\"@id\":\"https:\/\/progresso.com.br\/index.php\/2026\/04\/28\/eleicoes-2026-prazo-para-regularizar-pendencias-termina-em-uma-semana\/\"},\"author\":{\"name\":\"Rog\u00e9rio Vidmantas\",\"@id\":\"https:\/\/progresso.com.br\/#\/schema\/person\/471791cc575a7e23811d1070fa9d20ee\"},\"headline\":\"Elei\u00e7\u00f5es 2026: prazo para regularizar pend\u00eancias termina em uma semana\",\"datePublished\":\"2026-04-28T18:30:00+00:00\",\"mainEntityOfPage\":{\"@id\":\"https:\/\/progresso.com.br\/index.php\/2026\/04\/28\/eleicoes-2026-prazo-para-regularizar-pendencias-termina-em-uma-semana\/\"},\"wordCount\":465,\"commentCount\":0,\"publisher\":{\"@id\":\"https:\/\/progresso.com.br\/#organization\"},\"image\":{\"@id\":\"https:\/\/progresso.com.br\/index.php\/2026\/04\/28\/eleicoes-2026-prazo-para-regularizar-pendencias-termina-em-uma-semana\/#primaryimage\"},\"thumbnailUrl\":\"https:\/\/progresso.com.br\/wp-content\/uploads\/2026\/04\/Urna-Eletronica.jpg\",\"articleSection\":[\"Brasil\",\"Cotidiano\"],\"inLanguage\":\"pt-BR\",\"potentialAction\":[{\"@type\":\"CommentAction\",\"name\":\"Comment\",\"target\":[\"https:\/\/progresso.com.br\/index.php\/2026\/04\/28\/eleicoes-2026-prazo-para-regularizar-pendencias-termina-em-uma-semana\/#respond\"]}]},{\"@type\":\"WebPage\",\"@id\":\"https:\/\/progresso.com.br\/index.php\/2026\/04\/28\/eleicoes-2026-prazo-para-regularizar-pendencias-termina-em-uma-semana\/\",\"url\":\"https:\/\/progresso.com.br\/index.php\/2026\/04\/28\/eleicoes-2026-prazo-para-regularizar-pendencias-termina-em-uma-semana\/\",\"name\":\"Elei\u00e7\u00f5es 2026: prazo para regularizar pend\u00eancias termina em uma semana - O PROGRESSO\",\"isPartOf\":{\"@id\":\"https:\/\/progresso.com.br\/#website\"},\"primaryImageOfPage\":{\"@id\":\"https:\/\/progresso.com.br\/index.php\/2026\/04\/28\/eleicoes-2026-prazo-para-regularizar-pendencias-termina-em-uma-semana\/#primaryimage\"},\"image\":{\"@id\":\"https:\/\/progresso.com.br\/index.php\/2026\/04\/28\/eleicoes-2026-prazo-para-regularizar-pendencias-termina-em-uma-semana\/#primaryimage\"},\"thumbnailUrl\":\"https:\/\/progresso.com.br\/wp-content\/uploads\/2026\/04\/Urna-Eletronica.jpg\",\"datePublished\":\"2026-04-28T18:30:00+00:00\",\"breadcrumb\":{\"@id\":\"https:\/\/progresso.com.br\/index.php\/2026\/04\/28\/eleicoes-2026-prazo-para-regularizar-pendencias-termina-em-uma-semana\/#breadcrumb\"},\"inLanguage\":\"pt-BR\",\"potentialAction\":[{\"@type\":\"ReadAction\",\"target\":[\"https:\/\/progresso.com.br\/index.php\/2026\/04\/28\/eleicoes-2026-prazo-para-regularizar-pendencias-termina-em-uma-semana\/\"]}]},{\"@type\":\"ImageObject\",\"inLanguage\":\"pt-BR\",\"@id\":\"https:\/\/progresso.com.br\/index.php\/2026\/04\/28\/eleicoes-2026-prazo-para-regularizar-pendencias-termina-em-uma-semana\/#primaryimage\",\"url\":\"https:\/\/progresso.com.br\/wp-content\/uploads\/2026\/04\/Urna-Eletronica.jpg\",\"contentUrl\":\"https:\/\/progresso.com.br\/wp-content\/uploads\/2026\/04\/Urna-Eletronica.jpg\",\"width\":1170,\"height\":700,\"caption\":\"Elei\u00e7\u00f5es acontecem no primeiro domingo de outubro (Foto: T\u00e2nia R\u00eago\/Ag\u00eancia Brasil)\"},{\"@type\":\"BreadcrumbList\",\"@id\":\"https:\/\/progresso.com.br\/index.php\/2026\/04\/28\/eleicoes-2026-prazo-para-regularizar-pendencias-termina-em-uma-semana\/#breadcrumb\",\"itemListElement\":[{\"@type\":\"ListItem\",\"position\":1,\"name\":\"In\u00edcio\",\"item\":\"https:\/\/progresso.com.br\/\"},{\"@type\":\"ListItem\",\"position\":2,\"name\":\"Elei\u00e7\u00f5es 2026: prazo para regularizar pend\u00eancias termina em uma semana\"}]},{\"@type\":\"WebSite\",\"@id\":\"https:\/\/progresso.com.br\/#website\",\"url\":\"https:\/\/progresso.com.br\/\",\"name\":\"O PROGRESSO\",\"description\":\"\",\"publisher\":{\"@id\":\"https:\/\/progresso.com.br\/#organization\"},\"potentialAction\":[{\"@type\":\"SearchAction\",\"target\":{\"@type\":\"EntryPoint\",\"urlTemplate\":\"https:\/\/progresso.com.br\/?s={search_term_string}\"},\"query-input\":{\"@type\":\"PropertyValueSpecification\",\"valueRequired\":true,\"valueName\":\"search_term_string\"}}],\"inLanguage\":\"pt-BR\"},{\"@type\":\"Organization\",\"@id\":\"https:\/\/progresso.com.br\/#organization\",\"name\":\"O PROGRESSO\",\"url\":\"https:\/\/progresso.com.br\/\",\"logo\":{\"@type\":\"ImageObject\",\"inLanguage\":\"pt-BR\",\"@id\":\"https:\/\/progresso.com.br\/#\/schema\/logo\/image\/\",\"url\":\"https:\/\/progresso.com.br\/wp-content\/uploads\/2026\/03\/logo_proog.jpg\",\"contentUrl\":\"https:\/\/progresso.com.br\/wp-content\/uploads\/2026\/03\/logo_proog.jpg\",\"width\":1960,\"height\":1080,\"caption\":\"O PROGRESSO\"},\"image\":{\"@id\":\"https:\/\/progresso.com.br\/#\/schema\/logo\/image\/\"},\"sameAs\":[\"https:\/\/www.facebook.com\/share\/1CeoksKBj6\/\",\"https:\/\/www.instagram.com\/oprogresso_digital\"]},{\"@type\":\"Person\",\"@id\":\"https:\/\/progresso.com.br\/#\/schema\/person\/471791cc575a7e23811d1070fa9d20ee\",\"name\":\"Rog\u00e9rio Vidmantas\",\"image\":{\"@type\":\"ImageObject\",\"inLanguage\":\"pt-BR\",\"@id\":\"https:\/\/progresso.com.br\/#\/schema\/person\/image\/\",\"url\":\"https:\/\/secure.gravatar.com\/avatar\/10a86aae4992f407879fa7e12fb476cdff79509ad9ec42967d62b4fbcee7c57b?s=96&d=mm&r=g\",\"contentUrl\":\"https:\/\/secure.gravatar.com\/avatar\/10a86aae4992f407879fa7e12fb476cdff79509ad9ec42967d62b4fbcee7c57b?s=96&d=mm&r=g\",\"caption\":\"Rog\u00e9rio Vidmantas\"},\"url\":\"https:\/\/progresso.com.br\/index.php\/author\/vidmantas\/\"}]}<\/script>\n<!-- \/ Yoast SEO plugin. -->","yoast_head_json":{"title":"Elei\u00e7\u00f5es 2026: prazo para regularizar pend\u00eancias termina em uma semana - O PROGRESSO","robots":{"index":"index","follow":"follow","max-snippet":"max-snippet:-1","max-image-preview":"max-image-preview:large","max-video-preview":"max-video-preview:-1"},"canonical":"https:\/\/progresso.com.br\/index.php\/2026\/04\/28\/eleicoes-2026-prazo-para-regularizar-pendencias-termina-em-uma-semana\/","og_locale":"pt_BR","og_type":"article","og_title":"Elei\u00e7\u00f5es 2026: prazo para regularizar pend\u00eancias termina em uma semana - O PROGRESSO","og_description":"Cancelamento do t\u00edtulo pode causar diversas restri\u00e7\u00f5es para o cidad\u00e3o Ag\u00eancia Brasil Os eleitores que pretendem votar nas elei\u00e7\u00f5es de outubro t\u00eam at\u00e9 o dia 6 de maio para regularizar suas pend\u00eancias na Justi\u00e7a Eleitoral. O prazo deve ser observado pelo cidad\u00e3o que quer tirar o primeiro t\u00edtulo de eleitor, regularizar o documento, cadastrar biometria, [&hellip;]","og_url":"https:\/\/progresso.com.br\/index.php\/2026\/04\/28\/eleicoes-2026-prazo-para-regularizar-pendencias-termina-em-uma-semana\/","og_site_name":"O PROGRESSO","article_publisher":"https:\/\/www.facebook.com\/share\/1CeoksKBj6\/","article_published_time":"2026-04-28T18:30:00+00:00","og_image":[{"width":1170,"height":700,"url":"https:\/\/progresso.com.br\/wp-content\/uploads\/2026\/04\/Urna-Eletronica.jpg","type":"image\/jpeg"}],"author":"Rog\u00e9rio Vidmantas","twitter_card":"summary_large_image","twitter_misc":{"Escrito por":"Rog\u00e9rio Vidmantas","Est. tempo de leitura":"3 minutos"},"schema":{"@context":"https:\/\/schema.org","@graph":[{"@type":"Article","@id":"https:\/\/progresso.com.br\/index.php\/2026\/04\/28\/eleicoes-2026-prazo-para-regularizar-pendencias-termina-em-uma-semana\/#article","isPartOf":{"@id":"https:\/\/progresso.com.br\/index.php\/2026\/04\/28\/eleicoes-2026-prazo-para-regularizar-pendencias-termina-em-uma-semana\/"},"author":{"name":"Rog\u00e9rio Vidmantas","@id":"https:\/\/progresso.com.br\/#\/schema\/person\/471791cc575a7e23811d1070fa9d20ee"},"headline":"Elei\u00e7\u00f5es 2026: prazo para regularizar pend\u00eancias termina em uma semana","datePublished":"2026-04-28T18:30:00+00:00","mainEntityOfPage":{"@id":"https:\/\/progresso.com.br\/index.php\/2026\/04\/28\/eleicoes-2026-prazo-para-regularizar-pendencias-termina-em-uma-semana\/"},"wordCount":465,"commentCount":0,"publisher":{"@id":"https:\/\/progresso.com.br\/#organization"},"image":{"@id":"https:\/\/progresso.com.br\/index.php\/2026\/04\/28\/eleicoes-2026-prazo-para-regularizar-pendencias-termina-em-uma-semana\/#primaryimage"},"thumbnailUrl":"https:\/\/progresso.com.br\/wp-content\/uploads\/2026\/04\/Urna-Eletronica.jpg","articleSection":["Brasil","Cotidiano"],"inLanguage":"pt-BR","potentialAction":[{"@type":"CommentAction","name":"Comment","target":["https:\/\/progresso.com.br\/index.php\/2026\/04\/28\/eleicoes-2026-prazo-para-regularizar-pendencias-termina-em-uma-semana\/#respond"]}]},{"@type":"WebPage","@id":"https:\/\/progresso.com.br\/index.php\/2026\/04\/28\/eleicoes-2026-prazo-para-regularizar-pendencias-termina-em-uma-semana\/","url":"https:\/\/progresso.com.br\/index.php\/2026\/04\/28\/eleicoes-2026-prazo-para-regularizar-pendencias-termina-em-uma-semana\/","name":"Elei\u00e7\u00f5es 2026: prazo para regularizar pend\u00eancias termina em uma semana - O PROGRESSO","isPartOf":{"@id":"https:\/\/progresso.com.br\/#website"},"primaryImageOfPage":{"@id":"https:\/\/progresso.com.br\/index.php\/2026\/04\/28\/eleicoes-2026-prazo-para-regularizar-pendencias-termina-em-uma-semana\/#primaryimage"},"image":{"@id":"https:\/\/progresso.com.br\/index.php\/2026\/04\/28\/eleicoes-2026-prazo-para-regularizar-pendencias-termina-em-uma-semana\/#primaryimage"},"thumbnailUrl":"https:\/\/progresso.com.br\/wp-content\/uploads\/2026\/04\/Urna-Eletronica.jpg","datePublished":"2026-04-28T18:30:00+00:00","breadcrumb":{"@id":"https:\/\/progresso.com.br\/index.php\/2026\/04\/28\/eleicoes-2026-prazo-para-regularizar-pendencias-termina-em-uma-semana\/#breadcrumb"},"inLanguage":"pt-BR","potentialAction":[{"@type":"ReadAction","target":["https:\/\/progresso.com.br\/index.php\/2026\/04\/28\/eleicoes-2026-prazo-para-regularizar-pendencias-termina-em-uma-semana\/"]}]},{"@type":"ImageObject","inLanguage":"pt-BR","@id":"https:\/\/progresso.com.br\/index.php\/2026\/04\/28\/eleicoes-2026-prazo-para-regularizar-pendencias-termina-em-uma-semana\/#primaryimage","url":"https:\/\/progresso.com.br\/wp-content\/uploads\/2026\/04\/Urna-Eletronica.jpg","contentUrl":"https:\/\/progresso.com.br\/wp-content\/uploads\/2026\/04\/Urna-Eletronica.jpg","width":1170,"height":700,"caption":"Elei\u00e7\u00f5es acontecem no primeiro domingo de outubro (Foto: T\u00e2nia R\u00eago\/Ag\u00eancia Brasil)"},{"@type":"BreadcrumbList","@id":"https:\/\/progresso.com.br\/index.php\/2026\/04\/28\/eleicoes-2026-prazo-para-regularizar-pendencias-termina-em-uma-semana\/#breadcrumb","itemListElement":[{"@type":"ListItem","position":1,"name":"In\u00edcio","item":"https:\/\/progresso.com.br\/"},{"@type":"ListItem","position":2,"name":"Elei\u00e7\u00f5es 2026: prazo para regularizar pend\u00eancias termina em uma semana"}]},{"@type":"WebSite","@id":"https:\/\/progresso.com.br\/#website","url":"https:\/\/progresso.com.br\/","name":"O PROGRESSO","description":"","publisher":{"@id":"https:\/\/progresso.com.br\/#organization"},"potentialAction":[{"@type":"SearchAction","target":{"@type":"EntryPoint","urlTemplate":"https:\/\/progresso.com.br\/?s={search_term_string}"},"query-input":{"@type":"PropertyValueSpecification","valueRequired":true,"valueName":"search_term_string"}}],"inLanguage":"pt-BR"},{"@type":"Organization","@id":"https:\/\/progresso.com.br\/#organization","name":"O PROGRESSO","url":"https:\/\/progresso.com.br\/","logo":{"@type":"ImageObject","inLanguage":"pt-BR","@id":"https:\/\/progresso.com.br\/#\/schema\/logo\/image\/","url":"https:\/\/progresso.com.br\/wp-content\/uploads\/2026\/03\/logo_proog.jpg","contentUrl":"https:\/\/progresso.com.br\/wp-content\/uploads\/2026\/03\/logo_proog.jpg","width":1960,"height":1080,"caption":"O PROGRESSO"},"image":{"@id":"https:\/\/progresso.com.br\/#\/schema\/logo\/image\/"},"sameAs":["https:\/\/www.facebook.com\/share\/1CeoksKBj6\/","https:\/\/www.instagram.com\/oprogresso_digital"]},{"@type":"Person","@id":"https:\/\/progresso.com.br\/#\/schema\/person\/471791cc575a7e23811d1070fa9d20ee","name":"Rog\u00e9rio Vidmantas","image":{"@type":"ImageObject","inLanguage":"pt-BR","@id":"https:\/\/progresso.com.br\/#\/schema\/person\/image\/","url":"https:\/\/secure.gravatar.com\/avatar\/10a86aae4992f407879fa7e12fb476cdff79509ad9ec42967d62b4fbcee7c57b?s=96&d=mm&r=g","contentUrl":"https:\/\/secure.gravatar.com\/avatar\/10a86aae4992f407879fa7e12fb476cdff79509ad9ec42967d62b4fbcee7c57b?s=96&d=mm&r=g","caption":"Rog\u00e9rio Vidmantas"},"url":"https:\/\/progresso.com.br\/index.php\/author\/vidmantas\/"}]}},"_links":{"self":[{"href":"https:\/\/progresso.com.br\/index.php\/wp-json\/wp\/v2\/posts\/5010","targetHints":{"allow":["GET"]}}],"collection":[{"href":"https:\/\/progresso.com.br\/index.php\/wp-json\/wp\/v2\/posts"}],"about":[{"href":"https:\/\/progresso.com.br\/index.php\/wp-json\/wp\/v2\/types\/post"}],"author":[{"embeddable":true,"href":"https:\/\/progresso.com.br\/index.php\/wp-json\/wp\/v2\/users\/5"}],"replies":[{"embeddable":true,"href":"https:\/\/progresso.com.br\/index.php\/wp-json\/wp\/v2\/comments?post=5010"}],"version-history":[{"count":1,"href":"https:\/\/progresso.com.br\/index.php\/wp-json\/wp\/v2\/posts\/5010\/revisions"}],"predecessor-version":[{"id":5013,"href":"https:\/\/progresso.com.br\/index.php\/wp-json\/wp\/v2\/posts\/5010\/revisions\/5013"}],"wp:featuredmedia":[{"embeddable":true,"href":"https:\/\/progresso.com.br\/index.php\/wp-json\/wp\/v2\/media\/5012"}],"wp:attachment":[{"href":"https:\/\/progresso.com.br\/index.php\/wp-json\/wp\/v2\/media?parent=5010"}],"wp:term":[{"taxonomy":"category","embeddable":true,"href":"https:\/\/progresso.com.br\/index.php\/wp-json\/wp\/v2\/categories?post=5010"},{"taxonomy":"post_tag","embeddable":true,"href":"https:\/\/progresso.com.br\/index.php\/wp-json\/wp\/v2\/tags?post=5010"}],"curies":[{"name":"wp","href":"https:\/\/api.w.org\/{rel}","templated":true}]}}