{"id":5014,"date":"2026-04-28T15:01:00","date_gmt":"2026-04-28T19:01:00","guid":{"rendered":"https:\/\/progresso.com.br\/?p=5014"},"modified":"2026-04-28T14:20:04","modified_gmt":"2026-04-28T18:20:04","slug":"corrida-do-trabalhador-ganha-edicao-noturna-e-reune-esporte-cultura-e-lazer-em-dourados","status":"publish","type":"post","link":"https:\/\/progresso.com.br\/index.php\/2026\/04\/28\/corrida-do-trabalhador-ganha-edicao-noturna-e-reune-esporte-cultura-e-lazer-em-dourados\/","title":{"rendered":"Corrida do Trabalhador ganha edi\u00e7\u00e3o noturna e re\u00fane esporte, cultura e lazer em Dourados"},"content":{"rendered":"\n<p><strong><em>Evento no pr\u00f3ximo s\u00e1bado ter\u00e1 percurso de 5 km, atra\u00e7\u00f5es musicais e feira com produtos da agricultura familiar no Dourad\u00e3o<br><\/em><\/strong><\/p>\n\n\n\n<p><em>Rog\u00e9rio Vidmantas<\/em><\/p>\n\n\n\n<p>A Prefeitura de Dourados, por meio da Funda\u00e7\u00e3o de Esportes de Dourados (Funed), promove neste s\u00e1bado (2) a tradicional Corrida do Trabalhador, que neste ano ter\u00e1 uma edi\u00e7\u00e3o especial noturna. A programa\u00e7\u00e3o come\u00e7a \u00e0s 19h, com concentra\u00e7\u00e3o a partir das 18h, no p\u00e1tio do Est\u00e1dio Fr\u00e9dis Sald\u00edvar, o Dourad\u00e3o, e largada na Rua Coronel Ponciano.<\/p>\n\n\n\n<p>Organizada pelo Dourados Run Club, a prova contar\u00e1 com percurso de 5 quil\u00f4metros, al\u00e9m de caminhada e corrida kids, reunindo cerca de 300 participantes entre atletas e p\u00fablico em geral. A proposta \u00e9 ampliar o car\u00e1ter inclusivo e familiar do evento, integrando diferentes perfis de participantes.<\/p>\n\n\n\n<p>Al\u00e9m das atividades esportivas, o p\u00fablico poder\u00e1 aproveitar uma programa\u00e7\u00e3o cultural com apresenta\u00e7\u00e3o de pagode do grupo Soul Samba e som do DJ Dricsss, criando um ambiente festivo e descontra\u00eddo para atletas e visitantes.<\/p>\n\n\n\n<p>Um dos diferenciais desta edi\u00e7\u00e3o ser\u00e1 a realiza\u00e7\u00e3o da tradicional feira livre do Parque dos Ip\u00eas no p\u00e1tio do est\u00e1dio. O espa\u00e7o reunir\u00e1 pra\u00e7a de alimenta\u00e7\u00e3o, artesanato e produtos da agricultura familiar, valorizando produtores e empreendedores locais.<\/p>\n\n\n\n<p>De acordo com a diretora-presidente da Funed, Sandra Giselly Amaral, a iniciativa busca unir esporte, lazer e cultura em um \u00fanico espa\u00e7o. A expectativa da organiza\u00e7\u00e3o \u00e9 de grande participa\u00e7\u00e3o popular, refor\u00e7ando o incentivo \u00e0 pr\u00e1tica esportiva, \u00e0 conviv\u00eancia comunit\u00e1ria e ao fortalecimento da economia local.<\/p>\n\n\n\n<p><strong><em>*Com informa\u00e7\u00f5es da Assecom<\/em><\/strong><\/p>\n","protected":false},"excerpt":{"rendered":"<p>Evento no pr\u00f3ximo s\u00e1bado ter\u00e1 percurso de 5 km, atra\u00e7\u00f5es musicais e feira com produtos da agricultura familiar no Dourad\u00e3o Rog\u00e9rio Vidmantas A Prefeitura de Dourados, por meio da Funda\u00e7\u00e3o de Esportes de Dourados (Funed), promove neste s\u00e1bado (2) a tradicional Corrida do Trabalhador, que neste ano ter\u00e1 uma edi\u00e7\u00e3o especial noturna. A programa\u00e7\u00e3o come\u00e7a [&hellip;]<\/p>\n","protected":false},"author":5,"featured_media":5015,"comment_status":"open","ping_status":"open","sticky":false,"template":"","format":"standard","meta":{"footnotes":""},"categories":[17],"tags":[],"class_list":["post-5014","post","type-post","status-publish","format-standard","has-post-thumbnail","hentry","category-esporte"],"yoast_head":"<!-- This site is optimized with the Yoast SEO plugin v27.1.1 - https:\/\/yoast.com\/product\/yoast-seo-wordpress\/ -->\n<title>Corrida do Trabalhador ganha edi\u00e7\u00e3o noturna e re\u00fane esporte, cultura e lazer em Dourados - O PROGRESSO<\/title>\n<meta name=\"robots\" content=\"index, follow, max-snippet:-1, max-image-preview:large, max-video-preview:-1\" \/>\n<link rel=\"canonical\" href=\"https:\/\/progresso.com.br\/index.php\/2026\/04\/28\/corrida-do-trabalhador-ganha-edicao-noturna-e-reune-esporte-cultura-e-lazer-em-dourados\/\" \/>\n<meta property=\"og:locale\" content=\"pt_BR\" \/>\n<meta property=\"og:type\" content=\"article\" \/>\n<meta property=\"og:title\" content=\"Corrida do Trabalhador ganha edi\u00e7\u00e3o noturna e re\u00fane esporte, cultura e lazer em Dourados - O PROGRESSO\" \/>\n<meta property=\"og:description\" content=\"Evento no pr\u00f3ximo s\u00e1bado ter\u00e1 percurso de 5 km, atra\u00e7\u00f5es musicais e feira com produtos da agricultura familiar no Dourad\u00e3o Rog\u00e9rio Vidmantas A Prefeitura de Dourados, por meio da Funda\u00e7\u00e3o de Esportes de Dourados (Funed), promove neste s\u00e1bado (2) a tradicional Corrida do Trabalhador, que neste ano ter\u00e1 uma edi\u00e7\u00e3o especial noturna. A programa\u00e7\u00e3o come\u00e7a [&hellip;]\" \/>\n<meta property=\"og:url\" content=\"https:\/\/progresso.com.br\/index.php\/2026\/04\/28\/corrida-do-trabalhador-ganha-edicao-noturna-e-reune-esporte-cultura-e-lazer-em-dourados\/\" \/>\n<meta property=\"og:site_name\" content=\"O PROGRESSO\" \/>\n<meta property=\"article:publisher\" content=\"https:\/\/www.facebook.com\/share\/1CeoksKBj6\/\" \/>\n<meta property=\"article:published_time\" content=\"2026-04-28T19:01:00+00:00\" \/>\n<meta property=\"og:image\" content=\"https:\/\/progresso.com.br\/wp-content\/uploads\/2026\/04\/corrida-trab.jpg\" \/>\n\t<meta property=\"og:image:width\" content=\"791\" \/>\n\t<meta property=\"og:image:height\" content=\"538\" \/>\n\t<meta property=\"og:image:type\" content=\"image\/jpeg\" \/>\n<meta name=\"author\" content=\"Rog\u00e9rio Vidmantas\" \/>\n<meta name=\"twitter:card\" content=\"summary_large_image\" \/>\n<meta name=\"twitter:label1\" content=\"Escrito por\" \/>\n\t<meta name=\"twitter:data1\" content=\"Rog\u00e9rio Vidmantas\" \/>\n\t<meta name=\"twitter:label2\" content=\"Est. tempo de leitura\" \/>\n\t<meta name=\"twitter:data2\" content=\"2 minutos\" \/>\n<script type=\"application\/ld+json\" class=\"yoast-schema-graph\">{\"@context\":\"https:\/\/schema.org\",\"@graph\":[{\"@type\":\"Article\",\"@id\":\"https:\/\/progresso.com.br\/index.php\/2026\/04\/28\/corrida-do-trabalhador-ganha-edicao-noturna-e-reune-esporte-cultura-e-lazer-em-dourados\/#article\",\"isPartOf\":{\"@id\":\"https:\/\/progresso.com.br\/index.php\/2026\/04\/28\/corrida-do-trabalhador-ganha-edicao-noturna-e-reune-esporte-cultura-e-lazer-em-dourados\/\"},\"author\":{\"name\":\"Rog\u00e9rio Vidmantas\",\"@id\":\"https:\/\/progresso.com.br\/#\/schema\/person\/471791cc575a7e23811d1070fa9d20ee\"},\"headline\":\"Corrida do Trabalhador ganha edi\u00e7\u00e3o noturna e re\u00fane esporte, cultura e lazer em Dourados\",\"datePublished\":\"2026-04-28T19:01:00+00:00\",\"mainEntityOfPage\":{\"@id\":\"https:\/\/progresso.com.br\/index.php\/2026\/04\/28\/corrida-do-trabalhador-ganha-edicao-noturna-e-reune-esporte-cultura-e-lazer-em-dourados\/\"},\"wordCount\":293,\"commentCount\":0,\"publisher\":{\"@id\":\"https:\/\/progresso.com.br\/#organization\"},\"image\":{\"@id\":\"https:\/\/progresso.com.br\/index.php\/2026\/04\/28\/corrida-do-trabalhador-ganha-edicao-noturna-e-reune-esporte-cultura-e-lazer-em-dourados\/#primaryimage\"},\"thumbnailUrl\":\"https:\/\/progresso.com.br\/wp-content\/uploads\/2026\/04\/corrida-trab.jpg\",\"articleSection\":[\"Esporte\"],\"inLanguage\":\"pt-BR\",\"potentialAction\":[{\"@type\":\"CommentAction\",\"name\":\"Comment\",\"target\":[\"https:\/\/progresso.com.br\/index.php\/2026\/04\/28\/corrida-do-trabalhador-ganha-edicao-noturna-e-reune-esporte-cultura-e-lazer-em-dourados\/#respond\"]}]},{\"@type\":\"WebPage\",\"@id\":\"https:\/\/progresso.com.br\/index.php\/2026\/04\/28\/corrida-do-trabalhador-ganha-edicao-noturna-e-reune-esporte-cultura-e-lazer-em-dourados\/\",\"url\":\"https:\/\/progresso.com.br\/index.php\/2026\/04\/28\/corrida-do-trabalhador-ganha-edicao-noturna-e-reune-esporte-cultura-e-lazer-em-dourados\/\",\"name\":\"Corrida do Trabalhador ganha edi\u00e7\u00e3o noturna e re\u00fane esporte, cultura e lazer em Dourados - O PROGRESSO\",\"isPartOf\":{\"@id\":\"https:\/\/progresso.com.br\/#website\"},\"primaryImageOfPage\":{\"@id\":\"https:\/\/progresso.com.br\/index.php\/2026\/04\/28\/corrida-do-trabalhador-ganha-edicao-noturna-e-reune-esporte-cultura-e-lazer-em-dourados\/#primaryimage\"},\"image\":{\"@id\":\"https:\/\/progresso.com.br\/index.php\/2026\/04\/28\/corrida-do-trabalhador-ganha-edicao-noturna-e-reune-esporte-cultura-e-lazer-em-dourados\/#primaryimage\"},\"thumbnailUrl\":\"https:\/\/progresso.com.br\/wp-content\/uploads\/2026\/04\/corrida-trab.jpg\",\"datePublished\":\"2026-04-28T19:01:00+00:00\",\"breadcrumb\":{\"@id\":\"https:\/\/progresso.com.br\/index.php\/2026\/04\/28\/corrida-do-trabalhador-ganha-edicao-noturna-e-reune-esporte-cultura-e-lazer-em-dourados\/#breadcrumb\"},\"inLanguage\":\"pt-BR\",\"potentialAction\":[{\"@type\":\"ReadAction\",\"target\":[\"https:\/\/progresso.com.br\/index.php\/2026\/04\/28\/corrida-do-trabalhador-ganha-edicao-noturna-e-reune-esporte-cultura-e-lazer-em-dourados\/\"]}]},{\"@type\":\"ImageObject\",\"inLanguage\":\"pt-BR\",\"@id\":\"https:\/\/progresso.com.br\/index.php\/2026\/04\/28\/corrida-do-trabalhador-ganha-edicao-noturna-e-reune-esporte-cultura-e-lazer-em-dourados\/#primaryimage\",\"url\":\"https:\/\/progresso.com.br\/wp-content\/uploads\/2026\/04\/corrida-trab.jpg\",\"contentUrl\":\"https:\/\/progresso.com.br\/wp-content\/uploads\/2026\/04\/corrida-trab.jpg\",\"width\":791,\"height\":538,\"caption\":\"Corrida do Trabalhador ser\u00e1 no estacionamento do est\u00e1dio Dourad\u00e3o e tamb\u00e9m contar\u00e1 com shows e feira gastron\u00f4mica (Foto: Arquivo\/Assecom)\"},{\"@type\":\"BreadcrumbList\",\"@id\":\"https:\/\/progresso.com.br\/index.php\/2026\/04\/28\/corrida-do-trabalhador-ganha-edicao-noturna-e-reune-esporte-cultura-e-lazer-em-dourados\/#breadcrumb\",\"itemListElement\":[{\"@type\":\"ListItem\",\"position\":1,\"name\":\"In\u00edcio\",\"item\":\"https:\/\/progresso.com.br\/\"},{\"@type\":\"ListItem\",\"position\":2,\"name\":\"Corrida do Trabalhador ganha edi\u00e7\u00e3o noturna e re\u00fane esporte, cultura e lazer em Dourados\"}]},{\"@type\":\"WebSite\",\"@id\":\"https:\/\/progresso.com.br\/#website\",\"url\":\"https:\/\/progresso.com.br\/\",\"name\":\"O PROGRESSO\",\"description\":\"\",\"publisher\":{\"@id\":\"https:\/\/progresso.com.br\/#organization\"},\"potentialAction\":[{\"@type\":\"SearchAction\",\"target\":{\"@type\":\"EntryPoint\",\"urlTemplate\":\"https:\/\/progresso.com.br\/?s={search_term_string}\"},\"query-input\":{\"@type\":\"PropertyValueSpecification\",\"valueRequired\":true,\"valueName\":\"search_term_string\"}}],\"inLanguage\":\"pt-BR\"},{\"@type\":\"Organization\",\"@id\":\"https:\/\/progresso.com.br\/#organization\",\"name\":\"O PROGRESSO\",\"url\":\"https:\/\/progresso.com.br\/\",\"logo\":{\"@type\":\"ImageObject\",\"inLanguage\":\"pt-BR\",\"@id\":\"https:\/\/progresso.com.br\/#\/schema\/logo\/image\/\",\"url\":\"https:\/\/progresso.com.br\/wp-content\/uploads\/2026\/03\/logo_proog.jpg\",\"contentUrl\":\"https:\/\/progresso.com.br\/wp-content\/uploads\/2026\/03\/logo_proog.jpg\",\"width\":1960,\"height\":1080,\"caption\":\"O PROGRESSO\"},\"image\":{\"@id\":\"https:\/\/progresso.com.br\/#\/schema\/logo\/image\/\"},\"sameAs\":[\"https:\/\/www.facebook.com\/share\/1CeoksKBj6\/\",\"https:\/\/www.instagram.com\/oprogresso_digital\"]},{\"@type\":\"Person\",\"@id\":\"https:\/\/progresso.com.br\/#\/schema\/person\/471791cc575a7e23811d1070fa9d20ee\",\"name\":\"Rog\u00e9rio Vidmantas\",\"image\":{\"@type\":\"ImageObject\",\"inLanguage\":\"pt-BR\",\"@id\":\"https:\/\/progresso.com.br\/#\/schema\/person\/image\/\",\"url\":\"https:\/\/secure.gravatar.com\/avatar\/10a86aae4992f407879fa7e12fb476cdff79509ad9ec42967d62b4fbcee7c57b?s=96&d=mm&r=g\",\"contentUrl\":\"https:\/\/secure.gravatar.com\/avatar\/10a86aae4992f407879fa7e12fb476cdff79509ad9ec42967d62b4fbcee7c57b?s=96&d=mm&r=g\",\"caption\":\"Rog\u00e9rio Vidmantas\"},\"url\":\"https:\/\/progresso.com.br\/index.php\/author\/vidmantas\/\"}]}<\/script>\n<!-- \/ Yoast SEO plugin. -->","yoast_head_json":{"title":"Corrida do Trabalhador ganha edi\u00e7\u00e3o noturna e re\u00fane esporte, cultura e lazer em Dourados - O PROGRESSO","robots":{"index":"index","follow":"follow","max-snippet":"max-snippet:-1","max-image-preview":"max-image-preview:large","max-video-preview":"max-video-preview:-1"},"canonical":"https:\/\/progresso.com.br\/index.php\/2026\/04\/28\/corrida-do-trabalhador-ganha-edicao-noturna-e-reune-esporte-cultura-e-lazer-em-dourados\/","og_locale":"pt_BR","og_type":"article","og_title":"Corrida do Trabalhador ganha edi\u00e7\u00e3o noturna e re\u00fane esporte, cultura e lazer em Dourados - O PROGRESSO","og_description":"Evento no pr\u00f3ximo s\u00e1bado ter\u00e1 percurso de 5 km, atra\u00e7\u00f5es musicais e feira com produtos da agricultura familiar no Dourad\u00e3o Rog\u00e9rio Vidmantas A Prefeitura de Dourados, por meio da Funda\u00e7\u00e3o de Esportes de Dourados (Funed), promove neste s\u00e1bado (2) a tradicional Corrida do Trabalhador, que neste ano ter\u00e1 uma edi\u00e7\u00e3o especial noturna. A programa\u00e7\u00e3o come\u00e7a [&hellip;]","og_url":"https:\/\/progresso.com.br\/index.php\/2026\/04\/28\/corrida-do-trabalhador-ganha-edicao-noturna-e-reune-esporte-cultura-e-lazer-em-dourados\/","og_site_name":"O PROGRESSO","article_publisher":"https:\/\/www.facebook.com\/share\/1CeoksKBj6\/","article_published_time":"2026-04-28T19:01:00+00:00","og_image":[{"width":791,"height":538,"url":"https:\/\/progresso.com.br\/wp-content\/uploads\/2026\/04\/corrida-trab.jpg","type":"image\/jpeg"}],"author":"Rog\u00e9rio Vidmantas","twitter_card":"summary_large_image","twitter_misc":{"Escrito por":"Rog\u00e9rio Vidmantas","Est. tempo de leitura":"2 minutos"},"schema":{"@context":"https:\/\/schema.org","@graph":[{"@type":"Article","@id":"https:\/\/progresso.com.br\/index.php\/2026\/04\/28\/corrida-do-trabalhador-ganha-edicao-noturna-e-reune-esporte-cultura-e-lazer-em-dourados\/#article","isPartOf":{"@id":"https:\/\/progresso.com.br\/index.php\/2026\/04\/28\/corrida-do-trabalhador-ganha-edicao-noturna-e-reune-esporte-cultura-e-lazer-em-dourados\/"},"author":{"name":"Rog\u00e9rio Vidmantas","@id":"https:\/\/progresso.com.br\/#\/schema\/person\/471791cc575a7e23811d1070fa9d20ee"},"headline":"Corrida do Trabalhador ganha edi\u00e7\u00e3o noturna e re\u00fane esporte, cultura e lazer em Dourados","datePublished":"2026-04-28T19:01:00+00:00","mainEntityOfPage":{"@id":"https:\/\/progresso.com.br\/index.php\/2026\/04\/28\/corrida-do-trabalhador-ganha-edicao-noturna-e-reune-esporte-cultura-e-lazer-em-dourados\/"},"wordCount":293,"commentCount":0,"publisher":{"@id":"https:\/\/progresso.com.br\/#organization"},"image":{"@id":"https:\/\/progresso.com.br\/index.php\/2026\/04\/28\/corrida-do-trabalhador-ganha-edicao-noturna-e-reune-esporte-cultura-e-lazer-em-dourados\/#primaryimage"},"thumbnailUrl":"https:\/\/progresso.com.br\/wp-content\/uploads\/2026\/04\/corrida-trab.jpg","articleSection":["Esporte"],"inLanguage":"pt-BR","potentialAction":[{"@type":"CommentAction","name":"Comment","target":["https:\/\/progresso.com.br\/index.php\/2026\/04\/28\/corrida-do-trabalhador-ganha-edicao-noturna-e-reune-esporte-cultura-e-lazer-em-dourados\/#respond"]}]},{"@type":"WebPage","@id":"https:\/\/progresso.com.br\/index.php\/2026\/04\/28\/corrida-do-trabalhador-ganha-edicao-noturna-e-reune-esporte-cultura-e-lazer-em-dourados\/","url":"https:\/\/progresso.com.br\/index.php\/2026\/04\/28\/corrida-do-trabalhador-ganha-edicao-noturna-e-reune-esporte-cultura-e-lazer-em-dourados\/","name":"Corrida do Trabalhador ganha edi\u00e7\u00e3o noturna e re\u00fane esporte, cultura e lazer em Dourados - O PROGRESSO","isPartOf":{"@id":"https:\/\/progresso.com.br\/#website"},"primaryImageOfPage":{"@id":"https:\/\/progresso.com.br\/index.php\/2026\/04\/28\/corrida-do-trabalhador-ganha-edicao-noturna-e-reune-esporte-cultura-e-lazer-em-dourados\/#primaryimage"},"image":{"@id":"https:\/\/progresso.com.br\/index.php\/2026\/04\/28\/corrida-do-trabalhador-ganha-edicao-noturna-e-reune-esporte-cultura-e-lazer-em-dourados\/#primaryimage"},"thumbnailUrl":"https:\/\/progresso.com.br\/wp-content\/uploads\/2026\/04\/corrida-trab.jpg","datePublished":"2026-04-28T19:01:00+00:00","breadcrumb":{"@id":"https:\/\/progresso.com.br\/index.php\/2026\/04\/28\/corrida-do-trabalhador-ganha-edicao-noturna-e-reune-esporte-cultura-e-lazer-em-dourados\/#breadcrumb"},"inLanguage":"pt-BR","potentialAction":[{"@type":"ReadAction","target":["https:\/\/progresso.com.br\/index.php\/2026\/04\/28\/corrida-do-trabalhador-ganha-edicao-noturna-e-reune-esporte-cultura-e-lazer-em-dourados\/"]}]},{"@type":"ImageObject","inLanguage":"pt-BR","@id":"https:\/\/progresso.com.br\/index.php\/2026\/04\/28\/corrida-do-trabalhador-ganha-edicao-noturna-e-reune-esporte-cultura-e-lazer-em-dourados\/#primaryimage","url":"https:\/\/progresso.com.br\/wp-content\/uploads\/2026\/04\/corrida-trab.jpg","contentUrl":"https:\/\/progresso.com.br\/wp-content\/uploads\/2026\/04\/corrida-trab.jpg","width":791,"height":538,"caption":"Corrida do Trabalhador ser\u00e1 no estacionamento do est\u00e1dio Dourad\u00e3o e tamb\u00e9m contar\u00e1 com shows e feira gastron\u00f4mica (Foto: Arquivo\/Assecom)"},{"@type":"BreadcrumbList","@id":"https:\/\/progresso.com.br\/index.php\/2026\/04\/28\/corrida-do-trabalhador-ganha-edicao-noturna-e-reune-esporte-cultura-e-lazer-em-dourados\/#breadcrumb","itemListElement":[{"@type":"ListItem","position":1,"name":"In\u00edcio","item":"https:\/\/progresso.com.br\/"},{"@type":"ListItem","position":2,"name":"Corrida do Trabalhador ganha edi\u00e7\u00e3o noturna e re\u00fane esporte, cultura e lazer em Dourados"}]},{"@type":"WebSite","@id":"https:\/\/progresso.com.br\/#website","url":"https:\/\/progresso.com.br\/","name":"O PROGRESSO","description":"","publisher":{"@id":"https:\/\/progresso.com.br\/#organization"},"potentialAction":[{"@type":"SearchAction","target":{"@type":"EntryPoint","urlTemplate":"https:\/\/progresso.com.br\/?s={search_term_string}"},"query-input":{"@type":"PropertyValueSpecification","valueRequired":true,"valueName":"search_term_string"}}],"inLanguage":"pt-BR"},{"@type":"Organization","@id":"https:\/\/progresso.com.br\/#organization","name":"O PROGRESSO","url":"https:\/\/progresso.com.br\/","logo":{"@type":"ImageObject","inLanguage":"pt-BR","@id":"https:\/\/progresso.com.br\/#\/schema\/logo\/image\/","url":"https:\/\/progresso.com.br\/wp-content\/uploads\/2026\/03\/logo_proog.jpg","contentUrl":"https:\/\/progresso.com.br\/wp-content\/uploads\/2026\/03\/logo_proog.jpg","width":1960,"height":1080,"caption":"O PROGRESSO"},"image":{"@id":"https:\/\/progresso.com.br\/#\/schema\/logo\/image\/"},"sameAs":["https:\/\/www.facebook.com\/share\/1CeoksKBj6\/","https:\/\/www.instagram.com\/oprogresso_digital"]},{"@type":"Person","@id":"https:\/\/progresso.com.br\/#\/schema\/person\/471791cc575a7e23811d1070fa9d20ee","name":"Rog\u00e9rio Vidmantas","image":{"@type":"ImageObject","inLanguage":"pt-BR","@id":"https:\/\/progresso.com.br\/#\/schema\/person\/image\/","url":"https:\/\/secure.gravatar.com\/avatar\/10a86aae4992f407879fa7e12fb476cdff79509ad9ec42967d62b4fbcee7c57b?s=96&d=mm&r=g","contentUrl":"https:\/\/secure.gravatar.com\/avatar\/10a86aae4992f407879fa7e12fb476cdff79509ad9ec42967d62b4fbcee7c57b?s=96&d=mm&r=g","caption":"Rog\u00e9rio Vidmantas"},"url":"https:\/\/progresso.com.br\/index.php\/author\/vidmantas\/"}]}},"_links":{"self":[{"href":"https:\/\/progresso.com.br\/index.php\/wp-json\/wp\/v2\/posts\/5014","targetHints":{"allow":["GET"]}}],"collection":[{"href":"https:\/\/progresso.com.br\/index.php\/wp-json\/wp\/v2\/posts"}],"about":[{"href":"https:\/\/progresso.com.br\/index.php\/wp-json\/wp\/v2\/types\/post"}],"author":[{"embeddable":true,"href":"https:\/\/progresso.com.br\/index.php\/wp-json\/wp\/v2\/users\/5"}],"replies":[{"embeddable":true,"href":"https:\/\/progresso.com.br\/index.php\/wp-json\/wp\/v2\/comments?post=5014"}],"version-history":[{"count":1,"href":"https:\/\/progresso.com.br\/index.php\/wp-json\/wp\/v2\/posts\/5014\/revisions"}],"predecessor-version":[{"id":5016,"href":"https:\/\/progresso.com.br\/index.php\/wp-json\/wp\/v2\/posts\/5014\/revisions\/5016"}],"wp:featuredmedia":[{"embeddable":true,"href":"https:\/\/progresso.com.br\/index.php\/wp-json\/wp\/v2\/media\/5015"}],"wp:attachment":[{"href":"https:\/\/progresso.com.br\/index.php\/wp-json\/wp\/v2\/media?parent=5014"}],"wp:term":[{"taxonomy":"category","embeddable":true,"href":"https:\/\/progresso.com.br\/index.php\/wp-json\/wp\/v2\/categories?post=5014"},{"taxonomy":"post_tag","embeddable":true,"href":"https:\/\/progresso.com.br\/index.php\/wp-json\/wp\/v2\/tags?post=5014"}],"curies":[{"name":"wp","href":"https:\/\/api.w.org\/{rel}","templated":true}]}}