{"id":5017,"date":"2026-04-28T14:45:00","date_gmt":"2026-04-28T18:45:00","guid":{"rendered":"https:\/\/progresso.com.br\/?p=5017"},"modified":"2026-04-28T14:36:37","modified_gmt":"2026-04-28T18:36:37","slug":"lista-de-peixes-e-invertebrados-ameacados-de-extincao-e-atualizada","status":"publish","type":"post","link":"https:\/\/progresso.com.br\/index.php\/2026\/04\/28\/lista-de-peixes-e-invertebrados-ameacados-de-extincao-e-atualizada\/","title":{"rendered":"Lista de peixes e invertebrados amea\u00e7ados de extin\u00e7\u00e3o \u00e9 atualizada"},"content":{"rendered":"\n<p><strong><em>Revis\u00e3o iniciada em 2024, incluiu novas 100 esp\u00e9cies<\/em><\/strong><\/p>\n\n\n\n<p><em>Fab\u00edola Sinimb\u00fa &#8211; Ag\u00eancia Brasil<\/em><\/p>\n\n\n\n<p><strong>A Lista Nacional Oficial de Esp\u00e9cies da Fauna Amea\u00e7adas de Extin\u00e7\u00e3o para Peixes e Invertebrados Aqu\u00e1ticos foi atualizada nesta ter\u00e7a-feira (28). A revis\u00e3o iniciada em 2024, incluiu novas 100 esp\u00e9cies e excluiu o mesmo n\u00famero, mantendo 490 esp\u00e9cies classificadas.<\/strong><img decoding=\"async\" src=\"https:\/\/agenciabrasil.ebc.com.br\/ebc.png?id=1687523&amp;o=node\"><img decoding=\"async\" src=\"https:\/\/agenciabrasil.ebc.com.br\/ebc.gif?id=1687523&amp;o=node\"><\/p>\n\n\n\n<p>Peixes, arraias, tubar\u00f5es, estrelas-do-mar e mais centenas de esp\u00e9cies que vivem no continente e no mar brasileiro foram analisados em rela\u00e7\u00e3o ao risco de extin\u00e7\u00e3o e, conforme a atual situa\u00e7\u00e3o, foram classificados como Vulner\u00e1vel (VU), Em Perigo (EN) e Criticamente em Perigo (CR).<\/p>\n\n\n\n<p>Segundo o ministro de Meio Ambiente e Mudan\u00e7a do Clima, Jo\u00e3o Paulo Capobianco, a atualiza\u00e7\u00e3o \u00e9 o resultado de uma robusta an\u00e1lise t\u00e9cnica para identificar a efetiva situa\u00e7\u00e3o da fauna brasileira a partir de um esfor\u00e7o conjunto de governos, academia, sociedade civil e setor econ\u00f4mico.<\/p>\n\n\n\n<blockquote class=\"wp-block-quote is-layout-flow wp-block-quote-is-layout-flow\">\n<p>\u201cO objetivo, a partir desta iniciativa, \u00e9 mobilizar a\u00e7\u00f5es para que as esp\u00e9cies atualmente pressionadas por diversos fatores tenham suas popula\u00e7\u00f5es recuperadas\u201d, refor\u00e7a.<\/p>\n<\/blockquote>\n\n\n\n<p><strong>A nova lista substitui a vers\u00e3o de 2014 e foi revisada a partir de crit\u00e9rios da Uni\u00e3o Internacional para a Conserva\u00e7\u00e3o da Natureza<\/strong>&nbsp;(IUCN, na sigla em ingl\u00eas), adotados para a avalia\u00e7\u00e3o do tamanho das popula\u00e7\u00f5es, distribui\u00e7\u00e3o geogr\u00e1fica, condi\u00e7\u00f5es de conserva\u00e7\u00e3o dos habitats e press\u00f5es como captura e polui\u00e7\u00e3o.<\/p>\n\n\n\n<p>Al\u00e9m da&nbsp;<a href=\"https:\/\/www.in.gov.br\/web\/dou\/-\/portaria-gm\/mma-n-1.667-de-27-de-abril-de-2026-702075623\" target=\"_blank\" rel=\"noreferrer noopener\">lista<\/a>, o Minist\u00e9rio do Meio Ambiente publicou tamb\u00e9m&nbsp;<a href=\"https:\/\/www.in.gov.br\/web\/dou\/-\/portaria-gm\/mma-n-1.666-de-27-de-abril-de-2026-702075091\" target=\"_blank\" rel=\"noreferrer noopener\">regras e restri\u00e7\u00f5es<\/a>&nbsp;para prote\u00e7\u00e3o das esp\u00e9cies classificadas e recupera\u00e7\u00e3o de suas popula\u00e7\u00f5es.&nbsp;<strong>S\u00e3o medidas como a proibi\u00e7\u00e3o da captura, transporte, comercializa\u00e7\u00e3o e armazenamento e, ainda, diretrizes para a elabora\u00e7\u00e3o de planos de recupera\u00e7\u00e3o.<\/strong><\/p>\n\n\n\n<h2 class=\"wp-block-heading\">Pargo<\/h2>\n\n\n\n<p><strong>De acordo com o Minist\u00e9rio do Meio Ambiente e Mudan\u00e7a do Clima, j\u00e1 est\u00e3o sendo revisados alguns planos de recupera\u00e7\u00e3o de esp\u00e9cies reclassificadas, como o pargo (Lutjanus purpureus), que passou de VU para EN, na lista.<\/strong><\/p>\n\n\n\n<p>Com o novo enquadramento, a esp\u00e9cie ter\u00e1 as medidas de prote\u00e7\u00e3o e manejo intensificadas com o objetivo de reduzir as press\u00f5es causadas pela sobrepesca e captura intensiva de indiv\u00edduos jovens.<\/p>\n\n\n\n<p><strong>Segundo Capobianco, esse \u00e9 um esfor\u00e7o que ter\u00e1 gest\u00e3o compartilhada como o Minist\u00e9rio da Pesca e Aquicultura, objetivando a recomposi\u00e7\u00e3o das popula\u00e7\u00f5es e a continuidade da atividade econ\u00f4mica.<\/strong><\/p>\n\n\n\n<p>\u201cQuando falamos em sustentabilidade na pesca, falamos em garantir equil\u00edbrio: proteger a esp\u00e9cie, respeitar a ci\u00eancia e assegurar que a atividade pesqueira continue gerando alimento, renda e desenvolvimento para o Brasil. O pargo tem grande import\u00e2ncia econ\u00f4mica, mas s\u00f3 haver\u00e1 futuro para essa cadeia se houver responsabilidade no presente\u201d, refor\u00e7a o ministro da Pesca e Aquicultura, Edipo Araujo.<\/p>\n","protected":false},"excerpt":{"rendered":"<p>Revis\u00e3o iniciada em 2024, incluiu novas 100 esp\u00e9cies Fab\u00edola Sinimb\u00fa &#8211; Ag\u00eancia Brasil A Lista Nacional Oficial de Esp\u00e9cies da Fauna Amea\u00e7adas de Extin\u00e7\u00e3o para Peixes e Invertebrados Aqu\u00e1ticos foi atualizada nesta ter\u00e7a-feira (28). A revis\u00e3o iniciada em 2024, incluiu novas 100 esp\u00e9cies e excluiu o mesmo n\u00famero, mantendo 490 esp\u00e9cies classificadas. Peixes, arraias, tubar\u00f5es, [&hellip;]<\/p>\n","protected":false},"author":2,"featured_media":5018,"comment_status":"open","ping_status":"open","sticky":false,"template":"","format":"standard","meta":{"footnotes":""},"categories":[13],"tags":[],"class_list":["post-5017","post","type-post","status-publish","format-standard","has-post-thumbnail","hentry","category-cotidiano"],"yoast_head":"<!-- This site is optimized with the Yoast SEO plugin v27.1.1 - https:\/\/yoast.com\/product\/yoast-seo-wordpress\/ -->\n<title>Lista de peixes e invertebrados amea\u00e7ados de extin\u00e7\u00e3o \u00e9 atualizada - O PROGRESSO<\/title>\n<meta name=\"robots\" content=\"index, follow, max-snippet:-1, max-image-preview:large, max-video-preview:-1\" \/>\n<link rel=\"canonical\" href=\"https:\/\/progresso.com.br\/index.php\/2026\/04\/28\/lista-de-peixes-e-invertebrados-ameacados-de-extincao-e-atualizada\/\" \/>\n<meta property=\"og:locale\" content=\"pt_BR\" \/>\n<meta property=\"og:type\" content=\"article\" \/>\n<meta property=\"og:title\" content=\"Lista de peixes e invertebrados amea\u00e7ados de extin\u00e7\u00e3o \u00e9 atualizada - O PROGRESSO\" \/>\n<meta property=\"og:description\" content=\"Revis\u00e3o iniciada em 2024, incluiu novas 100 esp\u00e9cies Fab\u00edola Sinimb\u00fa &#8211; Ag\u00eancia Brasil A Lista Nacional Oficial de Esp\u00e9cies da Fauna Amea\u00e7adas de Extin\u00e7\u00e3o para Peixes e Invertebrados Aqu\u00e1ticos foi atualizada nesta ter\u00e7a-feira (28). A revis\u00e3o iniciada em 2024, incluiu novas 100 esp\u00e9cies e excluiu o mesmo n\u00famero, mantendo 490 esp\u00e9cies classificadas. Peixes, arraias, tubar\u00f5es, [&hellip;]\" \/>\n<meta property=\"og:url\" content=\"https:\/\/progresso.com.br\/index.php\/2026\/04\/28\/lista-de-peixes-e-invertebrados-ameacados-de-extincao-e-atualizada\/\" \/>\n<meta property=\"og:site_name\" content=\"O PROGRESSO\" \/>\n<meta property=\"article:publisher\" content=\"https:\/\/www.facebook.com\/share\/1CeoksKBj6\/\" \/>\n<meta property=\"article:published_time\" content=\"2026-04-28T18:45:00+00:00\" \/>\n<meta property=\"og:image\" content=\"https:\/\/progresso.com.br\/wp-content\/uploads\/2026\/04\/54db394d-b8d7-443b-9c58-a968679ca940.webp\" \/>\n\t<meta property=\"og:image:width\" content=\"1170\" \/>\n\t<meta property=\"og:image:height\" content=\"700\" \/>\n\t<meta property=\"og:image:type\" content=\"image\/webp\" \/>\n<meta name=\"author\" content=\"Rose\" \/>\n<meta name=\"twitter:card\" content=\"summary_large_image\" \/>\n<meta name=\"twitter:label1\" content=\"Escrito por\" \/>\n\t<meta name=\"twitter:data1\" content=\"Rose\" \/>\n\t<meta name=\"twitter:label2\" content=\"Est. tempo de leitura\" \/>\n\t<meta name=\"twitter:data2\" content=\"3 minutos\" \/>\n<script type=\"application\/ld+json\" class=\"yoast-schema-graph\">{\"@context\":\"https:\/\/schema.org\",\"@graph\":[{\"@type\":\"Article\",\"@id\":\"https:\/\/progresso.com.br\/index.php\/2026\/04\/28\/lista-de-peixes-e-invertebrados-ameacados-de-extincao-e-atualizada\/#article\",\"isPartOf\":{\"@id\":\"https:\/\/progresso.com.br\/index.php\/2026\/04\/28\/lista-de-peixes-e-invertebrados-ameacados-de-extincao-e-atualizada\/\"},\"author\":{\"name\":\"Rose\",\"@id\":\"https:\/\/progresso.com.br\/#\/schema\/person\/5dd27138d4463fbbaace62120bfc002b\"},\"headline\":\"Lista de peixes e invertebrados amea\u00e7ados de extin\u00e7\u00e3o \u00e9 atualizada\",\"datePublished\":\"2026-04-28T18:45:00+00:00\",\"mainEntityOfPage\":{\"@id\":\"https:\/\/progresso.com.br\/index.php\/2026\/04\/28\/lista-de-peixes-e-invertebrados-ameacados-de-extincao-e-atualizada\/\"},\"wordCount\":493,\"commentCount\":0,\"publisher\":{\"@id\":\"https:\/\/progresso.com.br\/#organization\"},\"image\":{\"@id\":\"https:\/\/progresso.com.br\/index.php\/2026\/04\/28\/lista-de-peixes-e-invertebrados-ameacados-de-extincao-e-atualizada\/#primaryimage\"},\"thumbnailUrl\":\"https:\/\/progresso.com.br\/wp-content\/uploads\/2026\/04\/54db394d-b8d7-443b-9c58-a968679ca940.webp\",\"articleSection\":[\"Cotidiano\"],\"inLanguage\":\"pt-BR\",\"potentialAction\":[{\"@type\":\"CommentAction\",\"name\":\"Comment\",\"target\":[\"https:\/\/progresso.com.br\/index.php\/2026\/04\/28\/lista-de-peixes-e-invertebrados-ameacados-de-extincao-e-atualizada\/#respond\"]}]},{\"@type\":\"WebPage\",\"@id\":\"https:\/\/progresso.com.br\/index.php\/2026\/04\/28\/lista-de-peixes-e-invertebrados-ameacados-de-extincao-e-atualizada\/\",\"url\":\"https:\/\/progresso.com.br\/index.php\/2026\/04\/28\/lista-de-peixes-e-invertebrados-ameacados-de-extincao-e-atualizada\/\",\"name\":\"Lista de peixes e invertebrados amea\u00e7ados de extin\u00e7\u00e3o \u00e9 atualizada - O PROGRESSO\",\"isPartOf\":{\"@id\":\"https:\/\/progresso.com.br\/#website\"},\"primaryImageOfPage\":{\"@id\":\"https:\/\/progresso.com.br\/index.php\/2026\/04\/28\/lista-de-peixes-e-invertebrados-ameacados-de-extincao-e-atualizada\/#primaryimage\"},\"image\":{\"@id\":\"https:\/\/progresso.com.br\/index.php\/2026\/04\/28\/lista-de-peixes-e-invertebrados-ameacados-de-extincao-e-atualizada\/#primaryimage\"},\"thumbnailUrl\":\"https:\/\/progresso.com.br\/wp-content\/uploads\/2026\/04\/54db394d-b8d7-443b-9c58-a968679ca940.webp\",\"datePublished\":\"2026-04-28T18:45:00+00:00\",\"breadcrumb\":{\"@id\":\"https:\/\/progresso.com.br\/index.php\/2026\/04\/28\/lista-de-peixes-e-invertebrados-ameacados-de-extincao-e-atualizada\/#breadcrumb\"},\"inLanguage\":\"pt-BR\",\"potentialAction\":[{\"@type\":\"ReadAction\",\"target\":[\"https:\/\/progresso.com.br\/index.php\/2026\/04\/28\/lista-de-peixes-e-invertebrados-ameacados-de-extincao-e-atualizada\/\"]}]},{\"@type\":\"ImageObject\",\"inLanguage\":\"pt-BR\",\"@id\":\"https:\/\/progresso.com.br\/index.php\/2026\/04\/28\/lista-de-peixes-e-invertebrados-ameacados-de-extincao-e-atualizada\/#primaryimage\",\"url\":\"https:\/\/progresso.com.br\/wp-content\/uploads\/2026\/04\/54db394d-b8d7-443b-9c58-a968679ca940.webp\",\"contentUrl\":\"https:\/\/progresso.com.br\/wp-content\/uploads\/2026\/04\/54db394d-b8d7-443b-9c58-a968679ca940.webp\",\"width\":1170,\"height\":700,\"caption\":\"(Foto: MPA\/Divulga\u00e7\u00e3o)\"},{\"@type\":\"BreadcrumbList\",\"@id\":\"https:\/\/progresso.com.br\/index.php\/2026\/04\/28\/lista-de-peixes-e-invertebrados-ameacados-de-extincao-e-atualizada\/#breadcrumb\",\"itemListElement\":[{\"@type\":\"ListItem\",\"position\":1,\"name\":\"In\u00edcio\",\"item\":\"https:\/\/progresso.com.br\/\"},{\"@type\":\"ListItem\",\"position\":2,\"name\":\"Lista de peixes e invertebrados amea\u00e7ados de extin\u00e7\u00e3o \u00e9 atualizada\"}]},{\"@type\":\"WebSite\",\"@id\":\"https:\/\/progresso.com.br\/#website\",\"url\":\"https:\/\/progresso.com.br\/\",\"name\":\"O PROGRESSO\",\"description\":\"\",\"publisher\":{\"@id\":\"https:\/\/progresso.com.br\/#organization\"},\"potentialAction\":[{\"@type\":\"SearchAction\",\"target\":{\"@type\":\"EntryPoint\",\"urlTemplate\":\"https:\/\/progresso.com.br\/?s={search_term_string}\"},\"query-input\":{\"@type\":\"PropertyValueSpecification\",\"valueRequired\":true,\"valueName\":\"search_term_string\"}}],\"inLanguage\":\"pt-BR\"},{\"@type\":\"Organization\",\"@id\":\"https:\/\/progresso.com.br\/#organization\",\"name\":\"O PROGRESSO\",\"url\":\"https:\/\/progresso.com.br\/\",\"logo\":{\"@type\":\"ImageObject\",\"inLanguage\":\"pt-BR\",\"@id\":\"https:\/\/progresso.com.br\/#\/schema\/logo\/image\/\",\"url\":\"https:\/\/progresso.com.br\/wp-content\/uploads\/2026\/03\/logo_proog.jpg\",\"contentUrl\":\"https:\/\/progresso.com.br\/wp-content\/uploads\/2026\/03\/logo_proog.jpg\",\"width\":1960,\"height\":1080,\"caption\":\"O PROGRESSO\"},\"image\":{\"@id\":\"https:\/\/progresso.com.br\/#\/schema\/logo\/image\/\"},\"sameAs\":[\"https:\/\/www.facebook.com\/share\/1CeoksKBj6\/\",\"https:\/\/www.instagram.com\/oprogresso_digital\"]},{\"@type\":\"Person\",\"@id\":\"https:\/\/progresso.com.br\/#\/schema\/person\/5dd27138d4463fbbaace62120bfc002b\",\"name\":\"Rose\",\"image\":{\"@type\":\"ImageObject\",\"inLanguage\":\"pt-BR\",\"@id\":\"https:\/\/progresso.com.br\/#\/schema\/person\/image\/\",\"url\":\"https:\/\/secure.gravatar.com\/avatar\/1b6890e759cdd3a88d9f751cb423720b9861c5239167cd3586355638b6556599?s=96&d=mm&r=g\",\"contentUrl\":\"https:\/\/secure.gravatar.com\/avatar\/1b6890e759cdd3a88d9f751cb423720b9861c5239167cd3586355638b6556599?s=96&d=mm&r=g\",\"caption\":\"Rose\"},\"url\":\"https:\/\/progresso.com.br\/index.php\/author\/rose\/\"}]}<\/script>\n<!-- \/ Yoast SEO plugin. -->","yoast_head_json":{"title":"Lista de peixes e invertebrados amea\u00e7ados de extin\u00e7\u00e3o \u00e9 atualizada - O PROGRESSO","robots":{"index":"index","follow":"follow","max-snippet":"max-snippet:-1","max-image-preview":"max-image-preview:large","max-video-preview":"max-video-preview:-1"},"canonical":"https:\/\/progresso.com.br\/index.php\/2026\/04\/28\/lista-de-peixes-e-invertebrados-ameacados-de-extincao-e-atualizada\/","og_locale":"pt_BR","og_type":"article","og_title":"Lista de peixes e invertebrados amea\u00e7ados de extin\u00e7\u00e3o \u00e9 atualizada - O PROGRESSO","og_description":"Revis\u00e3o iniciada em 2024, incluiu novas 100 esp\u00e9cies Fab\u00edola Sinimb\u00fa &#8211; Ag\u00eancia Brasil A Lista Nacional Oficial de Esp\u00e9cies da Fauna Amea\u00e7adas de Extin\u00e7\u00e3o para Peixes e Invertebrados Aqu\u00e1ticos foi atualizada nesta ter\u00e7a-feira (28). A revis\u00e3o iniciada em 2024, incluiu novas 100 esp\u00e9cies e excluiu o mesmo n\u00famero, mantendo 490 esp\u00e9cies classificadas. Peixes, arraias, tubar\u00f5es, [&hellip;]","og_url":"https:\/\/progresso.com.br\/index.php\/2026\/04\/28\/lista-de-peixes-e-invertebrados-ameacados-de-extincao-e-atualizada\/","og_site_name":"O PROGRESSO","article_publisher":"https:\/\/www.facebook.com\/share\/1CeoksKBj6\/","article_published_time":"2026-04-28T18:45:00+00:00","og_image":[{"width":1170,"height":700,"url":"https:\/\/progresso.com.br\/wp-content\/uploads\/2026\/04\/54db394d-b8d7-443b-9c58-a968679ca940.webp","type":"image\/webp"}],"author":"Rose","twitter_card":"summary_large_image","twitter_misc":{"Escrito por":"Rose","Est. tempo de leitura":"3 minutos"},"schema":{"@context":"https:\/\/schema.org","@graph":[{"@type":"Article","@id":"https:\/\/progresso.com.br\/index.php\/2026\/04\/28\/lista-de-peixes-e-invertebrados-ameacados-de-extincao-e-atualizada\/#article","isPartOf":{"@id":"https:\/\/progresso.com.br\/index.php\/2026\/04\/28\/lista-de-peixes-e-invertebrados-ameacados-de-extincao-e-atualizada\/"},"author":{"name":"Rose","@id":"https:\/\/progresso.com.br\/#\/schema\/person\/5dd27138d4463fbbaace62120bfc002b"},"headline":"Lista de peixes e invertebrados amea\u00e7ados de extin\u00e7\u00e3o \u00e9 atualizada","datePublished":"2026-04-28T18:45:00+00:00","mainEntityOfPage":{"@id":"https:\/\/progresso.com.br\/index.php\/2026\/04\/28\/lista-de-peixes-e-invertebrados-ameacados-de-extincao-e-atualizada\/"},"wordCount":493,"commentCount":0,"publisher":{"@id":"https:\/\/progresso.com.br\/#organization"},"image":{"@id":"https:\/\/progresso.com.br\/index.php\/2026\/04\/28\/lista-de-peixes-e-invertebrados-ameacados-de-extincao-e-atualizada\/#primaryimage"},"thumbnailUrl":"https:\/\/progresso.com.br\/wp-content\/uploads\/2026\/04\/54db394d-b8d7-443b-9c58-a968679ca940.webp","articleSection":["Cotidiano"],"inLanguage":"pt-BR","potentialAction":[{"@type":"CommentAction","name":"Comment","target":["https:\/\/progresso.com.br\/index.php\/2026\/04\/28\/lista-de-peixes-e-invertebrados-ameacados-de-extincao-e-atualizada\/#respond"]}]},{"@type":"WebPage","@id":"https:\/\/progresso.com.br\/index.php\/2026\/04\/28\/lista-de-peixes-e-invertebrados-ameacados-de-extincao-e-atualizada\/","url":"https:\/\/progresso.com.br\/index.php\/2026\/04\/28\/lista-de-peixes-e-invertebrados-ameacados-de-extincao-e-atualizada\/","name":"Lista de peixes e invertebrados amea\u00e7ados de extin\u00e7\u00e3o \u00e9 atualizada - O PROGRESSO","isPartOf":{"@id":"https:\/\/progresso.com.br\/#website"},"primaryImageOfPage":{"@id":"https:\/\/progresso.com.br\/index.php\/2026\/04\/28\/lista-de-peixes-e-invertebrados-ameacados-de-extincao-e-atualizada\/#primaryimage"},"image":{"@id":"https:\/\/progresso.com.br\/index.php\/2026\/04\/28\/lista-de-peixes-e-invertebrados-ameacados-de-extincao-e-atualizada\/#primaryimage"},"thumbnailUrl":"https:\/\/progresso.com.br\/wp-content\/uploads\/2026\/04\/54db394d-b8d7-443b-9c58-a968679ca940.webp","datePublished":"2026-04-28T18:45:00+00:00","breadcrumb":{"@id":"https:\/\/progresso.com.br\/index.php\/2026\/04\/28\/lista-de-peixes-e-invertebrados-ameacados-de-extincao-e-atualizada\/#breadcrumb"},"inLanguage":"pt-BR","potentialAction":[{"@type":"ReadAction","target":["https:\/\/progresso.com.br\/index.php\/2026\/04\/28\/lista-de-peixes-e-invertebrados-ameacados-de-extincao-e-atualizada\/"]}]},{"@type":"ImageObject","inLanguage":"pt-BR","@id":"https:\/\/progresso.com.br\/index.php\/2026\/04\/28\/lista-de-peixes-e-invertebrados-ameacados-de-extincao-e-atualizada\/#primaryimage","url":"https:\/\/progresso.com.br\/wp-content\/uploads\/2026\/04\/54db394d-b8d7-443b-9c58-a968679ca940.webp","contentUrl":"https:\/\/progresso.com.br\/wp-content\/uploads\/2026\/04\/54db394d-b8d7-443b-9c58-a968679ca940.webp","width":1170,"height":700,"caption":"(Foto: MPA\/Divulga\u00e7\u00e3o)"},{"@type":"BreadcrumbList","@id":"https:\/\/progresso.com.br\/index.php\/2026\/04\/28\/lista-de-peixes-e-invertebrados-ameacados-de-extincao-e-atualizada\/#breadcrumb","itemListElement":[{"@type":"ListItem","position":1,"name":"In\u00edcio","item":"https:\/\/progresso.com.br\/"},{"@type":"ListItem","position":2,"name":"Lista de peixes e invertebrados amea\u00e7ados de extin\u00e7\u00e3o \u00e9 atualizada"}]},{"@type":"WebSite","@id":"https:\/\/progresso.com.br\/#website","url":"https:\/\/progresso.com.br\/","name":"O PROGRESSO","description":"","publisher":{"@id":"https:\/\/progresso.com.br\/#organization"},"potentialAction":[{"@type":"SearchAction","target":{"@type":"EntryPoint","urlTemplate":"https:\/\/progresso.com.br\/?s={search_term_string}"},"query-input":{"@type":"PropertyValueSpecification","valueRequired":true,"valueName":"search_term_string"}}],"inLanguage":"pt-BR"},{"@type":"Organization","@id":"https:\/\/progresso.com.br\/#organization","name":"O PROGRESSO","url":"https:\/\/progresso.com.br\/","logo":{"@type":"ImageObject","inLanguage":"pt-BR","@id":"https:\/\/progresso.com.br\/#\/schema\/logo\/image\/","url":"https:\/\/progresso.com.br\/wp-content\/uploads\/2026\/03\/logo_proog.jpg","contentUrl":"https:\/\/progresso.com.br\/wp-content\/uploads\/2026\/03\/logo_proog.jpg","width":1960,"height":1080,"caption":"O PROGRESSO"},"image":{"@id":"https:\/\/progresso.com.br\/#\/schema\/logo\/image\/"},"sameAs":["https:\/\/www.facebook.com\/share\/1CeoksKBj6\/","https:\/\/www.instagram.com\/oprogresso_digital"]},{"@type":"Person","@id":"https:\/\/progresso.com.br\/#\/schema\/person\/5dd27138d4463fbbaace62120bfc002b","name":"Rose","image":{"@type":"ImageObject","inLanguage":"pt-BR","@id":"https:\/\/progresso.com.br\/#\/schema\/person\/image\/","url":"https:\/\/secure.gravatar.com\/avatar\/1b6890e759cdd3a88d9f751cb423720b9861c5239167cd3586355638b6556599?s=96&d=mm&r=g","contentUrl":"https:\/\/secure.gravatar.com\/avatar\/1b6890e759cdd3a88d9f751cb423720b9861c5239167cd3586355638b6556599?s=96&d=mm&r=g","caption":"Rose"},"url":"https:\/\/progresso.com.br\/index.php\/author\/rose\/"}]}},"_links":{"self":[{"href":"https:\/\/progresso.com.br\/index.php\/wp-json\/wp\/v2\/posts\/5017","targetHints":{"allow":["GET"]}}],"collection":[{"href":"https:\/\/progresso.com.br\/index.php\/wp-json\/wp\/v2\/posts"}],"about":[{"href":"https:\/\/progresso.com.br\/index.php\/wp-json\/wp\/v2\/types\/post"}],"author":[{"embeddable":true,"href":"https:\/\/progresso.com.br\/index.php\/wp-json\/wp\/v2\/users\/2"}],"replies":[{"embeddable":true,"href":"https:\/\/progresso.com.br\/index.php\/wp-json\/wp\/v2\/comments?post=5017"}],"version-history":[{"count":1,"href":"https:\/\/progresso.com.br\/index.php\/wp-json\/wp\/v2\/posts\/5017\/revisions"}],"predecessor-version":[{"id":5019,"href":"https:\/\/progresso.com.br\/index.php\/wp-json\/wp\/v2\/posts\/5017\/revisions\/5019"}],"wp:featuredmedia":[{"embeddable":true,"href":"https:\/\/progresso.com.br\/index.php\/wp-json\/wp\/v2\/media\/5018"}],"wp:attachment":[{"href":"https:\/\/progresso.com.br\/index.php\/wp-json\/wp\/v2\/media?parent=5017"}],"wp:term":[{"taxonomy":"category","embeddable":true,"href":"https:\/\/progresso.com.br\/index.php\/wp-json\/wp\/v2\/categories?post=5017"},{"taxonomy":"post_tag","embeddable":true,"href":"https:\/\/progresso.com.br\/index.php\/wp-json\/wp\/v2\/tags?post=5017"}],"curies":[{"name":"wp","href":"https:\/\/api.w.org\/{rel}","templated":true}]}}