{"id":5032,"date":"2026-04-28T16:29:00","date_gmt":"2026-04-28T20:29:00","guid":{"rendered":"https:\/\/progresso.com.br\/?p=5032"},"modified":"2026-04-28T16:17:01","modified_gmt":"2026-04-28T20:17:01","slug":"camara-de-dourados-aprova-contas-da-prefeitura-de-2017-a-2021-com-ressalvas","status":"publish","type":"post","link":"https:\/\/progresso.com.br\/index.php\/2026\/04\/28\/camara-de-dourados-aprova-contas-da-prefeitura-de-2017-a-2021-com-ressalvas\/","title":{"rendered":"C\u00e2mara de Dourados aprova contas da Prefeitura de 2017 a 2021 com ressalvas"},"content":{"rendered":"\n<p><strong><em>Parecer segue recomenda\u00e7\u00f5es do TCE-MS; vereadores tamb\u00e9m votam projetos do Executivo e da Mesa Diretora<\/em><\/strong><\/p>\n\n\n\n<p><em>Rog\u00e9rio Vidmantas<\/em><\/p>\n\n\n\n<p>A C\u00e2mara Municipal de Dourados aprovou, durante a 13\u00aa sess\u00e3o ordin\u00e1ria realizada nesta segunda-feira (27), a presta\u00e7\u00e3o de contas da Prefeitura referentes aos exerc\u00edcios financeiros de 2017 a 2021, al\u00e9m de uma s\u00e9rie de projetos de interesse p\u00fablico. As contas, que abrangem a gest\u00e3o da ex-prefeita D\u00e9lia Razuk (2017 a 2020) e do ex-prefeito Alan Guedes (2021), foram aprovadas com ressalvas, seguindo pareceres do Tribunal de Contas do Estado de Mato Grosso do Sul (TCE-MS).<\/p>\n\n\n\n<p>A an\u00e1lise foi conduzida pela Comiss\u00e3o de Finan\u00e7as e Or\u00e7amento, que emitiu parecer favor\u00e1vel por unanimidade. Entre as ressalvas apontadas est\u00e3o inconsist\u00eancias em registros cont\u00e1beis, falhas no controle interno, exercido por servidor comissionado, al\u00e9m de atraso no envio de dados ao sistema do TCE. Apesar disso, os vereadores entenderam que as irregularidades n\u00e3o comprometeram a avalia\u00e7\u00e3o global das contas. O munic\u00edpio, conforme o parecer, cumpriu os limites constitucionais e legais, incluindo os previstos na Lei de Responsabilidade Fiscal.<\/p>\n\n\n\n<p>Durante a sess\u00e3o, tamb\u00e9m foram aprovados projetos em diferentes est\u00e1gios de tramita\u00e7\u00e3o. Em segunda discuss\u00e3o, os vereadores aprovaram a Proposta de Emenda \u00e0 Lei Org\u00e2nica n\u00ba 002\/2026, de autoria do Poder Executivo, que altera dispositivo relacionado \u00e0s emendas impositivas. Em primeira discuss\u00e3o, foram aprovados o Projeto de Lei Complementar n\u00ba 008\/2026, da Mesa Diretora, que promove altera\u00e7\u00f5es em legisla\u00e7\u00f5es municipais e o Projeto de Lei n\u00ba 060\/2026, do Executivo, que cria dispositivos em leis recentes.<\/p>\n\n\n\n<p>J\u00e1 em \u00fanica discuss\u00e3o, al\u00e9m da aprova\u00e7\u00e3o das contas p\u00fablicas, os parlamentares deliberaram sobre outras mat\u00e9rias, incluindo recurso ao parecer contr\u00e1rio da Comiss\u00e3o de Justi\u00e7a ao projeto que trata da avia\u00e7\u00e3o agr\u00edcola como atividade relevante no munic\u00edpio, al\u00e9m da pauta de requerimentos.<\/p>\n","protected":false},"excerpt":{"rendered":"<p>Parecer segue recomenda\u00e7\u00f5es do TCE-MS; vereadores tamb\u00e9m votam projetos do Executivo e da Mesa Diretora Rog\u00e9rio Vidmantas A C\u00e2mara Municipal de Dourados aprovou, durante a 13\u00aa sess\u00e3o ordin\u00e1ria realizada nesta segunda-feira (27), a presta\u00e7\u00e3o de contas da Prefeitura referentes aos exerc\u00edcios financeiros de 2017 a 2021, al\u00e9m de uma s\u00e9rie de projetos de interesse p\u00fablico. [&hellip;]<\/p>\n","protected":false},"author":5,"featured_media":5033,"comment_status":"open","ping_status":"open","sticky":false,"template":"","format":"standard","meta":{"footnotes":""},"categories":[28,9],"tags":[],"class_list":["post-5032","post","type-post","status-publish","format-standard","has-post-thumbnail","hentry","category-dourados","category-politica"],"yoast_head":"<!-- This site is optimized with the Yoast SEO plugin v27.1.1 - https:\/\/yoast.com\/product\/yoast-seo-wordpress\/ -->\n<title>C\u00e2mara de Dourados aprova contas da Prefeitura de 2017 a 2021 com ressalvas - O PROGRESSO<\/title>\n<meta name=\"robots\" content=\"index, follow, max-snippet:-1, max-image-preview:large, max-video-preview:-1\" \/>\n<link rel=\"canonical\" href=\"https:\/\/progresso.com.br\/index.php\/2026\/04\/28\/camara-de-dourados-aprova-contas-da-prefeitura-de-2017-a-2021-com-ressalvas\/\" \/>\n<meta property=\"og:locale\" content=\"pt_BR\" \/>\n<meta property=\"og:type\" content=\"article\" \/>\n<meta property=\"og:title\" content=\"C\u00e2mara de Dourados aprova contas da Prefeitura de 2017 a 2021 com ressalvas - O PROGRESSO\" \/>\n<meta property=\"og:description\" content=\"Parecer segue recomenda\u00e7\u00f5es do TCE-MS; vereadores tamb\u00e9m votam projetos do Executivo e da Mesa Diretora Rog\u00e9rio Vidmantas A C\u00e2mara Municipal de Dourados aprovou, durante a 13\u00aa sess\u00e3o ordin\u00e1ria realizada nesta segunda-feira (27), a presta\u00e7\u00e3o de contas da Prefeitura referentes aos exerc\u00edcios financeiros de 2017 a 2021, al\u00e9m de uma s\u00e9rie de projetos de interesse p\u00fablico. [&hellip;]\" \/>\n<meta property=\"og:url\" content=\"https:\/\/progresso.com.br\/index.php\/2026\/04\/28\/camara-de-dourados-aprova-contas-da-prefeitura-de-2017-a-2021-com-ressalvas\/\" \/>\n<meta property=\"og:site_name\" content=\"O PROGRESSO\" \/>\n<meta property=\"article:publisher\" content=\"https:\/\/www.facebook.com\/share\/1CeoksKBj6\/\" \/>\n<meta property=\"article:published_time\" content=\"2026-04-28T20:29:00+00:00\" \/>\n<meta property=\"og:image\" content=\"https:\/\/progresso.com.br\/wp-content\/uploads\/2026\/04\/Sessao-2704.jpg\" \/>\n\t<meta property=\"og:image:width\" content=\"800\" \/>\n\t<meta property=\"og:image:height\" content=\"533\" \/>\n\t<meta property=\"og:image:type\" content=\"image\/jpeg\" \/>\n<meta name=\"author\" content=\"Rog\u00e9rio Vidmantas\" \/>\n<meta name=\"twitter:card\" content=\"summary_large_image\" \/>\n<meta name=\"twitter:label1\" content=\"Escrito por\" \/>\n\t<meta name=\"twitter:data1\" content=\"Rog\u00e9rio Vidmantas\" \/>\n\t<meta name=\"twitter:label2\" content=\"Est. tempo de leitura\" \/>\n\t<meta name=\"twitter:data2\" content=\"2 minutos\" \/>\n<script type=\"application\/ld+json\" class=\"yoast-schema-graph\">{\"@context\":\"https:\/\/schema.org\",\"@graph\":[{\"@type\":\"Article\",\"@id\":\"https:\/\/progresso.com.br\/index.php\/2026\/04\/28\/camara-de-dourados-aprova-contas-da-prefeitura-de-2017-a-2021-com-ressalvas\/#article\",\"isPartOf\":{\"@id\":\"https:\/\/progresso.com.br\/index.php\/2026\/04\/28\/camara-de-dourados-aprova-contas-da-prefeitura-de-2017-a-2021-com-ressalvas\/\"},\"author\":{\"name\":\"Rog\u00e9rio Vidmantas\",\"@id\":\"https:\/\/progresso.com.br\/#\/schema\/person\/471791cc575a7e23811d1070fa9d20ee\"},\"headline\":\"C\u00e2mara de Dourados aprova contas da Prefeitura de 2017 a 2021 com ressalvas\",\"datePublished\":\"2026-04-28T20:29:00+00:00\",\"mainEntityOfPage\":{\"@id\":\"https:\/\/progresso.com.br\/index.php\/2026\/04\/28\/camara-de-dourados-aprova-contas-da-prefeitura-de-2017-a-2021-com-ressalvas\/\"},\"wordCount\":334,\"commentCount\":0,\"publisher\":{\"@id\":\"https:\/\/progresso.com.br\/#organization\"},\"image\":{\"@id\":\"https:\/\/progresso.com.br\/index.php\/2026\/04\/28\/camara-de-dourados-aprova-contas-da-prefeitura-de-2017-a-2021-com-ressalvas\/#primaryimage\"},\"thumbnailUrl\":\"https:\/\/progresso.com.br\/wp-content\/uploads\/2026\/04\/Sessao-2704.jpg\",\"articleSection\":[\"Dourados\",\"Pol\u00edtica\"],\"inLanguage\":\"pt-BR\",\"potentialAction\":[{\"@type\":\"CommentAction\",\"name\":\"Comment\",\"target\":[\"https:\/\/progresso.com.br\/index.php\/2026\/04\/28\/camara-de-dourados-aprova-contas-da-prefeitura-de-2017-a-2021-com-ressalvas\/#respond\"]}]},{\"@type\":\"WebPage\",\"@id\":\"https:\/\/progresso.com.br\/index.php\/2026\/04\/28\/camara-de-dourados-aprova-contas-da-prefeitura-de-2017-a-2021-com-ressalvas\/\",\"url\":\"https:\/\/progresso.com.br\/index.php\/2026\/04\/28\/camara-de-dourados-aprova-contas-da-prefeitura-de-2017-a-2021-com-ressalvas\/\",\"name\":\"C\u00e2mara de Dourados aprova contas da Prefeitura de 2017 a 2021 com ressalvas - O PROGRESSO\",\"isPartOf\":{\"@id\":\"https:\/\/progresso.com.br\/#website\"},\"primaryImageOfPage\":{\"@id\":\"https:\/\/progresso.com.br\/index.php\/2026\/04\/28\/camara-de-dourados-aprova-contas-da-prefeitura-de-2017-a-2021-com-ressalvas\/#primaryimage\"},\"image\":{\"@id\":\"https:\/\/progresso.com.br\/index.php\/2026\/04\/28\/camara-de-dourados-aprova-contas-da-prefeitura-de-2017-a-2021-com-ressalvas\/#primaryimage\"},\"thumbnailUrl\":\"https:\/\/progresso.com.br\/wp-content\/uploads\/2026\/04\/Sessao-2704.jpg\",\"datePublished\":\"2026-04-28T20:29:00+00:00\",\"breadcrumb\":{\"@id\":\"https:\/\/progresso.com.br\/index.php\/2026\/04\/28\/camara-de-dourados-aprova-contas-da-prefeitura-de-2017-a-2021-com-ressalvas\/#breadcrumb\"},\"inLanguage\":\"pt-BR\",\"potentialAction\":[{\"@type\":\"ReadAction\",\"target\":[\"https:\/\/progresso.com.br\/index.php\/2026\/04\/28\/camara-de-dourados-aprova-contas-da-prefeitura-de-2017-a-2021-com-ressalvas\/\"]}]},{\"@type\":\"ImageObject\",\"inLanguage\":\"pt-BR\",\"@id\":\"https:\/\/progresso.com.br\/index.php\/2026\/04\/28\/camara-de-dourados-aprova-contas-da-prefeitura-de-2017-a-2021-com-ressalvas\/#primaryimage\",\"url\":\"https:\/\/progresso.com.br\/wp-content\/uploads\/2026\/04\/Sessao-2704.jpg\",\"contentUrl\":\"https:\/\/progresso.com.br\/wp-content\/uploads\/2026\/04\/Sessao-2704.jpg\",\"width\":800,\"height\":533,\"caption\":\"Vereadores de Dourados durante a 13\u00aa Sess\u00e3o Ordin\u00e1ria realizada nesta segunda-feira (Foto: F.Grott\/CMD)\"},{\"@type\":\"BreadcrumbList\",\"@id\":\"https:\/\/progresso.com.br\/index.php\/2026\/04\/28\/camara-de-dourados-aprova-contas-da-prefeitura-de-2017-a-2021-com-ressalvas\/#breadcrumb\",\"itemListElement\":[{\"@type\":\"ListItem\",\"position\":1,\"name\":\"In\u00edcio\",\"item\":\"https:\/\/progresso.com.br\/\"},{\"@type\":\"ListItem\",\"position\":2,\"name\":\"C\u00e2mara de Dourados aprova contas da Prefeitura de 2017 a 2021 com ressalvas\"}]},{\"@type\":\"WebSite\",\"@id\":\"https:\/\/progresso.com.br\/#website\",\"url\":\"https:\/\/progresso.com.br\/\",\"name\":\"O PROGRESSO\",\"description\":\"\",\"publisher\":{\"@id\":\"https:\/\/progresso.com.br\/#organization\"},\"potentialAction\":[{\"@type\":\"SearchAction\",\"target\":{\"@type\":\"EntryPoint\",\"urlTemplate\":\"https:\/\/progresso.com.br\/?s={search_term_string}\"},\"query-input\":{\"@type\":\"PropertyValueSpecification\",\"valueRequired\":true,\"valueName\":\"search_term_string\"}}],\"inLanguage\":\"pt-BR\"},{\"@type\":\"Organization\",\"@id\":\"https:\/\/progresso.com.br\/#organization\",\"name\":\"O PROGRESSO\",\"url\":\"https:\/\/progresso.com.br\/\",\"logo\":{\"@type\":\"ImageObject\",\"inLanguage\":\"pt-BR\",\"@id\":\"https:\/\/progresso.com.br\/#\/schema\/logo\/image\/\",\"url\":\"https:\/\/progresso.com.br\/wp-content\/uploads\/2026\/03\/logo_proog.jpg\",\"contentUrl\":\"https:\/\/progresso.com.br\/wp-content\/uploads\/2026\/03\/logo_proog.jpg\",\"width\":1960,\"height\":1080,\"caption\":\"O PROGRESSO\"},\"image\":{\"@id\":\"https:\/\/progresso.com.br\/#\/schema\/logo\/image\/\"},\"sameAs\":[\"https:\/\/www.facebook.com\/share\/1CeoksKBj6\/\",\"https:\/\/www.instagram.com\/oprogresso_digital\"]},{\"@type\":\"Person\",\"@id\":\"https:\/\/progresso.com.br\/#\/schema\/person\/471791cc575a7e23811d1070fa9d20ee\",\"name\":\"Rog\u00e9rio Vidmantas\",\"image\":{\"@type\":\"ImageObject\",\"inLanguage\":\"pt-BR\",\"@id\":\"https:\/\/progresso.com.br\/#\/schema\/person\/image\/\",\"url\":\"https:\/\/secure.gravatar.com\/avatar\/10a86aae4992f407879fa7e12fb476cdff79509ad9ec42967d62b4fbcee7c57b?s=96&d=mm&r=g\",\"contentUrl\":\"https:\/\/secure.gravatar.com\/avatar\/10a86aae4992f407879fa7e12fb476cdff79509ad9ec42967d62b4fbcee7c57b?s=96&d=mm&r=g\",\"caption\":\"Rog\u00e9rio Vidmantas\"},\"url\":\"https:\/\/progresso.com.br\/index.php\/author\/vidmantas\/\"}]}<\/script>\n<!-- \/ Yoast SEO plugin. -->","yoast_head_json":{"title":"C\u00e2mara de Dourados aprova contas da Prefeitura de 2017 a 2021 com ressalvas - O PROGRESSO","robots":{"index":"index","follow":"follow","max-snippet":"max-snippet:-1","max-image-preview":"max-image-preview:large","max-video-preview":"max-video-preview:-1"},"canonical":"https:\/\/progresso.com.br\/index.php\/2026\/04\/28\/camara-de-dourados-aprova-contas-da-prefeitura-de-2017-a-2021-com-ressalvas\/","og_locale":"pt_BR","og_type":"article","og_title":"C\u00e2mara de Dourados aprova contas da Prefeitura de 2017 a 2021 com ressalvas - O PROGRESSO","og_description":"Parecer segue recomenda\u00e7\u00f5es do TCE-MS; vereadores tamb\u00e9m votam projetos do Executivo e da Mesa Diretora Rog\u00e9rio Vidmantas A C\u00e2mara Municipal de Dourados aprovou, durante a 13\u00aa sess\u00e3o ordin\u00e1ria realizada nesta segunda-feira (27), a presta\u00e7\u00e3o de contas da Prefeitura referentes aos exerc\u00edcios financeiros de 2017 a 2021, al\u00e9m de uma s\u00e9rie de projetos de interesse p\u00fablico. [&hellip;]","og_url":"https:\/\/progresso.com.br\/index.php\/2026\/04\/28\/camara-de-dourados-aprova-contas-da-prefeitura-de-2017-a-2021-com-ressalvas\/","og_site_name":"O PROGRESSO","article_publisher":"https:\/\/www.facebook.com\/share\/1CeoksKBj6\/","article_published_time":"2026-04-28T20:29:00+00:00","og_image":[{"width":800,"height":533,"url":"https:\/\/progresso.com.br\/wp-content\/uploads\/2026\/04\/Sessao-2704.jpg","type":"image\/jpeg"}],"author":"Rog\u00e9rio Vidmantas","twitter_card":"summary_large_image","twitter_misc":{"Escrito por":"Rog\u00e9rio Vidmantas","Est. tempo de leitura":"2 minutos"},"schema":{"@context":"https:\/\/schema.org","@graph":[{"@type":"Article","@id":"https:\/\/progresso.com.br\/index.php\/2026\/04\/28\/camara-de-dourados-aprova-contas-da-prefeitura-de-2017-a-2021-com-ressalvas\/#article","isPartOf":{"@id":"https:\/\/progresso.com.br\/index.php\/2026\/04\/28\/camara-de-dourados-aprova-contas-da-prefeitura-de-2017-a-2021-com-ressalvas\/"},"author":{"name":"Rog\u00e9rio Vidmantas","@id":"https:\/\/progresso.com.br\/#\/schema\/person\/471791cc575a7e23811d1070fa9d20ee"},"headline":"C\u00e2mara de Dourados aprova contas da Prefeitura de 2017 a 2021 com ressalvas","datePublished":"2026-04-28T20:29:00+00:00","mainEntityOfPage":{"@id":"https:\/\/progresso.com.br\/index.php\/2026\/04\/28\/camara-de-dourados-aprova-contas-da-prefeitura-de-2017-a-2021-com-ressalvas\/"},"wordCount":334,"commentCount":0,"publisher":{"@id":"https:\/\/progresso.com.br\/#organization"},"image":{"@id":"https:\/\/progresso.com.br\/index.php\/2026\/04\/28\/camara-de-dourados-aprova-contas-da-prefeitura-de-2017-a-2021-com-ressalvas\/#primaryimage"},"thumbnailUrl":"https:\/\/progresso.com.br\/wp-content\/uploads\/2026\/04\/Sessao-2704.jpg","articleSection":["Dourados","Pol\u00edtica"],"inLanguage":"pt-BR","potentialAction":[{"@type":"CommentAction","name":"Comment","target":["https:\/\/progresso.com.br\/index.php\/2026\/04\/28\/camara-de-dourados-aprova-contas-da-prefeitura-de-2017-a-2021-com-ressalvas\/#respond"]}]},{"@type":"WebPage","@id":"https:\/\/progresso.com.br\/index.php\/2026\/04\/28\/camara-de-dourados-aprova-contas-da-prefeitura-de-2017-a-2021-com-ressalvas\/","url":"https:\/\/progresso.com.br\/index.php\/2026\/04\/28\/camara-de-dourados-aprova-contas-da-prefeitura-de-2017-a-2021-com-ressalvas\/","name":"C\u00e2mara de Dourados aprova contas da Prefeitura de 2017 a 2021 com ressalvas - O PROGRESSO","isPartOf":{"@id":"https:\/\/progresso.com.br\/#website"},"primaryImageOfPage":{"@id":"https:\/\/progresso.com.br\/index.php\/2026\/04\/28\/camara-de-dourados-aprova-contas-da-prefeitura-de-2017-a-2021-com-ressalvas\/#primaryimage"},"image":{"@id":"https:\/\/progresso.com.br\/index.php\/2026\/04\/28\/camara-de-dourados-aprova-contas-da-prefeitura-de-2017-a-2021-com-ressalvas\/#primaryimage"},"thumbnailUrl":"https:\/\/progresso.com.br\/wp-content\/uploads\/2026\/04\/Sessao-2704.jpg","datePublished":"2026-04-28T20:29:00+00:00","breadcrumb":{"@id":"https:\/\/progresso.com.br\/index.php\/2026\/04\/28\/camara-de-dourados-aprova-contas-da-prefeitura-de-2017-a-2021-com-ressalvas\/#breadcrumb"},"inLanguage":"pt-BR","potentialAction":[{"@type":"ReadAction","target":["https:\/\/progresso.com.br\/index.php\/2026\/04\/28\/camara-de-dourados-aprova-contas-da-prefeitura-de-2017-a-2021-com-ressalvas\/"]}]},{"@type":"ImageObject","inLanguage":"pt-BR","@id":"https:\/\/progresso.com.br\/index.php\/2026\/04\/28\/camara-de-dourados-aprova-contas-da-prefeitura-de-2017-a-2021-com-ressalvas\/#primaryimage","url":"https:\/\/progresso.com.br\/wp-content\/uploads\/2026\/04\/Sessao-2704.jpg","contentUrl":"https:\/\/progresso.com.br\/wp-content\/uploads\/2026\/04\/Sessao-2704.jpg","width":800,"height":533,"caption":"Vereadores de Dourados durante a 13\u00aa Sess\u00e3o Ordin\u00e1ria realizada nesta segunda-feira (Foto: F.Grott\/CMD)"},{"@type":"BreadcrumbList","@id":"https:\/\/progresso.com.br\/index.php\/2026\/04\/28\/camara-de-dourados-aprova-contas-da-prefeitura-de-2017-a-2021-com-ressalvas\/#breadcrumb","itemListElement":[{"@type":"ListItem","position":1,"name":"In\u00edcio","item":"https:\/\/progresso.com.br\/"},{"@type":"ListItem","position":2,"name":"C\u00e2mara de Dourados aprova contas da Prefeitura de 2017 a 2021 com ressalvas"}]},{"@type":"WebSite","@id":"https:\/\/progresso.com.br\/#website","url":"https:\/\/progresso.com.br\/","name":"O PROGRESSO","description":"","publisher":{"@id":"https:\/\/progresso.com.br\/#organization"},"potentialAction":[{"@type":"SearchAction","target":{"@type":"EntryPoint","urlTemplate":"https:\/\/progresso.com.br\/?s={search_term_string}"},"query-input":{"@type":"PropertyValueSpecification","valueRequired":true,"valueName":"search_term_string"}}],"inLanguage":"pt-BR"},{"@type":"Organization","@id":"https:\/\/progresso.com.br\/#organization","name":"O PROGRESSO","url":"https:\/\/progresso.com.br\/","logo":{"@type":"ImageObject","inLanguage":"pt-BR","@id":"https:\/\/progresso.com.br\/#\/schema\/logo\/image\/","url":"https:\/\/progresso.com.br\/wp-content\/uploads\/2026\/03\/logo_proog.jpg","contentUrl":"https:\/\/progresso.com.br\/wp-content\/uploads\/2026\/03\/logo_proog.jpg","width":1960,"height":1080,"caption":"O PROGRESSO"},"image":{"@id":"https:\/\/progresso.com.br\/#\/schema\/logo\/image\/"},"sameAs":["https:\/\/www.facebook.com\/share\/1CeoksKBj6\/","https:\/\/www.instagram.com\/oprogresso_digital"]},{"@type":"Person","@id":"https:\/\/progresso.com.br\/#\/schema\/person\/471791cc575a7e23811d1070fa9d20ee","name":"Rog\u00e9rio Vidmantas","image":{"@type":"ImageObject","inLanguage":"pt-BR","@id":"https:\/\/progresso.com.br\/#\/schema\/person\/image\/","url":"https:\/\/secure.gravatar.com\/avatar\/10a86aae4992f407879fa7e12fb476cdff79509ad9ec42967d62b4fbcee7c57b?s=96&d=mm&r=g","contentUrl":"https:\/\/secure.gravatar.com\/avatar\/10a86aae4992f407879fa7e12fb476cdff79509ad9ec42967d62b4fbcee7c57b?s=96&d=mm&r=g","caption":"Rog\u00e9rio Vidmantas"},"url":"https:\/\/progresso.com.br\/index.php\/author\/vidmantas\/"}]}},"_links":{"self":[{"href":"https:\/\/progresso.com.br\/index.php\/wp-json\/wp\/v2\/posts\/5032","targetHints":{"allow":["GET"]}}],"collection":[{"href":"https:\/\/progresso.com.br\/index.php\/wp-json\/wp\/v2\/posts"}],"about":[{"href":"https:\/\/progresso.com.br\/index.php\/wp-json\/wp\/v2\/types\/post"}],"author":[{"embeddable":true,"href":"https:\/\/progresso.com.br\/index.php\/wp-json\/wp\/v2\/users\/5"}],"replies":[{"embeddable":true,"href":"https:\/\/progresso.com.br\/index.php\/wp-json\/wp\/v2\/comments?post=5032"}],"version-history":[{"count":1,"href":"https:\/\/progresso.com.br\/index.php\/wp-json\/wp\/v2\/posts\/5032\/revisions"}],"predecessor-version":[{"id":5034,"href":"https:\/\/progresso.com.br\/index.php\/wp-json\/wp\/v2\/posts\/5032\/revisions\/5034"}],"wp:featuredmedia":[{"embeddable":true,"href":"https:\/\/progresso.com.br\/index.php\/wp-json\/wp\/v2\/media\/5033"}],"wp:attachment":[{"href":"https:\/\/progresso.com.br\/index.php\/wp-json\/wp\/v2\/media?parent=5032"}],"wp:term":[{"taxonomy":"category","embeddable":true,"href":"https:\/\/progresso.com.br\/index.php\/wp-json\/wp\/v2\/categories?post=5032"},{"taxonomy":"post_tag","embeddable":true,"href":"https:\/\/progresso.com.br\/index.php\/wp-json\/wp\/v2\/tags?post=5032"}],"curies":[{"name":"wp","href":"https:\/\/api.w.org\/{rel}","templated":true}]}}