{"id":5035,"date":"2026-04-28T16:30:00","date_gmt":"2026-04-28T20:30:00","guid":{"rendered":"https:\/\/progresso.com.br\/?p=5035"},"modified":"2026-04-28T16:20:49","modified_gmt":"2026-04-28T20:20:49","slug":"ibge-anuncia-primeiro-censo-da-populacao-em-situacao-de-rua-para-2028","status":"publish","type":"post","link":"https:\/\/progresso.com.br\/index.php\/2026\/04\/28\/ibge-anuncia-primeiro-censo-da-populacao-em-situacao-de-rua-para-2028\/","title":{"rendered":"IBGE anuncia primeiro censo da popula\u00e7\u00e3o em situa\u00e7\u00e3o de rua para 2028"},"content":{"rendered":"\n<p><strong><em>Dados poder\u00e3o servir de base para transforma\u00e7\u00e3o das pol\u00edticas p\u00fablicas<\/em><\/strong><\/p>\n\n\n\n<p><em>Alana Gandra &#8211;  Ag\u00eancia Brasil<\/em><\/p>\n\n\n\n<p>O Instituto Brasileiro de Geografia e Estat\u00edstica (IBGE) realizar\u00e1, entre 3 e 7 de julho de 2028,&nbsp;o 1\u00ba Censo Nacional da Popula\u00e7\u00e3o em Situa\u00e7\u00e3o de Rua.&nbsp;<strong>Os primeiros resultados da pesquisa devem ser divulgados em dezembro de 2028.<\/strong><img decoding=\"async\" src=\"https:\/\/agenciabrasil.ebc.com.br\/ebc.png?id=1687536&amp;o=node\"><img decoding=\"async\" src=\"https:\/\/agenciabrasil.ebc.com.br\/ebc.gif?id=1687536&amp;o=node\"><\/p>\n\n\n\n<p>A iniciativa in\u00e9dita no pa\u00eds foi anunciada pelo instituto nesta semana, com eventos de lan\u00e7amento em Bel\u00e9m, na segunda-feira (27), e no Rio de Janeiro, nesta ter\u00e7a-feira (28). Outra agenda&nbsp;est\u00e1 marcada&nbsp;para S\u00e3o Paulo, na pr\u00f3xima quinta-feira (30).&nbsp;<\/p>\n\n\n\n<p>Presente no evento realizado nesta ter\u00e7a no Centro de Atendimento Integrado \u00e0s Pessoas em Situa\u00e7\u00e3o de Rua do Rio de Janeiro (CIPOP-RUA\/RJ),&nbsp;<strong>o presidente do IBGE, Marcio Pochmann, afirmou que a metodologia do instituto se tornar\u00e1 refer\u00eancia para outros pa\u00edses<\/strong>.<\/p>\n\n\n\n<p>Na avalia\u00e7\u00e3o de Pochmann, identificar o perfil e a origem desses brasileiros poder\u00e1 servir de base para uma transforma\u00e7\u00e3o das pol\u00edticas p\u00fablicas, \u201cpara que n\u00e3o precisemos mais fazer levantamento dessa popula\u00e7\u00e3o sem domic\u00edlio fixo\u201d, afirmou.<\/p>\n\n\n\n<p>O presidente do IBGE lembrou que a primeira experi\u00eancia de contagem de moradores em situa\u00e7\u00e3o de rua ocorreu na cidade de S\u00e3o Paulo, na virada da d\u00e9cada de 1980 para 1990.<\/p>\n\n\n\n<p>Em 1991, foram identificadas na capital paulista 3.393 pessoas em situa\u00e7\u00e3o de rua. O \u00faltimo levantamento,&nbsp;em 2025, mostrou que esse&nbsp; n\u00famero aumentou para&nbsp;101 mil pessoas.<\/p>\n\n\n\n<h2 class=\"wp-block-heading\">Or\u00e7amento<\/h2>\n\n\n\n<p>Para Pochmann, essa \u201cexplos\u00e3o\u201d de brasileiros sem domic\u00edlio \u201cn\u00e3o pode estar sob o esfor\u00e7o de prefeituras e de governos estaduais\u201d, mas precisa ser encarado nacionalmente, como prop\u00f4s o presidente Luiz In\u00e1cio Lula da Silva.<\/p>\n\n\n\n<p>\u201cPara isso, \u00e9 necess\u00e1rio or\u00e7amento p\u00fablico, definido em Bras\u00edlia&nbsp;e votado por parlamentares. Tem que ter garantia or\u00e7ament\u00e1ria para poder realizar esse projeto\u201d, defendeu Pochmann.<\/p>\n\n\n\n<p>Segundo o presidente do IBGE, os recursos para o 1\u00ba Censo Nacional da Popula\u00e7\u00e3o em Situa\u00e7\u00e3o de Rua estar\u00e3o na proposta or\u00e7ament\u00e1ria que ser\u00e1 enviada pelo governo federal ao Congresso Nacional em agosto.<\/p>\n\n\n\n<p><strong>Marcio Pochmann acredita que o levantamento significar\u00e1 o pagamento de uma d\u00edvida do IBGE para com essas pessoas e colocar\u00e1 luz sobre esses brasileiros&nbsp;at\u00e9 ent\u00e3o&nbsp;invis\u00edveis.&nbsp;<\/strong><\/p>\n\n\n\n<p>O IBGE ressaltou que o censo, desenvolvido em parceria com institui\u00e7\u00f5es e movimentos sociais, representa um marco na produ\u00e7\u00e3o de informa\u00e7\u00f5es oficiais, com metodologia pr\u00f3pria constru\u00edda em di\u00e1logo com a sociedade civil.<\/p>\n\n\n\n<h2 class=\"wp-block-heading\">Discrimina\u00e7\u00e3o<\/h2>\n\n\n\n<p>O morador em situa\u00e7\u00e3o de rua Igor Santos participou do evento de lan\u00e7amento no Rio de Janeiro e&nbsp;destacou que, muitas vezes, s\u00e3o as circunst\u00e2ncias da vida, e n\u00e3o a vontade pr\u00f3pria, que levam uma pessoa a viver nas ruas.&nbsp;<\/p>\n\n\n\n<p>&#8220;Muitas das vezes, somos discriminados, somos olhados com olhares de menosprezo. Ent\u00e3o, eu vim aqui para poder pedir ajuda&#8221;.<\/p>\n\n\n\n<p>H\u00e1 quatro anos fora das ruas, o secret\u00e1rio-geral do Movimento Nacional da Popula\u00e7\u00e3o de Rua do Rio de Janeiro, Fl\u00e1vio Lino,&nbsp;acredita que a realiza\u00e7\u00e3o da pesquisa&nbsp;\u201cmexe&nbsp;com a estrutura do pa\u00eds\u201d.<\/p>\n\n\n\n<p>Ele afirmou que pessoas com trajet\u00f3ria de rua ser\u00e3o contratadas para participar da realiza\u00e7\u00e3o do censo, e que as&nbsp;20 coordena\u00e7\u00f5es nacionais do movimento&nbsp;v\u00e3o colaborar para que o levantamento&nbsp;tenha um resultado correto.<\/p>\n","protected":false},"excerpt":{"rendered":"<p>Dados poder\u00e3o servir de base para transforma\u00e7\u00e3o das pol\u00edticas p\u00fablicas Alana Gandra &#8211; Ag\u00eancia Brasil O Instituto Brasileiro de Geografia e Estat\u00edstica (IBGE) realizar\u00e1, entre 3 e 7 de julho de 2028,&nbsp;o 1\u00ba Censo Nacional da Popula\u00e7\u00e3o em Situa\u00e7\u00e3o de Rua.&nbsp;Os primeiros resultados da pesquisa devem ser divulgados em dezembro de 2028. A iniciativa in\u00e9dita [&hellip;]<\/p>\n","protected":false},"author":2,"featured_media":5036,"comment_status":"open","ping_status":"open","sticky":false,"template":"","format":"standard","meta":{"footnotes":""},"categories":[30,2],"tags":[],"class_list":["post-5035","post","type-post","status-publish","format-standard","has-post-thumbnail","hentry","category-brasil","category-destaque"],"yoast_head":"<!-- This site is optimized with the Yoast SEO plugin v27.1.1 - https:\/\/yoast.com\/product\/yoast-seo-wordpress\/ -->\n<title>IBGE anuncia primeiro censo da popula\u00e7\u00e3o em situa\u00e7\u00e3o de rua para 2028 - O PROGRESSO<\/title>\n<meta name=\"robots\" content=\"index, follow, max-snippet:-1, max-image-preview:large, max-video-preview:-1\" \/>\n<link rel=\"canonical\" href=\"https:\/\/progresso.com.br\/index.php\/2026\/04\/28\/ibge-anuncia-primeiro-censo-da-populacao-em-situacao-de-rua-para-2028\/\" \/>\n<meta property=\"og:locale\" content=\"pt_BR\" \/>\n<meta property=\"og:type\" content=\"article\" \/>\n<meta property=\"og:title\" content=\"IBGE anuncia primeiro censo da popula\u00e7\u00e3o em situa\u00e7\u00e3o de rua para 2028 - O PROGRESSO\" \/>\n<meta property=\"og:description\" content=\"Dados poder\u00e3o servir de base para transforma\u00e7\u00e3o das pol\u00edticas p\u00fablicas Alana Gandra &#8211; Ag\u00eancia Brasil O Instituto Brasileiro de Geografia e Estat\u00edstica (IBGE) realizar\u00e1, entre 3 e 7 de julho de 2028,&nbsp;o 1\u00ba Censo Nacional da Popula\u00e7\u00e3o em Situa\u00e7\u00e3o de Rua.&nbsp;Os primeiros resultados da pesquisa devem ser divulgados em dezembro de 2028. A iniciativa in\u00e9dita [&hellip;]\" \/>\n<meta property=\"og:url\" content=\"https:\/\/progresso.com.br\/index.php\/2026\/04\/28\/ibge-anuncia-primeiro-censo-da-populacao-em-situacao-de-rua-para-2028\/\" \/>\n<meta property=\"og:site_name\" content=\"O PROGRESSO\" \/>\n<meta property=\"article:publisher\" content=\"https:\/\/www.facebook.com\/share\/1CeoksKBj6\/\" \/>\n<meta property=\"article:published_time\" content=\"2026-04-28T20:30:00+00:00\" \/>\n<meta property=\"og:image\" content=\"https:\/\/progresso.com.br\/wp-content\/uploads\/2026\/04\/0d4a0370.webp\" \/>\n\t<meta property=\"og:image:width\" content=\"1170\" \/>\n\t<meta property=\"og:image:height\" content=\"700\" \/>\n\t<meta property=\"og:image:type\" content=\"image\/webp\" \/>\n<meta name=\"author\" content=\"Rose\" \/>\n<meta name=\"twitter:card\" content=\"summary_large_image\" \/>\n<meta name=\"twitter:label1\" content=\"Escrito por\" \/>\n\t<meta name=\"twitter:data1\" content=\"Rose\" \/>\n\t<meta name=\"twitter:label2\" content=\"Est. tempo de leitura\" \/>\n\t<meta name=\"twitter:data2\" content=\"4 minutos\" \/>\n<script type=\"application\/ld+json\" class=\"yoast-schema-graph\">{\"@context\":\"https:\/\/schema.org\",\"@graph\":[{\"@type\":\"Article\",\"@id\":\"https:\/\/progresso.com.br\/index.php\/2026\/04\/28\/ibge-anuncia-primeiro-censo-da-populacao-em-situacao-de-rua-para-2028\/#article\",\"isPartOf\":{\"@id\":\"https:\/\/progresso.com.br\/index.php\/2026\/04\/28\/ibge-anuncia-primeiro-censo-da-populacao-em-situacao-de-rua-para-2028\/\"},\"author\":{\"name\":\"Rose\",\"@id\":\"https:\/\/progresso.com.br\/#\/schema\/person\/5dd27138d4463fbbaace62120bfc002b\"},\"headline\":\"IBGE anuncia primeiro censo da popula\u00e7\u00e3o em situa\u00e7\u00e3o de rua para 2028\",\"datePublished\":\"2026-04-28T20:30:00+00:00\",\"mainEntityOfPage\":{\"@id\":\"https:\/\/progresso.com.br\/index.php\/2026\/04\/28\/ibge-anuncia-primeiro-censo-da-populacao-em-situacao-de-rua-para-2028\/\"},\"wordCount\":600,\"commentCount\":0,\"publisher\":{\"@id\":\"https:\/\/progresso.com.br\/#organization\"},\"image\":{\"@id\":\"https:\/\/progresso.com.br\/index.php\/2026\/04\/28\/ibge-anuncia-primeiro-censo-da-populacao-em-situacao-de-rua-para-2028\/#primaryimage\"},\"thumbnailUrl\":\"https:\/\/progresso.com.br\/wp-content\/uploads\/2026\/04\/0d4a0370.webp\",\"articleSection\":[\"Brasil\",\"Em destaque\"],\"inLanguage\":\"pt-BR\",\"potentialAction\":[{\"@type\":\"CommentAction\",\"name\":\"Comment\",\"target\":[\"https:\/\/progresso.com.br\/index.php\/2026\/04\/28\/ibge-anuncia-primeiro-censo-da-populacao-em-situacao-de-rua-para-2028\/#respond\"]}]},{\"@type\":\"WebPage\",\"@id\":\"https:\/\/progresso.com.br\/index.php\/2026\/04\/28\/ibge-anuncia-primeiro-censo-da-populacao-em-situacao-de-rua-para-2028\/\",\"url\":\"https:\/\/progresso.com.br\/index.php\/2026\/04\/28\/ibge-anuncia-primeiro-censo-da-populacao-em-situacao-de-rua-para-2028\/\",\"name\":\"IBGE anuncia primeiro censo da popula\u00e7\u00e3o em situa\u00e7\u00e3o de rua para 2028 - O PROGRESSO\",\"isPartOf\":{\"@id\":\"https:\/\/progresso.com.br\/#website\"},\"primaryImageOfPage\":{\"@id\":\"https:\/\/progresso.com.br\/index.php\/2026\/04\/28\/ibge-anuncia-primeiro-censo-da-populacao-em-situacao-de-rua-para-2028\/#primaryimage\"},\"image\":{\"@id\":\"https:\/\/progresso.com.br\/index.php\/2026\/04\/28\/ibge-anuncia-primeiro-censo-da-populacao-em-situacao-de-rua-para-2028\/#primaryimage\"},\"thumbnailUrl\":\"https:\/\/progresso.com.br\/wp-content\/uploads\/2026\/04\/0d4a0370.webp\",\"datePublished\":\"2026-04-28T20:30:00+00:00\",\"breadcrumb\":{\"@id\":\"https:\/\/progresso.com.br\/index.php\/2026\/04\/28\/ibge-anuncia-primeiro-censo-da-populacao-em-situacao-de-rua-para-2028\/#breadcrumb\"},\"inLanguage\":\"pt-BR\",\"potentialAction\":[{\"@type\":\"ReadAction\",\"target\":[\"https:\/\/progresso.com.br\/index.php\/2026\/04\/28\/ibge-anuncia-primeiro-censo-da-populacao-em-situacao-de-rua-para-2028\/\"]}]},{\"@type\":\"ImageObject\",\"inLanguage\":\"pt-BR\",\"@id\":\"https:\/\/progresso.com.br\/index.php\/2026\/04\/28\/ibge-anuncia-primeiro-censo-da-populacao-em-situacao-de-rua-para-2028\/#primaryimage\",\"url\":\"https:\/\/progresso.com.br\/wp-content\/uploads\/2026\/04\/0d4a0370.webp\",\"contentUrl\":\"https:\/\/progresso.com.br\/wp-content\/uploads\/2026\/04\/0d4a0370.webp\",\"width\":1170,\"height\":700,\"caption\":\"(Foto: Ant\u00f4nio Cruz\/Ag\u00eancia Brasil)\"},{\"@type\":\"BreadcrumbList\",\"@id\":\"https:\/\/progresso.com.br\/index.php\/2026\/04\/28\/ibge-anuncia-primeiro-censo-da-populacao-em-situacao-de-rua-para-2028\/#breadcrumb\",\"itemListElement\":[{\"@type\":\"ListItem\",\"position\":1,\"name\":\"In\u00edcio\",\"item\":\"https:\/\/progresso.com.br\/\"},{\"@type\":\"ListItem\",\"position\":2,\"name\":\"IBGE anuncia primeiro censo da popula\u00e7\u00e3o em situa\u00e7\u00e3o de rua para 2028\"}]},{\"@type\":\"WebSite\",\"@id\":\"https:\/\/progresso.com.br\/#website\",\"url\":\"https:\/\/progresso.com.br\/\",\"name\":\"O PROGRESSO\",\"description\":\"\",\"publisher\":{\"@id\":\"https:\/\/progresso.com.br\/#organization\"},\"potentialAction\":[{\"@type\":\"SearchAction\",\"target\":{\"@type\":\"EntryPoint\",\"urlTemplate\":\"https:\/\/progresso.com.br\/?s={search_term_string}\"},\"query-input\":{\"@type\":\"PropertyValueSpecification\",\"valueRequired\":true,\"valueName\":\"search_term_string\"}}],\"inLanguage\":\"pt-BR\"},{\"@type\":\"Organization\",\"@id\":\"https:\/\/progresso.com.br\/#organization\",\"name\":\"O PROGRESSO\",\"url\":\"https:\/\/progresso.com.br\/\",\"logo\":{\"@type\":\"ImageObject\",\"inLanguage\":\"pt-BR\",\"@id\":\"https:\/\/progresso.com.br\/#\/schema\/logo\/image\/\",\"url\":\"https:\/\/progresso.com.br\/wp-content\/uploads\/2026\/03\/logo_proog.jpg\",\"contentUrl\":\"https:\/\/progresso.com.br\/wp-content\/uploads\/2026\/03\/logo_proog.jpg\",\"width\":1960,\"height\":1080,\"caption\":\"O PROGRESSO\"},\"image\":{\"@id\":\"https:\/\/progresso.com.br\/#\/schema\/logo\/image\/\"},\"sameAs\":[\"https:\/\/www.facebook.com\/share\/1CeoksKBj6\/\",\"https:\/\/www.instagram.com\/oprogresso_digital\"]},{\"@type\":\"Person\",\"@id\":\"https:\/\/progresso.com.br\/#\/schema\/person\/5dd27138d4463fbbaace62120bfc002b\",\"name\":\"Rose\",\"image\":{\"@type\":\"ImageObject\",\"inLanguage\":\"pt-BR\",\"@id\":\"https:\/\/progresso.com.br\/#\/schema\/person\/image\/\",\"url\":\"https:\/\/secure.gravatar.com\/avatar\/1b6890e759cdd3a88d9f751cb423720b9861c5239167cd3586355638b6556599?s=96&d=mm&r=g\",\"contentUrl\":\"https:\/\/secure.gravatar.com\/avatar\/1b6890e759cdd3a88d9f751cb423720b9861c5239167cd3586355638b6556599?s=96&d=mm&r=g\",\"caption\":\"Rose\"},\"url\":\"https:\/\/progresso.com.br\/index.php\/author\/rose\/\"}]}<\/script>\n<!-- \/ Yoast SEO plugin. -->","yoast_head_json":{"title":"IBGE anuncia primeiro censo da popula\u00e7\u00e3o em situa\u00e7\u00e3o de rua para 2028 - O PROGRESSO","robots":{"index":"index","follow":"follow","max-snippet":"max-snippet:-1","max-image-preview":"max-image-preview:large","max-video-preview":"max-video-preview:-1"},"canonical":"https:\/\/progresso.com.br\/index.php\/2026\/04\/28\/ibge-anuncia-primeiro-censo-da-populacao-em-situacao-de-rua-para-2028\/","og_locale":"pt_BR","og_type":"article","og_title":"IBGE anuncia primeiro censo da popula\u00e7\u00e3o em situa\u00e7\u00e3o de rua para 2028 - O PROGRESSO","og_description":"Dados poder\u00e3o servir de base para transforma\u00e7\u00e3o das pol\u00edticas p\u00fablicas Alana Gandra &#8211; Ag\u00eancia Brasil O Instituto Brasileiro de Geografia e Estat\u00edstica (IBGE) realizar\u00e1, entre 3 e 7 de julho de 2028,&nbsp;o 1\u00ba Censo Nacional da Popula\u00e7\u00e3o em Situa\u00e7\u00e3o de Rua.&nbsp;Os primeiros resultados da pesquisa devem ser divulgados em dezembro de 2028. A iniciativa in\u00e9dita [&hellip;]","og_url":"https:\/\/progresso.com.br\/index.php\/2026\/04\/28\/ibge-anuncia-primeiro-censo-da-populacao-em-situacao-de-rua-para-2028\/","og_site_name":"O PROGRESSO","article_publisher":"https:\/\/www.facebook.com\/share\/1CeoksKBj6\/","article_published_time":"2026-04-28T20:30:00+00:00","og_image":[{"width":1170,"height":700,"url":"https:\/\/progresso.com.br\/wp-content\/uploads\/2026\/04\/0d4a0370.webp","type":"image\/webp"}],"author":"Rose","twitter_card":"summary_large_image","twitter_misc":{"Escrito por":"Rose","Est. tempo de leitura":"4 minutos"},"schema":{"@context":"https:\/\/schema.org","@graph":[{"@type":"Article","@id":"https:\/\/progresso.com.br\/index.php\/2026\/04\/28\/ibge-anuncia-primeiro-censo-da-populacao-em-situacao-de-rua-para-2028\/#article","isPartOf":{"@id":"https:\/\/progresso.com.br\/index.php\/2026\/04\/28\/ibge-anuncia-primeiro-censo-da-populacao-em-situacao-de-rua-para-2028\/"},"author":{"name":"Rose","@id":"https:\/\/progresso.com.br\/#\/schema\/person\/5dd27138d4463fbbaace62120bfc002b"},"headline":"IBGE anuncia primeiro censo da popula\u00e7\u00e3o em situa\u00e7\u00e3o de rua para 2028","datePublished":"2026-04-28T20:30:00+00:00","mainEntityOfPage":{"@id":"https:\/\/progresso.com.br\/index.php\/2026\/04\/28\/ibge-anuncia-primeiro-censo-da-populacao-em-situacao-de-rua-para-2028\/"},"wordCount":600,"commentCount":0,"publisher":{"@id":"https:\/\/progresso.com.br\/#organization"},"image":{"@id":"https:\/\/progresso.com.br\/index.php\/2026\/04\/28\/ibge-anuncia-primeiro-censo-da-populacao-em-situacao-de-rua-para-2028\/#primaryimage"},"thumbnailUrl":"https:\/\/progresso.com.br\/wp-content\/uploads\/2026\/04\/0d4a0370.webp","articleSection":["Brasil","Em destaque"],"inLanguage":"pt-BR","potentialAction":[{"@type":"CommentAction","name":"Comment","target":["https:\/\/progresso.com.br\/index.php\/2026\/04\/28\/ibge-anuncia-primeiro-censo-da-populacao-em-situacao-de-rua-para-2028\/#respond"]}]},{"@type":"WebPage","@id":"https:\/\/progresso.com.br\/index.php\/2026\/04\/28\/ibge-anuncia-primeiro-censo-da-populacao-em-situacao-de-rua-para-2028\/","url":"https:\/\/progresso.com.br\/index.php\/2026\/04\/28\/ibge-anuncia-primeiro-censo-da-populacao-em-situacao-de-rua-para-2028\/","name":"IBGE anuncia primeiro censo da popula\u00e7\u00e3o em situa\u00e7\u00e3o de rua para 2028 - O PROGRESSO","isPartOf":{"@id":"https:\/\/progresso.com.br\/#website"},"primaryImageOfPage":{"@id":"https:\/\/progresso.com.br\/index.php\/2026\/04\/28\/ibge-anuncia-primeiro-censo-da-populacao-em-situacao-de-rua-para-2028\/#primaryimage"},"image":{"@id":"https:\/\/progresso.com.br\/index.php\/2026\/04\/28\/ibge-anuncia-primeiro-censo-da-populacao-em-situacao-de-rua-para-2028\/#primaryimage"},"thumbnailUrl":"https:\/\/progresso.com.br\/wp-content\/uploads\/2026\/04\/0d4a0370.webp","datePublished":"2026-04-28T20:30:00+00:00","breadcrumb":{"@id":"https:\/\/progresso.com.br\/index.php\/2026\/04\/28\/ibge-anuncia-primeiro-censo-da-populacao-em-situacao-de-rua-para-2028\/#breadcrumb"},"inLanguage":"pt-BR","potentialAction":[{"@type":"ReadAction","target":["https:\/\/progresso.com.br\/index.php\/2026\/04\/28\/ibge-anuncia-primeiro-censo-da-populacao-em-situacao-de-rua-para-2028\/"]}]},{"@type":"ImageObject","inLanguage":"pt-BR","@id":"https:\/\/progresso.com.br\/index.php\/2026\/04\/28\/ibge-anuncia-primeiro-censo-da-populacao-em-situacao-de-rua-para-2028\/#primaryimage","url":"https:\/\/progresso.com.br\/wp-content\/uploads\/2026\/04\/0d4a0370.webp","contentUrl":"https:\/\/progresso.com.br\/wp-content\/uploads\/2026\/04\/0d4a0370.webp","width":1170,"height":700,"caption":"(Foto: Ant\u00f4nio Cruz\/Ag\u00eancia Brasil)"},{"@type":"BreadcrumbList","@id":"https:\/\/progresso.com.br\/index.php\/2026\/04\/28\/ibge-anuncia-primeiro-censo-da-populacao-em-situacao-de-rua-para-2028\/#breadcrumb","itemListElement":[{"@type":"ListItem","position":1,"name":"In\u00edcio","item":"https:\/\/progresso.com.br\/"},{"@type":"ListItem","position":2,"name":"IBGE anuncia primeiro censo da popula\u00e7\u00e3o em situa\u00e7\u00e3o de rua para 2028"}]},{"@type":"WebSite","@id":"https:\/\/progresso.com.br\/#website","url":"https:\/\/progresso.com.br\/","name":"O PROGRESSO","description":"","publisher":{"@id":"https:\/\/progresso.com.br\/#organization"},"potentialAction":[{"@type":"SearchAction","target":{"@type":"EntryPoint","urlTemplate":"https:\/\/progresso.com.br\/?s={search_term_string}"},"query-input":{"@type":"PropertyValueSpecification","valueRequired":true,"valueName":"search_term_string"}}],"inLanguage":"pt-BR"},{"@type":"Organization","@id":"https:\/\/progresso.com.br\/#organization","name":"O PROGRESSO","url":"https:\/\/progresso.com.br\/","logo":{"@type":"ImageObject","inLanguage":"pt-BR","@id":"https:\/\/progresso.com.br\/#\/schema\/logo\/image\/","url":"https:\/\/progresso.com.br\/wp-content\/uploads\/2026\/03\/logo_proog.jpg","contentUrl":"https:\/\/progresso.com.br\/wp-content\/uploads\/2026\/03\/logo_proog.jpg","width":1960,"height":1080,"caption":"O PROGRESSO"},"image":{"@id":"https:\/\/progresso.com.br\/#\/schema\/logo\/image\/"},"sameAs":["https:\/\/www.facebook.com\/share\/1CeoksKBj6\/","https:\/\/www.instagram.com\/oprogresso_digital"]},{"@type":"Person","@id":"https:\/\/progresso.com.br\/#\/schema\/person\/5dd27138d4463fbbaace62120bfc002b","name":"Rose","image":{"@type":"ImageObject","inLanguage":"pt-BR","@id":"https:\/\/progresso.com.br\/#\/schema\/person\/image\/","url":"https:\/\/secure.gravatar.com\/avatar\/1b6890e759cdd3a88d9f751cb423720b9861c5239167cd3586355638b6556599?s=96&d=mm&r=g","contentUrl":"https:\/\/secure.gravatar.com\/avatar\/1b6890e759cdd3a88d9f751cb423720b9861c5239167cd3586355638b6556599?s=96&d=mm&r=g","caption":"Rose"},"url":"https:\/\/progresso.com.br\/index.php\/author\/rose\/"}]}},"_links":{"self":[{"href":"https:\/\/progresso.com.br\/index.php\/wp-json\/wp\/v2\/posts\/5035","targetHints":{"allow":["GET"]}}],"collection":[{"href":"https:\/\/progresso.com.br\/index.php\/wp-json\/wp\/v2\/posts"}],"about":[{"href":"https:\/\/progresso.com.br\/index.php\/wp-json\/wp\/v2\/types\/post"}],"author":[{"embeddable":true,"href":"https:\/\/progresso.com.br\/index.php\/wp-json\/wp\/v2\/users\/2"}],"replies":[{"embeddable":true,"href":"https:\/\/progresso.com.br\/index.php\/wp-json\/wp\/v2\/comments?post=5035"}],"version-history":[{"count":1,"href":"https:\/\/progresso.com.br\/index.php\/wp-json\/wp\/v2\/posts\/5035\/revisions"}],"predecessor-version":[{"id":5037,"href":"https:\/\/progresso.com.br\/index.php\/wp-json\/wp\/v2\/posts\/5035\/revisions\/5037"}],"wp:featuredmedia":[{"embeddable":true,"href":"https:\/\/progresso.com.br\/index.php\/wp-json\/wp\/v2\/media\/5036"}],"wp:attachment":[{"href":"https:\/\/progresso.com.br\/index.php\/wp-json\/wp\/v2\/media?parent=5035"}],"wp:term":[{"taxonomy":"category","embeddable":true,"href":"https:\/\/progresso.com.br\/index.php\/wp-json\/wp\/v2\/categories?post=5035"},{"taxonomy":"post_tag","embeddable":true,"href":"https:\/\/progresso.com.br\/index.php\/wp-json\/wp\/v2\/tags?post=5035"}],"curies":[{"name":"wp","href":"https:\/\/api.w.org\/{rel}","templated":true}]}}