{"id":5038,"date":"2026-04-28T17:30:00","date_gmt":"2026-04-28T21:30:00","guid":{"rendered":"https:\/\/progresso.com.br\/?p=5038"},"modified":"2026-04-28T16:37:01","modified_gmt":"2026-04-28T20:37:01","slug":"ms-precisa-se-posicionar-na-rota-bioceanica-diz-professor-de-mba-internacional","status":"publish","type":"post","link":"https:\/\/progresso.com.br\/index.php\/2026\/04\/28\/ms-precisa-se-posicionar-na-rota-bioceanica-diz-professor-de-mba-internacional\/","title":{"rendered":"MS precisa se posicionar na Rota Bioce\u00e2nica, diz professor de MBA Internacional"},"content":{"rendered":"\n<p>A Unigran promoveu, na sexta-feira (24), Aula Magna para apresentar o MBA Internacional em Rotas Bioce\u00e2nicas, reunindo acad\u00eamicos, profissionais e convidados interessados em uma das iniciativas estrat\u00e9gicas de integra\u00e7\u00e3o log\u00edstica da Am\u00e9rica do Sul. O evento contou com palestra do professor mestre Oto Ferreira C\u00e2ndido de Souza, que destacou os impactos econ\u00f4micos e educacionais da nova configura\u00e7\u00e3o regional para Mato Grosso do Sul e para os quatro pa\u00edses envolvidos no corredor: Brasil, Paraguai, Argentina e Chile.<\/p>\n\n\n\n<p>Primeiro curso de p\u00f3s-gradua\u00e7\u00e3o da Am\u00e9rica do Sul voltado exclusivamente ao tema, o MBA Internacional em Rotas Bioce\u00e2nicas \u00e9 ofertado pela Unigran Capital e surge em um momento decisivo para o desenvolvimento regional. A Rota Bioce\u00e2nica conectar\u00e1 o Centro-Oeste brasileiro aos portos do norte chileno, criando uma alternativa log\u00edstica ao Oceano Atl\u00e2ntico e aproximando a produ\u00e7\u00e3o nacional dos mercados asi\u00e1ticos.<\/p>\n\n\n\n<p>Durante a palestra, o professor Oto C\u00e2ndido ressaltou que Mato Grosso do Sul deixa de ocupar apenas a posi\u00e7\u00e3o de estado produtor para assumir protagonismo como plataforma log\u00edstica internacional. \u201cA Rota Bioce\u00e2nica conecta o Brasil ao Paraguai, Argentina e Chile, criando uma sa\u00edda mais direta para o Oceano Pac\u00edfico e aproximando o Centro-Oeste dos mercados asi\u00e1ticos. Mato Grosso do Sul j\u00e1 possui uma posi\u00e7\u00e3o geogr\u00e1fica estrat\u00e9gica e uma base produtiva forte, especialmente no agroneg\u00f3cio, mas o diferencial estar\u00e1 na capacidade de transformar essa vantagem em competitividade. Quem se preparar primeiro tende a capturar melhor as oportunidades que vir\u00e3o com a Rota Bioce\u00e2nica\u201d, afirmou.<\/p>\n\n\n\n<p>Segundo ele, setores como turismo, agroneg\u00f3cio, ind\u00fastria, com\u00e9rcio exterior e servi\u00e7os especializados tendem a ser beneficiados. No caso do agroneg\u00f3cio, o avan\u00e7o log\u00edstico pode potencializar cadeias produtivas de gr\u00e3os, carnes, fibras e celulose, segmentos que j\u00e1 sustentam parte expressiva da economia sul-mato-grossense. Dados do Minist\u00e9rio da Agricultura apontam que o Brasil exportou mais de US$ 166 bilh\u00f5es em produtos do agroneg\u00f3cio em 2025, evidenciando a relev\u00e2ncia estrat\u00e9gica da competitividade log\u00edstica nacional.<\/p>\n\n\n\n<figure class=\"wp-block-image size-large\"><img loading=\"lazy\" decoding=\"async\" width=\"1024\" height=\"683\" src=\"https:\/\/progresso.com.br\/wp-content\/uploads\/2026\/04\/Professor-de-MBA-1024x683.jpg\" alt=\"\" class=\"wp-image-5039\" srcset=\"https:\/\/progresso.com.br\/wp-content\/uploads\/2026\/04\/Professor-de-MBA-1024x683.jpg 1024w, https:\/\/progresso.com.br\/wp-content\/uploads\/2026\/04\/Professor-de-MBA-300x200.jpg 300w, https:\/\/progresso.com.br\/wp-content\/uploads\/2026\/04\/Professor-de-MBA-768x512.jpg 768w, https:\/\/progresso.com.br\/wp-content\/uploads\/2026\/04\/Professor-de-MBA-1536x1024.jpg 1536w, https:\/\/progresso.com.br\/wp-content\/uploads\/2026\/04\/Professor-de-MBA-630x420.jpg 630w, https:\/\/progresso.com.br\/wp-content\/uploads\/2026\/04\/Professor-de-MBA-640x427.jpg 640w, https:\/\/progresso.com.br\/wp-content\/uploads\/2026\/04\/Professor-de-MBA-681x454.jpg 681w, https:\/\/progresso.com.br\/wp-content\/uploads\/2026\/04\/Professor-de-MBA.jpg 1890w\" sizes=\"auto, (max-width: 1024px) 100vw, 1024px\" \/><\/figure>\n\n\n\n<p>O professor destacou tamb\u00e9m o car\u00e1ter imediato da busca por qualifica\u00e7\u00e3o, tendo em vista que a previs\u00e3o de entrega da ponte \u00e9 para agosto deste ano. \u201cA Rota Bioce\u00e2nica n\u00e3o \u00e9 mais uma oportunidade distante: ela j\u00e1 come\u00e7ou. Os movimentos econ\u00f4micos, institucionais e territoriais em torno do corredor j\u00e1 est\u00e3o acontecendo, e Mato Grosso do Sul precisa se posicionar desde agora para aproveitar plenamente esse novo ciclo de desenvolvimento. A ponte sobre o Rio Paraguai, entre Porto Murtinho e Carmelo Peralta, est\u00e1 prevista para agosto de 2026, o que refor\u00e7a ainda mais a necessidade de prepara\u00e7\u00e3o imediata\u201d, alertou.<\/p>\n\n\n\n<p>A coordenadora do MBA, professora Cristiane Viegas, explicou que o curso foi estruturado para formar profissionais aptos a atuar em processos de integra\u00e7\u00e3o econ\u00f4mica, institucional e log\u00edstica. \u201cO aluno desenvolver\u00e1 compet\u00eancias em planejamento log\u00edstico, gest\u00e3o de cadeias internacionais de suprimentos, com\u00e9rcio exterior, sustentabilidade e an\u00e1lise geopol\u00edtica\u201d, destacou.<\/p>\n\n\n\n<p>Com dura\u00e7\u00e3o aproximada de 10 meses e metodologia ativa, a p\u00f3s-gradua\u00e7\u00e3o oferece aulas on-line, estudos de caso e projetos aplicados \u00e0 realidade dos pa\u00edses que integram o corredor bioce\u00e2nico. O p\u00fablico-alvo contempla gestores p\u00fablicos, empres\u00e1rios, profissionais de log\u00edstica, com\u00e9rcio exterior, agroneg\u00f3cio e rec\u00e9m-graduados que buscam inser\u00e7\u00e3o em uma \u00e1rea em expans\u00e3o.<\/p>\n\n\n\n<p>Para o professor Oto, o maior desafio agora \u00e9 transformar potencial geogr\u00e1fico em competitividade concreta. \u201cA rota n\u00e3o vai gerar resultados automaticamente. Ser\u00e1 preciso preparar empresas, produtores, trabalhadores, gestores p\u00fablicos e institui\u00e7\u00f5es para transformar esse corredor em oportunidades concretas de neg\u00f3cios, turismo, exporta\u00e7\u00e3o, industrializa\u00e7\u00e3o e integra\u00e7\u00e3o regional\u201d, pontuou.<\/p>\n\n\n\n<p>As inscri\u00e7\u00f5es para a nova turma est\u00e3o abertas e podem ser realizadas pela p\u00e1gina da <a href=\"https:\/\/materiais.unigran.br\/mba-rotas-bioceanicas#rd-form-joq3m2m5\">p\u00f3s-gradua\u00e7\u00e3o<\/a> (materiais.unigran.br\/mba-rotas-bioceanicas#rd-form-joq3m2m5), no site da Unigran Capital.<\/p>\n","protected":false},"excerpt":{"rendered":"<p>A Unigran promoveu, na sexta-feira (24), Aula Magna para apresentar o MBA Internacional em Rotas Bioce\u00e2nicas, reunindo acad\u00eamicos, profissionais e convidados interessados em uma das iniciativas estrat\u00e9gicas de integra\u00e7\u00e3o log\u00edstica da Am\u00e9rica do Sul. O evento contou com palestra do professor mestre Oto Ferreira C\u00e2ndido de Souza, que destacou os impactos econ\u00f4micos e educacionais da [&hellip;]<\/p>\n","protected":false},"author":2,"featured_media":5040,"comment_status":"open","ping_status":"open","sticky":false,"template":"","format":"standard","meta":{"footnotes":""},"categories":[13,2],"tags":[],"class_list":["post-5038","post","type-post","status-publish","format-standard","has-post-thumbnail","hentry","category-cotidiano","category-destaque"],"yoast_head":"<!-- This site is optimized with the Yoast SEO plugin v27.1.1 - https:\/\/yoast.com\/product\/yoast-seo-wordpress\/ -->\n<title>MS precisa se posicionar na Rota Bioce\u00e2nica, diz professor de MBA Internacional - O PROGRESSO<\/title>\n<meta name=\"robots\" content=\"index, follow, max-snippet:-1, max-image-preview:large, max-video-preview:-1\" \/>\n<link rel=\"canonical\" href=\"https:\/\/progresso.com.br\/index.php\/2026\/04\/28\/ms-precisa-se-posicionar-na-rota-bioceanica-diz-professor-de-mba-internacional\/\" \/>\n<meta property=\"og:locale\" content=\"pt_BR\" \/>\n<meta property=\"og:type\" content=\"article\" \/>\n<meta property=\"og:title\" content=\"MS precisa se posicionar na Rota Bioce\u00e2nica, diz professor de MBA Internacional - O PROGRESSO\" \/>\n<meta property=\"og:description\" content=\"A Unigran promoveu, na sexta-feira (24), Aula Magna para apresentar o MBA Internacional em Rotas Bioce\u00e2nicas, reunindo acad\u00eamicos, profissionais e convidados interessados em uma das iniciativas estrat\u00e9gicas de integra\u00e7\u00e3o log\u00edstica da Am\u00e9rica do Sul. O evento contou com palestra do professor mestre Oto Ferreira C\u00e2ndido de Souza, que destacou os impactos econ\u00f4micos e educacionais da [&hellip;]\" \/>\n<meta property=\"og:url\" content=\"https:\/\/progresso.com.br\/index.php\/2026\/04\/28\/ms-precisa-se-posicionar-na-rota-bioceanica-diz-professor-de-mba-internacional\/\" \/>\n<meta property=\"og:site_name\" content=\"O PROGRESSO\" \/>\n<meta property=\"article:publisher\" content=\"https:\/\/www.facebook.com\/share\/1CeoksKBj6\/\" \/>\n<meta property=\"article:published_time\" content=\"2026-04-28T21:30:00+00:00\" \/>\n<meta property=\"og:image\" content=\"https:\/\/progresso.com.br\/wp-content\/uploads\/2026\/04\/Professor-de-MBA-01.jpg\" \/>\n\t<meta property=\"og:image:width\" content=\"1890\" \/>\n\t<meta property=\"og:image:height\" content=\"1260\" \/>\n\t<meta property=\"og:image:type\" content=\"image\/jpeg\" \/>\n<meta name=\"author\" content=\"Rose\" \/>\n<meta name=\"twitter:card\" content=\"summary_large_image\" \/>\n<meta name=\"twitter:label1\" content=\"Escrito por\" \/>\n\t<meta name=\"twitter:data1\" content=\"Rose\" \/>\n\t<meta name=\"twitter:label2\" content=\"Est. tempo de leitura\" \/>\n\t<meta name=\"twitter:data2\" content=\"4 minutos\" \/>\n<script type=\"application\/ld+json\" class=\"yoast-schema-graph\">{\"@context\":\"https:\/\/schema.org\",\"@graph\":[{\"@type\":\"Article\",\"@id\":\"https:\/\/progresso.com.br\/index.php\/2026\/04\/28\/ms-precisa-se-posicionar-na-rota-bioceanica-diz-professor-de-mba-internacional\/#article\",\"isPartOf\":{\"@id\":\"https:\/\/progresso.com.br\/index.php\/2026\/04\/28\/ms-precisa-se-posicionar-na-rota-bioceanica-diz-professor-de-mba-internacional\/\"},\"author\":{\"name\":\"Rose\",\"@id\":\"https:\/\/progresso.com.br\/#\/schema\/person\/5dd27138d4463fbbaace62120bfc002b\"},\"headline\":\"MS precisa se posicionar na Rota Bioce\u00e2nica, diz professor de MBA Internacional\",\"datePublished\":\"2026-04-28T21:30:00+00:00\",\"mainEntityOfPage\":{\"@id\":\"https:\/\/progresso.com.br\/index.php\/2026\/04\/28\/ms-precisa-se-posicionar-na-rota-bioceanica-diz-professor-de-mba-internacional\/\"},\"wordCount\":678,\"commentCount\":0,\"publisher\":{\"@id\":\"https:\/\/progresso.com.br\/#organization\"},\"image\":{\"@id\":\"https:\/\/progresso.com.br\/index.php\/2026\/04\/28\/ms-precisa-se-posicionar-na-rota-bioceanica-diz-professor-de-mba-internacional\/#primaryimage\"},\"thumbnailUrl\":\"https:\/\/progresso.com.br\/wp-content\/uploads\/2026\/04\/Professor-de-MBA-01.jpg\",\"articleSection\":[\"Cotidiano\",\"Em destaque\"],\"inLanguage\":\"pt-BR\",\"potentialAction\":[{\"@type\":\"CommentAction\",\"name\":\"Comment\",\"target\":[\"https:\/\/progresso.com.br\/index.php\/2026\/04\/28\/ms-precisa-se-posicionar-na-rota-bioceanica-diz-professor-de-mba-internacional\/#respond\"]}]},{\"@type\":\"WebPage\",\"@id\":\"https:\/\/progresso.com.br\/index.php\/2026\/04\/28\/ms-precisa-se-posicionar-na-rota-bioceanica-diz-professor-de-mba-internacional\/\",\"url\":\"https:\/\/progresso.com.br\/index.php\/2026\/04\/28\/ms-precisa-se-posicionar-na-rota-bioceanica-diz-professor-de-mba-internacional\/\",\"name\":\"MS precisa se posicionar na Rota Bioce\u00e2nica, diz professor de MBA Internacional - O PROGRESSO\",\"isPartOf\":{\"@id\":\"https:\/\/progresso.com.br\/#website\"},\"primaryImageOfPage\":{\"@id\":\"https:\/\/progresso.com.br\/index.php\/2026\/04\/28\/ms-precisa-se-posicionar-na-rota-bioceanica-diz-professor-de-mba-internacional\/#primaryimage\"},\"image\":{\"@id\":\"https:\/\/progresso.com.br\/index.php\/2026\/04\/28\/ms-precisa-se-posicionar-na-rota-bioceanica-diz-professor-de-mba-internacional\/#primaryimage\"},\"thumbnailUrl\":\"https:\/\/progresso.com.br\/wp-content\/uploads\/2026\/04\/Professor-de-MBA-01.jpg\",\"datePublished\":\"2026-04-28T21:30:00+00:00\",\"breadcrumb\":{\"@id\":\"https:\/\/progresso.com.br\/index.php\/2026\/04\/28\/ms-precisa-se-posicionar-na-rota-bioceanica-diz-professor-de-mba-internacional\/#breadcrumb\"},\"inLanguage\":\"pt-BR\",\"potentialAction\":[{\"@type\":\"ReadAction\",\"target\":[\"https:\/\/progresso.com.br\/index.php\/2026\/04\/28\/ms-precisa-se-posicionar-na-rota-bioceanica-diz-professor-de-mba-internacional\/\"]}]},{\"@type\":\"ImageObject\",\"inLanguage\":\"pt-BR\",\"@id\":\"https:\/\/progresso.com.br\/index.php\/2026\/04\/28\/ms-precisa-se-posicionar-na-rota-bioceanica-diz-professor-de-mba-internacional\/#primaryimage\",\"url\":\"https:\/\/progresso.com.br\/wp-content\/uploads\/2026\/04\/Professor-de-MBA-01.jpg\",\"contentUrl\":\"https:\/\/progresso.com.br\/wp-content\/uploads\/2026\/04\/Professor-de-MBA-01.jpg\",\"width\":1890,\"height\":1260,\"caption\":\"(Fotos: Divulga\u00e7\u00e3o)\"},{\"@type\":\"BreadcrumbList\",\"@id\":\"https:\/\/progresso.com.br\/index.php\/2026\/04\/28\/ms-precisa-se-posicionar-na-rota-bioceanica-diz-professor-de-mba-internacional\/#breadcrumb\",\"itemListElement\":[{\"@type\":\"ListItem\",\"position\":1,\"name\":\"In\u00edcio\",\"item\":\"https:\/\/progresso.com.br\/\"},{\"@type\":\"ListItem\",\"position\":2,\"name\":\"MS precisa se posicionar na Rota Bioce\u00e2nica, diz professor de MBA Internacional\"}]},{\"@type\":\"WebSite\",\"@id\":\"https:\/\/progresso.com.br\/#website\",\"url\":\"https:\/\/progresso.com.br\/\",\"name\":\"O PROGRESSO\",\"description\":\"\",\"publisher\":{\"@id\":\"https:\/\/progresso.com.br\/#organization\"},\"potentialAction\":[{\"@type\":\"SearchAction\",\"target\":{\"@type\":\"EntryPoint\",\"urlTemplate\":\"https:\/\/progresso.com.br\/?s={search_term_string}\"},\"query-input\":{\"@type\":\"PropertyValueSpecification\",\"valueRequired\":true,\"valueName\":\"search_term_string\"}}],\"inLanguage\":\"pt-BR\"},{\"@type\":\"Organization\",\"@id\":\"https:\/\/progresso.com.br\/#organization\",\"name\":\"O PROGRESSO\",\"url\":\"https:\/\/progresso.com.br\/\",\"logo\":{\"@type\":\"ImageObject\",\"inLanguage\":\"pt-BR\",\"@id\":\"https:\/\/progresso.com.br\/#\/schema\/logo\/image\/\",\"url\":\"https:\/\/progresso.com.br\/wp-content\/uploads\/2026\/03\/logo_proog.jpg\",\"contentUrl\":\"https:\/\/progresso.com.br\/wp-content\/uploads\/2026\/03\/logo_proog.jpg\",\"width\":1960,\"height\":1080,\"caption\":\"O PROGRESSO\"},\"image\":{\"@id\":\"https:\/\/progresso.com.br\/#\/schema\/logo\/image\/\"},\"sameAs\":[\"https:\/\/www.facebook.com\/share\/1CeoksKBj6\/\",\"https:\/\/www.instagram.com\/oprogresso_digital\"]},{\"@type\":\"Person\",\"@id\":\"https:\/\/progresso.com.br\/#\/schema\/person\/5dd27138d4463fbbaace62120bfc002b\",\"name\":\"Rose\",\"image\":{\"@type\":\"ImageObject\",\"inLanguage\":\"pt-BR\",\"@id\":\"https:\/\/progresso.com.br\/#\/schema\/person\/image\/\",\"url\":\"https:\/\/secure.gravatar.com\/avatar\/1b6890e759cdd3a88d9f751cb423720b9861c5239167cd3586355638b6556599?s=96&d=mm&r=g\",\"contentUrl\":\"https:\/\/secure.gravatar.com\/avatar\/1b6890e759cdd3a88d9f751cb423720b9861c5239167cd3586355638b6556599?s=96&d=mm&r=g\",\"caption\":\"Rose\"},\"url\":\"https:\/\/progresso.com.br\/index.php\/author\/rose\/\"}]}<\/script>\n<!-- \/ Yoast SEO plugin. -->","yoast_head_json":{"title":"MS precisa se posicionar na Rota Bioce\u00e2nica, diz professor de MBA Internacional - O PROGRESSO","robots":{"index":"index","follow":"follow","max-snippet":"max-snippet:-1","max-image-preview":"max-image-preview:large","max-video-preview":"max-video-preview:-1"},"canonical":"https:\/\/progresso.com.br\/index.php\/2026\/04\/28\/ms-precisa-se-posicionar-na-rota-bioceanica-diz-professor-de-mba-internacional\/","og_locale":"pt_BR","og_type":"article","og_title":"MS precisa se posicionar na Rota Bioce\u00e2nica, diz professor de MBA Internacional - O PROGRESSO","og_description":"A Unigran promoveu, na sexta-feira (24), Aula Magna para apresentar o MBA Internacional em Rotas Bioce\u00e2nicas, reunindo acad\u00eamicos, profissionais e convidados interessados em uma das iniciativas estrat\u00e9gicas de integra\u00e7\u00e3o log\u00edstica da Am\u00e9rica do Sul. O evento contou com palestra do professor mestre Oto Ferreira C\u00e2ndido de Souza, que destacou os impactos econ\u00f4micos e educacionais da [&hellip;]","og_url":"https:\/\/progresso.com.br\/index.php\/2026\/04\/28\/ms-precisa-se-posicionar-na-rota-bioceanica-diz-professor-de-mba-internacional\/","og_site_name":"O PROGRESSO","article_publisher":"https:\/\/www.facebook.com\/share\/1CeoksKBj6\/","article_published_time":"2026-04-28T21:30:00+00:00","og_image":[{"width":1890,"height":1260,"url":"https:\/\/progresso.com.br\/wp-content\/uploads\/2026\/04\/Professor-de-MBA-01.jpg","type":"image\/jpeg"}],"author":"Rose","twitter_card":"summary_large_image","twitter_misc":{"Escrito por":"Rose","Est. tempo de leitura":"4 minutos"},"schema":{"@context":"https:\/\/schema.org","@graph":[{"@type":"Article","@id":"https:\/\/progresso.com.br\/index.php\/2026\/04\/28\/ms-precisa-se-posicionar-na-rota-bioceanica-diz-professor-de-mba-internacional\/#article","isPartOf":{"@id":"https:\/\/progresso.com.br\/index.php\/2026\/04\/28\/ms-precisa-se-posicionar-na-rota-bioceanica-diz-professor-de-mba-internacional\/"},"author":{"name":"Rose","@id":"https:\/\/progresso.com.br\/#\/schema\/person\/5dd27138d4463fbbaace62120bfc002b"},"headline":"MS precisa se posicionar na Rota Bioce\u00e2nica, diz professor de MBA Internacional","datePublished":"2026-04-28T21:30:00+00:00","mainEntityOfPage":{"@id":"https:\/\/progresso.com.br\/index.php\/2026\/04\/28\/ms-precisa-se-posicionar-na-rota-bioceanica-diz-professor-de-mba-internacional\/"},"wordCount":678,"commentCount":0,"publisher":{"@id":"https:\/\/progresso.com.br\/#organization"},"image":{"@id":"https:\/\/progresso.com.br\/index.php\/2026\/04\/28\/ms-precisa-se-posicionar-na-rota-bioceanica-diz-professor-de-mba-internacional\/#primaryimage"},"thumbnailUrl":"https:\/\/progresso.com.br\/wp-content\/uploads\/2026\/04\/Professor-de-MBA-01.jpg","articleSection":["Cotidiano","Em destaque"],"inLanguage":"pt-BR","potentialAction":[{"@type":"CommentAction","name":"Comment","target":["https:\/\/progresso.com.br\/index.php\/2026\/04\/28\/ms-precisa-se-posicionar-na-rota-bioceanica-diz-professor-de-mba-internacional\/#respond"]}]},{"@type":"WebPage","@id":"https:\/\/progresso.com.br\/index.php\/2026\/04\/28\/ms-precisa-se-posicionar-na-rota-bioceanica-diz-professor-de-mba-internacional\/","url":"https:\/\/progresso.com.br\/index.php\/2026\/04\/28\/ms-precisa-se-posicionar-na-rota-bioceanica-diz-professor-de-mba-internacional\/","name":"MS precisa se posicionar na Rota Bioce\u00e2nica, diz professor de MBA Internacional - O PROGRESSO","isPartOf":{"@id":"https:\/\/progresso.com.br\/#website"},"primaryImageOfPage":{"@id":"https:\/\/progresso.com.br\/index.php\/2026\/04\/28\/ms-precisa-se-posicionar-na-rota-bioceanica-diz-professor-de-mba-internacional\/#primaryimage"},"image":{"@id":"https:\/\/progresso.com.br\/index.php\/2026\/04\/28\/ms-precisa-se-posicionar-na-rota-bioceanica-diz-professor-de-mba-internacional\/#primaryimage"},"thumbnailUrl":"https:\/\/progresso.com.br\/wp-content\/uploads\/2026\/04\/Professor-de-MBA-01.jpg","datePublished":"2026-04-28T21:30:00+00:00","breadcrumb":{"@id":"https:\/\/progresso.com.br\/index.php\/2026\/04\/28\/ms-precisa-se-posicionar-na-rota-bioceanica-diz-professor-de-mba-internacional\/#breadcrumb"},"inLanguage":"pt-BR","potentialAction":[{"@type":"ReadAction","target":["https:\/\/progresso.com.br\/index.php\/2026\/04\/28\/ms-precisa-se-posicionar-na-rota-bioceanica-diz-professor-de-mba-internacional\/"]}]},{"@type":"ImageObject","inLanguage":"pt-BR","@id":"https:\/\/progresso.com.br\/index.php\/2026\/04\/28\/ms-precisa-se-posicionar-na-rota-bioceanica-diz-professor-de-mba-internacional\/#primaryimage","url":"https:\/\/progresso.com.br\/wp-content\/uploads\/2026\/04\/Professor-de-MBA-01.jpg","contentUrl":"https:\/\/progresso.com.br\/wp-content\/uploads\/2026\/04\/Professor-de-MBA-01.jpg","width":1890,"height":1260,"caption":"(Fotos: Divulga\u00e7\u00e3o)"},{"@type":"BreadcrumbList","@id":"https:\/\/progresso.com.br\/index.php\/2026\/04\/28\/ms-precisa-se-posicionar-na-rota-bioceanica-diz-professor-de-mba-internacional\/#breadcrumb","itemListElement":[{"@type":"ListItem","position":1,"name":"In\u00edcio","item":"https:\/\/progresso.com.br\/"},{"@type":"ListItem","position":2,"name":"MS precisa se posicionar na Rota Bioce\u00e2nica, diz professor de MBA Internacional"}]},{"@type":"WebSite","@id":"https:\/\/progresso.com.br\/#website","url":"https:\/\/progresso.com.br\/","name":"O PROGRESSO","description":"","publisher":{"@id":"https:\/\/progresso.com.br\/#organization"},"potentialAction":[{"@type":"SearchAction","target":{"@type":"EntryPoint","urlTemplate":"https:\/\/progresso.com.br\/?s={search_term_string}"},"query-input":{"@type":"PropertyValueSpecification","valueRequired":true,"valueName":"search_term_string"}}],"inLanguage":"pt-BR"},{"@type":"Organization","@id":"https:\/\/progresso.com.br\/#organization","name":"O PROGRESSO","url":"https:\/\/progresso.com.br\/","logo":{"@type":"ImageObject","inLanguage":"pt-BR","@id":"https:\/\/progresso.com.br\/#\/schema\/logo\/image\/","url":"https:\/\/progresso.com.br\/wp-content\/uploads\/2026\/03\/logo_proog.jpg","contentUrl":"https:\/\/progresso.com.br\/wp-content\/uploads\/2026\/03\/logo_proog.jpg","width":1960,"height":1080,"caption":"O PROGRESSO"},"image":{"@id":"https:\/\/progresso.com.br\/#\/schema\/logo\/image\/"},"sameAs":["https:\/\/www.facebook.com\/share\/1CeoksKBj6\/","https:\/\/www.instagram.com\/oprogresso_digital"]},{"@type":"Person","@id":"https:\/\/progresso.com.br\/#\/schema\/person\/5dd27138d4463fbbaace62120bfc002b","name":"Rose","image":{"@type":"ImageObject","inLanguage":"pt-BR","@id":"https:\/\/progresso.com.br\/#\/schema\/person\/image\/","url":"https:\/\/secure.gravatar.com\/avatar\/1b6890e759cdd3a88d9f751cb423720b9861c5239167cd3586355638b6556599?s=96&d=mm&r=g","contentUrl":"https:\/\/secure.gravatar.com\/avatar\/1b6890e759cdd3a88d9f751cb423720b9861c5239167cd3586355638b6556599?s=96&d=mm&r=g","caption":"Rose"},"url":"https:\/\/progresso.com.br\/index.php\/author\/rose\/"}]}},"_links":{"self":[{"href":"https:\/\/progresso.com.br\/index.php\/wp-json\/wp\/v2\/posts\/5038","targetHints":{"allow":["GET"]}}],"collection":[{"href":"https:\/\/progresso.com.br\/index.php\/wp-json\/wp\/v2\/posts"}],"about":[{"href":"https:\/\/progresso.com.br\/index.php\/wp-json\/wp\/v2\/types\/post"}],"author":[{"embeddable":true,"href":"https:\/\/progresso.com.br\/index.php\/wp-json\/wp\/v2\/users\/2"}],"replies":[{"embeddable":true,"href":"https:\/\/progresso.com.br\/index.php\/wp-json\/wp\/v2\/comments?post=5038"}],"version-history":[{"count":1,"href":"https:\/\/progresso.com.br\/index.php\/wp-json\/wp\/v2\/posts\/5038\/revisions"}],"predecessor-version":[{"id":5041,"href":"https:\/\/progresso.com.br\/index.php\/wp-json\/wp\/v2\/posts\/5038\/revisions\/5041"}],"wp:featuredmedia":[{"embeddable":true,"href":"https:\/\/progresso.com.br\/index.php\/wp-json\/wp\/v2\/media\/5040"}],"wp:attachment":[{"href":"https:\/\/progresso.com.br\/index.php\/wp-json\/wp\/v2\/media?parent=5038"}],"wp:term":[{"taxonomy":"category","embeddable":true,"href":"https:\/\/progresso.com.br\/index.php\/wp-json\/wp\/v2\/categories?post=5038"},{"taxonomy":"post_tag","embeddable":true,"href":"https:\/\/progresso.com.br\/index.php\/wp-json\/wp\/v2\/tags?post=5038"}],"curies":[{"name":"wp","href":"https:\/\/api.w.org\/{rel}","templated":true}]}}