{"id":5043,"date":"2026-04-28T18:58:14","date_gmt":"2026-04-28T22:58:14","guid":{"rendered":"https:\/\/progresso.com.br\/?p=5043"},"modified":"2026-04-28T18:58:15","modified_gmt":"2026-04-28T22:58:15","slug":"familia-brasileira-morta-por-israel-buscava-pertences-no-sul-do-libano","status":"publish","type":"post","link":"https:\/\/progresso.com.br\/index.php\/2026\/04\/28\/familia-brasileira-morta-por-israel-buscava-pertences-no-sul-do-libano\/","title":{"rendered":"Fam\u00edlia brasileira morta por Israel buscava pertences no Sul do L\u00edbano"},"content":{"rendered":"\n<p><em>Lucas Pordeus Le\u00f3n, da Ag\u00eancia Brasil<\/em><\/p>\n\n\n\n<p><strong>A fam\u00edlia brasileira-libanesa assassinada por Israel no Sul do L\u00edbano buscava roupas e pertences na casa onde vivia,&nbsp;em Burj Qalowayh, no distrito de Bint Jbeil,&nbsp;quando a resid\u00eancia foi&nbsp;<a href=\"https:\/\/agenciabrasil.ebc.com.br\/internacional\/noticia\/2026-04\/mae-e-crianca-brasileiras-morrem-no-libano-apos-ataques-de-israel\" target=\"_blank\" rel=\"noreferrer noopener\">bombardeada<\/a>.<\/strong>&nbsp;At\u00e9 o momento, os corpos n\u00e3o foram encontrados nos escombros da casa, que ficou totalmente destru\u00edda.<img decoding=\"async\" src=\"https:\/\/agenciabrasil.ebc.com.br\/ebc.png?id=1687534&amp;o=node\"><img decoding=\"async\" src=\"https:\/\/agenciabrasil.ebc.com.br\/ebc.gif?id=1687534&amp;o=node\"><\/p>\n\n\n\n<p><strong>Morreram no ataque a brasileira Manal Jaafar, de 47 anos;&nbsp;o filho Ali Ghassan Nader, de 11 anos;&nbsp;e o pai do garoto, o liban\u00eas Ghassan Nader, de 57 anos.<\/strong>&nbsp;Eles haviam deixado a resid\u00eancia, \u00e0s pressas, no in\u00edcio da atual fase do conflito, em 2 de mar\u00e7o, e se refugiado em Beirute, a capital do pa\u00eds.<\/p>\n\n\n\n<p>Com o cessar-fogo anunciado em 16 de abril, a fam\u00edlia decidiu voltar para Bint Jbel a fim de pegar mais roupas e juntar outros pertences, antes de voltar novamente a&nbsp;Beirute. Eles haviam chegado ao Sul do L\u00edbano no \u00faltimo s\u00e1bado (25).<\/p>\n\n\n\n<p><strong>Irm\u00e3o mais novo de Ghassan, o liban\u00eas-brasileiro Bilal Nader, de 43 anos, que vive em Foz do Igua\u00e7u (PR), contou que ele planejava voltar no mesmo dia, mas acabou dormindo na casa para voltar no domingo (26), quando ocorreu o bombardeio.<\/strong><\/p>\n","protected":false},"excerpt":{"rendered":"<p>Lucas Pordeus Le\u00f3n, da Ag\u00eancia Brasil A fam\u00edlia brasileira-libanesa assassinada por Israel no Sul do L\u00edbano buscava roupas e pertences na casa onde vivia,&nbsp;em Burj Qalowayh, no distrito de Bint Jbeil,&nbsp;quando a resid\u00eancia foi&nbsp;bombardeada.&nbsp;At\u00e9 o momento, os corpos n\u00e3o foram encontrados nos escombros da casa, que ficou totalmente destru\u00edda. Morreram no ataque a brasileira Manal [&hellip;]<\/p>\n","protected":false},"author":3,"featured_media":5044,"comment_status":"open","ping_status":"open","sticky":false,"template":"","format":"standard","meta":{"footnotes":""},"categories":[7],"tags":[],"class_list":["post-5043","post","type-post","status-publish","format-standard","has-post-thumbnail","hentry","category-internacional"],"yoast_head":"<!-- This site is optimized with the Yoast SEO plugin v27.1.1 - https:\/\/yoast.com\/product\/yoast-seo-wordpress\/ -->\n<title>Fam\u00edlia brasileira morta por Israel buscava pertences no Sul do L\u00edbano - O PROGRESSO<\/title>\n<meta name=\"robots\" content=\"index, follow, max-snippet:-1, max-image-preview:large, max-video-preview:-1\" \/>\n<link rel=\"canonical\" href=\"https:\/\/progresso.com.br\/index.php\/2026\/04\/28\/familia-brasileira-morta-por-israel-buscava-pertences-no-sul-do-libano\/\" \/>\n<meta property=\"og:locale\" content=\"pt_BR\" \/>\n<meta property=\"og:type\" content=\"article\" \/>\n<meta property=\"og:title\" content=\"Fam\u00edlia brasileira morta por Israel buscava pertences no Sul do L\u00edbano - O PROGRESSO\" \/>\n<meta property=\"og:description\" content=\"Lucas Pordeus Le\u00f3n, da Ag\u00eancia Brasil A fam\u00edlia brasileira-libanesa assassinada por Israel no Sul do L\u00edbano buscava roupas e pertences na casa onde vivia,&nbsp;em Burj Qalowayh, no distrito de Bint Jbeil,&nbsp;quando a resid\u00eancia foi&nbsp;bombardeada.&nbsp;At\u00e9 o momento, os corpos n\u00e3o foram encontrados nos escombros da casa, que ficou totalmente destru\u00edda. Morreram no ataque a brasileira Manal [&hellip;]\" \/>\n<meta property=\"og:url\" content=\"https:\/\/progresso.com.br\/index.php\/2026\/04\/28\/familia-brasileira-morta-por-israel-buscava-pertences-no-sul-do-libano\/\" \/>\n<meta property=\"og:site_name\" content=\"O PROGRESSO\" \/>\n<meta property=\"article:publisher\" content=\"https:\/\/www.facebook.com\/share\/1CeoksKBj6\/\" \/>\n<meta property=\"article:published_time\" content=\"2026-04-28T22:58:14+00:00\" \/>\n<meta property=\"article:modified_time\" content=\"2026-04-28T22:58:15+00:00\" \/>\n<meta property=\"og:image\" content=\"https:\/\/progresso.com.br\/wp-content\/uploads\/2026\/04\/libano-familia.webp\" \/>\n\t<meta property=\"og:image:width\" content=\"1170\" \/>\n\t<meta property=\"og:image:height\" content=\"700\" \/>\n\t<meta property=\"og:image:type\" content=\"image\/webp\" \/>\n<meta name=\"author\" content=\"Alfredo\" \/>\n<meta name=\"twitter:card\" content=\"summary_large_image\" \/>\n<meta name=\"twitter:label1\" content=\"Escrito por\" \/>\n\t<meta name=\"twitter:data1\" content=\"Alfredo\" \/>\n\t<meta name=\"twitter:label2\" content=\"Est. tempo de leitura\" \/>\n\t<meta name=\"twitter:data2\" content=\"2 minutos\" \/>\n<script type=\"application\/ld+json\" class=\"yoast-schema-graph\">{\"@context\":\"https:\/\/schema.org\",\"@graph\":[{\"@type\":\"Article\",\"@id\":\"https:\/\/progresso.com.br\/index.php\/2026\/04\/28\/familia-brasileira-morta-por-israel-buscava-pertences-no-sul-do-libano\/#article\",\"isPartOf\":{\"@id\":\"https:\/\/progresso.com.br\/index.php\/2026\/04\/28\/familia-brasileira-morta-por-israel-buscava-pertences-no-sul-do-libano\/\"},\"author\":{\"name\":\"Alfredo\",\"@id\":\"https:\/\/progresso.com.br\/#\/schema\/person\/b7390ac97c5e156cc2e02aa8e88f1bf2\"},\"headline\":\"Fam\u00edlia brasileira morta por Israel buscava pertences no Sul do L\u00edbano\",\"datePublished\":\"2026-04-28T22:58:14+00:00\",\"dateModified\":\"2026-04-28T22:58:15+00:00\",\"mainEntityOfPage\":{\"@id\":\"https:\/\/progresso.com.br\/index.php\/2026\/04\/28\/familia-brasileira-morta-por-israel-buscava-pertences-no-sul-do-libano\/\"},\"wordCount\":224,\"commentCount\":0,\"publisher\":{\"@id\":\"https:\/\/progresso.com.br\/#organization\"},\"image\":{\"@id\":\"https:\/\/progresso.com.br\/index.php\/2026\/04\/28\/familia-brasileira-morta-por-israel-buscava-pertences-no-sul-do-libano\/#primaryimage\"},\"thumbnailUrl\":\"https:\/\/progresso.com.br\/wp-content\/uploads\/2026\/04\/libano-familia.webp\",\"articleSection\":[\"Internacional\"],\"inLanguage\":\"pt-BR\",\"potentialAction\":[{\"@type\":\"CommentAction\",\"name\":\"Comment\",\"target\":[\"https:\/\/progresso.com.br\/index.php\/2026\/04\/28\/familia-brasileira-morta-por-israel-buscava-pertences-no-sul-do-libano\/#respond\"]}]},{\"@type\":\"WebPage\",\"@id\":\"https:\/\/progresso.com.br\/index.php\/2026\/04\/28\/familia-brasileira-morta-por-israel-buscava-pertences-no-sul-do-libano\/\",\"url\":\"https:\/\/progresso.com.br\/index.php\/2026\/04\/28\/familia-brasileira-morta-por-israel-buscava-pertences-no-sul-do-libano\/\",\"name\":\"Fam\u00edlia brasileira morta por Israel buscava pertences no Sul do L\u00edbano - O PROGRESSO\",\"isPartOf\":{\"@id\":\"https:\/\/progresso.com.br\/#website\"},\"primaryImageOfPage\":{\"@id\":\"https:\/\/progresso.com.br\/index.php\/2026\/04\/28\/familia-brasileira-morta-por-israel-buscava-pertences-no-sul-do-libano\/#primaryimage\"},\"image\":{\"@id\":\"https:\/\/progresso.com.br\/index.php\/2026\/04\/28\/familia-brasileira-morta-por-israel-buscava-pertences-no-sul-do-libano\/#primaryimage\"},\"thumbnailUrl\":\"https:\/\/progresso.com.br\/wp-content\/uploads\/2026\/04\/libano-familia.webp\",\"datePublished\":\"2026-04-28T22:58:14+00:00\",\"dateModified\":\"2026-04-28T22:58:15+00:00\",\"breadcrumb\":{\"@id\":\"https:\/\/progresso.com.br\/index.php\/2026\/04\/28\/familia-brasileira-morta-por-israel-buscava-pertences-no-sul-do-libano\/#breadcrumb\"},\"inLanguage\":\"pt-BR\",\"potentialAction\":[{\"@type\":\"ReadAction\",\"target\":[\"https:\/\/progresso.com.br\/index.php\/2026\/04\/28\/familia-brasileira-morta-por-israel-buscava-pertences-no-sul-do-libano\/\"]}]},{\"@type\":\"ImageObject\",\"inLanguage\":\"pt-BR\",\"@id\":\"https:\/\/progresso.com.br\/index.php\/2026\/04\/28\/familia-brasileira-morta-por-israel-buscava-pertences-no-sul-do-libano\/#primaryimage\",\"url\":\"https:\/\/progresso.com.br\/wp-content\/uploads\/2026\/04\/libano-familia.webp\",\"contentUrl\":\"https:\/\/progresso.com.br\/wp-content\/uploads\/2026\/04\/libano-familia.webp\",\"width\":1170,\"height\":700,\"caption\":\"Corpos ainda n\u00e3o foram encontrados nos escombros da casa bombardeada. (Foto: Manal Jaafar\/Arquivo Pessoal)\"},{\"@type\":\"BreadcrumbList\",\"@id\":\"https:\/\/progresso.com.br\/index.php\/2026\/04\/28\/familia-brasileira-morta-por-israel-buscava-pertences-no-sul-do-libano\/#breadcrumb\",\"itemListElement\":[{\"@type\":\"ListItem\",\"position\":1,\"name\":\"In\u00edcio\",\"item\":\"https:\/\/progresso.com.br\/\"},{\"@type\":\"ListItem\",\"position\":2,\"name\":\"Fam\u00edlia brasileira morta por Israel buscava pertences no Sul do L\u00edbano\"}]},{\"@type\":\"WebSite\",\"@id\":\"https:\/\/progresso.com.br\/#website\",\"url\":\"https:\/\/progresso.com.br\/\",\"name\":\"O PROGRESSO\",\"description\":\"\",\"publisher\":{\"@id\":\"https:\/\/progresso.com.br\/#organization\"},\"potentialAction\":[{\"@type\":\"SearchAction\",\"target\":{\"@type\":\"EntryPoint\",\"urlTemplate\":\"https:\/\/progresso.com.br\/?s={search_term_string}\"},\"query-input\":{\"@type\":\"PropertyValueSpecification\",\"valueRequired\":true,\"valueName\":\"search_term_string\"}}],\"inLanguage\":\"pt-BR\"},{\"@type\":\"Organization\",\"@id\":\"https:\/\/progresso.com.br\/#organization\",\"name\":\"O PROGRESSO\",\"url\":\"https:\/\/progresso.com.br\/\",\"logo\":{\"@type\":\"ImageObject\",\"inLanguage\":\"pt-BR\",\"@id\":\"https:\/\/progresso.com.br\/#\/schema\/logo\/image\/\",\"url\":\"https:\/\/progresso.com.br\/wp-content\/uploads\/2026\/03\/logo_proog.jpg\",\"contentUrl\":\"https:\/\/progresso.com.br\/wp-content\/uploads\/2026\/03\/logo_proog.jpg\",\"width\":1960,\"height\":1080,\"caption\":\"O PROGRESSO\"},\"image\":{\"@id\":\"https:\/\/progresso.com.br\/#\/schema\/logo\/image\/\"},\"sameAs\":[\"https:\/\/www.facebook.com\/share\/1CeoksKBj6\/\",\"https:\/\/www.instagram.com\/oprogresso_digital\"]},{\"@type\":\"Person\",\"@id\":\"https:\/\/progresso.com.br\/#\/schema\/person\/b7390ac97c5e156cc2e02aa8e88f1bf2\",\"name\":\"Alfredo\",\"image\":{\"@type\":\"ImageObject\",\"inLanguage\":\"pt-BR\",\"@id\":\"https:\/\/progresso.com.br\/#\/schema\/person\/image\/\",\"url\":\"https:\/\/secure.gravatar.com\/avatar\/ca208a3111522ad69d765c6f0ea1ce4742c74e10aba78ae7158042d704d65a9f?s=96&d=mm&r=g\",\"contentUrl\":\"https:\/\/secure.gravatar.com\/avatar\/ca208a3111522ad69d765c6f0ea1ce4742c74e10aba78ae7158042d704d65a9f?s=96&d=mm&r=g\",\"caption\":\"Alfredo\"},\"url\":\"https:\/\/progresso.com.br\/index.php\/author\/alfredo\/\"}]}<\/script>\n<!-- \/ Yoast SEO plugin. -->","yoast_head_json":{"title":"Fam\u00edlia brasileira morta por Israel buscava pertences no Sul do L\u00edbano - O PROGRESSO","robots":{"index":"index","follow":"follow","max-snippet":"max-snippet:-1","max-image-preview":"max-image-preview:large","max-video-preview":"max-video-preview:-1"},"canonical":"https:\/\/progresso.com.br\/index.php\/2026\/04\/28\/familia-brasileira-morta-por-israel-buscava-pertences-no-sul-do-libano\/","og_locale":"pt_BR","og_type":"article","og_title":"Fam\u00edlia brasileira morta por Israel buscava pertences no Sul do L\u00edbano - O PROGRESSO","og_description":"Lucas Pordeus Le\u00f3n, da Ag\u00eancia Brasil A fam\u00edlia brasileira-libanesa assassinada por Israel no Sul do L\u00edbano buscava roupas e pertences na casa onde vivia,&nbsp;em Burj Qalowayh, no distrito de Bint Jbeil,&nbsp;quando a resid\u00eancia foi&nbsp;bombardeada.&nbsp;At\u00e9 o momento, os corpos n\u00e3o foram encontrados nos escombros da casa, que ficou totalmente destru\u00edda. Morreram no ataque a brasileira Manal [&hellip;]","og_url":"https:\/\/progresso.com.br\/index.php\/2026\/04\/28\/familia-brasileira-morta-por-israel-buscava-pertences-no-sul-do-libano\/","og_site_name":"O PROGRESSO","article_publisher":"https:\/\/www.facebook.com\/share\/1CeoksKBj6\/","article_published_time":"2026-04-28T22:58:14+00:00","article_modified_time":"2026-04-28T22:58:15+00:00","og_image":[{"width":1170,"height":700,"url":"https:\/\/progresso.com.br\/wp-content\/uploads\/2026\/04\/libano-familia.webp","type":"image\/webp"}],"author":"Alfredo","twitter_card":"summary_large_image","twitter_misc":{"Escrito por":"Alfredo","Est. tempo de leitura":"2 minutos"},"schema":{"@context":"https:\/\/schema.org","@graph":[{"@type":"Article","@id":"https:\/\/progresso.com.br\/index.php\/2026\/04\/28\/familia-brasileira-morta-por-israel-buscava-pertences-no-sul-do-libano\/#article","isPartOf":{"@id":"https:\/\/progresso.com.br\/index.php\/2026\/04\/28\/familia-brasileira-morta-por-israel-buscava-pertences-no-sul-do-libano\/"},"author":{"name":"Alfredo","@id":"https:\/\/progresso.com.br\/#\/schema\/person\/b7390ac97c5e156cc2e02aa8e88f1bf2"},"headline":"Fam\u00edlia brasileira morta por Israel buscava pertences no Sul do L\u00edbano","datePublished":"2026-04-28T22:58:14+00:00","dateModified":"2026-04-28T22:58:15+00:00","mainEntityOfPage":{"@id":"https:\/\/progresso.com.br\/index.php\/2026\/04\/28\/familia-brasileira-morta-por-israel-buscava-pertences-no-sul-do-libano\/"},"wordCount":224,"commentCount":0,"publisher":{"@id":"https:\/\/progresso.com.br\/#organization"},"image":{"@id":"https:\/\/progresso.com.br\/index.php\/2026\/04\/28\/familia-brasileira-morta-por-israel-buscava-pertences-no-sul-do-libano\/#primaryimage"},"thumbnailUrl":"https:\/\/progresso.com.br\/wp-content\/uploads\/2026\/04\/libano-familia.webp","articleSection":["Internacional"],"inLanguage":"pt-BR","potentialAction":[{"@type":"CommentAction","name":"Comment","target":["https:\/\/progresso.com.br\/index.php\/2026\/04\/28\/familia-brasileira-morta-por-israel-buscava-pertences-no-sul-do-libano\/#respond"]}]},{"@type":"WebPage","@id":"https:\/\/progresso.com.br\/index.php\/2026\/04\/28\/familia-brasileira-morta-por-israel-buscava-pertences-no-sul-do-libano\/","url":"https:\/\/progresso.com.br\/index.php\/2026\/04\/28\/familia-brasileira-morta-por-israel-buscava-pertences-no-sul-do-libano\/","name":"Fam\u00edlia brasileira morta por Israel buscava pertences no Sul do L\u00edbano - O PROGRESSO","isPartOf":{"@id":"https:\/\/progresso.com.br\/#website"},"primaryImageOfPage":{"@id":"https:\/\/progresso.com.br\/index.php\/2026\/04\/28\/familia-brasileira-morta-por-israel-buscava-pertences-no-sul-do-libano\/#primaryimage"},"image":{"@id":"https:\/\/progresso.com.br\/index.php\/2026\/04\/28\/familia-brasileira-morta-por-israel-buscava-pertences-no-sul-do-libano\/#primaryimage"},"thumbnailUrl":"https:\/\/progresso.com.br\/wp-content\/uploads\/2026\/04\/libano-familia.webp","datePublished":"2026-04-28T22:58:14+00:00","dateModified":"2026-04-28T22:58:15+00:00","breadcrumb":{"@id":"https:\/\/progresso.com.br\/index.php\/2026\/04\/28\/familia-brasileira-morta-por-israel-buscava-pertences-no-sul-do-libano\/#breadcrumb"},"inLanguage":"pt-BR","potentialAction":[{"@type":"ReadAction","target":["https:\/\/progresso.com.br\/index.php\/2026\/04\/28\/familia-brasileira-morta-por-israel-buscava-pertences-no-sul-do-libano\/"]}]},{"@type":"ImageObject","inLanguage":"pt-BR","@id":"https:\/\/progresso.com.br\/index.php\/2026\/04\/28\/familia-brasileira-morta-por-israel-buscava-pertences-no-sul-do-libano\/#primaryimage","url":"https:\/\/progresso.com.br\/wp-content\/uploads\/2026\/04\/libano-familia.webp","contentUrl":"https:\/\/progresso.com.br\/wp-content\/uploads\/2026\/04\/libano-familia.webp","width":1170,"height":700,"caption":"Corpos ainda n\u00e3o foram encontrados nos escombros da casa bombardeada. (Foto: Manal Jaafar\/Arquivo Pessoal)"},{"@type":"BreadcrumbList","@id":"https:\/\/progresso.com.br\/index.php\/2026\/04\/28\/familia-brasileira-morta-por-israel-buscava-pertences-no-sul-do-libano\/#breadcrumb","itemListElement":[{"@type":"ListItem","position":1,"name":"In\u00edcio","item":"https:\/\/progresso.com.br\/"},{"@type":"ListItem","position":2,"name":"Fam\u00edlia brasileira morta por Israel buscava pertences no Sul do L\u00edbano"}]},{"@type":"WebSite","@id":"https:\/\/progresso.com.br\/#website","url":"https:\/\/progresso.com.br\/","name":"O PROGRESSO","description":"","publisher":{"@id":"https:\/\/progresso.com.br\/#organization"},"potentialAction":[{"@type":"SearchAction","target":{"@type":"EntryPoint","urlTemplate":"https:\/\/progresso.com.br\/?s={search_term_string}"},"query-input":{"@type":"PropertyValueSpecification","valueRequired":true,"valueName":"search_term_string"}}],"inLanguage":"pt-BR"},{"@type":"Organization","@id":"https:\/\/progresso.com.br\/#organization","name":"O PROGRESSO","url":"https:\/\/progresso.com.br\/","logo":{"@type":"ImageObject","inLanguage":"pt-BR","@id":"https:\/\/progresso.com.br\/#\/schema\/logo\/image\/","url":"https:\/\/progresso.com.br\/wp-content\/uploads\/2026\/03\/logo_proog.jpg","contentUrl":"https:\/\/progresso.com.br\/wp-content\/uploads\/2026\/03\/logo_proog.jpg","width":1960,"height":1080,"caption":"O PROGRESSO"},"image":{"@id":"https:\/\/progresso.com.br\/#\/schema\/logo\/image\/"},"sameAs":["https:\/\/www.facebook.com\/share\/1CeoksKBj6\/","https:\/\/www.instagram.com\/oprogresso_digital"]},{"@type":"Person","@id":"https:\/\/progresso.com.br\/#\/schema\/person\/b7390ac97c5e156cc2e02aa8e88f1bf2","name":"Alfredo","image":{"@type":"ImageObject","inLanguage":"pt-BR","@id":"https:\/\/progresso.com.br\/#\/schema\/person\/image\/","url":"https:\/\/secure.gravatar.com\/avatar\/ca208a3111522ad69d765c6f0ea1ce4742c74e10aba78ae7158042d704d65a9f?s=96&d=mm&r=g","contentUrl":"https:\/\/secure.gravatar.com\/avatar\/ca208a3111522ad69d765c6f0ea1ce4742c74e10aba78ae7158042d704d65a9f?s=96&d=mm&r=g","caption":"Alfredo"},"url":"https:\/\/progresso.com.br\/index.php\/author\/alfredo\/"}]}},"_links":{"self":[{"href":"https:\/\/progresso.com.br\/index.php\/wp-json\/wp\/v2\/posts\/5043","targetHints":{"allow":["GET"]}}],"collection":[{"href":"https:\/\/progresso.com.br\/index.php\/wp-json\/wp\/v2\/posts"}],"about":[{"href":"https:\/\/progresso.com.br\/index.php\/wp-json\/wp\/v2\/types\/post"}],"author":[{"embeddable":true,"href":"https:\/\/progresso.com.br\/index.php\/wp-json\/wp\/v2\/users\/3"}],"replies":[{"embeddable":true,"href":"https:\/\/progresso.com.br\/index.php\/wp-json\/wp\/v2\/comments?post=5043"}],"version-history":[{"count":1,"href":"https:\/\/progresso.com.br\/index.php\/wp-json\/wp\/v2\/posts\/5043\/revisions"}],"predecessor-version":[{"id":5045,"href":"https:\/\/progresso.com.br\/index.php\/wp-json\/wp\/v2\/posts\/5043\/revisions\/5045"}],"wp:featuredmedia":[{"embeddable":true,"href":"https:\/\/progresso.com.br\/index.php\/wp-json\/wp\/v2\/media\/5044"}],"wp:attachment":[{"href":"https:\/\/progresso.com.br\/index.php\/wp-json\/wp\/v2\/media?parent=5043"}],"wp:term":[{"taxonomy":"category","embeddable":true,"href":"https:\/\/progresso.com.br\/index.php\/wp-json\/wp\/v2\/categories?post=5043"},{"taxonomy":"post_tag","embeddable":true,"href":"https:\/\/progresso.com.br\/index.php\/wp-json\/wp\/v2\/tags?post=5043"}],"curies":[{"name":"wp","href":"https:\/\/api.w.org\/{rel}","templated":true}]}}