{"id":5054,"date":"2026-04-29T08:51:49","date_gmt":"2026-04-29T12:51:49","guid":{"rendered":"https:\/\/progresso.com.br\/?p=5054"},"modified":"2026-04-29T08:51:50","modified_gmt":"2026-04-29T12:51:50","slug":"censo-17-de-creches-e-pre-escolas-tem-itens-basicos-para-funcionar","status":"publish","type":"post","link":"https:\/\/progresso.com.br\/index.php\/2026\/04\/29\/censo-17-de-creches-e-pre-escolas-tem-itens-basicos-para-funcionar\/","title":{"rendered":"Censo: 17% de creches e pr\u00e9-escolas t\u00eam itens b\u00e1sicos para funcionar"},"content":{"rendered":"\n<p><strong><em>Levantamento considerada 11 componentes de infraestrutura b\u00e1sica<\/em><\/strong><\/p>\n\n\n\n<p><em>Mariana Tokarnia \u2013  Ag\u00eancia Brasil<\/em><\/p>\n\n\n\n<p><strong>Em todo o pa\u00eds, menos de duas em cada dez unidades de ensino infantil p\u00fablicas tem todos os itens considerados b\u00e1sicos para o funcionamento adequado. Os dados s\u00e3o do Censo Escolar 2025 e est\u00e3o dispon\u00edveis no&nbsp;<a href=\"https:\/\/qedu.org.br\/\" target=\"_blank\" rel=\"noreferrer noopener\">portal de dados educacionais QEdu<\/a>.<\/strong><img decoding=\"async\" src=\"https:\/\/agenciabrasil.ebc.com.br\/ebc.png?id=1687598&amp;o=node\"><img decoding=\"async\" src=\"https:\/\/agenciabrasil.ebc.com.br\/ebc.gif?id=1687598&amp;o=node\"><\/p>\n\n\n\n<p>Ao todo, s\u00e3o considerados 11 itens de infraestrutura b\u00e1sica: pr\u00e9dio escolar, energia de rede p\u00fablica, \u00e1gua da rede p\u00fablica, banheiro, rede de esgoto, cozinha, alimenta\u00e7\u00e3o para os alunos, coleta de lixo, acessibilidade, internet, biblioteca e\/ou sala de leitura.<\/p>\n\n\n\n<p><strong>De acordo com os dados, apenas 17% das creches e pr\u00e9-escolas p\u00fablicas det\u00eam todos esses componentes, que s\u00e3o&nbsp;<a href=\"https:\/\/www.planalto.gov.br\/ccivil_03\/_ato2023-2026\/2026\/lei\/l15360.htm\" target=\"_blank\" rel=\"noreferrer noopener\">baseados em lei<\/a>&nbsp;sancionada em mar\u00e7o deste ano.<\/strong><\/p>\n\n\n\n<p>Um dos maiores entraves \u00e9 dispor de&nbsp;bibliotecas ou salas de leitura. Do total das institui\u00e7\u00f5es, 64% ainda n\u00e3o contam com esses espa\u00e7os. Al\u00e9m disso, 33% n\u00e3o usam \u00e1gua da rede p\u00fablica e 4% n\u00e3o contam com rede de esgoto.<\/p>\n\n\n\n<h2 class=\"wp-block-heading\">Alimenta\u00e7\u00e3o<\/h2>\n\n\n\n<p><strong>Na outra ponta, a alimenta\u00e7\u00e3o \u00e9 item atendido em todas as escolas de educa\u00e7\u00e3o infantil no Brasil.<\/strong><\/p>\n\n\n\n<p>Al\u00e9m dos itens b\u00e1sicos, s\u00e3o analisados elementos&nbsp;de infraestrutura espec\u00edficos: banheiro infantil, jogos e brinquedos pedag\u00f3gicos, materiais art\u00edsticos, parque infantil e \u00e1rea verde.<\/p>\n\n\n\n<p>Considerados esses itens, apenas 12% das unidades p\u00fablicas de educa\u00e7\u00e3o infantil do pa\u00eds conseguem assegurar todos eles. Menos da metade das escolas conta com parque infantil (45%) ou com \u00e1rea verde (36%).<\/p>\n\n\n\n<p>Jogos e brinquedos pedag\u00f3gicos \u2013 quesitos&nbsp;importantes para as atividades educacionais nessa etapa de ensino \u2013 est\u00e3o presentes em 83% das unidades.<\/p>\n\n\n\n<h2 class=\"wp-block-heading\">Educa\u00e7\u00e3o infantil<\/h2>\n\n\n\n<p><strong>Os dados foram divulgados nesta quarta-feira (29), quando a plataforma QEdu passa a contar com dados referentes \u00e0 educa\u00e7\u00e3o infantil. \u00c9 poss\u00edvel consultar dados dessa etapa de ensino em n\u00edvel nacional, por unidades da Federa\u00e7\u00e3o e munic\u00edpios e fazer compara\u00e7\u00f5es.<\/strong><\/p>\n\n\n\n<p>\u201cEduca\u00e7\u00e3o infantil precisa estar no centro, a gente precisa falar mais sobre o que \u00e9 educa\u00e7\u00e3o infantil de qualidade\u201d, destacou o diretor-executivo do Interdisciplinaridade e Evid\u00eancias no Debate Educacional (Iede), Ernesto Martins Faria \u2013 cocriador do QEdu.<\/p>\n\n\n\n<p>A inser\u00e7\u00e3o dos dados de educa\u00e7\u00e3o infantil no portal QEdu faz parte de uma iniciativa conjunta do Iede, Funda\u00e7\u00e3o Bracell, Funda\u00e7\u00e3o Ita\u00fa, Funda\u00e7\u00e3o V\u00e9lezReyes+, Funda\u00e7\u00e3o Van Leer e Banco Interamericano de Desenvolvimento (BID).<\/p>\n\n\n\n<p><strong>Faz parte tamb\u00e9m da iniciativa a cria\u00e7\u00e3o do indicador de atendimento em n\u00edvel municipal.&nbsp;<a href=\"https:\/\/agenciabrasil.ebc.com.br\/educacao\/noticia\/2026-04\/uma-em-cada-10-criancas-de-4-e-5-anos-nao-vai-creche-em-875-cidades\" target=\"_blank\" rel=\"noreferrer noopener\">Esse marcador mostra<\/a>&nbsp;que, em 16% dos munic\u00edpios, ou seja, em 876 cidades brasileiras, pelo menos uma em cada dez crian\u00e7as de 4 e 5 anos n\u00e3o frequentam creches ou pr\u00e9-escolas.<\/strong><\/p>\n\n\n\n<h2 class=\"wp-block-heading\">Minist\u00e9rio da Educa\u00e7\u00e3o<\/h2>\n\n\n\n<p>Procurado, o Minist\u00e9rio da Educa\u00e7\u00e3o (MEC) informou, em nota, que vem \u201cintensificando as a\u00e7\u00f5es para apoiar os munic\u00edpios, respons\u00e1veis diretos pela educa\u00e7\u00e3o infantil, na amplia\u00e7\u00e3o do acesso com qualidade a essa etapa do ensino\u201d.<\/p>\n\n\n\n<p>A pasta cita como um dos principais instrumentos o Compromisso Nacional pela Qualidade e Equidade na Educa\u00e7\u00e3o Infantil, que&nbsp;<a href=\"https:\/\/agenciabrasil.ebc.com.br\/educacao\/noticia\/2023-07\/mec-empossa-membros-de-colegiados-do-compromisso-crianca-alfabetizada\" target=\"_blank\" rel=\"noreferrer noopener\">re\u00fane mais de 2,5 mil entes federados<\/a>.<\/p>\n\n\n\n<blockquote class=\"wp-block-quote is-layout-flow wp-block-quote-is-layout-flow\">\n<p>&#8220;O objetivo \u00e9 unir esfor\u00e7os em torno da expans\u00e3o de vagas, da perman\u00eancia de beb\u00eas e crian\u00e7as nas creches e pr\u00e9-escolas e da implementa\u00e7\u00e3o de par\u00e2metros nacionais de qualidade, sempre considerando as diferentes realidades territoriais e sociais do pa\u00eds.&#8221;<\/p>\n<\/blockquote>\n\n\n\n<p><strong>No texto, o&nbsp;MEC destacou ainda a&nbsp;que, por meio do Novo Programa de Acelera\u00e7\u00e3o do Crescimento (PAC), 886 unidades de educa\u00e7\u00e3o infantil foram entregues e est\u00e3o previstas 1.684 novas creches e escolas de educa\u00e7\u00e3o infantil.<\/strong><\/p>\n\n\n\n<p>Outras prioridades s\u00e3o&nbsp;a retomada e a conclus\u00e3o de obras paralisadas. Das 1.318 unidades de educa\u00e7\u00e3o infantil que manifestaram interesse em retomar as constru\u00e7\u00f5es, 904 foram aprovadas e 278 foram conclu\u00eddas.<\/p>\n\n\n\n<p>\u201cEsses dados demonstram uma mudan\u00e7a de prioridade na gest\u00e3o, com a amplia\u00e7\u00e3o dos investimentos recentes para dar mais condi\u00e7\u00f5es aos munic\u00edpios de abrir vagas, garantindo o atendimento pleno e atuando de forma proativa para superar as lacunas ainda existentes na educa\u00e7\u00e3o infantil brasileira\u201d, acrescentou o minist\u00e9rio.<\/p>\n","protected":false},"excerpt":{"rendered":"<p>Levantamento considerada 11 componentes de infraestrutura b\u00e1sica Mariana Tokarnia \u2013 Ag\u00eancia Brasil Em todo o pa\u00eds, menos de duas em cada dez unidades de ensino infantil p\u00fablicas tem todos os itens considerados b\u00e1sicos para o funcionamento adequado. Os dados s\u00e3o do Censo Escolar 2025 e est\u00e3o dispon\u00edveis no&nbsp;portal de dados educacionais QEdu. Ao todo, s\u00e3o [&hellip;]<\/p>\n","protected":false},"author":2,"featured_media":5055,"comment_status":"open","ping_status":"open","sticky":false,"template":"","format":"standard","meta":{"footnotes":""},"categories":[13,2],"tags":[],"class_list":["post-5054","post","type-post","status-publish","format-standard","has-post-thumbnail","hentry","category-cotidiano","category-destaque"],"yoast_head":"<!-- This site is optimized with the Yoast SEO plugin v27.1.1 - https:\/\/yoast.com\/product\/yoast-seo-wordpress\/ -->\n<title>Censo: 17% de creches e pr\u00e9-escolas t\u00eam itens b\u00e1sicos para funcionar - O PROGRESSO<\/title>\n<meta name=\"robots\" content=\"index, follow, max-snippet:-1, max-image-preview:large, max-video-preview:-1\" \/>\n<link rel=\"canonical\" href=\"https:\/\/progresso.com.br\/index.php\/2026\/04\/29\/censo-17-de-creches-e-pre-escolas-tem-itens-basicos-para-funcionar\/\" \/>\n<meta property=\"og:locale\" content=\"pt_BR\" \/>\n<meta property=\"og:type\" content=\"article\" \/>\n<meta property=\"og:title\" content=\"Censo: 17% de creches e pr\u00e9-escolas t\u00eam itens b\u00e1sicos para funcionar - O PROGRESSO\" \/>\n<meta property=\"og:description\" content=\"Levantamento considerada 11 componentes de infraestrutura b\u00e1sica Mariana Tokarnia \u2013 Ag\u00eancia Brasil Em todo o pa\u00eds, menos de duas em cada dez unidades de ensino infantil p\u00fablicas tem todos os itens considerados b\u00e1sicos para o funcionamento adequado. Os dados s\u00e3o do Censo Escolar 2025 e est\u00e3o dispon\u00edveis no&nbsp;portal de dados educacionais QEdu. Ao todo, s\u00e3o [&hellip;]\" \/>\n<meta property=\"og:url\" content=\"https:\/\/progresso.com.br\/index.php\/2026\/04\/29\/censo-17-de-creches-e-pre-escolas-tem-itens-basicos-para-funcionar\/\" \/>\n<meta property=\"og:site_name\" content=\"O PROGRESSO\" \/>\n<meta property=\"article:publisher\" content=\"https:\/\/www.facebook.com\/share\/1CeoksKBj6\/\" \/>\n<meta property=\"article:published_time\" content=\"2026-04-29T12:51:49+00:00\" \/>\n<meta property=\"article:modified_time\" content=\"2026-04-29T12:51:50+00:00\" \/>\n<meta property=\"og:image\" content=\"https:\/\/progresso.com.br\/wp-content\/uploads\/2026\/04\/rbr4208_0.webp\" \/>\n\t<meta property=\"og:image:width\" content=\"1170\" \/>\n\t<meta property=\"og:image:height\" content=\"700\" \/>\n\t<meta property=\"og:image:type\" content=\"image\/webp\" \/>\n<meta name=\"author\" content=\"Rose\" \/>\n<meta name=\"twitter:card\" content=\"summary_large_image\" \/>\n<meta name=\"twitter:label1\" content=\"Escrito por\" \/>\n\t<meta name=\"twitter:data1\" content=\"Rose\" \/>\n\t<meta name=\"twitter:label2\" content=\"Est. tempo de leitura\" \/>\n\t<meta name=\"twitter:data2\" content=\"4 minutos\" \/>\n<script type=\"application\/ld+json\" class=\"yoast-schema-graph\">{\"@context\":\"https:\/\/schema.org\",\"@graph\":[{\"@type\":\"Article\",\"@id\":\"https:\/\/progresso.com.br\/index.php\/2026\/04\/29\/censo-17-de-creches-e-pre-escolas-tem-itens-basicos-para-funcionar\/#article\",\"isPartOf\":{\"@id\":\"https:\/\/progresso.com.br\/index.php\/2026\/04\/29\/censo-17-de-creches-e-pre-escolas-tem-itens-basicos-para-funcionar\/\"},\"author\":{\"name\":\"Rose\",\"@id\":\"https:\/\/progresso.com.br\/#\/schema\/person\/5dd27138d4463fbbaace62120bfc002b\"},\"headline\":\"Censo: 17% de creches e pr\u00e9-escolas t\u00eam itens b\u00e1sicos para funcionar\",\"datePublished\":\"2026-04-29T12:51:49+00:00\",\"dateModified\":\"2026-04-29T12:51:50+00:00\",\"mainEntityOfPage\":{\"@id\":\"https:\/\/progresso.com.br\/index.php\/2026\/04\/29\/censo-17-de-creches-e-pre-escolas-tem-itens-basicos-para-funcionar\/\"},\"wordCount\":718,\"commentCount\":0,\"publisher\":{\"@id\":\"https:\/\/progresso.com.br\/#organization\"},\"image\":{\"@id\":\"https:\/\/progresso.com.br\/index.php\/2026\/04\/29\/censo-17-de-creches-e-pre-escolas-tem-itens-basicos-para-funcionar\/#primaryimage\"},\"thumbnailUrl\":\"https:\/\/progresso.com.br\/wp-content\/uploads\/2026\/04\/rbr4208_0.webp\",\"articleSection\":[\"Cotidiano\",\"Em destaque\"],\"inLanguage\":\"pt-BR\",\"potentialAction\":[{\"@type\":\"CommentAction\",\"name\":\"Comment\",\"target\":[\"https:\/\/progresso.com.br\/index.php\/2026\/04\/29\/censo-17-de-creches-e-pre-escolas-tem-itens-basicos-para-funcionar\/#respond\"]}]},{\"@type\":\"WebPage\",\"@id\":\"https:\/\/progresso.com.br\/index.php\/2026\/04\/29\/censo-17-de-creches-e-pre-escolas-tem-itens-basicos-para-funcionar\/\",\"url\":\"https:\/\/progresso.com.br\/index.php\/2026\/04\/29\/censo-17-de-creches-e-pre-escolas-tem-itens-basicos-para-funcionar\/\",\"name\":\"Censo: 17% de creches e pr\u00e9-escolas t\u00eam itens b\u00e1sicos para funcionar - O PROGRESSO\",\"isPartOf\":{\"@id\":\"https:\/\/progresso.com.br\/#website\"},\"primaryImageOfPage\":{\"@id\":\"https:\/\/progresso.com.br\/index.php\/2026\/04\/29\/censo-17-de-creches-e-pre-escolas-tem-itens-basicos-para-funcionar\/#primaryimage\"},\"image\":{\"@id\":\"https:\/\/progresso.com.br\/index.php\/2026\/04\/29\/censo-17-de-creches-e-pre-escolas-tem-itens-basicos-para-funcionar\/#primaryimage\"},\"thumbnailUrl\":\"https:\/\/progresso.com.br\/wp-content\/uploads\/2026\/04\/rbr4208_0.webp\",\"datePublished\":\"2026-04-29T12:51:49+00:00\",\"dateModified\":\"2026-04-29T12:51:50+00:00\",\"breadcrumb\":{\"@id\":\"https:\/\/progresso.com.br\/index.php\/2026\/04\/29\/censo-17-de-creches-e-pre-escolas-tem-itens-basicos-para-funcionar\/#breadcrumb\"},\"inLanguage\":\"pt-BR\",\"potentialAction\":[{\"@type\":\"ReadAction\",\"target\":[\"https:\/\/progresso.com.br\/index.php\/2026\/04\/29\/censo-17-de-creches-e-pre-escolas-tem-itens-basicos-para-funcionar\/\"]}]},{\"@type\":\"ImageObject\",\"inLanguage\":\"pt-BR\",\"@id\":\"https:\/\/progresso.com.br\/index.php\/2026\/04\/29\/censo-17-de-creches-e-pre-escolas-tem-itens-basicos-para-funcionar\/#primaryimage\",\"url\":\"https:\/\/progresso.com.br\/wp-content\/uploads\/2026\/04\/rbr4208_0.webp\",\"contentUrl\":\"https:\/\/progresso.com.br\/wp-content\/uploads\/2026\/04\/rbr4208_0.webp\",\"width\":1170,\"height\":700,\"caption\":\"(Foto: T\u00e2nia R\u00eago\/Ag\u00eancia Brasi)\"},{\"@type\":\"BreadcrumbList\",\"@id\":\"https:\/\/progresso.com.br\/index.php\/2026\/04\/29\/censo-17-de-creches-e-pre-escolas-tem-itens-basicos-para-funcionar\/#breadcrumb\",\"itemListElement\":[{\"@type\":\"ListItem\",\"position\":1,\"name\":\"In\u00edcio\",\"item\":\"https:\/\/progresso.com.br\/\"},{\"@type\":\"ListItem\",\"position\":2,\"name\":\"Censo: 17% de creches e pr\u00e9-escolas t\u00eam itens b\u00e1sicos para funcionar\"}]},{\"@type\":\"WebSite\",\"@id\":\"https:\/\/progresso.com.br\/#website\",\"url\":\"https:\/\/progresso.com.br\/\",\"name\":\"O PROGRESSO\",\"description\":\"\",\"publisher\":{\"@id\":\"https:\/\/progresso.com.br\/#organization\"},\"potentialAction\":[{\"@type\":\"SearchAction\",\"target\":{\"@type\":\"EntryPoint\",\"urlTemplate\":\"https:\/\/progresso.com.br\/?s={search_term_string}\"},\"query-input\":{\"@type\":\"PropertyValueSpecification\",\"valueRequired\":true,\"valueName\":\"search_term_string\"}}],\"inLanguage\":\"pt-BR\"},{\"@type\":\"Organization\",\"@id\":\"https:\/\/progresso.com.br\/#organization\",\"name\":\"O PROGRESSO\",\"url\":\"https:\/\/progresso.com.br\/\",\"logo\":{\"@type\":\"ImageObject\",\"inLanguage\":\"pt-BR\",\"@id\":\"https:\/\/progresso.com.br\/#\/schema\/logo\/image\/\",\"url\":\"https:\/\/progresso.com.br\/wp-content\/uploads\/2026\/03\/logo_proog.jpg\",\"contentUrl\":\"https:\/\/progresso.com.br\/wp-content\/uploads\/2026\/03\/logo_proog.jpg\",\"width\":1960,\"height\":1080,\"caption\":\"O PROGRESSO\"},\"image\":{\"@id\":\"https:\/\/progresso.com.br\/#\/schema\/logo\/image\/\"},\"sameAs\":[\"https:\/\/www.facebook.com\/share\/1CeoksKBj6\/\",\"https:\/\/www.instagram.com\/oprogresso_digital\"]},{\"@type\":\"Person\",\"@id\":\"https:\/\/progresso.com.br\/#\/schema\/person\/5dd27138d4463fbbaace62120bfc002b\",\"name\":\"Rose\",\"image\":{\"@type\":\"ImageObject\",\"inLanguage\":\"pt-BR\",\"@id\":\"https:\/\/progresso.com.br\/#\/schema\/person\/image\/\",\"url\":\"https:\/\/secure.gravatar.com\/avatar\/1b6890e759cdd3a88d9f751cb423720b9861c5239167cd3586355638b6556599?s=96&d=mm&r=g\",\"contentUrl\":\"https:\/\/secure.gravatar.com\/avatar\/1b6890e759cdd3a88d9f751cb423720b9861c5239167cd3586355638b6556599?s=96&d=mm&r=g\",\"caption\":\"Rose\"},\"url\":\"https:\/\/progresso.com.br\/index.php\/author\/rose\/\"}]}<\/script>\n<!-- \/ Yoast SEO plugin. -->","yoast_head_json":{"title":"Censo: 17% de creches e pr\u00e9-escolas t\u00eam itens b\u00e1sicos para funcionar - O PROGRESSO","robots":{"index":"index","follow":"follow","max-snippet":"max-snippet:-1","max-image-preview":"max-image-preview:large","max-video-preview":"max-video-preview:-1"},"canonical":"https:\/\/progresso.com.br\/index.php\/2026\/04\/29\/censo-17-de-creches-e-pre-escolas-tem-itens-basicos-para-funcionar\/","og_locale":"pt_BR","og_type":"article","og_title":"Censo: 17% de creches e pr\u00e9-escolas t\u00eam itens b\u00e1sicos para funcionar - O PROGRESSO","og_description":"Levantamento considerada 11 componentes de infraestrutura b\u00e1sica Mariana Tokarnia \u2013 Ag\u00eancia Brasil Em todo o pa\u00eds, menos de duas em cada dez unidades de ensino infantil p\u00fablicas tem todos os itens considerados b\u00e1sicos para o funcionamento adequado. Os dados s\u00e3o do Censo Escolar 2025 e est\u00e3o dispon\u00edveis no&nbsp;portal de dados educacionais QEdu. Ao todo, s\u00e3o [&hellip;]","og_url":"https:\/\/progresso.com.br\/index.php\/2026\/04\/29\/censo-17-de-creches-e-pre-escolas-tem-itens-basicos-para-funcionar\/","og_site_name":"O PROGRESSO","article_publisher":"https:\/\/www.facebook.com\/share\/1CeoksKBj6\/","article_published_time":"2026-04-29T12:51:49+00:00","article_modified_time":"2026-04-29T12:51:50+00:00","og_image":[{"width":1170,"height":700,"url":"https:\/\/progresso.com.br\/wp-content\/uploads\/2026\/04\/rbr4208_0.webp","type":"image\/webp"}],"author":"Rose","twitter_card":"summary_large_image","twitter_misc":{"Escrito por":"Rose","Est. tempo de leitura":"4 minutos"},"schema":{"@context":"https:\/\/schema.org","@graph":[{"@type":"Article","@id":"https:\/\/progresso.com.br\/index.php\/2026\/04\/29\/censo-17-de-creches-e-pre-escolas-tem-itens-basicos-para-funcionar\/#article","isPartOf":{"@id":"https:\/\/progresso.com.br\/index.php\/2026\/04\/29\/censo-17-de-creches-e-pre-escolas-tem-itens-basicos-para-funcionar\/"},"author":{"name":"Rose","@id":"https:\/\/progresso.com.br\/#\/schema\/person\/5dd27138d4463fbbaace62120bfc002b"},"headline":"Censo: 17% de creches e pr\u00e9-escolas t\u00eam itens b\u00e1sicos para funcionar","datePublished":"2026-04-29T12:51:49+00:00","dateModified":"2026-04-29T12:51:50+00:00","mainEntityOfPage":{"@id":"https:\/\/progresso.com.br\/index.php\/2026\/04\/29\/censo-17-de-creches-e-pre-escolas-tem-itens-basicos-para-funcionar\/"},"wordCount":718,"commentCount":0,"publisher":{"@id":"https:\/\/progresso.com.br\/#organization"},"image":{"@id":"https:\/\/progresso.com.br\/index.php\/2026\/04\/29\/censo-17-de-creches-e-pre-escolas-tem-itens-basicos-para-funcionar\/#primaryimage"},"thumbnailUrl":"https:\/\/progresso.com.br\/wp-content\/uploads\/2026\/04\/rbr4208_0.webp","articleSection":["Cotidiano","Em destaque"],"inLanguage":"pt-BR","potentialAction":[{"@type":"CommentAction","name":"Comment","target":["https:\/\/progresso.com.br\/index.php\/2026\/04\/29\/censo-17-de-creches-e-pre-escolas-tem-itens-basicos-para-funcionar\/#respond"]}]},{"@type":"WebPage","@id":"https:\/\/progresso.com.br\/index.php\/2026\/04\/29\/censo-17-de-creches-e-pre-escolas-tem-itens-basicos-para-funcionar\/","url":"https:\/\/progresso.com.br\/index.php\/2026\/04\/29\/censo-17-de-creches-e-pre-escolas-tem-itens-basicos-para-funcionar\/","name":"Censo: 17% de creches e pr\u00e9-escolas t\u00eam itens b\u00e1sicos para funcionar - O PROGRESSO","isPartOf":{"@id":"https:\/\/progresso.com.br\/#website"},"primaryImageOfPage":{"@id":"https:\/\/progresso.com.br\/index.php\/2026\/04\/29\/censo-17-de-creches-e-pre-escolas-tem-itens-basicos-para-funcionar\/#primaryimage"},"image":{"@id":"https:\/\/progresso.com.br\/index.php\/2026\/04\/29\/censo-17-de-creches-e-pre-escolas-tem-itens-basicos-para-funcionar\/#primaryimage"},"thumbnailUrl":"https:\/\/progresso.com.br\/wp-content\/uploads\/2026\/04\/rbr4208_0.webp","datePublished":"2026-04-29T12:51:49+00:00","dateModified":"2026-04-29T12:51:50+00:00","breadcrumb":{"@id":"https:\/\/progresso.com.br\/index.php\/2026\/04\/29\/censo-17-de-creches-e-pre-escolas-tem-itens-basicos-para-funcionar\/#breadcrumb"},"inLanguage":"pt-BR","potentialAction":[{"@type":"ReadAction","target":["https:\/\/progresso.com.br\/index.php\/2026\/04\/29\/censo-17-de-creches-e-pre-escolas-tem-itens-basicos-para-funcionar\/"]}]},{"@type":"ImageObject","inLanguage":"pt-BR","@id":"https:\/\/progresso.com.br\/index.php\/2026\/04\/29\/censo-17-de-creches-e-pre-escolas-tem-itens-basicos-para-funcionar\/#primaryimage","url":"https:\/\/progresso.com.br\/wp-content\/uploads\/2026\/04\/rbr4208_0.webp","contentUrl":"https:\/\/progresso.com.br\/wp-content\/uploads\/2026\/04\/rbr4208_0.webp","width":1170,"height":700,"caption":"(Foto: T\u00e2nia R\u00eago\/Ag\u00eancia Brasi)"},{"@type":"BreadcrumbList","@id":"https:\/\/progresso.com.br\/index.php\/2026\/04\/29\/censo-17-de-creches-e-pre-escolas-tem-itens-basicos-para-funcionar\/#breadcrumb","itemListElement":[{"@type":"ListItem","position":1,"name":"In\u00edcio","item":"https:\/\/progresso.com.br\/"},{"@type":"ListItem","position":2,"name":"Censo: 17% de creches e pr\u00e9-escolas t\u00eam itens b\u00e1sicos para funcionar"}]},{"@type":"WebSite","@id":"https:\/\/progresso.com.br\/#website","url":"https:\/\/progresso.com.br\/","name":"O PROGRESSO","description":"","publisher":{"@id":"https:\/\/progresso.com.br\/#organization"},"potentialAction":[{"@type":"SearchAction","target":{"@type":"EntryPoint","urlTemplate":"https:\/\/progresso.com.br\/?s={search_term_string}"},"query-input":{"@type":"PropertyValueSpecification","valueRequired":true,"valueName":"search_term_string"}}],"inLanguage":"pt-BR"},{"@type":"Organization","@id":"https:\/\/progresso.com.br\/#organization","name":"O PROGRESSO","url":"https:\/\/progresso.com.br\/","logo":{"@type":"ImageObject","inLanguage":"pt-BR","@id":"https:\/\/progresso.com.br\/#\/schema\/logo\/image\/","url":"https:\/\/progresso.com.br\/wp-content\/uploads\/2026\/03\/logo_proog.jpg","contentUrl":"https:\/\/progresso.com.br\/wp-content\/uploads\/2026\/03\/logo_proog.jpg","width":1960,"height":1080,"caption":"O PROGRESSO"},"image":{"@id":"https:\/\/progresso.com.br\/#\/schema\/logo\/image\/"},"sameAs":["https:\/\/www.facebook.com\/share\/1CeoksKBj6\/","https:\/\/www.instagram.com\/oprogresso_digital"]},{"@type":"Person","@id":"https:\/\/progresso.com.br\/#\/schema\/person\/5dd27138d4463fbbaace62120bfc002b","name":"Rose","image":{"@type":"ImageObject","inLanguage":"pt-BR","@id":"https:\/\/progresso.com.br\/#\/schema\/person\/image\/","url":"https:\/\/secure.gravatar.com\/avatar\/1b6890e759cdd3a88d9f751cb423720b9861c5239167cd3586355638b6556599?s=96&d=mm&r=g","contentUrl":"https:\/\/secure.gravatar.com\/avatar\/1b6890e759cdd3a88d9f751cb423720b9861c5239167cd3586355638b6556599?s=96&d=mm&r=g","caption":"Rose"},"url":"https:\/\/progresso.com.br\/index.php\/author\/rose\/"}]}},"_links":{"self":[{"href":"https:\/\/progresso.com.br\/index.php\/wp-json\/wp\/v2\/posts\/5054","targetHints":{"allow":["GET"]}}],"collection":[{"href":"https:\/\/progresso.com.br\/index.php\/wp-json\/wp\/v2\/posts"}],"about":[{"href":"https:\/\/progresso.com.br\/index.php\/wp-json\/wp\/v2\/types\/post"}],"author":[{"embeddable":true,"href":"https:\/\/progresso.com.br\/index.php\/wp-json\/wp\/v2\/users\/2"}],"replies":[{"embeddable":true,"href":"https:\/\/progresso.com.br\/index.php\/wp-json\/wp\/v2\/comments?post=5054"}],"version-history":[{"count":1,"href":"https:\/\/progresso.com.br\/index.php\/wp-json\/wp\/v2\/posts\/5054\/revisions"}],"predecessor-version":[{"id":5056,"href":"https:\/\/progresso.com.br\/index.php\/wp-json\/wp\/v2\/posts\/5054\/revisions\/5056"}],"wp:featuredmedia":[{"embeddable":true,"href":"https:\/\/progresso.com.br\/index.php\/wp-json\/wp\/v2\/media\/5055"}],"wp:attachment":[{"href":"https:\/\/progresso.com.br\/index.php\/wp-json\/wp\/v2\/media?parent=5054"}],"wp:term":[{"taxonomy":"category","embeddable":true,"href":"https:\/\/progresso.com.br\/index.php\/wp-json\/wp\/v2\/categories?post=5054"},{"taxonomy":"post_tag","embeddable":true,"href":"https:\/\/progresso.com.br\/index.php\/wp-json\/wp\/v2\/tags?post=5054"}],"curies":[{"name":"wp","href":"https:\/\/api.w.org\/{rel}","templated":true}]}}