{"id":5057,"date":"2026-04-29T08:53:25","date_gmt":"2026-04-29T12:53:25","guid":{"rendered":"https:\/\/progresso.com.br\/?p=5057"},"modified":"2026-04-29T08:53:26","modified_gmt":"2026-04-29T12:53:26","slug":"copom-decide-selic-em-meio-a-guerra-e-inflacao-acelerando","status":"publish","type":"post","link":"https:\/\/progresso.com.br\/index.php\/2026\/04\/29\/copom-decide-selic-em-meio-a-guerra-e-inflacao-acelerando\/","title":{"rendered":"Copom decide Selic em meio a guerra e infla\u00e7\u00e3o acelerando"},"content":{"rendered":"\n<p><strong><em>Analistas de mercado acreditam na segunda redu\u00e7\u00e3o seguida de juros<\/em><\/strong><\/p>\n\n\n\n<p><em>Wellton M\u00e1ximo \u2013 Ag\u00eancia Brasil<\/em><\/p>\n\n\n\n<p><strong>Com a guerra no Oriente M\u00e9dio pressionando o pre\u00e7o dos combust\u00edveis e a infla\u00e7\u00e3o, o Comit\u00ea de Pol\u00edtica Monet\u00e1ria (Copom) do Banco Central (BC) faz nesta quarta-feira (29) a terceira reuni\u00e3o do ano.&nbsp;<\/strong>Mesmo com a alta do petr\u00f3leo, os analistas de mercado acreditam na segunda redu\u00e7\u00e3o seguida de juros.<img decoding=\"async\" src=\"https:\/\/agenciabrasil.ebc.com.br\/ebc.png?id=1687577&amp;o=node\"><img decoding=\"async\" src=\"https:\/\/agenciabrasil.ebc.com.br\/ebc.gif?id=1687577&amp;o=node\"><\/p>\n\n\n\n<p><strong>Atualmente em 14,75% ao ano, a Selic ficou em 15%, no maior n\u00edvel em quase 20 anos, de junho de 2025 a mar\u00e7o deste ano.<\/strong><\/p>\n\n\n\n<p>A decis\u00e3o sobre a Taxa Selic ser\u00e1 anunciada no in\u00edcio da noite desta quarta. O Copom estar\u00e1 desfalcado porque o mandato dos diretores de Organiza\u00e7\u00e3o do Sistema Financeiro, Renato Gomes, e de Pol\u00edtica Econ\u00f4mica, Paulo Pichetti, expirou no fim de 2025. O presidente Luiz In\u00e1cio Lula da Silva at\u00e9 agora n\u00e3o encaminhou as indica\u00e7\u00f5es dos substitutos ao Congresso Nacional.<\/p>\n\n\n\n<p>Na reuni\u00e3o deste m\u00eas, haver\u00e1 mais um desfalque. Na ter\u00e7a-feira (28), o Banco Central anunciou que o diretor de Administra\u00e7\u00e3o, Rodrigo Teixeira, se ausentar\u00e1 por falecimento de um parente de primeiro grau.<\/p>\n\n\n\n<p>Na ata da reuni\u00e3o de mar\u00e7o, o Copom deixou de indicar se&nbsp;<a href=\"https:\/\/agenciabrasil.ebc.com.br\/economia\/noticia\/2026-03\/ata-do-copom-bc-nao-indica-mais-cortes-na-taxa-de-juros\" target=\"_blank\" rel=\"noreferrer noopener\">continuar\u00e1 a cortar os juros<\/a>.&nbsp;<strong>Com a Guerra no Oriente M\u00e9dio,&nbsp; o BC afirmou que a magnitude e o \u201cciclo de calibra\u00e7\u00e3o\u201d (para cima ou para baixo) da Selic ser\u00e3o determinados \u201cao longo do tempo\u201d, \u00e0 medida que novas informa\u00e7\u00f5es forem incorporadas \u00e0s an\u00e1lises.<\/strong><\/p>\n\n\n\n<p>Segundo a edi\u00e7\u00e3o mais recente do boletim Focus, pesquisa semanal com analistas de mercado, a&nbsp;<a href=\"https:\/\/agenciabrasil.ebc.com.br\/economia\/noticia\/2026-03\/mercado-estima-reducao-da-selic-em-025-ponto-esta-semana\" target=\"_blank\" rel=\"noreferrer noopener\">taxa b\u00e1sica<\/a>&nbsp;deve ser reduzida em 0,25 ponto percentual, para 14,5% ao ano.&nbsp;<\/p>\n\n\n\n<h2 class=\"wp-block-heading\">Infla\u00e7\u00e3o<\/h2>\n\n\n\n<p>O comportamento da infla\u00e7\u00e3o continua uma inc\u00f3gnita. A&nbsp;<strong><a href=\"https:\/\/agenciabrasil.ebc.com.br\/economia\/noticia\/2026-04\/gasolina-e-alimentos-pressionam-e-previa-da-inflacao-sobe-para-089\" target=\"_blank\" rel=\"noreferrer noopener\">pr\u00e9via da infla\u00e7\u00e3o<\/a>&nbsp;oficial pelo \u00cdndice Nacional de Pre\u00e7os ao Consumidor Amplo-15 (IPCA-15) acelerou para 0,89% em abril, pressionada por combust\u00edveis e alimentos.<\/strong>&nbsp;<strong>No acumulado de 12 meses, o \u00edndice acelerou para 4,37%, contra 3,9% em mar\u00e7o.<\/strong><\/p>\n\n\n\n<p><strong>Segundo o \u00faltimo boletim Focus, a estimativa de infla\u00e7\u00e3o para 2026 subiu para 4,86%, por causa do conflito no Oriente M\u00e9dio. Isso representa infla\u00e7\u00e3o acima do teto da meta cont\u00ednua estabelecida pelo Conselho Monet\u00e1rio Nacional (CMN). Oficialmente, a meta est\u00e1 em 3%, podendo chegar a 4,5% por causa do intervalo de toler\u00e2ncia de 1,5 ponto.<\/strong><\/p>\n\n\n\n<h2 class=\"wp-block-heading\">Taxa Selic<\/h2>\n\n\n\n<p>A taxa b\u00e1sica de juros \u00e9 usada nas negocia\u00e7\u00f5es de t\u00edtulos p\u00fablicos emitidos pelo Tesouro Nacional no Sistema Especial de Liquida\u00e7\u00e3o e Cust\u00f3dia (Selic) e serve de refer\u00eancia para as demais taxas da economia. Ela \u00e9 o&nbsp;<strong>principal instrumento do Banco Central para manter a infla\u00e7\u00e3o sob controle.<\/strong>&nbsp;O BC atua diariamente por meio de opera\u00e7\u00f5es de mercado aberto \u2013 comprando e vendendo t\u00edtulos p\u00fablicos federais \u2013 para manter a taxa de juros pr\u00f3xima do valor definido na reuni\u00e3o.<\/p>\n\n\n\n<p>Quando o Copom aumenta a taxa b\u00e1sica de juros, pretende conter a demanda aquecida, e isso causa reflexos nos pre\u00e7os porque os juros mais altos encarecem o cr\u00e9dito e estimulam a poupan\u00e7a. Desse modo, taxas mais altas tamb\u00e9m podem dificultar a expans\u00e3o da economia. Mas, al\u00e9m da Selic, os bancos consideram outros fatores na hora de definir os juros cobrados dos consumidores, como risco de inadimpl\u00eancia, lucro e despesas administrativas.<\/p>\n\n\n\n<p><strong>Ao reduzir a Selic, a tend\u00eancia \u00e9 que o cr\u00e9dito fique mais barato, com incentivo \u00e0 produ\u00e7\u00e3o e ao consumo, reduzindo o controle da infla\u00e7\u00e3o e estimulando a atividade econ\u00f4mica.<\/strong><\/p>\n\n\n\n<p>O Copom re\u00fane-se a cada 45 dias. No primeiro dia do encontro, s\u00e3o feitas apresenta\u00e7\u00f5es t\u00e9cnicas sobre a evolu\u00e7\u00e3o e as perspectivas das economias brasileira e mundial e o comportamento do mercado financeiro. No segundo dia, os membros do Copom, formado pela diretoria do BC, analisam as possibilidades e definem a Selic.<\/p>\n\n\n\n<h2 class=\"wp-block-heading\">Meta cont\u00ednua<\/h2>\n\n\n\n<p>Pelo novo sistema de&nbsp;<a href=\"https:\/\/agenciabrasil.ebc.com.br\/economia\/noticia\/2024-06\/cmn-define-centro-da-meta-continua-de-inflacao-em-3\" target=\"_blank\" rel=\"noreferrer noopener\">meta cont\u00ednua<\/a>&nbsp;em vigor desde janeiro de 2025, a meta de infla\u00e7\u00e3o que deve ser perseguida pelo BC, definida pelo Conselho Monet\u00e1rio Nacional, \u00e9 3%, com intervalo de toler\u00e2ncia de 1,5 ponto percentual para cima ou para baixo. Ou seja, o<strong>&nbsp;limite inferior \u00e9 1,5% e o superior \u00e9 4,5%.<\/strong><\/p>\n\n\n\n<p>No modelo de meta cont\u00ednua, a meta passa ser apurada m\u00eas a m\u00eas, considerando a infla\u00e7\u00e3o acumulada em 12 meses. Em abril de 2026, a infla\u00e7\u00e3o desde maio de 2025 \u00e9 comparada com a meta e o intervalo de toler\u00e2ncia. Em maio de 2026, o procedimento se repete, com apura\u00e7\u00e3o a partir de junho de 2025. Dessa forma, a verifica\u00e7\u00e3o se desloca ao longo do tempo, n\u00e3o ficando mais restrita ao \u00edndice fechado de dezembro de cada ano.<\/p>\n\n\n\n<p>No \u00faltimo Relat\u00f3rio de Pol\u00edtica Monet\u00e1ria, divulgado no fim de mar\u00e7o pelo&nbsp;<a href=\"https:\/\/agenciabrasil.ebc.com.br\/economia\/noticia\/2026-03\/banco-central-preve-crescimento-de-16-para-o-pib-em-2026\" target=\"_blank\" rel=\"noreferrer noopener\">Banco Central,<\/a>&nbsp;a autoridade monet\u00e1ria elevou de 3,5% para 3,6% a previs\u00e3o para o IPCA em 2026, mas a estimativa deve ser revista se a guerra no Oriente M\u00e9dio se prolongar. A pr\u00f3xima edi\u00e7\u00e3o do documento, que substituiu o Relat\u00f3rio de Infla\u00e7\u00e3o, ser\u00e1 divulgada no fim de junho.<\/p>\n","protected":false},"excerpt":{"rendered":"<p>Analistas de mercado acreditam na segunda redu\u00e7\u00e3o seguida de juros Wellton M\u00e1ximo \u2013 Ag\u00eancia Brasil Com a guerra no Oriente M\u00e9dio pressionando o pre\u00e7o dos combust\u00edveis e a infla\u00e7\u00e3o, o Comit\u00ea de Pol\u00edtica Monet\u00e1ria (Copom) do Banco Central (BC) faz nesta quarta-feira (29) a terceira reuni\u00e3o do ano.&nbsp;Mesmo com a alta do petr\u00f3leo, os analistas [&hellip;]<\/p>\n","protected":false},"author":2,"featured_media":5058,"comment_status":"open","ping_status":"open","sticky":false,"template":"","format":"standard","meta":{"footnotes":""},"categories":[10,2],"tags":[],"class_list":["post-5057","post","type-post","status-publish","format-standard","has-post-thumbnail","hentry","category-economia","category-destaque"],"yoast_head":"<!-- This site is optimized with the Yoast SEO plugin v27.1.1 - https:\/\/yoast.com\/product\/yoast-seo-wordpress\/ -->\n<title>Copom decide Selic em meio a guerra e infla\u00e7\u00e3o acelerando - O PROGRESSO<\/title>\n<meta name=\"robots\" content=\"index, follow, max-snippet:-1, max-image-preview:large, max-video-preview:-1\" \/>\n<link rel=\"canonical\" href=\"https:\/\/progresso.com.br\/index.php\/2026\/04\/29\/copom-decide-selic-em-meio-a-guerra-e-inflacao-acelerando\/\" \/>\n<meta property=\"og:locale\" content=\"pt_BR\" \/>\n<meta property=\"og:type\" content=\"article\" \/>\n<meta property=\"og:title\" content=\"Copom decide Selic em meio a guerra e infla\u00e7\u00e3o acelerando - O PROGRESSO\" \/>\n<meta property=\"og:description\" content=\"Analistas de mercado acreditam na segunda redu\u00e7\u00e3o seguida de juros Wellton M\u00e1ximo \u2013 Ag\u00eancia Brasil Com a guerra no Oriente M\u00e9dio pressionando o pre\u00e7o dos combust\u00edveis e a infla\u00e7\u00e3o, o Comit\u00ea de Pol\u00edtica Monet\u00e1ria (Copom) do Banco Central (BC) faz nesta quarta-feira (29) a terceira reuni\u00e3o do ano.&nbsp;Mesmo com a alta do petr\u00f3leo, os analistas [&hellip;]\" \/>\n<meta property=\"og:url\" content=\"https:\/\/progresso.com.br\/index.php\/2026\/04\/29\/copom-decide-selic-em-meio-a-guerra-e-inflacao-acelerando\/\" \/>\n<meta property=\"og:site_name\" content=\"O PROGRESSO\" \/>\n<meta property=\"article:publisher\" content=\"https:\/\/www.facebook.com\/share\/1CeoksKBj6\/\" \/>\n<meta property=\"article:published_time\" content=\"2026-04-29T12:53:25+00:00\" \/>\n<meta property=\"article:modified_time\" content=\"2026-04-29T12:53:26+00:00\" \/>\n<meta property=\"og:image\" content=\"https:\/\/progresso.com.br\/wp-content\/uploads\/2026\/04\/banco_central_economia_0413202009.jpg\" \/>\n\t<meta property=\"og:image:width\" content=\"1170\" \/>\n\t<meta property=\"og:image:height\" content=\"700\" \/>\n\t<meta property=\"og:image:type\" content=\"image\/jpeg\" \/>\n<meta name=\"author\" content=\"Rose\" \/>\n<meta name=\"twitter:card\" content=\"summary_large_image\" \/>\n<meta name=\"twitter:label1\" content=\"Escrito por\" \/>\n\t<meta name=\"twitter:data1\" content=\"Rose\" \/>\n\t<meta name=\"twitter:label2\" content=\"Est. tempo de leitura\" \/>\n\t<meta name=\"twitter:data2\" content=\"5 minutos\" \/>\n<script type=\"application\/ld+json\" class=\"yoast-schema-graph\">{\"@context\":\"https:\/\/schema.org\",\"@graph\":[{\"@type\":\"Article\",\"@id\":\"https:\/\/progresso.com.br\/index.php\/2026\/04\/29\/copom-decide-selic-em-meio-a-guerra-e-inflacao-acelerando\/#article\",\"isPartOf\":{\"@id\":\"https:\/\/progresso.com.br\/index.php\/2026\/04\/29\/copom-decide-selic-em-meio-a-guerra-e-inflacao-acelerando\/\"},\"author\":{\"name\":\"Rose\",\"@id\":\"https:\/\/progresso.com.br\/#\/schema\/person\/5dd27138d4463fbbaace62120bfc002b\"},\"headline\":\"Copom decide Selic em meio a guerra e infla\u00e7\u00e3o acelerando\",\"datePublished\":\"2026-04-29T12:53:25+00:00\",\"dateModified\":\"2026-04-29T12:53:26+00:00\",\"mainEntityOfPage\":{\"@id\":\"https:\/\/progresso.com.br\/index.php\/2026\/04\/29\/copom-decide-selic-em-meio-a-guerra-e-inflacao-acelerando\/\"},\"wordCount\":882,\"commentCount\":0,\"publisher\":{\"@id\":\"https:\/\/progresso.com.br\/#organization\"},\"image\":{\"@id\":\"https:\/\/progresso.com.br\/index.php\/2026\/04\/29\/copom-decide-selic-em-meio-a-guerra-e-inflacao-acelerando\/#primaryimage\"},\"thumbnailUrl\":\"https:\/\/progresso.com.br\/wp-content\/uploads\/2026\/04\/banco_central_economia_0413202009.jpg\",\"articleSection\":[\"Economia\",\"Em destaque\"],\"inLanguage\":\"pt-BR\",\"potentialAction\":[{\"@type\":\"CommentAction\",\"name\":\"Comment\",\"target\":[\"https:\/\/progresso.com.br\/index.php\/2026\/04\/29\/copom-decide-selic-em-meio-a-guerra-e-inflacao-acelerando\/#respond\"]}]},{\"@type\":\"WebPage\",\"@id\":\"https:\/\/progresso.com.br\/index.php\/2026\/04\/29\/copom-decide-selic-em-meio-a-guerra-e-inflacao-acelerando\/\",\"url\":\"https:\/\/progresso.com.br\/index.php\/2026\/04\/29\/copom-decide-selic-em-meio-a-guerra-e-inflacao-acelerando\/\",\"name\":\"Copom decide Selic em meio a guerra e infla\u00e7\u00e3o acelerando - O PROGRESSO\",\"isPartOf\":{\"@id\":\"https:\/\/progresso.com.br\/#website\"},\"primaryImageOfPage\":{\"@id\":\"https:\/\/progresso.com.br\/index.php\/2026\/04\/29\/copom-decide-selic-em-meio-a-guerra-e-inflacao-acelerando\/#primaryimage\"},\"image\":{\"@id\":\"https:\/\/progresso.com.br\/index.php\/2026\/04\/29\/copom-decide-selic-em-meio-a-guerra-e-inflacao-acelerando\/#primaryimage\"},\"thumbnailUrl\":\"https:\/\/progresso.com.br\/wp-content\/uploads\/2026\/04\/banco_central_economia_0413202009.jpg\",\"datePublished\":\"2026-04-29T12:53:25+00:00\",\"dateModified\":\"2026-04-29T12:53:26+00:00\",\"breadcrumb\":{\"@id\":\"https:\/\/progresso.com.br\/index.php\/2026\/04\/29\/copom-decide-selic-em-meio-a-guerra-e-inflacao-acelerando\/#breadcrumb\"},\"inLanguage\":\"pt-BR\",\"potentialAction\":[{\"@type\":\"ReadAction\",\"target\":[\"https:\/\/progresso.com.br\/index.php\/2026\/04\/29\/copom-decide-selic-em-meio-a-guerra-e-inflacao-acelerando\/\"]}]},{\"@type\":\"ImageObject\",\"inLanguage\":\"pt-BR\",\"@id\":\"https:\/\/progresso.com.br\/index.php\/2026\/04\/29\/copom-decide-selic-em-meio-a-guerra-e-inflacao-acelerando\/#primaryimage\",\"url\":\"https:\/\/progresso.com.br\/wp-content\/uploads\/2026\/04\/banco_central_economia_0413202009.jpg\",\"contentUrl\":\"https:\/\/progresso.com.br\/wp-content\/uploads\/2026\/04\/banco_central_economia_0413202009.jpg\",\"width\":1170,\"height\":700,\"caption\":\"( Marcello Casal JrAg\u00eancia Brasil)\"},{\"@type\":\"BreadcrumbList\",\"@id\":\"https:\/\/progresso.com.br\/index.php\/2026\/04\/29\/copom-decide-selic-em-meio-a-guerra-e-inflacao-acelerando\/#breadcrumb\",\"itemListElement\":[{\"@type\":\"ListItem\",\"position\":1,\"name\":\"In\u00edcio\",\"item\":\"https:\/\/progresso.com.br\/\"},{\"@type\":\"ListItem\",\"position\":2,\"name\":\"Copom decide Selic em meio a guerra e infla\u00e7\u00e3o acelerando\"}]},{\"@type\":\"WebSite\",\"@id\":\"https:\/\/progresso.com.br\/#website\",\"url\":\"https:\/\/progresso.com.br\/\",\"name\":\"O PROGRESSO\",\"description\":\"\",\"publisher\":{\"@id\":\"https:\/\/progresso.com.br\/#organization\"},\"potentialAction\":[{\"@type\":\"SearchAction\",\"target\":{\"@type\":\"EntryPoint\",\"urlTemplate\":\"https:\/\/progresso.com.br\/?s={search_term_string}\"},\"query-input\":{\"@type\":\"PropertyValueSpecification\",\"valueRequired\":true,\"valueName\":\"search_term_string\"}}],\"inLanguage\":\"pt-BR\"},{\"@type\":\"Organization\",\"@id\":\"https:\/\/progresso.com.br\/#organization\",\"name\":\"O PROGRESSO\",\"url\":\"https:\/\/progresso.com.br\/\",\"logo\":{\"@type\":\"ImageObject\",\"inLanguage\":\"pt-BR\",\"@id\":\"https:\/\/progresso.com.br\/#\/schema\/logo\/image\/\",\"url\":\"https:\/\/progresso.com.br\/wp-content\/uploads\/2026\/03\/logo_proog.jpg\",\"contentUrl\":\"https:\/\/progresso.com.br\/wp-content\/uploads\/2026\/03\/logo_proog.jpg\",\"width\":1960,\"height\":1080,\"caption\":\"O PROGRESSO\"},\"image\":{\"@id\":\"https:\/\/progresso.com.br\/#\/schema\/logo\/image\/\"},\"sameAs\":[\"https:\/\/www.facebook.com\/share\/1CeoksKBj6\/\",\"https:\/\/www.instagram.com\/oprogresso_digital\"]},{\"@type\":\"Person\",\"@id\":\"https:\/\/progresso.com.br\/#\/schema\/person\/5dd27138d4463fbbaace62120bfc002b\",\"name\":\"Rose\",\"image\":{\"@type\":\"ImageObject\",\"inLanguage\":\"pt-BR\",\"@id\":\"https:\/\/progresso.com.br\/#\/schema\/person\/image\/\",\"url\":\"https:\/\/secure.gravatar.com\/avatar\/1b6890e759cdd3a88d9f751cb423720b9861c5239167cd3586355638b6556599?s=96&d=mm&r=g\",\"contentUrl\":\"https:\/\/secure.gravatar.com\/avatar\/1b6890e759cdd3a88d9f751cb423720b9861c5239167cd3586355638b6556599?s=96&d=mm&r=g\",\"caption\":\"Rose\"},\"url\":\"https:\/\/progresso.com.br\/index.php\/author\/rose\/\"}]}<\/script>\n<!-- \/ Yoast SEO plugin. -->","yoast_head_json":{"title":"Copom decide Selic em meio a guerra e infla\u00e7\u00e3o acelerando - O PROGRESSO","robots":{"index":"index","follow":"follow","max-snippet":"max-snippet:-1","max-image-preview":"max-image-preview:large","max-video-preview":"max-video-preview:-1"},"canonical":"https:\/\/progresso.com.br\/index.php\/2026\/04\/29\/copom-decide-selic-em-meio-a-guerra-e-inflacao-acelerando\/","og_locale":"pt_BR","og_type":"article","og_title":"Copom decide Selic em meio a guerra e infla\u00e7\u00e3o acelerando - O PROGRESSO","og_description":"Analistas de mercado acreditam na segunda redu\u00e7\u00e3o seguida de juros Wellton M\u00e1ximo \u2013 Ag\u00eancia Brasil Com a guerra no Oriente M\u00e9dio pressionando o pre\u00e7o dos combust\u00edveis e a infla\u00e7\u00e3o, o Comit\u00ea de Pol\u00edtica Monet\u00e1ria (Copom) do Banco Central (BC) faz nesta quarta-feira (29) a terceira reuni\u00e3o do ano.&nbsp;Mesmo com a alta do petr\u00f3leo, os analistas [&hellip;]","og_url":"https:\/\/progresso.com.br\/index.php\/2026\/04\/29\/copom-decide-selic-em-meio-a-guerra-e-inflacao-acelerando\/","og_site_name":"O PROGRESSO","article_publisher":"https:\/\/www.facebook.com\/share\/1CeoksKBj6\/","article_published_time":"2026-04-29T12:53:25+00:00","article_modified_time":"2026-04-29T12:53:26+00:00","og_image":[{"width":1170,"height":700,"url":"https:\/\/progresso.com.br\/wp-content\/uploads\/2026\/04\/banco_central_economia_0413202009.jpg","type":"image\/jpeg"}],"author":"Rose","twitter_card":"summary_large_image","twitter_misc":{"Escrito por":"Rose","Est. tempo de leitura":"5 minutos"},"schema":{"@context":"https:\/\/schema.org","@graph":[{"@type":"Article","@id":"https:\/\/progresso.com.br\/index.php\/2026\/04\/29\/copom-decide-selic-em-meio-a-guerra-e-inflacao-acelerando\/#article","isPartOf":{"@id":"https:\/\/progresso.com.br\/index.php\/2026\/04\/29\/copom-decide-selic-em-meio-a-guerra-e-inflacao-acelerando\/"},"author":{"name":"Rose","@id":"https:\/\/progresso.com.br\/#\/schema\/person\/5dd27138d4463fbbaace62120bfc002b"},"headline":"Copom decide Selic em meio a guerra e infla\u00e7\u00e3o acelerando","datePublished":"2026-04-29T12:53:25+00:00","dateModified":"2026-04-29T12:53:26+00:00","mainEntityOfPage":{"@id":"https:\/\/progresso.com.br\/index.php\/2026\/04\/29\/copom-decide-selic-em-meio-a-guerra-e-inflacao-acelerando\/"},"wordCount":882,"commentCount":0,"publisher":{"@id":"https:\/\/progresso.com.br\/#organization"},"image":{"@id":"https:\/\/progresso.com.br\/index.php\/2026\/04\/29\/copom-decide-selic-em-meio-a-guerra-e-inflacao-acelerando\/#primaryimage"},"thumbnailUrl":"https:\/\/progresso.com.br\/wp-content\/uploads\/2026\/04\/banco_central_economia_0413202009.jpg","articleSection":["Economia","Em destaque"],"inLanguage":"pt-BR","potentialAction":[{"@type":"CommentAction","name":"Comment","target":["https:\/\/progresso.com.br\/index.php\/2026\/04\/29\/copom-decide-selic-em-meio-a-guerra-e-inflacao-acelerando\/#respond"]}]},{"@type":"WebPage","@id":"https:\/\/progresso.com.br\/index.php\/2026\/04\/29\/copom-decide-selic-em-meio-a-guerra-e-inflacao-acelerando\/","url":"https:\/\/progresso.com.br\/index.php\/2026\/04\/29\/copom-decide-selic-em-meio-a-guerra-e-inflacao-acelerando\/","name":"Copom decide Selic em meio a guerra e infla\u00e7\u00e3o acelerando - O PROGRESSO","isPartOf":{"@id":"https:\/\/progresso.com.br\/#website"},"primaryImageOfPage":{"@id":"https:\/\/progresso.com.br\/index.php\/2026\/04\/29\/copom-decide-selic-em-meio-a-guerra-e-inflacao-acelerando\/#primaryimage"},"image":{"@id":"https:\/\/progresso.com.br\/index.php\/2026\/04\/29\/copom-decide-selic-em-meio-a-guerra-e-inflacao-acelerando\/#primaryimage"},"thumbnailUrl":"https:\/\/progresso.com.br\/wp-content\/uploads\/2026\/04\/banco_central_economia_0413202009.jpg","datePublished":"2026-04-29T12:53:25+00:00","dateModified":"2026-04-29T12:53:26+00:00","breadcrumb":{"@id":"https:\/\/progresso.com.br\/index.php\/2026\/04\/29\/copom-decide-selic-em-meio-a-guerra-e-inflacao-acelerando\/#breadcrumb"},"inLanguage":"pt-BR","potentialAction":[{"@type":"ReadAction","target":["https:\/\/progresso.com.br\/index.php\/2026\/04\/29\/copom-decide-selic-em-meio-a-guerra-e-inflacao-acelerando\/"]}]},{"@type":"ImageObject","inLanguage":"pt-BR","@id":"https:\/\/progresso.com.br\/index.php\/2026\/04\/29\/copom-decide-selic-em-meio-a-guerra-e-inflacao-acelerando\/#primaryimage","url":"https:\/\/progresso.com.br\/wp-content\/uploads\/2026\/04\/banco_central_economia_0413202009.jpg","contentUrl":"https:\/\/progresso.com.br\/wp-content\/uploads\/2026\/04\/banco_central_economia_0413202009.jpg","width":1170,"height":700,"caption":"( Marcello Casal JrAg\u00eancia Brasil)"},{"@type":"BreadcrumbList","@id":"https:\/\/progresso.com.br\/index.php\/2026\/04\/29\/copom-decide-selic-em-meio-a-guerra-e-inflacao-acelerando\/#breadcrumb","itemListElement":[{"@type":"ListItem","position":1,"name":"In\u00edcio","item":"https:\/\/progresso.com.br\/"},{"@type":"ListItem","position":2,"name":"Copom decide Selic em meio a guerra e infla\u00e7\u00e3o acelerando"}]},{"@type":"WebSite","@id":"https:\/\/progresso.com.br\/#website","url":"https:\/\/progresso.com.br\/","name":"O PROGRESSO","description":"","publisher":{"@id":"https:\/\/progresso.com.br\/#organization"},"potentialAction":[{"@type":"SearchAction","target":{"@type":"EntryPoint","urlTemplate":"https:\/\/progresso.com.br\/?s={search_term_string}"},"query-input":{"@type":"PropertyValueSpecification","valueRequired":true,"valueName":"search_term_string"}}],"inLanguage":"pt-BR"},{"@type":"Organization","@id":"https:\/\/progresso.com.br\/#organization","name":"O PROGRESSO","url":"https:\/\/progresso.com.br\/","logo":{"@type":"ImageObject","inLanguage":"pt-BR","@id":"https:\/\/progresso.com.br\/#\/schema\/logo\/image\/","url":"https:\/\/progresso.com.br\/wp-content\/uploads\/2026\/03\/logo_proog.jpg","contentUrl":"https:\/\/progresso.com.br\/wp-content\/uploads\/2026\/03\/logo_proog.jpg","width":1960,"height":1080,"caption":"O PROGRESSO"},"image":{"@id":"https:\/\/progresso.com.br\/#\/schema\/logo\/image\/"},"sameAs":["https:\/\/www.facebook.com\/share\/1CeoksKBj6\/","https:\/\/www.instagram.com\/oprogresso_digital"]},{"@type":"Person","@id":"https:\/\/progresso.com.br\/#\/schema\/person\/5dd27138d4463fbbaace62120bfc002b","name":"Rose","image":{"@type":"ImageObject","inLanguage":"pt-BR","@id":"https:\/\/progresso.com.br\/#\/schema\/person\/image\/","url":"https:\/\/secure.gravatar.com\/avatar\/1b6890e759cdd3a88d9f751cb423720b9861c5239167cd3586355638b6556599?s=96&d=mm&r=g","contentUrl":"https:\/\/secure.gravatar.com\/avatar\/1b6890e759cdd3a88d9f751cb423720b9861c5239167cd3586355638b6556599?s=96&d=mm&r=g","caption":"Rose"},"url":"https:\/\/progresso.com.br\/index.php\/author\/rose\/"}]}},"_links":{"self":[{"href":"https:\/\/progresso.com.br\/index.php\/wp-json\/wp\/v2\/posts\/5057","targetHints":{"allow":["GET"]}}],"collection":[{"href":"https:\/\/progresso.com.br\/index.php\/wp-json\/wp\/v2\/posts"}],"about":[{"href":"https:\/\/progresso.com.br\/index.php\/wp-json\/wp\/v2\/types\/post"}],"author":[{"embeddable":true,"href":"https:\/\/progresso.com.br\/index.php\/wp-json\/wp\/v2\/users\/2"}],"replies":[{"embeddable":true,"href":"https:\/\/progresso.com.br\/index.php\/wp-json\/wp\/v2\/comments?post=5057"}],"version-history":[{"count":1,"href":"https:\/\/progresso.com.br\/index.php\/wp-json\/wp\/v2\/posts\/5057\/revisions"}],"predecessor-version":[{"id":5059,"href":"https:\/\/progresso.com.br\/index.php\/wp-json\/wp\/v2\/posts\/5057\/revisions\/5059"}],"wp:featuredmedia":[{"embeddable":true,"href":"https:\/\/progresso.com.br\/index.php\/wp-json\/wp\/v2\/media\/5058"}],"wp:attachment":[{"href":"https:\/\/progresso.com.br\/index.php\/wp-json\/wp\/v2\/media?parent=5057"}],"wp:term":[{"taxonomy":"category","embeddable":true,"href":"https:\/\/progresso.com.br\/index.php\/wp-json\/wp\/v2\/categories?post=5057"},{"taxonomy":"post_tag","embeddable":true,"href":"https:\/\/progresso.com.br\/index.php\/wp-json\/wp\/v2\/tags?post=5057"}],"curies":[{"name":"wp","href":"https:\/\/api.w.org\/{rel}","templated":true}]}}