{"id":5072,"date":"2026-04-29T09:58:07","date_gmt":"2026-04-29T13:58:07","guid":{"rendered":"https:\/\/progresso.com.br\/?p=5072"},"modified":"2026-04-29T09:58:08","modified_gmt":"2026-04-29T13:58:08","slug":"ignorando-boatos-neno-razuk-mantem-pre-candidatura-a-federal","status":"publish","type":"post","link":"https:\/\/progresso.com.br\/index.php\/2026\/04\/29\/ignorando-boatos-neno-razuk-mantem-pre-candidatura-a-federal\/","title":{"rendered":"Ignorando boatos, Neno Razuk mant\u00e9m pr\u00e9-candidatura a federal"},"content":{"rendered":"\n<div class=\"wp-block-media-text is-stacked-on-mobile\"><figure class=\"wp-block-media-text__media\"><img loading=\"lazy\" decoding=\"async\" width=\"567\" height=\"378\" src=\"https:\/\/progresso.com.br\/wp-content\/uploads\/2026\/04\/Neno-Razuk.jpeg\" alt=\"\" class=\"wp-image-5073 size-full\" srcset=\"https:\/\/progresso.com.br\/wp-content\/uploads\/2026\/04\/Neno-Razuk.jpeg 567w, https:\/\/progresso.com.br\/wp-content\/uploads\/2026\/04\/Neno-Razuk-300x200.jpeg 300w\" sizes=\"auto, (max-width: 567px) 100vw, 567px\" \/><\/figure><div class=\"wp-block-media-text__content\">\n<p><em>O deputado estadual Neno Razuk (PL) tem ignorado boatos de que n\u00e3o pretenderia concorrer a qualquer cargo na elei\u00e7\u00e3o de outubro pr\u00f3ximo. Dias atr\u00e1s, ele manteve longa reuni\u00e3o com o presidente estadual do PL, ex-governador Reinaldo Azambuja, quando ficou acordado que Neno vai mesmo disputar uma cadeira na C\u00e2mara Federal. O partido tem expectativa de eleger \u00b4dois ou tr\u00eas\u00b4 nomes da chapa completa.<\/em><\/p>\n\n\n\n<p><\/p>\n<\/div><\/div>\n\n\n\n<p><\/p>\n\n\n\n<p><strong>Banheiro<\/strong><\/p>\n\n\n\n<p>A falta de banheiro na C\u00e2mara de Vereadores de Dourados, tema da ilustra\u00e7\u00e3o da coluna anterior, deu o que falar durante todo o dia. Seja pelo t\u00edtulo atraente, pela ilustra\u00e7\u00e3o divertida ou mesmo pelo absurdo da situa\u00e7\u00e3o, o fato \u00e9 que <strong>De Olho<\/strong> esteve na boca do povo. Mais uma vez!<\/p>\n\n\n\n<p>&#8230;<\/p>\n\n\n\n<p><strong>Banheiro privativo<\/strong><\/p>\n\n\n\n<p>O fato \u00e9 simples: s\u00f3 existe um banheiro para ser utilizado por vereadores, funcion\u00e1rios da Casa de Leis e pelo p\u00fablico que vai at\u00e9 l\u00e1. Apenas no gabinete da presid\u00eancia da Mesa Diretora existe um banheiro privativo. E, como o nome diz, \u00e9 privativo.<\/p>\n\n\n\n<p>&#8230;<\/p>\n\n\n\n<p><strong>Banheiro alternativo<\/strong><\/p>\n\n\n\n<p>Para os mais apertados e que precisarem usar o banheiro com urg\u00eancia, a sa\u00edda \u00e9 correr at\u00e9 chegar em um dos banheiros do shopping. Vale lembrar que tem um banheiro pertinho da escada que d\u00e1 acesso ao estacionamento do shopping.<\/p>\n\n\n\n<p>&#8230;<\/p>\n\n\n\n<p><strong>Banheiro, ainda<\/strong><\/p>\n\n\n\n<p>Para quem est\u00e1 trabalhando na C\u00e2mara, sorte tem quem est\u00e1 mais perto daquele banheiro existente. J\u00e1 os que est\u00e3o mais distantes, como o pessoal da cozinha, da inform\u00e1tica e de alguns gabinetes, a solu\u00e7\u00e3o \u00e9 correr mesmo.<\/p>\n\n\n\n<p>&#8230;<\/p>\n\n\n\n<p><strong>Banheiro, estrutura<\/strong><\/p>\n\n\n\n<p>Passarinho que voa todos os dias pelos corredores da C\u00e2mara de Dourados comentou que \u201ca estrutura \u00e0 disposi\u00e7\u00e3o do trabalho legislativo \u00e9 rid\u00edcula e absurdamente defasada\u201d.<\/p>\n\n\n\n<p>&#8230;<\/p>\n\n\n\n<p><strong>Confian\u00e7a<\/strong><\/p>\n\n\n\n<p>Ficaram p\u00fabicos os nomes dos coordenadores da campanha que ter\u00e1 por meta conquistar o segundo mandato para o governador Eduardo Riedel (PP) nas elei\u00e7\u00f5es gerais de outubro deste ano. Do c\u00edrculo de confian\u00e7a do governador, os escolhidos s\u00e3o Frederico Felini e S\u00e9rgio Gon\u00e7alves.<\/p>\n\n\n\n<p>&#8230;<\/p>\n\n\n\n<p><strong>Confian\u00e7a, ainda<\/strong><\/p>\n\n\n\n<p>Felini e Gon\u00e7alves integravam o primeiro escal\u00e3o da gest\u00e3o atual e j\u00e1 est\u00e3o oficialmente desligados de suas fun\u00e7\u00f5es para, a partir de agora, se dedicarem integralmente aos preparativos para a campanha.<\/p>\n\n\n\n<p>&#8230;<\/p>\n\n\n\n<p><strong>Mais confian\u00e7a<\/strong><\/p>\n\n\n\n<p>Frederico Felini era o titular da secretaria estadual de Administra\u00e7\u00e3o e S\u00e9rgio Gon\u00e7alvez era o secret\u00e1rio-adjunto da secretaria estadual de Educa\u00e7\u00e3o. A data oficial do in\u00edcio da campanha \u00e9 16 de agosto, mas o trabalho deles come\u00e7a j\u00e1.<\/p>\n\n\n\n<p>&#8230;<\/p>\n\n\n\n<p><strong>CCZ<\/strong><\/p>\n\n\n\n<p>O pessoal do Centro de Controle de Zoonoses da prefeitura de Dourados precisa dar uma passadinha num terreno localizado bem pertinho da sede da Apae (Associa\u00e7\u00e3o de Pais e Amigos dos Excepcionais), na rua General Os\u00f3rio.<\/p>\n\n\n\n<p>&#8230;<\/p>\n\n\n\n<p><strong>CCZ, ainda<\/strong><\/p>\n\n\n\n<p>Moradores da vizinhan\u00e7a enviaram fotos para esta coluna mostrando o estado em que se encontra o terreno, onde existe uma piscina que est\u00e1 abandonada. Com a leve chuva dos \u00faltimos o volume de \u00e1gua suja da tal piscina aumentou.<\/p>\n\n\n\n<p>&#8230;<\/p>\n\n\n\n<p><strong>Mais CCZ<\/strong><\/p>\n\n\n\n<p>Os vizinhos relatam que a grama tamb\u00e9m est\u00e1 alta, mas a preocupa\u00e7\u00e3o maior \u00e9 mesmo com a \u00e1gua na piscina que tem tudo para se tornar (se \u00e9 que j\u00e1 n\u00e3o se tornou) um criadouro de mosquitos transmissores de doen\u00e7as como dengue e Chikungunya.<\/p>\n\n\n\n<p>&#8230;<\/p>\n\n\n\n<p><strong>Afastamento<\/strong><\/p>\n\n\n\n<p>O relator do caso que julga deputados federais que obstru\u00edram acesso \u00e0 Mesa Diretora da C\u00e2mara dos Deputados durante ocupa\u00e7\u00e3o de agosto do ano passado est\u00e1 pedindo dois meses de suspens\u00e3o para os tr\u00eas deputados envolvidos. Entre eles, est\u00e1 Marcos Pollon (PL), aqui de Mato Grosso do Sul.<\/p>\n\n\n\n<p>&#8230;<\/p>\n\n\n\n<p><strong>Afastamento, ainda<\/strong><\/p>\n\n\n\n<p>O relator \u00e9 o deputado Moses Rodrigues (Uni\u00e3o-CE), que antecipou seu voto nas representa\u00e7\u00f5es em andamento contra os tr\u00eas parlamentares. Por enquanto, Pollon se diz pr\u00e9-candidato ao Senado da Rep\u00fablica e que n\u00e3o deseja concorrer a outro mandato de deputado federal.<\/p>\n\n\n\n<p>&#8230;<\/p>\n\n\n\n<p><strong>Ip\u00eas, fonte<\/strong><\/p>\n\n\n\n<p>A coluna anterior contou que o vereador Inspetor Cabral (PSD) encontrou larvas de mosquito na \u00e1gua parada numa fonte desativada no Parque dos Ip\u00eas. Ontem mesmo ele recebeu a informa\u00e7\u00e3o de que o problema havia sido solucionado.<\/p>\n\n\n\n<p>&#8230;<\/p>\n\n\n\n<p><strong>Ip\u00eas, buraco<\/strong><\/p>\n\n\n\n<p>A solu\u00e7\u00e3o \u00e9 de deixar o queixo ca\u00eddo: foi aberto um buraco num dos cantos da fonte para a \u00e1gua escorrer. Que bela solu\u00e7\u00e3o que a prefeitura encontrou para resolver o problema, heim!<\/p>\n\n\n\n<p>&#8230;<\/p>\n","protected":false},"excerpt":{"rendered":"<p>O deputado estadual Neno Razuk (PL) tem ignorado boatos de que n\u00e3o pretenderia concorrer a qualquer cargo na elei\u00e7\u00e3o de outubro pr\u00f3ximo. Dias atr\u00e1s, ele manteve longa reuni\u00e3o com o presidente estadual do PL, ex-governador Reinaldo Azambuja, quando ficou acordado que Neno vai mesmo disputar uma cadeira na C\u00e2mara Federal. O partido tem expectativa de [&hellip;]<\/p>\n","protected":false},"author":3,"featured_media":5074,"comment_status":"open","ping_status":"open","sticky":false,"template":"","format":"standard","meta":{"footnotes":""},"categories":[26],"tags":[],"class_list":["post-5072","post","type-post","status-publish","format-standard","has-post-thumbnail","hentry","category-de-olho"],"yoast_head":"<!-- This site is optimized with the Yoast SEO plugin v27.1.1 - https:\/\/yoast.com\/product\/yoast-seo-wordpress\/ -->\n<title>Ignorando boatos, Neno Razuk mant\u00e9m pr\u00e9-candidatura a federal - O PROGRESSO<\/title>\n<meta name=\"robots\" content=\"index, follow, max-snippet:-1, max-image-preview:large, max-video-preview:-1\" \/>\n<link rel=\"canonical\" href=\"https:\/\/progresso.com.br\/index.php\/2026\/04\/29\/ignorando-boatos-neno-razuk-mantem-pre-candidatura-a-federal\/\" \/>\n<meta property=\"og:locale\" content=\"pt_BR\" \/>\n<meta property=\"og:type\" content=\"article\" \/>\n<meta property=\"og:title\" content=\"Ignorando boatos, Neno Razuk mant\u00e9m pr\u00e9-candidatura a federal - O PROGRESSO\" \/>\n<meta property=\"og:description\" content=\"O deputado estadual Neno Razuk (PL) tem ignorado boatos de que n\u00e3o pretenderia concorrer a qualquer cargo na elei\u00e7\u00e3o de outubro pr\u00f3ximo. Dias atr\u00e1s, ele manteve longa reuni\u00e3o com o presidente estadual do PL, ex-governador Reinaldo Azambuja, quando ficou acordado que Neno vai mesmo disputar uma cadeira na C\u00e2mara Federal. O partido tem expectativa de [&hellip;]\" \/>\n<meta property=\"og:url\" content=\"https:\/\/progresso.com.br\/index.php\/2026\/04\/29\/ignorando-boatos-neno-razuk-mantem-pre-candidatura-a-federal\/\" \/>\n<meta property=\"og:site_name\" content=\"O PROGRESSO\" \/>\n<meta property=\"article:publisher\" content=\"https:\/\/www.facebook.com\/share\/1CeoksKBj6\/\" \/>\n<meta property=\"article:published_time\" content=\"2026-04-29T13:58:07+00:00\" \/>\n<meta property=\"article:modified_time\" content=\"2026-04-29T13:58:08+00:00\" \/>\n<meta property=\"og:image\" content=\"https:\/\/progresso.com.br\/wp-content\/uploads\/2026\/04\/Neno-Razuk-1.jpeg\" \/>\n\t<meta property=\"og:image:width\" content=\"567\" \/>\n\t<meta property=\"og:image:height\" content=\"378\" \/>\n\t<meta property=\"og:image:type\" content=\"image\/jpeg\" \/>\n<meta name=\"author\" content=\"Alfredo\" \/>\n<meta name=\"twitter:card\" content=\"summary_large_image\" \/>\n<meta name=\"twitter:label1\" content=\"Escrito por\" \/>\n\t<meta name=\"twitter:data1\" content=\"Alfredo\" \/>\n\t<meta name=\"twitter:label2\" content=\"Est. tempo de leitura\" \/>\n\t<meta name=\"twitter:data2\" content=\"5 minutos\" \/>\n<script type=\"application\/ld+json\" class=\"yoast-schema-graph\">{\"@context\":\"https:\/\/schema.org\",\"@graph\":[{\"@type\":\"Article\",\"@id\":\"https:\/\/progresso.com.br\/index.php\/2026\/04\/29\/ignorando-boatos-neno-razuk-mantem-pre-candidatura-a-federal\/#article\",\"isPartOf\":{\"@id\":\"https:\/\/progresso.com.br\/index.php\/2026\/04\/29\/ignorando-boatos-neno-razuk-mantem-pre-candidatura-a-federal\/\"},\"author\":{\"name\":\"Alfredo\",\"@id\":\"https:\/\/progresso.com.br\/#\/schema\/person\/b7390ac97c5e156cc2e02aa8e88f1bf2\"},\"headline\":\"Ignorando boatos, Neno Razuk mant\u00e9m pr\u00e9-candidatura a federal\",\"datePublished\":\"2026-04-29T13:58:07+00:00\",\"dateModified\":\"2026-04-29T13:58:08+00:00\",\"mainEntityOfPage\":{\"@id\":\"https:\/\/progresso.com.br\/index.php\/2026\/04\/29\/ignorando-boatos-neno-razuk-mantem-pre-candidatura-a-federal\/\"},\"wordCount\":744,\"commentCount\":0,\"publisher\":{\"@id\":\"https:\/\/progresso.com.br\/#organization\"},\"image\":{\"@id\":\"https:\/\/progresso.com.br\/index.php\/2026\/04\/29\/ignorando-boatos-neno-razuk-mantem-pre-candidatura-a-federal\/#primaryimage\"},\"thumbnailUrl\":\"https:\/\/progresso.com.br\/wp-content\/uploads\/2026\/04\/Neno-Razuk-1.jpeg\",\"articleSection\":[\"De Olho\"],\"inLanguage\":\"pt-BR\",\"potentialAction\":[{\"@type\":\"CommentAction\",\"name\":\"Comment\",\"target\":[\"https:\/\/progresso.com.br\/index.php\/2026\/04\/29\/ignorando-boatos-neno-razuk-mantem-pre-candidatura-a-federal\/#respond\"]}]},{\"@type\":\"WebPage\",\"@id\":\"https:\/\/progresso.com.br\/index.php\/2026\/04\/29\/ignorando-boatos-neno-razuk-mantem-pre-candidatura-a-federal\/\",\"url\":\"https:\/\/progresso.com.br\/index.php\/2026\/04\/29\/ignorando-boatos-neno-razuk-mantem-pre-candidatura-a-federal\/\",\"name\":\"Ignorando boatos, Neno Razuk mant\u00e9m pr\u00e9-candidatura a federal - O PROGRESSO\",\"isPartOf\":{\"@id\":\"https:\/\/progresso.com.br\/#website\"},\"primaryImageOfPage\":{\"@id\":\"https:\/\/progresso.com.br\/index.php\/2026\/04\/29\/ignorando-boatos-neno-razuk-mantem-pre-candidatura-a-federal\/#primaryimage\"},\"image\":{\"@id\":\"https:\/\/progresso.com.br\/index.php\/2026\/04\/29\/ignorando-boatos-neno-razuk-mantem-pre-candidatura-a-federal\/#primaryimage\"},\"thumbnailUrl\":\"https:\/\/progresso.com.br\/wp-content\/uploads\/2026\/04\/Neno-Razuk-1.jpeg\",\"datePublished\":\"2026-04-29T13:58:07+00:00\",\"dateModified\":\"2026-04-29T13:58:08+00:00\",\"breadcrumb\":{\"@id\":\"https:\/\/progresso.com.br\/index.php\/2026\/04\/29\/ignorando-boatos-neno-razuk-mantem-pre-candidatura-a-federal\/#breadcrumb\"},\"inLanguage\":\"pt-BR\",\"potentialAction\":[{\"@type\":\"ReadAction\",\"target\":[\"https:\/\/progresso.com.br\/index.php\/2026\/04\/29\/ignorando-boatos-neno-razuk-mantem-pre-candidatura-a-federal\/\"]}]},{\"@type\":\"ImageObject\",\"inLanguage\":\"pt-BR\",\"@id\":\"https:\/\/progresso.com.br\/index.php\/2026\/04\/29\/ignorando-boatos-neno-razuk-mantem-pre-candidatura-a-federal\/#primaryimage\",\"url\":\"https:\/\/progresso.com.br\/wp-content\/uploads\/2026\/04\/Neno-Razuk-1.jpeg\",\"contentUrl\":\"https:\/\/progresso.com.br\/wp-content\/uploads\/2026\/04\/Neno-Razuk-1.jpeg\",\"width\":567,\"height\":378},{\"@type\":\"BreadcrumbList\",\"@id\":\"https:\/\/progresso.com.br\/index.php\/2026\/04\/29\/ignorando-boatos-neno-razuk-mantem-pre-candidatura-a-federal\/#breadcrumb\",\"itemListElement\":[{\"@type\":\"ListItem\",\"position\":1,\"name\":\"In\u00edcio\",\"item\":\"https:\/\/progresso.com.br\/\"},{\"@type\":\"ListItem\",\"position\":2,\"name\":\"Ignorando boatos, Neno Razuk mant\u00e9m pr\u00e9-candidatura a federal\"}]},{\"@type\":\"WebSite\",\"@id\":\"https:\/\/progresso.com.br\/#website\",\"url\":\"https:\/\/progresso.com.br\/\",\"name\":\"O PROGRESSO\",\"description\":\"\",\"publisher\":{\"@id\":\"https:\/\/progresso.com.br\/#organization\"},\"potentialAction\":[{\"@type\":\"SearchAction\",\"target\":{\"@type\":\"EntryPoint\",\"urlTemplate\":\"https:\/\/progresso.com.br\/?s={search_term_string}\"},\"query-input\":{\"@type\":\"PropertyValueSpecification\",\"valueRequired\":true,\"valueName\":\"search_term_string\"}}],\"inLanguage\":\"pt-BR\"},{\"@type\":\"Organization\",\"@id\":\"https:\/\/progresso.com.br\/#organization\",\"name\":\"O PROGRESSO\",\"url\":\"https:\/\/progresso.com.br\/\",\"logo\":{\"@type\":\"ImageObject\",\"inLanguage\":\"pt-BR\",\"@id\":\"https:\/\/progresso.com.br\/#\/schema\/logo\/image\/\",\"url\":\"https:\/\/progresso.com.br\/wp-content\/uploads\/2026\/03\/logo_proog.jpg\",\"contentUrl\":\"https:\/\/progresso.com.br\/wp-content\/uploads\/2026\/03\/logo_proog.jpg\",\"width\":1960,\"height\":1080,\"caption\":\"O PROGRESSO\"},\"image\":{\"@id\":\"https:\/\/progresso.com.br\/#\/schema\/logo\/image\/\"},\"sameAs\":[\"https:\/\/www.facebook.com\/share\/1CeoksKBj6\/\",\"https:\/\/www.instagram.com\/oprogresso_digital\"]},{\"@type\":\"Person\",\"@id\":\"https:\/\/progresso.com.br\/#\/schema\/person\/b7390ac97c5e156cc2e02aa8e88f1bf2\",\"name\":\"Alfredo\",\"image\":{\"@type\":\"ImageObject\",\"inLanguage\":\"pt-BR\",\"@id\":\"https:\/\/progresso.com.br\/#\/schema\/person\/image\/\",\"url\":\"https:\/\/secure.gravatar.com\/avatar\/ca208a3111522ad69d765c6f0ea1ce4742c74e10aba78ae7158042d704d65a9f?s=96&d=mm&r=g\",\"contentUrl\":\"https:\/\/secure.gravatar.com\/avatar\/ca208a3111522ad69d765c6f0ea1ce4742c74e10aba78ae7158042d704d65a9f?s=96&d=mm&r=g\",\"caption\":\"Alfredo\"},\"url\":\"https:\/\/progresso.com.br\/index.php\/author\/alfredo\/\"}]}<\/script>\n<!-- \/ Yoast SEO plugin. -->","yoast_head_json":{"title":"Ignorando boatos, Neno Razuk mant\u00e9m pr\u00e9-candidatura a federal - O PROGRESSO","robots":{"index":"index","follow":"follow","max-snippet":"max-snippet:-1","max-image-preview":"max-image-preview:large","max-video-preview":"max-video-preview:-1"},"canonical":"https:\/\/progresso.com.br\/index.php\/2026\/04\/29\/ignorando-boatos-neno-razuk-mantem-pre-candidatura-a-federal\/","og_locale":"pt_BR","og_type":"article","og_title":"Ignorando boatos, Neno Razuk mant\u00e9m pr\u00e9-candidatura a federal - O PROGRESSO","og_description":"O deputado estadual Neno Razuk (PL) tem ignorado boatos de que n\u00e3o pretenderia concorrer a qualquer cargo na elei\u00e7\u00e3o de outubro pr\u00f3ximo. Dias atr\u00e1s, ele manteve longa reuni\u00e3o com o presidente estadual do PL, ex-governador Reinaldo Azambuja, quando ficou acordado que Neno vai mesmo disputar uma cadeira na C\u00e2mara Federal. O partido tem expectativa de [&hellip;]","og_url":"https:\/\/progresso.com.br\/index.php\/2026\/04\/29\/ignorando-boatos-neno-razuk-mantem-pre-candidatura-a-federal\/","og_site_name":"O PROGRESSO","article_publisher":"https:\/\/www.facebook.com\/share\/1CeoksKBj6\/","article_published_time":"2026-04-29T13:58:07+00:00","article_modified_time":"2026-04-29T13:58:08+00:00","og_image":[{"width":567,"height":378,"url":"https:\/\/progresso.com.br\/wp-content\/uploads\/2026\/04\/Neno-Razuk-1.jpeg","type":"image\/jpeg"}],"author":"Alfredo","twitter_card":"summary_large_image","twitter_misc":{"Escrito por":"Alfredo","Est. tempo de leitura":"5 minutos"},"schema":{"@context":"https:\/\/schema.org","@graph":[{"@type":"Article","@id":"https:\/\/progresso.com.br\/index.php\/2026\/04\/29\/ignorando-boatos-neno-razuk-mantem-pre-candidatura-a-federal\/#article","isPartOf":{"@id":"https:\/\/progresso.com.br\/index.php\/2026\/04\/29\/ignorando-boatos-neno-razuk-mantem-pre-candidatura-a-federal\/"},"author":{"name":"Alfredo","@id":"https:\/\/progresso.com.br\/#\/schema\/person\/b7390ac97c5e156cc2e02aa8e88f1bf2"},"headline":"Ignorando boatos, Neno Razuk mant\u00e9m pr\u00e9-candidatura a federal","datePublished":"2026-04-29T13:58:07+00:00","dateModified":"2026-04-29T13:58:08+00:00","mainEntityOfPage":{"@id":"https:\/\/progresso.com.br\/index.php\/2026\/04\/29\/ignorando-boatos-neno-razuk-mantem-pre-candidatura-a-federal\/"},"wordCount":744,"commentCount":0,"publisher":{"@id":"https:\/\/progresso.com.br\/#organization"},"image":{"@id":"https:\/\/progresso.com.br\/index.php\/2026\/04\/29\/ignorando-boatos-neno-razuk-mantem-pre-candidatura-a-federal\/#primaryimage"},"thumbnailUrl":"https:\/\/progresso.com.br\/wp-content\/uploads\/2026\/04\/Neno-Razuk-1.jpeg","articleSection":["De Olho"],"inLanguage":"pt-BR","potentialAction":[{"@type":"CommentAction","name":"Comment","target":["https:\/\/progresso.com.br\/index.php\/2026\/04\/29\/ignorando-boatos-neno-razuk-mantem-pre-candidatura-a-federal\/#respond"]}]},{"@type":"WebPage","@id":"https:\/\/progresso.com.br\/index.php\/2026\/04\/29\/ignorando-boatos-neno-razuk-mantem-pre-candidatura-a-federal\/","url":"https:\/\/progresso.com.br\/index.php\/2026\/04\/29\/ignorando-boatos-neno-razuk-mantem-pre-candidatura-a-federal\/","name":"Ignorando boatos, Neno Razuk mant\u00e9m pr\u00e9-candidatura a federal - O PROGRESSO","isPartOf":{"@id":"https:\/\/progresso.com.br\/#website"},"primaryImageOfPage":{"@id":"https:\/\/progresso.com.br\/index.php\/2026\/04\/29\/ignorando-boatos-neno-razuk-mantem-pre-candidatura-a-federal\/#primaryimage"},"image":{"@id":"https:\/\/progresso.com.br\/index.php\/2026\/04\/29\/ignorando-boatos-neno-razuk-mantem-pre-candidatura-a-federal\/#primaryimage"},"thumbnailUrl":"https:\/\/progresso.com.br\/wp-content\/uploads\/2026\/04\/Neno-Razuk-1.jpeg","datePublished":"2026-04-29T13:58:07+00:00","dateModified":"2026-04-29T13:58:08+00:00","breadcrumb":{"@id":"https:\/\/progresso.com.br\/index.php\/2026\/04\/29\/ignorando-boatos-neno-razuk-mantem-pre-candidatura-a-federal\/#breadcrumb"},"inLanguage":"pt-BR","potentialAction":[{"@type":"ReadAction","target":["https:\/\/progresso.com.br\/index.php\/2026\/04\/29\/ignorando-boatos-neno-razuk-mantem-pre-candidatura-a-federal\/"]}]},{"@type":"ImageObject","inLanguage":"pt-BR","@id":"https:\/\/progresso.com.br\/index.php\/2026\/04\/29\/ignorando-boatos-neno-razuk-mantem-pre-candidatura-a-federal\/#primaryimage","url":"https:\/\/progresso.com.br\/wp-content\/uploads\/2026\/04\/Neno-Razuk-1.jpeg","contentUrl":"https:\/\/progresso.com.br\/wp-content\/uploads\/2026\/04\/Neno-Razuk-1.jpeg","width":567,"height":378},{"@type":"BreadcrumbList","@id":"https:\/\/progresso.com.br\/index.php\/2026\/04\/29\/ignorando-boatos-neno-razuk-mantem-pre-candidatura-a-federal\/#breadcrumb","itemListElement":[{"@type":"ListItem","position":1,"name":"In\u00edcio","item":"https:\/\/progresso.com.br\/"},{"@type":"ListItem","position":2,"name":"Ignorando boatos, Neno Razuk mant\u00e9m pr\u00e9-candidatura a federal"}]},{"@type":"WebSite","@id":"https:\/\/progresso.com.br\/#website","url":"https:\/\/progresso.com.br\/","name":"O PROGRESSO","description":"","publisher":{"@id":"https:\/\/progresso.com.br\/#organization"},"potentialAction":[{"@type":"SearchAction","target":{"@type":"EntryPoint","urlTemplate":"https:\/\/progresso.com.br\/?s={search_term_string}"},"query-input":{"@type":"PropertyValueSpecification","valueRequired":true,"valueName":"search_term_string"}}],"inLanguage":"pt-BR"},{"@type":"Organization","@id":"https:\/\/progresso.com.br\/#organization","name":"O PROGRESSO","url":"https:\/\/progresso.com.br\/","logo":{"@type":"ImageObject","inLanguage":"pt-BR","@id":"https:\/\/progresso.com.br\/#\/schema\/logo\/image\/","url":"https:\/\/progresso.com.br\/wp-content\/uploads\/2026\/03\/logo_proog.jpg","contentUrl":"https:\/\/progresso.com.br\/wp-content\/uploads\/2026\/03\/logo_proog.jpg","width":1960,"height":1080,"caption":"O PROGRESSO"},"image":{"@id":"https:\/\/progresso.com.br\/#\/schema\/logo\/image\/"},"sameAs":["https:\/\/www.facebook.com\/share\/1CeoksKBj6\/","https:\/\/www.instagram.com\/oprogresso_digital"]},{"@type":"Person","@id":"https:\/\/progresso.com.br\/#\/schema\/person\/b7390ac97c5e156cc2e02aa8e88f1bf2","name":"Alfredo","image":{"@type":"ImageObject","inLanguage":"pt-BR","@id":"https:\/\/progresso.com.br\/#\/schema\/person\/image\/","url":"https:\/\/secure.gravatar.com\/avatar\/ca208a3111522ad69d765c6f0ea1ce4742c74e10aba78ae7158042d704d65a9f?s=96&d=mm&r=g","contentUrl":"https:\/\/secure.gravatar.com\/avatar\/ca208a3111522ad69d765c6f0ea1ce4742c74e10aba78ae7158042d704d65a9f?s=96&d=mm&r=g","caption":"Alfredo"},"url":"https:\/\/progresso.com.br\/index.php\/author\/alfredo\/"}]}},"_links":{"self":[{"href":"https:\/\/progresso.com.br\/index.php\/wp-json\/wp\/v2\/posts\/5072","targetHints":{"allow":["GET"]}}],"collection":[{"href":"https:\/\/progresso.com.br\/index.php\/wp-json\/wp\/v2\/posts"}],"about":[{"href":"https:\/\/progresso.com.br\/index.php\/wp-json\/wp\/v2\/types\/post"}],"author":[{"embeddable":true,"href":"https:\/\/progresso.com.br\/index.php\/wp-json\/wp\/v2\/users\/3"}],"replies":[{"embeddable":true,"href":"https:\/\/progresso.com.br\/index.php\/wp-json\/wp\/v2\/comments?post=5072"}],"version-history":[{"count":1,"href":"https:\/\/progresso.com.br\/index.php\/wp-json\/wp\/v2\/posts\/5072\/revisions"}],"predecessor-version":[{"id":5075,"href":"https:\/\/progresso.com.br\/index.php\/wp-json\/wp\/v2\/posts\/5072\/revisions\/5075"}],"wp:featuredmedia":[{"embeddable":true,"href":"https:\/\/progresso.com.br\/index.php\/wp-json\/wp\/v2\/media\/5074"}],"wp:attachment":[{"href":"https:\/\/progresso.com.br\/index.php\/wp-json\/wp\/v2\/media?parent=5072"}],"wp:term":[{"taxonomy":"category","embeddable":true,"href":"https:\/\/progresso.com.br\/index.php\/wp-json\/wp\/v2\/categories?post=5072"},{"taxonomy":"post_tag","embeddable":true,"href":"https:\/\/progresso.com.br\/index.php\/wp-json\/wp\/v2\/tags?post=5072"}],"curies":[{"name":"wp","href":"https:\/\/api.w.org\/{rel}","templated":true}]}}