{"id":5076,"date":"2026-04-29T10:30:00","date_gmt":"2026-04-29T14:30:00","guid":{"rendered":"https:\/\/progresso.com.br\/?p=5076"},"modified":"2026-04-29T11:16:27","modified_gmt":"2026-04-29T15:16:27","slug":"artistas-de-ms-sao-selecionados-para-o-arte-da-palavra-2026","status":"publish","type":"post","link":"https:\/\/progresso.com.br\/index.php\/2026\/04\/29\/artistas-de-ms-sao-selecionados-para-o-arte-da-palavra-2026\/","title":{"rendered":"Artistas de MS s\u00e3o selecionados para o Arte da Palavra 2026"},"content":{"rendered":"\n<p><strong><em>Dois artistas de Mato Grosso do Sul foram selecionados para integrar o Projeto Arte da Palavra \u2013 Rede Sesc de Leituras 2026, iniciativa do Sesc que promove a literatura brasileira em circula\u00e7\u00e3o por todo o pa\u00eds.<\/em><\/strong><\/p>\n\n\n\n<p>Os representantes sul-mato-grossenses participam de um circuito nacional, passando por diferentes unidades do Sesc e levando suas produ\u00e7\u00f5es e experi\u00eancias a p\u00fablicos de diversas regi\u00f5es do Brasil.<\/p>\n\n\n\n<p>Entre os selecionados est\u00e1 Serena MC, artista multifacetada que atua como cantora de rap, compositora, poetisa, atriz, oficineira e produtora cultural.<\/p>\n\n\n\n<p>&#8220;Receber essa not\u00edcia me trouxe muita alegria. Fiquei animada com a possibilidade de levar a oralidade e a viv\u00eancia origin\u00e1ria para estados onde ainda n\u00e3o estive, abrindo caminhos para compartilhar saberes que v\u00eam das minhas ancestrais&#8221;, afirma.<\/p>\n\n\n\n<p>Serena tamb\u00e9m desenvolve trabalhos como artes\u00e3, com foco em moda e customiza\u00e7\u00e3o ind\u00edgena e perif\u00e9rica. Ind\u00edgena do povo Guat\u00f3, Serena traz em sua trajet\u00f3ria refer\u00eancias da ancestralidade da regi\u00e3o da Nhecol\u00e2ndia, no Pantanal, e de Forte Coimbra, somadas \u00e0 viv\u00eancia negra perif\u00e9rica herdada de sua m\u00e3e.<\/p>\n\n\n\n<p>&#8220;A expectativa \u00e9 grande&#8221;, destaca, &#8220;quero tocar o p\u00fablico e provocar esse olhar para a pr\u00f3pria ancestralidade, para a origem e para a cultura. Espero que minha performance incentive essa valoriza\u00e7\u00e3o como um caminho de fortalecimento da identidade.&#8221;<\/p>\n\n\n\n<p>Outro selecionado \u00e9 Fabio Quill, arte educador, editor e artista visual, nascido em S\u00e3o Paulo e radicado em Mato Grosso do Sul desde 2018. Sua produ\u00e7\u00e3o transita entre literatura e hist\u00f3rias em quadrinhos. Entre seus principais trabalhos est\u00e3o&nbsp;<em>Am\u00e1lgama<\/em>&nbsp;e&nbsp;<em>A Casa Ba\u00eds<\/em>, ambos indicados ao pr\u00eamio HQMix. Ele tamb\u00e9m atua como editor em projetos como a colet\u00e2nea&nbsp;<em>Quebra Torto<\/em>&nbsp;e o livro-carta&nbsp;<em>Eles Vieram com o Amanhecer<\/em>, de Tania Souza.<\/p>\n\n\n\n<p>&#8220;Recebi a sele\u00e7\u00e3o com muito entusiasmo. J\u00e1 havia sido escolhido em 2021, mas n\u00e3o consegui participar do circuito por conta da pandemia. Agora, terei a oportunidade de viver a experi\u00eancia completa de um dos projetos mais importantes da literatura no pa\u00eds&#8221;, destaca.<\/p>\n\n\n\n<p>Sua pesquisa art\u00edstica recente investiga temas como mem\u00f3ria, territ\u00f3rio e identidade. Entre os projetos em desenvolvimento est\u00e1 a adapta\u00e7\u00e3o em quadrinhos de um conto de Gleycielle Guat\u00f3, que aborda a Guerra do Paraguai, a presen\u00e7a da cultura paraguaia no estado e o protagonismo dos povos origin\u00e1rios do Pantanal.<\/p>\n\n\n\n<p>&#8220;Poder compartilhar meu trabalho com pessoas de diferentes regi\u00f5es, conhecer sotaques, sabores e culturas, \u00e9 algo que certamente vai ampliar meu olhar e minha produ\u00e7\u00e3o. Tamb\u00e9m fico feliz por dividir essa experi\u00eancia com uma artista pernambucana, estado de origem dos meus av\u00f3s maternos&#8221;, conclui.<\/p>\n\n\n\n<p><strong>Sobre o Arte da Palavra<\/strong><\/p>\n\n\n\n<p>O Projeto Arte da Palavra \u2013 Rede Sesc de Leituras \u00e9 um circuito nacional que estimula a forma\u00e7\u00e3o de leitores, a difus\u00e3o de novos autores e a valoriza\u00e7\u00e3o da literatura brasileira. Com a\u00e7\u00f5es itinerantes, o projeto promove encontros com escritores, apresenta\u00e7\u00f5es e atividades que exploram diferentes linguagens liter\u00e1rias, com destaque para a oralidade. A programa\u00e7\u00e3o tamb\u00e9m inclui espa\u00e7os voltados \u00e0 reflex\u00e3o e \u00e0 cria\u00e7\u00e3o liter\u00e1ria. A sele\u00e7\u00e3o dos participantes \u00e9 realizada por uma curadoria coletiva, formada por especialistas do Sesc de todo o pa\u00eds.<\/p>\n","protected":false},"excerpt":{"rendered":"<p>Dois artistas de Mato Grosso do Sul foram selecionados para integrar o Projeto Arte da Palavra \u2013 Rede Sesc de Leituras 2026, iniciativa do Sesc que promove a literatura brasileira em circula\u00e7\u00e3o por todo o pa\u00eds. Os representantes sul-mato-grossenses participam de um circuito nacional, passando por diferentes unidades do Sesc e levando suas produ\u00e7\u00f5es e [&hellip;]<\/p>\n","protected":false},"author":2,"featured_media":5077,"comment_status":"open","ping_status":"open","sticky":false,"template":"","format":"standard","meta":{"footnotes":""},"categories":[19],"tags":[],"class_list":["post-5076","post","type-post","status-publish","format-standard","has-post-thumbnail","hentry","category-cultura"],"yoast_head":"<!-- This site is optimized with the Yoast SEO plugin v27.1.1 - https:\/\/yoast.com\/product\/yoast-seo-wordpress\/ -->\n<title>Artistas de MS s\u00e3o selecionados para o Arte da Palavra 2026 - O PROGRESSO<\/title>\n<meta name=\"robots\" content=\"index, follow, max-snippet:-1, max-image-preview:large, max-video-preview:-1\" \/>\n<link rel=\"canonical\" href=\"https:\/\/progresso.com.br\/index.php\/2026\/04\/29\/artistas-de-ms-sao-selecionados-para-o-arte-da-palavra-2026\/\" \/>\n<meta property=\"og:locale\" content=\"pt_BR\" \/>\n<meta property=\"og:type\" content=\"article\" \/>\n<meta property=\"og:title\" content=\"Artistas de MS s\u00e3o selecionados para o Arte da Palavra 2026 - O PROGRESSO\" \/>\n<meta property=\"og:description\" content=\"Dois artistas de Mato Grosso do Sul foram selecionados para integrar o Projeto Arte da Palavra \u2013 Rede Sesc de Leituras 2026, iniciativa do Sesc que promove a literatura brasileira em circula\u00e7\u00e3o por todo o pa\u00eds. Os representantes sul-mato-grossenses participam de um circuito nacional, passando por diferentes unidades do Sesc e levando suas produ\u00e7\u00f5es e [&hellip;]\" \/>\n<meta property=\"og:url\" content=\"https:\/\/progresso.com.br\/index.php\/2026\/04\/29\/artistas-de-ms-sao-selecionados-para-o-arte-da-palavra-2026\/\" \/>\n<meta property=\"og:site_name\" content=\"O PROGRESSO\" \/>\n<meta property=\"article:publisher\" content=\"https:\/\/www.facebook.com\/share\/1CeoksKBj6\/\" \/>\n<meta property=\"article:published_time\" content=\"2026-04-29T14:30:00+00:00\" \/>\n<meta property=\"article:modified_time\" content=\"2026-04-29T15:16:27+00:00\" \/>\n<meta property=\"og:image\" content=\"https:\/\/progresso.com.br\/wp-content\/uploads\/2026\/04\/artistas.jpg\" \/>\n\t<meta property=\"og:image:width\" content=\"1114\" \/>\n\t<meta property=\"og:image:height\" content=\"800\" \/>\n\t<meta property=\"og:image:type\" content=\"image\/jpeg\" \/>\n<meta name=\"author\" content=\"Rose\" \/>\n<meta name=\"twitter:card\" content=\"summary_large_image\" \/>\n<meta name=\"twitter:label1\" content=\"Escrito por\" \/>\n\t<meta name=\"twitter:data1\" content=\"Rose\" \/>\n\t<meta name=\"twitter:label2\" content=\"Est. tempo de leitura\" \/>\n\t<meta name=\"twitter:data2\" content=\"3 minutos\" \/>\n<script type=\"application\/ld+json\" class=\"yoast-schema-graph\">{\"@context\":\"https:\/\/schema.org\",\"@graph\":[{\"@type\":\"Article\",\"@id\":\"https:\/\/progresso.com.br\/index.php\/2026\/04\/29\/artistas-de-ms-sao-selecionados-para-o-arte-da-palavra-2026\/#article\",\"isPartOf\":{\"@id\":\"https:\/\/progresso.com.br\/index.php\/2026\/04\/29\/artistas-de-ms-sao-selecionados-para-o-arte-da-palavra-2026\/\"},\"author\":{\"name\":\"Rose\",\"@id\":\"https:\/\/progresso.com.br\/#\/schema\/person\/5dd27138d4463fbbaace62120bfc002b\"},\"headline\":\"Artistas de MS s\u00e3o selecionados para o Arte da Palavra 2026\",\"datePublished\":\"2026-04-29T14:30:00+00:00\",\"dateModified\":\"2026-04-29T15:16:27+00:00\",\"mainEntityOfPage\":{\"@id\":\"https:\/\/progresso.com.br\/index.php\/2026\/04\/29\/artistas-de-ms-sao-selecionados-para-o-arte-da-palavra-2026\/\"},\"wordCount\":567,\"commentCount\":0,\"publisher\":{\"@id\":\"https:\/\/progresso.com.br\/#organization\"},\"image\":{\"@id\":\"https:\/\/progresso.com.br\/index.php\/2026\/04\/29\/artistas-de-ms-sao-selecionados-para-o-arte-da-palavra-2026\/#primaryimage\"},\"thumbnailUrl\":\"https:\/\/progresso.com.br\/wp-content\/uploads\/2026\/04\/artistas.jpg\",\"articleSection\":[\"Cultura\"],\"inLanguage\":\"pt-BR\",\"potentialAction\":[{\"@type\":\"CommentAction\",\"name\":\"Comment\",\"target\":[\"https:\/\/progresso.com.br\/index.php\/2026\/04\/29\/artistas-de-ms-sao-selecionados-para-o-arte-da-palavra-2026\/#respond\"]}]},{\"@type\":\"WebPage\",\"@id\":\"https:\/\/progresso.com.br\/index.php\/2026\/04\/29\/artistas-de-ms-sao-selecionados-para-o-arte-da-palavra-2026\/\",\"url\":\"https:\/\/progresso.com.br\/index.php\/2026\/04\/29\/artistas-de-ms-sao-selecionados-para-o-arte-da-palavra-2026\/\",\"name\":\"Artistas de MS s\u00e3o selecionados para o Arte da Palavra 2026 - O PROGRESSO\",\"isPartOf\":{\"@id\":\"https:\/\/progresso.com.br\/#website\"},\"primaryImageOfPage\":{\"@id\":\"https:\/\/progresso.com.br\/index.php\/2026\/04\/29\/artistas-de-ms-sao-selecionados-para-o-arte-da-palavra-2026\/#primaryimage\"},\"image\":{\"@id\":\"https:\/\/progresso.com.br\/index.php\/2026\/04\/29\/artistas-de-ms-sao-selecionados-para-o-arte-da-palavra-2026\/#primaryimage\"},\"thumbnailUrl\":\"https:\/\/progresso.com.br\/wp-content\/uploads\/2026\/04\/artistas.jpg\",\"datePublished\":\"2026-04-29T14:30:00+00:00\",\"dateModified\":\"2026-04-29T15:16:27+00:00\",\"breadcrumb\":{\"@id\":\"https:\/\/progresso.com.br\/index.php\/2026\/04\/29\/artistas-de-ms-sao-selecionados-para-o-arte-da-palavra-2026\/#breadcrumb\"},\"inLanguage\":\"pt-BR\",\"potentialAction\":[{\"@type\":\"ReadAction\",\"target\":[\"https:\/\/progresso.com.br\/index.php\/2026\/04\/29\/artistas-de-ms-sao-selecionados-para-o-arte-da-palavra-2026\/\"]}]},{\"@type\":\"ImageObject\",\"inLanguage\":\"pt-BR\",\"@id\":\"https:\/\/progresso.com.br\/index.php\/2026\/04\/29\/artistas-de-ms-sao-selecionados-para-o-arte-da-palavra-2026\/#primaryimage\",\"url\":\"https:\/\/progresso.com.br\/wp-content\/uploads\/2026\/04\/artistas.jpg\",\"contentUrl\":\"https:\/\/progresso.com.br\/wp-content\/uploads\/2026\/04\/artistas.jpg\",\"width\":1114,\"height\":800,\"caption\":\"Serena MS e F\u00e1bio Quill. (Fotos: Divulga\u00e7\u00e3o)\"},{\"@type\":\"BreadcrumbList\",\"@id\":\"https:\/\/progresso.com.br\/index.php\/2026\/04\/29\/artistas-de-ms-sao-selecionados-para-o-arte-da-palavra-2026\/#breadcrumb\",\"itemListElement\":[{\"@type\":\"ListItem\",\"position\":1,\"name\":\"In\u00edcio\",\"item\":\"https:\/\/progresso.com.br\/\"},{\"@type\":\"ListItem\",\"position\":2,\"name\":\"Artistas de MS s\u00e3o selecionados para o Arte da Palavra 2026\"}]},{\"@type\":\"WebSite\",\"@id\":\"https:\/\/progresso.com.br\/#website\",\"url\":\"https:\/\/progresso.com.br\/\",\"name\":\"O PROGRESSO\",\"description\":\"\",\"publisher\":{\"@id\":\"https:\/\/progresso.com.br\/#organization\"},\"potentialAction\":[{\"@type\":\"SearchAction\",\"target\":{\"@type\":\"EntryPoint\",\"urlTemplate\":\"https:\/\/progresso.com.br\/?s={search_term_string}\"},\"query-input\":{\"@type\":\"PropertyValueSpecification\",\"valueRequired\":true,\"valueName\":\"search_term_string\"}}],\"inLanguage\":\"pt-BR\"},{\"@type\":\"Organization\",\"@id\":\"https:\/\/progresso.com.br\/#organization\",\"name\":\"O PROGRESSO\",\"url\":\"https:\/\/progresso.com.br\/\",\"logo\":{\"@type\":\"ImageObject\",\"inLanguage\":\"pt-BR\",\"@id\":\"https:\/\/progresso.com.br\/#\/schema\/logo\/image\/\",\"url\":\"https:\/\/progresso.com.br\/wp-content\/uploads\/2026\/03\/logo_proog.jpg\",\"contentUrl\":\"https:\/\/progresso.com.br\/wp-content\/uploads\/2026\/03\/logo_proog.jpg\",\"width\":1960,\"height\":1080,\"caption\":\"O PROGRESSO\"},\"image\":{\"@id\":\"https:\/\/progresso.com.br\/#\/schema\/logo\/image\/\"},\"sameAs\":[\"https:\/\/www.facebook.com\/share\/1CeoksKBj6\/\",\"https:\/\/www.instagram.com\/oprogresso_digital\"]},{\"@type\":\"Person\",\"@id\":\"https:\/\/progresso.com.br\/#\/schema\/person\/5dd27138d4463fbbaace62120bfc002b\",\"name\":\"Rose\",\"image\":{\"@type\":\"ImageObject\",\"inLanguage\":\"pt-BR\",\"@id\":\"https:\/\/progresso.com.br\/#\/schema\/person\/image\/\",\"url\":\"https:\/\/secure.gravatar.com\/avatar\/1b6890e759cdd3a88d9f751cb423720b9861c5239167cd3586355638b6556599?s=96&d=mm&r=g\",\"contentUrl\":\"https:\/\/secure.gravatar.com\/avatar\/1b6890e759cdd3a88d9f751cb423720b9861c5239167cd3586355638b6556599?s=96&d=mm&r=g\",\"caption\":\"Rose\"},\"url\":\"https:\/\/progresso.com.br\/index.php\/author\/rose\/\"}]}<\/script>\n<!-- \/ Yoast SEO plugin. -->","yoast_head_json":{"title":"Artistas de MS s\u00e3o selecionados para o Arte da Palavra 2026 - O PROGRESSO","robots":{"index":"index","follow":"follow","max-snippet":"max-snippet:-1","max-image-preview":"max-image-preview:large","max-video-preview":"max-video-preview:-1"},"canonical":"https:\/\/progresso.com.br\/index.php\/2026\/04\/29\/artistas-de-ms-sao-selecionados-para-o-arte-da-palavra-2026\/","og_locale":"pt_BR","og_type":"article","og_title":"Artistas de MS s\u00e3o selecionados para o Arte da Palavra 2026 - O PROGRESSO","og_description":"Dois artistas de Mato Grosso do Sul foram selecionados para integrar o Projeto Arte da Palavra \u2013 Rede Sesc de Leituras 2026, iniciativa do Sesc que promove a literatura brasileira em circula\u00e7\u00e3o por todo o pa\u00eds. Os representantes sul-mato-grossenses participam de um circuito nacional, passando por diferentes unidades do Sesc e levando suas produ\u00e7\u00f5es e [&hellip;]","og_url":"https:\/\/progresso.com.br\/index.php\/2026\/04\/29\/artistas-de-ms-sao-selecionados-para-o-arte-da-palavra-2026\/","og_site_name":"O PROGRESSO","article_publisher":"https:\/\/www.facebook.com\/share\/1CeoksKBj6\/","article_published_time":"2026-04-29T14:30:00+00:00","article_modified_time":"2026-04-29T15:16:27+00:00","og_image":[{"width":1114,"height":800,"url":"https:\/\/progresso.com.br\/wp-content\/uploads\/2026\/04\/artistas.jpg","type":"image\/jpeg"}],"author":"Rose","twitter_card":"summary_large_image","twitter_misc":{"Escrito por":"Rose","Est. tempo de leitura":"3 minutos"},"schema":{"@context":"https:\/\/schema.org","@graph":[{"@type":"Article","@id":"https:\/\/progresso.com.br\/index.php\/2026\/04\/29\/artistas-de-ms-sao-selecionados-para-o-arte-da-palavra-2026\/#article","isPartOf":{"@id":"https:\/\/progresso.com.br\/index.php\/2026\/04\/29\/artistas-de-ms-sao-selecionados-para-o-arte-da-palavra-2026\/"},"author":{"name":"Rose","@id":"https:\/\/progresso.com.br\/#\/schema\/person\/5dd27138d4463fbbaace62120bfc002b"},"headline":"Artistas de MS s\u00e3o selecionados para o Arte da Palavra 2026","datePublished":"2026-04-29T14:30:00+00:00","dateModified":"2026-04-29T15:16:27+00:00","mainEntityOfPage":{"@id":"https:\/\/progresso.com.br\/index.php\/2026\/04\/29\/artistas-de-ms-sao-selecionados-para-o-arte-da-palavra-2026\/"},"wordCount":567,"commentCount":0,"publisher":{"@id":"https:\/\/progresso.com.br\/#organization"},"image":{"@id":"https:\/\/progresso.com.br\/index.php\/2026\/04\/29\/artistas-de-ms-sao-selecionados-para-o-arte-da-palavra-2026\/#primaryimage"},"thumbnailUrl":"https:\/\/progresso.com.br\/wp-content\/uploads\/2026\/04\/artistas.jpg","articleSection":["Cultura"],"inLanguage":"pt-BR","potentialAction":[{"@type":"CommentAction","name":"Comment","target":["https:\/\/progresso.com.br\/index.php\/2026\/04\/29\/artistas-de-ms-sao-selecionados-para-o-arte-da-palavra-2026\/#respond"]}]},{"@type":"WebPage","@id":"https:\/\/progresso.com.br\/index.php\/2026\/04\/29\/artistas-de-ms-sao-selecionados-para-o-arte-da-palavra-2026\/","url":"https:\/\/progresso.com.br\/index.php\/2026\/04\/29\/artistas-de-ms-sao-selecionados-para-o-arte-da-palavra-2026\/","name":"Artistas de MS s\u00e3o selecionados para o Arte da Palavra 2026 - O PROGRESSO","isPartOf":{"@id":"https:\/\/progresso.com.br\/#website"},"primaryImageOfPage":{"@id":"https:\/\/progresso.com.br\/index.php\/2026\/04\/29\/artistas-de-ms-sao-selecionados-para-o-arte-da-palavra-2026\/#primaryimage"},"image":{"@id":"https:\/\/progresso.com.br\/index.php\/2026\/04\/29\/artistas-de-ms-sao-selecionados-para-o-arte-da-palavra-2026\/#primaryimage"},"thumbnailUrl":"https:\/\/progresso.com.br\/wp-content\/uploads\/2026\/04\/artistas.jpg","datePublished":"2026-04-29T14:30:00+00:00","dateModified":"2026-04-29T15:16:27+00:00","breadcrumb":{"@id":"https:\/\/progresso.com.br\/index.php\/2026\/04\/29\/artistas-de-ms-sao-selecionados-para-o-arte-da-palavra-2026\/#breadcrumb"},"inLanguage":"pt-BR","potentialAction":[{"@type":"ReadAction","target":["https:\/\/progresso.com.br\/index.php\/2026\/04\/29\/artistas-de-ms-sao-selecionados-para-o-arte-da-palavra-2026\/"]}]},{"@type":"ImageObject","inLanguage":"pt-BR","@id":"https:\/\/progresso.com.br\/index.php\/2026\/04\/29\/artistas-de-ms-sao-selecionados-para-o-arte-da-palavra-2026\/#primaryimage","url":"https:\/\/progresso.com.br\/wp-content\/uploads\/2026\/04\/artistas.jpg","contentUrl":"https:\/\/progresso.com.br\/wp-content\/uploads\/2026\/04\/artistas.jpg","width":1114,"height":800,"caption":"Serena MS e F\u00e1bio Quill. (Fotos: Divulga\u00e7\u00e3o)"},{"@type":"BreadcrumbList","@id":"https:\/\/progresso.com.br\/index.php\/2026\/04\/29\/artistas-de-ms-sao-selecionados-para-o-arte-da-palavra-2026\/#breadcrumb","itemListElement":[{"@type":"ListItem","position":1,"name":"In\u00edcio","item":"https:\/\/progresso.com.br\/"},{"@type":"ListItem","position":2,"name":"Artistas de MS s\u00e3o selecionados para o Arte da Palavra 2026"}]},{"@type":"WebSite","@id":"https:\/\/progresso.com.br\/#website","url":"https:\/\/progresso.com.br\/","name":"O PROGRESSO","description":"","publisher":{"@id":"https:\/\/progresso.com.br\/#organization"},"potentialAction":[{"@type":"SearchAction","target":{"@type":"EntryPoint","urlTemplate":"https:\/\/progresso.com.br\/?s={search_term_string}"},"query-input":{"@type":"PropertyValueSpecification","valueRequired":true,"valueName":"search_term_string"}}],"inLanguage":"pt-BR"},{"@type":"Organization","@id":"https:\/\/progresso.com.br\/#organization","name":"O PROGRESSO","url":"https:\/\/progresso.com.br\/","logo":{"@type":"ImageObject","inLanguage":"pt-BR","@id":"https:\/\/progresso.com.br\/#\/schema\/logo\/image\/","url":"https:\/\/progresso.com.br\/wp-content\/uploads\/2026\/03\/logo_proog.jpg","contentUrl":"https:\/\/progresso.com.br\/wp-content\/uploads\/2026\/03\/logo_proog.jpg","width":1960,"height":1080,"caption":"O PROGRESSO"},"image":{"@id":"https:\/\/progresso.com.br\/#\/schema\/logo\/image\/"},"sameAs":["https:\/\/www.facebook.com\/share\/1CeoksKBj6\/","https:\/\/www.instagram.com\/oprogresso_digital"]},{"@type":"Person","@id":"https:\/\/progresso.com.br\/#\/schema\/person\/5dd27138d4463fbbaace62120bfc002b","name":"Rose","image":{"@type":"ImageObject","inLanguage":"pt-BR","@id":"https:\/\/progresso.com.br\/#\/schema\/person\/image\/","url":"https:\/\/secure.gravatar.com\/avatar\/1b6890e759cdd3a88d9f751cb423720b9861c5239167cd3586355638b6556599?s=96&d=mm&r=g","contentUrl":"https:\/\/secure.gravatar.com\/avatar\/1b6890e759cdd3a88d9f751cb423720b9861c5239167cd3586355638b6556599?s=96&d=mm&r=g","caption":"Rose"},"url":"https:\/\/progresso.com.br\/index.php\/author\/rose\/"}]}},"_links":{"self":[{"href":"https:\/\/progresso.com.br\/index.php\/wp-json\/wp\/v2\/posts\/5076","targetHints":{"allow":["GET"]}}],"collection":[{"href":"https:\/\/progresso.com.br\/index.php\/wp-json\/wp\/v2\/posts"}],"about":[{"href":"https:\/\/progresso.com.br\/index.php\/wp-json\/wp\/v2\/types\/post"}],"author":[{"embeddable":true,"href":"https:\/\/progresso.com.br\/index.php\/wp-json\/wp\/v2\/users\/2"}],"replies":[{"embeddable":true,"href":"https:\/\/progresso.com.br\/index.php\/wp-json\/wp\/v2\/comments?post=5076"}],"version-history":[{"count":1,"href":"https:\/\/progresso.com.br\/index.php\/wp-json\/wp\/v2\/posts\/5076\/revisions"}],"predecessor-version":[{"id":5078,"href":"https:\/\/progresso.com.br\/index.php\/wp-json\/wp\/v2\/posts\/5076\/revisions\/5078"}],"wp:featuredmedia":[{"embeddable":true,"href":"https:\/\/progresso.com.br\/index.php\/wp-json\/wp\/v2\/media\/5077"}],"wp:attachment":[{"href":"https:\/\/progresso.com.br\/index.php\/wp-json\/wp\/v2\/media?parent=5076"}],"wp:term":[{"taxonomy":"category","embeddable":true,"href":"https:\/\/progresso.com.br\/index.php\/wp-json\/wp\/v2\/categories?post=5076"},{"taxonomy":"post_tag","embeddable":true,"href":"https:\/\/progresso.com.br\/index.php\/wp-json\/wp\/v2\/tags?post=5076"}],"curies":[{"name":"wp","href":"https:\/\/api.w.org\/{rel}","templated":true}]}}