{"id":5080,"date":"2026-04-29T10:44:42","date_gmt":"2026-04-29T14:44:42","guid":{"rendered":"https:\/\/progresso.com.br\/?p=5080"},"modified":"2026-04-29T10:44:43","modified_gmt":"2026-04-29T14:44:43","slug":"operario-visita-capital-no-df-em-busca-de-classificacao-na-copa-verde","status":"publish","type":"post","link":"https:\/\/progresso.com.br\/index.php\/2026\/04\/29\/operario-visita-capital-no-df-em-busca-de-classificacao-na-copa-verde\/","title":{"rendered":"Oper\u00e1rio visita Capital no DF em busca de classifica\u00e7\u00e3o na Copa Verde"},"content":{"rendered":"\n<p><strong><em>Jogo do Galo, \u00e0s 18h, tem transmiss\u00e3o no Canal Metr\u00f3pole Esporte, no YouTube<br><\/em><\/strong><\/p>\n\n\n\n<p><em>Rog\u00e9rio Vidmantas<\/em><\/p>\n\n\n\n<p>O Oper\u00e1rio FC joga sua \u00faltima ficha na busca pela classifica\u00e7\u00e3o para a pr\u00f3xima fase na Copa Verde. Nesta quarta-feira (29), \u00e0s 18h (MS), na rodada que fecha a fase de grupos, o Galo enfrenta, em Bras\u00edlia, o Capital-DF e s\u00f3 a vit\u00f3ria pode colocar o time sul-mato-grossense na semifinal da Copa Centro-Oeste.<\/p>\n\n\n\n<p>A partida no Est\u00e1dio JK tem arbitragem de Julian Negreiros de Castro, auxiliado pelos assistentes Reno Cassiano Loredo Schimaltz e Divanilson Lima Martins, todos do Acre. A partida tem transmiss\u00e3o pelo canal Metr\u00f3poles Esportes no YouTube.<\/p>\n\n\n\n<p>A situa\u00e7\u00e3o dentro do Grupo A da Copa Centro-Oeste ainda \u00e9 indefinida. Apenas o lanterna&nbsp; Primavera-MT, com apenas um ponto, n\u00e3o tem mais chances de classifica\u00e7\u00e3o. Com sete pontos, o Galo divide a primeira posi\u00e7\u00e3o com Aragua\u00edna-TO e Rio Branco-ES, mas est\u00e1 em desvantagem no saldo de gols em rela\u00e7\u00e3o aos concorrentes.&nbsp;<\/p>\n\n\n\n<p>Assim, para avan\u00e7ar, al\u00e9m da vit\u00f3ria, torce por resultados favor\u00e1veis. O Aragua\u00edna n\u00e3o pode vencer o Vila Nova-GO, em casa, ou o Rio Branco trope\u00e7ar no Primavera, fora. Essas partidas acontecem simult\u00e2neamente ao jogo do time alvinegro.<\/p>\n\n\n\n<p>No Grupo B, o Gama-DF j\u00e1 garantiu a primeira posi\u00e7\u00e3o. A segunda vaga na semifinal est\u00e1 sendo disputada por Atl\u00e9tico Goianiense, An\u00e1polis-GO e Porto Vit\u00f3ria-ES. Tocantin\u00f3polis-TO e Cuiab\u00e1-MT j\u00e1 est\u00e3o eliminados.<\/p>\n","protected":false},"excerpt":{"rendered":"<p>Jogo do Galo, \u00e0s 18h, tem transmiss\u00e3o no Canal Metr\u00f3pole Esporte, no YouTube Rog\u00e9rio Vidmantas O Oper\u00e1rio FC joga sua \u00faltima ficha na busca pela classifica\u00e7\u00e3o para a pr\u00f3xima fase na Copa Verde. Nesta quarta-feira (29), \u00e0s 18h (MS), na rodada que fecha a fase de grupos, o Galo enfrenta, em Bras\u00edlia, o Capital-DF e [&hellip;]<\/p>\n","protected":false},"author":5,"featured_media":5081,"comment_status":"open","ping_status":"open","sticky":false,"template":"","format":"standard","meta":{"footnotes":""},"categories":[2,17],"tags":[],"class_list":["post-5080","post","type-post","status-publish","format-standard","has-post-thumbnail","hentry","category-destaque","category-esporte"],"yoast_head":"<!-- This site is optimized with the Yoast SEO plugin v27.1.1 - https:\/\/yoast.com\/product\/yoast-seo-wordpress\/ -->\n<title>Oper\u00e1rio visita Capital no DF em busca de classifica\u00e7\u00e3o na Copa Verde - O PROGRESSO<\/title>\n<meta name=\"robots\" content=\"index, follow, max-snippet:-1, max-image-preview:large, max-video-preview:-1\" \/>\n<link rel=\"canonical\" href=\"https:\/\/progresso.com.br\/index.php\/2026\/04\/29\/operario-visita-capital-no-df-em-busca-de-classificacao-na-copa-verde\/\" \/>\n<meta property=\"og:locale\" content=\"pt_BR\" \/>\n<meta property=\"og:type\" content=\"article\" \/>\n<meta property=\"og:title\" content=\"Oper\u00e1rio visita Capital no DF em busca de classifica\u00e7\u00e3o na Copa Verde - O PROGRESSO\" \/>\n<meta property=\"og:description\" content=\"Jogo do Galo, \u00e0s 18h, tem transmiss\u00e3o no Canal Metr\u00f3pole Esporte, no YouTube Rog\u00e9rio Vidmantas O Oper\u00e1rio FC joga sua \u00faltima ficha na busca pela classifica\u00e7\u00e3o para a pr\u00f3xima fase na Copa Verde. Nesta quarta-feira (29), \u00e0s 18h (MS), na rodada que fecha a fase de grupos, o Galo enfrenta, em Bras\u00edlia, o Capital-DF e [&hellip;]\" \/>\n<meta property=\"og:url\" content=\"https:\/\/progresso.com.br\/index.php\/2026\/04\/29\/operario-visita-capital-no-df-em-busca-de-classificacao-na-copa-verde\/\" \/>\n<meta property=\"og:site_name\" content=\"O PROGRESSO\" \/>\n<meta property=\"article:publisher\" content=\"https:\/\/www.facebook.com\/share\/1CeoksKBj6\/\" \/>\n<meta property=\"article:published_time\" content=\"2026-04-29T14:44:42+00:00\" \/>\n<meta property=\"article:modified_time\" content=\"2026-04-29T14:44:43+00:00\" \/>\n<meta property=\"og:image\" content=\"https:\/\/progresso.com.br\/wp-content\/uploads\/2026\/04\/OFC-Treino-2804a.jpeg\" \/>\n\t<meta property=\"og:image:width\" content=\"1280\" \/>\n\t<meta property=\"og:image:height\" content=\"853\" \/>\n\t<meta property=\"og:image:type\" content=\"image\/jpeg\" \/>\n<meta name=\"author\" content=\"Rog\u00e9rio Vidmantas\" \/>\n<meta name=\"twitter:card\" content=\"summary_large_image\" \/>\n<meta name=\"twitter:label1\" content=\"Escrito por\" \/>\n\t<meta name=\"twitter:data1\" content=\"Rog\u00e9rio Vidmantas\" \/>\n\t<meta name=\"twitter:label2\" content=\"Est. tempo de leitura\" \/>\n\t<meta name=\"twitter:data2\" content=\"2 minutos\" \/>\n<script type=\"application\/ld+json\" class=\"yoast-schema-graph\">{\"@context\":\"https:\/\/schema.org\",\"@graph\":[{\"@type\":\"Article\",\"@id\":\"https:\/\/progresso.com.br\/index.php\/2026\/04\/29\/operario-visita-capital-no-df-em-busca-de-classificacao-na-copa-verde\/#article\",\"isPartOf\":{\"@id\":\"https:\/\/progresso.com.br\/index.php\/2026\/04\/29\/operario-visita-capital-no-df-em-busca-de-classificacao-na-copa-verde\/\"},\"author\":{\"name\":\"Rog\u00e9rio Vidmantas\",\"@id\":\"https:\/\/progresso.com.br\/#\/schema\/person\/471791cc575a7e23811d1070fa9d20ee\"},\"headline\":\"Oper\u00e1rio visita Capital no DF em busca de classifica\u00e7\u00e3o na Copa Verde\",\"datePublished\":\"2026-04-29T14:44:42+00:00\",\"dateModified\":\"2026-04-29T14:44:43+00:00\",\"mainEntityOfPage\":{\"@id\":\"https:\/\/progresso.com.br\/index.php\/2026\/04\/29\/operario-visita-capital-no-df-em-busca-de-classificacao-na-copa-verde\/\"},\"wordCount\":270,\"commentCount\":0,\"publisher\":{\"@id\":\"https:\/\/progresso.com.br\/#organization\"},\"image\":{\"@id\":\"https:\/\/progresso.com.br\/index.php\/2026\/04\/29\/operario-visita-capital-no-df-em-busca-de-classificacao-na-copa-verde\/#primaryimage\"},\"thumbnailUrl\":\"https:\/\/progresso.com.br\/wp-content\/uploads\/2026\/04\/OFC-Treino-2804a.jpeg\",\"articleSection\":[\"Em destaque\",\"Esporte\"],\"inLanguage\":\"pt-BR\",\"potentialAction\":[{\"@type\":\"CommentAction\",\"name\":\"Comment\",\"target\":[\"https:\/\/progresso.com.br\/index.php\/2026\/04\/29\/operario-visita-capital-no-df-em-busca-de-classificacao-na-copa-verde\/#respond\"]}]},{\"@type\":\"WebPage\",\"@id\":\"https:\/\/progresso.com.br\/index.php\/2026\/04\/29\/operario-visita-capital-no-df-em-busca-de-classificacao-na-copa-verde\/\",\"url\":\"https:\/\/progresso.com.br\/index.php\/2026\/04\/29\/operario-visita-capital-no-df-em-busca-de-classificacao-na-copa-verde\/\",\"name\":\"Oper\u00e1rio visita Capital no DF em busca de classifica\u00e7\u00e3o na Copa Verde - O PROGRESSO\",\"isPartOf\":{\"@id\":\"https:\/\/progresso.com.br\/#website\"},\"primaryImageOfPage\":{\"@id\":\"https:\/\/progresso.com.br\/index.php\/2026\/04\/29\/operario-visita-capital-no-df-em-busca-de-classificacao-na-copa-verde\/#primaryimage\"},\"image\":{\"@id\":\"https:\/\/progresso.com.br\/index.php\/2026\/04\/29\/operario-visita-capital-no-df-em-busca-de-classificacao-na-copa-verde\/#primaryimage\"},\"thumbnailUrl\":\"https:\/\/progresso.com.br\/wp-content\/uploads\/2026\/04\/OFC-Treino-2804a.jpeg\",\"datePublished\":\"2026-04-29T14:44:42+00:00\",\"dateModified\":\"2026-04-29T14:44:43+00:00\",\"breadcrumb\":{\"@id\":\"https:\/\/progresso.com.br\/index.php\/2026\/04\/29\/operario-visita-capital-no-df-em-busca-de-classificacao-na-copa-verde\/#breadcrumb\"},\"inLanguage\":\"pt-BR\",\"potentialAction\":[{\"@type\":\"ReadAction\",\"target\":[\"https:\/\/progresso.com.br\/index.php\/2026\/04\/29\/operario-visita-capital-no-df-em-busca-de-classificacao-na-copa-verde\/\"]}]},{\"@type\":\"ImageObject\",\"inLanguage\":\"pt-BR\",\"@id\":\"https:\/\/progresso.com.br\/index.php\/2026\/04\/29\/operario-visita-capital-no-df-em-busca-de-classificacao-na-copa-verde\/#primaryimage\",\"url\":\"https:\/\/progresso.com.br\/wp-content\/uploads\/2026\/04\/OFC-Treino-2804a.jpeg\",\"contentUrl\":\"https:\/\/progresso.com.br\/wp-content\/uploads\/2026\/04\/OFC-Treino-2804a.jpeg\",\"width\":1280,\"height\":853,\"caption\":\"Oper\u00e1rio fez \u00faltimo treino no CT do Brasiliense (Foto: @felipesurto\/Oper\u00e1rio FC)\"},{\"@type\":\"BreadcrumbList\",\"@id\":\"https:\/\/progresso.com.br\/index.php\/2026\/04\/29\/operario-visita-capital-no-df-em-busca-de-classificacao-na-copa-verde\/#breadcrumb\",\"itemListElement\":[{\"@type\":\"ListItem\",\"position\":1,\"name\":\"In\u00edcio\",\"item\":\"https:\/\/progresso.com.br\/\"},{\"@type\":\"ListItem\",\"position\":2,\"name\":\"Oper\u00e1rio visita Capital no DF em busca de classifica\u00e7\u00e3o na Copa Verde\"}]},{\"@type\":\"WebSite\",\"@id\":\"https:\/\/progresso.com.br\/#website\",\"url\":\"https:\/\/progresso.com.br\/\",\"name\":\"O PROGRESSO\",\"description\":\"\",\"publisher\":{\"@id\":\"https:\/\/progresso.com.br\/#organization\"},\"potentialAction\":[{\"@type\":\"SearchAction\",\"target\":{\"@type\":\"EntryPoint\",\"urlTemplate\":\"https:\/\/progresso.com.br\/?s={search_term_string}\"},\"query-input\":{\"@type\":\"PropertyValueSpecification\",\"valueRequired\":true,\"valueName\":\"search_term_string\"}}],\"inLanguage\":\"pt-BR\"},{\"@type\":\"Organization\",\"@id\":\"https:\/\/progresso.com.br\/#organization\",\"name\":\"O PROGRESSO\",\"url\":\"https:\/\/progresso.com.br\/\",\"logo\":{\"@type\":\"ImageObject\",\"inLanguage\":\"pt-BR\",\"@id\":\"https:\/\/progresso.com.br\/#\/schema\/logo\/image\/\",\"url\":\"https:\/\/progresso.com.br\/wp-content\/uploads\/2026\/03\/logo_proog.jpg\",\"contentUrl\":\"https:\/\/progresso.com.br\/wp-content\/uploads\/2026\/03\/logo_proog.jpg\",\"width\":1960,\"height\":1080,\"caption\":\"O PROGRESSO\"},\"image\":{\"@id\":\"https:\/\/progresso.com.br\/#\/schema\/logo\/image\/\"},\"sameAs\":[\"https:\/\/www.facebook.com\/share\/1CeoksKBj6\/\",\"https:\/\/www.instagram.com\/oprogresso_digital\"]},{\"@type\":\"Person\",\"@id\":\"https:\/\/progresso.com.br\/#\/schema\/person\/471791cc575a7e23811d1070fa9d20ee\",\"name\":\"Rog\u00e9rio Vidmantas\",\"image\":{\"@type\":\"ImageObject\",\"inLanguage\":\"pt-BR\",\"@id\":\"https:\/\/progresso.com.br\/#\/schema\/person\/image\/\",\"url\":\"https:\/\/secure.gravatar.com\/avatar\/10a86aae4992f407879fa7e12fb476cdff79509ad9ec42967d62b4fbcee7c57b?s=96&d=mm&r=g\",\"contentUrl\":\"https:\/\/secure.gravatar.com\/avatar\/10a86aae4992f407879fa7e12fb476cdff79509ad9ec42967d62b4fbcee7c57b?s=96&d=mm&r=g\",\"caption\":\"Rog\u00e9rio Vidmantas\"},\"url\":\"https:\/\/progresso.com.br\/index.php\/author\/vidmantas\/\"}]}<\/script>\n<!-- \/ Yoast SEO plugin. -->","yoast_head_json":{"title":"Oper\u00e1rio visita Capital no DF em busca de classifica\u00e7\u00e3o na Copa Verde - O PROGRESSO","robots":{"index":"index","follow":"follow","max-snippet":"max-snippet:-1","max-image-preview":"max-image-preview:large","max-video-preview":"max-video-preview:-1"},"canonical":"https:\/\/progresso.com.br\/index.php\/2026\/04\/29\/operario-visita-capital-no-df-em-busca-de-classificacao-na-copa-verde\/","og_locale":"pt_BR","og_type":"article","og_title":"Oper\u00e1rio visita Capital no DF em busca de classifica\u00e7\u00e3o na Copa Verde - O PROGRESSO","og_description":"Jogo do Galo, \u00e0s 18h, tem transmiss\u00e3o no Canal Metr\u00f3pole Esporte, no YouTube Rog\u00e9rio Vidmantas O Oper\u00e1rio FC joga sua \u00faltima ficha na busca pela classifica\u00e7\u00e3o para a pr\u00f3xima fase na Copa Verde. Nesta quarta-feira (29), \u00e0s 18h (MS), na rodada que fecha a fase de grupos, o Galo enfrenta, em Bras\u00edlia, o Capital-DF e [&hellip;]","og_url":"https:\/\/progresso.com.br\/index.php\/2026\/04\/29\/operario-visita-capital-no-df-em-busca-de-classificacao-na-copa-verde\/","og_site_name":"O PROGRESSO","article_publisher":"https:\/\/www.facebook.com\/share\/1CeoksKBj6\/","article_published_time":"2026-04-29T14:44:42+00:00","article_modified_time":"2026-04-29T14:44:43+00:00","og_image":[{"width":1280,"height":853,"url":"https:\/\/progresso.com.br\/wp-content\/uploads\/2026\/04\/OFC-Treino-2804a.jpeg","type":"image\/jpeg"}],"author":"Rog\u00e9rio Vidmantas","twitter_card":"summary_large_image","twitter_misc":{"Escrito por":"Rog\u00e9rio Vidmantas","Est. tempo de leitura":"2 minutos"},"schema":{"@context":"https:\/\/schema.org","@graph":[{"@type":"Article","@id":"https:\/\/progresso.com.br\/index.php\/2026\/04\/29\/operario-visita-capital-no-df-em-busca-de-classificacao-na-copa-verde\/#article","isPartOf":{"@id":"https:\/\/progresso.com.br\/index.php\/2026\/04\/29\/operario-visita-capital-no-df-em-busca-de-classificacao-na-copa-verde\/"},"author":{"name":"Rog\u00e9rio Vidmantas","@id":"https:\/\/progresso.com.br\/#\/schema\/person\/471791cc575a7e23811d1070fa9d20ee"},"headline":"Oper\u00e1rio visita Capital no DF em busca de classifica\u00e7\u00e3o na Copa Verde","datePublished":"2026-04-29T14:44:42+00:00","dateModified":"2026-04-29T14:44:43+00:00","mainEntityOfPage":{"@id":"https:\/\/progresso.com.br\/index.php\/2026\/04\/29\/operario-visita-capital-no-df-em-busca-de-classificacao-na-copa-verde\/"},"wordCount":270,"commentCount":0,"publisher":{"@id":"https:\/\/progresso.com.br\/#organization"},"image":{"@id":"https:\/\/progresso.com.br\/index.php\/2026\/04\/29\/operario-visita-capital-no-df-em-busca-de-classificacao-na-copa-verde\/#primaryimage"},"thumbnailUrl":"https:\/\/progresso.com.br\/wp-content\/uploads\/2026\/04\/OFC-Treino-2804a.jpeg","articleSection":["Em destaque","Esporte"],"inLanguage":"pt-BR","potentialAction":[{"@type":"CommentAction","name":"Comment","target":["https:\/\/progresso.com.br\/index.php\/2026\/04\/29\/operario-visita-capital-no-df-em-busca-de-classificacao-na-copa-verde\/#respond"]}]},{"@type":"WebPage","@id":"https:\/\/progresso.com.br\/index.php\/2026\/04\/29\/operario-visita-capital-no-df-em-busca-de-classificacao-na-copa-verde\/","url":"https:\/\/progresso.com.br\/index.php\/2026\/04\/29\/operario-visita-capital-no-df-em-busca-de-classificacao-na-copa-verde\/","name":"Oper\u00e1rio visita Capital no DF em busca de classifica\u00e7\u00e3o na Copa Verde - O PROGRESSO","isPartOf":{"@id":"https:\/\/progresso.com.br\/#website"},"primaryImageOfPage":{"@id":"https:\/\/progresso.com.br\/index.php\/2026\/04\/29\/operario-visita-capital-no-df-em-busca-de-classificacao-na-copa-verde\/#primaryimage"},"image":{"@id":"https:\/\/progresso.com.br\/index.php\/2026\/04\/29\/operario-visita-capital-no-df-em-busca-de-classificacao-na-copa-verde\/#primaryimage"},"thumbnailUrl":"https:\/\/progresso.com.br\/wp-content\/uploads\/2026\/04\/OFC-Treino-2804a.jpeg","datePublished":"2026-04-29T14:44:42+00:00","dateModified":"2026-04-29T14:44:43+00:00","breadcrumb":{"@id":"https:\/\/progresso.com.br\/index.php\/2026\/04\/29\/operario-visita-capital-no-df-em-busca-de-classificacao-na-copa-verde\/#breadcrumb"},"inLanguage":"pt-BR","potentialAction":[{"@type":"ReadAction","target":["https:\/\/progresso.com.br\/index.php\/2026\/04\/29\/operario-visita-capital-no-df-em-busca-de-classificacao-na-copa-verde\/"]}]},{"@type":"ImageObject","inLanguage":"pt-BR","@id":"https:\/\/progresso.com.br\/index.php\/2026\/04\/29\/operario-visita-capital-no-df-em-busca-de-classificacao-na-copa-verde\/#primaryimage","url":"https:\/\/progresso.com.br\/wp-content\/uploads\/2026\/04\/OFC-Treino-2804a.jpeg","contentUrl":"https:\/\/progresso.com.br\/wp-content\/uploads\/2026\/04\/OFC-Treino-2804a.jpeg","width":1280,"height":853,"caption":"Oper\u00e1rio fez \u00faltimo treino no CT do Brasiliense (Foto: @felipesurto\/Oper\u00e1rio FC)"},{"@type":"BreadcrumbList","@id":"https:\/\/progresso.com.br\/index.php\/2026\/04\/29\/operario-visita-capital-no-df-em-busca-de-classificacao-na-copa-verde\/#breadcrumb","itemListElement":[{"@type":"ListItem","position":1,"name":"In\u00edcio","item":"https:\/\/progresso.com.br\/"},{"@type":"ListItem","position":2,"name":"Oper\u00e1rio visita Capital no DF em busca de classifica\u00e7\u00e3o na Copa Verde"}]},{"@type":"WebSite","@id":"https:\/\/progresso.com.br\/#website","url":"https:\/\/progresso.com.br\/","name":"O PROGRESSO","description":"","publisher":{"@id":"https:\/\/progresso.com.br\/#organization"},"potentialAction":[{"@type":"SearchAction","target":{"@type":"EntryPoint","urlTemplate":"https:\/\/progresso.com.br\/?s={search_term_string}"},"query-input":{"@type":"PropertyValueSpecification","valueRequired":true,"valueName":"search_term_string"}}],"inLanguage":"pt-BR"},{"@type":"Organization","@id":"https:\/\/progresso.com.br\/#organization","name":"O PROGRESSO","url":"https:\/\/progresso.com.br\/","logo":{"@type":"ImageObject","inLanguage":"pt-BR","@id":"https:\/\/progresso.com.br\/#\/schema\/logo\/image\/","url":"https:\/\/progresso.com.br\/wp-content\/uploads\/2026\/03\/logo_proog.jpg","contentUrl":"https:\/\/progresso.com.br\/wp-content\/uploads\/2026\/03\/logo_proog.jpg","width":1960,"height":1080,"caption":"O PROGRESSO"},"image":{"@id":"https:\/\/progresso.com.br\/#\/schema\/logo\/image\/"},"sameAs":["https:\/\/www.facebook.com\/share\/1CeoksKBj6\/","https:\/\/www.instagram.com\/oprogresso_digital"]},{"@type":"Person","@id":"https:\/\/progresso.com.br\/#\/schema\/person\/471791cc575a7e23811d1070fa9d20ee","name":"Rog\u00e9rio Vidmantas","image":{"@type":"ImageObject","inLanguage":"pt-BR","@id":"https:\/\/progresso.com.br\/#\/schema\/person\/image\/","url":"https:\/\/secure.gravatar.com\/avatar\/10a86aae4992f407879fa7e12fb476cdff79509ad9ec42967d62b4fbcee7c57b?s=96&d=mm&r=g","contentUrl":"https:\/\/secure.gravatar.com\/avatar\/10a86aae4992f407879fa7e12fb476cdff79509ad9ec42967d62b4fbcee7c57b?s=96&d=mm&r=g","caption":"Rog\u00e9rio Vidmantas"},"url":"https:\/\/progresso.com.br\/index.php\/author\/vidmantas\/"}]}},"_links":{"self":[{"href":"https:\/\/progresso.com.br\/index.php\/wp-json\/wp\/v2\/posts\/5080","targetHints":{"allow":["GET"]}}],"collection":[{"href":"https:\/\/progresso.com.br\/index.php\/wp-json\/wp\/v2\/posts"}],"about":[{"href":"https:\/\/progresso.com.br\/index.php\/wp-json\/wp\/v2\/types\/post"}],"author":[{"embeddable":true,"href":"https:\/\/progresso.com.br\/index.php\/wp-json\/wp\/v2\/users\/5"}],"replies":[{"embeddable":true,"href":"https:\/\/progresso.com.br\/index.php\/wp-json\/wp\/v2\/comments?post=5080"}],"version-history":[{"count":1,"href":"https:\/\/progresso.com.br\/index.php\/wp-json\/wp\/v2\/posts\/5080\/revisions"}],"predecessor-version":[{"id":5082,"href":"https:\/\/progresso.com.br\/index.php\/wp-json\/wp\/v2\/posts\/5080\/revisions\/5082"}],"wp:featuredmedia":[{"embeddable":true,"href":"https:\/\/progresso.com.br\/index.php\/wp-json\/wp\/v2\/media\/5081"}],"wp:attachment":[{"href":"https:\/\/progresso.com.br\/index.php\/wp-json\/wp\/v2\/media?parent=5080"}],"wp:term":[{"taxonomy":"category","embeddable":true,"href":"https:\/\/progresso.com.br\/index.php\/wp-json\/wp\/v2\/categories?post=5080"},{"taxonomy":"post_tag","embeddable":true,"href":"https:\/\/progresso.com.br\/index.php\/wp-json\/wp\/v2\/tags?post=5080"}],"curies":[{"name":"wp","href":"https:\/\/api.w.org\/{rel}","templated":true}]}}