{"id":5086,"date":"2026-04-29T11:27:24","date_gmt":"2026-04-29T15:27:24","guid":{"rendered":"https:\/\/progresso.com.br\/?p=5086"},"modified":"2026-04-29T11:27:25","modified_gmt":"2026-04-29T15:27:25","slug":"morte-de-brasileiros-expoe-rotina-de-ataques-no-libano-diz-jornalista","status":"publish","type":"post","link":"https:\/\/progresso.com.br\/index.php\/2026\/04\/29\/morte-de-brasileiros-expoe-rotina-de-ataques-no-libano-diz-jornalista\/","title":{"rendered":"Morte de brasileiros exp\u00f5e rotina de ataques no L\u00edbano, diz jornalista"},"content":{"rendered":"\n<p><em>Camila Boehm, da Ag\u00eancia Brasil<\/em><\/p>\n\n\n\n<p><strong>A brasileira Manal Jaafar e seu marido, o liban\u00eas Ghassan Nader,&nbsp;<a href=\"https:\/\/agenciabrasil.ebc.com.br\/internacional\/noticia\/2026-04\/mae-e-crianca-brasileiras-morrem-no-libano-apos-ataques-de-israel\">que morreram em ataque israelense ao sul do L\u00edbano<\/a>&nbsp;no \u00faltimo domingo (26), estavam no pa\u00eds em busca de uma vida melhor e mais est\u00e1vel para a fam\u00edlia, depois de passar 12 anos no Brasil.&nbsp;<\/strong><img decoding=\"async\" src=\"https:\/\/agenciabrasil.ebc.com.br\/ebc.png?id=1687542&amp;o=node\"><img decoding=\"async\" src=\"https:\/\/agenciabrasil.ebc.com.br\/ebc.gif?id=1687542&amp;o=node\"><\/p>\n\n\n\n<p>O casal tinha dois filhos brasileiros. Um deles, de 11 anos, tamb\u00e9m morreu no bombardeio. O outro filho do casal estava no local, mas sobreviveu e foi hospitalizado.<\/p>\n\n\n\n<blockquote class=\"wp-block-quote is-layout-flow wp-block-quote-is-layout-flow\">\n<p><em>\u201cA gente recebeu a not\u00edcia com muito sofrimento e muita tristeza. \u00c9 essa not\u00edcia que a comunidade [libanesa] recebe todos os dias sobre familiares, parentes e amigos. O L\u00edbano j\u00e1 perdeu mais de 2,5 mil v\u00edtimas. A grande maioria s\u00e3o civis, n\u00e3o tem nada a ver com essa guerra, n\u00e3o tem culpa nenhuma\u201d,<\/em> disse o jornalista liban\u00eas Ali Farhat, que era amigo de Ghassan Nader.<\/p>\n<\/blockquote>\n\n\n\n<p><strong>Ele afirmou que a not\u00edcia foi recebida pela comunidade libanesa com muita decep\u00e7\u00e3o e que o caso revela o sofrimento de tantos outros parentes e amigos que moram nas \u00e1reas de guerra.&nbsp;<\/strong>A fam\u00edlia da brasileira Manal chegou a deixar a resid\u00eancia por conta dos ataques, mas havia retornado por conta do cessar-fogo que estava vigente.<\/p>\n\n\n\n<p>Farhat classificou como massacre os ataques israelenses ao povo liban\u00eas. \u201cIsrael est\u00e1 bombardeando a geografia do L\u00edbano, a mem\u00f3ria do L\u00edbano, mesquitas, cemit\u00e9rios, casas civis. N\u00e3o tem nenhum ponto protegido no sul do L\u00edbano, tampouco na capital Beirute. Israel est\u00e1 tentando praticar o genoc\u00eddio parecido com o que praticou na Faixa de Gaza\u201d, ressaltou o jornalista \u00e0 Ag\u00eancia Brasil.<\/p>\n\n\n\n<p><strong>Farhat contou que a fam\u00edlia de Ghassan e Manal fez parte da comunidade libanesa em Foz do Igua\u00e7u (PR), onde eram bastante queridos.<\/strong>&nbsp;Na \u00faltima conversa entre eles, antes de deixar o Brasil, Ghassan falou que a fam\u00edlia queria se estabelecer no L\u00edbano.<\/p>\n\n\n\n<blockquote class=\"wp-block-quote is-layout-flow wp-block-quote-is-layout-flow\">\n<p><em>\u201cO plano dele era fazer uma vida est\u00e1vel no L\u00edbano, com a renda que ele tinha conseguido [trabalhando no com\u00e9rcio aqui no Brasil]. Ele queria cuidar mais da vida dele e da fam\u00edlia dele, queria fazer algo bem leve para conseguir dar mais tempo para os estudos e para a vida social\u201d,<\/em> contou Farhat, que vive no pa\u00eds h\u00e1 25 anos e integra a comunidade libanesa em Foz do Igua\u00e7u.<\/p>\n<\/blockquote>\n\n\n\n<p>O jornalista relatou que Ghassan gostava de pesquisar, fazer artigos e que n\u00e3o tinha envolvimento em quest\u00f5es de governo nem militares. \u201cEles moravam aqui de 1998 a 2010, mais ou menos. Eu conheci eles aqui, ele tinha feito um livro sobre a crise da economia global, eu tinha entrevistado ele, e a gente teve uma rela\u00e7\u00e3o de amizade\u201d, disse.<\/p>\n\n\n\n<p>\u201cEle era um empres\u00e1rio aqui e era um ativista na comunidade libanesa, ativista humanit\u00e1rio, participava dos eventos sociais. Ele era uma pessoa intelectual, uma pessoa culta, sabia muito da \u00e1rea cultural e da \u00e1rea econ\u00f4mica. Ele era bem conhecido aqui na comunidade e todo mundo gostava dele\u201d, mencionou.<\/p>\n\n\n\n<h2 class=\"wp-block-heading\"><\/h2>\n\n\n\n<p><\/p>\n","protected":false},"excerpt":{"rendered":"<p>Camila Boehm, da Ag\u00eancia Brasil A brasileira Manal Jaafar e seu marido, o liban\u00eas Ghassan Nader,&nbsp;que morreram em ataque israelense ao sul do L\u00edbano&nbsp;no \u00faltimo domingo (26), estavam no pa\u00eds em busca de uma vida melhor e mais est\u00e1vel para a fam\u00edlia, depois de passar 12 anos no Brasil.&nbsp; O casal tinha dois filhos brasileiros. [&hellip;]<\/p>\n","protected":false},"author":3,"featured_media":5087,"comment_status":"open","ping_status":"open","sticky":false,"template":"","format":"standard","meta":{"footnotes":""},"categories":[7],"tags":[],"class_list":["post-5086","post","type-post","status-publish","format-standard","has-post-thumbnail","hentry","category-internacional"],"yoast_head":"<!-- This site is optimized with the Yoast SEO plugin v27.1.1 - https:\/\/yoast.com\/product\/yoast-seo-wordpress\/ -->\n<title>Morte de brasileiros exp\u00f5e rotina de ataques no L\u00edbano, diz jornalista - O PROGRESSO<\/title>\n<meta name=\"robots\" content=\"index, follow, max-snippet:-1, max-image-preview:large, max-video-preview:-1\" \/>\n<link rel=\"canonical\" href=\"https:\/\/progresso.com.br\/index.php\/2026\/04\/29\/morte-de-brasileiros-expoe-rotina-de-ataques-no-libano-diz-jornalista\/\" \/>\n<meta property=\"og:locale\" content=\"pt_BR\" \/>\n<meta property=\"og:type\" content=\"article\" \/>\n<meta property=\"og:title\" content=\"Morte de brasileiros exp\u00f5e rotina de ataques no L\u00edbano, diz jornalista - O PROGRESSO\" \/>\n<meta property=\"og:description\" content=\"Camila Boehm, da Ag\u00eancia Brasil A brasileira Manal Jaafar e seu marido, o liban\u00eas Ghassan Nader,&nbsp;que morreram em ataque israelense ao sul do L\u00edbano&nbsp;no \u00faltimo domingo (26), estavam no pa\u00eds em busca de uma vida melhor e mais est\u00e1vel para a fam\u00edlia, depois de passar 12 anos no Brasil.&nbsp; O casal tinha dois filhos brasileiros. [&hellip;]\" \/>\n<meta property=\"og:url\" content=\"https:\/\/progresso.com.br\/index.php\/2026\/04\/29\/morte-de-brasileiros-expoe-rotina-de-ataques-no-libano-diz-jornalista\/\" \/>\n<meta property=\"og:site_name\" content=\"O PROGRESSO\" \/>\n<meta property=\"article:publisher\" content=\"https:\/\/www.facebook.com\/share\/1CeoksKBj6\/\" \/>\n<meta property=\"article:published_time\" content=\"2026-04-29T15:27:24+00:00\" \/>\n<meta property=\"article:modified_time\" content=\"2026-04-29T15:27:25+00:00\" \/>\n<meta property=\"og:image\" content=\"https:\/\/progresso.com.br\/wp-content\/uploads\/2026\/04\/casa_destruida_no_libano.webp\" \/>\n\t<meta property=\"og:image:width\" content=\"1170\" \/>\n\t<meta property=\"og:image:height\" content=\"700\" \/>\n\t<meta property=\"og:image:type\" content=\"image\/webp\" \/>\n<meta name=\"author\" content=\"Alfredo\" \/>\n<meta name=\"twitter:card\" content=\"summary_large_image\" \/>\n<meta name=\"twitter:label1\" content=\"Escrito por\" \/>\n\t<meta name=\"twitter:data1\" content=\"Alfredo\" \/>\n\t<meta name=\"twitter:label2\" content=\"Est. tempo de leitura\" \/>\n\t<meta name=\"twitter:data2\" content=\"3 minutos\" \/>\n<script type=\"application\/ld+json\" class=\"yoast-schema-graph\">{\"@context\":\"https:\/\/schema.org\",\"@graph\":[{\"@type\":\"Article\",\"@id\":\"https:\/\/progresso.com.br\/index.php\/2026\/04\/29\/morte-de-brasileiros-expoe-rotina-de-ataques-no-libano-diz-jornalista\/#article\",\"isPartOf\":{\"@id\":\"https:\/\/progresso.com.br\/index.php\/2026\/04\/29\/morte-de-brasileiros-expoe-rotina-de-ataques-no-libano-diz-jornalista\/\"},\"author\":{\"name\":\"Alfredo\",\"@id\":\"https:\/\/progresso.com.br\/#\/schema\/person\/b7390ac97c5e156cc2e02aa8e88f1bf2\"},\"headline\":\"Morte de brasileiros exp\u00f5e rotina de ataques no L\u00edbano, diz jornalista\",\"datePublished\":\"2026-04-29T15:27:24+00:00\",\"dateModified\":\"2026-04-29T15:27:25+00:00\",\"mainEntityOfPage\":{\"@id\":\"https:\/\/progresso.com.br\/index.php\/2026\/04\/29\/morte-de-brasileiros-expoe-rotina-de-ataques-no-libano-diz-jornalista\/\"},\"wordCount\":532,\"commentCount\":0,\"publisher\":{\"@id\":\"https:\/\/progresso.com.br\/#organization\"},\"image\":{\"@id\":\"https:\/\/progresso.com.br\/index.php\/2026\/04\/29\/morte-de-brasileiros-expoe-rotina-de-ataques-no-libano-diz-jornalista\/#primaryimage\"},\"thumbnailUrl\":\"https:\/\/progresso.com.br\/wp-content\/uploads\/2026\/04\/casa_destruida_no_libano.webp\",\"articleSection\":[\"Internacional\"],\"inLanguage\":\"pt-BR\",\"potentialAction\":[{\"@type\":\"CommentAction\",\"name\":\"Comment\",\"target\":[\"https:\/\/progresso.com.br\/index.php\/2026\/04\/29\/morte-de-brasileiros-expoe-rotina-de-ataques-no-libano-diz-jornalista\/#respond\"]}]},{\"@type\":\"WebPage\",\"@id\":\"https:\/\/progresso.com.br\/index.php\/2026\/04\/29\/morte-de-brasileiros-expoe-rotina-de-ataques-no-libano-diz-jornalista\/\",\"url\":\"https:\/\/progresso.com.br\/index.php\/2026\/04\/29\/morte-de-brasileiros-expoe-rotina-de-ataques-no-libano-diz-jornalista\/\",\"name\":\"Morte de brasileiros exp\u00f5e rotina de ataques no L\u00edbano, diz jornalista - O PROGRESSO\",\"isPartOf\":{\"@id\":\"https:\/\/progresso.com.br\/#website\"},\"primaryImageOfPage\":{\"@id\":\"https:\/\/progresso.com.br\/index.php\/2026\/04\/29\/morte-de-brasileiros-expoe-rotina-de-ataques-no-libano-diz-jornalista\/#primaryimage\"},\"image\":{\"@id\":\"https:\/\/progresso.com.br\/index.php\/2026\/04\/29\/morte-de-brasileiros-expoe-rotina-de-ataques-no-libano-diz-jornalista\/#primaryimage\"},\"thumbnailUrl\":\"https:\/\/progresso.com.br\/wp-content\/uploads\/2026\/04\/casa_destruida_no_libano.webp\",\"datePublished\":\"2026-04-29T15:27:24+00:00\",\"dateModified\":\"2026-04-29T15:27:25+00:00\",\"breadcrumb\":{\"@id\":\"https:\/\/progresso.com.br\/index.php\/2026\/04\/29\/morte-de-brasileiros-expoe-rotina-de-ataques-no-libano-diz-jornalista\/#breadcrumb\"},\"inLanguage\":\"pt-BR\",\"potentialAction\":[{\"@type\":\"ReadAction\",\"target\":[\"https:\/\/progresso.com.br\/index.php\/2026\/04\/29\/morte-de-brasileiros-expoe-rotina-de-ataques-no-libano-diz-jornalista\/\"]}]},{\"@type\":\"ImageObject\",\"inLanguage\":\"pt-BR\",\"@id\":\"https:\/\/progresso.com.br\/index.php\/2026\/04\/29\/morte-de-brasileiros-expoe-rotina-de-ataques-no-libano-diz-jornalista\/#primaryimage\",\"url\":\"https:\/\/progresso.com.br\/wp-content\/uploads\/2026\/04\/casa_destruida_no_libano.webp\",\"contentUrl\":\"https:\/\/progresso.com.br\/wp-content\/uploads\/2026\/04\/casa_destruida_no_libano.webp\",\"width\":1170,\"height\":700,\"caption\":\"O L\u00edbano tem sofrido ataques israelenses, no contexto da ofensiva promovida por Estados Unidos e Israel contra pa\u00edses da regi\u00e3o. (Foto: Manal Jaafar\/Arquivo Pessoal)\"},{\"@type\":\"BreadcrumbList\",\"@id\":\"https:\/\/progresso.com.br\/index.php\/2026\/04\/29\/morte-de-brasileiros-expoe-rotina-de-ataques-no-libano-diz-jornalista\/#breadcrumb\",\"itemListElement\":[{\"@type\":\"ListItem\",\"position\":1,\"name\":\"In\u00edcio\",\"item\":\"https:\/\/progresso.com.br\/\"},{\"@type\":\"ListItem\",\"position\":2,\"name\":\"Morte de brasileiros exp\u00f5e rotina de ataques no L\u00edbano, diz jornalista\"}]},{\"@type\":\"WebSite\",\"@id\":\"https:\/\/progresso.com.br\/#website\",\"url\":\"https:\/\/progresso.com.br\/\",\"name\":\"O PROGRESSO\",\"description\":\"\",\"publisher\":{\"@id\":\"https:\/\/progresso.com.br\/#organization\"},\"potentialAction\":[{\"@type\":\"SearchAction\",\"target\":{\"@type\":\"EntryPoint\",\"urlTemplate\":\"https:\/\/progresso.com.br\/?s={search_term_string}\"},\"query-input\":{\"@type\":\"PropertyValueSpecification\",\"valueRequired\":true,\"valueName\":\"search_term_string\"}}],\"inLanguage\":\"pt-BR\"},{\"@type\":\"Organization\",\"@id\":\"https:\/\/progresso.com.br\/#organization\",\"name\":\"O PROGRESSO\",\"url\":\"https:\/\/progresso.com.br\/\",\"logo\":{\"@type\":\"ImageObject\",\"inLanguage\":\"pt-BR\",\"@id\":\"https:\/\/progresso.com.br\/#\/schema\/logo\/image\/\",\"url\":\"https:\/\/progresso.com.br\/wp-content\/uploads\/2026\/03\/logo_proog.jpg\",\"contentUrl\":\"https:\/\/progresso.com.br\/wp-content\/uploads\/2026\/03\/logo_proog.jpg\",\"width\":1960,\"height\":1080,\"caption\":\"O PROGRESSO\"},\"image\":{\"@id\":\"https:\/\/progresso.com.br\/#\/schema\/logo\/image\/\"},\"sameAs\":[\"https:\/\/www.facebook.com\/share\/1CeoksKBj6\/\",\"https:\/\/www.instagram.com\/oprogresso_digital\"]},{\"@type\":\"Person\",\"@id\":\"https:\/\/progresso.com.br\/#\/schema\/person\/b7390ac97c5e156cc2e02aa8e88f1bf2\",\"name\":\"Alfredo\",\"image\":{\"@type\":\"ImageObject\",\"inLanguage\":\"pt-BR\",\"@id\":\"https:\/\/progresso.com.br\/#\/schema\/person\/image\/\",\"url\":\"https:\/\/secure.gravatar.com\/avatar\/ca208a3111522ad69d765c6f0ea1ce4742c74e10aba78ae7158042d704d65a9f?s=96&d=mm&r=g\",\"contentUrl\":\"https:\/\/secure.gravatar.com\/avatar\/ca208a3111522ad69d765c6f0ea1ce4742c74e10aba78ae7158042d704d65a9f?s=96&d=mm&r=g\",\"caption\":\"Alfredo\"},\"url\":\"https:\/\/progresso.com.br\/index.php\/author\/alfredo\/\"}]}<\/script>\n<!-- \/ Yoast SEO plugin. -->","yoast_head_json":{"title":"Morte de brasileiros exp\u00f5e rotina de ataques no L\u00edbano, diz jornalista - O PROGRESSO","robots":{"index":"index","follow":"follow","max-snippet":"max-snippet:-1","max-image-preview":"max-image-preview:large","max-video-preview":"max-video-preview:-1"},"canonical":"https:\/\/progresso.com.br\/index.php\/2026\/04\/29\/morte-de-brasileiros-expoe-rotina-de-ataques-no-libano-diz-jornalista\/","og_locale":"pt_BR","og_type":"article","og_title":"Morte de brasileiros exp\u00f5e rotina de ataques no L\u00edbano, diz jornalista - O PROGRESSO","og_description":"Camila Boehm, da Ag\u00eancia Brasil A brasileira Manal Jaafar e seu marido, o liban\u00eas Ghassan Nader,&nbsp;que morreram em ataque israelense ao sul do L\u00edbano&nbsp;no \u00faltimo domingo (26), estavam no pa\u00eds em busca de uma vida melhor e mais est\u00e1vel para a fam\u00edlia, depois de passar 12 anos no Brasil.&nbsp; O casal tinha dois filhos brasileiros. [&hellip;]","og_url":"https:\/\/progresso.com.br\/index.php\/2026\/04\/29\/morte-de-brasileiros-expoe-rotina-de-ataques-no-libano-diz-jornalista\/","og_site_name":"O PROGRESSO","article_publisher":"https:\/\/www.facebook.com\/share\/1CeoksKBj6\/","article_published_time":"2026-04-29T15:27:24+00:00","article_modified_time":"2026-04-29T15:27:25+00:00","og_image":[{"width":1170,"height":700,"url":"https:\/\/progresso.com.br\/wp-content\/uploads\/2026\/04\/casa_destruida_no_libano.webp","type":"image\/webp"}],"author":"Alfredo","twitter_card":"summary_large_image","twitter_misc":{"Escrito por":"Alfredo","Est. tempo de leitura":"3 minutos"},"schema":{"@context":"https:\/\/schema.org","@graph":[{"@type":"Article","@id":"https:\/\/progresso.com.br\/index.php\/2026\/04\/29\/morte-de-brasileiros-expoe-rotina-de-ataques-no-libano-diz-jornalista\/#article","isPartOf":{"@id":"https:\/\/progresso.com.br\/index.php\/2026\/04\/29\/morte-de-brasileiros-expoe-rotina-de-ataques-no-libano-diz-jornalista\/"},"author":{"name":"Alfredo","@id":"https:\/\/progresso.com.br\/#\/schema\/person\/b7390ac97c5e156cc2e02aa8e88f1bf2"},"headline":"Morte de brasileiros exp\u00f5e rotina de ataques no L\u00edbano, diz jornalista","datePublished":"2026-04-29T15:27:24+00:00","dateModified":"2026-04-29T15:27:25+00:00","mainEntityOfPage":{"@id":"https:\/\/progresso.com.br\/index.php\/2026\/04\/29\/morte-de-brasileiros-expoe-rotina-de-ataques-no-libano-diz-jornalista\/"},"wordCount":532,"commentCount":0,"publisher":{"@id":"https:\/\/progresso.com.br\/#organization"},"image":{"@id":"https:\/\/progresso.com.br\/index.php\/2026\/04\/29\/morte-de-brasileiros-expoe-rotina-de-ataques-no-libano-diz-jornalista\/#primaryimage"},"thumbnailUrl":"https:\/\/progresso.com.br\/wp-content\/uploads\/2026\/04\/casa_destruida_no_libano.webp","articleSection":["Internacional"],"inLanguage":"pt-BR","potentialAction":[{"@type":"CommentAction","name":"Comment","target":["https:\/\/progresso.com.br\/index.php\/2026\/04\/29\/morte-de-brasileiros-expoe-rotina-de-ataques-no-libano-diz-jornalista\/#respond"]}]},{"@type":"WebPage","@id":"https:\/\/progresso.com.br\/index.php\/2026\/04\/29\/morte-de-brasileiros-expoe-rotina-de-ataques-no-libano-diz-jornalista\/","url":"https:\/\/progresso.com.br\/index.php\/2026\/04\/29\/morte-de-brasileiros-expoe-rotina-de-ataques-no-libano-diz-jornalista\/","name":"Morte de brasileiros exp\u00f5e rotina de ataques no L\u00edbano, diz jornalista - O PROGRESSO","isPartOf":{"@id":"https:\/\/progresso.com.br\/#website"},"primaryImageOfPage":{"@id":"https:\/\/progresso.com.br\/index.php\/2026\/04\/29\/morte-de-brasileiros-expoe-rotina-de-ataques-no-libano-diz-jornalista\/#primaryimage"},"image":{"@id":"https:\/\/progresso.com.br\/index.php\/2026\/04\/29\/morte-de-brasileiros-expoe-rotina-de-ataques-no-libano-diz-jornalista\/#primaryimage"},"thumbnailUrl":"https:\/\/progresso.com.br\/wp-content\/uploads\/2026\/04\/casa_destruida_no_libano.webp","datePublished":"2026-04-29T15:27:24+00:00","dateModified":"2026-04-29T15:27:25+00:00","breadcrumb":{"@id":"https:\/\/progresso.com.br\/index.php\/2026\/04\/29\/morte-de-brasileiros-expoe-rotina-de-ataques-no-libano-diz-jornalista\/#breadcrumb"},"inLanguage":"pt-BR","potentialAction":[{"@type":"ReadAction","target":["https:\/\/progresso.com.br\/index.php\/2026\/04\/29\/morte-de-brasileiros-expoe-rotina-de-ataques-no-libano-diz-jornalista\/"]}]},{"@type":"ImageObject","inLanguage":"pt-BR","@id":"https:\/\/progresso.com.br\/index.php\/2026\/04\/29\/morte-de-brasileiros-expoe-rotina-de-ataques-no-libano-diz-jornalista\/#primaryimage","url":"https:\/\/progresso.com.br\/wp-content\/uploads\/2026\/04\/casa_destruida_no_libano.webp","contentUrl":"https:\/\/progresso.com.br\/wp-content\/uploads\/2026\/04\/casa_destruida_no_libano.webp","width":1170,"height":700,"caption":"O L\u00edbano tem sofrido ataques israelenses, no contexto da ofensiva promovida por Estados Unidos e Israel contra pa\u00edses da regi\u00e3o. (Foto: Manal Jaafar\/Arquivo Pessoal)"},{"@type":"BreadcrumbList","@id":"https:\/\/progresso.com.br\/index.php\/2026\/04\/29\/morte-de-brasileiros-expoe-rotina-de-ataques-no-libano-diz-jornalista\/#breadcrumb","itemListElement":[{"@type":"ListItem","position":1,"name":"In\u00edcio","item":"https:\/\/progresso.com.br\/"},{"@type":"ListItem","position":2,"name":"Morte de brasileiros exp\u00f5e rotina de ataques no L\u00edbano, diz jornalista"}]},{"@type":"WebSite","@id":"https:\/\/progresso.com.br\/#website","url":"https:\/\/progresso.com.br\/","name":"O PROGRESSO","description":"","publisher":{"@id":"https:\/\/progresso.com.br\/#organization"},"potentialAction":[{"@type":"SearchAction","target":{"@type":"EntryPoint","urlTemplate":"https:\/\/progresso.com.br\/?s={search_term_string}"},"query-input":{"@type":"PropertyValueSpecification","valueRequired":true,"valueName":"search_term_string"}}],"inLanguage":"pt-BR"},{"@type":"Organization","@id":"https:\/\/progresso.com.br\/#organization","name":"O PROGRESSO","url":"https:\/\/progresso.com.br\/","logo":{"@type":"ImageObject","inLanguage":"pt-BR","@id":"https:\/\/progresso.com.br\/#\/schema\/logo\/image\/","url":"https:\/\/progresso.com.br\/wp-content\/uploads\/2026\/03\/logo_proog.jpg","contentUrl":"https:\/\/progresso.com.br\/wp-content\/uploads\/2026\/03\/logo_proog.jpg","width":1960,"height":1080,"caption":"O PROGRESSO"},"image":{"@id":"https:\/\/progresso.com.br\/#\/schema\/logo\/image\/"},"sameAs":["https:\/\/www.facebook.com\/share\/1CeoksKBj6\/","https:\/\/www.instagram.com\/oprogresso_digital"]},{"@type":"Person","@id":"https:\/\/progresso.com.br\/#\/schema\/person\/b7390ac97c5e156cc2e02aa8e88f1bf2","name":"Alfredo","image":{"@type":"ImageObject","inLanguage":"pt-BR","@id":"https:\/\/progresso.com.br\/#\/schema\/person\/image\/","url":"https:\/\/secure.gravatar.com\/avatar\/ca208a3111522ad69d765c6f0ea1ce4742c74e10aba78ae7158042d704d65a9f?s=96&d=mm&r=g","contentUrl":"https:\/\/secure.gravatar.com\/avatar\/ca208a3111522ad69d765c6f0ea1ce4742c74e10aba78ae7158042d704d65a9f?s=96&d=mm&r=g","caption":"Alfredo"},"url":"https:\/\/progresso.com.br\/index.php\/author\/alfredo\/"}]}},"_links":{"self":[{"href":"https:\/\/progresso.com.br\/index.php\/wp-json\/wp\/v2\/posts\/5086","targetHints":{"allow":["GET"]}}],"collection":[{"href":"https:\/\/progresso.com.br\/index.php\/wp-json\/wp\/v2\/posts"}],"about":[{"href":"https:\/\/progresso.com.br\/index.php\/wp-json\/wp\/v2\/types\/post"}],"author":[{"embeddable":true,"href":"https:\/\/progresso.com.br\/index.php\/wp-json\/wp\/v2\/users\/3"}],"replies":[{"embeddable":true,"href":"https:\/\/progresso.com.br\/index.php\/wp-json\/wp\/v2\/comments?post=5086"}],"version-history":[{"count":1,"href":"https:\/\/progresso.com.br\/index.php\/wp-json\/wp\/v2\/posts\/5086\/revisions"}],"predecessor-version":[{"id":5088,"href":"https:\/\/progresso.com.br\/index.php\/wp-json\/wp\/v2\/posts\/5086\/revisions\/5088"}],"wp:featuredmedia":[{"embeddable":true,"href":"https:\/\/progresso.com.br\/index.php\/wp-json\/wp\/v2\/media\/5087"}],"wp:attachment":[{"href":"https:\/\/progresso.com.br\/index.php\/wp-json\/wp\/v2\/media?parent=5086"}],"wp:term":[{"taxonomy":"category","embeddable":true,"href":"https:\/\/progresso.com.br\/index.php\/wp-json\/wp\/v2\/categories?post=5086"},{"taxonomy":"post_tag","embeddable":true,"href":"https:\/\/progresso.com.br\/index.php\/wp-json\/wp\/v2\/tags?post=5086"}],"curies":[{"name":"wp","href":"https:\/\/api.w.org\/{rel}","templated":true}]}}