{"id":5089,"date":"2026-04-29T12:29:00","date_gmt":"2026-04-29T16:29:00","guid":{"rendered":"https:\/\/progresso.com.br\/?p=5089"},"modified":"2026-04-29T11:33:30","modified_gmt":"2026-04-29T15:33:30","slug":"messias-defende-aprimoramento-e-autocontencao-em-pautas-polemicas","status":"publish","type":"post","link":"https:\/\/progresso.com.br\/index.php\/2026\/04\/29\/messias-defende-aprimoramento-e-autocontencao-em-pautas-polemicas\/","title":{"rendered":"Messias defende aprimoramento e autoconten\u00e7\u00e3o em pautas pol\u00eamicas"},"content":{"rendered":"\n<p><em>Lucas Pordeus Le\u00f3n, da Ag\u00eancia Brasil<\/em><\/p>\n\n\n\n<p><strong>O indicado ao Supremo Tribunal Federal (STF) Jorge Messias defendeu, em sabatina na Comiss\u00e3o de Constitui\u00e7\u00e3o e Justi\u00e7a (CCJ) no Senado, na manh\u00e3 desta quarta-feira (29), que \u00e9 um dever do Supremo se aprimorar e exercer a autoconten\u00e7\u00e3o em pautas que dividem a sociedade.\u00a0<\/strong><img decoding=\"async\" src=\"https:\/\/agenciabrasil.ebc.com.br\/ebc.png?id=1687639&amp;o=node\"><img decoding=\"async\" src=\"https:\/\/agenciabrasil.ebc.com.br\/ebc.gif?id=1687639&amp;o=node\"><\/p>\n\n\n\n<p>Declarando-se evang\u00e9lico, Messias ainda defendeu o Estado laico:<\/p>\n\n\n\n<p>\u201cPrecisamos, por sua import\u00e2ncia, de que o STF se mantenha aberto permanentemente ao aperfei\u00e7oamento. A percep\u00e7\u00e3o p\u00fablica de que cortes supremas resistem \u00e0 autocr\u00edtica e ao aperfei\u00e7oamento institucional tende a pressionar a rela\u00e7\u00e3o entre a jurisdi\u00e7\u00e3o e a nossa democracia\u201d, disse Messias em sua fala inicial \u00e0 CCJ.<\/p>\n\n\n\n<p>Para o indicado pelo presidente Luiz In\u00e1cio Lula da Silva, em uma Rep\u00fablica, todo Poder deve se sujeitar a regras e conten\u00e7\u00f5es.&nbsp;<strong>A fala ocorre no contexto em que o&nbsp;<a href=\"https:\/\/agenciabrasil.ebc.com.br\/justica\/noticia\/2026-03\/anteprojeto-do-codigo-de-etica-do-stf-esta-em-fase-de-elaboracao\" target=\"_blank\" rel=\"noreferrer noopener\">STF discute um c\u00f3digo de \u00e9tica<\/a>&nbsp;para disciplinar as atividades dos magistrados.<\/strong><\/p>\n\n\n\n<blockquote class=\"wp-block-quote is-layout-flow wp-block-quote-is-layout-flow\">\n<p>\u201cDemandas da sociedade por transpar\u00eancia, presta\u00e7\u00e3o de contas, escrut\u00ednio p\u00fablico, n\u00e3o devem causar constrangimentos.\u201d<\/p>\n<\/blockquote>\n\n\n\n<p>Ele acrescentou que o aperfei\u00e7oamento institucional do STF \u00e9 capaz de neutralizar discursos autorit\u00e1rios que buscam enfraquecer o Judici\u00e1rio.<\/p>\n\n\n\n<p>\u201cPortanto, \u00e9 dever do Supremo aprimorar-se com lucidez institucional para permanecer pujante e respeitado, como o Brasil dele necessita. O Supremo deve convencer a sociedade de que disp\u00f5e de ferramentas efetivas de transpar\u00eancia e controle. A democracia come\u00e7a pela \u00e9tica dos nossos ju\u00edzes.\u201d<\/p>\n\n\n\n<p>A sabatina de Jorge Messias tem 27 senadores inscritos para fazer perguntas ao indicado ao STF.&nbsp;<strong>Atual advogado-geral da Uni\u00e3o (AGU), Messias precisa dos votos de 41 dos 81 senadores para assumir a vaga&nbsp;<\/strong>deixada pela aposentadoria do ministro Lu\u00eds Roberto Barroso.<\/p>\n","protected":false},"excerpt":{"rendered":"<p>Lucas Pordeus Le\u00f3n, da Ag\u00eancia Brasil O indicado ao Supremo Tribunal Federal (STF) Jorge Messias defendeu, em sabatina na Comiss\u00e3o de Constitui\u00e7\u00e3o e Justi\u00e7a (CCJ) no Senado, na manh\u00e3 desta quarta-feira (29), que \u00e9 um dever do Supremo se aprimorar e exercer a autoconten\u00e7\u00e3o em pautas que dividem a sociedade.\u00a0 Declarando-se evang\u00e9lico, Messias ainda defendeu [&hellip;]<\/p>\n","protected":false},"author":3,"featured_media":5090,"comment_status":"open","ping_status":"open","sticky":false,"template":"","format":"standard","meta":{"footnotes":""},"categories":[9],"tags":[],"class_list":["post-5089","post","type-post","status-publish","format-standard","has-post-thumbnail","hentry","category-politica"],"yoast_head":"<!-- This site is optimized with the Yoast SEO plugin v27.1.1 - https:\/\/yoast.com\/product\/yoast-seo-wordpress\/ -->\n<title>Messias defende aprimoramento e autoconten\u00e7\u00e3o em pautas pol\u00eamicas - O PROGRESSO<\/title>\n<meta name=\"robots\" content=\"index, follow, max-snippet:-1, max-image-preview:large, max-video-preview:-1\" \/>\n<link rel=\"canonical\" href=\"https:\/\/progresso.com.br\/index.php\/2026\/04\/29\/messias-defende-aprimoramento-e-autocontencao-em-pautas-polemicas\/\" \/>\n<meta property=\"og:locale\" content=\"pt_BR\" \/>\n<meta property=\"og:type\" content=\"article\" \/>\n<meta property=\"og:title\" content=\"Messias defende aprimoramento e autoconten\u00e7\u00e3o em pautas pol\u00eamicas - O PROGRESSO\" \/>\n<meta property=\"og:description\" content=\"Lucas Pordeus Le\u00f3n, da Ag\u00eancia Brasil O indicado ao Supremo Tribunal Federal (STF) Jorge Messias defendeu, em sabatina na Comiss\u00e3o de Constitui\u00e7\u00e3o e Justi\u00e7a (CCJ) no Senado, na manh\u00e3 desta quarta-feira (29), que \u00e9 um dever do Supremo se aprimorar e exercer a autoconten\u00e7\u00e3o em pautas que dividem a sociedade.\u00a0 Declarando-se evang\u00e9lico, Messias ainda defendeu [&hellip;]\" \/>\n<meta property=\"og:url\" content=\"https:\/\/progresso.com.br\/index.php\/2026\/04\/29\/messias-defende-aprimoramento-e-autocontencao-em-pautas-polemicas\/\" \/>\n<meta property=\"og:site_name\" content=\"O PROGRESSO\" \/>\n<meta property=\"article:publisher\" content=\"https:\/\/www.facebook.com\/share\/1CeoksKBj6\/\" \/>\n<meta property=\"article:published_time\" content=\"2026-04-29T16:29:00+00:00\" \/>\n<meta property=\"og:image\" content=\"https:\/\/progresso.com.br\/wp-content\/uploads\/2026\/04\/Jorge-Messias2.webp\" \/>\n\t<meta property=\"og:image:width\" content=\"1170\" \/>\n\t<meta property=\"og:image:height\" content=\"700\" \/>\n\t<meta property=\"og:image:type\" content=\"image\/webp\" \/>\n<meta name=\"author\" content=\"Alfredo\" \/>\n<meta name=\"twitter:card\" content=\"summary_large_image\" \/>\n<meta name=\"twitter:label1\" content=\"Escrito por\" \/>\n\t<meta name=\"twitter:data1\" content=\"Alfredo\" \/>\n\t<meta name=\"twitter:label2\" content=\"Est. tempo de leitura\" \/>\n\t<meta name=\"twitter:data2\" content=\"2 minutos\" \/>\n<script type=\"application\/ld+json\" class=\"yoast-schema-graph\">{\"@context\":\"https:\/\/schema.org\",\"@graph\":[{\"@type\":\"Article\",\"@id\":\"https:\/\/progresso.com.br\/index.php\/2026\/04\/29\/messias-defende-aprimoramento-e-autocontencao-em-pautas-polemicas\/#article\",\"isPartOf\":{\"@id\":\"https:\/\/progresso.com.br\/index.php\/2026\/04\/29\/messias-defende-aprimoramento-e-autocontencao-em-pautas-polemicas\/\"},\"author\":{\"name\":\"Alfredo\",\"@id\":\"https:\/\/progresso.com.br\/#\/schema\/person\/b7390ac97c5e156cc2e02aa8e88f1bf2\"},\"headline\":\"Messias defende aprimoramento e autoconten\u00e7\u00e3o em pautas pol\u00eamicas\",\"datePublished\":\"2026-04-29T16:29:00+00:00\",\"mainEntityOfPage\":{\"@id\":\"https:\/\/progresso.com.br\/index.php\/2026\/04\/29\/messias-defende-aprimoramento-e-autocontencao-em-pautas-polemicas\/\"},\"wordCount\":305,\"commentCount\":0,\"publisher\":{\"@id\":\"https:\/\/progresso.com.br\/#organization\"},\"image\":{\"@id\":\"https:\/\/progresso.com.br\/index.php\/2026\/04\/29\/messias-defende-aprimoramento-e-autocontencao-em-pautas-polemicas\/#primaryimage\"},\"thumbnailUrl\":\"https:\/\/progresso.com.br\/wp-content\/uploads\/2026\/04\/Jorge-Messias2.webp\",\"articleSection\":[\"Pol\u00edtica\"],\"inLanguage\":\"pt-BR\",\"potentialAction\":[{\"@type\":\"CommentAction\",\"name\":\"Comment\",\"target\":[\"https:\/\/progresso.com.br\/index.php\/2026\/04\/29\/messias-defende-aprimoramento-e-autocontencao-em-pautas-polemicas\/#respond\"]}]},{\"@type\":\"WebPage\",\"@id\":\"https:\/\/progresso.com.br\/index.php\/2026\/04\/29\/messias-defende-aprimoramento-e-autocontencao-em-pautas-polemicas\/\",\"url\":\"https:\/\/progresso.com.br\/index.php\/2026\/04\/29\/messias-defende-aprimoramento-e-autocontencao-em-pautas-polemicas\/\",\"name\":\"Messias defende aprimoramento e autoconten\u00e7\u00e3o em pautas pol\u00eamicas - O PROGRESSO\",\"isPartOf\":{\"@id\":\"https:\/\/progresso.com.br\/#website\"},\"primaryImageOfPage\":{\"@id\":\"https:\/\/progresso.com.br\/index.php\/2026\/04\/29\/messias-defende-aprimoramento-e-autocontencao-em-pautas-polemicas\/#primaryimage\"},\"image\":{\"@id\":\"https:\/\/progresso.com.br\/index.php\/2026\/04\/29\/messias-defende-aprimoramento-e-autocontencao-em-pautas-polemicas\/#primaryimage\"},\"thumbnailUrl\":\"https:\/\/progresso.com.br\/wp-content\/uploads\/2026\/04\/Jorge-Messias2.webp\",\"datePublished\":\"2026-04-29T16:29:00+00:00\",\"breadcrumb\":{\"@id\":\"https:\/\/progresso.com.br\/index.php\/2026\/04\/29\/messias-defende-aprimoramento-e-autocontencao-em-pautas-polemicas\/#breadcrumb\"},\"inLanguage\":\"pt-BR\",\"potentialAction\":[{\"@type\":\"ReadAction\",\"target\":[\"https:\/\/progresso.com.br\/index.php\/2026\/04\/29\/messias-defende-aprimoramento-e-autocontencao-em-pautas-polemicas\/\"]}]},{\"@type\":\"ImageObject\",\"inLanguage\":\"pt-BR\",\"@id\":\"https:\/\/progresso.com.br\/index.php\/2026\/04\/29\/messias-defende-aprimoramento-e-autocontencao-em-pautas-polemicas\/#primaryimage\",\"url\":\"https:\/\/progresso.com.br\/wp-content\/uploads\/2026\/04\/Jorge-Messias2.webp\",\"contentUrl\":\"https:\/\/progresso.com.br\/wp-content\/uploads\/2026\/04\/Jorge-Messias2.webp\",\"width\":1170,\"height\":700,\"caption\":\"Atual advogado-geral da Uni\u00e3o foi indicado para uma vaga no Supremo. (Foto: Lula Marques\/Ag. Brasil)\"},{\"@type\":\"BreadcrumbList\",\"@id\":\"https:\/\/progresso.com.br\/index.php\/2026\/04\/29\/messias-defende-aprimoramento-e-autocontencao-em-pautas-polemicas\/#breadcrumb\",\"itemListElement\":[{\"@type\":\"ListItem\",\"position\":1,\"name\":\"In\u00edcio\",\"item\":\"https:\/\/progresso.com.br\/\"},{\"@type\":\"ListItem\",\"position\":2,\"name\":\"Messias defende aprimoramento e autoconten\u00e7\u00e3o em pautas pol\u00eamicas\"}]},{\"@type\":\"WebSite\",\"@id\":\"https:\/\/progresso.com.br\/#website\",\"url\":\"https:\/\/progresso.com.br\/\",\"name\":\"O PROGRESSO\",\"description\":\"\",\"publisher\":{\"@id\":\"https:\/\/progresso.com.br\/#organization\"},\"potentialAction\":[{\"@type\":\"SearchAction\",\"target\":{\"@type\":\"EntryPoint\",\"urlTemplate\":\"https:\/\/progresso.com.br\/?s={search_term_string}\"},\"query-input\":{\"@type\":\"PropertyValueSpecification\",\"valueRequired\":true,\"valueName\":\"search_term_string\"}}],\"inLanguage\":\"pt-BR\"},{\"@type\":\"Organization\",\"@id\":\"https:\/\/progresso.com.br\/#organization\",\"name\":\"O PROGRESSO\",\"url\":\"https:\/\/progresso.com.br\/\",\"logo\":{\"@type\":\"ImageObject\",\"inLanguage\":\"pt-BR\",\"@id\":\"https:\/\/progresso.com.br\/#\/schema\/logo\/image\/\",\"url\":\"https:\/\/progresso.com.br\/wp-content\/uploads\/2026\/03\/logo_proog.jpg\",\"contentUrl\":\"https:\/\/progresso.com.br\/wp-content\/uploads\/2026\/03\/logo_proog.jpg\",\"width\":1960,\"height\":1080,\"caption\":\"O PROGRESSO\"},\"image\":{\"@id\":\"https:\/\/progresso.com.br\/#\/schema\/logo\/image\/\"},\"sameAs\":[\"https:\/\/www.facebook.com\/share\/1CeoksKBj6\/\",\"https:\/\/www.instagram.com\/oprogresso_digital\"]},{\"@type\":\"Person\",\"@id\":\"https:\/\/progresso.com.br\/#\/schema\/person\/b7390ac97c5e156cc2e02aa8e88f1bf2\",\"name\":\"Alfredo\",\"image\":{\"@type\":\"ImageObject\",\"inLanguage\":\"pt-BR\",\"@id\":\"https:\/\/progresso.com.br\/#\/schema\/person\/image\/\",\"url\":\"https:\/\/secure.gravatar.com\/avatar\/ca208a3111522ad69d765c6f0ea1ce4742c74e10aba78ae7158042d704d65a9f?s=96&d=mm&r=g\",\"contentUrl\":\"https:\/\/secure.gravatar.com\/avatar\/ca208a3111522ad69d765c6f0ea1ce4742c74e10aba78ae7158042d704d65a9f?s=96&d=mm&r=g\",\"caption\":\"Alfredo\"},\"url\":\"https:\/\/progresso.com.br\/index.php\/author\/alfredo\/\"}]}<\/script>\n<!-- \/ Yoast SEO plugin. -->","yoast_head_json":{"title":"Messias defende aprimoramento e autoconten\u00e7\u00e3o em pautas pol\u00eamicas - O PROGRESSO","robots":{"index":"index","follow":"follow","max-snippet":"max-snippet:-1","max-image-preview":"max-image-preview:large","max-video-preview":"max-video-preview:-1"},"canonical":"https:\/\/progresso.com.br\/index.php\/2026\/04\/29\/messias-defende-aprimoramento-e-autocontencao-em-pautas-polemicas\/","og_locale":"pt_BR","og_type":"article","og_title":"Messias defende aprimoramento e autoconten\u00e7\u00e3o em pautas pol\u00eamicas - O PROGRESSO","og_description":"Lucas Pordeus Le\u00f3n, da Ag\u00eancia Brasil O indicado ao Supremo Tribunal Federal (STF) Jorge Messias defendeu, em sabatina na Comiss\u00e3o de Constitui\u00e7\u00e3o e Justi\u00e7a (CCJ) no Senado, na manh\u00e3 desta quarta-feira (29), que \u00e9 um dever do Supremo se aprimorar e exercer a autoconten\u00e7\u00e3o em pautas que dividem a sociedade.\u00a0 Declarando-se evang\u00e9lico, Messias ainda defendeu [&hellip;]","og_url":"https:\/\/progresso.com.br\/index.php\/2026\/04\/29\/messias-defende-aprimoramento-e-autocontencao-em-pautas-polemicas\/","og_site_name":"O PROGRESSO","article_publisher":"https:\/\/www.facebook.com\/share\/1CeoksKBj6\/","article_published_time":"2026-04-29T16:29:00+00:00","og_image":[{"width":1170,"height":700,"url":"https:\/\/progresso.com.br\/wp-content\/uploads\/2026\/04\/Jorge-Messias2.webp","type":"image\/webp"}],"author":"Alfredo","twitter_card":"summary_large_image","twitter_misc":{"Escrito por":"Alfredo","Est. tempo de leitura":"2 minutos"},"schema":{"@context":"https:\/\/schema.org","@graph":[{"@type":"Article","@id":"https:\/\/progresso.com.br\/index.php\/2026\/04\/29\/messias-defende-aprimoramento-e-autocontencao-em-pautas-polemicas\/#article","isPartOf":{"@id":"https:\/\/progresso.com.br\/index.php\/2026\/04\/29\/messias-defende-aprimoramento-e-autocontencao-em-pautas-polemicas\/"},"author":{"name":"Alfredo","@id":"https:\/\/progresso.com.br\/#\/schema\/person\/b7390ac97c5e156cc2e02aa8e88f1bf2"},"headline":"Messias defende aprimoramento e autoconten\u00e7\u00e3o em pautas pol\u00eamicas","datePublished":"2026-04-29T16:29:00+00:00","mainEntityOfPage":{"@id":"https:\/\/progresso.com.br\/index.php\/2026\/04\/29\/messias-defende-aprimoramento-e-autocontencao-em-pautas-polemicas\/"},"wordCount":305,"commentCount":0,"publisher":{"@id":"https:\/\/progresso.com.br\/#organization"},"image":{"@id":"https:\/\/progresso.com.br\/index.php\/2026\/04\/29\/messias-defende-aprimoramento-e-autocontencao-em-pautas-polemicas\/#primaryimage"},"thumbnailUrl":"https:\/\/progresso.com.br\/wp-content\/uploads\/2026\/04\/Jorge-Messias2.webp","articleSection":["Pol\u00edtica"],"inLanguage":"pt-BR","potentialAction":[{"@type":"CommentAction","name":"Comment","target":["https:\/\/progresso.com.br\/index.php\/2026\/04\/29\/messias-defende-aprimoramento-e-autocontencao-em-pautas-polemicas\/#respond"]}]},{"@type":"WebPage","@id":"https:\/\/progresso.com.br\/index.php\/2026\/04\/29\/messias-defende-aprimoramento-e-autocontencao-em-pautas-polemicas\/","url":"https:\/\/progresso.com.br\/index.php\/2026\/04\/29\/messias-defende-aprimoramento-e-autocontencao-em-pautas-polemicas\/","name":"Messias defende aprimoramento e autoconten\u00e7\u00e3o em pautas pol\u00eamicas - O PROGRESSO","isPartOf":{"@id":"https:\/\/progresso.com.br\/#website"},"primaryImageOfPage":{"@id":"https:\/\/progresso.com.br\/index.php\/2026\/04\/29\/messias-defende-aprimoramento-e-autocontencao-em-pautas-polemicas\/#primaryimage"},"image":{"@id":"https:\/\/progresso.com.br\/index.php\/2026\/04\/29\/messias-defende-aprimoramento-e-autocontencao-em-pautas-polemicas\/#primaryimage"},"thumbnailUrl":"https:\/\/progresso.com.br\/wp-content\/uploads\/2026\/04\/Jorge-Messias2.webp","datePublished":"2026-04-29T16:29:00+00:00","breadcrumb":{"@id":"https:\/\/progresso.com.br\/index.php\/2026\/04\/29\/messias-defende-aprimoramento-e-autocontencao-em-pautas-polemicas\/#breadcrumb"},"inLanguage":"pt-BR","potentialAction":[{"@type":"ReadAction","target":["https:\/\/progresso.com.br\/index.php\/2026\/04\/29\/messias-defende-aprimoramento-e-autocontencao-em-pautas-polemicas\/"]}]},{"@type":"ImageObject","inLanguage":"pt-BR","@id":"https:\/\/progresso.com.br\/index.php\/2026\/04\/29\/messias-defende-aprimoramento-e-autocontencao-em-pautas-polemicas\/#primaryimage","url":"https:\/\/progresso.com.br\/wp-content\/uploads\/2026\/04\/Jorge-Messias2.webp","contentUrl":"https:\/\/progresso.com.br\/wp-content\/uploads\/2026\/04\/Jorge-Messias2.webp","width":1170,"height":700,"caption":"Atual advogado-geral da Uni\u00e3o foi indicado para uma vaga no Supremo. (Foto: Lula Marques\/Ag. Brasil)"},{"@type":"BreadcrumbList","@id":"https:\/\/progresso.com.br\/index.php\/2026\/04\/29\/messias-defende-aprimoramento-e-autocontencao-em-pautas-polemicas\/#breadcrumb","itemListElement":[{"@type":"ListItem","position":1,"name":"In\u00edcio","item":"https:\/\/progresso.com.br\/"},{"@type":"ListItem","position":2,"name":"Messias defende aprimoramento e autoconten\u00e7\u00e3o em pautas pol\u00eamicas"}]},{"@type":"WebSite","@id":"https:\/\/progresso.com.br\/#website","url":"https:\/\/progresso.com.br\/","name":"O PROGRESSO","description":"","publisher":{"@id":"https:\/\/progresso.com.br\/#organization"},"potentialAction":[{"@type":"SearchAction","target":{"@type":"EntryPoint","urlTemplate":"https:\/\/progresso.com.br\/?s={search_term_string}"},"query-input":{"@type":"PropertyValueSpecification","valueRequired":true,"valueName":"search_term_string"}}],"inLanguage":"pt-BR"},{"@type":"Organization","@id":"https:\/\/progresso.com.br\/#organization","name":"O PROGRESSO","url":"https:\/\/progresso.com.br\/","logo":{"@type":"ImageObject","inLanguage":"pt-BR","@id":"https:\/\/progresso.com.br\/#\/schema\/logo\/image\/","url":"https:\/\/progresso.com.br\/wp-content\/uploads\/2026\/03\/logo_proog.jpg","contentUrl":"https:\/\/progresso.com.br\/wp-content\/uploads\/2026\/03\/logo_proog.jpg","width":1960,"height":1080,"caption":"O PROGRESSO"},"image":{"@id":"https:\/\/progresso.com.br\/#\/schema\/logo\/image\/"},"sameAs":["https:\/\/www.facebook.com\/share\/1CeoksKBj6\/","https:\/\/www.instagram.com\/oprogresso_digital"]},{"@type":"Person","@id":"https:\/\/progresso.com.br\/#\/schema\/person\/b7390ac97c5e156cc2e02aa8e88f1bf2","name":"Alfredo","image":{"@type":"ImageObject","inLanguage":"pt-BR","@id":"https:\/\/progresso.com.br\/#\/schema\/person\/image\/","url":"https:\/\/secure.gravatar.com\/avatar\/ca208a3111522ad69d765c6f0ea1ce4742c74e10aba78ae7158042d704d65a9f?s=96&d=mm&r=g","contentUrl":"https:\/\/secure.gravatar.com\/avatar\/ca208a3111522ad69d765c6f0ea1ce4742c74e10aba78ae7158042d704d65a9f?s=96&d=mm&r=g","caption":"Alfredo"},"url":"https:\/\/progresso.com.br\/index.php\/author\/alfredo\/"}]}},"_links":{"self":[{"href":"https:\/\/progresso.com.br\/index.php\/wp-json\/wp\/v2\/posts\/5089","targetHints":{"allow":["GET"]}}],"collection":[{"href":"https:\/\/progresso.com.br\/index.php\/wp-json\/wp\/v2\/posts"}],"about":[{"href":"https:\/\/progresso.com.br\/index.php\/wp-json\/wp\/v2\/types\/post"}],"author":[{"embeddable":true,"href":"https:\/\/progresso.com.br\/index.php\/wp-json\/wp\/v2\/users\/3"}],"replies":[{"embeddable":true,"href":"https:\/\/progresso.com.br\/index.php\/wp-json\/wp\/v2\/comments?post=5089"}],"version-history":[{"count":1,"href":"https:\/\/progresso.com.br\/index.php\/wp-json\/wp\/v2\/posts\/5089\/revisions"}],"predecessor-version":[{"id":5091,"href":"https:\/\/progresso.com.br\/index.php\/wp-json\/wp\/v2\/posts\/5089\/revisions\/5091"}],"wp:featuredmedia":[{"embeddable":true,"href":"https:\/\/progresso.com.br\/index.php\/wp-json\/wp\/v2\/media\/5090"}],"wp:attachment":[{"href":"https:\/\/progresso.com.br\/index.php\/wp-json\/wp\/v2\/media?parent=5089"}],"wp:term":[{"taxonomy":"category","embeddable":true,"href":"https:\/\/progresso.com.br\/index.php\/wp-json\/wp\/v2\/categories?post=5089"},{"taxonomy":"post_tag","embeddable":true,"href":"https:\/\/progresso.com.br\/index.php\/wp-json\/wp\/v2\/tags?post=5089"}],"curies":[{"name":"wp","href":"https:\/\/api.w.org\/{rel}","templated":true}]}}