{"id":5096,"date":"2026-04-29T13:30:00","date_gmt":"2026-04-29T17:30:00","guid":{"rendered":"https:\/\/progresso.com.br\/?p=5096"},"modified":"2026-04-29T13:17:25","modified_gmt":"2026-04-29T17:17:25","slug":"colheita-da-safra-de-soja-2025-2026-deve-ser-concluida-em-ate-10-dias-no-estado","status":"publish","type":"post","link":"https:\/\/progresso.com.br\/index.php\/2026\/04\/29\/colheita-da-safra-de-soja-2025-2026-deve-ser-concluida-em-ate-10-dias-no-estado\/","title":{"rendered":"Colheita da safra de soja 2025\/2026 deve ser conclu\u00edda em at\u00e9 10 dias no Estado"},"content":{"rendered":"\n<p><em><strong>SIGA-MS aponta colheita de 98,1% da soja e plantio de 99,8% do milho segunda safra em Mato Grosso do Sul<\/strong><\/em><\/p>\n\n\n\n<p><em>Comunica\u00e7\u00e3o Aprosoja\/MS<\/em><\/p>\n\n\n\n<p>De acordo com informa\u00e7\u00f5es do Projeto SIGA-MS (Sistema de Informa\u00e7\u00e3o Geogr\u00e1fica do Agroneg\u00f3cio), executado pela Aprosoja\/MS, com recursos do Fundems\/Semadesc,&nbsp; a colheita da soja safra 2025\/2026 alcan\u00e7ou 98,1% da \u00e1rea acompanhada em Mato Grosso do Sul, o equivalente a aproximadamente 4,7 milh\u00f5es de hectares j\u00e1 colhidos.<\/p>\n\n\n\n<p>A regi\u00e3o sul lidera os trabalhos com 99,8% da \u00e1rea colhida. Na sequ\u00eancia aparecem a regi\u00e3o centro, com 97,0%, e a regi\u00e3o norte, com 93,0%.<\/p>\n\n\n\n<p>De acordo com o assessor t\u00e9cnico da Aprosoja\/MS, Flavio Aguena, os levantamentos de campo mostram que, apesar do estresse h\u00eddrico registrado em importantes regi\u00f5es produtoras, o resultado consolidado da safra apresenta desempenho superior ao projetado inicialmente.<\/p>\n\n\n\n<p>\u201cEstamos entrando na reta final da colheita da soja em Mato Grosso do Sul, com praticamente toda a \u00e1rea consolidada. Mesmo com os problemas clim\u00e1ticos enfrentados ao longo de janeiro e fevereiro, principalmente pela estiagem e pelas altas temperaturas, os levantamentos de campo mostram uma recupera\u00e7\u00e3o melhor do que a esperada inicialmente, o que permitiu uma revis\u00e3o positiva da produtividade\u201d, destaca.<\/p>\n\n\n\n<p>Com base em 713 levantamentos de produtividade realizados em campo, representando 19,5% da \u00e1rea cultivada, a Aprosoja\/MS revisou para cima a estimativa da safra. A produtividade m\u00e9dia estadual passou de 52,82 sacas por hectare para 61,73 sacas por hectare. Com isso, a expectativa de produ\u00e7\u00e3o foi reajustada para 17,759 milh\u00f5es de toneladas, volume 26,3% superior ao obtido na safra anterior.<\/p>\n\n\n\n<p>A \u00e1rea total cultivada com soja nesta temporada est\u00e1 estimada em 4,794 milh\u00f5es de hectares, crescimento de 5,9% em rela\u00e7\u00e3o ao ciclo 2024\/2025.<\/p>\n\n\n\n<p><strong>Milho segunda safra entra na fase de desenvolvimento<\/strong><\/p>\n\n\n\n<p>Com o avan\u00e7o da retirada da soja, os produtores praticamente conclu\u00edram a semeadura do milho segunda safra em Mato Grosso do Sul. At\u00e9 24 de abril, o plantio alcan\u00e7ou 99,8% da \u00e1rea acompanhada pelo SIGA-MS, o equivalente a cerca de 2,2 milh\u00f5es de hectares implantados.<\/p>\n\n\n\n<p>A regi\u00e3o sul j\u00e1 finalizou os trabalhos de plantio, enquanto a regi\u00e3o centro registra 99,9% e a regi\u00e3o norte 98,3%.<\/p>\n\n\n\n<p>O percentual est\u00e1 apenas 0,2 ponto percentual abaixo do observado no mesmo per\u00edodo da safra passada, demonstrando acelera\u00e7\u00e3o dos trabalhos nas \u00faltimas semanas, ap\u00f3s um in\u00edcio mais lento provocado pelo atraso na colheita da soja.<\/p>\n\n\n\n<p>\u201cO produtor conseguiu avan\u00e7ar de forma muito consistente com o plantio do milho segunda safra. Ainda que a semeadura tenha come\u00e7ado em ritmo mais lento por conta do atraso na retirada da soja, hoje n\u00f3s temos quase a totalidade da \u00e1rea implantada, o que demonstra a capacidade de rea\u00e7\u00e3o do campo\u201d, avalia Flavio.<\/p>\n\n\n\n<p>A estimativa preliminar aponta \u00e1rea total de 2,206 milh\u00f5es de hectares cultivados com milho segunda safra, produtividade m\u00e9dia esperada de 84,2 sacas por hectare e produ\u00e7\u00e3o de 11,139 milh\u00f5es de toneladas.<\/p>\n\n\n\n<p><strong>Clima e mercado entram no radar do produtor<\/strong><\/p>\n\n\n\n<p>Com a soja praticamente consolidada e o milho implantado, o monitoramento passa a se concentrar sobre as condi\u00e7\u00f5es clim\u00e1ticas das pr\u00f3ximas semanas e o comportamento do mercado.<\/p>\n\n\n\n<p>No cen\u00e1rio econ\u00f4mico, a saca de 60 quilos da soja foi cotada, em m\u00e9dia, a R$ 110,38 em Mato Grosso do Sul, registrando valoriza\u00e7\u00e3o de 1,09% no comparativo semanal. J\u00e1 a saca do milho foi negociada em torno de R$ 51.<\/p>\n\n\n\n<p>Apesar da leve recupera\u00e7\u00e3o da oleaginosa, a comercializa\u00e7\u00e3o da safra segue em ritmo mais lento. At\u00e9 27 de abril, cerca de 46% da produ\u00e7\u00e3o estadual havia sido negociada, \u00edndice inferior ao registrado no mesmo per\u00edodo do ano passado.<\/p>\n\n\n\n<p>\u201cAgora o foco se volta totalmente para o desenvolvimento dessas lavouras de milho. A manuten\u00e7\u00e3o de chuvas regulares nas pr\u00f3ximas semanas ser\u00e1 decisiva para sustentar o potencial produtivo, principalmente nas \u00e1reas implantadas mais fora da janela ideal. Al\u00e9m disso, o produtor segue atento ao comportamento do mercado, porque apesar de uma leve recupera\u00e7\u00e3o na soja, os pre\u00e7os ainda exigem cautela na comercializa\u00e7\u00e3o e no planejamento financeiro da propriedade\u201d, finaliza.<\/p>\n","protected":false},"excerpt":{"rendered":"<p>SIGA-MS aponta colheita de 98,1% da soja e plantio de 99,8% do milho segunda safra em Mato Grosso do Sul Comunica\u00e7\u00e3o Aprosoja\/MS De acordo com informa\u00e7\u00f5es do Projeto SIGA-MS (Sistema de Informa\u00e7\u00e3o Geogr\u00e1fica do Agroneg\u00f3cio), executado pela Aprosoja\/MS, com recursos do Fundems\/Semadesc,&nbsp; a colheita da soja safra 2025\/2026 alcan\u00e7ou 98,1% da \u00e1rea acompanhada em Mato [&hellip;]<\/p>\n","protected":false},"author":2,"featured_media":5097,"comment_status":"open","ping_status":"open","sticky":false,"template":"","format":"standard","meta":{"footnotes":""},"categories":[14,2],"tags":[],"class_list":["post-5096","post","type-post","status-publish","format-standard","has-post-thumbnail","hentry","category-agro","category-destaque"],"yoast_head":"<!-- This site is optimized with the Yoast SEO plugin v27.1.1 - https:\/\/yoast.com\/product\/yoast-seo-wordpress\/ -->\n<title>Colheita da safra de soja 2025\/2026 deve ser conclu\u00edda em at\u00e9 10 dias no Estado - O PROGRESSO<\/title>\n<meta name=\"robots\" content=\"index, follow, max-snippet:-1, max-image-preview:large, max-video-preview:-1\" \/>\n<link rel=\"canonical\" href=\"https:\/\/progresso.com.br\/index.php\/2026\/04\/29\/colheita-da-safra-de-soja-2025-2026-deve-ser-concluida-em-ate-10-dias-no-estado\/\" \/>\n<meta property=\"og:locale\" content=\"pt_BR\" \/>\n<meta property=\"og:type\" content=\"article\" \/>\n<meta property=\"og:title\" content=\"Colheita da safra de soja 2025\/2026 deve ser conclu\u00edda em at\u00e9 10 dias no Estado - O PROGRESSO\" \/>\n<meta property=\"og:description\" content=\"SIGA-MS aponta colheita de 98,1% da soja e plantio de 99,8% do milho segunda safra em Mato Grosso do Sul Comunica\u00e7\u00e3o Aprosoja\/MS De acordo com informa\u00e7\u00f5es do Projeto SIGA-MS (Sistema de Informa\u00e7\u00e3o Geogr\u00e1fica do Agroneg\u00f3cio), executado pela Aprosoja\/MS, com recursos do Fundems\/Semadesc,&nbsp; a colheita da soja safra 2025\/2026 alcan\u00e7ou 98,1% da \u00e1rea acompanhada em Mato [&hellip;]\" \/>\n<meta property=\"og:url\" content=\"https:\/\/progresso.com.br\/index.php\/2026\/04\/29\/colheita-da-safra-de-soja-2025-2026-deve-ser-concluida-em-ate-10-dias-no-estado\/\" \/>\n<meta property=\"og:site_name\" content=\"O PROGRESSO\" \/>\n<meta property=\"article:publisher\" content=\"https:\/\/www.facebook.com\/share\/1CeoksKBj6\/\" \/>\n<meta property=\"article:published_time\" content=\"2026-04-29T17:30:00+00:00\" \/>\n<meta property=\"og:image\" content=\"https:\/\/progresso.com.br\/wp-content\/uploads\/2026\/04\/IMG_20250220_141903774_1.jpg\" \/>\n\t<meta property=\"og:image:width\" content=\"800\" \/>\n\t<meta property=\"og:image:height\" content=\"550\" \/>\n\t<meta property=\"og:image:type\" content=\"image\/jpeg\" \/>\n<meta name=\"author\" content=\"Rose\" \/>\n<meta name=\"twitter:card\" content=\"summary_large_image\" \/>\n<meta name=\"twitter:label1\" content=\"Escrito por\" \/>\n\t<meta name=\"twitter:data1\" content=\"Rose\" \/>\n\t<meta name=\"twitter:label2\" content=\"Est. tempo de leitura\" \/>\n\t<meta name=\"twitter:data2\" content=\"4 minutos\" \/>\n<script type=\"application\/ld+json\" class=\"yoast-schema-graph\">{\"@context\":\"https:\/\/schema.org\",\"@graph\":[{\"@type\":\"Article\",\"@id\":\"https:\/\/progresso.com.br\/index.php\/2026\/04\/29\/colheita-da-safra-de-soja-2025-2026-deve-ser-concluida-em-ate-10-dias-no-estado\/#article\",\"isPartOf\":{\"@id\":\"https:\/\/progresso.com.br\/index.php\/2026\/04\/29\/colheita-da-safra-de-soja-2025-2026-deve-ser-concluida-em-ate-10-dias-no-estado\/\"},\"author\":{\"name\":\"Rose\",\"@id\":\"https:\/\/progresso.com.br\/#\/schema\/person\/5dd27138d4463fbbaace62120bfc002b\"},\"headline\":\"Colheita da safra de soja 2025\/2026 deve ser conclu\u00edda em at\u00e9 10 dias no Estado\",\"datePublished\":\"2026-04-29T17:30:00+00:00\",\"mainEntityOfPage\":{\"@id\":\"https:\/\/progresso.com.br\/index.php\/2026\/04\/29\/colheita-da-safra-de-soja-2025-2026-deve-ser-concluida-em-ate-10-dias-no-estado\/\"},\"wordCount\":694,\"commentCount\":0,\"publisher\":{\"@id\":\"https:\/\/progresso.com.br\/#organization\"},\"image\":{\"@id\":\"https:\/\/progresso.com.br\/index.php\/2026\/04\/29\/colheita-da-safra-de-soja-2025-2026-deve-ser-concluida-em-ate-10-dias-no-estado\/#primaryimage\"},\"thumbnailUrl\":\"https:\/\/progresso.com.br\/wp-content\/uploads\/2026\/04\/IMG_20250220_141903774_1.jpg\",\"articleSection\":[\"Agro\",\"Em destaque\"],\"inLanguage\":\"pt-BR\",\"potentialAction\":[{\"@type\":\"CommentAction\",\"name\":\"Comment\",\"target\":[\"https:\/\/progresso.com.br\/index.php\/2026\/04\/29\/colheita-da-safra-de-soja-2025-2026-deve-ser-concluida-em-ate-10-dias-no-estado\/#respond\"]}]},{\"@type\":\"WebPage\",\"@id\":\"https:\/\/progresso.com.br\/index.php\/2026\/04\/29\/colheita-da-safra-de-soja-2025-2026-deve-ser-concluida-em-ate-10-dias-no-estado\/\",\"url\":\"https:\/\/progresso.com.br\/index.php\/2026\/04\/29\/colheita-da-safra-de-soja-2025-2026-deve-ser-concluida-em-ate-10-dias-no-estado\/\",\"name\":\"Colheita da safra de soja 2025\/2026 deve ser conclu\u00edda em at\u00e9 10 dias no Estado - O PROGRESSO\",\"isPartOf\":{\"@id\":\"https:\/\/progresso.com.br\/#website\"},\"primaryImageOfPage\":{\"@id\":\"https:\/\/progresso.com.br\/index.php\/2026\/04\/29\/colheita-da-safra-de-soja-2025-2026-deve-ser-concluida-em-ate-10-dias-no-estado\/#primaryimage\"},\"image\":{\"@id\":\"https:\/\/progresso.com.br\/index.php\/2026\/04\/29\/colheita-da-safra-de-soja-2025-2026-deve-ser-concluida-em-ate-10-dias-no-estado\/#primaryimage\"},\"thumbnailUrl\":\"https:\/\/progresso.com.br\/wp-content\/uploads\/2026\/04\/IMG_20250220_141903774_1.jpg\",\"datePublished\":\"2026-04-29T17:30:00+00:00\",\"breadcrumb\":{\"@id\":\"https:\/\/progresso.com.br\/index.php\/2026\/04\/29\/colheita-da-safra-de-soja-2025-2026-deve-ser-concluida-em-ate-10-dias-no-estado\/#breadcrumb\"},\"inLanguage\":\"pt-BR\",\"potentialAction\":[{\"@type\":\"ReadAction\",\"target\":[\"https:\/\/progresso.com.br\/index.php\/2026\/04\/29\/colheita-da-safra-de-soja-2025-2026-deve-ser-concluida-em-ate-10-dias-no-estado\/\"]}]},{\"@type\":\"ImageObject\",\"inLanguage\":\"pt-BR\",\"@id\":\"https:\/\/progresso.com.br\/index.php\/2026\/04\/29\/colheita-da-safra-de-soja-2025-2026-deve-ser-concluida-em-ate-10-dias-no-estado\/#primaryimage\",\"url\":\"https:\/\/progresso.com.br\/wp-content\/uploads\/2026\/04\/IMG_20250220_141903774_1.jpg\",\"contentUrl\":\"https:\/\/progresso.com.br\/wp-content\/uploads\/2026\/04\/IMG_20250220_141903774_1.jpg\",\"width\":800,\"height\":550,\"caption\":\"(Foto:Arquivo da Aprosoja\/MS)\"},{\"@type\":\"BreadcrumbList\",\"@id\":\"https:\/\/progresso.com.br\/index.php\/2026\/04\/29\/colheita-da-safra-de-soja-2025-2026-deve-ser-concluida-em-ate-10-dias-no-estado\/#breadcrumb\",\"itemListElement\":[{\"@type\":\"ListItem\",\"position\":1,\"name\":\"In\u00edcio\",\"item\":\"https:\/\/progresso.com.br\/\"},{\"@type\":\"ListItem\",\"position\":2,\"name\":\"Colheita da safra de soja 2025\/2026 deve ser conclu\u00edda em at\u00e9 10 dias no Estado\"}]},{\"@type\":\"WebSite\",\"@id\":\"https:\/\/progresso.com.br\/#website\",\"url\":\"https:\/\/progresso.com.br\/\",\"name\":\"O PROGRESSO\",\"description\":\"\",\"publisher\":{\"@id\":\"https:\/\/progresso.com.br\/#organization\"},\"potentialAction\":[{\"@type\":\"SearchAction\",\"target\":{\"@type\":\"EntryPoint\",\"urlTemplate\":\"https:\/\/progresso.com.br\/?s={search_term_string}\"},\"query-input\":{\"@type\":\"PropertyValueSpecification\",\"valueRequired\":true,\"valueName\":\"search_term_string\"}}],\"inLanguage\":\"pt-BR\"},{\"@type\":\"Organization\",\"@id\":\"https:\/\/progresso.com.br\/#organization\",\"name\":\"O PROGRESSO\",\"url\":\"https:\/\/progresso.com.br\/\",\"logo\":{\"@type\":\"ImageObject\",\"inLanguage\":\"pt-BR\",\"@id\":\"https:\/\/progresso.com.br\/#\/schema\/logo\/image\/\",\"url\":\"https:\/\/progresso.com.br\/wp-content\/uploads\/2026\/03\/logo_proog.jpg\",\"contentUrl\":\"https:\/\/progresso.com.br\/wp-content\/uploads\/2026\/03\/logo_proog.jpg\",\"width\":1960,\"height\":1080,\"caption\":\"O PROGRESSO\"},\"image\":{\"@id\":\"https:\/\/progresso.com.br\/#\/schema\/logo\/image\/\"},\"sameAs\":[\"https:\/\/www.facebook.com\/share\/1CeoksKBj6\/\",\"https:\/\/www.instagram.com\/oprogresso_digital\"]},{\"@type\":\"Person\",\"@id\":\"https:\/\/progresso.com.br\/#\/schema\/person\/5dd27138d4463fbbaace62120bfc002b\",\"name\":\"Rose\",\"image\":{\"@type\":\"ImageObject\",\"inLanguage\":\"pt-BR\",\"@id\":\"https:\/\/progresso.com.br\/#\/schema\/person\/image\/\",\"url\":\"https:\/\/secure.gravatar.com\/avatar\/1b6890e759cdd3a88d9f751cb423720b9861c5239167cd3586355638b6556599?s=96&d=mm&r=g\",\"contentUrl\":\"https:\/\/secure.gravatar.com\/avatar\/1b6890e759cdd3a88d9f751cb423720b9861c5239167cd3586355638b6556599?s=96&d=mm&r=g\",\"caption\":\"Rose\"},\"url\":\"https:\/\/progresso.com.br\/index.php\/author\/rose\/\"}]}<\/script>\n<!-- \/ Yoast SEO plugin. -->","yoast_head_json":{"title":"Colheita da safra de soja 2025\/2026 deve ser conclu\u00edda em at\u00e9 10 dias no Estado - O PROGRESSO","robots":{"index":"index","follow":"follow","max-snippet":"max-snippet:-1","max-image-preview":"max-image-preview:large","max-video-preview":"max-video-preview:-1"},"canonical":"https:\/\/progresso.com.br\/index.php\/2026\/04\/29\/colheita-da-safra-de-soja-2025-2026-deve-ser-concluida-em-ate-10-dias-no-estado\/","og_locale":"pt_BR","og_type":"article","og_title":"Colheita da safra de soja 2025\/2026 deve ser conclu\u00edda em at\u00e9 10 dias no Estado - O PROGRESSO","og_description":"SIGA-MS aponta colheita de 98,1% da soja e plantio de 99,8% do milho segunda safra em Mato Grosso do Sul Comunica\u00e7\u00e3o Aprosoja\/MS De acordo com informa\u00e7\u00f5es do Projeto SIGA-MS (Sistema de Informa\u00e7\u00e3o Geogr\u00e1fica do Agroneg\u00f3cio), executado pela Aprosoja\/MS, com recursos do Fundems\/Semadesc,&nbsp; a colheita da soja safra 2025\/2026 alcan\u00e7ou 98,1% da \u00e1rea acompanhada em Mato [&hellip;]","og_url":"https:\/\/progresso.com.br\/index.php\/2026\/04\/29\/colheita-da-safra-de-soja-2025-2026-deve-ser-concluida-em-ate-10-dias-no-estado\/","og_site_name":"O PROGRESSO","article_publisher":"https:\/\/www.facebook.com\/share\/1CeoksKBj6\/","article_published_time":"2026-04-29T17:30:00+00:00","og_image":[{"width":800,"height":550,"url":"https:\/\/progresso.com.br\/wp-content\/uploads\/2026\/04\/IMG_20250220_141903774_1.jpg","type":"image\/jpeg"}],"author":"Rose","twitter_card":"summary_large_image","twitter_misc":{"Escrito por":"Rose","Est. tempo de leitura":"4 minutos"},"schema":{"@context":"https:\/\/schema.org","@graph":[{"@type":"Article","@id":"https:\/\/progresso.com.br\/index.php\/2026\/04\/29\/colheita-da-safra-de-soja-2025-2026-deve-ser-concluida-em-ate-10-dias-no-estado\/#article","isPartOf":{"@id":"https:\/\/progresso.com.br\/index.php\/2026\/04\/29\/colheita-da-safra-de-soja-2025-2026-deve-ser-concluida-em-ate-10-dias-no-estado\/"},"author":{"name":"Rose","@id":"https:\/\/progresso.com.br\/#\/schema\/person\/5dd27138d4463fbbaace62120bfc002b"},"headline":"Colheita da safra de soja 2025\/2026 deve ser conclu\u00edda em at\u00e9 10 dias no Estado","datePublished":"2026-04-29T17:30:00+00:00","mainEntityOfPage":{"@id":"https:\/\/progresso.com.br\/index.php\/2026\/04\/29\/colheita-da-safra-de-soja-2025-2026-deve-ser-concluida-em-ate-10-dias-no-estado\/"},"wordCount":694,"commentCount":0,"publisher":{"@id":"https:\/\/progresso.com.br\/#organization"},"image":{"@id":"https:\/\/progresso.com.br\/index.php\/2026\/04\/29\/colheita-da-safra-de-soja-2025-2026-deve-ser-concluida-em-ate-10-dias-no-estado\/#primaryimage"},"thumbnailUrl":"https:\/\/progresso.com.br\/wp-content\/uploads\/2026\/04\/IMG_20250220_141903774_1.jpg","articleSection":["Agro","Em destaque"],"inLanguage":"pt-BR","potentialAction":[{"@type":"CommentAction","name":"Comment","target":["https:\/\/progresso.com.br\/index.php\/2026\/04\/29\/colheita-da-safra-de-soja-2025-2026-deve-ser-concluida-em-ate-10-dias-no-estado\/#respond"]}]},{"@type":"WebPage","@id":"https:\/\/progresso.com.br\/index.php\/2026\/04\/29\/colheita-da-safra-de-soja-2025-2026-deve-ser-concluida-em-ate-10-dias-no-estado\/","url":"https:\/\/progresso.com.br\/index.php\/2026\/04\/29\/colheita-da-safra-de-soja-2025-2026-deve-ser-concluida-em-ate-10-dias-no-estado\/","name":"Colheita da safra de soja 2025\/2026 deve ser conclu\u00edda em at\u00e9 10 dias no Estado - O PROGRESSO","isPartOf":{"@id":"https:\/\/progresso.com.br\/#website"},"primaryImageOfPage":{"@id":"https:\/\/progresso.com.br\/index.php\/2026\/04\/29\/colheita-da-safra-de-soja-2025-2026-deve-ser-concluida-em-ate-10-dias-no-estado\/#primaryimage"},"image":{"@id":"https:\/\/progresso.com.br\/index.php\/2026\/04\/29\/colheita-da-safra-de-soja-2025-2026-deve-ser-concluida-em-ate-10-dias-no-estado\/#primaryimage"},"thumbnailUrl":"https:\/\/progresso.com.br\/wp-content\/uploads\/2026\/04\/IMG_20250220_141903774_1.jpg","datePublished":"2026-04-29T17:30:00+00:00","breadcrumb":{"@id":"https:\/\/progresso.com.br\/index.php\/2026\/04\/29\/colheita-da-safra-de-soja-2025-2026-deve-ser-concluida-em-ate-10-dias-no-estado\/#breadcrumb"},"inLanguage":"pt-BR","potentialAction":[{"@type":"ReadAction","target":["https:\/\/progresso.com.br\/index.php\/2026\/04\/29\/colheita-da-safra-de-soja-2025-2026-deve-ser-concluida-em-ate-10-dias-no-estado\/"]}]},{"@type":"ImageObject","inLanguage":"pt-BR","@id":"https:\/\/progresso.com.br\/index.php\/2026\/04\/29\/colheita-da-safra-de-soja-2025-2026-deve-ser-concluida-em-ate-10-dias-no-estado\/#primaryimage","url":"https:\/\/progresso.com.br\/wp-content\/uploads\/2026\/04\/IMG_20250220_141903774_1.jpg","contentUrl":"https:\/\/progresso.com.br\/wp-content\/uploads\/2026\/04\/IMG_20250220_141903774_1.jpg","width":800,"height":550,"caption":"(Foto:Arquivo da Aprosoja\/MS)"},{"@type":"BreadcrumbList","@id":"https:\/\/progresso.com.br\/index.php\/2026\/04\/29\/colheita-da-safra-de-soja-2025-2026-deve-ser-concluida-em-ate-10-dias-no-estado\/#breadcrumb","itemListElement":[{"@type":"ListItem","position":1,"name":"In\u00edcio","item":"https:\/\/progresso.com.br\/"},{"@type":"ListItem","position":2,"name":"Colheita da safra de soja 2025\/2026 deve ser conclu\u00edda em at\u00e9 10 dias no Estado"}]},{"@type":"WebSite","@id":"https:\/\/progresso.com.br\/#website","url":"https:\/\/progresso.com.br\/","name":"O PROGRESSO","description":"","publisher":{"@id":"https:\/\/progresso.com.br\/#organization"},"potentialAction":[{"@type":"SearchAction","target":{"@type":"EntryPoint","urlTemplate":"https:\/\/progresso.com.br\/?s={search_term_string}"},"query-input":{"@type":"PropertyValueSpecification","valueRequired":true,"valueName":"search_term_string"}}],"inLanguage":"pt-BR"},{"@type":"Organization","@id":"https:\/\/progresso.com.br\/#organization","name":"O PROGRESSO","url":"https:\/\/progresso.com.br\/","logo":{"@type":"ImageObject","inLanguage":"pt-BR","@id":"https:\/\/progresso.com.br\/#\/schema\/logo\/image\/","url":"https:\/\/progresso.com.br\/wp-content\/uploads\/2026\/03\/logo_proog.jpg","contentUrl":"https:\/\/progresso.com.br\/wp-content\/uploads\/2026\/03\/logo_proog.jpg","width":1960,"height":1080,"caption":"O PROGRESSO"},"image":{"@id":"https:\/\/progresso.com.br\/#\/schema\/logo\/image\/"},"sameAs":["https:\/\/www.facebook.com\/share\/1CeoksKBj6\/","https:\/\/www.instagram.com\/oprogresso_digital"]},{"@type":"Person","@id":"https:\/\/progresso.com.br\/#\/schema\/person\/5dd27138d4463fbbaace62120bfc002b","name":"Rose","image":{"@type":"ImageObject","inLanguage":"pt-BR","@id":"https:\/\/progresso.com.br\/#\/schema\/person\/image\/","url":"https:\/\/secure.gravatar.com\/avatar\/1b6890e759cdd3a88d9f751cb423720b9861c5239167cd3586355638b6556599?s=96&d=mm&r=g","contentUrl":"https:\/\/secure.gravatar.com\/avatar\/1b6890e759cdd3a88d9f751cb423720b9861c5239167cd3586355638b6556599?s=96&d=mm&r=g","caption":"Rose"},"url":"https:\/\/progresso.com.br\/index.php\/author\/rose\/"}]}},"_links":{"self":[{"href":"https:\/\/progresso.com.br\/index.php\/wp-json\/wp\/v2\/posts\/5096","targetHints":{"allow":["GET"]}}],"collection":[{"href":"https:\/\/progresso.com.br\/index.php\/wp-json\/wp\/v2\/posts"}],"about":[{"href":"https:\/\/progresso.com.br\/index.php\/wp-json\/wp\/v2\/types\/post"}],"author":[{"embeddable":true,"href":"https:\/\/progresso.com.br\/index.php\/wp-json\/wp\/v2\/users\/2"}],"replies":[{"embeddable":true,"href":"https:\/\/progresso.com.br\/index.php\/wp-json\/wp\/v2\/comments?post=5096"}],"version-history":[{"count":1,"href":"https:\/\/progresso.com.br\/index.php\/wp-json\/wp\/v2\/posts\/5096\/revisions"}],"predecessor-version":[{"id":5098,"href":"https:\/\/progresso.com.br\/index.php\/wp-json\/wp\/v2\/posts\/5096\/revisions\/5098"}],"wp:featuredmedia":[{"embeddable":true,"href":"https:\/\/progresso.com.br\/index.php\/wp-json\/wp\/v2\/media\/5097"}],"wp:attachment":[{"href":"https:\/\/progresso.com.br\/index.php\/wp-json\/wp\/v2\/media?parent=5096"}],"wp:term":[{"taxonomy":"category","embeddable":true,"href":"https:\/\/progresso.com.br\/index.php\/wp-json\/wp\/v2\/categories?post=5096"},{"taxonomy":"post_tag","embeddable":true,"href":"https:\/\/progresso.com.br\/index.php\/wp-json\/wp\/v2\/tags?post=5096"}],"curies":[{"name":"wp","href":"https:\/\/api.w.org\/{rel}","templated":true}]}}