{"id":5099,"date":"2026-04-29T13:45:00","date_gmt":"2026-04-29T17:45:00","guid":{"rendered":"https:\/\/progresso.com.br\/?p=5099"},"modified":"2026-04-29T13:26:33","modified_gmt":"2026-04-29T17:26:33","slug":"guerra-faz-igp-m-de-273-em-abril-ser-o-maior-desde-maio-de-2021","status":"publish","type":"post","link":"https:\/\/progresso.com.br\/index.php\/2026\/04\/29\/guerra-faz-igp-m-de-273-em-abril-ser-o-maior-desde-maio-de-2021\/","title":{"rendered":"Guerra faz IGP-M de 2,73% em abril ser o maior desde maio de 2021"},"content":{"rendered":"\n<p><strong><em>Infla\u00e7\u00e3o calculada pela FGV mostra salto de 14,9% no diesel<\/em><\/strong><\/p>\n\n\n\n<p><em>Bruno de Freitas Moura &#8211; Ag\u00eancia Brasil<\/em><\/p>\n\n\n\n<p>Os efeitos da guerra no&nbsp;<a href=\"https:\/\/agenciabrasil.ebc.com.br\/tags\/conflito-no-oriente-medio\" target=\"_blank\" rel=\"noreferrer noopener\">Oriente M\u00e9dio<\/a>&nbsp;foram sentidos diretamente no bolso dos consumidores e dos produtores brasileiros e fizeram o&nbsp;<a href=\"https:\/\/agenciabrasil.ebc.com.br\/tags\/igp-m\" target=\"_blank\" rel=\"noreferrer noopener\">\u00cdndice Geral de Pre\u00e7os \u2013 Mercado (IGP-M)<\/a>, conhecido como \u201cinfla\u00e7\u00e3o do aluguel\u201d, fechar abril em 2,73%, o maior patamar mensal desde maio de 2021 (4,10%).<img decoding=\"async\" src=\"https:\/\/agenciabrasil.ebc.com.br\/ebc.png?id=1687653&amp;o=node\"><img decoding=\"async\" src=\"https:\/\/agenciabrasil.ebc.com.br\/ebc.gif?id=1687653&amp;o=node\"><\/p>\n\n\n\n<p><strong>No m\u00eas anterior, mar\u00e7o, o IGP-M tinha marcado 0,52%. Em abril de 2025 era 0,24%. No acumulado de 12 meses, o indicador soma 0,61%, interrompendo a sequ\u00eancia de cinco meses seguidos de defla\u00e7\u00e3o, ou seja, infla\u00e7\u00e3o negativa.<\/strong><\/p>\n\n\n\n<p>As informa\u00e7\u00f5es foram divulgadas nesta quarta-feira (29) pelo Instituto Brasileiro de Economia (Ibre) da&nbsp;<a href=\"https:\/\/portalibre.fgv.br\/system\/files\/divulgacao\/noticias\/mat-complementar\/2026-04\/IGP-M_FGV_press%20release_Abr26.pdf\" target=\"_blank\" rel=\"noreferrer noopener\">Funda\u00e7\u00e3o Getulio Vargas (FGV)<\/a>.&nbsp;<\/p>\n\n\n\n<p><strong>O economista do Ibre Matheus Dias ressalta que \u201ctodos os \u00edndices registraram influ\u00eancias diretas do conflito geopol\u00edtico na regi\u00e3o do Estreito de Ormuz\u201d.<\/strong><\/p>\n\n\n\n<blockquote class=\"wp-block-quote is-layout-flow wp-block-quote-is-layout-flow\">\n<p>\u201cNos pre\u00e7os ao produtor, o grupo de mat\u00e9rias-primas brutas avan\u00e7ou quase 6%, em decorr\u00eancia do choque provocado pela guerra. Al\u00e9m disso, observam-se repasses mais relevantes em produtos da cadeia petroqu\u00edmica, como sacos ou sacolas pl\u00e1sticas para embalagem, itens de grande import\u00e2ncia no varejo\u201d.<\/p>\n<\/blockquote>\n\n\n\n<p><strong>Dias destaca que os pre\u00e7os ao consumidor \u201crefletem de forma significativa o impacto dos combust\u00edveis\u201d.<\/strong><\/p>\n\n\n\n<blockquote class=\"wp-block-quote is-layout-flow wp-block-quote-is-layout-flow\">\n<p>\u201cCom destaque para a gasolina, que subiu, em m\u00e9dia, 6,3% em abril, e para o diesel, cuja alta foi de 14,9%\u201d.<\/p>\n<\/blockquote>\n\n\n\n<p>A infla\u00e7\u00e3o dos combust\u00edveis, al\u00e9m de afetar o custo do transporte, tamb\u00e9m se espalha por outros componentes da economia, como os alimentos, por causa da alta do frete, por exemplo. O \u00f3leo diesel \u00e9 o principal combust\u00edvel utilizado pelos caminh\u00f5es.<\/p>\n\n\n\n<h2 class=\"wp-block-heading\">Guerra no Oriente M\u00e9dio<\/h2>\n\n\n\n<p>O conflito no Oriente M\u00e9dio come\u00e7ou em 28 de fevereiro, quando Estados Unidos e Israel atacaram o Ir\u00e3.&nbsp;<strong>A regi\u00e3o concentra pa\u00edses produtores de petr\u00f3leo e o Estreito de Ormuz, passagem mar\u00edtima que liga os golfos P\u00e9rsico e de Om\u00e3, por onde passam 20% da produ\u00e7\u00e3o mundial de \u00f3leo e g\u00e1s.<\/strong><\/p>\n\n\n\n<p>Uma das retalia\u00e7\u00f5es do Ir\u00e3 \u00e9 o bloqueio do estreito, que fica ao sul do pa\u00eds. O reflexo observado \u00e9 o dist\u00farbio na log\u00edstica da ind\u00fastria do petr\u00f3leo, o que tem causado redu\u00e7\u00e3o da oferta do produto e, consequentemente, aumento de pre\u00e7os no mercado internacional.<\/p>\n\n\n\n<p><strong>O petr\u00f3leo e seus derivados, como a gasolina e o \u00f3leo diesel, s\u00e3o&nbsp;<em>commodities<\/em>, isto \u00e9, mercadorias negociadas a pre\u00e7os internacionais. Isso explica por que os pre\u00e7os sobem at\u00e9 mesmo em pa\u00edses produtores, como o Brasil.<\/strong><\/p>\n\n\n\n<p>O&nbsp;<a href=\"https:\/\/agenciabrasil.ebc.com.br\/economia\/noticia\/2026-04\/governo-quer-converter-receitas-extras-com-petroleo-em-desoneracoes\" target=\"_blank\" rel=\"noreferrer noopener\">governo brasileiro<\/a>&nbsp;tem tomado medidas para conter a escalada dos derivados de petr\u00f3leo, com medidas como a isen\u00e7\u00e3o de cobran\u00e7a de impostos e subs\u00eddio a produtores e importadores.&nbsp;<\/p>\n\n\n\n<h2 class=\"wp-block-heading\">Componentes do IGP-M<\/h2>\n\n\n\n<p>A FGV leva em conta tr\u00eas componentes para apurar o IGP-M. O de maior peso \u00e9 o \u00cdndice de Pre\u00e7os ao Produtor Amplo (IPA), que mede a infla\u00e7\u00e3o sentida pelos produtores e responde por 60% do IGP-M cheio.<\/p>\n\n\n\n<p><strong>Em abril, o IPA apresentou alta de 3,49%, a maior desde maio de 2021 (5,23%).<\/strong><\/p>\n\n\n\n<p>Outro componente do IGP-M \u00e9 o \u00cdndice de Pre\u00e7os ao Consumidor (IPC), que responde por 30% do indicador.&nbsp;<strong>Em abril, o IPC subiu 0,94%. Veja quais foram as maiores press\u00f5es de alta nos pre\u00e7os \u00e0s fam\u00edlias em abril:<\/strong><\/p>\n\n\n\n<p>&#8211; Gasolina: 6,29%<\/p>\n\n\n\n<p>&#8211; Leite tipo longa vida: 9,20%<\/p>\n\n\n\n<p>&#8211; Tomate: 13,44%<\/p>\n\n\n\n<p>&#8211; \u00d3leo diesel: 14,93%<\/p>\n\n\n\n<p>&#8211; Tarifa de eletricidade residencial: 0,80%<\/p>\n\n\n\n<p><strong>O grupo transporte, que reflete diretamente a alta dos combust\u00edveis, viu expans\u00e3o m\u00e9dia de pre\u00e7os de 2,26%.<\/strong><\/p>\n\n\n\n<p>O terceiro componente medido pela FGV \u00e9 o \u00cdndice Nacional de Custo da Constru\u00e7\u00e3o (INCC), que subiu 1,04% no m\u00eas.&nbsp;<\/p>\n\n\n\n<h2 class=\"wp-block-heading\">Infla\u00e7\u00e3o do aluguel<\/h2>\n\n\n\n<p>O IGP-M \u00e9 conhecido como infla\u00e7\u00e3o do aluguel porque o acumulado de 12 meses costuma ser base para c\u00e1lculo de reajuste anual de contratos imobili\u00e1rios. Al\u00e9m disso, o indexador \u00e9 utilizado para reajustar algumas tarifas p\u00fablicas e servi\u00e7os essenciais.<\/p>\n\n\n\n<p>A FGV faz a coleta de pre\u00e7os em Belo Horizonte, Bras\u00edlia, Porto Alegre, Recife, Rio de Janeiro, S\u00e3o Paulo e Salvador. O per\u00edodo de levantamento do IGP-M foi 21 de mar\u00e7o a 20 de abril.<\/p>\n","protected":false},"excerpt":{"rendered":"<p>Infla\u00e7\u00e3o calculada pela FGV mostra salto de 14,9% no diesel Bruno de Freitas Moura &#8211; Ag\u00eancia Brasil Os efeitos da guerra no&nbsp;Oriente M\u00e9dio&nbsp;foram sentidos diretamente no bolso dos consumidores e dos produtores brasileiros e fizeram o&nbsp;\u00cdndice Geral de Pre\u00e7os \u2013 Mercado (IGP-M), conhecido como \u201cinfla\u00e7\u00e3o do aluguel\u201d, fechar abril em 2,73%, o maior patamar mensal [&hellip;]<\/p>\n","protected":false},"author":2,"featured_media":5100,"comment_status":"open","ping_status":"open","sticky":false,"template":"","format":"standard","meta":{"footnotes":""},"categories":[10,2],"tags":[],"class_list":["post-5099","post","type-post","status-publish","format-standard","has-post-thumbnail","hentry","category-economia","category-destaque"],"yoast_head":"<!-- This site is optimized with the Yoast SEO plugin v27.1.1 - https:\/\/yoast.com\/product\/yoast-seo-wordpress\/ -->\n<title>Guerra faz IGP-M de 2,73% em abril ser o maior desde maio de 2021 - O PROGRESSO<\/title>\n<meta name=\"robots\" content=\"index, follow, max-snippet:-1, max-image-preview:large, max-video-preview:-1\" \/>\n<link rel=\"canonical\" href=\"https:\/\/progresso.com.br\/index.php\/2026\/04\/29\/guerra-faz-igp-m-de-273-em-abril-ser-o-maior-desde-maio-de-2021\/\" \/>\n<meta property=\"og:locale\" content=\"pt_BR\" \/>\n<meta property=\"og:type\" content=\"article\" \/>\n<meta property=\"og:title\" content=\"Guerra faz IGP-M de 2,73% em abril ser o maior desde maio de 2021 - O PROGRESSO\" \/>\n<meta property=\"og:description\" content=\"Infla\u00e7\u00e3o calculada pela FGV mostra salto de 14,9% no diesel Bruno de Freitas Moura &#8211; Ag\u00eancia Brasil Os efeitos da guerra no&nbsp;Oriente M\u00e9dio&nbsp;foram sentidos diretamente no bolso dos consumidores e dos produtores brasileiros e fizeram o&nbsp;\u00cdndice Geral de Pre\u00e7os \u2013 Mercado (IGP-M), conhecido como \u201cinfla\u00e7\u00e3o do aluguel\u201d, fechar abril em 2,73%, o maior patamar mensal [&hellip;]\" \/>\n<meta property=\"og:url\" content=\"https:\/\/progresso.com.br\/index.php\/2026\/04\/29\/guerra-faz-igp-m-de-273-em-abril-ser-o-maior-desde-maio-de-2021\/\" \/>\n<meta property=\"og:site_name\" content=\"O PROGRESSO\" \/>\n<meta property=\"article:publisher\" content=\"https:\/\/www.facebook.com\/share\/1CeoksKBj6\/\" \/>\n<meta property=\"article:published_time\" content=\"2026-04-29T17:45:00+00:00\" \/>\n<meta property=\"og:image\" content=\"https:\/\/progresso.com.br\/wp-content\/uploads\/2026\/04\/imoveis.webp\" \/>\n\t<meta property=\"og:image:width\" content=\"1170\" \/>\n\t<meta property=\"og:image:height\" content=\"700\" \/>\n\t<meta property=\"og:image:type\" content=\"image\/webp\" \/>\n<meta name=\"author\" content=\"Rose\" \/>\n<meta name=\"twitter:card\" content=\"summary_large_image\" \/>\n<meta name=\"twitter:label1\" content=\"Escrito por\" \/>\n\t<meta name=\"twitter:data1\" content=\"Rose\" \/>\n\t<meta name=\"twitter:label2\" content=\"Est. tempo de leitura\" \/>\n\t<meta name=\"twitter:data2\" content=\"4 minutos\" \/>\n<script type=\"application\/ld+json\" class=\"yoast-schema-graph\">{\"@context\":\"https:\/\/schema.org\",\"@graph\":[{\"@type\":\"Article\",\"@id\":\"https:\/\/progresso.com.br\/index.php\/2026\/04\/29\/guerra-faz-igp-m-de-273-em-abril-ser-o-maior-desde-maio-de-2021\/#article\",\"isPartOf\":{\"@id\":\"https:\/\/progresso.com.br\/index.php\/2026\/04\/29\/guerra-faz-igp-m-de-273-em-abril-ser-o-maior-desde-maio-de-2021\/\"},\"author\":{\"name\":\"Rose\",\"@id\":\"https:\/\/progresso.com.br\/#\/schema\/person\/5dd27138d4463fbbaace62120bfc002b\"},\"headline\":\"Guerra faz IGP-M de 2,73% em abril ser o maior desde maio de 2021\",\"datePublished\":\"2026-04-29T17:45:00+00:00\",\"mainEntityOfPage\":{\"@id\":\"https:\/\/progresso.com.br\/index.php\/2026\/04\/29\/guerra-faz-igp-m-de-273-em-abril-ser-o-maior-desde-maio-de-2021\/\"},\"wordCount\":722,\"commentCount\":0,\"publisher\":{\"@id\":\"https:\/\/progresso.com.br\/#organization\"},\"image\":{\"@id\":\"https:\/\/progresso.com.br\/index.php\/2026\/04\/29\/guerra-faz-igp-m-de-273-em-abril-ser-o-maior-desde-maio-de-2021\/#primaryimage\"},\"thumbnailUrl\":\"https:\/\/progresso.com.br\/wp-content\/uploads\/2026\/04\/imoveis.webp\",\"articleSection\":[\"Economia\",\"Em destaque\"],\"inLanguage\":\"pt-BR\",\"potentialAction\":[{\"@type\":\"CommentAction\",\"name\":\"Comment\",\"target\":[\"https:\/\/progresso.com.br\/index.php\/2026\/04\/29\/guerra-faz-igp-m-de-273-em-abril-ser-o-maior-desde-maio-de-2021\/#respond\"]}]},{\"@type\":\"WebPage\",\"@id\":\"https:\/\/progresso.com.br\/index.php\/2026\/04\/29\/guerra-faz-igp-m-de-273-em-abril-ser-o-maior-desde-maio-de-2021\/\",\"url\":\"https:\/\/progresso.com.br\/index.php\/2026\/04\/29\/guerra-faz-igp-m-de-273-em-abril-ser-o-maior-desde-maio-de-2021\/\",\"name\":\"Guerra faz IGP-M de 2,73% em abril ser o maior desde maio de 2021 - O PROGRESSO\",\"isPartOf\":{\"@id\":\"https:\/\/progresso.com.br\/#website\"},\"primaryImageOfPage\":{\"@id\":\"https:\/\/progresso.com.br\/index.php\/2026\/04\/29\/guerra-faz-igp-m-de-273-em-abril-ser-o-maior-desde-maio-de-2021\/#primaryimage\"},\"image\":{\"@id\":\"https:\/\/progresso.com.br\/index.php\/2026\/04\/29\/guerra-faz-igp-m-de-273-em-abril-ser-o-maior-desde-maio-de-2021\/#primaryimage\"},\"thumbnailUrl\":\"https:\/\/progresso.com.br\/wp-content\/uploads\/2026\/04\/imoveis.webp\",\"datePublished\":\"2026-04-29T17:45:00+00:00\",\"breadcrumb\":{\"@id\":\"https:\/\/progresso.com.br\/index.php\/2026\/04\/29\/guerra-faz-igp-m-de-273-em-abril-ser-o-maior-desde-maio-de-2021\/#breadcrumb\"},\"inLanguage\":\"pt-BR\",\"potentialAction\":[{\"@type\":\"ReadAction\",\"target\":[\"https:\/\/progresso.com.br\/index.php\/2026\/04\/29\/guerra-faz-igp-m-de-273-em-abril-ser-o-maior-desde-maio-de-2021\/\"]}]},{\"@type\":\"ImageObject\",\"inLanguage\":\"pt-BR\",\"@id\":\"https:\/\/progresso.com.br\/index.php\/2026\/04\/29\/guerra-faz-igp-m-de-273-em-abril-ser-o-maior-desde-maio-de-2021\/#primaryimage\",\"url\":\"https:\/\/progresso.com.br\/wp-content\/uploads\/2026\/04\/imoveis.webp\",\"contentUrl\":\"https:\/\/progresso.com.br\/wp-content\/uploads\/2026\/04\/imoveis.webp\",\"width\":1170,\"height\":700,\"caption\":\"(Foto: Fernando Fraz\u00e3o\/Ag\u00eancia Brasil\/Arquivo)\"},{\"@type\":\"BreadcrumbList\",\"@id\":\"https:\/\/progresso.com.br\/index.php\/2026\/04\/29\/guerra-faz-igp-m-de-273-em-abril-ser-o-maior-desde-maio-de-2021\/#breadcrumb\",\"itemListElement\":[{\"@type\":\"ListItem\",\"position\":1,\"name\":\"In\u00edcio\",\"item\":\"https:\/\/progresso.com.br\/\"},{\"@type\":\"ListItem\",\"position\":2,\"name\":\"Guerra faz IGP-M de 2,73% em abril ser o maior desde maio de 2021\"}]},{\"@type\":\"WebSite\",\"@id\":\"https:\/\/progresso.com.br\/#website\",\"url\":\"https:\/\/progresso.com.br\/\",\"name\":\"O PROGRESSO\",\"description\":\"\",\"publisher\":{\"@id\":\"https:\/\/progresso.com.br\/#organization\"},\"potentialAction\":[{\"@type\":\"SearchAction\",\"target\":{\"@type\":\"EntryPoint\",\"urlTemplate\":\"https:\/\/progresso.com.br\/?s={search_term_string}\"},\"query-input\":{\"@type\":\"PropertyValueSpecification\",\"valueRequired\":true,\"valueName\":\"search_term_string\"}}],\"inLanguage\":\"pt-BR\"},{\"@type\":\"Organization\",\"@id\":\"https:\/\/progresso.com.br\/#organization\",\"name\":\"O PROGRESSO\",\"url\":\"https:\/\/progresso.com.br\/\",\"logo\":{\"@type\":\"ImageObject\",\"inLanguage\":\"pt-BR\",\"@id\":\"https:\/\/progresso.com.br\/#\/schema\/logo\/image\/\",\"url\":\"https:\/\/progresso.com.br\/wp-content\/uploads\/2026\/03\/logo_proog.jpg\",\"contentUrl\":\"https:\/\/progresso.com.br\/wp-content\/uploads\/2026\/03\/logo_proog.jpg\",\"width\":1960,\"height\":1080,\"caption\":\"O PROGRESSO\"},\"image\":{\"@id\":\"https:\/\/progresso.com.br\/#\/schema\/logo\/image\/\"},\"sameAs\":[\"https:\/\/www.facebook.com\/share\/1CeoksKBj6\/\",\"https:\/\/www.instagram.com\/oprogresso_digital\"]},{\"@type\":\"Person\",\"@id\":\"https:\/\/progresso.com.br\/#\/schema\/person\/5dd27138d4463fbbaace62120bfc002b\",\"name\":\"Rose\",\"image\":{\"@type\":\"ImageObject\",\"inLanguage\":\"pt-BR\",\"@id\":\"https:\/\/progresso.com.br\/#\/schema\/person\/image\/\",\"url\":\"https:\/\/secure.gravatar.com\/avatar\/1b6890e759cdd3a88d9f751cb423720b9861c5239167cd3586355638b6556599?s=96&d=mm&r=g\",\"contentUrl\":\"https:\/\/secure.gravatar.com\/avatar\/1b6890e759cdd3a88d9f751cb423720b9861c5239167cd3586355638b6556599?s=96&d=mm&r=g\",\"caption\":\"Rose\"},\"url\":\"https:\/\/progresso.com.br\/index.php\/author\/rose\/\"}]}<\/script>\n<!-- \/ Yoast SEO plugin. -->","yoast_head_json":{"title":"Guerra faz IGP-M de 2,73% em abril ser o maior desde maio de 2021 - O PROGRESSO","robots":{"index":"index","follow":"follow","max-snippet":"max-snippet:-1","max-image-preview":"max-image-preview:large","max-video-preview":"max-video-preview:-1"},"canonical":"https:\/\/progresso.com.br\/index.php\/2026\/04\/29\/guerra-faz-igp-m-de-273-em-abril-ser-o-maior-desde-maio-de-2021\/","og_locale":"pt_BR","og_type":"article","og_title":"Guerra faz IGP-M de 2,73% em abril ser o maior desde maio de 2021 - O PROGRESSO","og_description":"Infla\u00e7\u00e3o calculada pela FGV mostra salto de 14,9% no diesel Bruno de Freitas Moura &#8211; Ag\u00eancia Brasil Os efeitos da guerra no&nbsp;Oriente M\u00e9dio&nbsp;foram sentidos diretamente no bolso dos consumidores e dos produtores brasileiros e fizeram o&nbsp;\u00cdndice Geral de Pre\u00e7os \u2013 Mercado (IGP-M), conhecido como \u201cinfla\u00e7\u00e3o do aluguel\u201d, fechar abril em 2,73%, o maior patamar mensal [&hellip;]","og_url":"https:\/\/progresso.com.br\/index.php\/2026\/04\/29\/guerra-faz-igp-m-de-273-em-abril-ser-o-maior-desde-maio-de-2021\/","og_site_name":"O PROGRESSO","article_publisher":"https:\/\/www.facebook.com\/share\/1CeoksKBj6\/","article_published_time":"2026-04-29T17:45:00+00:00","og_image":[{"width":1170,"height":700,"url":"https:\/\/progresso.com.br\/wp-content\/uploads\/2026\/04\/imoveis.webp","type":"image\/webp"}],"author":"Rose","twitter_card":"summary_large_image","twitter_misc":{"Escrito por":"Rose","Est. tempo de leitura":"4 minutos"},"schema":{"@context":"https:\/\/schema.org","@graph":[{"@type":"Article","@id":"https:\/\/progresso.com.br\/index.php\/2026\/04\/29\/guerra-faz-igp-m-de-273-em-abril-ser-o-maior-desde-maio-de-2021\/#article","isPartOf":{"@id":"https:\/\/progresso.com.br\/index.php\/2026\/04\/29\/guerra-faz-igp-m-de-273-em-abril-ser-o-maior-desde-maio-de-2021\/"},"author":{"name":"Rose","@id":"https:\/\/progresso.com.br\/#\/schema\/person\/5dd27138d4463fbbaace62120bfc002b"},"headline":"Guerra faz IGP-M de 2,73% em abril ser o maior desde maio de 2021","datePublished":"2026-04-29T17:45:00+00:00","mainEntityOfPage":{"@id":"https:\/\/progresso.com.br\/index.php\/2026\/04\/29\/guerra-faz-igp-m-de-273-em-abril-ser-o-maior-desde-maio-de-2021\/"},"wordCount":722,"commentCount":0,"publisher":{"@id":"https:\/\/progresso.com.br\/#organization"},"image":{"@id":"https:\/\/progresso.com.br\/index.php\/2026\/04\/29\/guerra-faz-igp-m-de-273-em-abril-ser-o-maior-desde-maio-de-2021\/#primaryimage"},"thumbnailUrl":"https:\/\/progresso.com.br\/wp-content\/uploads\/2026\/04\/imoveis.webp","articleSection":["Economia","Em destaque"],"inLanguage":"pt-BR","potentialAction":[{"@type":"CommentAction","name":"Comment","target":["https:\/\/progresso.com.br\/index.php\/2026\/04\/29\/guerra-faz-igp-m-de-273-em-abril-ser-o-maior-desde-maio-de-2021\/#respond"]}]},{"@type":"WebPage","@id":"https:\/\/progresso.com.br\/index.php\/2026\/04\/29\/guerra-faz-igp-m-de-273-em-abril-ser-o-maior-desde-maio-de-2021\/","url":"https:\/\/progresso.com.br\/index.php\/2026\/04\/29\/guerra-faz-igp-m-de-273-em-abril-ser-o-maior-desde-maio-de-2021\/","name":"Guerra faz IGP-M de 2,73% em abril ser o maior desde maio de 2021 - O PROGRESSO","isPartOf":{"@id":"https:\/\/progresso.com.br\/#website"},"primaryImageOfPage":{"@id":"https:\/\/progresso.com.br\/index.php\/2026\/04\/29\/guerra-faz-igp-m-de-273-em-abril-ser-o-maior-desde-maio-de-2021\/#primaryimage"},"image":{"@id":"https:\/\/progresso.com.br\/index.php\/2026\/04\/29\/guerra-faz-igp-m-de-273-em-abril-ser-o-maior-desde-maio-de-2021\/#primaryimage"},"thumbnailUrl":"https:\/\/progresso.com.br\/wp-content\/uploads\/2026\/04\/imoveis.webp","datePublished":"2026-04-29T17:45:00+00:00","breadcrumb":{"@id":"https:\/\/progresso.com.br\/index.php\/2026\/04\/29\/guerra-faz-igp-m-de-273-em-abril-ser-o-maior-desde-maio-de-2021\/#breadcrumb"},"inLanguage":"pt-BR","potentialAction":[{"@type":"ReadAction","target":["https:\/\/progresso.com.br\/index.php\/2026\/04\/29\/guerra-faz-igp-m-de-273-em-abril-ser-o-maior-desde-maio-de-2021\/"]}]},{"@type":"ImageObject","inLanguage":"pt-BR","@id":"https:\/\/progresso.com.br\/index.php\/2026\/04\/29\/guerra-faz-igp-m-de-273-em-abril-ser-o-maior-desde-maio-de-2021\/#primaryimage","url":"https:\/\/progresso.com.br\/wp-content\/uploads\/2026\/04\/imoveis.webp","contentUrl":"https:\/\/progresso.com.br\/wp-content\/uploads\/2026\/04\/imoveis.webp","width":1170,"height":700,"caption":"(Foto: Fernando Fraz\u00e3o\/Ag\u00eancia Brasil\/Arquivo)"},{"@type":"BreadcrumbList","@id":"https:\/\/progresso.com.br\/index.php\/2026\/04\/29\/guerra-faz-igp-m-de-273-em-abril-ser-o-maior-desde-maio-de-2021\/#breadcrumb","itemListElement":[{"@type":"ListItem","position":1,"name":"In\u00edcio","item":"https:\/\/progresso.com.br\/"},{"@type":"ListItem","position":2,"name":"Guerra faz IGP-M de 2,73% em abril ser o maior desde maio de 2021"}]},{"@type":"WebSite","@id":"https:\/\/progresso.com.br\/#website","url":"https:\/\/progresso.com.br\/","name":"O PROGRESSO","description":"","publisher":{"@id":"https:\/\/progresso.com.br\/#organization"},"potentialAction":[{"@type":"SearchAction","target":{"@type":"EntryPoint","urlTemplate":"https:\/\/progresso.com.br\/?s={search_term_string}"},"query-input":{"@type":"PropertyValueSpecification","valueRequired":true,"valueName":"search_term_string"}}],"inLanguage":"pt-BR"},{"@type":"Organization","@id":"https:\/\/progresso.com.br\/#organization","name":"O PROGRESSO","url":"https:\/\/progresso.com.br\/","logo":{"@type":"ImageObject","inLanguage":"pt-BR","@id":"https:\/\/progresso.com.br\/#\/schema\/logo\/image\/","url":"https:\/\/progresso.com.br\/wp-content\/uploads\/2026\/03\/logo_proog.jpg","contentUrl":"https:\/\/progresso.com.br\/wp-content\/uploads\/2026\/03\/logo_proog.jpg","width":1960,"height":1080,"caption":"O PROGRESSO"},"image":{"@id":"https:\/\/progresso.com.br\/#\/schema\/logo\/image\/"},"sameAs":["https:\/\/www.facebook.com\/share\/1CeoksKBj6\/","https:\/\/www.instagram.com\/oprogresso_digital"]},{"@type":"Person","@id":"https:\/\/progresso.com.br\/#\/schema\/person\/5dd27138d4463fbbaace62120bfc002b","name":"Rose","image":{"@type":"ImageObject","inLanguage":"pt-BR","@id":"https:\/\/progresso.com.br\/#\/schema\/person\/image\/","url":"https:\/\/secure.gravatar.com\/avatar\/1b6890e759cdd3a88d9f751cb423720b9861c5239167cd3586355638b6556599?s=96&d=mm&r=g","contentUrl":"https:\/\/secure.gravatar.com\/avatar\/1b6890e759cdd3a88d9f751cb423720b9861c5239167cd3586355638b6556599?s=96&d=mm&r=g","caption":"Rose"},"url":"https:\/\/progresso.com.br\/index.php\/author\/rose\/"}]}},"_links":{"self":[{"href":"https:\/\/progresso.com.br\/index.php\/wp-json\/wp\/v2\/posts\/5099","targetHints":{"allow":["GET"]}}],"collection":[{"href":"https:\/\/progresso.com.br\/index.php\/wp-json\/wp\/v2\/posts"}],"about":[{"href":"https:\/\/progresso.com.br\/index.php\/wp-json\/wp\/v2\/types\/post"}],"author":[{"embeddable":true,"href":"https:\/\/progresso.com.br\/index.php\/wp-json\/wp\/v2\/users\/2"}],"replies":[{"embeddable":true,"href":"https:\/\/progresso.com.br\/index.php\/wp-json\/wp\/v2\/comments?post=5099"}],"version-history":[{"count":1,"href":"https:\/\/progresso.com.br\/index.php\/wp-json\/wp\/v2\/posts\/5099\/revisions"}],"predecessor-version":[{"id":5101,"href":"https:\/\/progresso.com.br\/index.php\/wp-json\/wp\/v2\/posts\/5099\/revisions\/5101"}],"wp:featuredmedia":[{"embeddable":true,"href":"https:\/\/progresso.com.br\/index.php\/wp-json\/wp\/v2\/media\/5100"}],"wp:attachment":[{"href":"https:\/\/progresso.com.br\/index.php\/wp-json\/wp\/v2\/media?parent=5099"}],"wp:term":[{"taxonomy":"category","embeddable":true,"href":"https:\/\/progresso.com.br\/index.php\/wp-json\/wp\/v2\/categories?post=5099"},{"taxonomy":"post_tag","embeddable":true,"href":"https:\/\/progresso.com.br\/index.php\/wp-json\/wp\/v2\/tags?post=5099"}],"curies":[{"name":"wp","href":"https:\/\/api.w.org\/{rel}","templated":true}]}}