{"id":5110,"date":"2026-04-29T14:05:00","date_gmt":"2026-04-29T18:05:00","guid":{"rendered":"https:\/\/progresso.com.br\/?p=5110"},"modified":"2026-04-29T15:19:37","modified_gmt":"2026-04-29T19:19:37","slug":"com-vagas-preenchidas-corrida-massa-rotary-movimenta-dourados-no-fim-de-semana","status":"publish","type":"post","link":"https:\/\/progresso.com.br\/index.php\/2026\/04\/29\/com-vagas-preenchidas-corrida-massa-rotary-movimenta-dourados-no-fim-de-semana\/","title":{"rendered":"Com vagas preenchidas, Corrida Massa Rotary movimenta Dourados no fim de semana"},"content":{"rendered":"\n<p><strong><em>Prova ter\u00e1 550 atletas de diferentes categorias, estrutura de apoio e percursos de 3 km, 5 km e 10 km<br><\/em><\/strong><\/p>\n\n\n\n<p><em>Rog\u00e9rio Vidmantas<\/em><\/p>\n\n\n\n<p>A cidade de Dourados recebe, no pr\u00f3ximo fim de semana, uma nova prova de corrida de rua. Na manh\u00e3 do pr\u00f3ximo domingo (3) acontece a primeira edi\u00e7\u00e3o da Corrida Massa Rotary. As inscri\u00e7\u00f5es terminaram na ter\u00e7a-feira (2) e a meta dos participantes foi atingida, com 550 atletas confirmados.<\/p>\n\n\n\n<p>A prova \u00e9 uma parceria da R\u00e1dio Massa FM Dourados com os Rotary Clubs de Dourados e reunir\u00e1 corredores n\u00e3o apenas de Dourados, mas de diversas cidades da regi\u00e3o, consolidando o sucesso do evento que une esporte e solidariedade em Dourados.<\/p>\n\n\n\n<p>\u201cEssa primeira Corrida Massa Rotary j\u00e1 \u00e9 um sucesso. N\u00f3s est\u00e1vamos nos organizamos para fazer 550 inscri\u00e7\u00f5es, j\u00e1 foram atingidas a semana passada, ent\u00e3o as inscri\u00e7\u00f5es j\u00e1 foram encerradas por uma quest\u00e3o de organiza\u00e7\u00e3o. N\u00e3o podemos abrir exce\u00e7\u00e3o, porque tem toda uma log\u00edstica de kit, medalha, camiseta, que precisa estar previamente organizado, ent\u00e3o n\u00f3s atingimos o limite m\u00e1ximo, gra\u00e7as a Deus, est\u00e1 sendo e ser\u00e1 um sucesso!\u201d, afirma Paulo C\u00e9sar Branquinho, governador no ano rot\u00e1rio 2023-24 do Distrito 4470 do Rotary International.<\/p>\n\n\n\n<p>A programa\u00e7\u00e3o prev\u00ea largadas escalonadas, com cinco minutos de intervalo entre cada categoria.<\/p>\n\n\n\n<p>A primeira largada ser\u00e1 da corrida PCD (5 km) \u00e0s 7h; em seguida, largam os atletas das provas de 5 km e 10 km; depois a caminhada de 3 km. A largada da categoria kids est\u00e1 prevista entre 8h30 e 9h. <strong>Todos os concluintes receber\u00e3o medalha de participa\u00e7\u00e3o e os vencedores ser\u00e3o premiados com trof\u00e9us.<\/strong><\/p>\n\n\n\n<p>A organiza\u00e7\u00e3o do evento contar\u00e1 com uma estrutura de seguran\u00e7a e apoio para todos os participantes, incluindo ambul\u00e2ncia e suporte de primeiros socorros.&nbsp;<\/p>\n\n\n\n<p><strong>Percurso<\/strong><\/p>\n\n\n\n<p>A largada acontece na rua Pedro Ortiz, em frente ao Centro de Conven\u00e7\u00f5es Ant\u00f4nio Tonani. <\/p>\n\n\n\n<p>Os participantes seguem at\u00e9 a Avenida Guaicurus, avan\u00e7am pela rua J\u00falio Marques de Almeida, onde fazem o retorno em dire\u00e7\u00e3o ao Anel Vi\u00e1rio. No trecho final, ocorre nova convers\u00e3o para retorno ao ponto de largada.<\/p>\n\n\n\n<p>O trajeto de 5 km corresponde a uma volta completa, enquanto o de 10 km ser\u00e1 realizado em duas voltas.<\/p>\n\n\n\n<p><\/p>\n","protected":false},"excerpt":{"rendered":"<p>Prova ter\u00e1 550 atletas de diferentes categorias, estrutura de apoio e percursos de 3 km, 5 km e 10 km Rog\u00e9rio Vidmantas A cidade de Dourados recebe, no pr\u00f3ximo fim de semana, uma nova prova de corrida de rua. Na manh\u00e3 do pr\u00f3ximo domingo (3) acontece a primeira edi\u00e7\u00e3o da Corrida Massa Rotary. As inscri\u00e7\u00f5es [&hellip;]<\/p>\n","protected":false},"author":5,"featured_media":5111,"comment_status":"open","ping_status":"open","sticky":false,"template":"","format":"standard","meta":{"footnotes":""},"categories":[17],"tags":[],"class_list":["post-5110","post","type-post","status-publish","format-standard","has-post-thumbnail","hentry","category-esporte"],"yoast_head":"<!-- This site is optimized with the Yoast SEO plugin v27.1.1 - https:\/\/yoast.com\/product\/yoast-seo-wordpress\/ -->\n<title>Com vagas preenchidas, Corrida Massa Rotary movimenta Dourados no fim de semana - O PROGRESSO<\/title>\n<meta name=\"robots\" content=\"index, follow, max-snippet:-1, max-image-preview:large, max-video-preview:-1\" \/>\n<link rel=\"canonical\" href=\"https:\/\/progresso.com.br\/index.php\/2026\/04\/29\/com-vagas-preenchidas-corrida-massa-rotary-movimenta-dourados-no-fim-de-semana\/\" \/>\n<meta property=\"og:locale\" content=\"pt_BR\" \/>\n<meta property=\"og:type\" content=\"article\" \/>\n<meta property=\"og:title\" content=\"Com vagas preenchidas, Corrida Massa Rotary movimenta Dourados no fim de semana - O PROGRESSO\" \/>\n<meta property=\"og:description\" content=\"Prova ter\u00e1 550 atletas de diferentes categorias, estrutura de apoio e percursos de 3 km, 5 km e 10 km Rog\u00e9rio Vidmantas A cidade de Dourados recebe, no pr\u00f3ximo fim de semana, uma nova prova de corrida de rua. Na manh\u00e3 do pr\u00f3ximo domingo (3) acontece a primeira edi\u00e7\u00e3o da Corrida Massa Rotary. As inscri\u00e7\u00f5es [&hellip;]\" \/>\n<meta property=\"og:url\" content=\"https:\/\/progresso.com.br\/index.php\/2026\/04\/29\/com-vagas-preenchidas-corrida-massa-rotary-movimenta-dourados-no-fim-de-semana\/\" \/>\n<meta property=\"og:site_name\" content=\"O PROGRESSO\" \/>\n<meta property=\"article:publisher\" content=\"https:\/\/www.facebook.com\/share\/1CeoksKBj6\/\" \/>\n<meta property=\"article:published_time\" content=\"2026-04-29T18:05:00+00:00\" \/>\n<meta property=\"article:modified_time\" content=\"2026-04-29T19:19:37+00:00\" \/>\n<meta property=\"og:image\" content=\"https:\/\/progresso.com.br\/wp-content\/uploads\/2026\/04\/Corrida-Rotary.jpg\" \/>\n\t<meta property=\"og:image:width\" content=\"1039\" \/>\n\t<meta property=\"og:image:height\" content=\"693\" \/>\n\t<meta property=\"og:image:type\" content=\"image\/jpeg\" \/>\n<meta name=\"author\" content=\"Rog\u00e9rio Vidmantas\" \/>\n<meta name=\"twitter:card\" content=\"summary_large_image\" \/>\n<meta name=\"twitter:label1\" content=\"Escrito por\" \/>\n\t<meta name=\"twitter:data1\" content=\"Rog\u00e9rio Vidmantas\" \/>\n\t<meta name=\"twitter:label2\" content=\"Est. tempo de leitura\" \/>\n\t<meta name=\"twitter:data2\" content=\"3 minutos\" \/>\n<script type=\"application\/ld+json\" class=\"yoast-schema-graph\">{\"@context\":\"https:\/\/schema.org\",\"@graph\":[{\"@type\":\"Article\",\"@id\":\"https:\/\/progresso.com.br\/index.php\/2026\/04\/29\/com-vagas-preenchidas-corrida-massa-rotary-movimenta-dourados-no-fim-de-semana\/#article\",\"isPartOf\":{\"@id\":\"https:\/\/progresso.com.br\/index.php\/2026\/04\/29\/com-vagas-preenchidas-corrida-massa-rotary-movimenta-dourados-no-fim-de-semana\/\"},\"author\":{\"name\":\"Rog\u00e9rio Vidmantas\",\"@id\":\"https:\/\/progresso.com.br\/#\/schema\/person\/471791cc575a7e23811d1070fa9d20ee\"},\"headline\":\"Com vagas preenchidas, Corrida Massa Rotary movimenta Dourados no fim de semana\",\"datePublished\":\"2026-04-29T18:05:00+00:00\",\"dateModified\":\"2026-04-29T19:19:37+00:00\",\"mainEntityOfPage\":{\"@id\":\"https:\/\/progresso.com.br\/index.php\/2026\/04\/29\/com-vagas-preenchidas-corrida-massa-rotary-movimenta-dourados-no-fim-de-semana\/\"},\"wordCount\":391,\"commentCount\":0,\"publisher\":{\"@id\":\"https:\/\/progresso.com.br\/#organization\"},\"image\":{\"@id\":\"https:\/\/progresso.com.br\/index.php\/2026\/04\/29\/com-vagas-preenchidas-corrida-massa-rotary-movimenta-dourados-no-fim-de-semana\/#primaryimage\"},\"thumbnailUrl\":\"https:\/\/progresso.com.br\/wp-content\/uploads\/2026\/04\/Corrida-Rotary.jpg\",\"articleSection\":[\"Esporte\"],\"inLanguage\":\"pt-BR\",\"potentialAction\":[{\"@type\":\"CommentAction\",\"name\":\"Comment\",\"target\":[\"https:\/\/progresso.com.br\/index.php\/2026\/04\/29\/com-vagas-preenchidas-corrida-massa-rotary-movimenta-dourados-no-fim-de-semana\/#respond\"]}]},{\"@type\":\"WebPage\",\"@id\":\"https:\/\/progresso.com.br\/index.php\/2026\/04\/29\/com-vagas-preenchidas-corrida-massa-rotary-movimenta-dourados-no-fim-de-semana\/\",\"url\":\"https:\/\/progresso.com.br\/index.php\/2026\/04\/29\/com-vagas-preenchidas-corrida-massa-rotary-movimenta-dourados-no-fim-de-semana\/\",\"name\":\"Com vagas preenchidas, Corrida Massa Rotary movimenta Dourados no fim de semana - O PROGRESSO\",\"isPartOf\":{\"@id\":\"https:\/\/progresso.com.br\/#website\"},\"primaryImageOfPage\":{\"@id\":\"https:\/\/progresso.com.br\/index.php\/2026\/04\/29\/com-vagas-preenchidas-corrida-massa-rotary-movimenta-dourados-no-fim-de-semana\/#primaryimage\"},\"image\":{\"@id\":\"https:\/\/progresso.com.br\/index.php\/2026\/04\/29\/com-vagas-preenchidas-corrida-massa-rotary-movimenta-dourados-no-fim-de-semana\/#primaryimage\"},\"thumbnailUrl\":\"https:\/\/progresso.com.br\/wp-content\/uploads\/2026\/04\/Corrida-Rotary.jpg\",\"datePublished\":\"2026-04-29T18:05:00+00:00\",\"dateModified\":\"2026-04-29T19:19:37+00:00\",\"breadcrumb\":{\"@id\":\"https:\/\/progresso.com.br\/index.php\/2026\/04\/29\/com-vagas-preenchidas-corrida-massa-rotary-movimenta-dourados-no-fim-de-semana\/#breadcrumb\"},\"inLanguage\":\"pt-BR\",\"potentialAction\":[{\"@type\":\"ReadAction\",\"target\":[\"https:\/\/progresso.com.br\/index.php\/2026\/04\/29\/com-vagas-preenchidas-corrida-massa-rotary-movimenta-dourados-no-fim-de-semana\/\"]}]},{\"@type\":\"ImageObject\",\"inLanguage\":\"pt-BR\",\"@id\":\"https:\/\/progresso.com.br\/index.php\/2026\/04\/29\/com-vagas-preenchidas-corrida-massa-rotary-movimenta-dourados-no-fim-de-semana\/#primaryimage\",\"url\":\"https:\/\/progresso.com.br\/wp-content\/uploads\/2026\/04\/Corrida-Rotary.jpg\",\"contentUrl\":\"https:\/\/progresso.com.br\/wp-content\/uploads\/2026\/04\/Corrida-Rotary.jpg\",\"width\":1039,\"height\":693,\"caption\":\"Arte: Divulga\u00e7\u00e3o\"},{\"@type\":\"BreadcrumbList\",\"@id\":\"https:\/\/progresso.com.br\/index.php\/2026\/04\/29\/com-vagas-preenchidas-corrida-massa-rotary-movimenta-dourados-no-fim-de-semana\/#breadcrumb\",\"itemListElement\":[{\"@type\":\"ListItem\",\"position\":1,\"name\":\"In\u00edcio\",\"item\":\"https:\/\/progresso.com.br\/\"},{\"@type\":\"ListItem\",\"position\":2,\"name\":\"Com vagas preenchidas, Corrida Massa Rotary movimenta Dourados no fim de semana\"}]},{\"@type\":\"WebSite\",\"@id\":\"https:\/\/progresso.com.br\/#website\",\"url\":\"https:\/\/progresso.com.br\/\",\"name\":\"O PROGRESSO\",\"description\":\"\",\"publisher\":{\"@id\":\"https:\/\/progresso.com.br\/#organization\"},\"potentialAction\":[{\"@type\":\"SearchAction\",\"target\":{\"@type\":\"EntryPoint\",\"urlTemplate\":\"https:\/\/progresso.com.br\/?s={search_term_string}\"},\"query-input\":{\"@type\":\"PropertyValueSpecification\",\"valueRequired\":true,\"valueName\":\"search_term_string\"}}],\"inLanguage\":\"pt-BR\"},{\"@type\":\"Organization\",\"@id\":\"https:\/\/progresso.com.br\/#organization\",\"name\":\"O PROGRESSO\",\"url\":\"https:\/\/progresso.com.br\/\",\"logo\":{\"@type\":\"ImageObject\",\"inLanguage\":\"pt-BR\",\"@id\":\"https:\/\/progresso.com.br\/#\/schema\/logo\/image\/\",\"url\":\"https:\/\/progresso.com.br\/wp-content\/uploads\/2026\/03\/logo_proog.jpg\",\"contentUrl\":\"https:\/\/progresso.com.br\/wp-content\/uploads\/2026\/03\/logo_proog.jpg\",\"width\":1960,\"height\":1080,\"caption\":\"O PROGRESSO\"},\"image\":{\"@id\":\"https:\/\/progresso.com.br\/#\/schema\/logo\/image\/\"},\"sameAs\":[\"https:\/\/www.facebook.com\/share\/1CeoksKBj6\/\",\"https:\/\/www.instagram.com\/oprogresso_digital\"]},{\"@type\":\"Person\",\"@id\":\"https:\/\/progresso.com.br\/#\/schema\/person\/471791cc575a7e23811d1070fa9d20ee\",\"name\":\"Rog\u00e9rio Vidmantas\",\"image\":{\"@type\":\"ImageObject\",\"inLanguage\":\"pt-BR\",\"@id\":\"https:\/\/progresso.com.br\/#\/schema\/person\/image\/\",\"url\":\"https:\/\/secure.gravatar.com\/avatar\/10a86aae4992f407879fa7e12fb476cdff79509ad9ec42967d62b4fbcee7c57b?s=96&d=mm&r=g\",\"contentUrl\":\"https:\/\/secure.gravatar.com\/avatar\/10a86aae4992f407879fa7e12fb476cdff79509ad9ec42967d62b4fbcee7c57b?s=96&d=mm&r=g\",\"caption\":\"Rog\u00e9rio Vidmantas\"},\"url\":\"https:\/\/progresso.com.br\/index.php\/author\/vidmantas\/\"}]}<\/script>\n<!-- \/ Yoast SEO plugin. -->","yoast_head_json":{"title":"Com vagas preenchidas, Corrida Massa Rotary movimenta Dourados no fim de semana - O PROGRESSO","robots":{"index":"index","follow":"follow","max-snippet":"max-snippet:-1","max-image-preview":"max-image-preview:large","max-video-preview":"max-video-preview:-1"},"canonical":"https:\/\/progresso.com.br\/index.php\/2026\/04\/29\/com-vagas-preenchidas-corrida-massa-rotary-movimenta-dourados-no-fim-de-semana\/","og_locale":"pt_BR","og_type":"article","og_title":"Com vagas preenchidas, Corrida Massa Rotary movimenta Dourados no fim de semana - O PROGRESSO","og_description":"Prova ter\u00e1 550 atletas de diferentes categorias, estrutura de apoio e percursos de 3 km, 5 km e 10 km Rog\u00e9rio Vidmantas A cidade de Dourados recebe, no pr\u00f3ximo fim de semana, uma nova prova de corrida de rua. Na manh\u00e3 do pr\u00f3ximo domingo (3) acontece a primeira edi\u00e7\u00e3o da Corrida Massa Rotary. As inscri\u00e7\u00f5es [&hellip;]","og_url":"https:\/\/progresso.com.br\/index.php\/2026\/04\/29\/com-vagas-preenchidas-corrida-massa-rotary-movimenta-dourados-no-fim-de-semana\/","og_site_name":"O PROGRESSO","article_publisher":"https:\/\/www.facebook.com\/share\/1CeoksKBj6\/","article_published_time":"2026-04-29T18:05:00+00:00","article_modified_time":"2026-04-29T19:19:37+00:00","og_image":[{"width":1039,"height":693,"url":"https:\/\/progresso.com.br\/wp-content\/uploads\/2026\/04\/Corrida-Rotary.jpg","type":"image\/jpeg"}],"author":"Rog\u00e9rio Vidmantas","twitter_card":"summary_large_image","twitter_misc":{"Escrito por":"Rog\u00e9rio Vidmantas","Est. tempo de leitura":"3 minutos"},"schema":{"@context":"https:\/\/schema.org","@graph":[{"@type":"Article","@id":"https:\/\/progresso.com.br\/index.php\/2026\/04\/29\/com-vagas-preenchidas-corrida-massa-rotary-movimenta-dourados-no-fim-de-semana\/#article","isPartOf":{"@id":"https:\/\/progresso.com.br\/index.php\/2026\/04\/29\/com-vagas-preenchidas-corrida-massa-rotary-movimenta-dourados-no-fim-de-semana\/"},"author":{"name":"Rog\u00e9rio Vidmantas","@id":"https:\/\/progresso.com.br\/#\/schema\/person\/471791cc575a7e23811d1070fa9d20ee"},"headline":"Com vagas preenchidas, Corrida Massa Rotary movimenta Dourados no fim de semana","datePublished":"2026-04-29T18:05:00+00:00","dateModified":"2026-04-29T19:19:37+00:00","mainEntityOfPage":{"@id":"https:\/\/progresso.com.br\/index.php\/2026\/04\/29\/com-vagas-preenchidas-corrida-massa-rotary-movimenta-dourados-no-fim-de-semana\/"},"wordCount":391,"commentCount":0,"publisher":{"@id":"https:\/\/progresso.com.br\/#organization"},"image":{"@id":"https:\/\/progresso.com.br\/index.php\/2026\/04\/29\/com-vagas-preenchidas-corrida-massa-rotary-movimenta-dourados-no-fim-de-semana\/#primaryimage"},"thumbnailUrl":"https:\/\/progresso.com.br\/wp-content\/uploads\/2026\/04\/Corrida-Rotary.jpg","articleSection":["Esporte"],"inLanguage":"pt-BR","potentialAction":[{"@type":"CommentAction","name":"Comment","target":["https:\/\/progresso.com.br\/index.php\/2026\/04\/29\/com-vagas-preenchidas-corrida-massa-rotary-movimenta-dourados-no-fim-de-semana\/#respond"]}]},{"@type":"WebPage","@id":"https:\/\/progresso.com.br\/index.php\/2026\/04\/29\/com-vagas-preenchidas-corrida-massa-rotary-movimenta-dourados-no-fim-de-semana\/","url":"https:\/\/progresso.com.br\/index.php\/2026\/04\/29\/com-vagas-preenchidas-corrida-massa-rotary-movimenta-dourados-no-fim-de-semana\/","name":"Com vagas preenchidas, Corrida Massa Rotary movimenta Dourados no fim de semana - O PROGRESSO","isPartOf":{"@id":"https:\/\/progresso.com.br\/#website"},"primaryImageOfPage":{"@id":"https:\/\/progresso.com.br\/index.php\/2026\/04\/29\/com-vagas-preenchidas-corrida-massa-rotary-movimenta-dourados-no-fim-de-semana\/#primaryimage"},"image":{"@id":"https:\/\/progresso.com.br\/index.php\/2026\/04\/29\/com-vagas-preenchidas-corrida-massa-rotary-movimenta-dourados-no-fim-de-semana\/#primaryimage"},"thumbnailUrl":"https:\/\/progresso.com.br\/wp-content\/uploads\/2026\/04\/Corrida-Rotary.jpg","datePublished":"2026-04-29T18:05:00+00:00","dateModified":"2026-04-29T19:19:37+00:00","breadcrumb":{"@id":"https:\/\/progresso.com.br\/index.php\/2026\/04\/29\/com-vagas-preenchidas-corrida-massa-rotary-movimenta-dourados-no-fim-de-semana\/#breadcrumb"},"inLanguage":"pt-BR","potentialAction":[{"@type":"ReadAction","target":["https:\/\/progresso.com.br\/index.php\/2026\/04\/29\/com-vagas-preenchidas-corrida-massa-rotary-movimenta-dourados-no-fim-de-semana\/"]}]},{"@type":"ImageObject","inLanguage":"pt-BR","@id":"https:\/\/progresso.com.br\/index.php\/2026\/04\/29\/com-vagas-preenchidas-corrida-massa-rotary-movimenta-dourados-no-fim-de-semana\/#primaryimage","url":"https:\/\/progresso.com.br\/wp-content\/uploads\/2026\/04\/Corrida-Rotary.jpg","contentUrl":"https:\/\/progresso.com.br\/wp-content\/uploads\/2026\/04\/Corrida-Rotary.jpg","width":1039,"height":693,"caption":"Arte: Divulga\u00e7\u00e3o"},{"@type":"BreadcrumbList","@id":"https:\/\/progresso.com.br\/index.php\/2026\/04\/29\/com-vagas-preenchidas-corrida-massa-rotary-movimenta-dourados-no-fim-de-semana\/#breadcrumb","itemListElement":[{"@type":"ListItem","position":1,"name":"In\u00edcio","item":"https:\/\/progresso.com.br\/"},{"@type":"ListItem","position":2,"name":"Com vagas preenchidas, Corrida Massa Rotary movimenta Dourados no fim de semana"}]},{"@type":"WebSite","@id":"https:\/\/progresso.com.br\/#website","url":"https:\/\/progresso.com.br\/","name":"O PROGRESSO","description":"","publisher":{"@id":"https:\/\/progresso.com.br\/#organization"},"potentialAction":[{"@type":"SearchAction","target":{"@type":"EntryPoint","urlTemplate":"https:\/\/progresso.com.br\/?s={search_term_string}"},"query-input":{"@type":"PropertyValueSpecification","valueRequired":true,"valueName":"search_term_string"}}],"inLanguage":"pt-BR"},{"@type":"Organization","@id":"https:\/\/progresso.com.br\/#organization","name":"O PROGRESSO","url":"https:\/\/progresso.com.br\/","logo":{"@type":"ImageObject","inLanguage":"pt-BR","@id":"https:\/\/progresso.com.br\/#\/schema\/logo\/image\/","url":"https:\/\/progresso.com.br\/wp-content\/uploads\/2026\/03\/logo_proog.jpg","contentUrl":"https:\/\/progresso.com.br\/wp-content\/uploads\/2026\/03\/logo_proog.jpg","width":1960,"height":1080,"caption":"O PROGRESSO"},"image":{"@id":"https:\/\/progresso.com.br\/#\/schema\/logo\/image\/"},"sameAs":["https:\/\/www.facebook.com\/share\/1CeoksKBj6\/","https:\/\/www.instagram.com\/oprogresso_digital"]},{"@type":"Person","@id":"https:\/\/progresso.com.br\/#\/schema\/person\/471791cc575a7e23811d1070fa9d20ee","name":"Rog\u00e9rio Vidmantas","image":{"@type":"ImageObject","inLanguage":"pt-BR","@id":"https:\/\/progresso.com.br\/#\/schema\/person\/image\/","url":"https:\/\/secure.gravatar.com\/avatar\/10a86aae4992f407879fa7e12fb476cdff79509ad9ec42967d62b4fbcee7c57b?s=96&d=mm&r=g","contentUrl":"https:\/\/secure.gravatar.com\/avatar\/10a86aae4992f407879fa7e12fb476cdff79509ad9ec42967d62b4fbcee7c57b?s=96&d=mm&r=g","caption":"Rog\u00e9rio Vidmantas"},"url":"https:\/\/progresso.com.br\/index.php\/author\/vidmantas\/"}]}},"_links":{"self":[{"href":"https:\/\/progresso.com.br\/index.php\/wp-json\/wp\/v2\/posts\/5110","targetHints":{"allow":["GET"]}}],"collection":[{"href":"https:\/\/progresso.com.br\/index.php\/wp-json\/wp\/v2\/posts"}],"about":[{"href":"https:\/\/progresso.com.br\/index.php\/wp-json\/wp\/v2\/types\/post"}],"author":[{"embeddable":true,"href":"https:\/\/progresso.com.br\/index.php\/wp-json\/wp\/v2\/users\/5"}],"replies":[{"embeddable":true,"href":"https:\/\/progresso.com.br\/index.php\/wp-json\/wp\/v2\/comments?post=5110"}],"version-history":[{"count":2,"href":"https:\/\/progresso.com.br\/index.php\/wp-json\/wp\/v2\/posts\/5110\/revisions"}],"predecessor-version":[{"id":5123,"href":"https:\/\/progresso.com.br\/index.php\/wp-json\/wp\/v2\/posts\/5110\/revisions\/5123"}],"wp:featuredmedia":[{"embeddable":true,"href":"https:\/\/progresso.com.br\/index.php\/wp-json\/wp\/v2\/media\/5111"}],"wp:attachment":[{"href":"https:\/\/progresso.com.br\/index.php\/wp-json\/wp\/v2\/media?parent=5110"}],"wp:term":[{"taxonomy":"category","embeddable":true,"href":"https:\/\/progresso.com.br\/index.php\/wp-json\/wp\/v2\/categories?post=5110"},{"taxonomy":"post_tag","embeddable":true,"href":"https:\/\/progresso.com.br\/index.php\/wp-json\/wp\/v2\/tags?post=5110"}],"curies":[{"name":"wp","href":"https:\/\/api.w.org\/{rel}","templated":true}]}}