{"id":5115,"date":"2026-04-29T14:33:00","date_gmt":"2026-04-29T18:33:00","guid":{"rendered":"https:\/\/progresso.com.br\/?p=5115"},"modified":"2026-04-29T14:57:11","modified_gmt":"2026-04-29T18:57:11","slug":"copa-verde-12-jogos-definem-nesta-quarta-feira-os-classificados-a-segunda-fase","status":"publish","type":"post","link":"https:\/\/progresso.com.br\/index.php\/2026\/04\/29\/copa-verde-12-jogos-definem-nesta-quarta-feira-os-classificados-a-segunda-fase\/","title":{"rendered":"Copa Verde: 12 jogos definem nesta quarta-feira os classificados \u00e0 segunda fase"},"content":{"rendered":"\n<p><strong><em>Nacional, \u00c1guia de Marab\u00e1 e Gama j\u00e1 est\u00e3o confirmados no mata-mata, enquanto Oper\u00e1rio busca classifica\u00e7\u00e3o no DF<\/em><\/strong><\/p>\n\n\n\n<p><em>CBF Not\u00edcias<\/em><\/p>\n\n\n\n<p>A fase de grupos da Copa Verde termina nesta quarta-feira (29), com a defini\u00e7\u00e3o dos classificados para as quartas de final. Tr\u00eas das oito vagas j\u00e1 est\u00e3o asseguradas: Nacional, \u00c1guia de Marab\u00e1 e Gama. Outros 13 clubes lutam pelas cinco restantes, entre eles o Oper\u00e1rio FC, \u00fanico representante de Mato Grosso do Sul na competi\u00e7\u00e3o.<\/p>\n\n\n\n<p>As 12 partidas come\u00e7am no mesmo hor\u00e1rio, \u00e0s 18h (MS). A Copa Verde deste ano est\u00e1 dividida em Copa Norte e Copa Centro-Oeste. Tem quatro grupos com seis clubes em cada.<\/p>\n\n\n\n<p>No Grupo A da Copa Norte, o Nacional, l\u00edder j\u00e1 est\u00e1 classificado. Lutam pela outra vaga Guapor\u00e9, Trem e Paysandu. GAS e Independ\u00eancia apenas cumprem tabela.<\/p>\n\n\n\n<p>No Grupo B da Copa Norte, \u00c1guia de Marab\u00e1 tem a vaga garantida. Brigam pelo segundo lugar Porto Velho e Amazonas. Remo, Galvez e Monte Roraima n\u00e3o t\u00eam como alcan\u00e7\u00e1-los.<\/p>\n\n\n\n<p>No Grupo A da Copa Centro-Oeste, Aragua\u00edna, Rio Branco-ES, Oper\u00e1rio-MS, Vila Nova e Capital-DF disputam as duas vagas. O Primavera est\u00e1 fora da briga.<\/p>\n\n\n\n<p>No Grupo B da Copa Centro-Oeste, o Gama n\u00e3o pode perder a lideran\u00e7a. Lutam pela outra vaga Atl\u00e9tico-GO, An\u00e1polis e Porto Vit\u00f3ria. Tocantin\u00f3polis e Cuiab\u00e1 v\u00e3o cumprir tabela.<\/p>\n\n\n\n<p><strong><em>Confira os jogos:<\/em><\/strong><\/p>\n\n\n\n<p><strong>Copa Norte<\/strong><\/p>\n\n\n\n<p>Nacional x Guapor\u00e9 \u2013 Carlos Zamith;<\/p>\n\n\n\n<p>Trem x Paysandu \u2013 Augusto Antunes;<\/p>\n\n\n\n<p>Independ\u00eancia x GAS \u2013 Tonic\u00e3o (AC);<\/p>\n\n\n\n<p>Remo x Galvez \u2013 Model\u00e3o;<\/p>\n\n\n\n<p>Monte Roraima x Amazonas \u2013 Canarinho;<\/p>\n\n\n\n<p>Porto Velho x \u00c1guia de Marab\u00e1 \u2013 Aluiz\u00e3o.<\/p>\n\n\n\n<p><strong>Copa Centro-Oeste<\/strong><\/p>\n\n\n\n<p>Capital x Oper\u00e1rio \u2013 JK (DF);<\/p>\n\n\n\n<p>Primavera x Rio Branco \u2013 Cerrad\u00e3o;<\/p>\n\n\n\n<p>Aragua\u00edna x Vila Nova \u2013 Mirand\u00e3o;<\/p>\n\n\n\n<p>Porto Vit\u00f3ria x Tocantin\u00f3polis \u2013 Kleber Andrade;<\/p>\n\n\n\n<p>Atl\u00e9tico-GO x Gama \u2013 Ant\u00f4nio Accioly;<\/p>\n\n\n\n<p>An\u00e1polis x Cuiab\u00e1 \u2013 Jonas Duarte.<\/p>\n","protected":false},"excerpt":{"rendered":"<p>Nacional, \u00c1guia de Marab\u00e1 e Gama j\u00e1 est\u00e3o confirmados no mata-mata, enquanto Oper\u00e1rio busca classifica\u00e7\u00e3o no DF CBF Not\u00edcias A fase de grupos da Copa Verde termina nesta quarta-feira (29), com a defini\u00e7\u00e3o dos classificados para as quartas de final. Tr\u00eas das oito vagas j\u00e1 est\u00e3o asseguradas: Nacional, \u00c1guia de Marab\u00e1 e Gama. Outros 13 [&hellip;]<\/p>\n","protected":false},"author":5,"featured_media":5117,"comment_status":"open","ping_status":"open","sticky":false,"template":"","format":"standard","meta":{"footnotes":""},"categories":[17],"tags":[],"class_list":["post-5115","post","type-post","status-publish","format-standard","has-post-thumbnail","hentry","category-esporte"],"yoast_head":"<!-- This site is optimized with the Yoast SEO plugin v27.1.1 - https:\/\/yoast.com\/product\/yoast-seo-wordpress\/ -->\n<title>Copa Verde: 12 jogos definem nesta quarta-feira os classificados \u00e0 segunda fase - O PROGRESSO<\/title>\n<meta name=\"robots\" content=\"index, follow, max-snippet:-1, max-image-preview:large, max-video-preview:-1\" \/>\n<link rel=\"canonical\" href=\"https:\/\/progresso.com.br\/index.php\/2026\/04\/29\/copa-verde-12-jogos-definem-nesta-quarta-feira-os-classificados-a-segunda-fase\/\" \/>\n<meta property=\"og:locale\" content=\"pt_BR\" \/>\n<meta property=\"og:type\" content=\"article\" \/>\n<meta property=\"og:title\" content=\"Copa Verde: 12 jogos definem nesta quarta-feira os classificados \u00e0 segunda fase - O PROGRESSO\" \/>\n<meta property=\"og:description\" content=\"Nacional, \u00c1guia de Marab\u00e1 e Gama j\u00e1 est\u00e3o confirmados no mata-mata, enquanto Oper\u00e1rio busca classifica\u00e7\u00e3o no DF CBF Not\u00edcias A fase de grupos da Copa Verde termina nesta quarta-feira (29), com a defini\u00e7\u00e3o dos classificados para as quartas de final. Tr\u00eas das oito vagas j\u00e1 est\u00e3o asseguradas: Nacional, \u00c1guia de Marab\u00e1 e Gama. Outros 13 [&hellip;]\" \/>\n<meta property=\"og:url\" content=\"https:\/\/progresso.com.br\/index.php\/2026\/04\/29\/copa-verde-12-jogos-definem-nesta-quarta-feira-os-classificados-a-segunda-fase\/\" \/>\n<meta property=\"og:site_name\" content=\"O PROGRESSO\" \/>\n<meta property=\"article:publisher\" content=\"https:\/\/www.facebook.com\/share\/1CeoksKBj6\/\" \/>\n<meta property=\"article:published_time\" content=\"2026-04-29T18:33:00+00:00\" \/>\n<meta property=\"article:modified_time\" content=\"2026-04-29T18:57:11+00:00\" \/>\n<meta property=\"og:image\" content=\"https:\/\/progresso.com.br\/wp-content\/uploads\/2026\/04\/Aguia-Maraba.jpg\" \/>\n\t<meta property=\"og:image:width\" content=\"1080\" \/>\n\t<meta property=\"og:image:height\" content=\"720\" \/>\n\t<meta property=\"og:image:type\" content=\"image\/jpeg\" \/>\n<meta name=\"author\" content=\"Rog\u00e9rio Vidmantas\" \/>\n<meta name=\"twitter:card\" content=\"summary_large_image\" \/>\n<meta name=\"twitter:label1\" content=\"Escrito por\" \/>\n\t<meta name=\"twitter:data1\" content=\"Rog\u00e9rio Vidmantas\" \/>\n\t<meta name=\"twitter:label2\" content=\"Est. tempo de leitura\" \/>\n\t<meta name=\"twitter:data2\" content=\"2 minutos\" \/>\n<script type=\"application\/ld+json\" class=\"yoast-schema-graph\">{\"@context\":\"https:\/\/schema.org\",\"@graph\":[{\"@type\":\"Article\",\"@id\":\"https:\/\/progresso.com.br\/index.php\/2026\/04\/29\/copa-verde-12-jogos-definem-nesta-quarta-feira-os-classificados-a-segunda-fase\/#article\",\"isPartOf\":{\"@id\":\"https:\/\/progresso.com.br\/index.php\/2026\/04\/29\/copa-verde-12-jogos-definem-nesta-quarta-feira-os-classificados-a-segunda-fase\/\"},\"author\":{\"name\":\"Rog\u00e9rio Vidmantas\",\"@id\":\"https:\/\/progresso.com.br\/#\/schema\/person\/471791cc575a7e23811d1070fa9d20ee\"},\"headline\":\"Copa Verde: 12 jogos definem nesta quarta-feira os classificados \u00e0 segunda fase\",\"datePublished\":\"2026-04-29T18:33:00+00:00\",\"dateModified\":\"2026-04-29T18:57:11+00:00\",\"mainEntityOfPage\":{\"@id\":\"https:\/\/progresso.com.br\/index.php\/2026\/04\/29\/copa-verde-12-jogos-definem-nesta-quarta-feira-os-classificados-a-segunda-fase\/\"},\"wordCount\":327,\"commentCount\":0,\"publisher\":{\"@id\":\"https:\/\/progresso.com.br\/#organization\"},\"image\":{\"@id\":\"https:\/\/progresso.com.br\/index.php\/2026\/04\/29\/copa-verde-12-jogos-definem-nesta-quarta-feira-os-classificados-a-segunda-fase\/#primaryimage\"},\"thumbnailUrl\":\"https:\/\/progresso.com.br\/wp-content\/uploads\/2026\/04\/Aguia-Maraba.jpg\",\"articleSection\":[\"Esporte\"],\"inLanguage\":\"pt-BR\",\"potentialAction\":[{\"@type\":\"CommentAction\",\"name\":\"Comment\",\"target\":[\"https:\/\/progresso.com.br\/index.php\/2026\/04\/29\/copa-verde-12-jogos-definem-nesta-quarta-feira-os-classificados-a-segunda-fase\/#respond\"]}]},{\"@type\":\"WebPage\",\"@id\":\"https:\/\/progresso.com.br\/index.php\/2026\/04\/29\/copa-verde-12-jogos-definem-nesta-quarta-feira-os-classificados-a-segunda-fase\/\",\"url\":\"https:\/\/progresso.com.br\/index.php\/2026\/04\/29\/copa-verde-12-jogos-definem-nesta-quarta-feira-os-classificados-a-segunda-fase\/\",\"name\":\"Copa Verde: 12 jogos definem nesta quarta-feira os classificados \u00e0 segunda fase - O PROGRESSO\",\"isPartOf\":{\"@id\":\"https:\/\/progresso.com.br\/#website\"},\"primaryImageOfPage\":{\"@id\":\"https:\/\/progresso.com.br\/index.php\/2026\/04\/29\/copa-verde-12-jogos-definem-nesta-quarta-feira-os-classificados-a-segunda-fase\/#primaryimage\"},\"image\":{\"@id\":\"https:\/\/progresso.com.br\/index.php\/2026\/04\/29\/copa-verde-12-jogos-definem-nesta-quarta-feira-os-classificados-a-segunda-fase\/#primaryimage\"},\"thumbnailUrl\":\"https:\/\/progresso.com.br\/wp-content\/uploads\/2026\/04\/Aguia-Maraba.jpg\",\"datePublished\":\"2026-04-29T18:33:00+00:00\",\"dateModified\":\"2026-04-29T18:57:11+00:00\",\"breadcrumb\":{\"@id\":\"https:\/\/progresso.com.br\/index.php\/2026\/04\/29\/copa-verde-12-jogos-definem-nesta-quarta-feira-os-classificados-a-segunda-fase\/#breadcrumb\"},\"inLanguage\":\"pt-BR\",\"potentialAction\":[{\"@type\":\"ReadAction\",\"target\":[\"https:\/\/progresso.com.br\/index.php\/2026\/04\/29\/copa-verde-12-jogos-definem-nesta-quarta-feira-os-classificados-a-segunda-fase\/\"]}]},{\"@type\":\"ImageObject\",\"inLanguage\":\"pt-BR\",\"@id\":\"https:\/\/progresso.com.br\/index.php\/2026\/04\/29\/copa-verde-12-jogos-definem-nesta-quarta-feira-os-classificados-a-segunda-fase\/#primaryimage\",\"url\":\"https:\/\/progresso.com.br\/wp-content\/uploads\/2026\/04\/Aguia-Maraba.jpg\",\"contentUrl\":\"https:\/\/progresso.com.br\/wp-content\/uploads\/2026\/04\/Aguia-Maraba.jpg\",\"width\":1080,\"height\":720,\"caption\":\"\u00c1guia de Marab\u00e1 faz excelente campanha na Copa Verde e j\u00e1 est\u00e1 classificado (Foto: Assessoria\/\u00c1guia de Marab\u00e1)\"},{\"@type\":\"BreadcrumbList\",\"@id\":\"https:\/\/progresso.com.br\/index.php\/2026\/04\/29\/copa-verde-12-jogos-definem-nesta-quarta-feira-os-classificados-a-segunda-fase\/#breadcrumb\",\"itemListElement\":[{\"@type\":\"ListItem\",\"position\":1,\"name\":\"In\u00edcio\",\"item\":\"https:\/\/progresso.com.br\/\"},{\"@type\":\"ListItem\",\"position\":2,\"name\":\"Copa Verde: 12 jogos definem nesta quarta-feira os classificados \u00e0 segunda fase\"}]},{\"@type\":\"WebSite\",\"@id\":\"https:\/\/progresso.com.br\/#website\",\"url\":\"https:\/\/progresso.com.br\/\",\"name\":\"O PROGRESSO\",\"description\":\"\",\"publisher\":{\"@id\":\"https:\/\/progresso.com.br\/#organization\"},\"potentialAction\":[{\"@type\":\"SearchAction\",\"target\":{\"@type\":\"EntryPoint\",\"urlTemplate\":\"https:\/\/progresso.com.br\/?s={search_term_string}\"},\"query-input\":{\"@type\":\"PropertyValueSpecification\",\"valueRequired\":true,\"valueName\":\"search_term_string\"}}],\"inLanguage\":\"pt-BR\"},{\"@type\":\"Organization\",\"@id\":\"https:\/\/progresso.com.br\/#organization\",\"name\":\"O PROGRESSO\",\"url\":\"https:\/\/progresso.com.br\/\",\"logo\":{\"@type\":\"ImageObject\",\"inLanguage\":\"pt-BR\",\"@id\":\"https:\/\/progresso.com.br\/#\/schema\/logo\/image\/\",\"url\":\"https:\/\/progresso.com.br\/wp-content\/uploads\/2026\/03\/logo_proog.jpg\",\"contentUrl\":\"https:\/\/progresso.com.br\/wp-content\/uploads\/2026\/03\/logo_proog.jpg\",\"width\":1960,\"height\":1080,\"caption\":\"O PROGRESSO\"},\"image\":{\"@id\":\"https:\/\/progresso.com.br\/#\/schema\/logo\/image\/\"},\"sameAs\":[\"https:\/\/www.facebook.com\/share\/1CeoksKBj6\/\",\"https:\/\/www.instagram.com\/oprogresso_digital\"]},{\"@type\":\"Person\",\"@id\":\"https:\/\/progresso.com.br\/#\/schema\/person\/471791cc575a7e23811d1070fa9d20ee\",\"name\":\"Rog\u00e9rio Vidmantas\",\"image\":{\"@type\":\"ImageObject\",\"inLanguage\":\"pt-BR\",\"@id\":\"https:\/\/progresso.com.br\/#\/schema\/person\/image\/\",\"url\":\"https:\/\/secure.gravatar.com\/avatar\/10a86aae4992f407879fa7e12fb476cdff79509ad9ec42967d62b4fbcee7c57b?s=96&d=mm&r=g\",\"contentUrl\":\"https:\/\/secure.gravatar.com\/avatar\/10a86aae4992f407879fa7e12fb476cdff79509ad9ec42967d62b4fbcee7c57b?s=96&d=mm&r=g\",\"caption\":\"Rog\u00e9rio Vidmantas\"},\"url\":\"https:\/\/progresso.com.br\/index.php\/author\/vidmantas\/\"}]}<\/script>\n<!-- \/ Yoast SEO plugin. -->","yoast_head_json":{"title":"Copa Verde: 12 jogos definem nesta quarta-feira os classificados \u00e0 segunda fase - O PROGRESSO","robots":{"index":"index","follow":"follow","max-snippet":"max-snippet:-1","max-image-preview":"max-image-preview:large","max-video-preview":"max-video-preview:-1"},"canonical":"https:\/\/progresso.com.br\/index.php\/2026\/04\/29\/copa-verde-12-jogos-definem-nesta-quarta-feira-os-classificados-a-segunda-fase\/","og_locale":"pt_BR","og_type":"article","og_title":"Copa Verde: 12 jogos definem nesta quarta-feira os classificados \u00e0 segunda fase - O PROGRESSO","og_description":"Nacional, \u00c1guia de Marab\u00e1 e Gama j\u00e1 est\u00e3o confirmados no mata-mata, enquanto Oper\u00e1rio busca classifica\u00e7\u00e3o no DF CBF Not\u00edcias A fase de grupos da Copa Verde termina nesta quarta-feira (29), com a defini\u00e7\u00e3o dos classificados para as quartas de final. Tr\u00eas das oito vagas j\u00e1 est\u00e3o asseguradas: Nacional, \u00c1guia de Marab\u00e1 e Gama. Outros 13 [&hellip;]","og_url":"https:\/\/progresso.com.br\/index.php\/2026\/04\/29\/copa-verde-12-jogos-definem-nesta-quarta-feira-os-classificados-a-segunda-fase\/","og_site_name":"O PROGRESSO","article_publisher":"https:\/\/www.facebook.com\/share\/1CeoksKBj6\/","article_published_time":"2026-04-29T18:33:00+00:00","article_modified_time":"2026-04-29T18:57:11+00:00","og_image":[{"width":1080,"height":720,"url":"https:\/\/progresso.com.br\/wp-content\/uploads\/2026\/04\/Aguia-Maraba.jpg","type":"image\/jpeg"}],"author":"Rog\u00e9rio Vidmantas","twitter_card":"summary_large_image","twitter_misc":{"Escrito por":"Rog\u00e9rio Vidmantas","Est. tempo de leitura":"2 minutos"},"schema":{"@context":"https:\/\/schema.org","@graph":[{"@type":"Article","@id":"https:\/\/progresso.com.br\/index.php\/2026\/04\/29\/copa-verde-12-jogos-definem-nesta-quarta-feira-os-classificados-a-segunda-fase\/#article","isPartOf":{"@id":"https:\/\/progresso.com.br\/index.php\/2026\/04\/29\/copa-verde-12-jogos-definem-nesta-quarta-feira-os-classificados-a-segunda-fase\/"},"author":{"name":"Rog\u00e9rio Vidmantas","@id":"https:\/\/progresso.com.br\/#\/schema\/person\/471791cc575a7e23811d1070fa9d20ee"},"headline":"Copa Verde: 12 jogos definem nesta quarta-feira os classificados \u00e0 segunda fase","datePublished":"2026-04-29T18:33:00+00:00","dateModified":"2026-04-29T18:57:11+00:00","mainEntityOfPage":{"@id":"https:\/\/progresso.com.br\/index.php\/2026\/04\/29\/copa-verde-12-jogos-definem-nesta-quarta-feira-os-classificados-a-segunda-fase\/"},"wordCount":327,"commentCount":0,"publisher":{"@id":"https:\/\/progresso.com.br\/#organization"},"image":{"@id":"https:\/\/progresso.com.br\/index.php\/2026\/04\/29\/copa-verde-12-jogos-definem-nesta-quarta-feira-os-classificados-a-segunda-fase\/#primaryimage"},"thumbnailUrl":"https:\/\/progresso.com.br\/wp-content\/uploads\/2026\/04\/Aguia-Maraba.jpg","articleSection":["Esporte"],"inLanguage":"pt-BR","potentialAction":[{"@type":"CommentAction","name":"Comment","target":["https:\/\/progresso.com.br\/index.php\/2026\/04\/29\/copa-verde-12-jogos-definem-nesta-quarta-feira-os-classificados-a-segunda-fase\/#respond"]}]},{"@type":"WebPage","@id":"https:\/\/progresso.com.br\/index.php\/2026\/04\/29\/copa-verde-12-jogos-definem-nesta-quarta-feira-os-classificados-a-segunda-fase\/","url":"https:\/\/progresso.com.br\/index.php\/2026\/04\/29\/copa-verde-12-jogos-definem-nesta-quarta-feira-os-classificados-a-segunda-fase\/","name":"Copa Verde: 12 jogos definem nesta quarta-feira os classificados \u00e0 segunda fase - O PROGRESSO","isPartOf":{"@id":"https:\/\/progresso.com.br\/#website"},"primaryImageOfPage":{"@id":"https:\/\/progresso.com.br\/index.php\/2026\/04\/29\/copa-verde-12-jogos-definem-nesta-quarta-feira-os-classificados-a-segunda-fase\/#primaryimage"},"image":{"@id":"https:\/\/progresso.com.br\/index.php\/2026\/04\/29\/copa-verde-12-jogos-definem-nesta-quarta-feira-os-classificados-a-segunda-fase\/#primaryimage"},"thumbnailUrl":"https:\/\/progresso.com.br\/wp-content\/uploads\/2026\/04\/Aguia-Maraba.jpg","datePublished":"2026-04-29T18:33:00+00:00","dateModified":"2026-04-29T18:57:11+00:00","breadcrumb":{"@id":"https:\/\/progresso.com.br\/index.php\/2026\/04\/29\/copa-verde-12-jogos-definem-nesta-quarta-feira-os-classificados-a-segunda-fase\/#breadcrumb"},"inLanguage":"pt-BR","potentialAction":[{"@type":"ReadAction","target":["https:\/\/progresso.com.br\/index.php\/2026\/04\/29\/copa-verde-12-jogos-definem-nesta-quarta-feira-os-classificados-a-segunda-fase\/"]}]},{"@type":"ImageObject","inLanguage":"pt-BR","@id":"https:\/\/progresso.com.br\/index.php\/2026\/04\/29\/copa-verde-12-jogos-definem-nesta-quarta-feira-os-classificados-a-segunda-fase\/#primaryimage","url":"https:\/\/progresso.com.br\/wp-content\/uploads\/2026\/04\/Aguia-Maraba.jpg","contentUrl":"https:\/\/progresso.com.br\/wp-content\/uploads\/2026\/04\/Aguia-Maraba.jpg","width":1080,"height":720,"caption":"\u00c1guia de Marab\u00e1 faz excelente campanha na Copa Verde e j\u00e1 est\u00e1 classificado (Foto: Assessoria\/\u00c1guia de Marab\u00e1)"},{"@type":"BreadcrumbList","@id":"https:\/\/progresso.com.br\/index.php\/2026\/04\/29\/copa-verde-12-jogos-definem-nesta-quarta-feira-os-classificados-a-segunda-fase\/#breadcrumb","itemListElement":[{"@type":"ListItem","position":1,"name":"In\u00edcio","item":"https:\/\/progresso.com.br\/"},{"@type":"ListItem","position":2,"name":"Copa Verde: 12 jogos definem nesta quarta-feira os classificados \u00e0 segunda fase"}]},{"@type":"WebSite","@id":"https:\/\/progresso.com.br\/#website","url":"https:\/\/progresso.com.br\/","name":"O PROGRESSO","description":"","publisher":{"@id":"https:\/\/progresso.com.br\/#organization"},"potentialAction":[{"@type":"SearchAction","target":{"@type":"EntryPoint","urlTemplate":"https:\/\/progresso.com.br\/?s={search_term_string}"},"query-input":{"@type":"PropertyValueSpecification","valueRequired":true,"valueName":"search_term_string"}}],"inLanguage":"pt-BR"},{"@type":"Organization","@id":"https:\/\/progresso.com.br\/#organization","name":"O PROGRESSO","url":"https:\/\/progresso.com.br\/","logo":{"@type":"ImageObject","inLanguage":"pt-BR","@id":"https:\/\/progresso.com.br\/#\/schema\/logo\/image\/","url":"https:\/\/progresso.com.br\/wp-content\/uploads\/2026\/03\/logo_proog.jpg","contentUrl":"https:\/\/progresso.com.br\/wp-content\/uploads\/2026\/03\/logo_proog.jpg","width":1960,"height":1080,"caption":"O PROGRESSO"},"image":{"@id":"https:\/\/progresso.com.br\/#\/schema\/logo\/image\/"},"sameAs":["https:\/\/www.facebook.com\/share\/1CeoksKBj6\/","https:\/\/www.instagram.com\/oprogresso_digital"]},{"@type":"Person","@id":"https:\/\/progresso.com.br\/#\/schema\/person\/471791cc575a7e23811d1070fa9d20ee","name":"Rog\u00e9rio Vidmantas","image":{"@type":"ImageObject","inLanguage":"pt-BR","@id":"https:\/\/progresso.com.br\/#\/schema\/person\/image\/","url":"https:\/\/secure.gravatar.com\/avatar\/10a86aae4992f407879fa7e12fb476cdff79509ad9ec42967d62b4fbcee7c57b?s=96&d=mm&r=g","contentUrl":"https:\/\/secure.gravatar.com\/avatar\/10a86aae4992f407879fa7e12fb476cdff79509ad9ec42967d62b4fbcee7c57b?s=96&d=mm&r=g","caption":"Rog\u00e9rio Vidmantas"},"url":"https:\/\/progresso.com.br\/index.php\/author\/vidmantas\/"}]}},"_links":{"self":[{"href":"https:\/\/progresso.com.br\/index.php\/wp-json\/wp\/v2\/posts\/5115","targetHints":{"allow":["GET"]}}],"collection":[{"href":"https:\/\/progresso.com.br\/index.php\/wp-json\/wp\/v2\/posts"}],"about":[{"href":"https:\/\/progresso.com.br\/index.php\/wp-json\/wp\/v2\/types\/post"}],"author":[{"embeddable":true,"href":"https:\/\/progresso.com.br\/index.php\/wp-json\/wp\/v2\/users\/5"}],"replies":[{"embeddable":true,"href":"https:\/\/progresso.com.br\/index.php\/wp-json\/wp\/v2\/comments?post=5115"}],"version-history":[{"count":1,"href":"https:\/\/progresso.com.br\/index.php\/wp-json\/wp\/v2\/posts\/5115\/revisions"}],"predecessor-version":[{"id":5118,"href":"https:\/\/progresso.com.br\/index.php\/wp-json\/wp\/v2\/posts\/5115\/revisions\/5118"}],"wp:featuredmedia":[{"embeddable":true,"href":"https:\/\/progresso.com.br\/index.php\/wp-json\/wp\/v2\/media\/5117"}],"wp:attachment":[{"href":"https:\/\/progresso.com.br\/index.php\/wp-json\/wp\/v2\/media?parent=5115"}],"wp:term":[{"taxonomy":"category","embeddable":true,"href":"https:\/\/progresso.com.br\/index.php\/wp-json\/wp\/v2\/categories?post=5115"},{"taxonomy":"post_tag","embeddable":true,"href":"https:\/\/progresso.com.br\/index.php\/wp-json\/wp\/v2\/tags?post=5115"}],"curies":[{"name":"wp","href":"https:\/\/api.w.org\/{rel}","templated":true}]}}