{"id":5116,"date":"2026-04-29T16:15:00","date_gmt":"2026-04-29T20:15:00","guid":{"rendered":"https:\/\/progresso.com.br\/?p=5116"},"modified":"2026-04-29T16:00:24","modified_gmt":"2026-04-29T20:00:24","slug":"pos-presenciais-diagnostico-por-imagem-e-harmonizacao-com-inscricoes-abertas","status":"publish","type":"post","link":"https:\/\/progresso.com.br\/index.php\/2026\/04\/29\/pos-presenciais-diagnostico-por-imagem-e-harmonizacao-com-inscricoes-abertas\/","title":{"rendered":"P\u00f3s presenciais: Diagn\u00f3stico por Imagem e Harmoniza\u00e7\u00e3o com inscri\u00e7\u00f5es abertas"},"content":{"rendered":"\n<p>A Unigran est\u00e1 com inscri\u00e7\u00f5es abertas para especializa\u00e7\u00f5es presenciais voltadas \u00e0 qualifica\u00e7\u00e3o profissional em \u00e1reas de alta demanda no mercado: P\u00f3s-gradua\u00e7\u00e3o em Diagn\u00f3stico por Imagem Avan\u00e7ada e P\u00f3s-gradua\u00e7\u00e3o em Harmoniza\u00e7\u00e3o Facial e Corporal. Os cursos foram estruturados para aliar teoria, pr\u00e1tica e atualiza\u00e7\u00e3o t\u00e9cnica, fortalecendo a forma\u00e7\u00e3o continuada e ampliando oportunidades de carreira.<\/p>\n\n\n\n<p>Na \u00e1rea da sa\u00fade, a especializa\u00e7\u00e3o em Diagn\u00f3stico por Imagem Avan\u00e7ada tem dura\u00e7\u00e3o de 12 meses e contempla disciplinas como Radiologia Convencional, Computadorizada e Digital, Tomografia Computadorizada, Resson\u00e2ncia Magn\u00e9tica, Mamografia, Densitometria e Medicina Nuclear. As aulas ser\u00e3o presenciais, realizadas quinzenalmente \u00e0s sextas-feiras no per\u00edodo noturno e aos s\u00e1bados nos per\u00edodos matutino e vespertino.<\/p>\n\n\n\n<p>De acordo com o professor F\u00e1bio Rodrigues de Souza, docente da disciplina Fundamentos Avan\u00e7ados em Anatomia para Radiologia, o curso atende profissionais de diferentes \u00e1reas. \u201cEssa p\u00f3s \u00e9 para profissionais da \u00e1rea da sa\u00fade. Tecn\u00f3logos em Radiologia, biom\u00e9dicos, enfermeiros, fisioterapeutas, entre outros. O importante \u00e9 ter ensino superior completo\u201d, explicou.<\/p>\n\n\n\n<p>Ele destaca ainda que a forma\u00e7\u00e3o responde \u00e0s novas exig\u00eancias do setor. \u201cHoje, n\u00e3o basta s\u00f3 operar o equipamento, \u00e9 preciso entender o que se est\u00e1 vendo. Profissionais com esse conhecimento se destacam mais e t\u00eam melhores oportunidades\u201d, afirmou.<\/p>\n\n\n\n<p>J\u00e1 a P\u00f3s-gradua\u00e7\u00e3o em Harmoniza\u00e7\u00e3o Facial e Corporal tem dura\u00e7\u00e3o de 14 meses, carga hor\u00e1ria de 360 horas e aulas presenciais a cada 15 dias, \u00e0s sextas-feiras, das 19h \u00e0s 22h, e aos s\u00e1bados, das 8h \u00e0s 11h30 e das 13h \u00e0s 17h. A proposta do curso \u00e9 oferecer forma\u00e7\u00e3o avan\u00e7ada para profissionais j\u00e1 habilitados, com forte \u00eanfase pr\u00e1tica, incluindo atendimentos supervisionados a pacientes modelos.<\/p>\n\n\n\n<p>Segundo a professora Kaline Godoi, respons\u00e1vel pela disciplina Fundamentos de Harmoniza\u00e7\u00e3o Facial e Corporal, o diferencial est\u00e1 na forma\u00e7\u00e3o integral do profissional. \u201cN\u00e3o queremos apenas ensinar t\u00e9cnicas. O aluno precisa aprender a avaliar o paciente, indicar protocolos completos e saber conduzir intercorr\u00eancias com seguran\u00e7a\u201d, ressaltou.<\/p>\n\n\n\n<p>\u201cComo essa p\u00f3s \u00e9 focada na harmoniza\u00e7\u00e3o avan\u00e7ada, n\u00f3s vamos trabalhar desde uma anatomia profunda, a parte de consulta e de avalia\u00e7\u00e3o do paciente e tamb\u00e9m n\u00e3o focando somente em face, e esse \u00e9 justamente o diferencial dessa p\u00f3s-gradua\u00e7\u00e3o: n\u00f3s vamos trabalhar facial e corporal\u201d, enfatizou Kaline.<\/p>\n\n\n\n<p>Ela acrescenta que o mercado est\u00e1 cada vez mais exigente e valoriza profissionais preparados para oferecer solu\u00e7\u00f5es personalizadas. \u201cO paciente de hoje conhece mais est\u00e9tica, pesquisa procedimentos e busca resultados completos. Essa p\u00f3s vem justamente para preparar o aluno para essa nova realidade\u201d, pontuou.<\/p>\n\n\n\n<p>Para o professor Gleiber Nascimento, docente da disciplina Toxina Botul\u00ednica Avan\u00e7ada, a viv\u00eancia pr\u00e1tica \u00e9 um dos grandes atrativos. \u201cO ponto mais importante dessa p\u00f3s \u00e9 que ela \u00e9 focada na pr\u00e1tica. Ent\u00e3o, por exemplo, teremos a aula de toxina botul\u00ednica: a aula te\u00f3rica acontece na sexta, no s\u00e1bado aplica a toxina botul\u00ednica no aluno demonstrando o procedimento. E, no pr\u00f3ximo final de semana, a gente vai abrir agenda para pacientes modelos que receber\u00e3o a aplica\u00e7\u00e3o por parte dos alunos da p\u00f3s. Preenchimento labial vai ser da mesma forma: vamos abrir vagas, o paciente modelo paga s\u00f3 o valor do produto, um valor simb\u00f3lico e os alunos v\u00e3o fazer o preenchimento nesse paciente\u201d, destacou.<\/p>\n\n\n\n<p>As inscri\u00e7\u00f5es para ambas as especializa\u00e7\u00f5es seguem abertas. Mais informa\u00e7\u00f5es e matr\u00edculas podem ser realizadas pelas p\u00e1ginas: <a href=\"https:\/\/www.unigran.br\/cursos\/presencial-pos-graduacao\/diagnostico-por-imagem-avancada-especializacao-presencial\">Diagn\u00f3stico por Imagem Avan\u00e7ada<\/a><a href=\"https:\/\/www.unigran.br\/cursos\/presencial-pos-graduacao\/diagnostico-por-imagem-avancada-especializacao-presencial\"> <\/a>&nbsp;e <a href=\"https:\/\/www.unigran.br\/cursos\/presencial-pos-graduacao\/harmonizacao-facial-e-corporal-especializacao-presencial\">Harmoniza\u00e7\u00e3o Facial e Corporal<\/a>.<\/p>\n","protected":false},"excerpt":{"rendered":"<p>A Unigran est\u00e1 com inscri\u00e7\u00f5es abertas para especializa\u00e7\u00f5es presenciais voltadas \u00e0 qualifica\u00e7\u00e3o profissional em \u00e1reas de alta demanda no mercado: P\u00f3s-gradua\u00e7\u00e3o em Diagn\u00f3stico por Imagem Avan\u00e7ada e P\u00f3s-gradua\u00e7\u00e3o em Harmoniza\u00e7\u00e3o Facial e Corporal. Os cursos foram estruturados para aliar teoria, pr\u00e1tica e atualiza\u00e7\u00e3o t\u00e9cnica, fortalecendo a forma\u00e7\u00e3o continuada e ampliando oportunidades de carreira. Na \u00e1rea [&hellip;]<\/p>\n","protected":false},"author":2,"featured_media":5127,"comment_status":"open","ping_status":"open","sticky":false,"template":"","format":"standard","meta":{"footnotes":""},"categories":[13,2],"tags":[],"class_list":["post-5116","post","type-post","status-publish","format-standard","has-post-thumbnail","hentry","category-cotidiano","category-destaque"],"yoast_head":"<!-- This site is optimized with the Yoast SEO plugin v27.1.1 - https:\/\/yoast.com\/product\/yoast-seo-wordpress\/ -->\n<title>P\u00f3s presenciais: Diagn\u00f3stico por Imagem e Harmoniza\u00e7\u00e3o com inscri\u00e7\u00f5es abertas - O PROGRESSO<\/title>\n<meta name=\"robots\" content=\"index, follow, max-snippet:-1, max-image-preview:large, max-video-preview:-1\" \/>\n<link rel=\"canonical\" href=\"https:\/\/progresso.com.br\/index.php\/2026\/04\/29\/pos-presenciais-diagnostico-por-imagem-e-harmonizacao-com-inscricoes-abertas\/\" \/>\n<meta property=\"og:locale\" content=\"pt_BR\" \/>\n<meta property=\"og:type\" content=\"article\" \/>\n<meta property=\"og:title\" content=\"P\u00f3s presenciais: Diagn\u00f3stico por Imagem e Harmoniza\u00e7\u00e3o com inscri\u00e7\u00f5es abertas - O PROGRESSO\" \/>\n<meta property=\"og:description\" content=\"A Unigran est\u00e1 com inscri\u00e7\u00f5es abertas para especializa\u00e7\u00f5es presenciais voltadas \u00e0 qualifica\u00e7\u00e3o profissional em \u00e1reas de alta demanda no mercado: P\u00f3s-gradua\u00e7\u00e3o em Diagn\u00f3stico por Imagem Avan\u00e7ada e P\u00f3s-gradua\u00e7\u00e3o em Harmoniza\u00e7\u00e3o Facial e Corporal. Os cursos foram estruturados para aliar teoria, pr\u00e1tica e atualiza\u00e7\u00e3o t\u00e9cnica, fortalecendo a forma\u00e7\u00e3o continuada e ampliando oportunidades de carreira. Na \u00e1rea [&hellip;]\" \/>\n<meta property=\"og:url\" content=\"https:\/\/progresso.com.br\/index.php\/2026\/04\/29\/pos-presenciais-diagnostico-por-imagem-e-harmonizacao-com-inscricoes-abertas\/\" \/>\n<meta property=\"og:site_name\" content=\"O PROGRESSO\" \/>\n<meta property=\"article:publisher\" content=\"https:\/\/www.facebook.com\/share\/1CeoksKBj6\/\" \/>\n<meta property=\"article:published_time\" content=\"2026-04-29T20:15:00+00:00\" \/>\n<meta property=\"og:image\" content=\"https:\/\/progresso.com.br\/wp-content\/uploads\/2026\/04\/unigran.jpg\" \/>\n\t<meta property=\"og:image:width\" content=\"1890\" \/>\n\t<meta property=\"og:image:height\" content=\"1260\" \/>\n\t<meta property=\"og:image:type\" content=\"image\/jpeg\" \/>\n<meta name=\"author\" content=\"Rose\" \/>\n<meta name=\"twitter:card\" content=\"summary_large_image\" \/>\n<meta name=\"twitter:label1\" content=\"Escrito por\" \/>\n\t<meta name=\"twitter:data1\" content=\"Rose\" \/>\n\t<meta name=\"twitter:label2\" content=\"Est. tempo de leitura\" \/>\n\t<meta name=\"twitter:data2\" content=\"4 minutos\" \/>\n<script type=\"application\/ld+json\" class=\"yoast-schema-graph\">{\"@context\":\"https:\/\/schema.org\",\"@graph\":[{\"@type\":\"Article\",\"@id\":\"https:\/\/progresso.com.br\/index.php\/2026\/04\/29\/pos-presenciais-diagnostico-por-imagem-e-harmonizacao-com-inscricoes-abertas\/#article\",\"isPartOf\":{\"@id\":\"https:\/\/progresso.com.br\/index.php\/2026\/04\/29\/pos-presenciais-diagnostico-por-imagem-e-harmonizacao-com-inscricoes-abertas\/\"},\"author\":{\"name\":\"Rose\",\"@id\":\"https:\/\/progresso.com.br\/#\/schema\/person\/5dd27138d4463fbbaace62120bfc002b\"},\"headline\":\"P\u00f3s presenciais: Diagn\u00f3stico por Imagem e Harmoniza\u00e7\u00e3o com inscri\u00e7\u00f5es abertas\",\"datePublished\":\"2026-04-29T20:15:00+00:00\",\"mainEntityOfPage\":{\"@id\":\"https:\/\/progresso.com.br\/index.php\/2026\/04\/29\/pos-presenciais-diagnostico-por-imagem-e-harmonizacao-com-inscricoes-abertas\/\"},\"wordCount\":626,\"commentCount\":0,\"publisher\":{\"@id\":\"https:\/\/progresso.com.br\/#organization\"},\"image\":{\"@id\":\"https:\/\/progresso.com.br\/index.php\/2026\/04\/29\/pos-presenciais-diagnostico-por-imagem-e-harmonizacao-com-inscricoes-abertas\/#primaryimage\"},\"thumbnailUrl\":\"https:\/\/progresso.com.br\/wp-content\/uploads\/2026\/04\/unigran.jpg\",\"articleSection\":[\"Cotidiano\",\"Em destaque\"],\"inLanguage\":\"pt-BR\",\"potentialAction\":[{\"@type\":\"CommentAction\",\"name\":\"Comment\",\"target\":[\"https:\/\/progresso.com.br\/index.php\/2026\/04\/29\/pos-presenciais-diagnostico-por-imagem-e-harmonizacao-com-inscricoes-abertas\/#respond\"]}]},{\"@type\":\"WebPage\",\"@id\":\"https:\/\/progresso.com.br\/index.php\/2026\/04\/29\/pos-presenciais-diagnostico-por-imagem-e-harmonizacao-com-inscricoes-abertas\/\",\"url\":\"https:\/\/progresso.com.br\/index.php\/2026\/04\/29\/pos-presenciais-diagnostico-por-imagem-e-harmonizacao-com-inscricoes-abertas\/\",\"name\":\"P\u00f3s presenciais: Diagn\u00f3stico por Imagem e Harmoniza\u00e7\u00e3o com inscri\u00e7\u00f5es abertas - O PROGRESSO\",\"isPartOf\":{\"@id\":\"https:\/\/progresso.com.br\/#website\"},\"primaryImageOfPage\":{\"@id\":\"https:\/\/progresso.com.br\/index.php\/2026\/04\/29\/pos-presenciais-diagnostico-por-imagem-e-harmonizacao-com-inscricoes-abertas\/#primaryimage\"},\"image\":{\"@id\":\"https:\/\/progresso.com.br\/index.php\/2026\/04\/29\/pos-presenciais-diagnostico-por-imagem-e-harmonizacao-com-inscricoes-abertas\/#primaryimage\"},\"thumbnailUrl\":\"https:\/\/progresso.com.br\/wp-content\/uploads\/2026\/04\/unigran.jpg\",\"datePublished\":\"2026-04-29T20:15:00+00:00\",\"breadcrumb\":{\"@id\":\"https:\/\/progresso.com.br\/index.php\/2026\/04\/29\/pos-presenciais-diagnostico-por-imagem-e-harmonizacao-com-inscricoes-abertas\/#breadcrumb\"},\"inLanguage\":\"pt-BR\",\"potentialAction\":[{\"@type\":\"ReadAction\",\"target\":[\"https:\/\/progresso.com.br\/index.php\/2026\/04\/29\/pos-presenciais-diagnostico-por-imagem-e-harmonizacao-com-inscricoes-abertas\/\"]}]},{\"@type\":\"ImageObject\",\"inLanguage\":\"pt-BR\",\"@id\":\"https:\/\/progresso.com.br\/index.php\/2026\/04\/29\/pos-presenciais-diagnostico-por-imagem-e-harmonizacao-com-inscricoes-abertas\/#primaryimage\",\"url\":\"https:\/\/progresso.com.br\/wp-content\/uploads\/2026\/04\/unigran.jpg\",\"contentUrl\":\"https:\/\/progresso.com.br\/wp-content\/uploads\/2026\/04\/unigran.jpg\",\"width\":1890,\"height\":1260,\"caption\":\"(Foto: Divulga\u00e7\u00e3o)\"},{\"@type\":\"BreadcrumbList\",\"@id\":\"https:\/\/progresso.com.br\/index.php\/2026\/04\/29\/pos-presenciais-diagnostico-por-imagem-e-harmonizacao-com-inscricoes-abertas\/#breadcrumb\",\"itemListElement\":[{\"@type\":\"ListItem\",\"position\":1,\"name\":\"In\u00edcio\",\"item\":\"https:\/\/progresso.com.br\/\"},{\"@type\":\"ListItem\",\"position\":2,\"name\":\"P\u00f3s presenciais: Diagn\u00f3stico por Imagem e Harmoniza\u00e7\u00e3o com inscri\u00e7\u00f5es abertas\"}]},{\"@type\":\"WebSite\",\"@id\":\"https:\/\/progresso.com.br\/#website\",\"url\":\"https:\/\/progresso.com.br\/\",\"name\":\"O PROGRESSO\",\"description\":\"\",\"publisher\":{\"@id\":\"https:\/\/progresso.com.br\/#organization\"},\"potentialAction\":[{\"@type\":\"SearchAction\",\"target\":{\"@type\":\"EntryPoint\",\"urlTemplate\":\"https:\/\/progresso.com.br\/?s={search_term_string}\"},\"query-input\":{\"@type\":\"PropertyValueSpecification\",\"valueRequired\":true,\"valueName\":\"search_term_string\"}}],\"inLanguage\":\"pt-BR\"},{\"@type\":\"Organization\",\"@id\":\"https:\/\/progresso.com.br\/#organization\",\"name\":\"O PROGRESSO\",\"url\":\"https:\/\/progresso.com.br\/\",\"logo\":{\"@type\":\"ImageObject\",\"inLanguage\":\"pt-BR\",\"@id\":\"https:\/\/progresso.com.br\/#\/schema\/logo\/image\/\",\"url\":\"https:\/\/progresso.com.br\/wp-content\/uploads\/2026\/03\/logo_proog.jpg\",\"contentUrl\":\"https:\/\/progresso.com.br\/wp-content\/uploads\/2026\/03\/logo_proog.jpg\",\"width\":1960,\"height\":1080,\"caption\":\"O PROGRESSO\"},\"image\":{\"@id\":\"https:\/\/progresso.com.br\/#\/schema\/logo\/image\/\"},\"sameAs\":[\"https:\/\/www.facebook.com\/share\/1CeoksKBj6\/\",\"https:\/\/www.instagram.com\/oprogresso_digital\"]},{\"@type\":\"Person\",\"@id\":\"https:\/\/progresso.com.br\/#\/schema\/person\/5dd27138d4463fbbaace62120bfc002b\",\"name\":\"Rose\",\"image\":{\"@type\":\"ImageObject\",\"inLanguage\":\"pt-BR\",\"@id\":\"https:\/\/progresso.com.br\/#\/schema\/person\/image\/\",\"url\":\"https:\/\/secure.gravatar.com\/avatar\/1b6890e759cdd3a88d9f751cb423720b9861c5239167cd3586355638b6556599?s=96&d=mm&r=g\",\"contentUrl\":\"https:\/\/secure.gravatar.com\/avatar\/1b6890e759cdd3a88d9f751cb423720b9861c5239167cd3586355638b6556599?s=96&d=mm&r=g\",\"caption\":\"Rose\"},\"url\":\"https:\/\/progresso.com.br\/index.php\/author\/rose\/\"}]}<\/script>\n<!-- \/ Yoast SEO plugin. -->","yoast_head_json":{"title":"P\u00f3s presenciais: Diagn\u00f3stico por Imagem e Harmoniza\u00e7\u00e3o com inscri\u00e7\u00f5es abertas - O PROGRESSO","robots":{"index":"index","follow":"follow","max-snippet":"max-snippet:-1","max-image-preview":"max-image-preview:large","max-video-preview":"max-video-preview:-1"},"canonical":"https:\/\/progresso.com.br\/index.php\/2026\/04\/29\/pos-presenciais-diagnostico-por-imagem-e-harmonizacao-com-inscricoes-abertas\/","og_locale":"pt_BR","og_type":"article","og_title":"P\u00f3s presenciais: Diagn\u00f3stico por Imagem e Harmoniza\u00e7\u00e3o com inscri\u00e7\u00f5es abertas - O PROGRESSO","og_description":"A Unigran est\u00e1 com inscri\u00e7\u00f5es abertas para especializa\u00e7\u00f5es presenciais voltadas \u00e0 qualifica\u00e7\u00e3o profissional em \u00e1reas de alta demanda no mercado: P\u00f3s-gradua\u00e7\u00e3o em Diagn\u00f3stico por Imagem Avan\u00e7ada e P\u00f3s-gradua\u00e7\u00e3o em Harmoniza\u00e7\u00e3o Facial e Corporal. Os cursos foram estruturados para aliar teoria, pr\u00e1tica e atualiza\u00e7\u00e3o t\u00e9cnica, fortalecendo a forma\u00e7\u00e3o continuada e ampliando oportunidades de carreira. Na \u00e1rea [&hellip;]","og_url":"https:\/\/progresso.com.br\/index.php\/2026\/04\/29\/pos-presenciais-diagnostico-por-imagem-e-harmonizacao-com-inscricoes-abertas\/","og_site_name":"O PROGRESSO","article_publisher":"https:\/\/www.facebook.com\/share\/1CeoksKBj6\/","article_published_time":"2026-04-29T20:15:00+00:00","og_image":[{"width":1890,"height":1260,"url":"https:\/\/progresso.com.br\/wp-content\/uploads\/2026\/04\/unigran.jpg","type":"image\/jpeg"}],"author":"Rose","twitter_card":"summary_large_image","twitter_misc":{"Escrito por":"Rose","Est. tempo de leitura":"4 minutos"},"schema":{"@context":"https:\/\/schema.org","@graph":[{"@type":"Article","@id":"https:\/\/progresso.com.br\/index.php\/2026\/04\/29\/pos-presenciais-diagnostico-por-imagem-e-harmonizacao-com-inscricoes-abertas\/#article","isPartOf":{"@id":"https:\/\/progresso.com.br\/index.php\/2026\/04\/29\/pos-presenciais-diagnostico-por-imagem-e-harmonizacao-com-inscricoes-abertas\/"},"author":{"name":"Rose","@id":"https:\/\/progresso.com.br\/#\/schema\/person\/5dd27138d4463fbbaace62120bfc002b"},"headline":"P\u00f3s presenciais: Diagn\u00f3stico por Imagem e Harmoniza\u00e7\u00e3o com inscri\u00e7\u00f5es abertas","datePublished":"2026-04-29T20:15:00+00:00","mainEntityOfPage":{"@id":"https:\/\/progresso.com.br\/index.php\/2026\/04\/29\/pos-presenciais-diagnostico-por-imagem-e-harmonizacao-com-inscricoes-abertas\/"},"wordCount":626,"commentCount":0,"publisher":{"@id":"https:\/\/progresso.com.br\/#organization"},"image":{"@id":"https:\/\/progresso.com.br\/index.php\/2026\/04\/29\/pos-presenciais-diagnostico-por-imagem-e-harmonizacao-com-inscricoes-abertas\/#primaryimage"},"thumbnailUrl":"https:\/\/progresso.com.br\/wp-content\/uploads\/2026\/04\/unigran.jpg","articleSection":["Cotidiano","Em destaque"],"inLanguage":"pt-BR","potentialAction":[{"@type":"CommentAction","name":"Comment","target":["https:\/\/progresso.com.br\/index.php\/2026\/04\/29\/pos-presenciais-diagnostico-por-imagem-e-harmonizacao-com-inscricoes-abertas\/#respond"]}]},{"@type":"WebPage","@id":"https:\/\/progresso.com.br\/index.php\/2026\/04\/29\/pos-presenciais-diagnostico-por-imagem-e-harmonizacao-com-inscricoes-abertas\/","url":"https:\/\/progresso.com.br\/index.php\/2026\/04\/29\/pos-presenciais-diagnostico-por-imagem-e-harmonizacao-com-inscricoes-abertas\/","name":"P\u00f3s presenciais: Diagn\u00f3stico por Imagem e Harmoniza\u00e7\u00e3o com inscri\u00e7\u00f5es abertas - O PROGRESSO","isPartOf":{"@id":"https:\/\/progresso.com.br\/#website"},"primaryImageOfPage":{"@id":"https:\/\/progresso.com.br\/index.php\/2026\/04\/29\/pos-presenciais-diagnostico-por-imagem-e-harmonizacao-com-inscricoes-abertas\/#primaryimage"},"image":{"@id":"https:\/\/progresso.com.br\/index.php\/2026\/04\/29\/pos-presenciais-diagnostico-por-imagem-e-harmonizacao-com-inscricoes-abertas\/#primaryimage"},"thumbnailUrl":"https:\/\/progresso.com.br\/wp-content\/uploads\/2026\/04\/unigran.jpg","datePublished":"2026-04-29T20:15:00+00:00","breadcrumb":{"@id":"https:\/\/progresso.com.br\/index.php\/2026\/04\/29\/pos-presenciais-diagnostico-por-imagem-e-harmonizacao-com-inscricoes-abertas\/#breadcrumb"},"inLanguage":"pt-BR","potentialAction":[{"@type":"ReadAction","target":["https:\/\/progresso.com.br\/index.php\/2026\/04\/29\/pos-presenciais-diagnostico-por-imagem-e-harmonizacao-com-inscricoes-abertas\/"]}]},{"@type":"ImageObject","inLanguage":"pt-BR","@id":"https:\/\/progresso.com.br\/index.php\/2026\/04\/29\/pos-presenciais-diagnostico-por-imagem-e-harmonizacao-com-inscricoes-abertas\/#primaryimage","url":"https:\/\/progresso.com.br\/wp-content\/uploads\/2026\/04\/unigran.jpg","contentUrl":"https:\/\/progresso.com.br\/wp-content\/uploads\/2026\/04\/unigran.jpg","width":1890,"height":1260,"caption":"(Foto: Divulga\u00e7\u00e3o)"},{"@type":"BreadcrumbList","@id":"https:\/\/progresso.com.br\/index.php\/2026\/04\/29\/pos-presenciais-diagnostico-por-imagem-e-harmonizacao-com-inscricoes-abertas\/#breadcrumb","itemListElement":[{"@type":"ListItem","position":1,"name":"In\u00edcio","item":"https:\/\/progresso.com.br\/"},{"@type":"ListItem","position":2,"name":"P\u00f3s presenciais: Diagn\u00f3stico por Imagem e Harmoniza\u00e7\u00e3o com inscri\u00e7\u00f5es abertas"}]},{"@type":"WebSite","@id":"https:\/\/progresso.com.br\/#website","url":"https:\/\/progresso.com.br\/","name":"O PROGRESSO","description":"","publisher":{"@id":"https:\/\/progresso.com.br\/#organization"},"potentialAction":[{"@type":"SearchAction","target":{"@type":"EntryPoint","urlTemplate":"https:\/\/progresso.com.br\/?s={search_term_string}"},"query-input":{"@type":"PropertyValueSpecification","valueRequired":true,"valueName":"search_term_string"}}],"inLanguage":"pt-BR"},{"@type":"Organization","@id":"https:\/\/progresso.com.br\/#organization","name":"O PROGRESSO","url":"https:\/\/progresso.com.br\/","logo":{"@type":"ImageObject","inLanguage":"pt-BR","@id":"https:\/\/progresso.com.br\/#\/schema\/logo\/image\/","url":"https:\/\/progresso.com.br\/wp-content\/uploads\/2026\/03\/logo_proog.jpg","contentUrl":"https:\/\/progresso.com.br\/wp-content\/uploads\/2026\/03\/logo_proog.jpg","width":1960,"height":1080,"caption":"O PROGRESSO"},"image":{"@id":"https:\/\/progresso.com.br\/#\/schema\/logo\/image\/"},"sameAs":["https:\/\/www.facebook.com\/share\/1CeoksKBj6\/","https:\/\/www.instagram.com\/oprogresso_digital"]},{"@type":"Person","@id":"https:\/\/progresso.com.br\/#\/schema\/person\/5dd27138d4463fbbaace62120bfc002b","name":"Rose","image":{"@type":"ImageObject","inLanguage":"pt-BR","@id":"https:\/\/progresso.com.br\/#\/schema\/person\/image\/","url":"https:\/\/secure.gravatar.com\/avatar\/1b6890e759cdd3a88d9f751cb423720b9861c5239167cd3586355638b6556599?s=96&d=mm&r=g","contentUrl":"https:\/\/secure.gravatar.com\/avatar\/1b6890e759cdd3a88d9f751cb423720b9861c5239167cd3586355638b6556599?s=96&d=mm&r=g","caption":"Rose"},"url":"https:\/\/progresso.com.br\/index.php\/author\/rose\/"}]}},"_links":{"self":[{"href":"https:\/\/progresso.com.br\/index.php\/wp-json\/wp\/v2\/posts\/5116","targetHints":{"allow":["GET"]}}],"collection":[{"href":"https:\/\/progresso.com.br\/index.php\/wp-json\/wp\/v2\/posts"}],"about":[{"href":"https:\/\/progresso.com.br\/index.php\/wp-json\/wp\/v2\/types\/post"}],"author":[{"embeddable":true,"href":"https:\/\/progresso.com.br\/index.php\/wp-json\/wp\/v2\/users\/2"}],"replies":[{"embeddable":true,"href":"https:\/\/progresso.com.br\/index.php\/wp-json\/wp\/v2\/comments?post=5116"}],"version-history":[{"count":1,"href":"https:\/\/progresso.com.br\/index.php\/wp-json\/wp\/v2\/posts\/5116\/revisions"}],"predecessor-version":[{"id":5128,"href":"https:\/\/progresso.com.br\/index.php\/wp-json\/wp\/v2\/posts\/5116\/revisions\/5128"}],"wp:featuredmedia":[{"embeddable":true,"href":"https:\/\/progresso.com.br\/index.php\/wp-json\/wp\/v2\/media\/5127"}],"wp:attachment":[{"href":"https:\/\/progresso.com.br\/index.php\/wp-json\/wp\/v2\/media?parent=5116"}],"wp:term":[{"taxonomy":"category","embeddable":true,"href":"https:\/\/progresso.com.br\/index.php\/wp-json\/wp\/v2\/categories?post=5116"},{"taxonomy":"post_tag","embeddable":true,"href":"https:\/\/progresso.com.br\/index.php\/wp-json\/wp\/v2\/tags?post=5116"}],"curies":[{"name":"wp","href":"https:\/\/api.w.org\/{rel}","templated":true}]}}