{"id":5119,"date":"2026-04-29T15:15:00","date_gmt":"2026-04-29T19:15:00","guid":{"rendered":"https:\/\/progresso.com.br\/?p=5119"},"modified":"2026-04-29T15:06:57","modified_gmt":"2026-04-29T19:06:57","slug":"messias-diz-que-conciliacao-e-melhor-solucao-para-conflitos-por-terra","status":"publish","type":"post","link":"https:\/\/progresso.com.br\/index.php\/2026\/04\/29\/messias-diz-que-conciliacao-e-melhor-solucao-para-conflitos-por-terra\/","title":{"rendered":"Messias diz que concilia\u00e7\u00e3o \u00e9 melhor solu\u00e7\u00e3o para conflitos por terra"},"content":{"rendered":"\n<p><strong><em>Advogado-geral da Uni\u00e3o tamb\u00e9m disse em sabatina ser contra o aborto<br><\/em><\/strong><\/p>\n\n\n\n<p><em>Ag\u00eancia Brasil<\/em><\/p>\n\n\n\n<p>O indicado ao Supremo Tribunal Federal (STF) Jorge Messias defendeu nesta quarta-feira (29), em sabatina no Senado, que o Judici\u00e1rio atue por meio da concilia\u00e7\u00e3o para pacificar conflitos por terra no campo brasileiro.<\/p>\n\n\n\n<p>\u201cA melhor forma que n\u00f3s temos de compor os conflitos de interesse desse pa\u00eds, principalmente conflitos fundi\u00e1rios, \u00e9 a concilia\u00e7\u00e3o, o di\u00e1logo, a pacifica\u00e7\u00e3o\u201d, disse Messias.<\/p>\n\n\n\n<p>O atual advogado-geral da Uni\u00e3o (AGU) respondia ao senador Jayme Campos (Uni\u00e3o-MT), que criticou a \u201cinseguran\u00e7a jur\u00eddica\u201d do produtor agr\u00edcola brasileiro diante da controv\u00e9rsia em torno da tese do marco temporal, considerada inconstitucional pelo STF.<\/p>\n\n\n\n<p>A tese, aprovada em projeto de lei no Congresso Nacional, diz que os povos ind\u00edgenas s\u00f3 teriam direito \u00e0s terras que j\u00e1 ocupavam durante a promulga\u00e7\u00e3o da Constitui\u00e7\u00e3o, em 1988. Messias argumentou que a concilia\u00e7\u00e3o pode resolver impasses envolvendo as terras ind\u00edgenas.&nbsp;<\/p>\n\n\n\n<p>\u201cEste que vos fala foi o primeiro AGU a ter a coragem de assinar um acordo no STF reconhecendo o direito ao pagamento da indeniza\u00e7\u00e3o justa a um propriet\u00e1rio de terra que tinha um justo t\u00edtulo em Mato Grosso, numa terra ind\u00edgena que estava h\u00e1 anos em conflito\u201d, disse.<\/p>\n\n\n\n<p>Messias foi indicado pelo governo federal para assumir a vaga deixada pelo ministro Lu\u00eds Roberto Barroso. Para assumir o cargo, precisa dos votos favor\u00e1veis de 41 dos 81 senadores.<\/p>\n\n\n\n<p>Sobre os conflitos em torno do marco temporal, o indicado ao STF destacou que n\u00e3o \u00e9 poss\u00edvel \u201ctransigir naquilo que a Constitui\u00e7\u00e3o estabelece\u201d.<\/p>\n\n\n\n<p>\u201cMas n\u00f3s tamb\u00e9m n\u00e3o podemos retirar do propriet\u00e1rio de terra leg\u00edtimo um direito \u00e0 justa indeniza\u00e7\u00e3o ou uma pacifica\u00e7\u00e3o\u201d, completou, acrescentando que o melhor caminho para a \u201cpaz social\u201d \u00e9 conciliar o direito \u00e0 propriedade privada com o direito dos povos ind\u00edgenas.<\/p>\n\n\n\n<p>\u201c\u00c9 poss\u00edvel conciliar. Fizemos um acordo hist\u00f3rico na regi\u00e3o do Paran\u00e1 que, ap\u00f3s 40 anos, n\u00f3s conseguimos entregar, a partir do pagamento por compra de terra, os direitos dos ind\u00edgenas Av\u00e1-Guarani, que foram ali deslocados com a usina de Itaipu\u201d, completou.&nbsp;<\/p>\n\n\n\n<p><strong>Meio ambiente<\/strong><\/p>\n\n\n\n<p>O senador Jayme Campos criticou ainda a demora em processos de licenciamento ambiental e decis\u00f5es judiciais que paralisam as obras do Ferrogr\u00e3o, ferrovia que liga o Centro-Oeste aos portos do Norte do Brasil.<\/p>\n\n\n\n<p>Messias disse que esse projeto \u00e9 vital para o pa\u00eds e lembrou que buscou a concilia\u00e7\u00e3o entre as partes, como AGU, para destravar as obras do Ferrogr\u00e3o. Ele defendeu um desenvolvimento sustent\u00e1vel para o Brasil, que seja capaz de proteger o meio ambiente.<\/p>\n\n\n\n<p>&nbsp;\u201cN\u00e3o h\u00e1 que se ter antagonismo entre a preserva\u00e7\u00e3o ambiental e o desenvolvimento econ\u00f4mico. N\u00f3s podemos conciliar as duas coisas&#8221;.<\/p>\n\n\n\n<p>&#8220;\u00c9 preciso ter clareza nas condicionantes ambientais, \u00e9 preciso ter clareza na oitiva aos povos ind\u00edgenas, aos povos origin\u00e1rios, mas tudo isso pode ser feito em benef\u00edcio do desenvolvimento\u201d, ponderou.<\/p>\n\n\n\n<p><strong>Aborto<\/strong><\/p>\n\n\n\n<p>O indicado ao STF Jorge Messias destacou ainda, durante a sabatina, que \u00e9 \u201ctotalmente contra o aborto\u201d.<\/p>\n\n\n\n<p>\u201cDa minha parte n\u00e3o haver\u00e1 qualquer tipo de a\u00e7\u00e3o, de ativismo em rela\u00e7\u00e3o ao tema aborto, na minha jurisdi\u00e7\u00e3o constitucional. Eu quero deixar absolutamente vossas excel\u00eancias tranquilas quanto a isso\u201d, disse.<\/p>\n\n\n\n<p>Messias ponderou que essa \u00e9 uma concep\u00e7\u00e3o \u201cpessoal, filos\u00f3fica e crist\u00e3\u201d dele, n\u00e3o sendo esse um tema para o Judici\u00e1rio, por ser de compet\u00eancia privativa do Congresso Nacional.<\/p>\n\n\n\n<p>O AGU respondia a questionamento do senador Weverton Rocha (PDT-MA), relator da indica\u00e7\u00e3o e Messias na CCJ, que questionou sobre o parecer da Advocacia-Geral contra medida do Conselho Federal de Medicina (CFM) que restringia o acesso ao aborto legal.<\/p>\n\n\n\n<p>Segundo Messias, o CFM n\u00e3o tem compet\u00eancia para isso, sendo essa uma atribui\u00e7\u00e3o do Parlamento. \u201cQuem tem a compet\u00eancia deve exerc\u00ea-la. N\u00f3s n\u00e3o podemos estabelecer atalhos. Portanto, defendi o princ\u00edpio da legalidade, defendi o princ\u00edpio da separa\u00e7\u00e3o de Poderes\u201d, disse.<\/p>\n\n\n\n<p>O indicado ao Supremo disse ainda que, \u201cqualquer que seja a circunst\u00e2ncia\u201d, o aborto \u00e9 uma \u201ctrag\u00e9dia humana\u201d.<\/p>\n\n\n\n<p>\u201cAgora, a gente precisa olhar tamb\u00e9m com humanidade: h\u00e1 uma mulher, h\u00e1 uma crian\u00e7a, h\u00e1 uma adolescente, h\u00e1 uma vida. \u00c9 por isso que a lei estabeleceu hip\u00f3teses muito restritas de excludentes da ilicitude \u2500 e isso h\u00e1 d\u00e9cadas\u201d, acrescentou.<\/p>\n\n\n\n<p>A lei permite o aborto em casos de estupro, de risco de morte da m\u00e3e, ou de anencefalia fetal, malforma\u00e7\u00e3o cong\u00eanita grave e fatal.<\/p>\n\n\n\n<p><strong>8 de janeiro<\/strong><\/p>\n\n\n\n<p>Messias ainda foi provocado, pela oposi\u00e7\u00e3o, sobre a decis\u00e3o dele, enquanto advogado-geral da Uni\u00e3o, de pedir a pris\u00e3o de envolvidos nos atentados do 8 de janeiro de 2023. O ataque depredou as sedes dos Poderes, em Bras\u00edlia, pedindo um golpe militar contra a posse do presidente Lula.<\/p>\n\n\n\n<p>O sabatinado disse que era um dever do cargo dele pedir a pris\u00e3o em flagrante daqueles que atentavam contra a democracia.<\/p>\n\n\n\n<p>\u201cFoi a defesa do patrim\u00f4nio da Uni\u00e3o. E por que eu fiz? Porque \u00e9 meu dever constitucional. Se eu n\u00e3o tivesse feito o pedido que fiz, eu teria prevaricado \u2500 e prevaricador nunca fui e n\u00e3o serei\u201d, afirmou.<\/p>\n","protected":false},"excerpt":{"rendered":"<p>Advogado-geral da Uni\u00e3o tamb\u00e9m disse em sabatina ser contra o aborto Ag\u00eancia Brasil O indicado ao Supremo Tribunal Federal (STF) Jorge Messias defendeu nesta quarta-feira (29), em sabatina no Senado, que o Judici\u00e1rio atue por meio da concilia\u00e7\u00e3o para pacificar conflitos por terra no campo brasileiro. \u201cA melhor forma que n\u00f3s temos de compor os [&hellip;]<\/p>\n","protected":false},"author":5,"featured_media":5120,"comment_status":"open","ping_status":"open","sticky":false,"template":"","format":"standard","meta":{"footnotes":""},"categories":[30,2,9],"tags":[],"class_list":["post-5119","post","type-post","status-publish","format-standard","has-post-thumbnail","hentry","category-brasil","category-destaque","category-politica"],"yoast_head":"<!-- This site is optimized with the Yoast SEO plugin v27.1.1 - https:\/\/yoast.com\/product\/yoast-seo-wordpress\/ -->\n<title>Messias diz que concilia\u00e7\u00e3o \u00e9 melhor solu\u00e7\u00e3o para conflitos por terra - O PROGRESSO<\/title>\n<meta name=\"robots\" content=\"index, follow, max-snippet:-1, max-image-preview:large, max-video-preview:-1\" \/>\n<link rel=\"canonical\" href=\"https:\/\/progresso.com.br\/index.php\/2026\/04\/29\/messias-diz-que-conciliacao-e-melhor-solucao-para-conflitos-por-terra\/\" \/>\n<meta property=\"og:locale\" content=\"pt_BR\" \/>\n<meta property=\"og:type\" content=\"article\" \/>\n<meta property=\"og:title\" content=\"Messias diz que concilia\u00e7\u00e3o \u00e9 melhor solu\u00e7\u00e3o para conflitos por terra - O PROGRESSO\" \/>\n<meta property=\"og:description\" content=\"Advogado-geral da Uni\u00e3o tamb\u00e9m disse em sabatina ser contra o aborto Ag\u00eancia Brasil O indicado ao Supremo Tribunal Federal (STF) Jorge Messias defendeu nesta quarta-feira (29), em sabatina no Senado, que o Judici\u00e1rio atue por meio da concilia\u00e7\u00e3o para pacificar conflitos por terra no campo brasileiro. \u201cA melhor forma que n\u00f3s temos de compor os [&hellip;]\" \/>\n<meta property=\"og:url\" content=\"https:\/\/progresso.com.br\/index.php\/2026\/04\/29\/messias-diz-que-conciliacao-e-melhor-solucao-para-conflitos-por-terra\/\" \/>\n<meta property=\"og:site_name\" content=\"O PROGRESSO\" \/>\n<meta property=\"article:publisher\" content=\"https:\/\/www.facebook.com\/share\/1CeoksKBj6\/\" \/>\n<meta property=\"article:published_time\" content=\"2026-04-29T19:15:00+00:00\" \/>\n<meta property=\"og:image\" content=\"https:\/\/progresso.com.br\/wp-content\/uploads\/2026\/04\/Messias-2904-scaled.jpg\" \/>\n\t<meta property=\"og:image:width\" content=\"2560\" \/>\n\t<meta property=\"og:image:height\" content=\"1649\" \/>\n\t<meta property=\"og:image:type\" content=\"image\/jpeg\" \/>\n<meta name=\"author\" content=\"Rog\u00e9rio Vidmantas\" \/>\n<meta name=\"twitter:card\" content=\"summary_large_image\" \/>\n<meta name=\"twitter:label1\" content=\"Escrito por\" \/>\n\t<meta name=\"twitter:data1\" content=\"Rog\u00e9rio Vidmantas\" \/>\n\t<meta name=\"twitter:label2\" content=\"Est. tempo de leitura\" \/>\n\t<meta name=\"twitter:data2\" content=\"5 minutos\" \/>\n<script type=\"application\/ld+json\" class=\"yoast-schema-graph\">{\"@context\":\"https:\/\/schema.org\",\"@graph\":[{\"@type\":\"Article\",\"@id\":\"https:\/\/progresso.com.br\/index.php\/2026\/04\/29\/messias-diz-que-conciliacao-e-melhor-solucao-para-conflitos-por-terra\/#article\",\"isPartOf\":{\"@id\":\"https:\/\/progresso.com.br\/index.php\/2026\/04\/29\/messias-diz-que-conciliacao-e-melhor-solucao-para-conflitos-por-terra\/\"},\"author\":{\"name\":\"Rog\u00e9rio Vidmantas\",\"@id\":\"https:\/\/progresso.com.br\/#\/schema\/person\/471791cc575a7e23811d1070fa9d20ee\"},\"headline\":\"Messias diz que concilia\u00e7\u00e3o \u00e9 melhor solu\u00e7\u00e3o para conflitos por terra\",\"datePublished\":\"2026-04-29T19:15:00+00:00\",\"mainEntityOfPage\":{\"@id\":\"https:\/\/progresso.com.br\/index.php\/2026\/04\/29\/messias-diz-que-conciliacao-e-melhor-solucao-para-conflitos-por-terra\/\"},\"wordCount\":898,\"commentCount\":0,\"publisher\":{\"@id\":\"https:\/\/progresso.com.br\/#organization\"},\"image\":{\"@id\":\"https:\/\/progresso.com.br\/index.php\/2026\/04\/29\/messias-diz-que-conciliacao-e-melhor-solucao-para-conflitos-por-terra\/#primaryimage\"},\"thumbnailUrl\":\"https:\/\/progresso.com.br\/wp-content\/uploads\/2026\/04\/Messias-2904-scaled.jpg\",\"articleSection\":[\"Brasil\",\"Em destaque\",\"Pol\u00edtica\"],\"inLanguage\":\"pt-BR\",\"potentialAction\":[{\"@type\":\"CommentAction\",\"name\":\"Comment\",\"target\":[\"https:\/\/progresso.com.br\/index.php\/2026\/04\/29\/messias-diz-que-conciliacao-e-melhor-solucao-para-conflitos-por-terra\/#respond\"]}]},{\"@type\":\"WebPage\",\"@id\":\"https:\/\/progresso.com.br\/index.php\/2026\/04\/29\/messias-diz-que-conciliacao-e-melhor-solucao-para-conflitos-por-terra\/\",\"url\":\"https:\/\/progresso.com.br\/index.php\/2026\/04\/29\/messias-diz-que-conciliacao-e-melhor-solucao-para-conflitos-por-terra\/\",\"name\":\"Messias diz que concilia\u00e7\u00e3o \u00e9 melhor solu\u00e7\u00e3o para conflitos por terra - O PROGRESSO\",\"isPartOf\":{\"@id\":\"https:\/\/progresso.com.br\/#website\"},\"primaryImageOfPage\":{\"@id\":\"https:\/\/progresso.com.br\/index.php\/2026\/04\/29\/messias-diz-que-conciliacao-e-melhor-solucao-para-conflitos-por-terra\/#primaryimage\"},\"image\":{\"@id\":\"https:\/\/progresso.com.br\/index.php\/2026\/04\/29\/messias-diz-que-conciliacao-e-melhor-solucao-para-conflitos-por-terra\/#primaryimage\"},\"thumbnailUrl\":\"https:\/\/progresso.com.br\/wp-content\/uploads\/2026\/04\/Messias-2904-scaled.jpg\",\"datePublished\":\"2026-04-29T19:15:00+00:00\",\"breadcrumb\":{\"@id\":\"https:\/\/progresso.com.br\/index.php\/2026\/04\/29\/messias-diz-que-conciliacao-e-melhor-solucao-para-conflitos-por-terra\/#breadcrumb\"},\"inLanguage\":\"pt-BR\",\"potentialAction\":[{\"@type\":\"ReadAction\",\"target\":[\"https:\/\/progresso.com.br\/index.php\/2026\/04\/29\/messias-diz-que-conciliacao-e-melhor-solucao-para-conflitos-por-terra\/\"]}]},{\"@type\":\"ImageObject\",\"inLanguage\":\"pt-BR\",\"@id\":\"https:\/\/progresso.com.br\/index.php\/2026\/04\/29\/messias-diz-que-conciliacao-e-melhor-solucao-para-conflitos-por-terra\/#primaryimage\",\"url\":\"https:\/\/progresso.com.br\/wp-content\/uploads\/2026\/04\/Messias-2904-scaled.jpg\",\"contentUrl\":\"https:\/\/progresso.com.br\/wp-content\/uploads\/2026\/04\/Messias-2904-scaled.jpg\",\"width\":2560,\"height\":1649,\"caption\":\"Jorge Rodrigo Messias, indicado para o cargo de ministro do Supremo Tribunal Federal (Foto: Lula Marques\/Ag\u00eancia Brasil)\"},{\"@type\":\"BreadcrumbList\",\"@id\":\"https:\/\/progresso.com.br\/index.php\/2026\/04\/29\/messias-diz-que-conciliacao-e-melhor-solucao-para-conflitos-por-terra\/#breadcrumb\",\"itemListElement\":[{\"@type\":\"ListItem\",\"position\":1,\"name\":\"In\u00edcio\",\"item\":\"https:\/\/progresso.com.br\/\"},{\"@type\":\"ListItem\",\"position\":2,\"name\":\"Messias diz que concilia\u00e7\u00e3o \u00e9 melhor solu\u00e7\u00e3o para conflitos por terra\"}]},{\"@type\":\"WebSite\",\"@id\":\"https:\/\/progresso.com.br\/#website\",\"url\":\"https:\/\/progresso.com.br\/\",\"name\":\"O PROGRESSO\",\"description\":\"\",\"publisher\":{\"@id\":\"https:\/\/progresso.com.br\/#organization\"},\"potentialAction\":[{\"@type\":\"SearchAction\",\"target\":{\"@type\":\"EntryPoint\",\"urlTemplate\":\"https:\/\/progresso.com.br\/?s={search_term_string}\"},\"query-input\":{\"@type\":\"PropertyValueSpecification\",\"valueRequired\":true,\"valueName\":\"search_term_string\"}}],\"inLanguage\":\"pt-BR\"},{\"@type\":\"Organization\",\"@id\":\"https:\/\/progresso.com.br\/#organization\",\"name\":\"O PROGRESSO\",\"url\":\"https:\/\/progresso.com.br\/\",\"logo\":{\"@type\":\"ImageObject\",\"inLanguage\":\"pt-BR\",\"@id\":\"https:\/\/progresso.com.br\/#\/schema\/logo\/image\/\",\"url\":\"https:\/\/progresso.com.br\/wp-content\/uploads\/2026\/03\/logo_proog.jpg\",\"contentUrl\":\"https:\/\/progresso.com.br\/wp-content\/uploads\/2026\/03\/logo_proog.jpg\",\"width\":1960,\"height\":1080,\"caption\":\"O PROGRESSO\"},\"image\":{\"@id\":\"https:\/\/progresso.com.br\/#\/schema\/logo\/image\/\"},\"sameAs\":[\"https:\/\/www.facebook.com\/share\/1CeoksKBj6\/\",\"https:\/\/www.instagram.com\/oprogresso_digital\"]},{\"@type\":\"Person\",\"@id\":\"https:\/\/progresso.com.br\/#\/schema\/person\/471791cc575a7e23811d1070fa9d20ee\",\"name\":\"Rog\u00e9rio Vidmantas\",\"image\":{\"@type\":\"ImageObject\",\"inLanguage\":\"pt-BR\",\"@id\":\"https:\/\/progresso.com.br\/#\/schema\/person\/image\/\",\"url\":\"https:\/\/secure.gravatar.com\/avatar\/10a86aae4992f407879fa7e12fb476cdff79509ad9ec42967d62b4fbcee7c57b?s=96&d=mm&r=g\",\"contentUrl\":\"https:\/\/secure.gravatar.com\/avatar\/10a86aae4992f407879fa7e12fb476cdff79509ad9ec42967d62b4fbcee7c57b?s=96&d=mm&r=g\",\"caption\":\"Rog\u00e9rio Vidmantas\"},\"url\":\"https:\/\/progresso.com.br\/index.php\/author\/vidmantas\/\"}]}<\/script>\n<!-- \/ Yoast SEO plugin. -->","yoast_head_json":{"title":"Messias diz que concilia\u00e7\u00e3o \u00e9 melhor solu\u00e7\u00e3o para conflitos por terra - O PROGRESSO","robots":{"index":"index","follow":"follow","max-snippet":"max-snippet:-1","max-image-preview":"max-image-preview:large","max-video-preview":"max-video-preview:-1"},"canonical":"https:\/\/progresso.com.br\/index.php\/2026\/04\/29\/messias-diz-que-conciliacao-e-melhor-solucao-para-conflitos-por-terra\/","og_locale":"pt_BR","og_type":"article","og_title":"Messias diz que concilia\u00e7\u00e3o \u00e9 melhor solu\u00e7\u00e3o para conflitos por terra - O PROGRESSO","og_description":"Advogado-geral da Uni\u00e3o tamb\u00e9m disse em sabatina ser contra o aborto Ag\u00eancia Brasil O indicado ao Supremo Tribunal Federal (STF) Jorge Messias defendeu nesta quarta-feira (29), em sabatina no Senado, que o Judici\u00e1rio atue por meio da concilia\u00e7\u00e3o para pacificar conflitos por terra no campo brasileiro. \u201cA melhor forma que n\u00f3s temos de compor os [&hellip;]","og_url":"https:\/\/progresso.com.br\/index.php\/2026\/04\/29\/messias-diz-que-conciliacao-e-melhor-solucao-para-conflitos-por-terra\/","og_site_name":"O PROGRESSO","article_publisher":"https:\/\/www.facebook.com\/share\/1CeoksKBj6\/","article_published_time":"2026-04-29T19:15:00+00:00","og_image":[{"width":2560,"height":1649,"url":"https:\/\/progresso.com.br\/wp-content\/uploads\/2026\/04\/Messias-2904-scaled.jpg","type":"image\/jpeg"}],"author":"Rog\u00e9rio Vidmantas","twitter_card":"summary_large_image","twitter_misc":{"Escrito por":"Rog\u00e9rio Vidmantas","Est. tempo de leitura":"5 minutos"},"schema":{"@context":"https:\/\/schema.org","@graph":[{"@type":"Article","@id":"https:\/\/progresso.com.br\/index.php\/2026\/04\/29\/messias-diz-que-conciliacao-e-melhor-solucao-para-conflitos-por-terra\/#article","isPartOf":{"@id":"https:\/\/progresso.com.br\/index.php\/2026\/04\/29\/messias-diz-que-conciliacao-e-melhor-solucao-para-conflitos-por-terra\/"},"author":{"name":"Rog\u00e9rio Vidmantas","@id":"https:\/\/progresso.com.br\/#\/schema\/person\/471791cc575a7e23811d1070fa9d20ee"},"headline":"Messias diz que concilia\u00e7\u00e3o \u00e9 melhor solu\u00e7\u00e3o para conflitos por terra","datePublished":"2026-04-29T19:15:00+00:00","mainEntityOfPage":{"@id":"https:\/\/progresso.com.br\/index.php\/2026\/04\/29\/messias-diz-que-conciliacao-e-melhor-solucao-para-conflitos-por-terra\/"},"wordCount":898,"commentCount":0,"publisher":{"@id":"https:\/\/progresso.com.br\/#organization"},"image":{"@id":"https:\/\/progresso.com.br\/index.php\/2026\/04\/29\/messias-diz-que-conciliacao-e-melhor-solucao-para-conflitos-por-terra\/#primaryimage"},"thumbnailUrl":"https:\/\/progresso.com.br\/wp-content\/uploads\/2026\/04\/Messias-2904-scaled.jpg","articleSection":["Brasil","Em destaque","Pol\u00edtica"],"inLanguage":"pt-BR","potentialAction":[{"@type":"CommentAction","name":"Comment","target":["https:\/\/progresso.com.br\/index.php\/2026\/04\/29\/messias-diz-que-conciliacao-e-melhor-solucao-para-conflitos-por-terra\/#respond"]}]},{"@type":"WebPage","@id":"https:\/\/progresso.com.br\/index.php\/2026\/04\/29\/messias-diz-que-conciliacao-e-melhor-solucao-para-conflitos-por-terra\/","url":"https:\/\/progresso.com.br\/index.php\/2026\/04\/29\/messias-diz-que-conciliacao-e-melhor-solucao-para-conflitos-por-terra\/","name":"Messias diz que concilia\u00e7\u00e3o \u00e9 melhor solu\u00e7\u00e3o para conflitos por terra - O PROGRESSO","isPartOf":{"@id":"https:\/\/progresso.com.br\/#website"},"primaryImageOfPage":{"@id":"https:\/\/progresso.com.br\/index.php\/2026\/04\/29\/messias-diz-que-conciliacao-e-melhor-solucao-para-conflitos-por-terra\/#primaryimage"},"image":{"@id":"https:\/\/progresso.com.br\/index.php\/2026\/04\/29\/messias-diz-que-conciliacao-e-melhor-solucao-para-conflitos-por-terra\/#primaryimage"},"thumbnailUrl":"https:\/\/progresso.com.br\/wp-content\/uploads\/2026\/04\/Messias-2904-scaled.jpg","datePublished":"2026-04-29T19:15:00+00:00","breadcrumb":{"@id":"https:\/\/progresso.com.br\/index.php\/2026\/04\/29\/messias-diz-que-conciliacao-e-melhor-solucao-para-conflitos-por-terra\/#breadcrumb"},"inLanguage":"pt-BR","potentialAction":[{"@type":"ReadAction","target":["https:\/\/progresso.com.br\/index.php\/2026\/04\/29\/messias-diz-que-conciliacao-e-melhor-solucao-para-conflitos-por-terra\/"]}]},{"@type":"ImageObject","inLanguage":"pt-BR","@id":"https:\/\/progresso.com.br\/index.php\/2026\/04\/29\/messias-diz-que-conciliacao-e-melhor-solucao-para-conflitos-por-terra\/#primaryimage","url":"https:\/\/progresso.com.br\/wp-content\/uploads\/2026\/04\/Messias-2904-scaled.jpg","contentUrl":"https:\/\/progresso.com.br\/wp-content\/uploads\/2026\/04\/Messias-2904-scaled.jpg","width":2560,"height":1649,"caption":"Jorge Rodrigo Messias, indicado para o cargo de ministro do Supremo Tribunal Federal (Foto: Lula Marques\/Ag\u00eancia Brasil)"},{"@type":"BreadcrumbList","@id":"https:\/\/progresso.com.br\/index.php\/2026\/04\/29\/messias-diz-que-conciliacao-e-melhor-solucao-para-conflitos-por-terra\/#breadcrumb","itemListElement":[{"@type":"ListItem","position":1,"name":"In\u00edcio","item":"https:\/\/progresso.com.br\/"},{"@type":"ListItem","position":2,"name":"Messias diz que concilia\u00e7\u00e3o \u00e9 melhor solu\u00e7\u00e3o para conflitos por terra"}]},{"@type":"WebSite","@id":"https:\/\/progresso.com.br\/#website","url":"https:\/\/progresso.com.br\/","name":"O PROGRESSO","description":"","publisher":{"@id":"https:\/\/progresso.com.br\/#organization"},"potentialAction":[{"@type":"SearchAction","target":{"@type":"EntryPoint","urlTemplate":"https:\/\/progresso.com.br\/?s={search_term_string}"},"query-input":{"@type":"PropertyValueSpecification","valueRequired":true,"valueName":"search_term_string"}}],"inLanguage":"pt-BR"},{"@type":"Organization","@id":"https:\/\/progresso.com.br\/#organization","name":"O PROGRESSO","url":"https:\/\/progresso.com.br\/","logo":{"@type":"ImageObject","inLanguage":"pt-BR","@id":"https:\/\/progresso.com.br\/#\/schema\/logo\/image\/","url":"https:\/\/progresso.com.br\/wp-content\/uploads\/2026\/03\/logo_proog.jpg","contentUrl":"https:\/\/progresso.com.br\/wp-content\/uploads\/2026\/03\/logo_proog.jpg","width":1960,"height":1080,"caption":"O PROGRESSO"},"image":{"@id":"https:\/\/progresso.com.br\/#\/schema\/logo\/image\/"},"sameAs":["https:\/\/www.facebook.com\/share\/1CeoksKBj6\/","https:\/\/www.instagram.com\/oprogresso_digital"]},{"@type":"Person","@id":"https:\/\/progresso.com.br\/#\/schema\/person\/471791cc575a7e23811d1070fa9d20ee","name":"Rog\u00e9rio Vidmantas","image":{"@type":"ImageObject","inLanguage":"pt-BR","@id":"https:\/\/progresso.com.br\/#\/schema\/person\/image\/","url":"https:\/\/secure.gravatar.com\/avatar\/10a86aae4992f407879fa7e12fb476cdff79509ad9ec42967d62b4fbcee7c57b?s=96&d=mm&r=g","contentUrl":"https:\/\/secure.gravatar.com\/avatar\/10a86aae4992f407879fa7e12fb476cdff79509ad9ec42967d62b4fbcee7c57b?s=96&d=mm&r=g","caption":"Rog\u00e9rio Vidmantas"},"url":"https:\/\/progresso.com.br\/index.php\/author\/vidmantas\/"}]}},"_links":{"self":[{"href":"https:\/\/progresso.com.br\/index.php\/wp-json\/wp\/v2\/posts\/5119","targetHints":{"allow":["GET"]}}],"collection":[{"href":"https:\/\/progresso.com.br\/index.php\/wp-json\/wp\/v2\/posts"}],"about":[{"href":"https:\/\/progresso.com.br\/index.php\/wp-json\/wp\/v2\/types\/post"}],"author":[{"embeddable":true,"href":"https:\/\/progresso.com.br\/index.php\/wp-json\/wp\/v2\/users\/5"}],"replies":[{"embeddable":true,"href":"https:\/\/progresso.com.br\/index.php\/wp-json\/wp\/v2\/comments?post=5119"}],"version-history":[{"count":1,"href":"https:\/\/progresso.com.br\/index.php\/wp-json\/wp\/v2\/posts\/5119\/revisions"}],"predecessor-version":[{"id":5121,"href":"https:\/\/progresso.com.br\/index.php\/wp-json\/wp\/v2\/posts\/5119\/revisions\/5121"}],"wp:featuredmedia":[{"embeddable":true,"href":"https:\/\/progresso.com.br\/index.php\/wp-json\/wp\/v2\/media\/5120"}],"wp:attachment":[{"href":"https:\/\/progresso.com.br\/index.php\/wp-json\/wp\/v2\/media?parent=5119"}],"wp:term":[{"taxonomy":"category","embeddable":true,"href":"https:\/\/progresso.com.br\/index.php\/wp-json\/wp\/v2\/categories?post=5119"},{"taxonomy":"post_tag","embeddable":true,"href":"https:\/\/progresso.com.br\/index.php\/wp-json\/wp\/v2\/tags?post=5119"}],"curies":[{"name":"wp","href":"https:\/\/api.w.org\/{rel}","templated":true}]}}