{"id":5124,"date":"2026-04-29T15:41:16","date_gmt":"2026-04-29T19:41:16","guid":{"rendered":"https:\/\/progresso.com.br\/?p=5124"},"modified":"2026-04-29T15:41:16","modified_gmt":"2026-04-29T19:41:16","slug":"campanha-contra-o-sarampo-visa-evitar-casos-importados-durante-a-copa","status":"publish","type":"post","link":"https:\/\/progresso.com.br\/index.php\/2026\/04\/29\/campanha-contra-o-sarampo-visa-evitar-casos-importados-durante-a-copa\/","title":{"rendered":"Campanha contra o sarampo visa evitar casos importados durante a Copa"},"content":{"rendered":"\n<p><strong><em>EUA, Canad\u00e1 e M\u00e9xico concentram 67% dos casos das Am\u00e9ricas<br><\/em><\/strong><\/p>\n\n\n\n<p>Ag\u00eancia Brasil<\/p>\n\n\n\n<p>Para evitar que as viagens de brasileiros para os jogos da Copa do Mundo se tornem uma brecha para a reintrodu\u00e7\u00e3o do sarampo no Brasil, o Minist\u00e9rio da Sa\u00fade lan\u00e7ou nesta quarta-feira (29) a campanha Vacinar \u00e9 muito Brasil.&nbsp;<\/p>\n\n\n\n<p>A a\u00e7\u00e3o convoca todos os viajantes a atualizarem suas cadernetas antes do embarque para os tr\u00eas pa\u00edses que v\u00e3o receber a competi\u00e7\u00e3o, Estados Unidos, Canad\u00e1 e M\u00e9xico. Juntos, os territ\u00f3rios concentram 67% dos casos de sarampo registrados nas Am\u00e9ricas nos \u00faltimos anos.<\/p>\n\n\n\n<p>Em 2026, at\u00e9 o dia 11 de abril foram confirmadas cerca de 17 mil infec\u00e7\u00f5es nas Am\u00e9ricas, sendo mais de 10 mil no M\u00e9xico, 1792 nos Estados Unidos e 907 no Canad\u00e1. Outro pa\u00eds em surto \u00e9 a Guatemala.<\/p>\n\n\n\n<p>O Brasil mant\u00e9m o status de pa\u00eds livre da doen\u00e7a, reconquistado em 2024, apesar de casos espor\u00e1dicos registrados. Este ano, 3 infec\u00e7\u00f5es foram confirmadas: uma beb\u00ea do estado de S\u00e3o Paulo contaminada na Bol\u00edvia; um homem da Guatemala, que apresentou sintomas tamb\u00e9m em S\u00e3o Paulo; e uma jovem do Rio de Janeiro, que trabalha em um hotel com grande tr\u00e2nsito de turistas internacionais.&nbsp;<\/p>\n\n\n\n<p>Durante o lan\u00e7amento da campanha, na sede do projeto social Gol de Letra, no Rio de Janeiro, o ministro da Sa\u00fade, Alexandre Padilha, esclareceu que o foco \u00e9 nos viajantes internacionais neste momento, considerando o risco que os surtos em outros pa\u00edses representam.&nbsp;<\/p>\n\n\n\n<p>&#8220;Primeiro esse p\u00fablico que est\u00e1 indo para Copa, porque s\u00e3o os tr\u00eas pa\u00edses que t\u00eam explos\u00e3o de casos de sarampo no continente americano&#8221;, ressaltou.<\/p>\n\n\n\n<p>&#8220;E aqui no Brasil a gente est\u00e1 fazendo uma campanha muito intensa com todo mundo que tem contato com turista, trabalhadores de hotel, trabalhadores de restaurantes, de t\u00e1xi, de transporte coletivo. Para continuar com a nossa defesa firme&#8221;, completou.&nbsp;<\/p>\n\n\n\n<p>Imuniza\u00e7\u00e3o<\/p>\n\n\n\n<p>O imunizante contra o sarampo \u00e9 a vacina tr\u00edplice viral, que previne tamb\u00e9m a caxumba e a rub\u00e9ola. No caso de quem vai viajar, o ideal \u00e9 tomar a vacina pelo menos 15 dias antes do embarque, para garantir a chegada com o m\u00e1ximo de prote\u00e7\u00e3o.&nbsp;<\/p>\n\n\n\n<p>H\u00e1 duas semanas, o minist\u00e9rio instituiu outras adapta\u00e7\u00f5es para garantir a prote\u00e7\u00e3o desse p\u00fablico. Os beb\u00eas de 6 meses a 11 meses devem receber a chamada &#8220;dose zero&#8221;, uma vacina extra antes da idade normal de imuniza\u00e7\u00e3o. J\u00e1 pessoas entre 12 meses e 29 anos devem receber duas doses, com intervalo de um m\u00eas entre elas.&nbsp;<\/p>\n\n\n\n<p>Adultos de 30 a 59 anos s\u00f3 precisam de uma dose. Os idosos normalmente n\u00e3o recebem a vacina, porque provavelmente j\u00e1 tiveram contato com o v\u00edrus selvagem ao longo da vida e desenvolveram imunidade. Mas podem ter acesso se forem viajar para as \u00e1reas de risco e estejam bem de sa\u00fade.&nbsp;<\/p>\n\n\n\n<p>Apesar da preocupa\u00e7\u00e3o especial com os viajantes, o ministro da Sa\u00fade salientou que todas as pessoas de 1 a 59 anos que n\u00e3o tiverem comprovante de vacina\u00e7\u00e3o devem procurar uma unidade de sa\u00fade. &#8220;O sarampo \u00e9 o v\u00edrus que mais transmite entre os seres humanos. A vacina \u00e9 para todos os brasileiros&#8221;, ressaltou.&nbsp;<\/p>\n\n\n\n<p>Padilha tamb\u00e9m refor\u00e7ou a seguran\u00e7a do imunizante produzido pela Funda\u00e7\u00e3o Oswaldo Cruz (Fiocruz).<\/p>\n\n\n\n<p>&#8220;Eu sou m\u00e9dico infectologista e sou pai de uma crian\u00e7a de 11 anos anos de idade. Eu n\u00e3o vacinaria minha filha se eu n\u00e3o tivesse confian\u00e7a na qualidade, na seguran\u00e7a e na import\u00e2ncia da vacina contra o sarampo e de todas as vacinas que est\u00e3o no SUS. N\u00f3s estamos vencendo o jogo contra o negacionismo e derrotando a turma da antivacina&#8221;.<\/p>\n\n\n\n<p>O ministro da Sa\u00fade tamb\u00e9m lembrou que o Brasil j\u00e1 havia se tornado \u00e1rea livre da doen\u00e7a em 2016, mas perdeu o certificado de \u00e1rea livre em 2019, ap\u00f3s novos surtos que come\u00e7aram com casos importados.&nbsp;<\/p>\n\n\n\n<p>&#8220;Porque come\u00e7ou a ter campanha contra a vacina, teve corte nos investimentos na \u00e1rea da sa\u00fade, redu\u00e7\u00e3o das coberturas vacinais, e s\u00f3 recuperamos em 2023. O sarampo \u00e9 uma doen\u00e7a que pode progredir como uma esp\u00e9cie de pneumonia e gerar interna\u00e7\u00e3o e \u00f3bito, como n\u00f3s tivemos quando voltou a ter surto no Brasil&#8221;, alertou.<\/p>\n","protected":false},"excerpt":{"rendered":"<p>EUA, Canad\u00e1 e M\u00e9xico concentram 67% dos casos das Am\u00e9ricas Ag\u00eancia Brasil Para evitar que as viagens de brasileiros para os jogos da Copa do Mundo se tornem uma brecha para a reintrodu\u00e7\u00e3o do sarampo no Brasil, o Minist\u00e9rio da Sa\u00fade lan\u00e7ou nesta quarta-feira (29) a campanha Vacinar \u00e9 muito Brasil.&nbsp; A a\u00e7\u00e3o convoca todos [&hellip;]<\/p>\n","protected":false},"author":5,"featured_media":5125,"comment_status":"open","ping_status":"open","sticky":false,"template":"","format":"standard","meta":{"footnotes":""},"categories":[30,13],"tags":[],"class_list":["post-5124","post","type-post","status-publish","format-standard","has-post-thumbnail","hentry","category-brasil","category-cotidiano"],"yoast_head":"<!-- This site is optimized with the Yoast SEO plugin v27.1.1 - https:\/\/yoast.com\/product\/yoast-seo-wordpress\/ -->\n<title>Campanha contra o sarampo visa evitar casos importados durante a Copa - O PROGRESSO<\/title>\n<meta name=\"robots\" content=\"index, follow, max-snippet:-1, max-image-preview:large, max-video-preview:-1\" \/>\n<link rel=\"canonical\" href=\"https:\/\/progresso.com.br\/index.php\/2026\/04\/29\/campanha-contra-o-sarampo-visa-evitar-casos-importados-durante-a-copa\/\" \/>\n<meta property=\"og:locale\" content=\"pt_BR\" \/>\n<meta property=\"og:type\" content=\"article\" \/>\n<meta property=\"og:title\" content=\"Campanha contra o sarampo visa evitar casos importados durante a Copa - O PROGRESSO\" \/>\n<meta property=\"og:description\" content=\"EUA, Canad\u00e1 e M\u00e9xico concentram 67% dos casos das Am\u00e9ricas Ag\u00eancia Brasil Para evitar que as viagens de brasileiros para os jogos da Copa do Mundo se tornem uma brecha para a reintrodu\u00e7\u00e3o do sarampo no Brasil, o Minist\u00e9rio da Sa\u00fade lan\u00e7ou nesta quarta-feira (29) a campanha Vacinar \u00e9 muito Brasil.&nbsp; A a\u00e7\u00e3o convoca todos [&hellip;]\" \/>\n<meta property=\"og:url\" content=\"https:\/\/progresso.com.br\/index.php\/2026\/04\/29\/campanha-contra-o-sarampo-visa-evitar-casos-importados-durante-a-copa\/\" \/>\n<meta property=\"og:site_name\" content=\"O PROGRESSO\" \/>\n<meta property=\"article:publisher\" content=\"https:\/\/www.facebook.com\/share\/1CeoksKBj6\/\" \/>\n<meta property=\"article:published_time\" content=\"2026-04-29T19:41:16+00:00\" \/>\n<meta property=\"og:image\" content=\"https:\/\/progresso.com.br\/wp-content\/uploads\/2026\/04\/Vacina-Sarampo-2904.jpg\" \/>\n\t<meta property=\"og:image:width\" content=\"1170\" \/>\n\t<meta property=\"og:image:height\" content=\"700\" \/>\n\t<meta property=\"og:image:type\" content=\"image\/jpeg\" \/>\n<meta name=\"author\" content=\"Rog\u00e9rio Vidmantas\" \/>\n<meta name=\"twitter:card\" content=\"summary_large_image\" \/>\n<meta name=\"twitter:label1\" content=\"Escrito por\" \/>\n\t<meta name=\"twitter:data1\" content=\"Rog\u00e9rio Vidmantas\" \/>\n\t<meta name=\"twitter:label2\" content=\"Est. tempo de leitura\" \/>\n\t<meta name=\"twitter:data2\" content=\"4 minutos\" \/>\n<script type=\"application\/ld+json\" class=\"yoast-schema-graph\">{\"@context\":\"https:\/\/schema.org\",\"@graph\":[{\"@type\":\"Article\",\"@id\":\"https:\/\/progresso.com.br\/index.php\/2026\/04\/29\/campanha-contra-o-sarampo-visa-evitar-casos-importados-durante-a-copa\/#article\",\"isPartOf\":{\"@id\":\"https:\/\/progresso.com.br\/index.php\/2026\/04\/29\/campanha-contra-o-sarampo-visa-evitar-casos-importados-durante-a-copa\/\"},\"author\":{\"name\":\"Rog\u00e9rio Vidmantas\",\"@id\":\"https:\/\/progresso.com.br\/#\/schema\/person\/471791cc575a7e23811d1070fa9d20ee\"},\"headline\":\"Campanha contra o sarampo visa evitar casos importados durante a Copa\",\"datePublished\":\"2026-04-29T19:41:16+00:00\",\"mainEntityOfPage\":{\"@id\":\"https:\/\/progresso.com.br\/index.php\/2026\/04\/29\/campanha-contra-o-sarampo-visa-evitar-casos-importados-durante-a-copa\/\"},\"wordCount\":746,\"commentCount\":0,\"publisher\":{\"@id\":\"https:\/\/progresso.com.br\/#organization\"},\"image\":{\"@id\":\"https:\/\/progresso.com.br\/index.php\/2026\/04\/29\/campanha-contra-o-sarampo-visa-evitar-casos-importados-durante-a-copa\/#primaryimage\"},\"thumbnailUrl\":\"https:\/\/progresso.com.br\/wp-content\/uploads\/2026\/04\/Vacina-Sarampo-2904.jpg\",\"articleSection\":[\"Brasil\",\"Cotidiano\"],\"inLanguage\":\"pt-BR\",\"potentialAction\":[{\"@type\":\"CommentAction\",\"name\":\"Comment\",\"target\":[\"https:\/\/progresso.com.br\/index.php\/2026\/04\/29\/campanha-contra-o-sarampo-visa-evitar-casos-importados-durante-a-copa\/#respond\"]}]},{\"@type\":\"WebPage\",\"@id\":\"https:\/\/progresso.com.br\/index.php\/2026\/04\/29\/campanha-contra-o-sarampo-visa-evitar-casos-importados-durante-a-copa\/\",\"url\":\"https:\/\/progresso.com.br\/index.php\/2026\/04\/29\/campanha-contra-o-sarampo-visa-evitar-casos-importados-durante-a-copa\/\",\"name\":\"Campanha contra o sarampo visa evitar casos importados durante a Copa - O PROGRESSO\",\"isPartOf\":{\"@id\":\"https:\/\/progresso.com.br\/#website\"},\"primaryImageOfPage\":{\"@id\":\"https:\/\/progresso.com.br\/index.php\/2026\/04\/29\/campanha-contra-o-sarampo-visa-evitar-casos-importados-durante-a-copa\/#primaryimage\"},\"image\":{\"@id\":\"https:\/\/progresso.com.br\/index.php\/2026\/04\/29\/campanha-contra-o-sarampo-visa-evitar-casos-importados-durante-a-copa\/#primaryimage\"},\"thumbnailUrl\":\"https:\/\/progresso.com.br\/wp-content\/uploads\/2026\/04\/Vacina-Sarampo-2904.jpg\",\"datePublished\":\"2026-04-29T19:41:16+00:00\",\"breadcrumb\":{\"@id\":\"https:\/\/progresso.com.br\/index.php\/2026\/04\/29\/campanha-contra-o-sarampo-visa-evitar-casos-importados-durante-a-copa\/#breadcrumb\"},\"inLanguage\":\"pt-BR\",\"potentialAction\":[{\"@type\":\"ReadAction\",\"target\":[\"https:\/\/progresso.com.br\/index.php\/2026\/04\/29\/campanha-contra-o-sarampo-visa-evitar-casos-importados-durante-a-copa\/\"]}]},{\"@type\":\"ImageObject\",\"inLanguage\":\"pt-BR\",\"@id\":\"https:\/\/progresso.com.br\/index.php\/2026\/04\/29\/campanha-contra-o-sarampo-visa-evitar-casos-importados-durante-a-copa\/#primaryimage\",\"url\":\"https:\/\/progresso.com.br\/wp-content\/uploads\/2026\/04\/Vacina-Sarampo-2904.jpg\",\"contentUrl\":\"https:\/\/progresso.com.br\/wp-content\/uploads\/2026\/04\/Vacina-Sarampo-2904.jpg\",\"width\":1170,\"height\":700,\"caption\":\"Ex-jogador Rai foi vacinado pelo ministro da Sa\u00fade, Alexandre Padilha (Foto: Rafael Nascimento\/MS)\"},{\"@type\":\"BreadcrumbList\",\"@id\":\"https:\/\/progresso.com.br\/index.php\/2026\/04\/29\/campanha-contra-o-sarampo-visa-evitar-casos-importados-durante-a-copa\/#breadcrumb\",\"itemListElement\":[{\"@type\":\"ListItem\",\"position\":1,\"name\":\"In\u00edcio\",\"item\":\"https:\/\/progresso.com.br\/\"},{\"@type\":\"ListItem\",\"position\":2,\"name\":\"Campanha contra o sarampo visa evitar casos importados durante a Copa\"}]},{\"@type\":\"WebSite\",\"@id\":\"https:\/\/progresso.com.br\/#website\",\"url\":\"https:\/\/progresso.com.br\/\",\"name\":\"O PROGRESSO\",\"description\":\"\",\"publisher\":{\"@id\":\"https:\/\/progresso.com.br\/#organization\"},\"potentialAction\":[{\"@type\":\"SearchAction\",\"target\":{\"@type\":\"EntryPoint\",\"urlTemplate\":\"https:\/\/progresso.com.br\/?s={search_term_string}\"},\"query-input\":{\"@type\":\"PropertyValueSpecification\",\"valueRequired\":true,\"valueName\":\"search_term_string\"}}],\"inLanguage\":\"pt-BR\"},{\"@type\":\"Organization\",\"@id\":\"https:\/\/progresso.com.br\/#organization\",\"name\":\"O PROGRESSO\",\"url\":\"https:\/\/progresso.com.br\/\",\"logo\":{\"@type\":\"ImageObject\",\"inLanguage\":\"pt-BR\",\"@id\":\"https:\/\/progresso.com.br\/#\/schema\/logo\/image\/\",\"url\":\"https:\/\/progresso.com.br\/wp-content\/uploads\/2026\/03\/logo_proog.jpg\",\"contentUrl\":\"https:\/\/progresso.com.br\/wp-content\/uploads\/2026\/03\/logo_proog.jpg\",\"width\":1960,\"height\":1080,\"caption\":\"O PROGRESSO\"},\"image\":{\"@id\":\"https:\/\/progresso.com.br\/#\/schema\/logo\/image\/\"},\"sameAs\":[\"https:\/\/www.facebook.com\/share\/1CeoksKBj6\/\",\"https:\/\/www.instagram.com\/oprogresso_digital\"]},{\"@type\":\"Person\",\"@id\":\"https:\/\/progresso.com.br\/#\/schema\/person\/471791cc575a7e23811d1070fa9d20ee\",\"name\":\"Rog\u00e9rio Vidmantas\",\"image\":{\"@type\":\"ImageObject\",\"inLanguage\":\"pt-BR\",\"@id\":\"https:\/\/progresso.com.br\/#\/schema\/person\/image\/\",\"url\":\"https:\/\/secure.gravatar.com\/avatar\/10a86aae4992f407879fa7e12fb476cdff79509ad9ec42967d62b4fbcee7c57b?s=96&d=mm&r=g\",\"contentUrl\":\"https:\/\/secure.gravatar.com\/avatar\/10a86aae4992f407879fa7e12fb476cdff79509ad9ec42967d62b4fbcee7c57b?s=96&d=mm&r=g\",\"caption\":\"Rog\u00e9rio Vidmantas\"},\"url\":\"https:\/\/progresso.com.br\/index.php\/author\/vidmantas\/\"}]}<\/script>\n<!-- \/ Yoast SEO plugin. -->","yoast_head_json":{"title":"Campanha contra o sarampo visa evitar casos importados durante a Copa - O PROGRESSO","robots":{"index":"index","follow":"follow","max-snippet":"max-snippet:-1","max-image-preview":"max-image-preview:large","max-video-preview":"max-video-preview:-1"},"canonical":"https:\/\/progresso.com.br\/index.php\/2026\/04\/29\/campanha-contra-o-sarampo-visa-evitar-casos-importados-durante-a-copa\/","og_locale":"pt_BR","og_type":"article","og_title":"Campanha contra o sarampo visa evitar casos importados durante a Copa - O PROGRESSO","og_description":"EUA, Canad\u00e1 e M\u00e9xico concentram 67% dos casos das Am\u00e9ricas Ag\u00eancia Brasil Para evitar que as viagens de brasileiros para os jogos da Copa do Mundo se tornem uma brecha para a reintrodu\u00e7\u00e3o do sarampo no Brasil, o Minist\u00e9rio da Sa\u00fade lan\u00e7ou nesta quarta-feira (29) a campanha Vacinar \u00e9 muito Brasil.&nbsp; A a\u00e7\u00e3o convoca todos [&hellip;]","og_url":"https:\/\/progresso.com.br\/index.php\/2026\/04\/29\/campanha-contra-o-sarampo-visa-evitar-casos-importados-durante-a-copa\/","og_site_name":"O PROGRESSO","article_publisher":"https:\/\/www.facebook.com\/share\/1CeoksKBj6\/","article_published_time":"2026-04-29T19:41:16+00:00","og_image":[{"width":1170,"height":700,"url":"https:\/\/progresso.com.br\/wp-content\/uploads\/2026\/04\/Vacina-Sarampo-2904.jpg","type":"image\/jpeg"}],"author":"Rog\u00e9rio Vidmantas","twitter_card":"summary_large_image","twitter_misc":{"Escrito por":"Rog\u00e9rio Vidmantas","Est. tempo de leitura":"4 minutos"},"schema":{"@context":"https:\/\/schema.org","@graph":[{"@type":"Article","@id":"https:\/\/progresso.com.br\/index.php\/2026\/04\/29\/campanha-contra-o-sarampo-visa-evitar-casos-importados-durante-a-copa\/#article","isPartOf":{"@id":"https:\/\/progresso.com.br\/index.php\/2026\/04\/29\/campanha-contra-o-sarampo-visa-evitar-casos-importados-durante-a-copa\/"},"author":{"name":"Rog\u00e9rio Vidmantas","@id":"https:\/\/progresso.com.br\/#\/schema\/person\/471791cc575a7e23811d1070fa9d20ee"},"headline":"Campanha contra o sarampo visa evitar casos importados durante a Copa","datePublished":"2026-04-29T19:41:16+00:00","mainEntityOfPage":{"@id":"https:\/\/progresso.com.br\/index.php\/2026\/04\/29\/campanha-contra-o-sarampo-visa-evitar-casos-importados-durante-a-copa\/"},"wordCount":746,"commentCount":0,"publisher":{"@id":"https:\/\/progresso.com.br\/#organization"},"image":{"@id":"https:\/\/progresso.com.br\/index.php\/2026\/04\/29\/campanha-contra-o-sarampo-visa-evitar-casos-importados-durante-a-copa\/#primaryimage"},"thumbnailUrl":"https:\/\/progresso.com.br\/wp-content\/uploads\/2026\/04\/Vacina-Sarampo-2904.jpg","articleSection":["Brasil","Cotidiano"],"inLanguage":"pt-BR","potentialAction":[{"@type":"CommentAction","name":"Comment","target":["https:\/\/progresso.com.br\/index.php\/2026\/04\/29\/campanha-contra-o-sarampo-visa-evitar-casos-importados-durante-a-copa\/#respond"]}]},{"@type":"WebPage","@id":"https:\/\/progresso.com.br\/index.php\/2026\/04\/29\/campanha-contra-o-sarampo-visa-evitar-casos-importados-durante-a-copa\/","url":"https:\/\/progresso.com.br\/index.php\/2026\/04\/29\/campanha-contra-o-sarampo-visa-evitar-casos-importados-durante-a-copa\/","name":"Campanha contra o sarampo visa evitar casos importados durante a Copa - O PROGRESSO","isPartOf":{"@id":"https:\/\/progresso.com.br\/#website"},"primaryImageOfPage":{"@id":"https:\/\/progresso.com.br\/index.php\/2026\/04\/29\/campanha-contra-o-sarampo-visa-evitar-casos-importados-durante-a-copa\/#primaryimage"},"image":{"@id":"https:\/\/progresso.com.br\/index.php\/2026\/04\/29\/campanha-contra-o-sarampo-visa-evitar-casos-importados-durante-a-copa\/#primaryimage"},"thumbnailUrl":"https:\/\/progresso.com.br\/wp-content\/uploads\/2026\/04\/Vacina-Sarampo-2904.jpg","datePublished":"2026-04-29T19:41:16+00:00","breadcrumb":{"@id":"https:\/\/progresso.com.br\/index.php\/2026\/04\/29\/campanha-contra-o-sarampo-visa-evitar-casos-importados-durante-a-copa\/#breadcrumb"},"inLanguage":"pt-BR","potentialAction":[{"@type":"ReadAction","target":["https:\/\/progresso.com.br\/index.php\/2026\/04\/29\/campanha-contra-o-sarampo-visa-evitar-casos-importados-durante-a-copa\/"]}]},{"@type":"ImageObject","inLanguage":"pt-BR","@id":"https:\/\/progresso.com.br\/index.php\/2026\/04\/29\/campanha-contra-o-sarampo-visa-evitar-casos-importados-durante-a-copa\/#primaryimage","url":"https:\/\/progresso.com.br\/wp-content\/uploads\/2026\/04\/Vacina-Sarampo-2904.jpg","contentUrl":"https:\/\/progresso.com.br\/wp-content\/uploads\/2026\/04\/Vacina-Sarampo-2904.jpg","width":1170,"height":700,"caption":"Ex-jogador Rai foi vacinado pelo ministro da Sa\u00fade, Alexandre Padilha (Foto: Rafael Nascimento\/MS)"},{"@type":"BreadcrumbList","@id":"https:\/\/progresso.com.br\/index.php\/2026\/04\/29\/campanha-contra-o-sarampo-visa-evitar-casos-importados-durante-a-copa\/#breadcrumb","itemListElement":[{"@type":"ListItem","position":1,"name":"In\u00edcio","item":"https:\/\/progresso.com.br\/"},{"@type":"ListItem","position":2,"name":"Campanha contra o sarampo visa evitar casos importados durante a Copa"}]},{"@type":"WebSite","@id":"https:\/\/progresso.com.br\/#website","url":"https:\/\/progresso.com.br\/","name":"O PROGRESSO","description":"","publisher":{"@id":"https:\/\/progresso.com.br\/#organization"},"potentialAction":[{"@type":"SearchAction","target":{"@type":"EntryPoint","urlTemplate":"https:\/\/progresso.com.br\/?s={search_term_string}"},"query-input":{"@type":"PropertyValueSpecification","valueRequired":true,"valueName":"search_term_string"}}],"inLanguage":"pt-BR"},{"@type":"Organization","@id":"https:\/\/progresso.com.br\/#organization","name":"O PROGRESSO","url":"https:\/\/progresso.com.br\/","logo":{"@type":"ImageObject","inLanguage":"pt-BR","@id":"https:\/\/progresso.com.br\/#\/schema\/logo\/image\/","url":"https:\/\/progresso.com.br\/wp-content\/uploads\/2026\/03\/logo_proog.jpg","contentUrl":"https:\/\/progresso.com.br\/wp-content\/uploads\/2026\/03\/logo_proog.jpg","width":1960,"height":1080,"caption":"O PROGRESSO"},"image":{"@id":"https:\/\/progresso.com.br\/#\/schema\/logo\/image\/"},"sameAs":["https:\/\/www.facebook.com\/share\/1CeoksKBj6\/","https:\/\/www.instagram.com\/oprogresso_digital"]},{"@type":"Person","@id":"https:\/\/progresso.com.br\/#\/schema\/person\/471791cc575a7e23811d1070fa9d20ee","name":"Rog\u00e9rio Vidmantas","image":{"@type":"ImageObject","inLanguage":"pt-BR","@id":"https:\/\/progresso.com.br\/#\/schema\/person\/image\/","url":"https:\/\/secure.gravatar.com\/avatar\/10a86aae4992f407879fa7e12fb476cdff79509ad9ec42967d62b4fbcee7c57b?s=96&d=mm&r=g","contentUrl":"https:\/\/secure.gravatar.com\/avatar\/10a86aae4992f407879fa7e12fb476cdff79509ad9ec42967d62b4fbcee7c57b?s=96&d=mm&r=g","caption":"Rog\u00e9rio Vidmantas"},"url":"https:\/\/progresso.com.br\/index.php\/author\/vidmantas\/"}]}},"_links":{"self":[{"href":"https:\/\/progresso.com.br\/index.php\/wp-json\/wp\/v2\/posts\/5124","targetHints":{"allow":["GET"]}}],"collection":[{"href":"https:\/\/progresso.com.br\/index.php\/wp-json\/wp\/v2\/posts"}],"about":[{"href":"https:\/\/progresso.com.br\/index.php\/wp-json\/wp\/v2\/types\/post"}],"author":[{"embeddable":true,"href":"https:\/\/progresso.com.br\/index.php\/wp-json\/wp\/v2\/users\/5"}],"replies":[{"embeddable":true,"href":"https:\/\/progresso.com.br\/index.php\/wp-json\/wp\/v2\/comments?post=5124"}],"version-history":[{"count":1,"href":"https:\/\/progresso.com.br\/index.php\/wp-json\/wp\/v2\/posts\/5124\/revisions"}],"predecessor-version":[{"id":5126,"href":"https:\/\/progresso.com.br\/index.php\/wp-json\/wp\/v2\/posts\/5124\/revisions\/5126"}],"wp:featuredmedia":[{"embeddable":true,"href":"https:\/\/progresso.com.br\/index.php\/wp-json\/wp\/v2\/media\/5125"}],"wp:attachment":[{"href":"https:\/\/progresso.com.br\/index.php\/wp-json\/wp\/v2\/media?parent=5124"}],"wp:term":[{"taxonomy":"category","embeddable":true,"href":"https:\/\/progresso.com.br\/index.php\/wp-json\/wp\/v2\/categories?post=5124"},{"taxonomy":"post_tag","embeddable":true,"href":"https:\/\/progresso.com.br\/index.php\/wp-json\/wp\/v2\/tags?post=5124"}],"curies":[{"name":"wp","href":"https:\/\/api.w.org\/{rel}","templated":true}]}}