{"id":5129,"date":"2026-04-29T16:01:00","date_gmt":"2026-04-29T20:01:00","guid":{"rendered":"https:\/\/progresso.com.br\/?p=5129"},"modified":"2026-04-29T16:05:07","modified_gmt":"2026-04-29T20:05:07","slug":"sebrae-leva-oficina-presencial-de-inteligencia-artificial-para-seis-municipios-de-ms","status":"publish","type":"post","link":"https:\/\/progresso.com.br\/index.php\/2026\/04\/29\/sebrae-leva-oficina-presencial-de-inteligencia-artificial-para-seis-municipios-de-ms\/","title":{"rendered":"Sebrae leva oficina presencial de Intelig\u00eancia Artificial para seis munic\u00edpios de MS"},"content":{"rendered":"\n<p><strong><em>Capacita\u00e7\u00e3o gratuita ensina empreendedores a usarem ferramentas como aliadas no dia a dia da gest\u00e3o do neg\u00f3cio<br><\/em><\/strong><\/p>\n\n\n\n<p><em>Portal Sebrae<\/em><\/p>\n\n\n\n<p>Para ajudar os empreendedores sul-mato-grossenses a usarem a tecnologia como aliada do neg\u00f3cio, o Sebrae\/MS realiza, em maio e junho, a Trilha Intelig\u00eancia Artificial Aplicada \u00e0s Micro e Pequenas Empresas. Com o foco no uso pr\u00e1tico de ferramentas, como o ChatGPT, em processos de gest\u00e3o, marketing, vendas e atendimento ao cliente, a capacita\u00e7\u00e3o \u00e9 presencial e gratuita. A a\u00e7\u00e3o integra o Destrava IA, conjunto de solu\u00e7\u00f5es do Sebrae\/MS voltadas a levar conhecimento sobre o uso da Intelig\u00eancia Artificial aos pequenos neg\u00f3cios.<\/p>\n\n\n\n<p>Com a carga hor\u00e1ria de 12 horas, a trilha ser\u00e1 realizada em seis munic\u00edpios do estado. Em Corumb\u00e1, as atividades acontecem de 4 a 8 de maio. Em Tr\u00eas Lagoas e Ponta Por\u00e3, de 11 a 14 de maio. Em Campo Grande e Coxim, de 18 a 22 de maio e de 18 a 21 de maio, respectivamente. E em Bonito, de 15 a 19 de junho. As inscri\u00e7\u00f5es j\u00e1 est\u00e3o abertas e podem ser feitas de forma online por meio do link ms.loja.sebrae.com.br\/destrava.<\/p>\n\n\n\n<p>Durante a capacita\u00e7\u00e3o, os participantes aprender\u00e3o a organizar e interpretar dados do pr\u00f3prio neg\u00f3cio, criar conte\u00fados e campanhas para as redes sociais, estruturar processos de vendas e atendimento e usar a IA como apoio \u00e0 tomada de decis\u00f5es. Ao longo das aulas, cada empres\u00e1rio desenvolve materiais a partir da realidade da sua pr\u00f3pria empresa, como roteiros de venda, e-mails promocionais, posts estrat\u00e9gicos e scripts de atendimento, e sai da trilha com modelos de prompts prontos e adapt\u00e1veis para usar no dia a dia.<\/p>\n\n\n\n<p>A proposta \u00e9 ajudar o empreendedor a aumentar a produtividade e os resultados da empresa. Com o uso do ChatGPT, \u00e9 poss\u00edvel reduzir o tempo gasto na produ\u00e7\u00e3o de conte\u00fado, melhorar a comunica\u00e7\u00e3o com os clientes e tornar a empresa mais competitiva. Para participar, basta ter um computador e criar uma conta gratuita no ChatGPT.<\/p>\n\n\n\n<p>Al\u00e9m da trilha presencial, o Sebrae\/MS disponibiliza outras solu\u00e7\u00f5es gratuitas voltadas ao uso da Intelig\u00eancia Artificial pelos pequenos neg\u00f3cios. Na p\u00e1gina mkt.sebrae.ms\/destrava, o empreendedor encontra v\u00eddeos, cursos online e materiais educativos. Mais informa\u00e7\u00f5es sobre as a\u00e7\u00f5es de capacita\u00e7\u00e3o do Sebrae\/MS podem ser obtidas pelo n\u00famero 0800 570 0800 ou pelo site ms.sebrae.com.br.<\/p>\n","protected":false},"excerpt":{"rendered":"<p>Capacita\u00e7\u00e3o gratuita ensina empreendedores a usarem ferramentas como aliadas no dia a dia da gest\u00e3o do neg\u00f3cio Portal Sebrae Para ajudar os empreendedores sul-mato-grossenses a usarem a tecnologia como aliada do neg\u00f3cio, o Sebrae\/MS realiza, em maio e junho, a Trilha Intelig\u00eancia Artificial Aplicada \u00e0s Micro e Pequenas Empresas. Com o foco no uso pr\u00e1tico [&hellip;]<\/p>\n","protected":false},"author":5,"featured_media":5130,"comment_status":"open","ping_status":"open","sticky":false,"template":"","format":"standard","meta":{"footnotes":""},"categories":[13,10],"tags":[],"class_list":["post-5129","post","type-post","status-publish","format-standard","has-post-thumbnail","hentry","category-cotidiano","category-economia"],"yoast_head":"<!-- This site is optimized with the Yoast SEO plugin v27.1.1 - https:\/\/yoast.com\/product\/yoast-seo-wordpress\/ -->\n<title>Sebrae leva oficina presencial de Intelig\u00eancia Artificial para seis munic\u00edpios de MS - O PROGRESSO<\/title>\n<meta name=\"robots\" content=\"index, follow, max-snippet:-1, max-image-preview:large, max-video-preview:-1\" \/>\n<link rel=\"canonical\" href=\"https:\/\/progresso.com.br\/index.php\/2026\/04\/29\/sebrae-leva-oficina-presencial-de-inteligencia-artificial-para-seis-municipios-de-ms\/\" \/>\n<meta property=\"og:locale\" content=\"pt_BR\" \/>\n<meta property=\"og:type\" content=\"article\" \/>\n<meta property=\"og:title\" content=\"Sebrae leva oficina presencial de Intelig\u00eancia Artificial para seis munic\u00edpios de MS - O PROGRESSO\" \/>\n<meta property=\"og:description\" content=\"Capacita\u00e7\u00e3o gratuita ensina empreendedores a usarem ferramentas como aliadas no dia a dia da gest\u00e3o do neg\u00f3cio Portal Sebrae Para ajudar os empreendedores sul-mato-grossenses a usarem a tecnologia como aliada do neg\u00f3cio, o Sebrae\/MS realiza, em maio e junho, a Trilha Intelig\u00eancia Artificial Aplicada \u00e0s Micro e Pequenas Empresas. Com o foco no uso pr\u00e1tico [&hellip;]\" \/>\n<meta property=\"og:url\" content=\"https:\/\/progresso.com.br\/index.php\/2026\/04\/29\/sebrae-leva-oficina-presencial-de-inteligencia-artificial-para-seis-municipios-de-ms\/\" \/>\n<meta property=\"og:site_name\" content=\"O PROGRESSO\" \/>\n<meta property=\"article:publisher\" content=\"https:\/\/www.facebook.com\/share\/1CeoksKBj6\/\" \/>\n<meta property=\"article:published_time\" content=\"2026-04-29T20:01:00+00:00\" \/>\n<meta property=\"article:modified_time\" content=\"2026-04-29T20:05:07+00:00\" \/>\n<meta property=\"og:image\" content=\"https:\/\/progresso.com.br\/wp-content\/uploads\/2026\/04\/BANNER-ASN-Jornada-Presencial-Palestrantes-Destrava-IA-1_p21549_cover_image_resized.png\" \/>\n\t<meta property=\"og:image:width\" content=\"814\" \/>\n\t<meta property=\"og:image:height\" content=\"492\" \/>\n\t<meta property=\"og:image:type\" content=\"image\/png\" \/>\n<meta name=\"author\" content=\"Rog\u00e9rio Vidmantas\" \/>\n<meta name=\"twitter:card\" content=\"summary_large_image\" \/>\n<meta name=\"twitter:label1\" content=\"Escrito por\" \/>\n\t<meta name=\"twitter:data1\" content=\"Rog\u00e9rio Vidmantas\" \/>\n\t<meta name=\"twitter:label2\" content=\"Est. tempo de leitura\" \/>\n\t<meta name=\"twitter:data2\" content=\"3 minutos\" \/>\n<script type=\"application\/ld+json\" class=\"yoast-schema-graph\">{\"@context\":\"https:\/\/schema.org\",\"@graph\":[{\"@type\":\"Article\",\"@id\":\"https:\/\/progresso.com.br\/index.php\/2026\/04\/29\/sebrae-leva-oficina-presencial-de-inteligencia-artificial-para-seis-municipios-de-ms\/#article\",\"isPartOf\":{\"@id\":\"https:\/\/progresso.com.br\/index.php\/2026\/04\/29\/sebrae-leva-oficina-presencial-de-inteligencia-artificial-para-seis-municipios-de-ms\/\"},\"author\":{\"name\":\"Rog\u00e9rio Vidmantas\",\"@id\":\"https:\/\/progresso.com.br\/#\/schema\/person\/471791cc575a7e23811d1070fa9d20ee\"},\"headline\":\"Sebrae leva oficina presencial de Intelig\u00eancia Artificial para seis munic\u00edpios de MS\",\"datePublished\":\"2026-04-29T20:01:00+00:00\",\"dateModified\":\"2026-04-29T20:05:07+00:00\",\"mainEntityOfPage\":{\"@id\":\"https:\/\/progresso.com.br\/index.php\/2026\/04\/29\/sebrae-leva-oficina-presencial-de-inteligencia-artificial-para-seis-municipios-de-ms\/\"},\"wordCount\":426,\"commentCount\":0,\"publisher\":{\"@id\":\"https:\/\/progresso.com.br\/#organization\"},\"image\":{\"@id\":\"https:\/\/progresso.com.br\/index.php\/2026\/04\/29\/sebrae-leva-oficina-presencial-de-inteligencia-artificial-para-seis-municipios-de-ms\/#primaryimage\"},\"thumbnailUrl\":\"https:\/\/progresso.com.br\/wp-content\/uploads\/2026\/04\/BANNER-ASN-Jornada-Presencial-Palestrantes-Destrava-IA-1_p21549_cover_image_resized.png\",\"articleSection\":[\"Cotidiano\",\"Economia\"],\"inLanguage\":\"pt-BR\",\"potentialAction\":[{\"@type\":\"CommentAction\",\"name\":\"Comment\",\"target\":[\"https:\/\/progresso.com.br\/index.php\/2026\/04\/29\/sebrae-leva-oficina-presencial-de-inteligencia-artificial-para-seis-municipios-de-ms\/#respond\"]}]},{\"@type\":\"WebPage\",\"@id\":\"https:\/\/progresso.com.br\/index.php\/2026\/04\/29\/sebrae-leva-oficina-presencial-de-inteligencia-artificial-para-seis-municipios-de-ms\/\",\"url\":\"https:\/\/progresso.com.br\/index.php\/2026\/04\/29\/sebrae-leva-oficina-presencial-de-inteligencia-artificial-para-seis-municipios-de-ms\/\",\"name\":\"Sebrae leva oficina presencial de Intelig\u00eancia Artificial para seis munic\u00edpios de MS - O PROGRESSO\",\"isPartOf\":{\"@id\":\"https:\/\/progresso.com.br\/#website\"},\"primaryImageOfPage\":{\"@id\":\"https:\/\/progresso.com.br\/index.php\/2026\/04\/29\/sebrae-leva-oficina-presencial-de-inteligencia-artificial-para-seis-municipios-de-ms\/#primaryimage\"},\"image\":{\"@id\":\"https:\/\/progresso.com.br\/index.php\/2026\/04\/29\/sebrae-leva-oficina-presencial-de-inteligencia-artificial-para-seis-municipios-de-ms\/#primaryimage\"},\"thumbnailUrl\":\"https:\/\/progresso.com.br\/wp-content\/uploads\/2026\/04\/BANNER-ASN-Jornada-Presencial-Palestrantes-Destrava-IA-1_p21549_cover_image_resized.png\",\"datePublished\":\"2026-04-29T20:01:00+00:00\",\"dateModified\":\"2026-04-29T20:05:07+00:00\",\"breadcrumb\":{\"@id\":\"https:\/\/progresso.com.br\/index.php\/2026\/04\/29\/sebrae-leva-oficina-presencial-de-inteligencia-artificial-para-seis-municipios-de-ms\/#breadcrumb\"},\"inLanguage\":\"pt-BR\",\"potentialAction\":[{\"@type\":\"ReadAction\",\"target\":[\"https:\/\/progresso.com.br\/index.php\/2026\/04\/29\/sebrae-leva-oficina-presencial-de-inteligencia-artificial-para-seis-municipios-de-ms\/\"]}]},{\"@type\":\"ImageObject\",\"inLanguage\":\"pt-BR\",\"@id\":\"https:\/\/progresso.com.br\/index.php\/2026\/04\/29\/sebrae-leva-oficina-presencial-de-inteligencia-artificial-para-seis-municipios-de-ms\/#primaryimage\",\"url\":\"https:\/\/progresso.com.br\/wp-content\/uploads\/2026\/04\/BANNER-ASN-Jornada-Presencial-Palestrantes-Destrava-IA-1_p21549_cover_image_resized.png\",\"contentUrl\":\"https:\/\/progresso.com.br\/wp-content\/uploads\/2026\/04\/BANNER-ASN-Jornada-Presencial-Palestrantes-Destrava-IA-1_p21549_cover_image_resized.png\",\"width\":814,\"height\":492,\"caption\":\"Arte: Sebrae\"},{\"@type\":\"BreadcrumbList\",\"@id\":\"https:\/\/progresso.com.br\/index.php\/2026\/04\/29\/sebrae-leva-oficina-presencial-de-inteligencia-artificial-para-seis-municipios-de-ms\/#breadcrumb\",\"itemListElement\":[{\"@type\":\"ListItem\",\"position\":1,\"name\":\"In\u00edcio\",\"item\":\"https:\/\/progresso.com.br\/\"},{\"@type\":\"ListItem\",\"position\":2,\"name\":\"Sebrae leva oficina presencial de Intelig\u00eancia Artificial para seis munic\u00edpios de MS\"}]},{\"@type\":\"WebSite\",\"@id\":\"https:\/\/progresso.com.br\/#website\",\"url\":\"https:\/\/progresso.com.br\/\",\"name\":\"O PROGRESSO\",\"description\":\"\",\"publisher\":{\"@id\":\"https:\/\/progresso.com.br\/#organization\"},\"potentialAction\":[{\"@type\":\"SearchAction\",\"target\":{\"@type\":\"EntryPoint\",\"urlTemplate\":\"https:\/\/progresso.com.br\/?s={search_term_string}\"},\"query-input\":{\"@type\":\"PropertyValueSpecification\",\"valueRequired\":true,\"valueName\":\"search_term_string\"}}],\"inLanguage\":\"pt-BR\"},{\"@type\":\"Organization\",\"@id\":\"https:\/\/progresso.com.br\/#organization\",\"name\":\"O PROGRESSO\",\"url\":\"https:\/\/progresso.com.br\/\",\"logo\":{\"@type\":\"ImageObject\",\"inLanguage\":\"pt-BR\",\"@id\":\"https:\/\/progresso.com.br\/#\/schema\/logo\/image\/\",\"url\":\"https:\/\/progresso.com.br\/wp-content\/uploads\/2026\/03\/logo_proog.jpg\",\"contentUrl\":\"https:\/\/progresso.com.br\/wp-content\/uploads\/2026\/03\/logo_proog.jpg\",\"width\":1960,\"height\":1080,\"caption\":\"O PROGRESSO\"},\"image\":{\"@id\":\"https:\/\/progresso.com.br\/#\/schema\/logo\/image\/\"},\"sameAs\":[\"https:\/\/www.facebook.com\/share\/1CeoksKBj6\/\",\"https:\/\/www.instagram.com\/oprogresso_digital\"]},{\"@type\":\"Person\",\"@id\":\"https:\/\/progresso.com.br\/#\/schema\/person\/471791cc575a7e23811d1070fa9d20ee\",\"name\":\"Rog\u00e9rio Vidmantas\",\"image\":{\"@type\":\"ImageObject\",\"inLanguage\":\"pt-BR\",\"@id\":\"https:\/\/progresso.com.br\/#\/schema\/person\/image\/\",\"url\":\"https:\/\/secure.gravatar.com\/avatar\/10a86aae4992f407879fa7e12fb476cdff79509ad9ec42967d62b4fbcee7c57b?s=96&d=mm&r=g\",\"contentUrl\":\"https:\/\/secure.gravatar.com\/avatar\/10a86aae4992f407879fa7e12fb476cdff79509ad9ec42967d62b4fbcee7c57b?s=96&d=mm&r=g\",\"caption\":\"Rog\u00e9rio Vidmantas\"},\"url\":\"https:\/\/progresso.com.br\/index.php\/author\/vidmantas\/\"}]}<\/script>\n<!-- \/ Yoast SEO plugin. -->","yoast_head_json":{"title":"Sebrae leva oficina presencial de Intelig\u00eancia Artificial para seis munic\u00edpios de MS - O PROGRESSO","robots":{"index":"index","follow":"follow","max-snippet":"max-snippet:-1","max-image-preview":"max-image-preview:large","max-video-preview":"max-video-preview:-1"},"canonical":"https:\/\/progresso.com.br\/index.php\/2026\/04\/29\/sebrae-leva-oficina-presencial-de-inteligencia-artificial-para-seis-municipios-de-ms\/","og_locale":"pt_BR","og_type":"article","og_title":"Sebrae leva oficina presencial de Intelig\u00eancia Artificial para seis munic\u00edpios de MS - O PROGRESSO","og_description":"Capacita\u00e7\u00e3o gratuita ensina empreendedores a usarem ferramentas como aliadas no dia a dia da gest\u00e3o do neg\u00f3cio Portal Sebrae Para ajudar os empreendedores sul-mato-grossenses a usarem a tecnologia como aliada do neg\u00f3cio, o Sebrae\/MS realiza, em maio e junho, a Trilha Intelig\u00eancia Artificial Aplicada \u00e0s Micro e Pequenas Empresas. Com o foco no uso pr\u00e1tico [&hellip;]","og_url":"https:\/\/progresso.com.br\/index.php\/2026\/04\/29\/sebrae-leva-oficina-presencial-de-inteligencia-artificial-para-seis-municipios-de-ms\/","og_site_name":"O PROGRESSO","article_publisher":"https:\/\/www.facebook.com\/share\/1CeoksKBj6\/","article_published_time":"2026-04-29T20:01:00+00:00","article_modified_time":"2026-04-29T20:05:07+00:00","og_image":[{"width":814,"height":492,"url":"https:\/\/progresso.com.br\/wp-content\/uploads\/2026\/04\/BANNER-ASN-Jornada-Presencial-Palestrantes-Destrava-IA-1_p21549_cover_image_resized.png","type":"image\/png"}],"author":"Rog\u00e9rio Vidmantas","twitter_card":"summary_large_image","twitter_misc":{"Escrito por":"Rog\u00e9rio Vidmantas","Est. tempo de leitura":"3 minutos"},"schema":{"@context":"https:\/\/schema.org","@graph":[{"@type":"Article","@id":"https:\/\/progresso.com.br\/index.php\/2026\/04\/29\/sebrae-leva-oficina-presencial-de-inteligencia-artificial-para-seis-municipios-de-ms\/#article","isPartOf":{"@id":"https:\/\/progresso.com.br\/index.php\/2026\/04\/29\/sebrae-leva-oficina-presencial-de-inteligencia-artificial-para-seis-municipios-de-ms\/"},"author":{"name":"Rog\u00e9rio Vidmantas","@id":"https:\/\/progresso.com.br\/#\/schema\/person\/471791cc575a7e23811d1070fa9d20ee"},"headline":"Sebrae leva oficina presencial de Intelig\u00eancia Artificial para seis munic\u00edpios de MS","datePublished":"2026-04-29T20:01:00+00:00","dateModified":"2026-04-29T20:05:07+00:00","mainEntityOfPage":{"@id":"https:\/\/progresso.com.br\/index.php\/2026\/04\/29\/sebrae-leva-oficina-presencial-de-inteligencia-artificial-para-seis-municipios-de-ms\/"},"wordCount":426,"commentCount":0,"publisher":{"@id":"https:\/\/progresso.com.br\/#organization"},"image":{"@id":"https:\/\/progresso.com.br\/index.php\/2026\/04\/29\/sebrae-leva-oficina-presencial-de-inteligencia-artificial-para-seis-municipios-de-ms\/#primaryimage"},"thumbnailUrl":"https:\/\/progresso.com.br\/wp-content\/uploads\/2026\/04\/BANNER-ASN-Jornada-Presencial-Palestrantes-Destrava-IA-1_p21549_cover_image_resized.png","articleSection":["Cotidiano","Economia"],"inLanguage":"pt-BR","potentialAction":[{"@type":"CommentAction","name":"Comment","target":["https:\/\/progresso.com.br\/index.php\/2026\/04\/29\/sebrae-leva-oficina-presencial-de-inteligencia-artificial-para-seis-municipios-de-ms\/#respond"]}]},{"@type":"WebPage","@id":"https:\/\/progresso.com.br\/index.php\/2026\/04\/29\/sebrae-leva-oficina-presencial-de-inteligencia-artificial-para-seis-municipios-de-ms\/","url":"https:\/\/progresso.com.br\/index.php\/2026\/04\/29\/sebrae-leva-oficina-presencial-de-inteligencia-artificial-para-seis-municipios-de-ms\/","name":"Sebrae leva oficina presencial de Intelig\u00eancia Artificial para seis munic\u00edpios de MS - O PROGRESSO","isPartOf":{"@id":"https:\/\/progresso.com.br\/#website"},"primaryImageOfPage":{"@id":"https:\/\/progresso.com.br\/index.php\/2026\/04\/29\/sebrae-leva-oficina-presencial-de-inteligencia-artificial-para-seis-municipios-de-ms\/#primaryimage"},"image":{"@id":"https:\/\/progresso.com.br\/index.php\/2026\/04\/29\/sebrae-leva-oficina-presencial-de-inteligencia-artificial-para-seis-municipios-de-ms\/#primaryimage"},"thumbnailUrl":"https:\/\/progresso.com.br\/wp-content\/uploads\/2026\/04\/BANNER-ASN-Jornada-Presencial-Palestrantes-Destrava-IA-1_p21549_cover_image_resized.png","datePublished":"2026-04-29T20:01:00+00:00","dateModified":"2026-04-29T20:05:07+00:00","breadcrumb":{"@id":"https:\/\/progresso.com.br\/index.php\/2026\/04\/29\/sebrae-leva-oficina-presencial-de-inteligencia-artificial-para-seis-municipios-de-ms\/#breadcrumb"},"inLanguage":"pt-BR","potentialAction":[{"@type":"ReadAction","target":["https:\/\/progresso.com.br\/index.php\/2026\/04\/29\/sebrae-leva-oficina-presencial-de-inteligencia-artificial-para-seis-municipios-de-ms\/"]}]},{"@type":"ImageObject","inLanguage":"pt-BR","@id":"https:\/\/progresso.com.br\/index.php\/2026\/04\/29\/sebrae-leva-oficina-presencial-de-inteligencia-artificial-para-seis-municipios-de-ms\/#primaryimage","url":"https:\/\/progresso.com.br\/wp-content\/uploads\/2026\/04\/BANNER-ASN-Jornada-Presencial-Palestrantes-Destrava-IA-1_p21549_cover_image_resized.png","contentUrl":"https:\/\/progresso.com.br\/wp-content\/uploads\/2026\/04\/BANNER-ASN-Jornada-Presencial-Palestrantes-Destrava-IA-1_p21549_cover_image_resized.png","width":814,"height":492,"caption":"Arte: Sebrae"},{"@type":"BreadcrumbList","@id":"https:\/\/progresso.com.br\/index.php\/2026\/04\/29\/sebrae-leva-oficina-presencial-de-inteligencia-artificial-para-seis-municipios-de-ms\/#breadcrumb","itemListElement":[{"@type":"ListItem","position":1,"name":"In\u00edcio","item":"https:\/\/progresso.com.br\/"},{"@type":"ListItem","position":2,"name":"Sebrae leva oficina presencial de Intelig\u00eancia Artificial para seis munic\u00edpios de MS"}]},{"@type":"WebSite","@id":"https:\/\/progresso.com.br\/#website","url":"https:\/\/progresso.com.br\/","name":"O PROGRESSO","description":"","publisher":{"@id":"https:\/\/progresso.com.br\/#organization"},"potentialAction":[{"@type":"SearchAction","target":{"@type":"EntryPoint","urlTemplate":"https:\/\/progresso.com.br\/?s={search_term_string}"},"query-input":{"@type":"PropertyValueSpecification","valueRequired":true,"valueName":"search_term_string"}}],"inLanguage":"pt-BR"},{"@type":"Organization","@id":"https:\/\/progresso.com.br\/#organization","name":"O PROGRESSO","url":"https:\/\/progresso.com.br\/","logo":{"@type":"ImageObject","inLanguage":"pt-BR","@id":"https:\/\/progresso.com.br\/#\/schema\/logo\/image\/","url":"https:\/\/progresso.com.br\/wp-content\/uploads\/2026\/03\/logo_proog.jpg","contentUrl":"https:\/\/progresso.com.br\/wp-content\/uploads\/2026\/03\/logo_proog.jpg","width":1960,"height":1080,"caption":"O PROGRESSO"},"image":{"@id":"https:\/\/progresso.com.br\/#\/schema\/logo\/image\/"},"sameAs":["https:\/\/www.facebook.com\/share\/1CeoksKBj6\/","https:\/\/www.instagram.com\/oprogresso_digital"]},{"@type":"Person","@id":"https:\/\/progresso.com.br\/#\/schema\/person\/471791cc575a7e23811d1070fa9d20ee","name":"Rog\u00e9rio Vidmantas","image":{"@type":"ImageObject","inLanguage":"pt-BR","@id":"https:\/\/progresso.com.br\/#\/schema\/person\/image\/","url":"https:\/\/secure.gravatar.com\/avatar\/10a86aae4992f407879fa7e12fb476cdff79509ad9ec42967d62b4fbcee7c57b?s=96&d=mm&r=g","contentUrl":"https:\/\/secure.gravatar.com\/avatar\/10a86aae4992f407879fa7e12fb476cdff79509ad9ec42967d62b4fbcee7c57b?s=96&d=mm&r=g","caption":"Rog\u00e9rio Vidmantas"},"url":"https:\/\/progresso.com.br\/index.php\/author\/vidmantas\/"}]}},"_links":{"self":[{"href":"https:\/\/progresso.com.br\/index.php\/wp-json\/wp\/v2\/posts\/5129","targetHints":{"allow":["GET"]}}],"collection":[{"href":"https:\/\/progresso.com.br\/index.php\/wp-json\/wp\/v2\/posts"}],"about":[{"href":"https:\/\/progresso.com.br\/index.php\/wp-json\/wp\/v2\/types\/post"}],"author":[{"embeddable":true,"href":"https:\/\/progresso.com.br\/index.php\/wp-json\/wp\/v2\/users\/5"}],"replies":[{"embeddable":true,"href":"https:\/\/progresso.com.br\/index.php\/wp-json\/wp\/v2\/comments?post=5129"}],"version-history":[{"count":1,"href":"https:\/\/progresso.com.br\/index.php\/wp-json\/wp\/v2\/posts\/5129\/revisions"}],"predecessor-version":[{"id":5131,"href":"https:\/\/progresso.com.br\/index.php\/wp-json\/wp\/v2\/posts\/5129\/revisions\/5131"}],"wp:featuredmedia":[{"embeddable":true,"href":"https:\/\/progresso.com.br\/index.php\/wp-json\/wp\/v2\/media\/5130"}],"wp:attachment":[{"href":"https:\/\/progresso.com.br\/index.php\/wp-json\/wp\/v2\/media?parent=5129"}],"wp:term":[{"taxonomy":"category","embeddable":true,"href":"https:\/\/progresso.com.br\/index.php\/wp-json\/wp\/v2\/categories?post=5129"},{"taxonomy":"post_tag","embeddable":true,"href":"https:\/\/progresso.com.br\/index.php\/wp-json\/wp\/v2\/tags?post=5129"}],"curies":[{"name":"wp","href":"https:\/\/api.w.org\/{rel}","templated":true}]}}