{"id":5138,"date":"2026-04-29T17:44:20","date_gmt":"2026-04-29T21:44:20","guid":{"rendered":"https:\/\/progresso.com.br\/?p=5138"},"modified":"2026-04-29T17:56:11","modified_gmt":"2026-04-29T21:56:11","slug":"em-2-dias-de-campanha-apenas-477-pessoas-se-vacinam-contra-chikungunya-em-dourados","status":"publish","type":"post","link":"https:\/\/progresso.com.br\/index.php\/2026\/04\/29\/em-2-dias-de-campanha-apenas-477-pessoas-se-vacinam-contra-chikungunya-em-dourados\/","title":{"rendered":"Em dois dias de campanha, apenas 477 pessoas se vacinam contra chikungunya em Dourados"},"content":{"rendered":"\n<p><strong><em>Secret\u00e1rio de Sa\u00fade classifica como preocupante a baixa procura pelo imunizante neste in\u00edcio de campanha<\/em><\/strong><\/p>\n\n\n\n<p>\u00c9 bastante baixa a procura pela vacina contra a Chikungunya no munic\u00edpio de Dourados. A vacina\u00e7\u00e3o come\u00e7ou na \u00faltima segunda-feira (27) e, em dois dias, apenas 477 procuraram os pontos de vacina\u00e7\u00e3o em todo o munic\u00edpio.<\/p>\n\n\n\n<p>Nas Unidades B\u00e1sicas de Sa\u00fade (UBS) e na Sala de Imuniza\u00e7\u00e3o do Posto de Atendimento M\u00e9dico (PAM), levantamento realizado pelo COE (Centro de Opera\u00e7\u00f5es de Emerg\u00eancias em Sa\u00fade P\u00fablica) aponta que somente 397 procuraram as unidades urbanas para receber o imunizante, enquanto nas aldeias Boror\u00f3 e Jaguapiru somente 80 doses foram aplicadas na segunda e ter\u00e7a-feira.<\/p>\n\n\n\n<p>O secret\u00e1rio municipal de Sa\u00fade e coordenador-geral do COE, Marcio Figueiredo, classifica como altamente preocupante a baixa procura neste in\u00edcio de campanha de vacina\u00e7\u00e3o.<\/p>\n\n\n\n<p>\u201cO Informe Epidemiol\u00f3gico divulgado nesta quarta-feira revela um cen\u00e1rio de circula\u00e7\u00e3o intensa do v\u00edrus, com 7.208 notifica\u00e7\u00f5es para Chikungunya, 5.195 casos prov\u00e1veis, 2.676 casos confirmados, 2.013 casos descartados e 2.519 casos em investiga\u00e7\u00e3o\u201d, explica o secret\u00e1rio. \u201cNa Reserva Ind\u00edgena o quadro \u00e9 igualmente grave, com 3.066 notifica\u00e7\u00f5es, com 2.427 casos prov\u00e1veis, 1.708 casos confirmados, 639 casos descartados e 719 casos em investiga\u00e7\u00e3o\u201d, disse Figueiredo.<\/p>\n\n\n\n<p>O coordenador-geral do COE enfatiza que a campanha de vacina\u00e7\u00e3o faz parte das estrat\u00e9gias definidas dentro do Plano de A\u00e7\u00e3o de Incidente para o Enfrentamento da Chikungunya.<em> <\/em><\/p>\n\n\n\n<p><em>\u201c\u00c9 fato que nem todas as pessoas poder\u00e3o tomar a dose em raz\u00e3o das contraindica\u00e7\u00f5es estabelecidas pelo Minist\u00e9rio da Sa\u00fade, mas \u00e9 ineg\u00e1vel que diante de um p\u00fablico alvo de 43 mil pessoas, menos de 400 tenham procurado as Unidades de Sa\u00fade para receber a vacina nesses dois primeiros dias de imuniza\u00e7\u00e3o\u201d<\/em>, ressalta M\u00e1rcio Figueiredo.<\/p>\n\n\n\n<p>A vacina contra Chikungunya n\u00e3o pode ser aplicada em gestantes ou lactantes; em, pessoas que fa\u00e7am uso de medicamentos imunossupressores, como corticoides em altas doses; pessoas com imunodefici\u00eancia cong\u00eanita; pessoas que est\u00e3o em tratamento de c\u00e2ncer com uso de quimioterapia e radioterapia; transplantados de \u00f3rg\u00e3o s\u00f3lido; transplantados de medula \u00f3ssea h\u00e1 menos de 2 anos; pessoas com HIV\/Aids; pessoas com doen\u00e7as autoimunes, como l\u00fapus e artrite reumatoide.<\/p>\n\n\n\n<p>A vacina tamb\u00e9m \u00e9 contraindicada<strong> <\/strong>para pessoas com duas dessas condi\u00e7\u00f5es m\u00e9dicas cr\u00f4nicas: diabetes, hipertens\u00e3o, insufici\u00eancia card\u00edaca, arritmia card\u00edaca, doen\u00e7a pulmonar cr\u00f4nica, doen\u00e7a renal cr\u00f4nica, obesidade (maior que IMC 30), doen\u00e7a hep\u00e1tica cr\u00f4nica, c\u00e2ncer (tratamento ou remiss\u00e3o). Tamb\u00e9m n\u00e3o pode ser aplicada em casos de pessoas que tenham tido Chikungunya nos \u00faltimos 30 dias; que estejam em estado febril grave; que tenha recebido outra vacina de v\u00edrus atenuado nos \u00faltimos 28 dias; que tenha recebido vacina de v\u00edrus inativado nos \u00faltimos 14 dias.<\/p>\n","protected":false},"excerpt":{"rendered":"<p>Secret\u00e1rio de Sa\u00fade classifica como preocupante a baixa procura pelo imunizante neste in\u00edcio de campanha \u00c9 bastante baixa a procura pela vacina contra a Chikungunya no munic\u00edpio de Dourados. A vacina\u00e7\u00e3o come\u00e7ou na \u00faltima segunda-feira (27) e, em dois dias, apenas 477 procuraram os pontos de vacina\u00e7\u00e3o em todo o munic\u00edpio. Nas Unidades B\u00e1sicas de [&hellip;]<\/p>\n","protected":false},"author":3,"featured_media":5139,"comment_status":"open","ping_status":"open","sticky":false,"template":"","format":"standard","meta":{"footnotes":""},"categories":[13,2],"tags":[],"class_list":["post-5138","post","type-post","status-publish","format-standard","has-post-thumbnail","hentry","category-cotidiano","category-destaque"],"yoast_head":"<!-- This site is optimized with the Yoast SEO plugin v27.1.1 - https:\/\/yoast.com\/product\/yoast-seo-wordpress\/ -->\n<title>Em dois dias de campanha, apenas 477 pessoas se vacinam contra chikungunya em Dourados - O PROGRESSO<\/title>\n<meta name=\"robots\" content=\"index, follow, max-snippet:-1, max-image-preview:large, max-video-preview:-1\" \/>\n<link rel=\"canonical\" href=\"https:\/\/progresso.com.br\/index.php\/2026\/04\/29\/em-2-dias-de-campanha-apenas-477-pessoas-se-vacinam-contra-chikungunya-em-dourados\/\" \/>\n<meta property=\"og:locale\" content=\"pt_BR\" \/>\n<meta property=\"og:type\" content=\"article\" \/>\n<meta property=\"og:title\" content=\"Em dois dias de campanha, apenas 477 pessoas se vacinam contra chikungunya em Dourados - O PROGRESSO\" \/>\n<meta property=\"og:description\" content=\"Secret\u00e1rio de Sa\u00fade classifica como preocupante a baixa procura pelo imunizante neste in\u00edcio de campanha \u00c9 bastante baixa a procura pela vacina contra a Chikungunya no munic\u00edpio de Dourados. A vacina\u00e7\u00e3o come\u00e7ou na \u00faltima segunda-feira (27) e, em dois dias, apenas 477 procuraram os pontos de vacina\u00e7\u00e3o em todo o munic\u00edpio. Nas Unidades B\u00e1sicas de [&hellip;]\" \/>\n<meta property=\"og:url\" content=\"https:\/\/progresso.com.br\/index.php\/2026\/04\/29\/em-2-dias-de-campanha-apenas-477-pessoas-se-vacinam-contra-chikungunya-em-dourados\/\" \/>\n<meta property=\"og:site_name\" content=\"O PROGRESSO\" \/>\n<meta property=\"article:publisher\" content=\"https:\/\/www.facebook.com\/share\/1CeoksKBj6\/\" \/>\n<meta property=\"article:published_time\" content=\"2026-04-29T21:44:20+00:00\" \/>\n<meta property=\"article:modified_time\" content=\"2026-04-29T21:56:11+00:00\" \/>\n<meta property=\"og:image\" content=\"https:\/\/progresso.com.br\/wp-content\/uploads\/2026\/04\/vacinacao-chikungunya.jpg\" \/>\n\t<meta property=\"og:image:width\" content=\"1200\" \/>\n\t<meta property=\"og:image:height\" content=\"800\" \/>\n\t<meta property=\"og:image:type\" content=\"image\/jpeg\" \/>\n<meta name=\"author\" content=\"Alfredo\" \/>\n<meta name=\"twitter:card\" content=\"summary_large_image\" \/>\n<meta name=\"twitter:label1\" content=\"Escrito por\" \/>\n\t<meta name=\"twitter:data1\" content=\"Alfredo\" \/>\n\t<meta name=\"twitter:label2\" content=\"Est. tempo de leitura\" \/>\n\t<meta name=\"twitter:data2\" content=\"3 minutos\" \/>\n<script type=\"application\/ld+json\" class=\"yoast-schema-graph\">{\"@context\":\"https:\/\/schema.org\",\"@graph\":[{\"@type\":\"Article\",\"@id\":\"https:\/\/progresso.com.br\/index.php\/2026\/04\/29\/em-2-dias-de-campanha-apenas-477-pessoas-se-vacinam-contra-chikungunya-em-dourados\/#article\",\"isPartOf\":{\"@id\":\"https:\/\/progresso.com.br\/index.php\/2026\/04\/29\/em-2-dias-de-campanha-apenas-477-pessoas-se-vacinam-contra-chikungunya-em-dourados\/\"},\"author\":{\"name\":\"Alfredo\",\"@id\":\"https:\/\/progresso.com.br\/#\/schema\/person\/b7390ac97c5e156cc2e02aa8e88f1bf2\"},\"headline\":\"Em dois dias de campanha, apenas 477 pessoas se vacinam contra chikungunya em Dourados\",\"datePublished\":\"2026-04-29T21:44:20+00:00\",\"dateModified\":\"2026-04-29T21:56:11+00:00\",\"mainEntityOfPage\":{\"@id\":\"https:\/\/progresso.com.br\/index.php\/2026\/04\/29\/em-2-dias-de-campanha-apenas-477-pessoas-se-vacinam-contra-chikungunya-em-dourados\/\"},\"wordCount\":492,\"commentCount\":0,\"publisher\":{\"@id\":\"https:\/\/progresso.com.br\/#organization\"},\"image\":{\"@id\":\"https:\/\/progresso.com.br\/index.php\/2026\/04\/29\/em-2-dias-de-campanha-apenas-477-pessoas-se-vacinam-contra-chikungunya-em-dourados\/#primaryimage\"},\"thumbnailUrl\":\"https:\/\/progresso.com.br\/wp-content\/uploads\/2026\/04\/vacinacao-chikungunya.jpg\",\"articleSection\":[\"Cotidiano\",\"Em destaque\"],\"inLanguage\":\"pt-BR\",\"potentialAction\":[{\"@type\":\"CommentAction\",\"name\":\"Comment\",\"target\":[\"https:\/\/progresso.com.br\/index.php\/2026\/04\/29\/em-2-dias-de-campanha-apenas-477-pessoas-se-vacinam-contra-chikungunya-em-dourados\/#respond\"]}]},{\"@type\":\"WebPage\",\"@id\":\"https:\/\/progresso.com.br\/index.php\/2026\/04\/29\/em-2-dias-de-campanha-apenas-477-pessoas-se-vacinam-contra-chikungunya-em-dourados\/\",\"url\":\"https:\/\/progresso.com.br\/index.php\/2026\/04\/29\/em-2-dias-de-campanha-apenas-477-pessoas-se-vacinam-contra-chikungunya-em-dourados\/\",\"name\":\"Em dois dias de campanha, apenas 477 pessoas se vacinam contra chikungunya em Dourados - O PROGRESSO\",\"isPartOf\":{\"@id\":\"https:\/\/progresso.com.br\/#website\"},\"primaryImageOfPage\":{\"@id\":\"https:\/\/progresso.com.br\/index.php\/2026\/04\/29\/em-2-dias-de-campanha-apenas-477-pessoas-se-vacinam-contra-chikungunya-em-dourados\/#primaryimage\"},\"image\":{\"@id\":\"https:\/\/progresso.com.br\/index.php\/2026\/04\/29\/em-2-dias-de-campanha-apenas-477-pessoas-se-vacinam-contra-chikungunya-em-dourados\/#primaryimage\"},\"thumbnailUrl\":\"https:\/\/progresso.com.br\/wp-content\/uploads\/2026\/04\/vacinacao-chikungunya.jpg\",\"datePublished\":\"2026-04-29T21:44:20+00:00\",\"dateModified\":\"2026-04-29T21:56:11+00:00\",\"breadcrumb\":{\"@id\":\"https:\/\/progresso.com.br\/index.php\/2026\/04\/29\/em-2-dias-de-campanha-apenas-477-pessoas-se-vacinam-contra-chikungunya-em-dourados\/#breadcrumb\"},\"inLanguage\":\"pt-BR\",\"potentialAction\":[{\"@type\":\"ReadAction\",\"target\":[\"https:\/\/progresso.com.br\/index.php\/2026\/04\/29\/em-2-dias-de-campanha-apenas-477-pessoas-se-vacinam-contra-chikungunya-em-dourados\/\"]}]},{\"@type\":\"ImageObject\",\"inLanguage\":\"pt-BR\",\"@id\":\"https:\/\/progresso.com.br\/index.php\/2026\/04\/29\/em-2-dias-de-campanha-apenas-477-pessoas-se-vacinam-contra-chikungunya-em-dourados\/#primaryimage\",\"url\":\"https:\/\/progresso.com.br\/wp-content\/uploads\/2026\/04\/vacinacao-chikungunya.jpg\",\"contentUrl\":\"https:\/\/progresso.com.br\/wp-content\/uploads\/2026\/04\/vacinacao-chikungunya.jpg\",\"width\":1200,\"height\":800,\"caption\":\"Vacina contra Chikungunya come\u00e7ou a ser aplicada em Dourados na segunda-feira, mas procura foi pequena nos dois primeiros dias da campanha. (Foto: A. Frota)\"},{\"@type\":\"BreadcrumbList\",\"@id\":\"https:\/\/progresso.com.br\/index.php\/2026\/04\/29\/em-2-dias-de-campanha-apenas-477-pessoas-se-vacinam-contra-chikungunya-em-dourados\/#breadcrumb\",\"itemListElement\":[{\"@type\":\"ListItem\",\"position\":1,\"name\":\"In\u00edcio\",\"item\":\"https:\/\/progresso.com.br\/\"},{\"@type\":\"ListItem\",\"position\":2,\"name\":\"Em dois dias de campanha, apenas 477 pessoas se vacinam contra chikungunya em Dourados\"}]},{\"@type\":\"WebSite\",\"@id\":\"https:\/\/progresso.com.br\/#website\",\"url\":\"https:\/\/progresso.com.br\/\",\"name\":\"O PROGRESSO\",\"description\":\"\",\"publisher\":{\"@id\":\"https:\/\/progresso.com.br\/#organization\"},\"potentialAction\":[{\"@type\":\"SearchAction\",\"target\":{\"@type\":\"EntryPoint\",\"urlTemplate\":\"https:\/\/progresso.com.br\/?s={search_term_string}\"},\"query-input\":{\"@type\":\"PropertyValueSpecification\",\"valueRequired\":true,\"valueName\":\"search_term_string\"}}],\"inLanguage\":\"pt-BR\"},{\"@type\":\"Organization\",\"@id\":\"https:\/\/progresso.com.br\/#organization\",\"name\":\"O PROGRESSO\",\"url\":\"https:\/\/progresso.com.br\/\",\"logo\":{\"@type\":\"ImageObject\",\"inLanguage\":\"pt-BR\",\"@id\":\"https:\/\/progresso.com.br\/#\/schema\/logo\/image\/\",\"url\":\"https:\/\/progresso.com.br\/wp-content\/uploads\/2026\/03\/logo_proog.jpg\",\"contentUrl\":\"https:\/\/progresso.com.br\/wp-content\/uploads\/2026\/03\/logo_proog.jpg\",\"width\":1960,\"height\":1080,\"caption\":\"O PROGRESSO\"},\"image\":{\"@id\":\"https:\/\/progresso.com.br\/#\/schema\/logo\/image\/\"},\"sameAs\":[\"https:\/\/www.facebook.com\/share\/1CeoksKBj6\/\",\"https:\/\/www.instagram.com\/oprogresso_digital\"]},{\"@type\":\"Person\",\"@id\":\"https:\/\/progresso.com.br\/#\/schema\/person\/b7390ac97c5e156cc2e02aa8e88f1bf2\",\"name\":\"Alfredo\",\"image\":{\"@type\":\"ImageObject\",\"inLanguage\":\"pt-BR\",\"@id\":\"https:\/\/progresso.com.br\/#\/schema\/person\/image\/\",\"url\":\"https:\/\/secure.gravatar.com\/avatar\/ca208a3111522ad69d765c6f0ea1ce4742c74e10aba78ae7158042d704d65a9f?s=96&d=mm&r=g\",\"contentUrl\":\"https:\/\/secure.gravatar.com\/avatar\/ca208a3111522ad69d765c6f0ea1ce4742c74e10aba78ae7158042d704d65a9f?s=96&d=mm&r=g\",\"caption\":\"Alfredo\"},\"url\":\"https:\/\/progresso.com.br\/index.php\/author\/alfredo\/\"}]}<\/script>\n<!-- \/ Yoast SEO plugin. -->","yoast_head_json":{"title":"Em dois dias de campanha, apenas 477 pessoas se vacinam contra chikungunya em Dourados - O PROGRESSO","robots":{"index":"index","follow":"follow","max-snippet":"max-snippet:-1","max-image-preview":"max-image-preview:large","max-video-preview":"max-video-preview:-1"},"canonical":"https:\/\/progresso.com.br\/index.php\/2026\/04\/29\/em-2-dias-de-campanha-apenas-477-pessoas-se-vacinam-contra-chikungunya-em-dourados\/","og_locale":"pt_BR","og_type":"article","og_title":"Em dois dias de campanha, apenas 477 pessoas se vacinam contra chikungunya em Dourados - O PROGRESSO","og_description":"Secret\u00e1rio de Sa\u00fade classifica como preocupante a baixa procura pelo imunizante neste in\u00edcio de campanha \u00c9 bastante baixa a procura pela vacina contra a Chikungunya no munic\u00edpio de Dourados. A vacina\u00e7\u00e3o come\u00e7ou na \u00faltima segunda-feira (27) e, em dois dias, apenas 477 procuraram os pontos de vacina\u00e7\u00e3o em todo o munic\u00edpio. Nas Unidades B\u00e1sicas de [&hellip;]","og_url":"https:\/\/progresso.com.br\/index.php\/2026\/04\/29\/em-2-dias-de-campanha-apenas-477-pessoas-se-vacinam-contra-chikungunya-em-dourados\/","og_site_name":"O PROGRESSO","article_publisher":"https:\/\/www.facebook.com\/share\/1CeoksKBj6\/","article_published_time":"2026-04-29T21:44:20+00:00","article_modified_time":"2026-04-29T21:56:11+00:00","og_image":[{"width":1200,"height":800,"url":"https:\/\/progresso.com.br\/wp-content\/uploads\/2026\/04\/vacinacao-chikungunya.jpg","type":"image\/jpeg"}],"author":"Alfredo","twitter_card":"summary_large_image","twitter_misc":{"Escrito por":"Alfredo","Est. tempo de leitura":"3 minutos"},"schema":{"@context":"https:\/\/schema.org","@graph":[{"@type":"Article","@id":"https:\/\/progresso.com.br\/index.php\/2026\/04\/29\/em-2-dias-de-campanha-apenas-477-pessoas-se-vacinam-contra-chikungunya-em-dourados\/#article","isPartOf":{"@id":"https:\/\/progresso.com.br\/index.php\/2026\/04\/29\/em-2-dias-de-campanha-apenas-477-pessoas-se-vacinam-contra-chikungunya-em-dourados\/"},"author":{"name":"Alfredo","@id":"https:\/\/progresso.com.br\/#\/schema\/person\/b7390ac97c5e156cc2e02aa8e88f1bf2"},"headline":"Em dois dias de campanha, apenas 477 pessoas se vacinam contra chikungunya em Dourados","datePublished":"2026-04-29T21:44:20+00:00","dateModified":"2026-04-29T21:56:11+00:00","mainEntityOfPage":{"@id":"https:\/\/progresso.com.br\/index.php\/2026\/04\/29\/em-2-dias-de-campanha-apenas-477-pessoas-se-vacinam-contra-chikungunya-em-dourados\/"},"wordCount":492,"commentCount":0,"publisher":{"@id":"https:\/\/progresso.com.br\/#organization"},"image":{"@id":"https:\/\/progresso.com.br\/index.php\/2026\/04\/29\/em-2-dias-de-campanha-apenas-477-pessoas-se-vacinam-contra-chikungunya-em-dourados\/#primaryimage"},"thumbnailUrl":"https:\/\/progresso.com.br\/wp-content\/uploads\/2026\/04\/vacinacao-chikungunya.jpg","articleSection":["Cotidiano","Em destaque"],"inLanguage":"pt-BR","potentialAction":[{"@type":"CommentAction","name":"Comment","target":["https:\/\/progresso.com.br\/index.php\/2026\/04\/29\/em-2-dias-de-campanha-apenas-477-pessoas-se-vacinam-contra-chikungunya-em-dourados\/#respond"]}]},{"@type":"WebPage","@id":"https:\/\/progresso.com.br\/index.php\/2026\/04\/29\/em-2-dias-de-campanha-apenas-477-pessoas-se-vacinam-contra-chikungunya-em-dourados\/","url":"https:\/\/progresso.com.br\/index.php\/2026\/04\/29\/em-2-dias-de-campanha-apenas-477-pessoas-se-vacinam-contra-chikungunya-em-dourados\/","name":"Em dois dias de campanha, apenas 477 pessoas se vacinam contra chikungunya em Dourados - O PROGRESSO","isPartOf":{"@id":"https:\/\/progresso.com.br\/#website"},"primaryImageOfPage":{"@id":"https:\/\/progresso.com.br\/index.php\/2026\/04\/29\/em-2-dias-de-campanha-apenas-477-pessoas-se-vacinam-contra-chikungunya-em-dourados\/#primaryimage"},"image":{"@id":"https:\/\/progresso.com.br\/index.php\/2026\/04\/29\/em-2-dias-de-campanha-apenas-477-pessoas-se-vacinam-contra-chikungunya-em-dourados\/#primaryimage"},"thumbnailUrl":"https:\/\/progresso.com.br\/wp-content\/uploads\/2026\/04\/vacinacao-chikungunya.jpg","datePublished":"2026-04-29T21:44:20+00:00","dateModified":"2026-04-29T21:56:11+00:00","breadcrumb":{"@id":"https:\/\/progresso.com.br\/index.php\/2026\/04\/29\/em-2-dias-de-campanha-apenas-477-pessoas-se-vacinam-contra-chikungunya-em-dourados\/#breadcrumb"},"inLanguage":"pt-BR","potentialAction":[{"@type":"ReadAction","target":["https:\/\/progresso.com.br\/index.php\/2026\/04\/29\/em-2-dias-de-campanha-apenas-477-pessoas-se-vacinam-contra-chikungunya-em-dourados\/"]}]},{"@type":"ImageObject","inLanguage":"pt-BR","@id":"https:\/\/progresso.com.br\/index.php\/2026\/04\/29\/em-2-dias-de-campanha-apenas-477-pessoas-se-vacinam-contra-chikungunya-em-dourados\/#primaryimage","url":"https:\/\/progresso.com.br\/wp-content\/uploads\/2026\/04\/vacinacao-chikungunya.jpg","contentUrl":"https:\/\/progresso.com.br\/wp-content\/uploads\/2026\/04\/vacinacao-chikungunya.jpg","width":1200,"height":800,"caption":"Vacina contra Chikungunya come\u00e7ou a ser aplicada em Dourados na segunda-feira, mas procura foi pequena nos dois primeiros dias da campanha. (Foto: A. Frota)"},{"@type":"BreadcrumbList","@id":"https:\/\/progresso.com.br\/index.php\/2026\/04\/29\/em-2-dias-de-campanha-apenas-477-pessoas-se-vacinam-contra-chikungunya-em-dourados\/#breadcrumb","itemListElement":[{"@type":"ListItem","position":1,"name":"In\u00edcio","item":"https:\/\/progresso.com.br\/"},{"@type":"ListItem","position":2,"name":"Em dois dias de campanha, apenas 477 pessoas se vacinam contra chikungunya em Dourados"}]},{"@type":"WebSite","@id":"https:\/\/progresso.com.br\/#website","url":"https:\/\/progresso.com.br\/","name":"O PROGRESSO","description":"","publisher":{"@id":"https:\/\/progresso.com.br\/#organization"},"potentialAction":[{"@type":"SearchAction","target":{"@type":"EntryPoint","urlTemplate":"https:\/\/progresso.com.br\/?s={search_term_string}"},"query-input":{"@type":"PropertyValueSpecification","valueRequired":true,"valueName":"search_term_string"}}],"inLanguage":"pt-BR"},{"@type":"Organization","@id":"https:\/\/progresso.com.br\/#organization","name":"O PROGRESSO","url":"https:\/\/progresso.com.br\/","logo":{"@type":"ImageObject","inLanguage":"pt-BR","@id":"https:\/\/progresso.com.br\/#\/schema\/logo\/image\/","url":"https:\/\/progresso.com.br\/wp-content\/uploads\/2026\/03\/logo_proog.jpg","contentUrl":"https:\/\/progresso.com.br\/wp-content\/uploads\/2026\/03\/logo_proog.jpg","width":1960,"height":1080,"caption":"O PROGRESSO"},"image":{"@id":"https:\/\/progresso.com.br\/#\/schema\/logo\/image\/"},"sameAs":["https:\/\/www.facebook.com\/share\/1CeoksKBj6\/","https:\/\/www.instagram.com\/oprogresso_digital"]},{"@type":"Person","@id":"https:\/\/progresso.com.br\/#\/schema\/person\/b7390ac97c5e156cc2e02aa8e88f1bf2","name":"Alfredo","image":{"@type":"ImageObject","inLanguage":"pt-BR","@id":"https:\/\/progresso.com.br\/#\/schema\/person\/image\/","url":"https:\/\/secure.gravatar.com\/avatar\/ca208a3111522ad69d765c6f0ea1ce4742c74e10aba78ae7158042d704d65a9f?s=96&d=mm&r=g","contentUrl":"https:\/\/secure.gravatar.com\/avatar\/ca208a3111522ad69d765c6f0ea1ce4742c74e10aba78ae7158042d704d65a9f?s=96&d=mm&r=g","caption":"Alfredo"},"url":"https:\/\/progresso.com.br\/index.php\/author\/alfredo\/"}]}},"_links":{"self":[{"href":"https:\/\/progresso.com.br\/index.php\/wp-json\/wp\/v2\/posts\/5138","targetHints":{"allow":["GET"]}}],"collection":[{"href":"https:\/\/progresso.com.br\/index.php\/wp-json\/wp\/v2\/posts"}],"about":[{"href":"https:\/\/progresso.com.br\/index.php\/wp-json\/wp\/v2\/types\/post"}],"author":[{"embeddable":true,"href":"https:\/\/progresso.com.br\/index.php\/wp-json\/wp\/v2\/users\/3"}],"replies":[{"embeddable":true,"href":"https:\/\/progresso.com.br\/index.php\/wp-json\/wp\/v2\/comments?post=5138"}],"version-history":[{"count":2,"href":"https:\/\/progresso.com.br\/index.php\/wp-json\/wp\/v2\/posts\/5138\/revisions"}],"predecessor-version":[{"id":5142,"href":"https:\/\/progresso.com.br\/index.php\/wp-json\/wp\/v2\/posts\/5138\/revisions\/5142"}],"wp:featuredmedia":[{"embeddable":true,"href":"https:\/\/progresso.com.br\/index.php\/wp-json\/wp\/v2\/media\/5139"}],"wp:attachment":[{"href":"https:\/\/progresso.com.br\/index.php\/wp-json\/wp\/v2\/media?parent=5138"}],"wp:term":[{"taxonomy":"category","embeddable":true,"href":"https:\/\/progresso.com.br\/index.php\/wp-json\/wp\/v2\/categories?post=5138"},{"taxonomy":"post_tag","embeddable":true,"href":"https:\/\/progresso.com.br\/index.php\/wp-json\/wp\/v2\/tags?post=5138"}],"curies":[{"name":"wp","href":"https:\/\/api.w.org\/{rel}","templated":true}]}}