{"id":5149,"date":"2026-04-30T07:11:00","date_gmt":"2026-04-30T11:11:00","guid":{"rendered":"https:\/\/progresso.com.br\/?p=5149"},"modified":"2026-04-30T07:11:35","modified_gmt":"2026-04-30T11:11:35","slug":"simples-exigira-nota-fiscal-nacional-unica-a-partir-de-setembro","status":"publish","type":"post","link":"https:\/\/progresso.com.br\/index.php\/2026\/04\/30\/simples-exigira-nota-fiscal-nacional-unica-a-partir-de-setembro\/","title":{"rendered":"Simples exigir\u00e1 nota fiscal nacional \u00fanica a partir de setembro"},"content":{"rendered":"\n<p><em>Wellton M\u00e1ximo, da Ag\u00eancia Brasil<\/em><\/p>\n\n\n\n<p>As micro e pequenas empresas enquadradas no Simples Nacional ter\u00e3o que emitir notas fiscais de servi\u00e7o por um sistema \u00fanico em todo o pa\u00eds a partir de 1\u00ba de setembro.&nbsp;<strong>A mudan\u00e7a obriga o uso exclusivo do Emissor Nacional da Nota Fiscal de Servi\u00e7o eletr\u00f4nica (NFS-e), substituindo os sistemas pr\u00f3prios de cada munic\u00edpio.<\/strong><img decoding=\"async\" src=\"https:\/\/agenciabrasil.ebc.com.br\/ebc.png?id=1687717&amp;o=node\"><img decoding=\"async\" src=\"https:\/\/agenciabrasil.ebc.com.br\/ebc.gif?id=1687717&amp;o=node\"><\/p>\n\n\n\n<p>Definida por resolu\u00e7\u00e3o do&nbsp;<a href=\"https:\/\/www.in.gov.br\/web\/dou\/-\/resolucao-cgsn-n-189-de-23-de-abril-de-2026-702052637\" target=\"_blank\" rel=\"noreferrer noopener\">Comit\u00ea Gestor do Simples Nacional (CGSN)<\/a>, a regra tem como objetivo padronizar a emiss\u00e3o de notas fiscais, reduzir burocracia e integrar dados tribut\u00e1rios entre Uni\u00e3o, estados e munic\u00edpios.<\/p>\n\n\n\n<p>Atualmente, cada cidade pode ter um modelo diferente de emiss\u00e3o de nota fiscal de servi\u00e7o.\u00a0<strong><em>Com a nova norma, todas as empresas do Simples passar\u00e3o a usar o mesmo sistema, independentemente de onde atuam.<\/em><\/strong><\/p>\n\n\n\n<p><strong>O que muda na pr\u00e1tica?<\/strong><\/p>\n\n\n\n<p>A principal altera\u00e7\u00e3o \u00e9 a obrigatoriedade de usar apenas o sistema nacional para emitir notas fiscais de servi\u00e7os.<\/p>\n\n\n\n<p><strong>Quem ser\u00e1 afetado:<\/strong><\/p>\n\n\n\n<ul class=\"wp-block-list\">\n<li>\u00a0\u00a0\u00a0\u00a0Microempresas (ME)<\/li>\n\n\n\n<li>\u00a0\u00a0\u00a0\u00a0Empresas de Pequeno Porte (EPP)<\/li>\n\n\n\n<li>\u00a0\u00a0\u00a0\u00a0Empresas com pedido de ades\u00e3o ao Simples ainda em an\u00e1lise<\/li>\n\n\n\n<li>\u00a0\u00a0\u00a0\u00a0Neg\u00f3cios em disputa administrativa ou com pend\u00eancias, se houver possibilidade de enquadramento<\/li>\n<\/ul>\n\n\n\n<p>Mesmo quem ainda n\u00e3o est\u00e1 formalmente no Simples pode ter que seguir a regra.<\/p>\n\n\n\n<p><strong>A mudan\u00e7a vale apenas para:<\/strong><\/p>\n\n\n\n<ul class=\"wp-block-list\">\n<li>\u00a0\u00a0\u00a0\u00a0Opera\u00e7\u00f5es com mercadorias (tributadas pelo ICMS) n\u00e3o entram na regra<\/li>\n\n\n\n<li>\u00a0\u00a0\u00a0\u00a0Esses casos continuam seguindo sistemas estaduais ou pr\u00f3prios<\/li>\n<\/ul>\n\n\n\n<p><strong>Por que o governo fez isso?<\/strong><\/p>\n\n\n\n<p>A ideia \u00e9 tornar o sistema mais simples e integrado.<\/p>\n\n\n\n<p><strong>Hoje:<\/strong><\/p>\n\n\n\n<ul class=\"wp-block-list\">\n<li>\u00a0\u00a0\u00a0\u00a0Cada munic\u00edpio tem seu pr\u00f3prio modelo<\/li>\n\n\n\n<li>\u00a0\u00a0\u00a0\u00a0Empresas que atuam em v\u00e1rias cidades precisam usar sistemas diferentes<\/li>\n<\/ul>\n\n\n\n<p><strong>Com a padroniza\u00e7\u00e3o:<\/strong><\/p>\n\n\n\n<ul class=\"wp-block-list\">\n<li>\u00a0\u00a0\u00a0\u00a0A emiss\u00e3o ser\u00e1 feita em um \u00fanico ambiente nacional<\/li>\n\n\n\n<li>\u00a0\u00a0\u00a0\u00a0Os dados ser\u00e3o automaticamente compartilhados com os fiscos<\/li>\n<\/ul>\n\n\n\n<p><strong>Principais benef\u00edcios:<\/strong><\/p>\n\n\n\n<ul class=\"wp-block-list\">\n<li>\u00a0 \u00a0 Padroniza\u00e7\u00e3o nacional: a mesma nota ser\u00e1 v\u00e1lida em qualquer cidade do pa\u00eds<\/li>\n\n\n\n<li>\u00a0\u00a0\u00a0\u00a0Menos burocracia: empresas deixam de lidar com v\u00e1rios sistemas diferentes<\/li>\n\n\n\n<li>\u00a0\u00a0\u00a0\u00a0Integra\u00e7\u00e3o de dados: informa\u00e7\u00f5es fiscais ser\u00e3o compartilhadas entre Uni\u00e3o, estados e munic\u00edpios<\/li>\n<\/ul>\n\n\n\n<p><strong>Facilidade tecnol\u00f3gica:<\/strong><\/p>\n\n\n\n<ul class=\"wp-block-list\">\n<li>\u00a0\u00a0\u00a0\u00a0Emiss\u00e3o via portal online<\/li>\n\n\n\n<li>\u00a0\u00a0\u00a0\u00a0Integra\u00e7\u00e3o com API das empresas. As API s\u00e3o interfaces tecnol\u00f3gicas que conectam diferentes sistemas financeiros<\/li>\n<\/ul>\n\n\n\n<h2 class=\"wp-block-heading\">O que esperar<\/h2>\n\n\n\n<p>Segundo o governo, a medida deve facilitar o cumprimento de obriga\u00e7\u00f5es fiscais, principalmente para empresas que prestam servi\u00e7os em mais de um munic\u00edpio.<\/p>\n\n\n\n<p>Ao mesmo tempo, amplia o controle do Fisco sobre as opera\u00e7\u00f5es e melhora a organiza\u00e7\u00e3o das informa\u00e7\u00f5es tribut\u00e1rias no pa\u00eds.<\/p>\n\n\n\n<p><strong>A mudan\u00e7a faz parte de um movimento maior de digitaliza\u00e7\u00e3o e padroniza\u00e7\u00e3o do sistema tribut\u00e1rio brasileiro.<\/strong><\/p>\n","protected":false},"excerpt":{"rendered":"<p>Wellton M\u00e1ximo, da Ag\u00eancia Brasil As micro e pequenas empresas enquadradas no Simples Nacional ter\u00e3o que emitir notas fiscais de servi\u00e7o por um sistema \u00fanico em todo o pa\u00eds a partir de 1\u00ba de setembro.&nbsp;A mudan\u00e7a obriga o uso exclusivo do Emissor Nacional da Nota Fiscal de Servi\u00e7o eletr\u00f4nica (NFS-e), substituindo os sistemas pr\u00f3prios de [&hellip;]<\/p>\n","protected":false},"author":3,"featured_media":5150,"comment_status":"open","ping_status":"open","sticky":false,"template":"","format":"standard","meta":{"footnotes":""},"categories":[13,2],"tags":[],"class_list":["post-5149","post","type-post","status-publish","format-standard","has-post-thumbnail","hentry","category-cotidiano","category-destaque"],"yoast_head":"<!-- This site is optimized with the Yoast SEO plugin v27.1.1 - https:\/\/yoast.com\/product\/yoast-seo-wordpress\/ -->\n<title>Simples exigir\u00e1 nota fiscal nacional \u00fanica a partir de setembro - O PROGRESSO<\/title>\n<meta name=\"robots\" content=\"index, follow, max-snippet:-1, max-image-preview:large, max-video-preview:-1\" \/>\n<link rel=\"canonical\" href=\"https:\/\/progresso.com.br\/index.php\/2026\/04\/30\/simples-exigira-nota-fiscal-nacional-unica-a-partir-de-setembro\/\" \/>\n<meta property=\"og:locale\" content=\"pt_BR\" \/>\n<meta property=\"og:type\" content=\"article\" \/>\n<meta property=\"og:title\" content=\"Simples exigir\u00e1 nota fiscal nacional \u00fanica a partir de setembro - O PROGRESSO\" \/>\n<meta property=\"og:description\" content=\"Wellton M\u00e1ximo, da Ag\u00eancia Brasil As micro e pequenas empresas enquadradas no Simples Nacional ter\u00e3o que emitir notas fiscais de servi\u00e7o por um sistema \u00fanico em todo o pa\u00eds a partir de 1\u00ba de setembro.&nbsp;A mudan\u00e7a obriga o uso exclusivo do Emissor Nacional da Nota Fiscal de Servi\u00e7o eletr\u00f4nica (NFS-e), substituindo os sistemas pr\u00f3prios de [&hellip;]\" \/>\n<meta property=\"og:url\" content=\"https:\/\/progresso.com.br\/index.php\/2026\/04\/30\/simples-exigira-nota-fiscal-nacional-unica-a-partir-de-setembro\/\" \/>\n<meta property=\"og:site_name\" content=\"O PROGRESSO\" \/>\n<meta property=\"article:publisher\" content=\"https:\/\/www.facebook.com\/share\/1CeoksKBj6\/\" \/>\n<meta property=\"article:published_time\" content=\"2026-04-30T11:11:00+00:00\" \/>\n<meta property=\"article:modified_time\" content=\"2026-04-30T11:11:35+00:00\" \/>\n<meta property=\"og:image\" content=\"https:\/\/progresso.com.br\/wp-content\/uploads\/2026\/04\/comercio.jpg\" \/>\n\t<meta property=\"og:image:width\" content=\"1300\" \/>\n\t<meta property=\"og:image:height\" content=\"867\" \/>\n\t<meta property=\"og:image:type\" content=\"image\/jpeg\" \/>\n<meta name=\"author\" content=\"Alfredo\" \/>\n<meta name=\"twitter:card\" content=\"summary_large_image\" \/>\n<meta name=\"twitter:label1\" content=\"Escrito por\" \/>\n\t<meta name=\"twitter:data1\" content=\"Alfredo\" \/>\n\t<meta name=\"twitter:label2\" content=\"Est. tempo de leitura\" \/>\n\t<meta name=\"twitter:data2\" content=\"3 minutos\" \/>\n<script type=\"application\/ld+json\" class=\"yoast-schema-graph\">{\"@context\":\"https:\/\/schema.org\",\"@graph\":[{\"@type\":\"Article\",\"@id\":\"https:\/\/progresso.com.br\/index.php\/2026\/04\/30\/simples-exigira-nota-fiscal-nacional-unica-a-partir-de-setembro\/#article\",\"isPartOf\":{\"@id\":\"https:\/\/progresso.com.br\/index.php\/2026\/04\/30\/simples-exigira-nota-fiscal-nacional-unica-a-partir-de-setembro\/\"},\"author\":{\"name\":\"Alfredo\",\"@id\":\"https:\/\/progresso.com.br\/#\/schema\/person\/b7390ac97c5e156cc2e02aa8e88f1bf2\"},\"headline\":\"Simples exigir\u00e1 nota fiscal nacional \u00fanica a partir de setembro\",\"datePublished\":\"2026-04-30T11:11:00+00:00\",\"dateModified\":\"2026-04-30T11:11:35+00:00\",\"mainEntityOfPage\":{\"@id\":\"https:\/\/progresso.com.br\/index.php\/2026\/04\/30\/simples-exigira-nota-fiscal-nacional-unica-a-partir-de-setembro\/\"},\"wordCount\":460,\"commentCount\":0,\"publisher\":{\"@id\":\"https:\/\/progresso.com.br\/#organization\"},\"image\":{\"@id\":\"https:\/\/progresso.com.br\/index.php\/2026\/04\/30\/simples-exigira-nota-fiscal-nacional-unica-a-partir-de-setembro\/#primaryimage\"},\"thumbnailUrl\":\"https:\/\/progresso.com.br\/wp-content\/uploads\/2026\/04\/comercio.jpg\",\"articleSection\":[\"Cotidiano\",\"Em destaque\"],\"inLanguage\":\"pt-BR\",\"potentialAction\":[{\"@type\":\"CommentAction\",\"name\":\"Comment\",\"target\":[\"https:\/\/progresso.com.br\/index.php\/2026\/04\/30\/simples-exigira-nota-fiscal-nacional-unica-a-partir-de-setembro\/#respond\"]}]},{\"@type\":\"WebPage\",\"@id\":\"https:\/\/progresso.com.br\/index.php\/2026\/04\/30\/simples-exigira-nota-fiscal-nacional-unica-a-partir-de-setembro\/\",\"url\":\"https:\/\/progresso.com.br\/index.php\/2026\/04\/30\/simples-exigira-nota-fiscal-nacional-unica-a-partir-de-setembro\/\",\"name\":\"Simples exigir\u00e1 nota fiscal nacional \u00fanica a partir de setembro - O PROGRESSO\",\"isPartOf\":{\"@id\":\"https:\/\/progresso.com.br\/#website\"},\"primaryImageOfPage\":{\"@id\":\"https:\/\/progresso.com.br\/index.php\/2026\/04\/30\/simples-exigira-nota-fiscal-nacional-unica-a-partir-de-setembro\/#primaryimage\"},\"image\":{\"@id\":\"https:\/\/progresso.com.br\/index.php\/2026\/04\/30\/simples-exigira-nota-fiscal-nacional-unica-a-partir-de-setembro\/#primaryimage\"},\"thumbnailUrl\":\"https:\/\/progresso.com.br\/wp-content\/uploads\/2026\/04\/comercio.jpg\",\"datePublished\":\"2026-04-30T11:11:00+00:00\",\"dateModified\":\"2026-04-30T11:11:35+00:00\",\"breadcrumb\":{\"@id\":\"https:\/\/progresso.com.br\/index.php\/2026\/04\/30\/simples-exigira-nota-fiscal-nacional-unica-a-partir-de-setembro\/#breadcrumb\"},\"inLanguage\":\"pt-BR\",\"potentialAction\":[{\"@type\":\"ReadAction\",\"target\":[\"https:\/\/progresso.com.br\/index.php\/2026\/04\/30\/simples-exigira-nota-fiscal-nacional-unica-a-partir-de-setembro\/\"]}]},{\"@type\":\"ImageObject\",\"inLanguage\":\"pt-BR\",\"@id\":\"https:\/\/progresso.com.br\/index.php\/2026\/04\/30\/simples-exigira-nota-fiscal-nacional-unica-a-partir-de-setembro\/#primaryimage\",\"url\":\"https:\/\/progresso.com.br\/wp-content\/uploads\/2026\/04\/comercio.jpg\",\"contentUrl\":\"https:\/\/progresso.com.br\/wp-content\/uploads\/2026\/04\/comercio.jpg\",\"width\":1300,\"height\":867,\"caption\":\"Pequenas empresas ter\u00e3o que usar emissor padr\u00e3o da NFS-e.\"},{\"@type\":\"BreadcrumbList\",\"@id\":\"https:\/\/progresso.com.br\/index.php\/2026\/04\/30\/simples-exigira-nota-fiscal-nacional-unica-a-partir-de-setembro\/#breadcrumb\",\"itemListElement\":[{\"@type\":\"ListItem\",\"position\":1,\"name\":\"In\u00edcio\",\"item\":\"https:\/\/progresso.com.br\/\"},{\"@type\":\"ListItem\",\"position\":2,\"name\":\"Simples exigir\u00e1 nota fiscal nacional \u00fanica a partir de setembro\"}]},{\"@type\":\"WebSite\",\"@id\":\"https:\/\/progresso.com.br\/#website\",\"url\":\"https:\/\/progresso.com.br\/\",\"name\":\"O PROGRESSO\",\"description\":\"\",\"publisher\":{\"@id\":\"https:\/\/progresso.com.br\/#organization\"},\"potentialAction\":[{\"@type\":\"SearchAction\",\"target\":{\"@type\":\"EntryPoint\",\"urlTemplate\":\"https:\/\/progresso.com.br\/?s={search_term_string}\"},\"query-input\":{\"@type\":\"PropertyValueSpecification\",\"valueRequired\":true,\"valueName\":\"search_term_string\"}}],\"inLanguage\":\"pt-BR\"},{\"@type\":\"Organization\",\"@id\":\"https:\/\/progresso.com.br\/#organization\",\"name\":\"O PROGRESSO\",\"url\":\"https:\/\/progresso.com.br\/\",\"logo\":{\"@type\":\"ImageObject\",\"inLanguage\":\"pt-BR\",\"@id\":\"https:\/\/progresso.com.br\/#\/schema\/logo\/image\/\",\"url\":\"https:\/\/progresso.com.br\/wp-content\/uploads\/2026\/03\/logo_proog.jpg\",\"contentUrl\":\"https:\/\/progresso.com.br\/wp-content\/uploads\/2026\/03\/logo_proog.jpg\",\"width\":1960,\"height\":1080,\"caption\":\"O PROGRESSO\"},\"image\":{\"@id\":\"https:\/\/progresso.com.br\/#\/schema\/logo\/image\/\"},\"sameAs\":[\"https:\/\/www.facebook.com\/share\/1CeoksKBj6\/\",\"https:\/\/www.instagram.com\/oprogresso_digital\"]},{\"@type\":\"Person\",\"@id\":\"https:\/\/progresso.com.br\/#\/schema\/person\/b7390ac97c5e156cc2e02aa8e88f1bf2\",\"name\":\"Alfredo\",\"image\":{\"@type\":\"ImageObject\",\"inLanguage\":\"pt-BR\",\"@id\":\"https:\/\/progresso.com.br\/#\/schema\/person\/image\/\",\"url\":\"https:\/\/secure.gravatar.com\/avatar\/ca208a3111522ad69d765c6f0ea1ce4742c74e10aba78ae7158042d704d65a9f?s=96&d=mm&r=g\",\"contentUrl\":\"https:\/\/secure.gravatar.com\/avatar\/ca208a3111522ad69d765c6f0ea1ce4742c74e10aba78ae7158042d704d65a9f?s=96&d=mm&r=g\",\"caption\":\"Alfredo\"},\"url\":\"https:\/\/progresso.com.br\/index.php\/author\/alfredo\/\"}]}<\/script>\n<!-- \/ Yoast SEO plugin. -->","yoast_head_json":{"title":"Simples exigir\u00e1 nota fiscal nacional \u00fanica a partir de setembro - O PROGRESSO","robots":{"index":"index","follow":"follow","max-snippet":"max-snippet:-1","max-image-preview":"max-image-preview:large","max-video-preview":"max-video-preview:-1"},"canonical":"https:\/\/progresso.com.br\/index.php\/2026\/04\/30\/simples-exigira-nota-fiscal-nacional-unica-a-partir-de-setembro\/","og_locale":"pt_BR","og_type":"article","og_title":"Simples exigir\u00e1 nota fiscal nacional \u00fanica a partir de setembro - O PROGRESSO","og_description":"Wellton M\u00e1ximo, da Ag\u00eancia Brasil As micro e pequenas empresas enquadradas no Simples Nacional ter\u00e3o que emitir notas fiscais de servi\u00e7o por um sistema \u00fanico em todo o pa\u00eds a partir de 1\u00ba de setembro.&nbsp;A mudan\u00e7a obriga o uso exclusivo do Emissor Nacional da Nota Fiscal de Servi\u00e7o eletr\u00f4nica (NFS-e), substituindo os sistemas pr\u00f3prios de [&hellip;]","og_url":"https:\/\/progresso.com.br\/index.php\/2026\/04\/30\/simples-exigira-nota-fiscal-nacional-unica-a-partir-de-setembro\/","og_site_name":"O PROGRESSO","article_publisher":"https:\/\/www.facebook.com\/share\/1CeoksKBj6\/","article_published_time":"2026-04-30T11:11:00+00:00","article_modified_time":"2026-04-30T11:11:35+00:00","og_image":[{"width":1300,"height":867,"url":"https:\/\/progresso.com.br\/wp-content\/uploads\/2026\/04\/comercio.jpg","type":"image\/jpeg"}],"author":"Alfredo","twitter_card":"summary_large_image","twitter_misc":{"Escrito por":"Alfredo","Est. tempo de leitura":"3 minutos"},"schema":{"@context":"https:\/\/schema.org","@graph":[{"@type":"Article","@id":"https:\/\/progresso.com.br\/index.php\/2026\/04\/30\/simples-exigira-nota-fiscal-nacional-unica-a-partir-de-setembro\/#article","isPartOf":{"@id":"https:\/\/progresso.com.br\/index.php\/2026\/04\/30\/simples-exigira-nota-fiscal-nacional-unica-a-partir-de-setembro\/"},"author":{"name":"Alfredo","@id":"https:\/\/progresso.com.br\/#\/schema\/person\/b7390ac97c5e156cc2e02aa8e88f1bf2"},"headline":"Simples exigir\u00e1 nota fiscal nacional \u00fanica a partir de setembro","datePublished":"2026-04-30T11:11:00+00:00","dateModified":"2026-04-30T11:11:35+00:00","mainEntityOfPage":{"@id":"https:\/\/progresso.com.br\/index.php\/2026\/04\/30\/simples-exigira-nota-fiscal-nacional-unica-a-partir-de-setembro\/"},"wordCount":460,"commentCount":0,"publisher":{"@id":"https:\/\/progresso.com.br\/#organization"},"image":{"@id":"https:\/\/progresso.com.br\/index.php\/2026\/04\/30\/simples-exigira-nota-fiscal-nacional-unica-a-partir-de-setembro\/#primaryimage"},"thumbnailUrl":"https:\/\/progresso.com.br\/wp-content\/uploads\/2026\/04\/comercio.jpg","articleSection":["Cotidiano","Em destaque"],"inLanguage":"pt-BR","potentialAction":[{"@type":"CommentAction","name":"Comment","target":["https:\/\/progresso.com.br\/index.php\/2026\/04\/30\/simples-exigira-nota-fiscal-nacional-unica-a-partir-de-setembro\/#respond"]}]},{"@type":"WebPage","@id":"https:\/\/progresso.com.br\/index.php\/2026\/04\/30\/simples-exigira-nota-fiscal-nacional-unica-a-partir-de-setembro\/","url":"https:\/\/progresso.com.br\/index.php\/2026\/04\/30\/simples-exigira-nota-fiscal-nacional-unica-a-partir-de-setembro\/","name":"Simples exigir\u00e1 nota fiscal nacional \u00fanica a partir de setembro - O PROGRESSO","isPartOf":{"@id":"https:\/\/progresso.com.br\/#website"},"primaryImageOfPage":{"@id":"https:\/\/progresso.com.br\/index.php\/2026\/04\/30\/simples-exigira-nota-fiscal-nacional-unica-a-partir-de-setembro\/#primaryimage"},"image":{"@id":"https:\/\/progresso.com.br\/index.php\/2026\/04\/30\/simples-exigira-nota-fiscal-nacional-unica-a-partir-de-setembro\/#primaryimage"},"thumbnailUrl":"https:\/\/progresso.com.br\/wp-content\/uploads\/2026\/04\/comercio.jpg","datePublished":"2026-04-30T11:11:00+00:00","dateModified":"2026-04-30T11:11:35+00:00","breadcrumb":{"@id":"https:\/\/progresso.com.br\/index.php\/2026\/04\/30\/simples-exigira-nota-fiscal-nacional-unica-a-partir-de-setembro\/#breadcrumb"},"inLanguage":"pt-BR","potentialAction":[{"@type":"ReadAction","target":["https:\/\/progresso.com.br\/index.php\/2026\/04\/30\/simples-exigira-nota-fiscal-nacional-unica-a-partir-de-setembro\/"]}]},{"@type":"ImageObject","inLanguage":"pt-BR","@id":"https:\/\/progresso.com.br\/index.php\/2026\/04\/30\/simples-exigira-nota-fiscal-nacional-unica-a-partir-de-setembro\/#primaryimage","url":"https:\/\/progresso.com.br\/wp-content\/uploads\/2026\/04\/comercio.jpg","contentUrl":"https:\/\/progresso.com.br\/wp-content\/uploads\/2026\/04\/comercio.jpg","width":1300,"height":867,"caption":"Pequenas empresas ter\u00e3o que usar emissor padr\u00e3o da NFS-e."},{"@type":"BreadcrumbList","@id":"https:\/\/progresso.com.br\/index.php\/2026\/04\/30\/simples-exigira-nota-fiscal-nacional-unica-a-partir-de-setembro\/#breadcrumb","itemListElement":[{"@type":"ListItem","position":1,"name":"In\u00edcio","item":"https:\/\/progresso.com.br\/"},{"@type":"ListItem","position":2,"name":"Simples exigir\u00e1 nota fiscal nacional \u00fanica a partir de setembro"}]},{"@type":"WebSite","@id":"https:\/\/progresso.com.br\/#website","url":"https:\/\/progresso.com.br\/","name":"O PROGRESSO","description":"","publisher":{"@id":"https:\/\/progresso.com.br\/#organization"},"potentialAction":[{"@type":"SearchAction","target":{"@type":"EntryPoint","urlTemplate":"https:\/\/progresso.com.br\/?s={search_term_string}"},"query-input":{"@type":"PropertyValueSpecification","valueRequired":true,"valueName":"search_term_string"}}],"inLanguage":"pt-BR"},{"@type":"Organization","@id":"https:\/\/progresso.com.br\/#organization","name":"O PROGRESSO","url":"https:\/\/progresso.com.br\/","logo":{"@type":"ImageObject","inLanguage":"pt-BR","@id":"https:\/\/progresso.com.br\/#\/schema\/logo\/image\/","url":"https:\/\/progresso.com.br\/wp-content\/uploads\/2026\/03\/logo_proog.jpg","contentUrl":"https:\/\/progresso.com.br\/wp-content\/uploads\/2026\/03\/logo_proog.jpg","width":1960,"height":1080,"caption":"O PROGRESSO"},"image":{"@id":"https:\/\/progresso.com.br\/#\/schema\/logo\/image\/"},"sameAs":["https:\/\/www.facebook.com\/share\/1CeoksKBj6\/","https:\/\/www.instagram.com\/oprogresso_digital"]},{"@type":"Person","@id":"https:\/\/progresso.com.br\/#\/schema\/person\/b7390ac97c5e156cc2e02aa8e88f1bf2","name":"Alfredo","image":{"@type":"ImageObject","inLanguage":"pt-BR","@id":"https:\/\/progresso.com.br\/#\/schema\/person\/image\/","url":"https:\/\/secure.gravatar.com\/avatar\/ca208a3111522ad69d765c6f0ea1ce4742c74e10aba78ae7158042d704d65a9f?s=96&d=mm&r=g","contentUrl":"https:\/\/secure.gravatar.com\/avatar\/ca208a3111522ad69d765c6f0ea1ce4742c74e10aba78ae7158042d704d65a9f?s=96&d=mm&r=g","caption":"Alfredo"},"url":"https:\/\/progresso.com.br\/index.php\/author\/alfredo\/"}]}},"_links":{"self":[{"href":"https:\/\/progresso.com.br\/index.php\/wp-json\/wp\/v2\/posts\/5149","targetHints":{"allow":["GET"]}}],"collection":[{"href":"https:\/\/progresso.com.br\/index.php\/wp-json\/wp\/v2\/posts"}],"about":[{"href":"https:\/\/progresso.com.br\/index.php\/wp-json\/wp\/v2\/types\/post"}],"author":[{"embeddable":true,"href":"https:\/\/progresso.com.br\/index.php\/wp-json\/wp\/v2\/users\/3"}],"replies":[{"embeddable":true,"href":"https:\/\/progresso.com.br\/index.php\/wp-json\/wp\/v2\/comments?post=5149"}],"version-history":[{"count":1,"href":"https:\/\/progresso.com.br\/index.php\/wp-json\/wp\/v2\/posts\/5149\/revisions"}],"predecessor-version":[{"id":5151,"href":"https:\/\/progresso.com.br\/index.php\/wp-json\/wp\/v2\/posts\/5149\/revisions\/5151"}],"wp:featuredmedia":[{"embeddable":true,"href":"https:\/\/progresso.com.br\/index.php\/wp-json\/wp\/v2\/media\/5150"}],"wp:attachment":[{"href":"https:\/\/progresso.com.br\/index.php\/wp-json\/wp\/v2\/media?parent=5149"}],"wp:term":[{"taxonomy":"category","embeddable":true,"href":"https:\/\/progresso.com.br\/index.php\/wp-json\/wp\/v2\/categories?post=5149"},{"taxonomy":"post_tag","embeddable":true,"href":"https:\/\/progresso.com.br\/index.php\/wp-json\/wp\/v2\/tags?post=5149"}],"curies":[{"name":"wp","href":"https:\/\/api.w.org\/{rel}","templated":true}]}}