{"id":5152,"date":"2026-04-30T06:57:00","date_gmt":"2026-04-30T10:57:00","guid":{"rendered":"https:\/\/progresso.com.br\/?p=5152"},"modified":"2026-04-30T07:11:58","modified_gmt":"2026-04-30T11:11:58","slug":"operario-empata-com-capital-e-fica-fora-da-sequencia-da-copa-verde","status":"publish","type":"post","link":"https:\/\/progresso.com.br\/index.php\/2026\/04\/30\/operario-empata-com-capital-e-fica-fora-da-sequencia-da-copa-verde\/","title":{"rendered":"Oper\u00e1rio empata com Capital e fica fora da sequ\u00eancia da Copa Verde"},"content":{"rendered":"\n<p><strong><em>Galo precisaria da vit\u00f3ria, mas ficou no 2 a 2, resultado que eliminou os dois clubes<br><\/em><\/strong><\/p>\n\n\n\n<p><strong><em>Rog\u00e9rio Vidmantas<\/em><\/strong><\/p>\n\n\n\n<p>Fim de Copa Verde para o Oper\u00e1rio FC. Nesta quarta-feira (29), pela quinta e \u00faltima rodada da primeira fase, o Galo visitou o Capital-DF, em Bras\u00edlia, com a obriga\u00e7\u00e3o de vit\u00f3ria, mas ficou no empate em 2 a 2. Danilinho e Andr\u00e9 marcaram os gols do time alvinegro, com Deizinho e Cezinha igualando para o time do Distrito Federal.<\/p>\n\n\n\n<p>Nas outras partidas do Grupo A da Copa Centro-Oeste, o Aragua\u00edna-TO, de virada, perdeu para o Vila Nova-GO por 2 a 1, enquanto Primavera-MT e Rio Branco-ES ficaram no empate sem gols. Com os resultados, Vila Nova, Rio Branco e Oper\u00e1rio terminaram juntos, com oito pontos, mas o saldo de gols tirou os sul-mato-grossenses da semifinal.&nbsp;<\/p>\n\n\n\n<p><strong>Gols<\/strong><\/p>\n\n\n\n<p>A partida no Est\u00e1dio JK teve o placar aberto pelo Oper\u00e1rio aos nove minutos do primeiro tempo. Em jogada pela esquerda, Alex Choco abriu a jogada para Breno Chaves e o lateral fez o cruzamento na medida para Danilinho, na \u00e1rea, pegar de primeira e marcar um belo gol. A vantagem seguiu at\u00e9 o \u00faltimo lance antes do intervalo, j\u00e1 aos 53 minutos. Em cobran\u00e7a de lateral pela esquerda, Mira desviou de cabe\u00e7a e Deizinho foi mais r\u00e1pido que o zagueiro Gabriel Teixeira e o goleiro Luiz Felipe e desviou para as redes operarianas.<\/p>\n\n\n\n<p>No segundo tempo, o placar seguiu igual at\u00e9 os acr\u00e9scimos, quando o Capital fez o gol da virada aos 48 minutos. Cezinha fez a jogada saindo da esquerda, tabelou com Nescau que fez o piv\u00f4 e, da entrada da \u00e1rea, acertou chute certeiro, rasteiro na esquerda, para fazer 2 a 1. Aos 52 minutos, Alex Choco puxou contra-ataque, rolou para Luizinho que deu o passe para Andr\u00e9, livre na \u00e1rea, bater e fechar o jogo com 2 a 2 no placar.<\/p>\n\n\n\n<p><strong>Pr\u00f3xima Fase<\/strong><\/p>\n\n\n\n<p>Na semifinal da Copa Centro-Oeste, o Vila Nova enfrenta o An\u00e1polis-GO, enquanto o Gama-DF joga contra o Rio Branco. Na Copa Norte, o Nacional-AM enfrenta o Gazin Porto Velho-RO e, na outra chave, se enfrentam \u00c1guia de Marab\u00e1-PA e Paysandu-PA.&nbsp;<\/p>\n\n\n\n<p>O campe\u00e3o da Copa Centro-Oeste e o campe\u00e3o da Copa Norte disputam o t\u00edtulo da Copa Verde.<\/p>\n","protected":false},"excerpt":{"rendered":"<p>Galo precisaria da vit\u00f3ria, mas ficou no 2 a 2, resultado que eliminou os dois clubes Rog\u00e9rio Vidmantas Fim de Copa Verde para o Oper\u00e1rio FC. Nesta quarta-feira (29), pela quinta e \u00faltima rodada da primeira fase, o Galo visitou o Capital-DF, em Bras\u00edlia, com a obriga\u00e7\u00e3o de vit\u00f3ria, mas ficou no empate em 2 [&hellip;]<\/p>\n","protected":false},"author":5,"featured_media":5153,"comment_status":"open","ping_status":"open","sticky":false,"template":"","format":"standard","meta":{"footnotes":""},"categories":[2,17],"tags":[],"class_list":["post-5152","post","type-post","status-publish","format-standard","has-post-thumbnail","hentry","category-destaque","category-esporte"],"yoast_head":"<!-- This site is optimized with the Yoast SEO plugin v27.1.1 - https:\/\/yoast.com\/product\/yoast-seo-wordpress\/ -->\n<title>Oper\u00e1rio empata com Capital e fica fora da sequ\u00eancia da Copa Verde - O PROGRESSO<\/title>\n<meta name=\"robots\" content=\"index, follow, max-snippet:-1, max-image-preview:large, max-video-preview:-1\" \/>\n<link rel=\"canonical\" href=\"https:\/\/progresso.com.br\/index.php\/2026\/04\/30\/operario-empata-com-capital-e-fica-fora-da-sequencia-da-copa-verde\/\" \/>\n<meta property=\"og:locale\" content=\"pt_BR\" \/>\n<meta property=\"og:type\" content=\"article\" \/>\n<meta property=\"og:title\" content=\"Oper\u00e1rio empata com Capital e fica fora da sequ\u00eancia da Copa Verde - O PROGRESSO\" \/>\n<meta property=\"og:description\" content=\"Galo precisaria da vit\u00f3ria, mas ficou no 2 a 2, resultado que eliminou os dois clubes Rog\u00e9rio Vidmantas Fim de Copa Verde para o Oper\u00e1rio FC. Nesta quarta-feira (29), pela quinta e \u00faltima rodada da primeira fase, o Galo visitou o Capital-DF, em Bras\u00edlia, com a obriga\u00e7\u00e3o de vit\u00f3ria, mas ficou no empate em 2 [&hellip;]\" \/>\n<meta property=\"og:url\" content=\"https:\/\/progresso.com.br\/index.php\/2026\/04\/30\/operario-empata-com-capital-e-fica-fora-da-sequencia-da-copa-verde\/\" \/>\n<meta property=\"og:site_name\" content=\"O PROGRESSO\" \/>\n<meta property=\"article:publisher\" content=\"https:\/\/www.facebook.com\/share\/1CeoksKBj6\/\" \/>\n<meta property=\"article:published_time\" content=\"2026-04-30T10:57:00+00:00\" \/>\n<meta property=\"article:modified_time\" content=\"2026-04-30T11:11:58+00:00\" \/>\n<meta property=\"og:image\" content=\"https:\/\/progresso.com.br\/wp-content\/uploads\/2026\/04\/CAP-x-OFC-2904a-FS.jpg\" \/>\n\t<meta property=\"og:image:width\" content=\"1350\" \/>\n\t<meta property=\"og:image:height\" content=\"900\" \/>\n\t<meta property=\"og:image:type\" content=\"image\/jpeg\" \/>\n<meta name=\"author\" content=\"Rog\u00e9rio Vidmantas\" \/>\n<meta name=\"twitter:card\" content=\"summary_large_image\" \/>\n<meta name=\"twitter:label1\" content=\"Escrito por\" \/>\n\t<meta name=\"twitter:data1\" content=\"Rog\u00e9rio Vidmantas\" \/>\n\t<meta name=\"twitter:label2\" content=\"Est. tempo de leitura\" \/>\n\t<meta name=\"twitter:data2\" content=\"3 minutos\" \/>\n<script type=\"application\/ld+json\" class=\"yoast-schema-graph\">{\"@context\":\"https:\/\/schema.org\",\"@graph\":[{\"@type\":\"Article\",\"@id\":\"https:\/\/progresso.com.br\/index.php\/2026\/04\/30\/operario-empata-com-capital-e-fica-fora-da-sequencia-da-copa-verde\/#article\",\"isPartOf\":{\"@id\":\"https:\/\/progresso.com.br\/index.php\/2026\/04\/30\/operario-empata-com-capital-e-fica-fora-da-sequencia-da-copa-verde\/\"},\"author\":{\"name\":\"Rog\u00e9rio Vidmantas\",\"@id\":\"https:\/\/progresso.com.br\/#\/schema\/person\/471791cc575a7e23811d1070fa9d20ee\"},\"headline\":\"Oper\u00e1rio empata com Capital e fica fora da sequ\u00eancia da Copa Verde\",\"datePublished\":\"2026-04-30T10:57:00+00:00\",\"dateModified\":\"2026-04-30T11:11:58+00:00\",\"mainEntityOfPage\":{\"@id\":\"https:\/\/progresso.com.br\/index.php\/2026\/04\/30\/operario-empata-com-capital-e-fica-fora-da-sequencia-da-copa-verde\/\"},\"wordCount\":390,\"commentCount\":0,\"publisher\":{\"@id\":\"https:\/\/progresso.com.br\/#organization\"},\"image\":{\"@id\":\"https:\/\/progresso.com.br\/index.php\/2026\/04\/30\/operario-empata-com-capital-e-fica-fora-da-sequencia-da-copa-verde\/#primaryimage\"},\"thumbnailUrl\":\"https:\/\/progresso.com.br\/wp-content\/uploads\/2026\/04\/CAP-x-OFC-2904a-FS.jpg\",\"articleSection\":[\"Em destaque\",\"Esporte\"],\"inLanguage\":\"pt-BR\",\"potentialAction\":[{\"@type\":\"CommentAction\",\"name\":\"Comment\",\"target\":[\"https:\/\/progresso.com.br\/index.php\/2026\/04\/30\/operario-empata-com-capital-e-fica-fora-da-sequencia-da-copa-verde\/#respond\"]}]},{\"@type\":\"WebPage\",\"@id\":\"https:\/\/progresso.com.br\/index.php\/2026\/04\/30\/operario-empata-com-capital-e-fica-fora-da-sequencia-da-copa-verde\/\",\"url\":\"https:\/\/progresso.com.br\/index.php\/2026\/04\/30\/operario-empata-com-capital-e-fica-fora-da-sequencia-da-copa-verde\/\",\"name\":\"Oper\u00e1rio empata com Capital e fica fora da sequ\u00eancia da Copa Verde - O PROGRESSO\",\"isPartOf\":{\"@id\":\"https:\/\/progresso.com.br\/#website\"},\"primaryImageOfPage\":{\"@id\":\"https:\/\/progresso.com.br\/index.php\/2026\/04\/30\/operario-empata-com-capital-e-fica-fora-da-sequencia-da-copa-verde\/#primaryimage\"},\"image\":{\"@id\":\"https:\/\/progresso.com.br\/index.php\/2026\/04\/30\/operario-empata-com-capital-e-fica-fora-da-sequencia-da-copa-verde\/#primaryimage\"},\"thumbnailUrl\":\"https:\/\/progresso.com.br\/wp-content\/uploads\/2026\/04\/CAP-x-OFC-2904a-FS.jpg\",\"datePublished\":\"2026-04-30T10:57:00+00:00\",\"dateModified\":\"2026-04-30T11:11:58+00:00\",\"breadcrumb\":{\"@id\":\"https:\/\/progresso.com.br\/index.php\/2026\/04\/30\/operario-empata-com-capital-e-fica-fora-da-sequencia-da-copa-verde\/#breadcrumb\"},\"inLanguage\":\"pt-BR\",\"potentialAction\":[{\"@type\":\"ReadAction\",\"target\":[\"https:\/\/progresso.com.br\/index.php\/2026\/04\/30\/operario-empata-com-capital-e-fica-fora-da-sequencia-da-copa-verde\/\"]}]},{\"@type\":\"ImageObject\",\"inLanguage\":\"pt-BR\",\"@id\":\"https:\/\/progresso.com.br\/index.php\/2026\/04\/30\/operario-empata-com-capital-e-fica-fora-da-sequencia-da-copa-verde\/#primaryimage\",\"url\":\"https:\/\/progresso.com.br\/wp-content\/uploads\/2026\/04\/CAP-x-OFC-2904a-FS.jpg\",\"contentUrl\":\"https:\/\/progresso.com.br\/wp-content\/uploads\/2026\/04\/CAP-x-OFC-2904a-FS.jpg\",\"width\":1350,\"height\":900,\"caption\":\"Vit\u00f3ria no DF daria lideran\u00e7a ao Oper\u00e1rio, mas faltou um gol para superar o Capital (Foto: @felipesurto\/Oper\u00e1rio FC)\"},{\"@type\":\"BreadcrumbList\",\"@id\":\"https:\/\/progresso.com.br\/index.php\/2026\/04\/30\/operario-empata-com-capital-e-fica-fora-da-sequencia-da-copa-verde\/#breadcrumb\",\"itemListElement\":[{\"@type\":\"ListItem\",\"position\":1,\"name\":\"In\u00edcio\",\"item\":\"https:\/\/progresso.com.br\/\"},{\"@type\":\"ListItem\",\"position\":2,\"name\":\"Oper\u00e1rio empata com Capital e fica fora da sequ\u00eancia da Copa Verde\"}]},{\"@type\":\"WebSite\",\"@id\":\"https:\/\/progresso.com.br\/#website\",\"url\":\"https:\/\/progresso.com.br\/\",\"name\":\"O PROGRESSO\",\"description\":\"\",\"publisher\":{\"@id\":\"https:\/\/progresso.com.br\/#organization\"},\"potentialAction\":[{\"@type\":\"SearchAction\",\"target\":{\"@type\":\"EntryPoint\",\"urlTemplate\":\"https:\/\/progresso.com.br\/?s={search_term_string}\"},\"query-input\":{\"@type\":\"PropertyValueSpecification\",\"valueRequired\":true,\"valueName\":\"search_term_string\"}}],\"inLanguage\":\"pt-BR\"},{\"@type\":\"Organization\",\"@id\":\"https:\/\/progresso.com.br\/#organization\",\"name\":\"O PROGRESSO\",\"url\":\"https:\/\/progresso.com.br\/\",\"logo\":{\"@type\":\"ImageObject\",\"inLanguage\":\"pt-BR\",\"@id\":\"https:\/\/progresso.com.br\/#\/schema\/logo\/image\/\",\"url\":\"https:\/\/progresso.com.br\/wp-content\/uploads\/2026\/03\/logo_proog.jpg\",\"contentUrl\":\"https:\/\/progresso.com.br\/wp-content\/uploads\/2026\/03\/logo_proog.jpg\",\"width\":1960,\"height\":1080,\"caption\":\"O PROGRESSO\"},\"image\":{\"@id\":\"https:\/\/progresso.com.br\/#\/schema\/logo\/image\/\"},\"sameAs\":[\"https:\/\/www.facebook.com\/share\/1CeoksKBj6\/\",\"https:\/\/www.instagram.com\/oprogresso_digital\"]},{\"@type\":\"Person\",\"@id\":\"https:\/\/progresso.com.br\/#\/schema\/person\/471791cc575a7e23811d1070fa9d20ee\",\"name\":\"Rog\u00e9rio Vidmantas\",\"image\":{\"@type\":\"ImageObject\",\"inLanguage\":\"pt-BR\",\"@id\":\"https:\/\/progresso.com.br\/#\/schema\/person\/image\/\",\"url\":\"https:\/\/secure.gravatar.com\/avatar\/10a86aae4992f407879fa7e12fb476cdff79509ad9ec42967d62b4fbcee7c57b?s=96&d=mm&r=g\",\"contentUrl\":\"https:\/\/secure.gravatar.com\/avatar\/10a86aae4992f407879fa7e12fb476cdff79509ad9ec42967d62b4fbcee7c57b?s=96&d=mm&r=g\",\"caption\":\"Rog\u00e9rio Vidmantas\"},\"url\":\"https:\/\/progresso.com.br\/index.php\/author\/vidmantas\/\"}]}<\/script>\n<!-- \/ Yoast SEO plugin. -->","yoast_head_json":{"title":"Oper\u00e1rio empata com Capital e fica fora da sequ\u00eancia da Copa Verde - O PROGRESSO","robots":{"index":"index","follow":"follow","max-snippet":"max-snippet:-1","max-image-preview":"max-image-preview:large","max-video-preview":"max-video-preview:-1"},"canonical":"https:\/\/progresso.com.br\/index.php\/2026\/04\/30\/operario-empata-com-capital-e-fica-fora-da-sequencia-da-copa-verde\/","og_locale":"pt_BR","og_type":"article","og_title":"Oper\u00e1rio empata com Capital e fica fora da sequ\u00eancia da Copa Verde - O PROGRESSO","og_description":"Galo precisaria da vit\u00f3ria, mas ficou no 2 a 2, resultado que eliminou os dois clubes Rog\u00e9rio Vidmantas Fim de Copa Verde para o Oper\u00e1rio FC. Nesta quarta-feira (29), pela quinta e \u00faltima rodada da primeira fase, o Galo visitou o Capital-DF, em Bras\u00edlia, com a obriga\u00e7\u00e3o de vit\u00f3ria, mas ficou no empate em 2 [&hellip;]","og_url":"https:\/\/progresso.com.br\/index.php\/2026\/04\/30\/operario-empata-com-capital-e-fica-fora-da-sequencia-da-copa-verde\/","og_site_name":"O PROGRESSO","article_publisher":"https:\/\/www.facebook.com\/share\/1CeoksKBj6\/","article_published_time":"2026-04-30T10:57:00+00:00","article_modified_time":"2026-04-30T11:11:58+00:00","og_image":[{"width":1350,"height":900,"url":"https:\/\/progresso.com.br\/wp-content\/uploads\/2026\/04\/CAP-x-OFC-2904a-FS.jpg","type":"image\/jpeg"}],"author":"Rog\u00e9rio Vidmantas","twitter_card":"summary_large_image","twitter_misc":{"Escrito por":"Rog\u00e9rio Vidmantas","Est. tempo de leitura":"3 minutos"},"schema":{"@context":"https:\/\/schema.org","@graph":[{"@type":"Article","@id":"https:\/\/progresso.com.br\/index.php\/2026\/04\/30\/operario-empata-com-capital-e-fica-fora-da-sequencia-da-copa-verde\/#article","isPartOf":{"@id":"https:\/\/progresso.com.br\/index.php\/2026\/04\/30\/operario-empata-com-capital-e-fica-fora-da-sequencia-da-copa-verde\/"},"author":{"name":"Rog\u00e9rio Vidmantas","@id":"https:\/\/progresso.com.br\/#\/schema\/person\/471791cc575a7e23811d1070fa9d20ee"},"headline":"Oper\u00e1rio empata com Capital e fica fora da sequ\u00eancia da Copa Verde","datePublished":"2026-04-30T10:57:00+00:00","dateModified":"2026-04-30T11:11:58+00:00","mainEntityOfPage":{"@id":"https:\/\/progresso.com.br\/index.php\/2026\/04\/30\/operario-empata-com-capital-e-fica-fora-da-sequencia-da-copa-verde\/"},"wordCount":390,"commentCount":0,"publisher":{"@id":"https:\/\/progresso.com.br\/#organization"},"image":{"@id":"https:\/\/progresso.com.br\/index.php\/2026\/04\/30\/operario-empata-com-capital-e-fica-fora-da-sequencia-da-copa-verde\/#primaryimage"},"thumbnailUrl":"https:\/\/progresso.com.br\/wp-content\/uploads\/2026\/04\/CAP-x-OFC-2904a-FS.jpg","articleSection":["Em destaque","Esporte"],"inLanguage":"pt-BR","potentialAction":[{"@type":"CommentAction","name":"Comment","target":["https:\/\/progresso.com.br\/index.php\/2026\/04\/30\/operario-empata-com-capital-e-fica-fora-da-sequencia-da-copa-verde\/#respond"]}]},{"@type":"WebPage","@id":"https:\/\/progresso.com.br\/index.php\/2026\/04\/30\/operario-empata-com-capital-e-fica-fora-da-sequencia-da-copa-verde\/","url":"https:\/\/progresso.com.br\/index.php\/2026\/04\/30\/operario-empata-com-capital-e-fica-fora-da-sequencia-da-copa-verde\/","name":"Oper\u00e1rio empata com Capital e fica fora da sequ\u00eancia da Copa Verde - O PROGRESSO","isPartOf":{"@id":"https:\/\/progresso.com.br\/#website"},"primaryImageOfPage":{"@id":"https:\/\/progresso.com.br\/index.php\/2026\/04\/30\/operario-empata-com-capital-e-fica-fora-da-sequencia-da-copa-verde\/#primaryimage"},"image":{"@id":"https:\/\/progresso.com.br\/index.php\/2026\/04\/30\/operario-empata-com-capital-e-fica-fora-da-sequencia-da-copa-verde\/#primaryimage"},"thumbnailUrl":"https:\/\/progresso.com.br\/wp-content\/uploads\/2026\/04\/CAP-x-OFC-2904a-FS.jpg","datePublished":"2026-04-30T10:57:00+00:00","dateModified":"2026-04-30T11:11:58+00:00","breadcrumb":{"@id":"https:\/\/progresso.com.br\/index.php\/2026\/04\/30\/operario-empata-com-capital-e-fica-fora-da-sequencia-da-copa-verde\/#breadcrumb"},"inLanguage":"pt-BR","potentialAction":[{"@type":"ReadAction","target":["https:\/\/progresso.com.br\/index.php\/2026\/04\/30\/operario-empata-com-capital-e-fica-fora-da-sequencia-da-copa-verde\/"]}]},{"@type":"ImageObject","inLanguage":"pt-BR","@id":"https:\/\/progresso.com.br\/index.php\/2026\/04\/30\/operario-empata-com-capital-e-fica-fora-da-sequencia-da-copa-verde\/#primaryimage","url":"https:\/\/progresso.com.br\/wp-content\/uploads\/2026\/04\/CAP-x-OFC-2904a-FS.jpg","contentUrl":"https:\/\/progresso.com.br\/wp-content\/uploads\/2026\/04\/CAP-x-OFC-2904a-FS.jpg","width":1350,"height":900,"caption":"Vit\u00f3ria no DF daria lideran\u00e7a ao Oper\u00e1rio, mas faltou um gol para superar o Capital (Foto: @felipesurto\/Oper\u00e1rio FC)"},{"@type":"BreadcrumbList","@id":"https:\/\/progresso.com.br\/index.php\/2026\/04\/30\/operario-empata-com-capital-e-fica-fora-da-sequencia-da-copa-verde\/#breadcrumb","itemListElement":[{"@type":"ListItem","position":1,"name":"In\u00edcio","item":"https:\/\/progresso.com.br\/"},{"@type":"ListItem","position":2,"name":"Oper\u00e1rio empata com Capital e fica fora da sequ\u00eancia da Copa Verde"}]},{"@type":"WebSite","@id":"https:\/\/progresso.com.br\/#website","url":"https:\/\/progresso.com.br\/","name":"O PROGRESSO","description":"","publisher":{"@id":"https:\/\/progresso.com.br\/#organization"},"potentialAction":[{"@type":"SearchAction","target":{"@type":"EntryPoint","urlTemplate":"https:\/\/progresso.com.br\/?s={search_term_string}"},"query-input":{"@type":"PropertyValueSpecification","valueRequired":true,"valueName":"search_term_string"}}],"inLanguage":"pt-BR"},{"@type":"Organization","@id":"https:\/\/progresso.com.br\/#organization","name":"O PROGRESSO","url":"https:\/\/progresso.com.br\/","logo":{"@type":"ImageObject","inLanguage":"pt-BR","@id":"https:\/\/progresso.com.br\/#\/schema\/logo\/image\/","url":"https:\/\/progresso.com.br\/wp-content\/uploads\/2026\/03\/logo_proog.jpg","contentUrl":"https:\/\/progresso.com.br\/wp-content\/uploads\/2026\/03\/logo_proog.jpg","width":1960,"height":1080,"caption":"O PROGRESSO"},"image":{"@id":"https:\/\/progresso.com.br\/#\/schema\/logo\/image\/"},"sameAs":["https:\/\/www.facebook.com\/share\/1CeoksKBj6\/","https:\/\/www.instagram.com\/oprogresso_digital"]},{"@type":"Person","@id":"https:\/\/progresso.com.br\/#\/schema\/person\/471791cc575a7e23811d1070fa9d20ee","name":"Rog\u00e9rio Vidmantas","image":{"@type":"ImageObject","inLanguage":"pt-BR","@id":"https:\/\/progresso.com.br\/#\/schema\/person\/image\/","url":"https:\/\/secure.gravatar.com\/avatar\/10a86aae4992f407879fa7e12fb476cdff79509ad9ec42967d62b4fbcee7c57b?s=96&d=mm&r=g","contentUrl":"https:\/\/secure.gravatar.com\/avatar\/10a86aae4992f407879fa7e12fb476cdff79509ad9ec42967d62b4fbcee7c57b?s=96&d=mm&r=g","caption":"Rog\u00e9rio Vidmantas"},"url":"https:\/\/progresso.com.br\/index.php\/author\/vidmantas\/"}]}},"_links":{"self":[{"href":"https:\/\/progresso.com.br\/index.php\/wp-json\/wp\/v2\/posts\/5152","targetHints":{"allow":["GET"]}}],"collection":[{"href":"https:\/\/progresso.com.br\/index.php\/wp-json\/wp\/v2\/posts"}],"about":[{"href":"https:\/\/progresso.com.br\/index.php\/wp-json\/wp\/v2\/types\/post"}],"author":[{"embeddable":true,"href":"https:\/\/progresso.com.br\/index.php\/wp-json\/wp\/v2\/users\/5"}],"replies":[{"embeddable":true,"href":"https:\/\/progresso.com.br\/index.php\/wp-json\/wp\/v2\/comments?post=5152"}],"version-history":[{"count":1,"href":"https:\/\/progresso.com.br\/index.php\/wp-json\/wp\/v2\/posts\/5152\/revisions"}],"predecessor-version":[{"id":5154,"href":"https:\/\/progresso.com.br\/index.php\/wp-json\/wp\/v2\/posts\/5152\/revisions\/5154"}],"wp:featuredmedia":[{"embeddable":true,"href":"https:\/\/progresso.com.br\/index.php\/wp-json\/wp\/v2\/media\/5153"}],"wp:attachment":[{"href":"https:\/\/progresso.com.br\/index.php\/wp-json\/wp\/v2\/media?parent=5152"}],"wp:term":[{"taxonomy":"category","embeddable":true,"href":"https:\/\/progresso.com.br\/index.php\/wp-json\/wp\/v2\/categories?post=5152"},{"taxonomy":"post_tag","embeddable":true,"href":"https:\/\/progresso.com.br\/index.php\/wp-json\/wp\/v2\/tags?post=5152"}],"curies":[{"name":"wp","href":"https:\/\/api.w.org\/{rel}","templated":true}]}}