{"id":5158,"date":"2026-04-30T08:22:45","date_gmt":"2026-04-30T12:22:45","guid":{"rendered":"https:\/\/progresso.com.br\/?p=5158"},"modified":"2026-04-30T08:22:46","modified_gmt":"2026-04-30T12:22:46","slug":"cultura-seleciona-atracoes-regionais-para-o-festival-america-do-sul-2026","status":"publish","type":"post","link":"https:\/\/progresso.com.br\/index.php\/2026\/04\/30\/cultura-seleciona-atracoes-regionais-para-o-festival-america-do-sul-2026\/","title":{"rendered":"Cultura seleciona atra\u00e7\u00f5es regionais para o Festival Am\u00e9rica do Sul 2026"},"content":{"rendered":"\n<p><em>Comunica\u00e7\u00e3o Setesc<\/em><\/p>\n\n\n\n<p>A Funda\u00e7\u00e3o de Cultura de MS abriu inscri\u00e7\u00f5es para selecionar artistas do Estado para o 19\u00ba Festival Am\u00e9rica do Sul \u2013 2026, que ser\u00e1 realizado de 14 a 17 de maio, em Corumb\u00e1. O evento busca valorizar a diversidade cultural e ampliar o acesso \u00e0 cultura.<\/p>\n\n\n\n<p>Podem participar artistas residentes em MS, com apenas uma proposta por proponente. N\u00e3o ser\u00e3o aceitos trabalhos que j\u00e1 integraram a edi\u00e7\u00e3o de 2025. A sele\u00e7\u00e3o ser\u00e1 feita por comiss\u00e3o t\u00e9cnica, com crit\u00e9rios de transpar\u00eancia e isonomia.<\/p>\n\n\n\n<p>As inscri\u00e7\u00f5es seguem at\u00e9 4 de maio, exclusivamente on-line. H\u00e1 vagas para teatro, circo, dan\u00e7a, m\u00fasica, cultura de rua, ballroom (oficina) e moda. Os cach\u00eas variam de R$ 2,5 mil a R$ 20 mil, conforme a categoria.<\/p>\n\n\n\n<p>Os selecionados devem arcar com custos de transporte, hospedagem e equipe. Caso as vagas n\u00e3o sejam preenchidas, a organiza\u00e7\u00e3o poder\u00e1 convidar artistas que atendam aos requisitos.<\/p>\n\n\n\n<p>Mais informa\u00e7\u00f5es podem ser obtidas pelo e-mail: <a>festivalamericadosul2026@gmail.com<\/a>.<\/p>\n","protected":false},"excerpt":{"rendered":"<p>Comunica\u00e7\u00e3o Setesc A Funda\u00e7\u00e3o de Cultura de MS abriu inscri\u00e7\u00f5es para selecionar artistas do Estado para o 19\u00ba Festival Am\u00e9rica do Sul \u2013 2026, que ser\u00e1 realizado de 14 a 17 de maio, em Corumb\u00e1. O evento busca valorizar a diversidade cultural e ampliar o acesso \u00e0 cultura. Podem participar artistas residentes em MS, com [&hellip;]<\/p>\n","protected":false},"author":2,"featured_media":5159,"comment_status":"open","ping_status":"open","sticky":false,"template":"","format":"standard","meta":{"footnotes":""},"categories":[19,2],"tags":[],"class_list":["post-5158","post","type-post","status-publish","format-standard","has-post-thumbnail","hentry","category-cultura","category-destaque"],"yoast_head":"<!-- This site is optimized with the Yoast SEO plugin v27.1.1 - https:\/\/yoast.com\/product\/yoast-seo-wordpress\/ -->\n<title>Cultura seleciona atra\u00e7\u00f5es regionais para o Festival Am\u00e9rica do Sul 2026 - O PROGRESSO<\/title>\n<meta name=\"robots\" content=\"index, follow, max-snippet:-1, max-image-preview:large, max-video-preview:-1\" \/>\n<link rel=\"canonical\" href=\"https:\/\/progresso.com.br\/index.php\/2026\/04\/30\/cultura-seleciona-atracoes-regionais-para-o-festival-america-do-sul-2026\/\" \/>\n<meta property=\"og:locale\" content=\"pt_BR\" \/>\n<meta property=\"og:type\" content=\"article\" \/>\n<meta property=\"og:title\" content=\"Cultura seleciona atra\u00e7\u00f5es regionais para o Festival Am\u00e9rica do Sul 2026 - O PROGRESSO\" \/>\n<meta property=\"og:description\" content=\"Comunica\u00e7\u00e3o Setesc A Funda\u00e7\u00e3o de Cultura de MS abriu inscri\u00e7\u00f5es para selecionar artistas do Estado para o 19\u00ba Festival Am\u00e9rica do Sul \u2013 2026, que ser\u00e1 realizado de 14 a 17 de maio, em Corumb\u00e1. O evento busca valorizar a diversidade cultural e ampliar o acesso \u00e0 cultura. Podem participar artistas residentes em MS, com [&hellip;]\" \/>\n<meta property=\"og:url\" content=\"https:\/\/progresso.com.br\/index.php\/2026\/04\/30\/cultura-seleciona-atracoes-regionais-para-o-festival-america-do-sul-2026\/\" \/>\n<meta property=\"og:site_name\" content=\"O PROGRESSO\" \/>\n<meta property=\"article:publisher\" content=\"https:\/\/www.facebook.com\/share\/1CeoksKBj6\/\" \/>\n<meta property=\"article:published_time\" content=\"2026-04-30T12:22:45+00:00\" \/>\n<meta property=\"article:modified_time\" content=\"2026-04-30T12:22:46+00:00\" \/>\n<meta property=\"og:image\" content=\"https:\/\/progresso.com.br\/wp-content\/uploads\/2026\/04\/batalha-do-porto-FAS-730x480-1.jpg\" \/>\n\t<meta property=\"og:image:width\" content=\"730\" \/>\n\t<meta property=\"og:image:height\" content=\"480\" \/>\n\t<meta property=\"og:image:type\" content=\"image\/jpeg\" \/>\n<meta name=\"author\" content=\"Rose\" \/>\n<meta name=\"twitter:card\" content=\"summary_large_image\" \/>\n<meta name=\"twitter:label1\" content=\"Escrito por\" \/>\n\t<meta name=\"twitter:data1\" content=\"Rose\" \/>\n\t<meta name=\"twitter:label2\" content=\"Est. tempo de leitura\" \/>\n\t<meta name=\"twitter:data2\" content=\"2 minutos\" \/>\n<script type=\"application\/ld+json\" class=\"yoast-schema-graph\">{\"@context\":\"https:\/\/schema.org\",\"@graph\":[{\"@type\":\"Article\",\"@id\":\"https:\/\/progresso.com.br\/index.php\/2026\/04\/30\/cultura-seleciona-atracoes-regionais-para-o-festival-america-do-sul-2026\/#article\",\"isPartOf\":{\"@id\":\"https:\/\/progresso.com.br\/index.php\/2026\/04\/30\/cultura-seleciona-atracoes-regionais-para-o-festival-america-do-sul-2026\/\"},\"author\":{\"name\":\"Rose\",\"@id\":\"https:\/\/progresso.com.br\/#\/schema\/person\/5dd27138d4463fbbaace62120bfc002b\"},\"headline\":\"Cultura seleciona atra\u00e7\u00f5es regionais para o Festival Am\u00e9rica do Sul 2026\",\"datePublished\":\"2026-04-30T12:22:45+00:00\",\"dateModified\":\"2026-04-30T12:22:46+00:00\",\"mainEntityOfPage\":{\"@id\":\"https:\/\/progresso.com.br\/index.php\/2026\/04\/30\/cultura-seleciona-atracoes-regionais-para-o-festival-america-do-sul-2026\/\"},\"wordCount\":178,\"commentCount\":0,\"publisher\":{\"@id\":\"https:\/\/progresso.com.br\/#organization\"},\"image\":{\"@id\":\"https:\/\/progresso.com.br\/index.php\/2026\/04\/30\/cultura-seleciona-atracoes-regionais-para-o-festival-america-do-sul-2026\/#primaryimage\"},\"thumbnailUrl\":\"https:\/\/progresso.com.br\/wp-content\/uploads\/2026\/04\/batalha-do-porto-FAS-730x480-1.jpg\",\"articleSection\":[\"Cultura\",\"Em destaque\"],\"inLanguage\":\"pt-BR\",\"potentialAction\":[{\"@type\":\"CommentAction\",\"name\":\"Comment\",\"target\":[\"https:\/\/progresso.com.br\/index.php\/2026\/04\/30\/cultura-seleciona-atracoes-regionais-para-o-festival-america-do-sul-2026\/#respond\"]}]},{\"@type\":\"WebPage\",\"@id\":\"https:\/\/progresso.com.br\/index.php\/2026\/04\/30\/cultura-seleciona-atracoes-regionais-para-o-festival-america-do-sul-2026\/\",\"url\":\"https:\/\/progresso.com.br\/index.php\/2026\/04\/30\/cultura-seleciona-atracoes-regionais-para-o-festival-america-do-sul-2026\/\",\"name\":\"Cultura seleciona atra\u00e7\u00f5es regionais para o Festival Am\u00e9rica do Sul 2026 - O PROGRESSO\",\"isPartOf\":{\"@id\":\"https:\/\/progresso.com.br\/#website\"},\"primaryImageOfPage\":{\"@id\":\"https:\/\/progresso.com.br\/index.php\/2026\/04\/30\/cultura-seleciona-atracoes-regionais-para-o-festival-america-do-sul-2026\/#primaryimage\"},\"image\":{\"@id\":\"https:\/\/progresso.com.br\/index.php\/2026\/04\/30\/cultura-seleciona-atracoes-regionais-para-o-festival-america-do-sul-2026\/#primaryimage\"},\"thumbnailUrl\":\"https:\/\/progresso.com.br\/wp-content\/uploads\/2026\/04\/batalha-do-porto-FAS-730x480-1.jpg\",\"datePublished\":\"2026-04-30T12:22:45+00:00\",\"dateModified\":\"2026-04-30T12:22:46+00:00\",\"breadcrumb\":{\"@id\":\"https:\/\/progresso.com.br\/index.php\/2026\/04\/30\/cultura-seleciona-atracoes-regionais-para-o-festival-america-do-sul-2026\/#breadcrumb\"},\"inLanguage\":\"pt-BR\",\"potentialAction\":[{\"@type\":\"ReadAction\",\"target\":[\"https:\/\/progresso.com.br\/index.php\/2026\/04\/30\/cultura-seleciona-atracoes-regionais-para-o-festival-america-do-sul-2026\/\"]}]},{\"@type\":\"ImageObject\",\"inLanguage\":\"pt-BR\",\"@id\":\"https:\/\/progresso.com.br\/index.php\/2026\/04\/30\/cultura-seleciona-atracoes-regionais-para-o-festival-america-do-sul-2026\/#primaryimage\",\"url\":\"https:\/\/progresso.com.br\/wp-content\/uploads\/2026\/04\/batalha-do-porto-FAS-730x480-1.jpg\",\"contentUrl\":\"https:\/\/progresso.com.br\/wp-content\/uploads\/2026\/04\/batalha-do-porto-FAS-730x480-1.jpg\",\"width\":730,\"height\":480,\"caption\":\"(Foto: Divulga\u00e7\u00e3o)\"},{\"@type\":\"BreadcrumbList\",\"@id\":\"https:\/\/progresso.com.br\/index.php\/2026\/04\/30\/cultura-seleciona-atracoes-regionais-para-o-festival-america-do-sul-2026\/#breadcrumb\",\"itemListElement\":[{\"@type\":\"ListItem\",\"position\":1,\"name\":\"In\u00edcio\",\"item\":\"https:\/\/progresso.com.br\/\"},{\"@type\":\"ListItem\",\"position\":2,\"name\":\"Cultura seleciona atra\u00e7\u00f5es regionais para o Festival Am\u00e9rica do Sul 2026\"}]},{\"@type\":\"WebSite\",\"@id\":\"https:\/\/progresso.com.br\/#website\",\"url\":\"https:\/\/progresso.com.br\/\",\"name\":\"O PROGRESSO\",\"description\":\"\",\"publisher\":{\"@id\":\"https:\/\/progresso.com.br\/#organization\"},\"potentialAction\":[{\"@type\":\"SearchAction\",\"target\":{\"@type\":\"EntryPoint\",\"urlTemplate\":\"https:\/\/progresso.com.br\/?s={search_term_string}\"},\"query-input\":{\"@type\":\"PropertyValueSpecification\",\"valueRequired\":true,\"valueName\":\"search_term_string\"}}],\"inLanguage\":\"pt-BR\"},{\"@type\":\"Organization\",\"@id\":\"https:\/\/progresso.com.br\/#organization\",\"name\":\"O PROGRESSO\",\"url\":\"https:\/\/progresso.com.br\/\",\"logo\":{\"@type\":\"ImageObject\",\"inLanguage\":\"pt-BR\",\"@id\":\"https:\/\/progresso.com.br\/#\/schema\/logo\/image\/\",\"url\":\"https:\/\/progresso.com.br\/wp-content\/uploads\/2026\/03\/logo_proog.jpg\",\"contentUrl\":\"https:\/\/progresso.com.br\/wp-content\/uploads\/2026\/03\/logo_proog.jpg\",\"width\":1960,\"height\":1080,\"caption\":\"O PROGRESSO\"},\"image\":{\"@id\":\"https:\/\/progresso.com.br\/#\/schema\/logo\/image\/\"},\"sameAs\":[\"https:\/\/www.facebook.com\/share\/1CeoksKBj6\/\",\"https:\/\/www.instagram.com\/oprogresso_digital\"]},{\"@type\":\"Person\",\"@id\":\"https:\/\/progresso.com.br\/#\/schema\/person\/5dd27138d4463fbbaace62120bfc002b\",\"name\":\"Rose\",\"image\":{\"@type\":\"ImageObject\",\"inLanguage\":\"pt-BR\",\"@id\":\"https:\/\/progresso.com.br\/#\/schema\/person\/image\/\",\"url\":\"https:\/\/secure.gravatar.com\/avatar\/1b6890e759cdd3a88d9f751cb423720b9861c5239167cd3586355638b6556599?s=96&d=mm&r=g\",\"contentUrl\":\"https:\/\/secure.gravatar.com\/avatar\/1b6890e759cdd3a88d9f751cb423720b9861c5239167cd3586355638b6556599?s=96&d=mm&r=g\",\"caption\":\"Rose\"},\"url\":\"https:\/\/progresso.com.br\/index.php\/author\/rose\/\"}]}<\/script>\n<!-- \/ Yoast SEO plugin. -->","yoast_head_json":{"title":"Cultura seleciona atra\u00e7\u00f5es regionais para o Festival Am\u00e9rica do Sul 2026 - O PROGRESSO","robots":{"index":"index","follow":"follow","max-snippet":"max-snippet:-1","max-image-preview":"max-image-preview:large","max-video-preview":"max-video-preview:-1"},"canonical":"https:\/\/progresso.com.br\/index.php\/2026\/04\/30\/cultura-seleciona-atracoes-regionais-para-o-festival-america-do-sul-2026\/","og_locale":"pt_BR","og_type":"article","og_title":"Cultura seleciona atra\u00e7\u00f5es regionais para o Festival Am\u00e9rica do Sul 2026 - O PROGRESSO","og_description":"Comunica\u00e7\u00e3o Setesc A Funda\u00e7\u00e3o de Cultura de MS abriu inscri\u00e7\u00f5es para selecionar artistas do Estado para o 19\u00ba Festival Am\u00e9rica do Sul \u2013 2026, que ser\u00e1 realizado de 14 a 17 de maio, em Corumb\u00e1. O evento busca valorizar a diversidade cultural e ampliar o acesso \u00e0 cultura. Podem participar artistas residentes em MS, com [&hellip;]","og_url":"https:\/\/progresso.com.br\/index.php\/2026\/04\/30\/cultura-seleciona-atracoes-regionais-para-o-festival-america-do-sul-2026\/","og_site_name":"O PROGRESSO","article_publisher":"https:\/\/www.facebook.com\/share\/1CeoksKBj6\/","article_published_time":"2026-04-30T12:22:45+00:00","article_modified_time":"2026-04-30T12:22:46+00:00","og_image":[{"width":730,"height":480,"url":"https:\/\/progresso.com.br\/wp-content\/uploads\/2026\/04\/batalha-do-porto-FAS-730x480-1.jpg","type":"image\/jpeg"}],"author":"Rose","twitter_card":"summary_large_image","twitter_misc":{"Escrito por":"Rose","Est. tempo de leitura":"2 minutos"},"schema":{"@context":"https:\/\/schema.org","@graph":[{"@type":"Article","@id":"https:\/\/progresso.com.br\/index.php\/2026\/04\/30\/cultura-seleciona-atracoes-regionais-para-o-festival-america-do-sul-2026\/#article","isPartOf":{"@id":"https:\/\/progresso.com.br\/index.php\/2026\/04\/30\/cultura-seleciona-atracoes-regionais-para-o-festival-america-do-sul-2026\/"},"author":{"name":"Rose","@id":"https:\/\/progresso.com.br\/#\/schema\/person\/5dd27138d4463fbbaace62120bfc002b"},"headline":"Cultura seleciona atra\u00e7\u00f5es regionais para o Festival Am\u00e9rica do Sul 2026","datePublished":"2026-04-30T12:22:45+00:00","dateModified":"2026-04-30T12:22:46+00:00","mainEntityOfPage":{"@id":"https:\/\/progresso.com.br\/index.php\/2026\/04\/30\/cultura-seleciona-atracoes-regionais-para-o-festival-america-do-sul-2026\/"},"wordCount":178,"commentCount":0,"publisher":{"@id":"https:\/\/progresso.com.br\/#organization"},"image":{"@id":"https:\/\/progresso.com.br\/index.php\/2026\/04\/30\/cultura-seleciona-atracoes-regionais-para-o-festival-america-do-sul-2026\/#primaryimage"},"thumbnailUrl":"https:\/\/progresso.com.br\/wp-content\/uploads\/2026\/04\/batalha-do-porto-FAS-730x480-1.jpg","articleSection":["Cultura","Em destaque"],"inLanguage":"pt-BR","potentialAction":[{"@type":"CommentAction","name":"Comment","target":["https:\/\/progresso.com.br\/index.php\/2026\/04\/30\/cultura-seleciona-atracoes-regionais-para-o-festival-america-do-sul-2026\/#respond"]}]},{"@type":"WebPage","@id":"https:\/\/progresso.com.br\/index.php\/2026\/04\/30\/cultura-seleciona-atracoes-regionais-para-o-festival-america-do-sul-2026\/","url":"https:\/\/progresso.com.br\/index.php\/2026\/04\/30\/cultura-seleciona-atracoes-regionais-para-o-festival-america-do-sul-2026\/","name":"Cultura seleciona atra\u00e7\u00f5es regionais para o Festival Am\u00e9rica do Sul 2026 - O PROGRESSO","isPartOf":{"@id":"https:\/\/progresso.com.br\/#website"},"primaryImageOfPage":{"@id":"https:\/\/progresso.com.br\/index.php\/2026\/04\/30\/cultura-seleciona-atracoes-regionais-para-o-festival-america-do-sul-2026\/#primaryimage"},"image":{"@id":"https:\/\/progresso.com.br\/index.php\/2026\/04\/30\/cultura-seleciona-atracoes-regionais-para-o-festival-america-do-sul-2026\/#primaryimage"},"thumbnailUrl":"https:\/\/progresso.com.br\/wp-content\/uploads\/2026\/04\/batalha-do-porto-FAS-730x480-1.jpg","datePublished":"2026-04-30T12:22:45+00:00","dateModified":"2026-04-30T12:22:46+00:00","breadcrumb":{"@id":"https:\/\/progresso.com.br\/index.php\/2026\/04\/30\/cultura-seleciona-atracoes-regionais-para-o-festival-america-do-sul-2026\/#breadcrumb"},"inLanguage":"pt-BR","potentialAction":[{"@type":"ReadAction","target":["https:\/\/progresso.com.br\/index.php\/2026\/04\/30\/cultura-seleciona-atracoes-regionais-para-o-festival-america-do-sul-2026\/"]}]},{"@type":"ImageObject","inLanguage":"pt-BR","@id":"https:\/\/progresso.com.br\/index.php\/2026\/04\/30\/cultura-seleciona-atracoes-regionais-para-o-festival-america-do-sul-2026\/#primaryimage","url":"https:\/\/progresso.com.br\/wp-content\/uploads\/2026\/04\/batalha-do-porto-FAS-730x480-1.jpg","contentUrl":"https:\/\/progresso.com.br\/wp-content\/uploads\/2026\/04\/batalha-do-porto-FAS-730x480-1.jpg","width":730,"height":480,"caption":"(Foto: Divulga\u00e7\u00e3o)"},{"@type":"BreadcrumbList","@id":"https:\/\/progresso.com.br\/index.php\/2026\/04\/30\/cultura-seleciona-atracoes-regionais-para-o-festival-america-do-sul-2026\/#breadcrumb","itemListElement":[{"@type":"ListItem","position":1,"name":"In\u00edcio","item":"https:\/\/progresso.com.br\/"},{"@type":"ListItem","position":2,"name":"Cultura seleciona atra\u00e7\u00f5es regionais para o Festival Am\u00e9rica do Sul 2026"}]},{"@type":"WebSite","@id":"https:\/\/progresso.com.br\/#website","url":"https:\/\/progresso.com.br\/","name":"O PROGRESSO","description":"","publisher":{"@id":"https:\/\/progresso.com.br\/#organization"},"potentialAction":[{"@type":"SearchAction","target":{"@type":"EntryPoint","urlTemplate":"https:\/\/progresso.com.br\/?s={search_term_string}"},"query-input":{"@type":"PropertyValueSpecification","valueRequired":true,"valueName":"search_term_string"}}],"inLanguage":"pt-BR"},{"@type":"Organization","@id":"https:\/\/progresso.com.br\/#organization","name":"O PROGRESSO","url":"https:\/\/progresso.com.br\/","logo":{"@type":"ImageObject","inLanguage":"pt-BR","@id":"https:\/\/progresso.com.br\/#\/schema\/logo\/image\/","url":"https:\/\/progresso.com.br\/wp-content\/uploads\/2026\/03\/logo_proog.jpg","contentUrl":"https:\/\/progresso.com.br\/wp-content\/uploads\/2026\/03\/logo_proog.jpg","width":1960,"height":1080,"caption":"O PROGRESSO"},"image":{"@id":"https:\/\/progresso.com.br\/#\/schema\/logo\/image\/"},"sameAs":["https:\/\/www.facebook.com\/share\/1CeoksKBj6\/","https:\/\/www.instagram.com\/oprogresso_digital"]},{"@type":"Person","@id":"https:\/\/progresso.com.br\/#\/schema\/person\/5dd27138d4463fbbaace62120bfc002b","name":"Rose","image":{"@type":"ImageObject","inLanguage":"pt-BR","@id":"https:\/\/progresso.com.br\/#\/schema\/person\/image\/","url":"https:\/\/secure.gravatar.com\/avatar\/1b6890e759cdd3a88d9f751cb423720b9861c5239167cd3586355638b6556599?s=96&d=mm&r=g","contentUrl":"https:\/\/secure.gravatar.com\/avatar\/1b6890e759cdd3a88d9f751cb423720b9861c5239167cd3586355638b6556599?s=96&d=mm&r=g","caption":"Rose"},"url":"https:\/\/progresso.com.br\/index.php\/author\/rose\/"}]}},"_links":{"self":[{"href":"https:\/\/progresso.com.br\/index.php\/wp-json\/wp\/v2\/posts\/5158","targetHints":{"allow":["GET"]}}],"collection":[{"href":"https:\/\/progresso.com.br\/index.php\/wp-json\/wp\/v2\/posts"}],"about":[{"href":"https:\/\/progresso.com.br\/index.php\/wp-json\/wp\/v2\/types\/post"}],"author":[{"embeddable":true,"href":"https:\/\/progresso.com.br\/index.php\/wp-json\/wp\/v2\/users\/2"}],"replies":[{"embeddable":true,"href":"https:\/\/progresso.com.br\/index.php\/wp-json\/wp\/v2\/comments?post=5158"}],"version-history":[{"count":1,"href":"https:\/\/progresso.com.br\/index.php\/wp-json\/wp\/v2\/posts\/5158\/revisions"}],"predecessor-version":[{"id":5160,"href":"https:\/\/progresso.com.br\/index.php\/wp-json\/wp\/v2\/posts\/5158\/revisions\/5160"}],"wp:featuredmedia":[{"embeddable":true,"href":"https:\/\/progresso.com.br\/index.php\/wp-json\/wp\/v2\/media\/5159"}],"wp:attachment":[{"href":"https:\/\/progresso.com.br\/index.php\/wp-json\/wp\/v2\/media?parent=5158"}],"wp:term":[{"taxonomy":"category","embeddable":true,"href":"https:\/\/progresso.com.br\/index.php\/wp-json\/wp\/v2\/categories?post=5158"},{"taxonomy":"post_tag","embeddable":true,"href":"https:\/\/progresso.com.br\/index.php\/wp-json\/wp\/v2\/tags?post=5158"}],"curies":[{"name":"wp","href":"https:\/\/api.w.org\/{rel}","templated":true}]}}