{"id":5171,"date":"2026-04-30T08:28:14","date_gmt":"2026-04-30T12:28:14","guid":{"rendered":"https:\/\/progresso.com.br\/?p=5171"},"modified":"2026-04-30T09:47:21","modified_gmt":"2026-04-30T13:47:21","slug":"acao-conjunta-de-vacinacao-fortalece-integracao-entre-brasil-e-paraguai-na-fronteira","status":"publish","type":"post","link":"https:\/\/progresso.com.br\/index.php\/2026\/04\/30\/acao-conjunta-de-vacinacao-fortalece-integracao-entre-brasil-e-paraguai-na-fronteira\/","title":{"rendered":"A\u00e7\u00e3o conjunta de vacina\u00e7\u00e3o fortalece integra\u00e7\u00e3o entre Brasil e Paraguai na fronteira"},"content":{"rendered":"\n<p><em><strong>Mobiliza\u00e7\u00e3o binacional no Dia D da Semana de Vacina\u00e7\u00e3o nas Am\u00e9ricas leva imuniza\u00e7\u00e3o e a\u00e7\u00f5es de sa\u00fade \u00e0 linha internacional entre os dois pa\u00edses<\/strong><\/em><\/p>\n\n\n\n<p><em>Comunica\u00e7\u00e3o SES<\/em><\/p>\n\n\n\n<p>A fronteira entre Ponta Por\u00e3 e Pedro Juan Caballero sediou o lan\u00e7amento da Semana de Vacina\u00e7\u00e3o nas Am\u00e9ricas 2026, com um Dia D de mobiliza\u00e7\u00e3o para ampliar a imuniza\u00e7\u00e3o em \u00e1reas binacionais.<\/p>\n\n\n\n<p>A a\u00e7\u00e3o ocorreu simultaneamente nos dois pa\u00edses, reunindo equipes de sa\u00fade, autoridades e moradores. Devido ao intenso fluxo de pessoas, a vacina\u00e7\u00e3o na fronteira \u00e9 considerada estrat\u00e9gica para prevenir a circula\u00e7\u00e3o de doen\u00e7as.<\/p>\n\n\n\n<p>Autoridades destacam que a integra\u00e7\u00e3o entre os pa\u00edses fortalece a vigil\u00e2ncia em sa\u00fade e amplia a prote\u00e7\u00e3o coletiva, reduzindo casos graves.<\/p>\n\n\n\n<p>A programa\u00e7\u00e3o inclui postos de vacina\u00e7\u00e3o, atendimentos b\u00e1sicos e a\u00e7\u00f5es de promo\u00e7\u00e3o \u00e0 sa\u00fade. Em Mato Grosso do Sul, participam munic\u00edpios de fronteira como Ponta Por\u00e3, Corumb\u00e1, Amambai e Bela Vista, entre outros.<\/p>\n","protected":false},"excerpt":{"rendered":"<p>Mobiliza\u00e7\u00e3o binacional no Dia D da Semana de Vacina\u00e7\u00e3o nas Am\u00e9ricas leva imuniza\u00e7\u00e3o e a\u00e7\u00f5es de sa\u00fade \u00e0 linha internacional entre os dois pa\u00edses Comunica\u00e7\u00e3o SES A fronteira entre Ponta Por\u00e3 e Pedro Juan Caballero sediou o lan\u00e7amento da Semana de Vacina\u00e7\u00e3o nas Am\u00e9ricas 2026, com um Dia D de mobiliza\u00e7\u00e3o para ampliar a imuniza\u00e7\u00e3o [&hellip;]<\/p>\n","protected":false},"author":2,"featured_media":5187,"comment_status":"open","ping_status":"open","sticky":false,"template":"","format":"standard","meta":{"footnotes":""},"categories":[13,2],"tags":[],"class_list":["post-5171","post","type-post","status-publish","format-standard","has-post-thumbnail","hentry","category-cotidiano","category-destaque"],"yoast_head":"<!-- This site is optimized with the Yoast SEO plugin v27.1.1 - https:\/\/yoast.com\/product\/yoast-seo-wordpress\/ -->\n<title>A\u00e7\u00e3o conjunta de vacina\u00e7\u00e3o fortalece integra\u00e7\u00e3o entre Brasil e Paraguai na fronteira - O PROGRESSO<\/title>\n<meta name=\"robots\" content=\"index, follow, max-snippet:-1, max-image-preview:large, max-video-preview:-1\" \/>\n<link rel=\"canonical\" href=\"https:\/\/progresso.com.br\/index.php\/2026\/04\/30\/acao-conjunta-de-vacinacao-fortalece-integracao-entre-brasil-e-paraguai-na-fronteira\/\" \/>\n<meta property=\"og:locale\" content=\"pt_BR\" \/>\n<meta property=\"og:type\" content=\"article\" \/>\n<meta property=\"og:title\" content=\"A\u00e7\u00e3o conjunta de vacina\u00e7\u00e3o fortalece integra\u00e7\u00e3o entre Brasil e Paraguai na fronteira - O PROGRESSO\" \/>\n<meta property=\"og:description\" content=\"Mobiliza\u00e7\u00e3o binacional no Dia D da Semana de Vacina\u00e7\u00e3o nas Am\u00e9ricas leva imuniza\u00e7\u00e3o e a\u00e7\u00f5es de sa\u00fade \u00e0 linha internacional entre os dois pa\u00edses Comunica\u00e7\u00e3o SES A fronteira entre Ponta Por\u00e3 e Pedro Juan Caballero sediou o lan\u00e7amento da Semana de Vacina\u00e7\u00e3o nas Am\u00e9ricas 2026, com um Dia D de mobiliza\u00e7\u00e3o para ampliar a imuniza\u00e7\u00e3o [&hellip;]\" \/>\n<meta property=\"og:url\" content=\"https:\/\/progresso.com.br\/index.php\/2026\/04\/30\/acao-conjunta-de-vacinacao-fortalece-integracao-entre-brasil-e-paraguai-na-fronteira\/\" \/>\n<meta property=\"og:site_name\" content=\"O PROGRESSO\" \/>\n<meta property=\"article:publisher\" content=\"https:\/\/www.facebook.com\/share\/1CeoksKBj6\/\" \/>\n<meta property=\"article:published_time\" content=\"2026-04-30T12:28:14+00:00\" \/>\n<meta property=\"article:modified_time\" content=\"2026-04-30T13:47:21+00:00\" \/>\n<meta property=\"og:image\" content=\"https:\/\/progresso.com.br\/wp-content\/uploads\/2026\/04\/vacinacao-fronteira-capa-730x480-1.jpeg\" \/>\n\t<meta property=\"og:image:width\" content=\"730\" \/>\n\t<meta property=\"og:image:height\" content=\"480\" \/>\n\t<meta property=\"og:image:type\" content=\"image\/jpeg\" \/>\n<meta name=\"author\" content=\"Rose\" \/>\n<meta name=\"twitter:card\" content=\"summary_large_image\" \/>\n<meta name=\"twitter:label1\" content=\"Escrito por\" \/>\n\t<meta name=\"twitter:data1\" content=\"Rose\" \/>\n\t<meta name=\"twitter:label2\" content=\"Est. tempo de leitura\" \/>\n\t<meta name=\"twitter:data2\" content=\"2 minutos\" \/>\n<script type=\"application\/ld+json\" class=\"yoast-schema-graph\">{\"@context\":\"https:\/\/schema.org\",\"@graph\":[{\"@type\":\"Article\",\"@id\":\"https:\/\/progresso.com.br\/index.php\/2026\/04\/30\/acao-conjunta-de-vacinacao-fortalece-integracao-entre-brasil-e-paraguai-na-fronteira\/#article\",\"isPartOf\":{\"@id\":\"https:\/\/progresso.com.br\/index.php\/2026\/04\/30\/acao-conjunta-de-vacinacao-fortalece-integracao-entre-brasil-e-paraguai-na-fronteira\/\"},\"author\":{\"name\":\"Rose\",\"@id\":\"https:\/\/progresso.com.br\/#\/schema\/person\/5dd27138d4463fbbaace62120bfc002b\"},\"headline\":\"A\u00e7\u00e3o conjunta de vacina\u00e7\u00e3o fortalece integra\u00e7\u00e3o entre Brasil e Paraguai na fronteira\",\"datePublished\":\"2026-04-30T12:28:14+00:00\",\"dateModified\":\"2026-04-30T13:47:21+00:00\",\"mainEntityOfPage\":{\"@id\":\"https:\/\/progresso.com.br\/index.php\/2026\/04\/30\/acao-conjunta-de-vacinacao-fortalece-integracao-entre-brasil-e-paraguai-na-fronteira\/\"},\"wordCount\":188,\"commentCount\":0,\"publisher\":{\"@id\":\"https:\/\/progresso.com.br\/#organization\"},\"image\":{\"@id\":\"https:\/\/progresso.com.br\/index.php\/2026\/04\/30\/acao-conjunta-de-vacinacao-fortalece-integracao-entre-brasil-e-paraguai-na-fronteira\/#primaryimage\"},\"thumbnailUrl\":\"https:\/\/progresso.com.br\/wp-content\/uploads\/2026\/04\/vacinacao-fronteira-capa-730x480-1.jpeg\",\"articleSection\":[\"Cotidiano\",\"Em destaque\"],\"inLanguage\":\"pt-BR\",\"potentialAction\":[{\"@type\":\"CommentAction\",\"name\":\"Comment\",\"target\":[\"https:\/\/progresso.com.br\/index.php\/2026\/04\/30\/acao-conjunta-de-vacinacao-fortalece-integracao-entre-brasil-e-paraguai-na-fronteira\/#respond\"]}]},{\"@type\":\"WebPage\",\"@id\":\"https:\/\/progresso.com.br\/index.php\/2026\/04\/30\/acao-conjunta-de-vacinacao-fortalece-integracao-entre-brasil-e-paraguai-na-fronteira\/\",\"url\":\"https:\/\/progresso.com.br\/index.php\/2026\/04\/30\/acao-conjunta-de-vacinacao-fortalece-integracao-entre-brasil-e-paraguai-na-fronteira\/\",\"name\":\"A\u00e7\u00e3o conjunta de vacina\u00e7\u00e3o fortalece integra\u00e7\u00e3o entre Brasil e Paraguai na fronteira - O PROGRESSO\",\"isPartOf\":{\"@id\":\"https:\/\/progresso.com.br\/#website\"},\"primaryImageOfPage\":{\"@id\":\"https:\/\/progresso.com.br\/index.php\/2026\/04\/30\/acao-conjunta-de-vacinacao-fortalece-integracao-entre-brasil-e-paraguai-na-fronteira\/#primaryimage\"},\"image\":{\"@id\":\"https:\/\/progresso.com.br\/index.php\/2026\/04\/30\/acao-conjunta-de-vacinacao-fortalece-integracao-entre-brasil-e-paraguai-na-fronteira\/#primaryimage\"},\"thumbnailUrl\":\"https:\/\/progresso.com.br\/wp-content\/uploads\/2026\/04\/vacinacao-fronteira-capa-730x480-1.jpeg\",\"datePublished\":\"2026-04-30T12:28:14+00:00\",\"dateModified\":\"2026-04-30T13:47:21+00:00\",\"breadcrumb\":{\"@id\":\"https:\/\/progresso.com.br\/index.php\/2026\/04\/30\/acao-conjunta-de-vacinacao-fortalece-integracao-entre-brasil-e-paraguai-na-fronteira\/#breadcrumb\"},\"inLanguage\":\"pt-BR\",\"potentialAction\":[{\"@type\":\"ReadAction\",\"target\":[\"https:\/\/progresso.com.br\/index.php\/2026\/04\/30\/acao-conjunta-de-vacinacao-fortalece-integracao-entre-brasil-e-paraguai-na-fronteira\/\"]}]},{\"@type\":\"ImageObject\",\"inLanguage\":\"pt-BR\",\"@id\":\"https:\/\/progresso.com.br\/index.php\/2026\/04\/30\/acao-conjunta-de-vacinacao-fortalece-integracao-entre-brasil-e-paraguai-na-fronteira\/#primaryimage\",\"url\":\"https:\/\/progresso.com.br\/wp-content\/uploads\/2026\/04\/vacinacao-fronteira-capa-730x480-1.jpeg\",\"contentUrl\":\"https:\/\/progresso.com.br\/wp-content\/uploads\/2026\/04\/vacinacao-fronteira-capa-730x480-1.jpeg\",\"width\":730,\"height\":480},{\"@type\":\"BreadcrumbList\",\"@id\":\"https:\/\/progresso.com.br\/index.php\/2026\/04\/30\/acao-conjunta-de-vacinacao-fortalece-integracao-entre-brasil-e-paraguai-na-fronteira\/#breadcrumb\",\"itemListElement\":[{\"@type\":\"ListItem\",\"position\":1,\"name\":\"In\u00edcio\",\"item\":\"https:\/\/progresso.com.br\/\"},{\"@type\":\"ListItem\",\"position\":2,\"name\":\"A\u00e7\u00e3o conjunta de vacina\u00e7\u00e3o fortalece integra\u00e7\u00e3o entre Brasil e Paraguai na fronteira\"}]},{\"@type\":\"WebSite\",\"@id\":\"https:\/\/progresso.com.br\/#website\",\"url\":\"https:\/\/progresso.com.br\/\",\"name\":\"O PROGRESSO\",\"description\":\"\",\"publisher\":{\"@id\":\"https:\/\/progresso.com.br\/#organization\"},\"potentialAction\":[{\"@type\":\"SearchAction\",\"target\":{\"@type\":\"EntryPoint\",\"urlTemplate\":\"https:\/\/progresso.com.br\/?s={search_term_string}\"},\"query-input\":{\"@type\":\"PropertyValueSpecification\",\"valueRequired\":true,\"valueName\":\"search_term_string\"}}],\"inLanguage\":\"pt-BR\"},{\"@type\":\"Organization\",\"@id\":\"https:\/\/progresso.com.br\/#organization\",\"name\":\"O PROGRESSO\",\"url\":\"https:\/\/progresso.com.br\/\",\"logo\":{\"@type\":\"ImageObject\",\"inLanguage\":\"pt-BR\",\"@id\":\"https:\/\/progresso.com.br\/#\/schema\/logo\/image\/\",\"url\":\"https:\/\/progresso.com.br\/wp-content\/uploads\/2026\/03\/logo_proog.jpg\",\"contentUrl\":\"https:\/\/progresso.com.br\/wp-content\/uploads\/2026\/03\/logo_proog.jpg\",\"width\":1960,\"height\":1080,\"caption\":\"O PROGRESSO\"},\"image\":{\"@id\":\"https:\/\/progresso.com.br\/#\/schema\/logo\/image\/\"},\"sameAs\":[\"https:\/\/www.facebook.com\/share\/1CeoksKBj6\/\",\"https:\/\/www.instagram.com\/oprogresso_digital\"]},{\"@type\":\"Person\",\"@id\":\"https:\/\/progresso.com.br\/#\/schema\/person\/5dd27138d4463fbbaace62120bfc002b\",\"name\":\"Rose\",\"image\":{\"@type\":\"ImageObject\",\"inLanguage\":\"pt-BR\",\"@id\":\"https:\/\/progresso.com.br\/#\/schema\/person\/image\/\",\"url\":\"https:\/\/secure.gravatar.com\/avatar\/1b6890e759cdd3a88d9f751cb423720b9861c5239167cd3586355638b6556599?s=96&d=mm&r=g\",\"contentUrl\":\"https:\/\/secure.gravatar.com\/avatar\/1b6890e759cdd3a88d9f751cb423720b9861c5239167cd3586355638b6556599?s=96&d=mm&r=g\",\"caption\":\"Rose\"},\"url\":\"https:\/\/progresso.com.br\/index.php\/author\/rose\/\"}]}<\/script>\n<!-- \/ Yoast SEO plugin. -->","yoast_head_json":{"title":"A\u00e7\u00e3o conjunta de vacina\u00e7\u00e3o fortalece integra\u00e7\u00e3o entre Brasil e Paraguai na fronteira - O PROGRESSO","robots":{"index":"index","follow":"follow","max-snippet":"max-snippet:-1","max-image-preview":"max-image-preview:large","max-video-preview":"max-video-preview:-1"},"canonical":"https:\/\/progresso.com.br\/index.php\/2026\/04\/30\/acao-conjunta-de-vacinacao-fortalece-integracao-entre-brasil-e-paraguai-na-fronteira\/","og_locale":"pt_BR","og_type":"article","og_title":"A\u00e7\u00e3o conjunta de vacina\u00e7\u00e3o fortalece integra\u00e7\u00e3o entre Brasil e Paraguai na fronteira - O PROGRESSO","og_description":"Mobiliza\u00e7\u00e3o binacional no Dia D da Semana de Vacina\u00e7\u00e3o nas Am\u00e9ricas leva imuniza\u00e7\u00e3o e a\u00e7\u00f5es de sa\u00fade \u00e0 linha internacional entre os dois pa\u00edses Comunica\u00e7\u00e3o SES A fronteira entre Ponta Por\u00e3 e Pedro Juan Caballero sediou o lan\u00e7amento da Semana de Vacina\u00e7\u00e3o nas Am\u00e9ricas 2026, com um Dia D de mobiliza\u00e7\u00e3o para ampliar a imuniza\u00e7\u00e3o [&hellip;]","og_url":"https:\/\/progresso.com.br\/index.php\/2026\/04\/30\/acao-conjunta-de-vacinacao-fortalece-integracao-entre-brasil-e-paraguai-na-fronteira\/","og_site_name":"O PROGRESSO","article_publisher":"https:\/\/www.facebook.com\/share\/1CeoksKBj6\/","article_published_time":"2026-04-30T12:28:14+00:00","article_modified_time":"2026-04-30T13:47:21+00:00","og_image":[{"width":730,"height":480,"url":"https:\/\/progresso.com.br\/wp-content\/uploads\/2026\/04\/vacinacao-fronteira-capa-730x480-1.jpeg","type":"image\/jpeg"}],"author":"Rose","twitter_card":"summary_large_image","twitter_misc":{"Escrito por":"Rose","Est. tempo de leitura":"2 minutos"},"schema":{"@context":"https:\/\/schema.org","@graph":[{"@type":"Article","@id":"https:\/\/progresso.com.br\/index.php\/2026\/04\/30\/acao-conjunta-de-vacinacao-fortalece-integracao-entre-brasil-e-paraguai-na-fronteira\/#article","isPartOf":{"@id":"https:\/\/progresso.com.br\/index.php\/2026\/04\/30\/acao-conjunta-de-vacinacao-fortalece-integracao-entre-brasil-e-paraguai-na-fronteira\/"},"author":{"name":"Rose","@id":"https:\/\/progresso.com.br\/#\/schema\/person\/5dd27138d4463fbbaace62120bfc002b"},"headline":"A\u00e7\u00e3o conjunta de vacina\u00e7\u00e3o fortalece integra\u00e7\u00e3o entre Brasil e Paraguai na fronteira","datePublished":"2026-04-30T12:28:14+00:00","dateModified":"2026-04-30T13:47:21+00:00","mainEntityOfPage":{"@id":"https:\/\/progresso.com.br\/index.php\/2026\/04\/30\/acao-conjunta-de-vacinacao-fortalece-integracao-entre-brasil-e-paraguai-na-fronteira\/"},"wordCount":188,"commentCount":0,"publisher":{"@id":"https:\/\/progresso.com.br\/#organization"},"image":{"@id":"https:\/\/progresso.com.br\/index.php\/2026\/04\/30\/acao-conjunta-de-vacinacao-fortalece-integracao-entre-brasil-e-paraguai-na-fronteira\/#primaryimage"},"thumbnailUrl":"https:\/\/progresso.com.br\/wp-content\/uploads\/2026\/04\/vacinacao-fronteira-capa-730x480-1.jpeg","articleSection":["Cotidiano","Em destaque"],"inLanguage":"pt-BR","potentialAction":[{"@type":"CommentAction","name":"Comment","target":["https:\/\/progresso.com.br\/index.php\/2026\/04\/30\/acao-conjunta-de-vacinacao-fortalece-integracao-entre-brasil-e-paraguai-na-fronteira\/#respond"]}]},{"@type":"WebPage","@id":"https:\/\/progresso.com.br\/index.php\/2026\/04\/30\/acao-conjunta-de-vacinacao-fortalece-integracao-entre-brasil-e-paraguai-na-fronteira\/","url":"https:\/\/progresso.com.br\/index.php\/2026\/04\/30\/acao-conjunta-de-vacinacao-fortalece-integracao-entre-brasil-e-paraguai-na-fronteira\/","name":"A\u00e7\u00e3o conjunta de vacina\u00e7\u00e3o fortalece integra\u00e7\u00e3o entre Brasil e Paraguai na fronteira - O PROGRESSO","isPartOf":{"@id":"https:\/\/progresso.com.br\/#website"},"primaryImageOfPage":{"@id":"https:\/\/progresso.com.br\/index.php\/2026\/04\/30\/acao-conjunta-de-vacinacao-fortalece-integracao-entre-brasil-e-paraguai-na-fronteira\/#primaryimage"},"image":{"@id":"https:\/\/progresso.com.br\/index.php\/2026\/04\/30\/acao-conjunta-de-vacinacao-fortalece-integracao-entre-brasil-e-paraguai-na-fronteira\/#primaryimage"},"thumbnailUrl":"https:\/\/progresso.com.br\/wp-content\/uploads\/2026\/04\/vacinacao-fronteira-capa-730x480-1.jpeg","datePublished":"2026-04-30T12:28:14+00:00","dateModified":"2026-04-30T13:47:21+00:00","breadcrumb":{"@id":"https:\/\/progresso.com.br\/index.php\/2026\/04\/30\/acao-conjunta-de-vacinacao-fortalece-integracao-entre-brasil-e-paraguai-na-fronteira\/#breadcrumb"},"inLanguage":"pt-BR","potentialAction":[{"@type":"ReadAction","target":["https:\/\/progresso.com.br\/index.php\/2026\/04\/30\/acao-conjunta-de-vacinacao-fortalece-integracao-entre-brasil-e-paraguai-na-fronteira\/"]}]},{"@type":"ImageObject","inLanguage":"pt-BR","@id":"https:\/\/progresso.com.br\/index.php\/2026\/04\/30\/acao-conjunta-de-vacinacao-fortalece-integracao-entre-brasil-e-paraguai-na-fronteira\/#primaryimage","url":"https:\/\/progresso.com.br\/wp-content\/uploads\/2026\/04\/vacinacao-fronteira-capa-730x480-1.jpeg","contentUrl":"https:\/\/progresso.com.br\/wp-content\/uploads\/2026\/04\/vacinacao-fronteira-capa-730x480-1.jpeg","width":730,"height":480},{"@type":"BreadcrumbList","@id":"https:\/\/progresso.com.br\/index.php\/2026\/04\/30\/acao-conjunta-de-vacinacao-fortalece-integracao-entre-brasil-e-paraguai-na-fronteira\/#breadcrumb","itemListElement":[{"@type":"ListItem","position":1,"name":"In\u00edcio","item":"https:\/\/progresso.com.br\/"},{"@type":"ListItem","position":2,"name":"A\u00e7\u00e3o conjunta de vacina\u00e7\u00e3o fortalece integra\u00e7\u00e3o entre Brasil e Paraguai na fronteira"}]},{"@type":"WebSite","@id":"https:\/\/progresso.com.br\/#website","url":"https:\/\/progresso.com.br\/","name":"O PROGRESSO","description":"","publisher":{"@id":"https:\/\/progresso.com.br\/#organization"},"potentialAction":[{"@type":"SearchAction","target":{"@type":"EntryPoint","urlTemplate":"https:\/\/progresso.com.br\/?s={search_term_string}"},"query-input":{"@type":"PropertyValueSpecification","valueRequired":true,"valueName":"search_term_string"}}],"inLanguage":"pt-BR"},{"@type":"Organization","@id":"https:\/\/progresso.com.br\/#organization","name":"O PROGRESSO","url":"https:\/\/progresso.com.br\/","logo":{"@type":"ImageObject","inLanguage":"pt-BR","@id":"https:\/\/progresso.com.br\/#\/schema\/logo\/image\/","url":"https:\/\/progresso.com.br\/wp-content\/uploads\/2026\/03\/logo_proog.jpg","contentUrl":"https:\/\/progresso.com.br\/wp-content\/uploads\/2026\/03\/logo_proog.jpg","width":1960,"height":1080,"caption":"O PROGRESSO"},"image":{"@id":"https:\/\/progresso.com.br\/#\/schema\/logo\/image\/"},"sameAs":["https:\/\/www.facebook.com\/share\/1CeoksKBj6\/","https:\/\/www.instagram.com\/oprogresso_digital"]},{"@type":"Person","@id":"https:\/\/progresso.com.br\/#\/schema\/person\/5dd27138d4463fbbaace62120bfc002b","name":"Rose","image":{"@type":"ImageObject","inLanguage":"pt-BR","@id":"https:\/\/progresso.com.br\/#\/schema\/person\/image\/","url":"https:\/\/secure.gravatar.com\/avatar\/1b6890e759cdd3a88d9f751cb423720b9861c5239167cd3586355638b6556599?s=96&d=mm&r=g","contentUrl":"https:\/\/secure.gravatar.com\/avatar\/1b6890e759cdd3a88d9f751cb423720b9861c5239167cd3586355638b6556599?s=96&d=mm&r=g","caption":"Rose"},"url":"https:\/\/progresso.com.br\/index.php\/author\/rose\/"}]}},"_links":{"self":[{"href":"https:\/\/progresso.com.br\/index.php\/wp-json\/wp\/v2\/posts\/5171","targetHints":{"allow":["GET"]}}],"collection":[{"href":"https:\/\/progresso.com.br\/index.php\/wp-json\/wp\/v2\/posts"}],"about":[{"href":"https:\/\/progresso.com.br\/index.php\/wp-json\/wp\/v2\/types\/post"}],"author":[{"embeddable":true,"href":"https:\/\/progresso.com.br\/index.php\/wp-json\/wp\/v2\/users\/2"}],"replies":[{"embeddable":true,"href":"https:\/\/progresso.com.br\/index.php\/wp-json\/wp\/v2\/comments?post=5171"}],"version-history":[{"count":1,"href":"https:\/\/progresso.com.br\/index.php\/wp-json\/wp\/v2\/posts\/5171\/revisions"}],"predecessor-version":[{"id":5172,"href":"https:\/\/progresso.com.br\/index.php\/wp-json\/wp\/v2\/posts\/5171\/revisions\/5172"}],"wp:featuredmedia":[{"embeddable":true,"href":"https:\/\/progresso.com.br\/index.php\/wp-json\/wp\/v2\/media\/5187"}],"wp:attachment":[{"href":"https:\/\/progresso.com.br\/index.php\/wp-json\/wp\/v2\/media?parent=5171"}],"wp:term":[{"taxonomy":"category","embeddable":true,"href":"https:\/\/progresso.com.br\/index.php\/wp-json\/wp\/v2\/categories?post=5171"},{"taxonomy":"post_tag","embeddable":true,"href":"https:\/\/progresso.com.br\/index.php\/wp-json\/wp\/v2\/tags?post=5171"}],"curies":[{"name":"wp","href":"https:\/\/api.w.org\/{rel}","templated":true}]}}