{"id":5174,"date":"2026-04-30T08:41:00","date_gmt":"2026-04-30T12:41:00","guid":{"rendered":"https:\/\/progresso.com.br\/?p=5174"},"modified":"2026-04-30T08:34:21","modified_gmt":"2026-04-30T12:34:21","slug":"fora-de-casa-palmeiras-e-flamengo-nao-vencem-pela-libertadores","status":"publish","type":"post","link":"https:\/\/progresso.com.br\/index.php\/2026\/04\/30\/fora-de-casa-palmeiras-e-flamengo-nao-vencem-pela-libertadores\/","title":{"rendered":"Fora de casa, Palmeiras e Flamengo n\u00e3o vencem pela Libertadores"},"content":{"rendered":"\n<p><strong><em>Meng\u00e3o ficou no 1 a 1 com Estudiantes na Argentina, enquanto Verd\u00e3o teve o mesmo placar com o Cerro Porte\u00f1o no Paraguai<br><\/em><\/strong><\/p>\n\n\n\n<p><em>Rog\u00e9rio Vidmantas<\/em><\/p>\n\n\n\n<p>Finalistas em 2025 e considerados favoritos nesta edi\u00e7\u00e3o da Copa Libertadores, Flamengo e Palmeiras n\u00e3o venceram seus jogos nesta terceira rodada da fase de grupos. Jogando fora de casa, o Meng\u00e3o ficou no 1 a 1 com o Estudiantes-ARG, enquanto o Verd\u00e3o teve o mesmo placar com o Cerro Porte\u00f1o, no Paraguai.<\/p>\n\n\n\n<p>No est\u00e1dio Jorge Luis Hirschi, em La Plata, em partida v\u00e1lida pelo Grupo A, o time comandado pelo t\u00e9cnico portugu\u00eas Leonardo Jardim n\u00e3o teve vida f\u00e1cil. Apesar de abrir o placar ainda no primeiro tempo, com Luiz Ara\u00fajo aos 32 minutos, o Flamengo encontrou muitas dificuldades para articular as jogadas de ataque, em especial ap\u00f3s a sa\u00edda de campo de Arrascaeta, contundido, aos 20 minutos. O time argentino empatou aos nove minutos da etapa final. Meza cruzou para Far\u00edas, que cabeceou para defesa parcial de Rossi. Com a bola viva na frente do gol, Carrillo empurrou para o fundo das redes.<\/p>\n\n\n\n<p>Com o resultado o Rubro-Negro da G\u00e1vea fica em situa\u00e7\u00e3o muito confort\u00e1vel em sua chave na competi\u00e7\u00e3o continental, no papel de l\u00edder com sete pontos conquistados. Os argentinos s\u00e3o os vice-l\u00edderes, com cinco pontos.<\/p>\n\n\n\n<p><strong>Assun\u00e7\u00e3o<\/strong><\/p>\n\n\n\n<p>Quem tamb\u00e9m ficou no 1 a 1 na noite desta quarta foi o Palmeiras. Jogando no est\u00e1dio Nueva Olla, o Verd\u00e3o empatou com o Cerro Porte\u00f1o pelo Grupo F. Aos 32 minutos, depois de grande jogada de Alan pela direita, Jhon Aris entrou de carrinho p\u00e1ra colocar o Verd\u00e3o na frente. A vantagem s\u00f3 n\u00e3o foi maior por causa da trave e do goleiro advers\u00e1rio. No segundo tempo, o time paraguaio empatou em lance de azar do goleiro palmeirense. Aos 26 minutos, Iturbe soltou a bomba de fora da \u00e1rea, Carlos Miguel foi tentar a defesa, a bola explodiu na trave e voltou nas costas do camisa 1, morrendo dentro do gol.<\/p>\n\n\n\n<p>Com o resultado, o time de Abel Ferreira caiu para a vice-lideran\u00e7a da sua chave com cinco pontos. A lideran\u00e7a \u00e9 ocupada pelo Sporting Cristal-PER, que nesta rodada superou o Junior Barranquilla-COL pelo placar de 2 a 0.<\/p>\n\n\n\n<p><strong>Mirassol vence<\/strong><\/p>\n\n\n\n<p>A \u00fanica equipe brasileira a triunfar na noite desta quarta na Copa Libertadores foi o estreante Mirassol-SP. Atuando no est\u00e1dio Municipal Jos\u00e9 Maria de Campos Maia, a equipe do interior paulista derrotou o Always Ready-BOL por 2 a 0, gols de Carlos Eduardo e Alesson. A vit\u00f3ria deixou o Mirassol na terceira posi\u00e7\u00e3o do Grupo G com seis pontos conquistados, com possibilidades reais de avan\u00e7ar para o mata-mata da Libertadores.<\/p>\n","protected":false},"excerpt":{"rendered":"<p>Meng\u00e3o ficou no 1 a 1 com Estudiantes na Argentina, enquanto Verd\u00e3o teve o mesmo placar com o Cerro Porte\u00f1o no Paraguai Rog\u00e9rio Vidmantas Finalistas em 2025 e considerados favoritos nesta edi\u00e7\u00e3o da Copa Libertadores, Flamengo e Palmeiras n\u00e3o venceram seus jogos nesta terceira rodada da fase de grupos. Jogando fora de casa, o Meng\u00e3o [&hellip;]<\/p>\n","protected":false},"author":5,"featured_media":5175,"comment_status":"open","ping_status":"open","sticky":false,"template":"","format":"standard","meta":{"footnotes":""},"categories":[17],"tags":[],"class_list":["post-5174","post","type-post","status-publish","format-standard","has-post-thumbnail","hentry","category-esporte"],"yoast_head":"<!-- This site is optimized with the Yoast SEO plugin v27.1.1 - https:\/\/yoast.com\/product\/yoast-seo-wordpress\/ -->\n<title>Fora de casa, Palmeiras e Flamengo n\u00e3o vencem pela Libertadores - O PROGRESSO<\/title>\n<meta name=\"robots\" content=\"index, follow, max-snippet:-1, max-image-preview:large, max-video-preview:-1\" \/>\n<link rel=\"canonical\" href=\"https:\/\/progresso.com.br\/index.php\/2026\/04\/30\/fora-de-casa-palmeiras-e-flamengo-nao-vencem-pela-libertadores\/\" \/>\n<meta property=\"og:locale\" content=\"pt_BR\" \/>\n<meta property=\"og:type\" content=\"article\" \/>\n<meta property=\"og:title\" content=\"Fora de casa, Palmeiras e Flamengo n\u00e3o vencem pela Libertadores - O PROGRESSO\" \/>\n<meta property=\"og:description\" content=\"Meng\u00e3o ficou no 1 a 1 com Estudiantes na Argentina, enquanto Verd\u00e3o teve o mesmo placar com o Cerro Porte\u00f1o no Paraguai Rog\u00e9rio Vidmantas Finalistas em 2025 e considerados favoritos nesta edi\u00e7\u00e3o da Copa Libertadores, Flamengo e Palmeiras n\u00e3o venceram seus jogos nesta terceira rodada da fase de grupos. Jogando fora de casa, o Meng\u00e3o [&hellip;]\" \/>\n<meta property=\"og:url\" content=\"https:\/\/progresso.com.br\/index.php\/2026\/04\/30\/fora-de-casa-palmeiras-e-flamengo-nao-vencem-pela-libertadores\/\" \/>\n<meta property=\"og:site_name\" content=\"O PROGRESSO\" \/>\n<meta property=\"article:publisher\" content=\"https:\/\/www.facebook.com\/share\/1CeoksKBj6\/\" \/>\n<meta property=\"article:published_time\" content=\"2026-04-30T12:41:00+00:00\" \/>\n<meta property=\"og:image\" content=\"https:\/\/progresso.com.br\/wp-content\/uploads\/2026\/04\/CER-x-PAL-2904.png\" \/>\n\t<meta property=\"og:image:width\" content=\"1280\" \/>\n\t<meta property=\"og:image:height\" content=\"721\" \/>\n\t<meta property=\"og:image:type\" content=\"image\/png\" \/>\n<meta name=\"author\" content=\"Rog\u00e9rio Vidmantas\" \/>\n<meta name=\"twitter:card\" content=\"summary_large_image\" \/>\n<meta name=\"twitter:label1\" content=\"Escrito por\" \/>\n\t<meta name=\"twitter:data1\" content=\"Rog\u00e9rio Vidmantas\" \/>\n\t<meta name=\"twitter:label2\" content=\"Est. tempo de leitura\" \/>\n\t<meta name=\"twitter:data2\" content=\"3 minutos\" \/>\n<script type=\"application\/ld+json\" class=\"yoast-schema-graph\">{\"@context\":\"https:\/\/schema.org\",\"@graph\":[{\"@type\":\"Article\",\"@id\":\"https:\/\/progresso.com.br\/index.php\/2026\/04\/30\/fora-de-casa-palmeiras-e-flamengo-nao-vencem-pela-libertadores\/#article\",\"isPartOf\":{\"@id\":\"https:\/\/progresso.com.br\/index.php\/2026\/04\/30\/fora-de-casa-palmeiras-e-flamengo-nao-vencem-pela-libertadores\/\"},\"author\":{\"name\":\"Rog\u00e9rio Vidmantas\",\"@id\":\"https:\/\/progresso.com.br\/#\/schema\/person\/471791cc575a7e23811d1070fa9d20ee\"},\"headline\":\"Fora de casa, Palmeiras e Flamengo n\u00e3o vencem pela Libertadores\",\"datePublished\":\"2026-04-30T12:41:00+00:00\",\"mainEntityOfPage\":{\"@id\":\"https:\/\/progresso.com.br\/index.php\/2026\/04\/30\/fora-de-casa-palmeiras-e-flamengo-nao-vencem-pela-libertadores\/\"},\"wordCount\":469,\"commentCount\":0,\"publisher\":{\"@id\":\"https:\/\/progresso.com.br\/#organization\"},\"image\":{\"@id\":\"https:\/\/progresso.com.br\/index.php\/2026\/04\/30\/fora-de-casa-palmeiras-e-flamengo-nao-vencem-pela-libertadores\/#primaryimage\"},\"thumbnailUrl\":\"https:\/\/progresso.com.br\/wp-content\/uploads\/2026\/04\/CER-x-PAL-2904.png\",\"articleSection\":[\"Esporte\"],\"inLanguage\":\"pt-BR\",\"potentialAction\":[{\"@type\":\"CommentAction\",\"name\":\"Comment\",\"target\":[\"https:\/\/progresso.com.br\/index.php\/2026\/04\/30\/fora-de-casa-palmeiras-e-flamengo-nao-vencem-pela-libertadores\/#respond\"]}]},{\"@type\":\"WebPage\",\"@id\":\"https:\/\/progresso.com.br\/index.php\/2026\/04\/30\/fora-de-casa-palmeiras-e-flamengo-nao-vencem-pela-libertadores\/\",\"url\":\"https:\/\/progresso.com.br\/index.php\/2026\/04\/30\/fora-de-casa-palmeiras-e-flamengo-nao-vencem-pela-libertadores\/\",\"name\":\"Fora de casa, Palmeiras e Flamengo n\u00e3o vencem pela Libertadores - O PROGRESSO\",\"isPartOf\":{\"@id\":\"https:\/\/progresso.com.br\/#website\"},\"primaryImageOfPage\":{\"@id\":\"https:\/\/progresso.com.br\/index.php\/2026\/04\/30\/fora-de-casa-palmeiras-e-flamengo-nao-vencem-pela-libertadores\/#primaryimage\"},\"image\":{\"@id\":\"https:\/\/progresso.com.br\/index.php\/2026\/04\/30\/fora-de-casa-palmeiras-e-flamengo-nao-vencem-pela-libertadores\/#primaryimage\"},\"thumbnailUrl\":\"https:\/\/progresso.com.br\/wp-content\/uploads\/2026\/04\/CER-x-PAL-2904.png\",\"datePublished\":\"2026-04-30T12:41:00+00:00\",\"breadcrumb\":{\"@id\":\"https:\/\/progresso.com.br\/index.php\/2026\/04\/30\/fora-de-casa-palmeiras-e-flamengo-nao-vencem-pela-libertadores\/#breadcrumb\"},\"inLanguage\":\"pt-BR\",\"potentialAction\":[{\"@type\":\"ReadAction\",\"target\":[\"https:\/\/progresso.com.br\/index.php\/2026\/04\/30\/fora-de-casa-palmeiras-e-flamengo-nao-vencem-pela-libertadores\/\"]}]},{\"@type\":\"ImageObject\",\"inLanguage\":\"pt-BR\",\"@id\":\"https:\/\/progresso.com.br\/index.php\/2026\/04\/30\/fora-de-casa-palmeiras-e-flamengo-nao-vencem-pela-libertadores\/#primaryimage\",\"url\":\"https:\/\/progresso.com.br\/wp-content\/uploads\/2026\/04\/CER-x-PAL-2904.png\",\"contentUrl\":\"https:\/\/progresso.com.br\/wp-content\/uploads\/2026\/04\/CER-x-PAL-2904.png\",\"width\":1280,\"height\":721,\"caption\":\"Allan passa por Chaparro no in\u00edcio da jogada que terminou com o gol de Jhon Arias (Foto: Ag\u00eancia Palmeiras)\"},{\"@type\":\"BreadcrumbList\",\"@id\":\"https:\/\/progresso.com.br\/index.php\/2026\/04\/30\/fora-de-casa-palmeiras-e-flamengo-nao-vencem-pela-libertadores\/#breadcrumb\",\"itemListElement\":[{\"@type\":\"ListItem\",\"position\":1,\"name\":\"In\u00edcio\",\"item\":\"https:\/\/progresso.com.br\/\"},{\"@type\":\"ListItem\",\"position\":2,\"name\":\"Fora de casa, Palmeiras e Flamengo n\u00e3o vencem pela Libertadores\"}]},{\"@type\":\"WebSite\",\"@id\":\"https:\/\/progresso.com.br\/#website\",\"url\":\"https:\/\/progresso.com.br\/\",\"name\":\"O PROGRESSO\",\"description\":\"\",\"publisher\":{\"@id\":\"https:\/\/progresso.com.br\/#organization\"},\"potentialAction\":[{\"@type\":\"SearchAction\",\"target\":{\"@type\":\"EntryPoint\",\"urlTemplate\":\"https:\/\/progresso.com.br\/?s={search_term_string}\"},\"query-input\":{\"@type\":\"PropertyValueSpecification\",\"valueRequired\":true,\"valueName\":\"search_term_string\"}}],\"inLanguage\":\"pt-BR\"},{\"@type\":\"Organization\",\"@id\":\"https:\/\/progresso.com.br\/#organization\",\"name\":\"O PROGRESSO\",\"url\":\"https:\/\/progresso.com.br\/\",\"logo\":{\"@type\":\"ImageObject\",\"inLanguage\":\"pt-BR\",\"@id\":\"https:\/\/progresso.com.br\/#\/schema\/logo\/image\/\",\"url\":\"https:\/\/progresso.com.br\/wp-content\/uploads\/2026\/03\/logo_proog.jpg\",\"contentUrl\":\"https:\/\/progresso.com.br\/wp-content\/uploads\/2026\/03\/logo_proog.jpg\",\"width\":1960,\"height\":1080,\"caption\":\"O PROGRESSO\"},\"image\":{\"@id\":\"https:\/\/progresso.com.br\/#\/schema\/logo\/image\/\"},\"sameAs\":[\"https:\/\/www.facebook.com\/share\/1CeoksKBj6\/\",\"https:\/\/www.instagram.com\/oprogresso_digital\"]},{\"@type\":\"Person\",\"@id\":\"https:\/\/progresso.com.br\/#\/schema\/person\/471791cc575a7e23811d1070fa9d20ee\",\"name\":\"Rog\u00e9rio Vidmantas\",\"image\":{\"@type\":\"ImageObject\",\"inLanguage\":\"pt-BR\",\"@id\":\"https:\/\/progresso.com.br\/#\/schema\/person\/image\/\",\"url\":\"https:\/\/secure.gravatar.com\/avatar\/10a86aae4992f407879fa7e12fb476cdff79509ad9ec42967d62b4fbcee7c57b?s=96&d=mm&r=g\",\"contentUrl\":\"https:\/\/secure.gravatar.com\/avatar\/10a86aae4992f407879fa7e12fb476cdff79509ad9ec42967d62b4fbcee7c57b?s=96&d=mm&r=g\",\"caption\":\"Rog\u00e9rio Vidmantas\"},\"url\":\"https:\/\/progresso.com.br\/index.php\/author\/vidmantas\/\"}]}<\/script>\n<!-- \/ Yoast SEO plugin. -->","yoast_head_json":{"title":"Fora de casa, Palmeiras e Flamengo n\u00e3o vencem pela Libertadores - O PROGRESSO","robots":{"index":"index","follow":"follow","max-snippet":"max-snippet:-1","max-image-preview":"max-image-preview:large","max-video-preview":"max-video-preview:-1"},"canonical":"https:\/\/progresso.com.br\/index.php\/2026\/04\/30\/fora-de-casa-palmeiras-e-flamengo-nao-vencem-pela-libertadores\/","og_locale":"pt_BR","og_type":"article","og_title":"Fora de casa, Palmeiras e Flamengo n\u00e3o vencem pela Libertadores - O PROGRESSO","og_description":"Meng\u00e3o ficou no 1 a 1 com Estudiantes na Argentina, enquanto Verd\u00e3o teve o mesmo placar com o Cerro Porte\u00f1o no Paraguai Rog\u00e9rio Vidmantas Finalistas em 2025 e considerados favoritos nesta edi\u00e7\u00e3o da Copa Libertadores, Flamengo e Palmeiras n\u00e3o venceram seus jogos nesta terceira rodada da fase de grupos. Jogando fora de casa, o Meng\u00e3o [&hellip;]","og_url":"https:\/\/progresso.com.br\/index.php\/2026\/04\/30\/fora-de-casa-palmeiras-e-flamengo-nao-vencem-pela-libertadores\/","og_site_name":"O PROGRESSO","article_publisher":"https:\/\/www.facebook.com\/share\/1CeoksKBj6\/","article_published_time":"2026-04-30T12:41:00+00:00","og_image":[{"width":1280,"height":721,"url":"https:\/\/progresso.com.br\/wp-content\/uploads\/2026\/04\/CER-x-PAL-2904.png","type":"image\/png"}],"author":"Rog\u00e9rio Vidmantas","twitter_card":"summary_large_image","twitter_misc":{"Escrito por":"Rog\u00e9rio Vidmantas","Est. tempo de leitura":"3 minutos"},"schema":{"@context":"https:\/\/schema.org","@graph":[{"@type":"Article","@id":"https:\/\/progresso.com.br\/index.php\/2026\/04\/30\/fora-de-casa-palmeiras-e-flamengo-nao-vencem-pela-libertadores\/#article","isPartOf":{"@id":"https:\/\/progresso.com.br\/index.php\/2026\/04\/30\/fora-de-casa-palmeiras-e-flamengo-nao-vencem-pela-libertadores\/"},"author":{"name":"Rog\u00e9rio Vidmantas","@id":"https:\/\/progresso.com.br\/#\/schema\/person\/471791cc575a7e23811d1070fa9d20ee"},"headline":"Fora de casa, Palmeiras e Flamengo n\u00e3o vencem pela Libertadores","datePublished":"2026-04-30T12:41:00+00:00","mainEntityOfPage":{"@id":"https:\/\/progresso.com.br\/index.php\/2026\/04\/30\/fora-de-casa-palmeiras-e-flamengo-nao-vencem-pela-libertadores\/"},"wordCount":469,"commentCount":0,"publisher":{"@id":"https:\/\/progresso.com.br\/#organization"},"image":{"@id":"https:\/\/progresso.com.br\/index.php\/2026\/04\/30\/fora-de-casa-palmeiras-e-flamengo-nao-vencem-pela-libertadores\/#primaryimage"},"thumbnailUrl":"https:\/\/progresso.com.br\/wp-content\/uploads\/2026\/04\/CER-x-PAL-2904.png","articleSection":["Esporte"],"inLanguage":"pt-BR","potentialAction":[{"@type":"CommentAction","name":"Comment","target":["https:\/\/progresso.com.br\/index.php\/2026\/04\/30\/fora-de-casa-palmeiras-e-flamengo-nao-vencem-pela-libertadores\/#respond"]}]},{"@type":"WebPage","@id":"https:\/\/progresso.com.br\/index.php\/2026\/04\/30\/fora-de-casa-palmeiras-e-flamengo-nao-vencem-pela-libertadores\/","url":"https:\/\/progresso.com.br\/index.php\/2026\/04\/30\/fora-de-casa-palmeiras-e-flamengo-nao-vencem-pela-libertadores\/","name":"Fora de casa, Palmeiras e Flamengo n\u00e3o vencem pela Libertadores - O PROGRESSO","isPartOf":{"@id":"https:\/\/progresso.com.br\/#website"},"primaryImageOfPage":{"@id":"https:\/\/progresso.com.br\/index.php\/2026\/04\/30\/fora-de-casa-palmeiras-e-flamengo-nao-vencem-pela-libertadores\/#primaryimage"},"image":{"@id":"https:\/\/progresso.com.br\/index.php\/2026\/04\/30\/fora-de-casa-palmeiras-e-flamengo-nao-vencem-pela-libertadores\/#primaryimage"},"thumbnailUrl":"https:\/\/progresso.com.br\/wp-content\/uploads\/2026\/04\/CER-x-PAL-2904.png","datePublished":"2026-04-30T12:41:00+00:00","breadcrumb":{"@id":"https:\/\/progresso.com.br\/index.php\/2026\/04\/30\/fora-de-casa-palmeiras-e-flamengo-nao-vencem-pela-libertadores\/#breadcrumb"},"inLanguage":"pt-BR","potentialAction":[{"@type":"ReadAction","target":["https:\/\/progresso.com.br\/index.php\/2026\/04\/30\/fora-de-casa-palmeiras-e-flamengo-nao-vencem-pela-libertadores\/"]}]},{"@type":"ImageObject","inLanguage":"pt-BR","@id":"https:\/\/progresso.com.br\/index.php\/2026\/04\/30\/fora-de-casa-palmeiras-e-flamengo-nao-vencem-pela-libertadores\/#primaryimage","url":"https:\/\/progresso.com.br\/wp-content\/uploads\/2026\/04\/CER-x-PAL-2904.png","contentUrl":"https:\/\/progresso.com.br\/wp-content\/uploads\/2026\/04\/CER-x-PAL-2904.png","width":1280,"height":721,"caption":"Allan passa por Chaparro no in\u00edcio da jogada que terminou com o gol de Jhon Arias (Foto: Ag\u00eancia Palmeiras)"},{"@type":"BreadcrumbList","@id":"https:\/\/progresso.com.br\/index.php\/2026\/04\/30\/fora-de-casa-palmeiras-e-flamengo-nao-vencem-pela-libertadores\/#breadcrumb","itemListElement":[{"@type":"ListItem","position":1,"name":"In\u00edcio","item":"https:\/\/progresso.com.br\/"},{"@type":"ListItem","position":2,"name":"Fora de casa, Palmeiras e Flamengo n\u00e3o vencem pela Libertadores"}]},{"@type":"WebSite","@id":"https:\/\/progresso.com.br\/#website","url":"https:\/\/progresso.com.br\/","name":"O PROGRESSO","description":"","publisher":{"@id":"https:\/\/progresso.com.br\/#organization"},"potentialAction":[{"@type":"SearchAction","target":{"@type":"EntryPoint","urlTemplate":"https:\/\/progresso.com.br\/?s={search_term_string}"},"query-input":{"@type":"PropertyValueSpecification","valueRequired":true,"valueName":"search_term_string"}}],"inLanguage":"pt-BR"},{"@type":"Organization","@id":"https:\/\/progresso.com.br\/#organization","name":"O PROGRESSO","url":"https:\/\/progresso.com.br\/","logo":{"@type":"ImageObject","inLanguage":"pt-BR","@id":"https:\/\/progresso.com.br\/#\/schema\/logo\/image\/","url":"https:\/\/progresso.com.br\/wp-content\/uploads\/2026\/03\/logo_proog.jpg","contentUrl":"https:\/\/progresso.com.br\/wp-content\/uploads\/2026\/03\/logo_proog.jpg","width":1960,"height":1080,"caption":"O PROGRESSO"},"image":{"@id":"https:\/\/progresso.com.br\/#\/schema\/logo\/image\/"},"sameAs":["https:\/\/www.facebook.com\/share\/1CeoksKBj6\/","https:\/\/www.instagram.com\/oprogresso_digital"]},{"@type":"Person","@id":"https:\/\/progresso.com.br\/#\/schema\/person\/471791cc575a7e23811d1070fa9d20ee","name":"Rog\u00e9rio Vidmantas","image":{"@type":"ImageObject","inLanguage":"pt-BR","@id":"https:\/\/progresso.com.br\/#\/schema\/person\/image\/","url":"https:\/\/secure.gravatar.com\/avatar\/10a86aae4992f407879fa7e12fb476cdff79509ad9ec42967d62b4fbcee7c57b?s=96&d=mm&r=g","contentUrl":"https:\/\/secure.gravatar.com\/avatar\/10a86aae4992f407879fa7e12fb476cdff79509ad9ec42967d62b4fbcee7c57b?s=96&d=mm&r=g","caption":"Rog\u00e9rio Vidmantas"},"url":"https:\/\/progresso.com.br\/index.php\/author\/vidmantas\/"}]}},"_links":{"self":[{"href":"https:\/\/progresso.com.br\/index.php\/wp-json\/wp\/v2\/posts\/5174","targetHints":{"allow":["GET"]}}],"collection":[{"href":"https:\/\/progresso.com.br\/index.php\/wp-json\/wp\/v2\/posts"}],"about":[{"href":"https:\/\/progresso.com.br\/index.php\/wp-json\/wp\/v2\/types\/post"}],"author":[{"embeddable":true,"href":"https:\/\/progresso.com.br\/index.php\/wp-json\/wp\/v2\/users\/5"}],"replies":[{"embeddable":true,"href":"https:\/\/progresso.com.br\/index.php\/wp-json\/wp\/v2\/comments?post=5174"}],"version-history":[{"count":1,"href":"https:\/\/progresso.com.br\/index.php\/wp-json\/wp\/v2\/posts\/5174\/revisions"}],"predecessor-version":[{"id":5176,"href":"https:\/\/progresso.com.br\/index.php\/wp-json\/wp\/v2\/posts\/5174\/revisions\/5176"}],"wp:featuredmedia":[{"embeddable":true,"href":"https:\/\/progresso.com.br\/index.php\/wp-json\/wp\/v2\/media\/5175"}],"wp:attachment":[{"href":"https:\/\/progresso.com.br\/index.php\/wp-json\/wp\/v2\/media?parent=5174"}],"wp:term":[{"taxonomy":"category","embeddable":true,"href":"https:\/\/progresso.com.br\/index.php\/wp-json\/wp\/v2\/categories?post=5174"},{"taxonomy":"post_tag","embeddable":true,"href":"https:\/\/progresso.com.br\/index.php\/wp-json\/wp\/v2\/tags?post=5174"}],"curies":[{"name":"wp","href":"https:\/\/api.w.org\/{rel}","templated":true}]}}