{"id":5177,"date":"2026-04-30T10:01:00","date_gmt":"2026-04-30T14:01:00","guid":{"rendered":"https:\/\/progresso.com.br\/?p=5177"},"modified":"2026-04-30T08:44:20","modified_gmt":"2026-04-30T12:44:20","slug":"aprovada-na-camara-lei-da-copa-feminina-reconhece-atletas-pioneiras","status":"publish","type":"post","link":"https:\/\/progresso.com.br\/index.php\/2026\/04\/30\/aprovada-na-camara-lei-da-copa-feminina-reconhece-atletas-pioneiras\/","title":{"rendered":"Aprovada na C\u00e2mara, lei da Copa Feminina reconhece atletas pioneiras"},"content":{"rendered":"\n<p><strong><em>Ex-atletas receber\u00e3o pr\u00eamio de R$ 500 mil por terem representado o Brasil na primeira Copa do Mundo, disputada na China em 1991<br><\/em><\/strong><\/p>\n\n\n\n<p><em>Rog\u00e9rio Vidmantas<\/em><\/p>\n\n\n\n<p>A pouco mais de um ano para a abertura do Mundial feminino no Brasil, o primeiro na Am\u00e9rica do Sul, um projeto de lei (PL) aprovado na C\u00e2mara faz reconhecimento in\u00e9dito de atletas pioneiras da modalidade no pa\u00eds. Na noite de ter\u00e7a-feira (29), a C\u00e2mara aprovou por maioria o PL que estabelece a Lei Geral da Copa Feminina da Fifa 2027. Al\u00e9m de regulamentar direitos e deveres da Uni\u00e3o e da Fifa para a realiza\u00e7\u00e3o do Mundial, a proposta do Minist\u00e9rio do Esporte autoriza o pagamento do pr\u00eamio de R$ 500 mil a cada uma das cerca de 30 ex-jogadoras que disputaram o Torneio Experimental da Fifa (1988) e competiram na primeira Copa Feminina (1991) na China.<\/p>\n\n\n\n<p>\u201cSe em 2014 o Brasil reconheceu 51 campe\u00f5es que levaram o Brasil ao topo do futebol mundial, agora damos um passo al\u00e9m ao valorizar quem ajudou a construir esse caminho mesmo sem visibilidade, apoio ou reconhecimento. Esse pr\u00eamio \u00e0s pioneiras do futebol feminino \u00e9 um gesto de justi\u00e7a hist\u00f3rica e de compromisso com a igualdade e reafirma que o esporte brasileiro tamb\u00e9m se constr\u00f3i com mem\u00f3ria, inclus\u00e3o e respeito \u00e0s mulheres que abriram portas para as novas gera\u00e7\u00f5es\u201d, disse o ministro do Esporte Paulo Hernique Cordeiro, referindo-se \u00e0 Lei Geral da Copa Masculina Fifa 2014 que contemplou ex-jogadores campe\u00f5es mundiais das Copas de 1958, 1962 e 1970.<\/p>\n\n\n\n<p>No caso de alguma das ex-atletas j\u00e1 ter falecido, a valor da premia\u00e7\u00e3o poder\u00e1 ser destinado aos herdeiros legais. Relatora do projeto, a deputada Gleisi Hoffmman (PT\/PR) ressalta o car\u00e1ter de justi\u00e7a hist\u00f3rica da medida. Por quase quatro d\u00e9cadas \u2013 de 1941 (governo Get\u00falio Vargas) a 1979 (Ernesto Geisel) &#8211; vigorou a proibi\u00e7\u00e3o estatal da pr\u00e1tica do futebol por meninas e mulheres no pa\u00eds.<\/p>\n\n\n\n<p>\u201cSe foi o Estado, em tempos de ditadura, que proibiu o esporte por tanto tempo e gerou as dificuldades que vemos agora, nada mais justo do que promover, na democracia, as medidas de repara\u00e7\u00e3o\u201d, defendeu a parlamentar.<\/p>\n\n\n\n<p>Hoffmann destaca ainda que o Mundial Feminino representa uma oportunidade estrat\u00e9gica para ampliar a visibilidade do futebol feminino, fortalecer a forma\u00e7\u00e3o de atletas e consolidar pol\u00edticas p\u00fablicas voltadas ao esporte. Com a aprova\u00e7\u00e3o na C\u00e2mara dos Deputados, a proposta segue para o Senado Federal, antes da san\u00e7\u00e3o presidencial.<\/p>\n\n\n\n<p>O projeto tamb\u00e9m disciplina a produ\u00e7\u00e3o e distribui\u00e7\u00e3o de conte\u00fados audiovisuais, prevendo que a FIFA disponibilize material editado dos principais momentos das partidas em at\u00e9 seis horas ap\u00f3s os eventos.<\/p>\n","protected":false},"excerpt":{"rendered":"<p>Ex-atletas receber\u00e3o pr\u00eamio de R$ 500 mil por terem representado o Brasil na primeira Copa do Mundo, disputada na China em 1991 Rog\u00e9rio Vidmantas A pouco mais de um ano para a abertura do Mundial feminino no Brasil, o primeiro na Am\u00e9rica do Sul, um projeto de lei (PL) aprovado na C\u00e2mara faz reconhecimento in\u00e9dito [&hellip;]<\/p>\n","protected":false},"author":5,"featured_media":5178,"comment_status":"open","ping_status":"open","sticky":false,"template":"","format":"standard","meta":{"footnotes":""},"categories":[17],"tags":[],"class_list":["post-5177","post","type-post","status-publish","format-standard","has-post-thumbnail","hentry","category-esporte"],"yoast_head":"<!-- This site is optimized with the Yoast SEO plugin v27.1.1 - https:\/\/yoast.com\/product\/yoast-seo-wordpress\/ -->\n<title>Aprovada na C\u00e2mara, lei da Copa Feminina reconhece atletas pioneiras - O PROGRESSO<\/title>\n<meta name=\"robots\" content=\"index, follow, max-snippet:-1, max-image-preview:large, max-video-preview:-1\" \/>\n<link rel=\"canonical\" href=\"https:\/\/progresso.com.br\/index.php\/2026\/04\/30\/aprovada-na-camara-lei-da-copa-feminina-reconhece-atletas-pioneiras\/\" \/>\n<meta property=\"og:locale\" content=\"pt_BR\" \/>\n<meta property=\"og:type\" content=\"article\" \/>\n<meta property=\"og:title\" content=\"Aprovada na C\u00e2mara, lei da Copa Feminina reconhece atletas pioneiras - O PROGRESSO\" \/>\n<meta property=\"og:description\" content=\"Ex-atletas receber\u00e3o pr\u00eamio de R$ 500 mil por terem representado o Brasil na primeira Copa do Mundo, disputada na China em 1991 Rog\u00e9rio Vidmantas A pouco mais de um ano para a abertura do Mundial feminino no Brasil, o primeiro na Am\u00e9rica do Sul, um projeto de lei (PL) aprovado na C\u00e2mara faz reconhecimento in\u00e9dito [&hellip;]\" \/>\n<meta property=\"og:url\" content=\"https:\/\/progresso.com.br\/index.php\/2026\/04\/30\/aprovada-na-camara-lei-da-copa-feminina-reconhece-atletas-pioneiras\/\" \/>\n<meta property=\"og:site_name\" content=\"O PROGRESSO\" \/>\n<meta property=\"article:publisher\" content=\"https:\/\/www.facebook.com\/share\/1CeoksKBj6\/\" \/>\n<meta property=\"article:published_time\" content=\"2026-04-30T14:01:00+00:00\" \/>\n<meta property=\"og:image\" content=\"https:\/\/progresso.com.br\/wp-content\/uploads\/2026\/04\/image-1000-47201f686484fe39cda43ae8960d8620.jpeg\" \/>\n\t<meta property=\"og:image:width\" content=\"754\" \/>\n\t<meta property=\"og:image:height\" content=\"505\" \/>\n\t<meta property=\"og:image:type\" content=\"image\/jpeg\" \/>\n<meta name=\"author\" content=\"Rog\u00e9rio Vidmantas\" \/>\n<meta name=\"twitter:card\" content=\"summary_large_image\" \/>\n<meta name=\"twitter:label1\" content=\"Escrito por\" \/>\n\t<meta name=\"twitter:data1\" content=\"Rog\u00e9rio Vidmantas\" \/>\n\t<meta name=\"twitter:label2\" content=\"Est. tempo de leitura\" \/>\n\t<meta name=\"twitter:data2\" content=\"3 minutos\" \/>\n<script type=\"application\/ld+json\" class=\"yoast-schema-graph\">{\"@context\":\"https:\/\/schema.org\",\"@graph\":[{\"@type\":\"Article\",\"@id\":\"https:\/\/progresso.com.br\/index.php\/2026\/04\/30\/aprovada-na-camara-lei-da-copa-feminina-reconhece-atletas-pioneiras\/#article\",\"isPartOf\":{\"@id\":\"https:\/\/progresso.com.br\/index.php\/2026\/04\/30\/aprovada-na-camara-lei-da-copa-feminina-reconhece-atletas-pioneiras\/\"},\"author\":{\"name\":\"Rog\u00e9rio Vidmantas\",\"@id\":\"https:\/\/progresso.com.br\/#\/schema\/person\/471791cc575a7e23811d1070fa9d20ee\"},\"headline\":\"Aprovada na C\u00e2mara, lei da Copa Feminina reconhece atletas pioneiras\",\"datePublished\":\"2026-04-30T14:01:00+00:00\",\"mainEntityOfPage\":{\"@id\":\"https:\/\/progresso.com.br\/index.php\/2026\/04\/30\/aprovada-na-camara-lei-da-copa-feminina-reconhece-atletas-pioneiras\/\"},\"wordCount\":467,\"commentCount\":0,\"publisher\":{\"@id\":\"https:\/\/progresso.com.br\/#organization\"},\"image\":{\"@id\":\"https:\/\/progresso.com.br\/index.php\/2026\/04\/30\/aprovada-na-camara-lei-da-copa-feminina-reconhece-atletas-pioneiras\/#primaryimage\"},\"thumbnailUrl\":\"https:\/\/progresso.com.br\/wp-content\/uploads\/2026\/04\/image-1000-47201f686484fe39cda43ae8960d8620.jpeg\",\"articleSection\":[\"Esporte\"],\"inLanguage\":\"pt-BR\",\"potentialAction\":[{\"@type\":\"CommentAction\",\"name\":\"Comment\",\"target\":[\"https:\/\/progresso.com.br\/index.php\/2026\/04\/30\/aprovada-na-camara-lei-da-copa-feminina-reconhece-atletas-pioneiras\/#respond\"]}]},{\"@type\":\"WebPage\",\"@id\":\"https:\/\/progresso.com.br\/index.php\/2026\/04\/30\/aprovada-na-camara-lei-da-copa-feminina-reconhece-atletas-pioneiras\/\",\"url\":\"https:\/\/progresso.com.br\/index.php\/2026\/04\/30\/aprovada-na-camara-lei-da-copa-feminina-reconhece-atletas-pioneiras\/\",\"name\":\"Aprovada na C\u00e2mara, lei da Copa Feminina reconhece atletas pioneiras - O PROGRESSO\",\"isPartOf\":{\"@id\":\"https:\/\/progresso.com.br\/#website\"},\"primaryImageOfPage\":{\"@id\":\"https:\/\/progresso.com.br\/index.php\/2026\/04\/30\/aprovada-na-camara-lei-da-copa-feminina-reconhece-atletas-pioneiras\/#primaryimage\"},\"image\":{\"@id\":\"https:\/\/progresso.com.br\/index.php\/2026\/04\/30\/aprovada-na-camara-lei-da-copa-feminina-reconhece-atletas-pioneiras\/#primaryimage\"},\"thumbnailUrl\":\"https:\/\/progresso.com.br\/wp-content\/uploads\/2026\/04\/image-1000-47201f686484fe39cda43ae8960d8620.jpeg\",\"datePublished\":\"2026-04-30T14:01:00+00:00\",\"breadcrumb\":{\"@id\":\"https:\/\/progresso.com.br\/index.php\/2026\/04\/30\/aprovada-na-camara-lei-da-copa-feminina-reconhece-atletas-pioneiras\/#breadcrumb\"},\"inLanguage\":\"pt-BR\",\"potentialAction\":[{\"@type\":\"ReadAction\",\"target\":[\"https:\/\/progresso.com.br\/index.php\/2026\/04\/30\/aprovada-na-camara-lei-da-copa-feminina-reconhece-atletas-pioneiras\/\"]}]},{\"@type\":\"ImageObject\",\"inLanguage\":\"pt-BR\",\"@id\":\"https:\/\/progresso.com.br\/index.php\/2026\/04\/30\/aprovada-na-camara-lei-da-copa-feminina-reconhece-atletas-pioneiras\/#primaryimage\",\"url\":\"https:\/\/progresso.com.br\/wp-content\/uploads\/2026\/04\/image-1000-47201f686484fe39cda43ae8960d8620.jpeg\",\"contentUrl\":\"https:\/\/progresso.com.br\/wp-content\/uploads\/2026\/04\/image-1000-47201f686484fe39cda43ae8960d8620.jpeg\",\"width\":754,\"height\":505,\"caption\":\"Primeira sele\u00e7\u00e3o feminina brasileira em aquecimento antes de partida no Torneio Experimental da Fifa na China (Foto: Acervo Museu do Futebol)\"},{\"@type\":\"BreadcrumbList\",\"@id\":\"https:\/\/progresso.com.br\/index.php\/2026\/04\/30\/aprovada-na-camara-lei-da-copa-feminina-reconhece-atletas-pioneiras\/#breadcrumb\",\"itemListElement\":[{\"@type\":\"ListItem\",\"position\":1,\"name\":\"In\u00edcio\",\"item\":\"https:\/\/progresso.com.br\/\"},{\"@type\":\"ListItem\",\"position\":2,\"name\":\"Aprovada na C\u00e2mara, lei da Copa Feminina reconhece atletas pioneiras\"}]},{\"@type\":\"WebSite\",\"@id\":\"https:\/\/progresso.com.br\/#website\",\"url\":\"https:\/\/progresso.com.br\/\",\"name\":\"O PROGRESSO\",\"description\":\"\",\"publisher\":{\"@id\":\"https:\/\/progresso.com.br\/#organization\"},\"potentialAction\":[{\"@type\":\"SearchAction\",\"target\":{\"@type\":\"EntryPoint\",\"urlTemplate\":\"https:\/\/progresso.com.br\/?s={search_term_string}\"},\"query-input\":{\"@type\":\"PropertyValueSpecification\",\"valueRequired\":true,\"valueName\":\"search_term_string\"}}],\"inLanguage\":\"pt-BR\"},{\"@type\":\"Organization\",\"@id\":\"https:\/\/progresso.com.br\/#organization\",\"name\":\"O PROGRESSO\",\"url\":\"https:\/\/progresso.com.br\/\",\"logo\":{\"@type\":\"ImageObject\",\"inLanguage\":\"pt-BR\",\"@id\":\"https:\/\/progresso.com.br\/#\/schema\/logo\/image\/\",\"url\":\"https:\/\/progresso.com.br\/wp-content\/uploads\/2026\/03\/logo_proog.jpg\",\"contentUrl\":\"https:\/\/progresso.com.br\/wp-content\/uploads\/2026\/03\/logo_proog.jpg\",\"width\":1960,\"height\":1080,\"caption\":\"O PROGRESSO\"},\"image\":{\"@id\":\"https:\/\/progresso.com.br\/#\/schema\/logo\/image\/\"},\"sameAs\":[\"https:\/\/www.facebook.com\/share\/1CeoksKBj6\/\",\"https:\/\/www.instagram.com\/oprogresso_digital\"]},{\"@type\":\"Person\",\"@id\":\"https:\/\/progresso.com.br\/#\/schema\/person\/471791cc575a7e23811d1070fa9d20ee\",\"name\":\"Rog\u00e9rio Vidmantas\",\"image\":{\"@type\":\"ImageObject\",\"inLanguage\":\"pt-BR\",\"@id\":\"https:\/\/progresso.com.br\/#\/schema\/person\/image\/\",\"url\":\"https:\/\/secure.gravatar.com\/avatar\/10a86aae4992f407879fa7e12fb476cdff79509ad9ec42967d62b4fbcee7c57b?s=96&d=mm&r=g\",\"contentUrl\":\"https:\/\/secure.gravatar.com\/avatar\/10a86aae4992f407879fa7e12fb476cdff79509ad9ec42967d62b4fbcee7c57b?s=96&d=mm&r=g\",\"caption\":\"Rog\u00e9rio Vidmantas\"},\"url\":\"https:\/\/progresso.com.br\/index.php\/author\/vidmantas\/\"}]}<\/script>\n<!-- \/ Yoast SEO plugin. -->","yoast_head_json":{"title":"Aprovada na C\u00e2mara, lei da Copa Feminina reconhece atletas pioneiras - O PROGRESSO","robots":{"index":"index","follow":"follow","max-snippet":"max-snippet:-1","max-image-preview":"max-image-preview:large","max-video-preview":"max-video-preview:-1"},"canonical":"https:\/\/progresso.com.br\/index.php\/2026\/04\/30\/aprovada-na-camara-lei-da-copa-feminina-reconhece-atletas-pioneiras\/","og_locale":"pt_BR","og_type":"article","og_title":"Aprovada na C\u00e2mara, lei da Copa Feminina reconhece atletas pioneiras - O PROGRESSO","og_description":"Ex-atletas receber\u00e3o pr\u00eamio de R$ 500 mil por terem representado o Brasil na primeira Copa do Mundo, disputada na China em 1991 Rog\u00e9rio Vidmantas A pouco mais de um ano para a abertura do Mundial feminino no Brasil, o primeiro na Am\u00e9rica do Sul, um projeto de lei (PL) aprovado na C\u00e2mara faz reconhecimento in\u00e9dito [&hellip;]","og_url":"https:\/\/progresso.com.br\/index.php\/2026\/04\/30\/aprovada-na-camara-lei-da-copa-feminina-reconhece-atletas-pioneiras\/","og_site_name":"O PROGRESSO","article_publisher":"https:\/\/www.facebook.com\/share\/1CeoksKBj6\/","article_published_time":"2026-04-30T14:01:00+00:00","og_image":[{"width":754,"height":505,"url":"https:\/\/progresso.com.br\/wp-content\/uploads\/2026\/04\/image-1000-47201f686484fe39cda43ae8960d8620.jpeg","type":"image\/jpeg"}],"author":"Rog\u00e9rio Vidmantas","twitter_card":"summary_large_image","twitter_misc":{"Escrito por":"Rog\u00e9rio Vidmantas","Est. tempo de leitura":"3 minutos"},"schema":{"@context":"https:\/\/schema.org","@graph":[{"@type":"Article","@id":"https:\/\/progresso.com.br\/index.php\/2026\/04\/30\/aprovada-na-camara-lei-da-copa-feminina-reconhece-atletas-pioneiras\/#article","isPartOf":{"@id":"https:\/\/progresso.com.br\/index.php\/2026\/04\/30\/aprovada-na-camara-lei-da-copa-feminina-reconhece-atletas-pioneiras\/"},"author":{"name":"Rog\u00e9rio Vidmantas","@id":"https:\/\/progresso.com.br\/#\/schema\/person\/471791cc575a7e23811d1070fa9d20ee"},"headline":"Aprovada na C\u00e2mara, lei da Copa Feminina reconhece atletas pioneiras","datePublished":"2026-04-30T14:01:00+00:00","mainEntityOfPage":{"@id":"https:\/\/progresso.com.br\/index.php\/2026\/04\/30\/aprovada-na-camara-lei-da-copa-feminina-reconhece-atletas-pioneiras\/"},"wordCount":467,"commentCount":0,"publisher":{"@id":"https:\/\/progresso.com.br\/#organization"},"image":{"@id":"https:\/\/progresso.com.br\/index.php\/2026\/04\/30\/aprovada-na-camara-lei-da-copa-feminina-reconhece-atletas-pioneiras\/#primaryimage"},"thumbnailUrl":"https:\/\/progresso.com.br\/wp-content\/uploads\/2026\/04\/image-1000-47201f686484fe39cda43ae8960d8620.jpeg","articleSection":["Esporte"],"inLanguage":"pt-BR","potentialAction":[{"@type":"CommentAction","name":"Comment","target":["https:\/\/progresso.com.br\/index.php\/2026\/04\/30\/aprovada-na-camara-lei-da-copa-feminina-reconhece-atletas-pioneiras\/#respond"]}]},{"@type":"WebPage","@id":"https:\/\/progresso.com.br\/index.php\/2026\/04\/30\/aprovada-na-camara-lei-da-copa-feminina-reconhece-atletas-pioneiras\/","url":"https:\/\/progresso.com.br\/index.php\/2026\/04\/30\/aprovada-na-camara-lei-da-copa-feminina-reconhece-atletas-pioneiras\/","name":"Aprovada na C\u00e2mara, lei da Copa Feminina reconhece atletas pioneiras - O PROGRESSO","isPartOf":{"@id":"https:\/\/progresso.com.br\/#website"},"primaryImageOfPage":{"@id":"https:\/\/progresso.com.br\/index.php\/2026\/04\/30\/aprovada-na-camara-lei-da-copa-feminina-reconhece-atletas-pioneiras\/#primaryimage"},"image":{"@id":"https:\/\/progresso.com.br\/index.php\/2026\/04\/30\/aprovada-na-camara-lei-da-copa-feminina-reconhece-atletas-pioneiras\/#primaryimage"},"thumbnailUrl":"https:\/\/progresso.com.br\/wp-content\/uploads\/2026\/04\/image-1000-47201f686484fe39cda43ae8960d8620.jpeg","datePublished":"2026-04-30T14:01:00+00:00","breadcrumb":{"@id":"https:\/\/progresso.com.br\/index.php\/2026\/04\/30\/aprovada-na-camara-lei-da-copa-feminina-reconhece-atletas-pioneiras\/#breadcrumb"},"inLanguage":"pt-BR","potentialAction":[{"@type":"ReadAction","target":["https:\/\/progresso.com.br\/index.php\/2026\/04\/30\/aprovada-na-camara-lei-da-copa-feminina-reconhece-atletas-pioneiras\/"]}]},{"@type":"ImageObject","inLanguage":"pt-BR","@id":"https:\/\/progresso.com.br\/index.php\/2026\/04\/30\/aprovada-na-camara-lei-da-copa-feminina-reconhece-atletas-pioneiras\/#primaryimage","url":"https:\/\/progresso.com.br\/wp-content\/uploads\/2026\/04\/image-1000-47201f686484fe39cda43ae8960d8620.jpeg","contentUrl":"https:\/\/progresso.com.br\/wp-content\/uploads\/2026\/04\/image-1000-47201f686484fe39cda43ae8960d8620.jpeg","width":754,"height":505,"caption":"Primeira sele\u00e7\u00e3o feminina brasileira em aquecimento antes de partida no Torneio Experimental da Fifa na China (Foto: Acervo Museu do Futebol)"},{"@type":"BreadcrumbList","@id":"https:\/\/progresso.com.br\/index.php\/2026\/04\/30\/aprovada-na-camara-lei-da-copa-feminina-reconhece-atletas-pioneiras\/#breadcrumb","itemListElement":[{"@type":"ListItem","position":1,"name":"In\u00edcio","item":"https:\/\/progresso.com.br\/"},{"@type":"ListItem","position":2,"name":"Aprovada na C\u00e2mara, lei da Copa Feminina reconhece atletas pioneiras"}]},{"@type":"WebSite","@id":"https:\/\/progresso.com.br\/#website","url":"https:\/\/progresso.com.br\/","name":"O PROGRESSO","description":"","publisher":{"@id":"https:\/\/progresso.com.br\/#organization"},"potentialAction":[{"@type":"SearchAction","target":{"@type":"EntryPoint","urlTemplate":"https:\/\/progresso.com.br\/?s={search_term_string}"},"query-input":{"@type":"PropertyValueSpecification","valueRequired":true,"valueName":"search_term_string"}}],"inLanguage":"pt-BR"},{"@type":"Organization","@id":"https:\/\/progresso.com.br\/#organization","name":"O PROGRESSO","url":"https:\/\/progresso.com.br\/","logo":{"@type":"ImageObject","inLanguage":"pt-BR","@id":"https:\/\/progresso.com.br\/#\/schema\/logo\/image\/","url":"https:\/\/progresso.com.br\/wp-content\/uploads\/2026\/03\/logo_proog.jpg","contentUrl":"https:\/\/progresso.com.br\/wp-content\/uploads\/2026\/03\/logo_proog.jpg","width":1960,"height":1080,"caption":"O PROGRESSO"},"image":{"@id":"https:\/\/progresso.com.br\/#\/schema\/logo\/image\/"},"sameAs":["https:\/\/www.facebook.com\/share\/1CeoksKBj6\/","https:\/\/www.instagram.com\/oprogresso_digital"]},{"@type":"Person","@id":"https:\/\/progresso.com.br\/#\/schema\/person\/471791cc575a7e23811d1070fa9d20ee","name":"Rog\u00e9rio Vidmantas","image":{"@type":"ImageObject","inLanguage":"pt-BR","@id":"https:\/\/progresso.com.br\/#\/schema\/person\/image\/","url":"https:\/\/secure.gravatar.com\/avatar\/10a86aae4992f407879fa7e12fb476cdff79509ad9ec42967d62b4fbcee7c57b?s=96&d=mm&r=g","contentUrl":"https:\/\/secure.gravatar.com\/avatar\/10a86aae4992f407879fa7e12fb476cdff79509ad9ec42967d62b4fbcee7c57b?s=96&d=mm&r=g","caption":"Rog\u00e9rio Vidmantas"},"url":"https:\/\/progresso.com.br\/index.php\/author\/vidmantas\/"}]}},"_links":{"self":[{"href":"https:\/\/progresso.com.br\/index.php\/wp-json\/wp\/v2\/posts\/5177","targetHints":{"allow":["GET"]}}],"collection":[{"href":"https:\/\/progresso.com.br\/index.php\/wp-json\/wp\/v2\/posts"}],"about":[{"href":"https:\/\/progresso.com.br\/index.php\/wp-json\/wp\/v2\/types\/post"}],"author":[{"embeddable":true,"href":"https:\/\/progresso.com.br\/index.php\/wp-json\/wp\/v2\/users\/5"}],"replies":[{"embeddable":true,"href":"https:\/\/progresso.com.br\/index.php\/wp-json\/wp\/v2\/comments?post=5177"}],"version-history":[{"count":1,"href":"https:\/\/progresso.com.br\/index.php\/wp-json\/wp\/v2\/posts\/5177\/revisions"}],"predecessor-version":[{"id":5179,"href":"https:\/\/progresso.com.br\/index.php\/wp-json\/wp\/v2\/posts\/5177\/revisions\/5179"}],"wp:featuredmedia":[{"embeddable":true,"href":"https:\/\/progresso.com.br\/index.php\/wp-json\/wp\/v2\/media\/5178"}],"wp:attachment":[{"href":"https:\/\/progresso.com.br\/index.php\/wp-json\/wp\/v2\/media?parent=5177"}],"wp:term":[{"taxonomy":"category","embeddable":true,"href":"https:\/\/progresso.com.br\/index.php\/wp-json\/wp\/v2\/categories?post=5177"},{"taxonomy":"post_tag","embeddable":true,"href":"https:\/\/progresso.com.br\/index.php\/wp-json\/wp\/v2\/tags?post=5177"}],"curies":[{"name":"wp","href":"https:\/\/api.w.org\/{rel}","templated":true}]}}