{"id":5189,"date":"2026-04-30T10:30:00","date_gmt":"2026-04-30T14:30:00","guid":{"rendered":"https:\/\/progresso.com.br\/?p=5189"},"modified":"2026-04-30T09:49:59","modified_gmt":"2026-04-30T13:49:59","slug":"brasil-ultrapassa-eua-pela-1a-vez-em-ranking-de-liberdade-de-imprensa","status":"publish","type":"post","link":"https:\/\/progresso.com.br\/index.php\/2026\/04\/30\/brasil-ultrapassa-eua-pela-1a-vez-em-ranking-de-liberdade-de-imprensa\/","title":{"rendered":"Brasil ultrapassa EUA pela 1\u00aa vez em ranking de liberdade de imprensa"},"content":{"rendered":"\n<p><strong><em>Desde 2022, pa\u00eds ganhou 58 posi\u00e7\u00f5es no levantamento global<\/em><\/strong><\/p>\n\n\n\n<p><em>Luiz Claudio Ferreira &#8211;  Ag\u00eancia Brasil<\/em><\/p>\n\n\n\n<p><strong>O Brasil chegou \u00e0 52\u00aa coloca\u00e7\u00e3o no \u00faltimo ranking que avalia a liberdade de imprensa no mundo. Com o resultado, o pa\u00eds cresceu 58 posi\u00e7\u00f5es desde 2022 e ultrapassou, pela primeira vez, os Estados Unidos, que ocupa a posi\u00e7\u00e3o 64.<\/strong><img decoding=\"async\" src=\"https:\/\/agenciabrasil.ebc.com.br\/ebc.png?id=1687786&amp;o=node\"><img decoding=\"async\" src=\"https:\/\/agenciabrasil.ebc.com.br\/ebc.gif?id=1687786&amp;o=node\"><\/p>\n\n\n\n<p>O levantamento foi divulgado, na quinta (30), pela&nbsp;<strong>organiza\u00e7\u00e3o n\u00e3o-governamental&nbsp;<a href=\"http:\/\/https\/\/rsf.org\/pt-br\" target=\"_blank\" rel=\"noreferrer noopener\">Rep\u00f3rteres Sem Fronteiras (RSF)<\/a><\/strong>.&nbsp;<\/p>\n\n\n\n<p>Em rela\u00e7\u00e3o ao ano de 2025, o&nbsp;<strong>Brasil cresceu 11 posi\u00e7\u00f5es<\/strong>.&nbsp;<strong>Na Am\u00e9rica do Sul, ficou atr\u00e1s apenas do Uruguai, que est\u00e1 na 48\u00aa coloca\u00e7\u00e3o<\/strong>. Segundo a Rep\u00f3rteres Sem Fronteiras, no entanto, o<strong>&nbsp;caso de melhora brasileiro \u00e9 uma das exce\u00e7\u00f5es no mundo<\/strong>.<\/p>\n\n\n\n<blockquote class=\"wp-block-quote is-layout-flow wp-block-quote-is-layout-flow\">\n<p>\u201cTrata-se de um avan\u00e7o muito expressivo em um contexto em que a maioria dos pa\u00edses tem vivido um cen\u00e1rio de deteriora\u00e7\u00e3o\u201d, considerou o diretor da ONG para Am\u00e9rica Latina, o jornalista brasileiro Artur Romeu.&nbsp;<\/p>\n<\/blockquote>\n\n\n\n<p>Para ele, o&nbsp;<strong>Brasil \u00e9 um ponto fora da curva<\/strong>&nbsp;com evolu\u00e7\u00e3o depois dos momentos de tens\u00e3o durante o governo de Jair Bolsonaro, quando havia ataques di\u00e1rios contra jornalistas. \u201cUm dos marcadores \u00e9 um cen\u00e1rio de volta \u00e0 normalidade, a uma rela\u00e7\u00e3o institucional dentro de um ambiente democr\u00e1tico entre um governo e a imprensa\u201d, afirmou Romeu.<\/p>\n\n\n\n<p>Outro motivo de evolu\u00e7\u00e3o brasileira foi&nbsp;<strong>n\u00e3o ter jornalistas assassinados no pa\u00eds<\/strong>, desde a morte de Dom Philips, em 2022, na Amaz\u00f4nia.&nbsp;<strong>Entre 2010 e 2022, foram 35 jornalistas assassinados no Brasil<\/strong>. Al\u00e9m disso, o pa\u00eds tem estruturado a\u00e7\u00f5es de prote\u00e7\u00e3o ao trabalho jornal\u00edstico.<\/p>\n\n\n\n<blockquote class=\"wp-block-quote is-layout-flow wp-block-quote-is-layout-flow\">\n<p>\u201cO Brasil tem observado uma agenda da regula\u00e7\u00e3o das plataformas, de intelig\u00eancia artificial, da defesa da integridade da informa\u00e7\u00e3o e do enfrentamento \u00e0 desinforma\u00e7\u00e3o.\u201d<\/p>\n<\/blockquote>\n\n\n\n<p>Outras medidas pontuais citadas pelo diretor na entidade foi a cria\u00e7\u00e3o de um Observat\u00f3rio Nacional de Viol\u00eancia contra Jornalistas e a ado\u00e7\u00e3o de um protocolo de investiga\u00e7\u00e3o de crimes cometidos contra a imprensa. No entanto, Artur Romeu contextualiza que o crescimento do Brasil tem tamb\u00e9m rela\u00e7\u00e3o com a degrada\u00e7\u00e3o da situa\u00e7\u00e3o em outras na\u00e7\u00f5es.&nbsp;<\/p>\n\n\n\n<h2 class=\"wp-block-heading\">Par\u00e2metro negativo<\/h2>\n\n\n\n<p><strong>A pontua\u00e7\u00e3o do Brasil subiu em torno de 11 pontos<\/strong>. Por outro lado, os&nbsp;<strong>Estados Unidos<\/strong>&nbsp;t\u00eam se tornado um&nbsp;<strong>par\u00e2metro negativo<\/strong>, j\u00e1 que tamb\u00e9m encorajaram outros governos mais alinhados aos Estados Unidos a adotarem e reproduzirem pr\u00e1ticas semelhantes. \u201cOs efeitos disso v\u00eam sendo constatados tamb\u00e9m na&nbsp;<strong>Argentina<\/strong>, do presidente Javier Milei. O pa\u00eds caiu j\u00e1&nbsp;<strong>69 posi\u00e7\u00f5es<\/strong>&nbsp;desde 2022 para c\u00e1\u201d.<\/p>\n\n\n\n<p>No caso dos Estados Unidos, segundo avalia o diretor da ONG, \u00e9 que o governo opera para instrumentalizar uma vis\u00e3o deturpada de liberdade de express\u00e3o ao atacar a imprensa. \u201cA gente v\u00ea, em v\u00e1rios desses pa\u00edses, uma l\u00f3gica de hostilidade sist\u00eamica ao trabalho da imprensa, que capitaliza ganhos eleitorais ao alimentar uma l\u00f3gica de polariza\u00e7\u00e3o pol\u00edtica\u201d.<\/p>\n\n\n\n<h2 class=\"wp-block-heading\">Press\u00f5es<\/h2>\n\n\n\n<p>As amea\u00e7as n\u00e3o chegam apenas de representantes eleitos. H\u00e1, ainda como exemplo, a instrumentaliza\u00e7\u00e3o da Justi\u00e7a para intimidar jornalistas e a imprensa. A imprensa brasileira tamb\u00e9m seria alvo de processos judiciais abusivos.<\/p>\n\n\n\n<blockquote class=\"wp-block-quote is-layout-flow wp-block-quote-is-layout-flow\">\n<p>\u201cH\u00e1 um cen\u00e1rio de criminaliza\u00e7\u00e3o do jornalismo, que \u00e9 quando atrav\u00e9s de legisla\u00e7\u00f5es s\u00e3o usadas para calar a imprensa.\u201d<\/p>\n<\/blockquote>\n\n\n\n<p>Artur Romeu explica que, nos \u00faltimos quatro anos, quatro dos cinco indicadores do Brasil subiram. Apenas um caiu. Foi o que mede quest\u00f5es como a percep\u00e7\u00e3o de confian\u00e7a da sociedade \u00e0 imprensa, o volume e intensidade de campanhas de \u00f3dio contra jornalistas, a pluralidade de opini\u00f5es refletidas na imprensa e a percep\u00e7\u00e3o sobre autocensura de jornalistas.<\/p>\n\n\n\n<h2 class=\"wp-block-heading\">Pelo mundo<\/h2>\n\n\n\n<blockquote class=\"wp-block-quote is-layout-flow wp-block-quote-is-layout-flow\">\n<p>\u201cPela primeira vez na hist\u00f3ria do Ranking Mundial da Liberdade de Imprensa, mais da metade dos pa\u00edses do mundo se encontra em uma situa\u00e7\u00e3o dif\u00edcil&nbsp;ou grave&#8221;, apontou o relat\u00f3rio.<\/p>\n<\/blockquote>\n\n\n\n<p>Nos 25 anos em que \u00e9 feito o&nbsp;<em>ranking<\/em>, a&nbsp;<strong>pontua\u00e7\u00e3o m\u00e9dia&nbsp;<\/strong>de todos os pa\u00edses do mundo&nbsp;<strong>nunca foi t\u00e3o baixa<\/strong>. A situa\u00e7\u00e3o dos Estados Unidos, por exemplo, \u00e9 observada no relat\u00f3rio em fun\u00e7\u00e3o de que o presidente Donald Trump transformou os&nbsp;<strong>ataques aos jornalistas<\/strong>, na avalia\u00e7\u00e3o dos pesquisadores, uma pr\u00e1tica sistem\u00e1tica. Isso fez com que houvesse uma queda de sete posi\u00e7\u00f5es neste ano.<\/p>\n\n\n\n<p>De acordo com o relat\u00f3rio, o<strong>&nbsp;jornalismo nas Am\u00e9ricas<\/strong>&nbsp;apresenta tend\u00eancia de autoridades que agravam as press\u00f5es por caminhos como<strong>&nbsp;\u201cret\u00f3rica hostil\u201d, \u201crestri\u00e7\u00f5es jur\u00eddicas e<\/strong><\/p>\n\n\n\n<p><strong>administrativas\u201d, \u201cacesso limitado \u00e0 informa\u00e7\u00e3o p\u00fablica\u201d e \u201cinstrumentaliza\u00e7\u00e3o dos sistemas jur\u00eddicos\u201d<\/strong>.&nbsp;<\/p>\n\n\n\n<p>No caso dos Estados Unidos, h\u00e1 ainda a pr\u00e1tica de&nbsp;<strong>cortes or\u00e7ament\u00e1rios em emissoras p\u00fablica<\/strong>s, interfer\u00eancias pol\u00edticas na propriedade dos meios de comunica\u00e7\u00e3o e investiga\u00e7\u00f5es com motiva\u00e7\u00e3o pol\u00edtica contra jornalistas e ve\u00edculos de imprensa.&nbsp;<\/p>\n\n\n\n<p>\u201cDesde seu retorno ao poder, os jornalistas tamb\u00e9m passaram a ser alvo durante manifesta\u00e7\u00f5es, o que reflete uma deteriora\u00e7\u00e3o mais ampla que constitui uma das crises mais graves para a liberdade de imprensa na hist\u00f3ria moderna dos Estados Unidos\u201d, ressalta o relat\u00f3rio.<\/p>\n\n\n\n<p><strong>A Argentina, sob o governo de Javier Milei, tamb\u00e9m teve queda na situa\u00e7\u00e3o de liberdade de imprensa.<\/strong>&nbsp;Chegou \u00e0 98\u00aa posi\u00e7\u00e3o ap\u00f3s cair 11 posi\u00e7\u00f5es.&nbsp;<strong>J\u00e1 h\u00e1 uma perda de 69 posi\u00e7\u00f5es desde 2022<\/strong>.<\/p>\n\n\n\n<p>Ainda nas Am\u00e9ricas, o Equador teve a maior queda na regi\u00e3o (com&nbsp;<strong>31 posi\u00e7\u00f5es<\/strong>), por causa do avan\u00e7o do crime organizado que matou tr\u00eas jornalistas no \u00faltimo ano. O Peru (<strong>144\u00aa<\/strong>), que teve quatro jornalistas assassinados no ano passado, perdeu&nbsp;<strong>14 posi\u00e7\u00f5es no ranking<\/strong>&nbsp;este ano. Isso significou queda de<strong>&nbsp;67 posi\u00e7\u00f5es<\/strong>&nbsp;desde 2022.<\/p>\n\n\n\n<p>Na Am\u00e9rica Central, El Salvador (<strong>na posi\u00e7\u00e3o 143\u00aa<\/strong>) manteve sua tend\u00eancia de queda, com perda de<strong>&nbsp;74 posi\u00e7\u00f5es<\/strong>&nbsp;desde a chegada, em 2019, do presidente Nayib Bukele ao poder.&nbsp;<\/p>\n\n\n\n<p>Na Am\u00e9rica do Norte, o M\u00e9xico (<strong>122\u00aa<\/strong>) \u00e9 o pa\u00eds da regi\u00e3o com uma das piores pontua\u00e7\u00f5es do indicador de seguran\u00e7a, perdendo apenas para a Nicar\u00e1gua (<strong>172\u00aa<\/strong>). Na lanterna da regi\u00e3o, seguem pa\u00edses como Nicar\u00e1gua (<strong>172\u00aa<\/strong>), Cuba (<strong>165\u00aa<\/strong>) e Venezuela (<strong>160\u00aa<\/strong>), onde a liberdade de imprensa permanece em seu n\u00edvel mais baixo. As piores posi\u00e7\u00f5es globais s\u00e3o do<strong>&nbsp;Ir\u00e3, China, Coreia do Norte e Eritreia<\/strong>, segundo o relat\u00f3rio.<\/p>\n\n\n\n<p><strong>A melhor posi\u00e7\u00e3o das Am\u00e9ricas \u00e9 a do Canad\u00e1 (em 20\u00ba). Os 19 primeiros s\u00e3o todos europeus. O&nbsp;<em>ranking<\/em>&nbsp;\u00e9 liderado pela Noruega, seguido da Holanda e da Est\u00f4nia<\/strong>.<\/p>\n","protected":false},"excerpt":{"rendered":"<p>Desde 2022, pa\u00eds ganhou 58 posi\u00e7\u00f5es no levantamento global Luiz Claudio Ferreira &#8211; Ag\u00eancia Brasil O Brasil chegou \u00e0 52\u00aa coloca\u00e7\u00e3o no \u00faltimo ranking que avalia a liberdade de imprensa no mundo. Com o resultado, o pa\u00eds cresceu 58 posi\u00e7\u00f5es desde 2022 e ultrapassou, pela primeira vez, os Estados Unidos, que ocupa a posi\u00e7\u00e3o 64. [&hellip;]<\/p>\n","protected":false},"author":2,"featured_media":5190,"comment_status":"open","ping_status":"open","sticky":false,"template":"","format":"standard","meta":{"footnotes":""},"categories":[30,2],"tags":[],"class_list":["post-5189","post","type-post","status-publish","format-standard","has-post-thumbnail","hentry","category-brasil","category-destaque"],"yoast_head":"<!-- This site is optimized with the Yoast SEO plugin v27.1.1 - https:\/\/yoast.com\/product\/yoast-seo-wordpress\/ -->\n<title>Brasil ultrapassa EUA pela 1\u00aa vez em ranking de liberdade de imprensa - O PROGRESSO<\/title>\n<meta name=\"robots\" content=\"index, follow, max-snippet:-1, max-image-preview:large, max-video-preview:-1\" \/>\n<link rel=\"canonical\" href=\"https:\/\/progresso.com.br\/index.php\/2026\/04\/30\/brasil-ultrapassa-eua-pela-1a-vez-em-ranking-de-liberdade-de-imprensa\/\" \/>\n<meta property=\"og:locale\" content=\"pt_BR\" \/>\n<meta property=\"og:type\" content=\"article\" \/>\n<meta property=\"og:title\" content=\"Brasil ultrapassa EUA pela 1\u00aa vez em ranking de liberdade de imprensa - O PROGRESSO\" \/>\n<meta property=\"og:description\" content=\"Desde 2022, pa\u00eds ganhou 58 posi\u00e7\u00f5es no levantamento global Luiz Claudio Ferreira &#8211; Ag\u00eancia Brasil O Brasil chegou \u00e0 52\u00aa coloca\u00e7\u00e3o no \u00faltimo ranking que avalia a liberdade de imprensa no mundo. Com o resultado, o pa\u00eds cresceu 58 posi\u00e7\u00f5es desde 2022 e ultrapassou, pela primeira vez, os Estados Unidos, que ocupa a posi\u00e7\u00e3o 64. [&hellip;]\" \/>\n<meta property=\"og:url\" content=\"https:\/\/progresso.com.br\/index.php\/2026\/04\/30\/brasil-ultrapassa-eua-pela-1a-vez-em-ranking-de-liberdade-de-imprensa\/\" \/>\n<meta property=\"og:site_name\" content=\"O PROGRESSO\" \/>\n<meta property=\"article:publisher\" content=\"https:\/\/www.facebook.com\/share\/1CeoksKBj6\/\" \/>\n<meta property=\"article:published_time\" content=\"2026-04-30T14:30:00+00:00\" \/>\n<meta property=\"og:image\" content=\"https:\/\/progresso.com.br\/wp-content\/uploads\/2026\/04\/29022024-lula2432.webp\" \/>\n\t<meta property=\"og:image:width\" content=\"1170\" \/>\n\t<meta property=\"og:image:height\" content=\"700\" \/>\n\t<meta property=\"og:image:type\" content=\"image\/webp\" \/>\n<meta name=\"author\" content=\"Rose\" \/>\n<meta name=\"twitter:card\" content=\"summary_large_image\" \/>\n<meta name=\"twitter:label1\" content=\"Escrito por\" \/>\n\t<meta name=\"twitter:data1\" content=\"Rose\" \/>\n\t<meta name=\"twitter:label2\" content=\"Est. tempo de leitura\" \/>\n\t<meta name=\"twitter:data2\" content=\"6 minutos\" \/>\n<script type=\"application\/ld+json\" class=\"yoast-schema-graph\">{\"@context\":\"https:\/\/schema.org\",\"@graph\":[{\"@type\":\"Article\",\"@id\":\"https:\/\/progresso.com.br\/index.php\/2026\/04\/30\/brasil-ultrapassa-eua-pela-1a-vez-em-ranking-de-liberdade-de-imprensa\/#article\",\"isPartOf\":{\"@id\":\"https:\/\/progresso.com.br\/index.php\/2026\/04\/30\/brasil-ultrapassa-eua-pela-1a-vez-em-ranking-de-liberdade-de-imprensa\/\"},\"author\":{\"name\":\"Rose\",\"@id\":\"https:\/\/progresso.com.br\/#\/schema\/person\/5dd27138d4463fbbaace62120bfc002b\"},\"headline\":\"Brasil ultrapassa EUA pela 1\u00aa vez em ranking de liberdade de imprensa\",\"datePublished\":\"2026-04-30T14:30:00+00:00\",\"mainEntityOfPage\":{\"@id\":\"https:\/\/progresso.com.br\/index.php\/2026\/04\/30\/brasil-ultrapassa-eua-pela-1a-vez-em-ranking-de-liberdade-de-imprensa\/\"},\"wordCount\":1140,\"commentCount\":0,\"publisher\":{\"@id\":\"https:\/\/progresso.com.br\/#organization\"},\"image\":{\"@id\":\"https:\/\/progresso.com.br\/index.php\/2026\/04\/30\/brasil-ultrapassa-eua-pela-1a-vez-em-ranking-de-liberdade-de-imprensa\/#primaryimage\"},\"thumbnailUrl\":\"https:\/\/progresso.com.br\/wp-content\/uploads\/2026\/04\/29022024-lula2432.webp\",\"articleSection\":[\"Brasil\",\"Em destaque\"],\"inLanguage\":\"pt-BR\",\"potentialAction\":[{\"@type\":\"CommentAction\",\"name\":\"Comment\",\"target\":[\"https:\/\/progresso.com.br\/index.php\/2026\/04\/30\/brasil-ultrapassa-eua-pela-1a-vez-em-ranking-de-liberdade-de-imprensa\/#respond\"]}]},{\"@type\":\"WebPage\",\"@id\":\"https:\/\/progresso.com.br\/index.php\/2026\/04\/30\/brasil-ultrapassa-eua-pela-1a-vez-em-ranking-de-liberdade-de-imprensa\/\",\"url\":\"https:\/\/progresso.com.br\/index.php\/2026\/04\/30\/brasil-ultrapassa-eua-pela-1a-vez-em-ranking-de-liberdade-de-imprensa\/\",\"name\":\"Brasil ultrapassa EUA pela 1\u00aa vez em ranking de liberdade de imprensa - O PROGRESSO\",\"isPartOf\":{\"@id\":\"https:\/\/progresso.com.br\/#website\"},\"primaryImageOfPage\":{\"@id\":\"https:\/\/progresso.com.br\/index.php\/2026\/04\/30\/brasil-ultrapassa-eua-pela-1a-vez-em-ranking-de-liberdade-de-imprensa\/#primaryimage\"},\"image\":{\"@id\":\"https:\/\/progresso.com.br\/index.php\/2026\/04\/30\/brasil-ultrapassa-eua-pela-1a-vez-em-ranking-de-liberdade-de-imprensa\/#primaryimage\"},\"thumbnailUrl\":\"https:\/\/progresso.com.br\/wp-content\/uploads\/2026\/04\/29022024-lula2432.webp\",\"datePublished\":\"2026-04-30T14:30:00+00:00\",\"breadcrumb\":{\"@id\":\"https:\/\/progresso.com.br\/index.php\/2026\/04\/30\/brasil-ultrapassa-eua-pela-1a-vez-em-ranking-de-liberdade-de-imprensa\/#breadcrumb\"},\"inLanguage\":\"pt-BR\",\"potentialAction\":[{\"@type\":\"ReadAction\",\"target\":[\"https:\/\/progresso.com.br\/index.php\/2026\/04\/30\/brasil-ultrapassa-eua-pela-1a-vez-em-ranking-de-liberdade-de-imprensa\/\"]}]},{\"@type\":\"ImageObject\",\"inLanguage\":\"pt-BR\",\"@id\":\"https:\/\/progresso.com.br\/index.php\/2026\/04\/30\/brasil-ultrapassa-eua-pela-1a-vez-em-ranking-de-liberdade-de-imprensa\/#primaryimage\",\"url\":\"https:\/\/progresso.com.br\/wp-content\/uploads\/2026\/04\/29022024-lula2432.webp\",\"contentUrl\":\"https:\/\/progresso.com.br\/wp-content\/uploads\/2026\/04\/29022024-lula2432.webp\",\"width\":1170,\"height\":700,\"caption\":\"(Foto: Lula Marques\/ Ag\u00eancia Brasil)\"},{\"@type\":\"BreadcrumbList\",\"@id\":\"https:\/\/progresso.com.br\/index.php\/2026\/04\/30\/brasil-ultrapassa-eua-pela-1a-vez-em-ranking-de-liberdade-de-imprensa\/#breadcrumb\",\"itemListElement\":[{\"@type\":\"ListItem\",\"position\":1,\"name\":\"In\u00edcio\",\"item\":\"https:\/\/progresso.com.br\/\"},{\"@type\":\"ListItem\",\"position\":2,\"name\":\"Brasil ultrapassa EUA pela 1\u00aa vez em ranking de liberdade de imprensa\"}]},{\"@type\":\"WebSite\",\"@id\":\"https:\/\/progresso.com.br\/#website\",\"url\":\"https:\/\/progresso.com.br\/\",\"name\":\"O PROGRESSO\",\"description\":\"\",\"publisher\":{\"@id\":\"https:\/\/progresso.com.br\/#organization\"},\"potentialAction\":[{\"@type\":\"SearchAction\",\"target\":{\"@type\":\"EntryPoint\",\"urlTemplate\":\"https:\/\/progresso.com.br\/?s={search_term_string}\"},\"query-input\":{\"@type\":\"PropertyValueSpecification\",\"valueRequired\":true,\"valueName\":\"search_term_string\"}}],\"inLanguage\":\"pt-BR\"},{\"@type\":\"Organization\",\"@id\":\"https:\/\/progresso.com.br\/#organization\",\"name\":\"O PROGRESSO\",\"url\":\"https:\/\/progresso.com.br\/\",\"logo\":{\"@type\":\"ImageObject\",\"inLanguage\":\"pt-BR\",\"@id\":\"https:\/\/progresso.com.br\/#\/schema\/logo\/image\/\",\"url\":\"https:\/\/progresso.com.br\/wp-content\/uploads\/2026\/03\/logo_proog.jpg\",\"contentUrl\":\"https:\/\/progresso.com.br\/wp-content\/uploads\/2026\/03\/logo_proog.jpg\",\"width\":1960,\"height\":1080,\"caption\":\"O PROGRESSO\"},\"image\":{\"@id\":\"https:\/\/progresso.com.br\/#\/schema\/logo\/image\/\"},\"sameAs\":[\"https:\/\/www.facebook.com\/share\/1CeoksKBj6\/\",\"https:\/\/www.instagram.com\/oprogresso_digital\"]},{\"@type\":\"Person\",\"@id\":\"https:\/\/progresso.com.br\/#\/schema\/person\/5dd27138d4463fbbaace62120bfc002b\",\"name\":\"Rose\",\"image\":{\"@type\":\"ImageObject\",\"inLanguage\":\"pt-BR\",\"@id\":\"https:\/\/progresso.com.br\/#\/schema\/person\/image\/\",\"url\":\"https:\/\/secure.gravatar.com\/avatar\/1b6890e759cdd3a88d9f751cb423720b9861c5239167cd3586355638b6556599?s=96&d=mm&r=g\",\"contentUrl\":\"https:\/\/secure.gravatar.com\/avatar\/1b6890e759cdd3a88d9f751cb423720b9861c5239167cd3586355638b6556599?s=96&d=mm&r=g\",\"caption\":\"Rose\"},\"url\":\"https:\/\/progresso.com.br\/index.php\/author\/rose\/\"}]}<\/script>\n<!-- \/ Yoast SEO plugin. -->","yoast_head_json":{"title":"Brasil ultrapassa EUA pela 1\u00aa vez em ranking de liberdade de imprensa - O PROGRESSO","robots":{"index":"index","follow":"follow","max-snippet":"max-snippet:-1","max-image-preview":"max-image-preview:large","max-video-preview":"max-video-preview:-1"},"canonical":"https:\/\/progresso.com.br\/index.php\/2026\/04\/30\/brasil-ultrapassa-eua-pela-1a-vez-em-ranking-de-liberdade-de-imprensa\/","og_locale":"pt_BR","og_type":"article","og_title":"Brasil ultrapassa EUA pela 1\u00aa vez em ranking de liberdade de imprensa - O PROGRESSO","og_description":"Desde 2022, pa\u00eds ganhou 58 posi\u00e7\u00f5es no levantamento global Luiz Claudio Ferreira &#8211; Ag\u00eancia Brasil O Brasil chegou \u00e0 52\u00aa coloca\u00e7\u00e3o no \u00faltimo ranking que avalia a liberdade de imprensa no mundo. Com o resultado, o pa\u00eds cresceu 58 posi\u00e7\u00f5es desde 2022 e ultrapassou, pela primeira vez, os Estados Unidos, que ocupa a posi\u00e7\u00e3o 64. [&hellip;]","og_url":"https:\/\/progresso.com.br\/index.php\/2026\/04\/30\/brasil-ultrapassa-eua-pela-1a-vez-em-ranking-de-liberdade-de-imprensa\/","og_site_name":"O PROGRESSO","article_publisher":"https:\/\/www.facebook.com\/share\/1CeoksKBj6\/","article_published_time":"2026-04-30T14:30:00+00:00","og_image":[{"width":1170,"height":700,"url":"https:\/\/progresso.com.br\/wp-content\/uploads\/2026\/04\/29022024-lula2432.webp","type":"image\/webp"}],"author":"Rose","twitter_card":"summary_large_image","twitter_misc":{"Escrito por":"Rose","Est. tempo de leitura":"6 minutos"},"schema":{"@context":"https:\/\/schema.org","@graph":[{"@type":"Article","@id":"https:\/\/progresso.com.br\/index.php\/2026\/04\/30\/brasil-ultrapassa-eua-pela-1a-vez-em-ranking-de-liberdade-de-imprensa\/#article","isPartOf":{"@id":"https:\/\/progresso.com.br\/index.php\/2026\/04\/30\/brasil-ultrapassa-eua-pela-1a-vez-em-ranking-de-liberdade-de-imprensa\/"},"author":{"name":"Rose","@id":"https:\/\/progresso.com.br\/#\/schema\/person\/5dd27138d4463fbbaace62120bfc002b"},"headline":"Brasil ultrapassa EUA pela 1\u00aa vez em ranking de liberdade de imprensa","datePublished":"2026-04-30T14:30:00+00:00","mainEntityOfPage":{"@id":"https:\/\/progresso.com.br\/index.php\/2026\/04\/30\/brasil-ultrapassa-eua-pela-1a-vez-em-ranking-de-liberdade-de-imprensa\/"},"wordCount":1140,"commentCount":0,"publisher":{"@id":"https:\/\/progresso.com.br\/#organization"},"image":{"@id":"https:\/\/progresso.com.br\/index.php\/2026\/04\/30\/brasil-ultrapassa-eua-pela-1a-vez-em-ranking-de-liberdade-de-imprensa\/#primaryimage"},"thumbnailUrl":"https:\/\/progresso.com.br\/wp-content\/uploads\/2026\/04\/29022024-lula2432.webp","articleSection":["Brasil","Em destaque"],"inLanguage":"pt-BR","potentialAction":[{"@type":"CommentAction","name":"Comment","target":["https:\/\/progresso.com.br\/index.php\/2026\/04\/30\/brasil-ultrapassa-eua-pela-1a-vez-em-ranking-de-liberdade-de-imprensa\/#respond"]}]},{"@type":"WebPage","@id":"https:\/\/progresso.com.br\/index.php\/2026\/04\/30\/brasil-ultrapassa-eua-pela-1a-vez-em-ranking-de-liberdade-de-imprensa\/","url":"https:\/\/progresso.com.br\/index.php\/2026\/04\/30\/brasil-ultrapassa-eua-pela-1a-vez-em-ranking-de-liberdade-de-imprensa\/","name":"Brasil ultrapassa EUA pela 1\u00aa vez em ranking de liberdade de imprensa - O PROGRESSO","isPartOf":{"@id":"https:\/\/progresso.com.br\/#website"},"primaryImageOfPage":{"@id":"https:\/\/progresso.com.br\/index.php\/2026\/04\/30\/brasil-ultrapassa-eua-pela-1a-vez-em-ranking-de-liberdade-de-imprensa\/#primaryimage"},"image":{"@id":"https:\/\/progresso.com.br\/index.php\/2026\/04\/30\/brasil-ultrapassa-eua-pela-1a-vez-em-ranking-de-liberdade-de-imprensa\/#primaryimage"},"thumbnailUrl":"https:\/\/progresso.com.br\/wp-content\/uploads\/2026\/04\/29022024-lula2432.webp","datePublished":"2026-04-30T14:30:00+00:00","breadcrumb":{"@id":"https:\/\/progresso.com.br\/index.php\/2026\/04\/30\/brasil-ultrapassa-eua-pela-1a-vez-em-ranking-de-liberdade-de-imprensa\/#breadcrumb"},"inLanguage":"pt-BR","potentialAction":[{"@type":"ReadAction","target":["https:\/\/progresso.com.br\/index.php\/2026\/04\/30\/brasil-ultrapassa-eua-pela-1a-vez-em-ranking-de-liberdade-de-imprensa\/"]}]},{"@type":"ImageObject","inLanguage":"pt-BR","@id":"https:\/\/progresso.com.br\/index.php\/2026\/04\/30\/brasil-ultrapassa-eua-pela-1a-vez-em-ranking-de-liberdade-de-imprensa\/#primaryimage","url":"https:\/\/progresso.com.br\/wp-content\/uploads\/2026\/04\/29022024-lula2432.webp","contentUrl":"https:\/\/progresso.com.br\/wp-content\/uploads\/2026\/04\/29022024-lula2432.webp","width":1170,"height":700,"caption":"(Foto: Lula Marques\/ Ag\u00eancia Brasil)"},{"@type":"BreadcrumbList","@id":"https:\/\/progresso.com.br\/index.php\/2026\/04\/30\/brasil-ultrapassa-eua-pela-1a-vez-em-ranking-de-liberdade-de-imprensa\/#breadcrumb","itemListElement":[{"@type":"ListItem","position":1,"name":"In\u00edcio","item":"https:\/\/progresso.com.br\/"},{"@type":"ListItem","position":2,"name":"Brasil ultrapassa EUA pela 1\u00aa vez em ranking de liberdade de imprensa"}]},{"@type":"WebSite","@id":"https:\/\/progresso.com.br\/#website","url":"https:\/\/progresso.com.br\/","name":"O PROGRESSO","description":"","publisher":{"@id":"https:\/\/progresso.com.br\/#organization"},"potentialAction":[{"@type":"SearchAction","target":{"@type":"EntryPoint","urlTemplate":"https:\/\/progresso.com.br\/?s={search_term_string}"},"query-input":{"@type":"PropertyValueSpecification","valueRequired":true,"valueName":"search_term_string"}}],"inLanguage":"pt-BR"},{"@type":"Organization","@id":"https:\/\/progresso.com.br\/#organization","name":"O PROGRESSO","url":"https:\/\/progresso.com.br\/","logo":{"@type":"ImageObject","inLanguage":"pt-BR","@id":"https:\/\/progresso.com.br\/#\/schema\/logo\/image\/","url":"https:\/\/progresso.com.br\/wp-content\/uploads\/2026\/03\/logo_proog.jpg","contentUrl":"https:\/\/progresso.com.br\/wp-content\/uploads\/2026\/03\/logo_proog.jpg","width":1960,"height":1080,"caption":"O PROGRESSO"},"image":{"@id":"https:\/\/progresso.com.br\/#\/schema\/logo\/image\/"},"sameAs":["https:\/\/www.facebook.com\/share\/1CeoksKBj6\/","https:\/\/www.instagram.com\/oprogresso_digital"]},{"@type":"Person","@id":"https:\/\/progresso.com.br\/#\/schema\/person\/5dd27138d4463fbbaace62120bfc002b","name":"Rose","image":{"@type":"ImageObject","inLanguage":"pt-BR","@id":"https:\/\/progresso.com.br\/#\/schema\/person\/image\/","url":"https:\/\/secure.gravatar.com\/avatar\/1b6890e759cdd3a88d9f751cb423720b9861c5239167cd3586355638b6556599?s=96&d=mm&r=g","contentUrl":"https:\/\/secure.gravatar.com\/avatar\/1b6890e759cdd3a88d9f751cb423720b9861c5239167cd3586355638b6556599?s=96&d=mm&r=g","caption":"Rose"},"url":"https:\/\/progresso.com.br\/index.php\/author\/rose\/"}]}},"_links":{"self":[{"href":"https:\/\/progresso.com.br\/index.php\/wp-json\/wp\/v2\/posts\/5189","targetHints":{"allow":["GET"]}}],"collection":[{"href":"https:\/\/progresso.com.br\/index.php\/wp-json\/wp\/v2\/posts"}],"about":[{"href":"https:\/\/progresso.com.br\/index.php\/wp-json\/wp\/v2\/types\/post"}],"author":[{"embeddable":true,"href":"https:\/\/progresso.com.br\/index.php\/wp-json\/wp\/v2\/users\/2"}],"replies":[{"embeddable":true,"href":"https:\/\/progresso.com.br\/index.php\/wp-json\/wp\/v2\/comments?post=5189"}],"version-history":[{"count":1,"href":"https:\/\/progresso.com.br\/index.php\/wp-json\/wp\/v2\/posts\/5189\/revisions"}],"predecessor-version":[{"id":5191,"href":"https:\/\/progresso.com.br\/index.php\/wp-json\/wp\/v2\/posts\/5189\/revisions\/5191"}],"wp:featuredmedia":[{"embeddable":true,"href":"https:\/\/progresso.com.br\/index.php\/wp-json\/wp\/v2\/media\/5190"}],"wp:attachment":[{"href":"https:\/\/progresso.com.br\/index.php\/wp-json\/wp\/v2\/media?parent=5189"}],"wp:term":[{"taxonomy":"category","embeddable":true,"href":"https:\/\/progresso.com.br\/index.php\/wp-json\/wp\/v2\/categories?post=5189"},{"taxonomy":"post_tag","embeddable":true,"href":"https:\/\/progresso.com.br\/index.php\/wp-json\/wp\/v2\/tags?post=5189"}],"curies":[{"name":"wp","href":"https:\/\/api.w.org\/{rel}","templated":true}]}}