{"id":5192,"date":"2026-04-30T10:45:00","date_gmt":"2026-04-30T14:45:00","guid":{"rendered":"https:\/\/progresso.com.br\/?p=5192"},"modified":"2026-04-30T10:02:21","modified_gmt":"2026-04-30T14:02:21","slug":"desemprego-no-1o-trimestre-e-de-61-o-menor-ja-registrado-no-periodo","status":"publish","type":"post","link":"https:\/\/progresso.com.br\/index.php\/2026\/04\/30\/desemprego-no-1o-trimestre-e-de-61-o-menor-ja-registrado-no-periodo\/","title":{"rendered":"Desemprego no 1\u00ba trimestre \u00e9 de 6,1%, o menor j\u00e1 registrado no per\u00edodo"},"content":{"rendered":"\n<p><strong><em>Pnad Cont\u00ednua: pa\u00eds tinha 6,6 milh\u00f5es de pessoas em busca de trabalho<\/em><\/strong><\/p>\n\n\n\n<p><em>Bruno de Freitas Moura &#8211;  Ag\u00eancia Brasil<\/em><\/p>\n\n\n\n<p><strong>A taxa de desemprego no primeiro trimestre do ano ficou em 6,1%. O indicador fica acima do registrado no quarto trimestre de 2025 (5,1%), por\u00e9m \u00e9 a menor taxa de desocupa\u00e7\u00e3o para um primeiro trimestre desde 2012, quando come\u00e7ou a&nbsp;<a href=\"https:\/\/agenciadenoticias.ibge.gov.br\/media\/com_mediaibge\/arquivos\/69f95a225b42486551a85a6e04e990ac.pdf\" target=\"_blank\" rel=\"noreferrer noopener\">s\u00e9rie hist\u00f3rica da Pesquisa Nacional por Amostra de Domic\u00edlios<\/a>&nbsp;(Pnad) Cont\u00ednua.<\/strong><img decoding=\"async\" src=\"https:\/\/agenciabrasil.ebc.com.br\/ebc.png?id=1687790&amp;o=node\"><img decoding=\"async\" src=\"https:\/\/agenciabrasil.ebc.com.br\/ebc.gif?id=1687790&amp;o=node\"><\/p>\n\n\n\n<p>Nos tr\u00eas primeiros meses do ano passado, o desemprego tinha marcado 7%. Os dados foram divulgados nesta quinta-feira (30) pelo&nbsp;<a href=\"https:\/\/agenciabrasil.ebc.com.br\/tags\/ibge\" target=\"_blank\" rel=\"noreferrer noopener\">Instituto Brasileiro de Geografia e Estat\u00edstica<\/a>&nbsp;(IBGE), no Rio de Janeiro.<\/p>\n\n\n\n<p><strong>Desde o trimestre encerrado em maio de 2025, a taxa de desemprego n\u00e3o ultrapassava 6%. No trimestre m\u00f3vel encerrado em fevereiro de 2026, a taxa de desocupa\u00e7\u00e3o foi de 5,8%.<\/strong><\/p>\n\n\n\n<p>No entanto, o IBGE n\u00e3o recomenda compara\u00e7\u00e3o em meses imediatamente seguidos, pois h\u00e1 sobreposi\u00e7\u00e3o de dados. Por exemplo, os n\u00fameros de fevereiro se repetem nas duas \u00faltimas divulga\u00e7\u00f5es da pesquisa. Por isso, o instituto prefere fazer compara\u00e7\u00f5es com o quarto trimestre de 2025.<\/p>\n\n\n\n<h2 class=\"wp-block-heading\">Trabalhadores<\/h2>\n\n\n\n<p>O primeiro trimestre de 2026 terminou com<strong>&nbsp;6,6 milh\u00f5es<\/strong>&nbsp;em busca de emprego.&nbsp;<strong>\u00c9&nbsp;a chamada popula\u00e7\u00e3o desocupada.<\/strong>&nbsp;O contingente \u00e9 19,6% superior (1,1 milh\u00e3o de pessoas) ao do quarto trimestre de 2025, por\u00e9m fica 13% a menos que o primeiro trimestre de 2025.<\/p>\n\n\n\n<p>No mesmo trimestre, o total de ocupados chegou a&nbsp;<strong>102 milh\u00f5es de pessoas<\/strong>, 1 milh\u00e3o a menos que no \u00faltimo trimestre de 2025 e 1,5 milh\u00e3o acima do contingente do primeiro trimestre do ano passado, ou seja, compara\u00e7\u00e3o anual.<\/p>\n\n\n\n<h2 class=\"wp-block-heading\">Comportamento sazonal<\/h2>\n\n\n\n<p>O comportamento do mercado de trabalho no primeiro trimestre foi marcado por caracter\u00edsticas sazonais, ou seja, t\u00edpicas do per\u00edodo do ano, como explica a coordenadora de pesquisas domiciliares do IBGE, Adriana Beringuy.<\/p>\n\n\n\n<blockquote class=\"wp-block-quote is-layout-flow wp-block-quote-is-layout-flow\">\n<p>\u201cA redu\u00e7\u00e3o do contingente de trabalhadores ocorreu em atividades que, tipicamente, apresentam esse comportamento; seja devido \u00e0 tend\u00eancia de recuo no com\u00e9rcio nesse per\u00edodo do ano; seja pela din\u00e2mica de encerramento de contratos tempor\u00e1rio nas atividades de educa\u00e7\u00e3o e sa\u00fade no setor p\u00fablico municipal.\u201d<\/p>\n<\/blockquote>\n\n\n\n<p>De todos os 10&nbsp;agrupamentos de atividades apurados pelo IBGE, nenhum apresentou crescimento de ocupados, e tr\u00eas tiveram queda:&nbsp;<strong>com\u00e9rcio (1,5%, ou menos 287 mil pessoas ocupadas), administra\u00e7\u00e3o p\u00fablica (2,3%, ou menos 439 mil pessoas) e servi\u00e7os dom\u00e9sticos (2,6%, ou menos 148 mil pessoas).<\/strong><\/p>\n\n\n\n<h2 class=\"wp-block-heading\">Queda na informalidade<\/h2>\n\n\n\n<p><strong>Apesar de a taxa de desocupa\u00e7\u00e3o ter aumentado no primeiro trimestre de 2026 em rela\u00e7\u00e3o ao \u00faltimo trimestre de 2025, o Brasil vivenciou redu\u00e7\u00e3o da informalidade.<\/strong><\/p>\n\n\n\n<p>No trimestre encerrado em mar\u00e7o, a taxa de informalidade foi de 37,3% da popula\u00e7\u00e3o ocupada, o que equivale a 38,1 milh\u00f5es de trabalhadores informais, ou seja, sem direitos trabalhistas garantidos.<\/p>\n\n\n\n<p><strong>No fim de 2025, a taxa era de 37,6%, enquanto no primeiro trimestre de 2025 era 38%.<\/strong><\/p>\n\n\n\n<p>O n\u00famero de empregados com carteira assinada no setor privado ficou em&nbsp;<strong>39,2 milh\u00f5es<\/strong>, sem varia\u00e7\u00f5es significativas no trimestre, mas subindo&nbsp;<strong>1,3% (504 mil pessoas a mais)&nbsp;<\/strong>em um ano.<\/p>\n\n\n\n<p>O contingente de trabalhadores sem carteira no setor privado teve retra\u00e7\u00e3o de<strong>&nbsp;2,1%<\/strong>&nbsp;<strong>(menos 285 mil pessoas)<\/strong>&nbsp;no trimestre, chegando a 13,3 milh\u00f5es. Em um ano, houve estabilidade, isto \u00e9, sem mudan\u00e7a estat\u00edstica significativa.<\/p>\n\n\n\n<p>O n\u00famero de trabalhadores por conta pr\u00f3pria ficou est\u00e1vel no trimestre: 26 milh\u00f5es. Em compara\u00e7\u00e3o ao primeiro trimestre de 2025, houve alta de 2,4% (607 mil pessoas a mais).<\/p>\n\n\n\n<h2 class=\"wp-block-heading\">Pnad<\/h2>\n\n\n\n<p>A pesquisa do IBGE apura o comportamento no mercado de trabalho para pessoas com 14 anos ou mais e leva em conta todas as formas de ocupa\u00e7\u00e3o, seja com ou sem carteira assinada, tempor\u00e1rio e por conta pr\u00f3pria, por exemplo.&nbsp;<strong>Pelos crit\u00e9rios do instituto, s\u00f3 \u00e9 considerada desocupada a pessoa que efetivamente procurou uma vaga 30 dias antes da pesquisa<\/strong>.&nbsp;<strong>S\u00e3o visitados 211 mil domic\u00edlios em todos os estados e no Distrito Federal.<\/strong><\/p>\n\n\n\n<p>A Pnad \u00e9 divulgada no dia seguinte a outro indicador de comportamento do mercado de trabalho, o Cadastro Geral de Empregados e Desempregados (Caged), elaborado pelo Minist\u00e9rio do Trabalho e Emprego (MTE) e que acompanha apenas o cen\u00e1rio de empregados com carteira assinada.<\/p>\n\n\n\n<p><strong>De acordo com o Caged, mar\u00e7o apresentou saldo positivo de 228 mil vagas formais. Em 12 meses, o&nbsp;<a href=\"https:\/\/agenciabrasil.ebc.com.br\/radioagencia-nacional\/economia\/audio\/2026-04\/brasil-cria-228-mil-vagas-formais-de-emprego-em-marco-aponta-caged\" target=\"_blank\" rel=\"noreferrer noopener\">balan\u00e7o \u00e9 positivo<\/a>&nbsp;em 1,2 milh\u00e3o de postos com carteira assinada.<\/strong><\/p>\n","protected":false},"excerpt":{"rendered":"<p>Pnad Cont\u00ednua: pa\u00eds tinha 6,6 milh\u00f5es de pessoas em busca de trabalho Bruno de Freitas Moura &#8211; Ag\u00eancia Brasil A taxa de desemprego no primeiro trimestre do ano ficou em 6,1%. O indicador fica acima do registrado no quarto trimestre de 2025 (5,1%), por\u00e9m \u00e9 a menor taxa de desocupa\u00e7\u00e3o para um primeiro trimestre desde [&hellip;]<\/p>\n","protected":false},"author":2,"featured_media":5193,"comment_status":"open","ping_status":"open","sticky":false,"template":"","format":"standard","meta":{"footnotes":""},"categories":[10],"tags":[],"class_list":["post-5192","post","type-post","status-publish","format-standard","has-post-thumbnail","hentry","category-economia"],"yoast_head":"<!-- This site is optimized with the Yoast SEO plugin v27.1.1 - https:\/\/yoast.com\/product\/yoast-seo-wordpress\/ -->\n<title>Desemprego no 1\u00ba trimestre \u00e9 de 6,1%, o menor j\u00e1 registrado no per\u00edodo - O PROGRESSO<\/title>\n<meta name=\"robots\" content=\"index, follow, max-snippet:-1, max-image-preview:large, max-video-preview:-1\" \/>\n<link rel=\"canonical\" href=\"https:\/\/progresso.com.br\/index.php\/2026\/04\/30\/desemprego-no-1o-trimestre-e-de-61-o-menor-ja-registrado-no-periodo\/\" \/>\n<meta property=\"og:locale\" content=\"pt_BR\" \/>\n<meta property=\"og:type\" content=\"article\" \/>\n<meta property=\"og:title\" content=\"Desemprego no 1\u00ba trimestre \u00e9 de 6,1%, o menor j\u00e1 registrado no per\u00edodo - O PROGRESSO\" \/>\n<meta property=\"og:description\" content=\"Pnad Cont\u00ednua: pa\u00eds tinha 6,6 milh\u00f5es de pessoas em busca de trabalho Bruno de Freitas Moura &#8211; Ag\u00eancia Brasil A taxa de desemprego no primeiro trimestre do ano ficou em 6,1%. O indicador fica acima do registrado no quarto trimestre de 2025 (5,1%), por\u00e9m \u00e9 a menor taxa de desocupa\u00e7\u00e3o para um primeiro trimestre desde [&hellip;]\" \/>\n<meta property=\"og:url\" content=\"https:\/\/progresso.com.br\/index.php\/2026\/04\/30\/desemprego-no-1o-trimestre-e-de-61-o-menor-ja-registrado-no-periodo\/\" \/>\n<meta property=\"og:site_name\" content=\"O PROGRESSO\" \/>\n<meta property=\"article:publisher\" content=\"https:\/\/www.facebook.com\/share\/1CeoksKBj6\/\" \/>\n<meta property=\"article:published_time\" content=\"2026-04-30T14:45:00+00:00\" \/>\n<meta property=\"og:image\" content=\"https:\/\/progresso.com.br\/wp-content\/uploads\/2026\/04\/mg_2823-2_0.webp\" \/>\n\t<meta property=\"og:image:width\" content=\"1170\" \/>\n\t<meta property=\"og:image:height\" content=\"700\" \/>\n\t<meta property=\"og:image:type\" content=\"image\/webp\" \/>\n<meta name=\"author\" content=\"Rose\" \/>\n<meta name=\"twitter:card\" content=\"summary_large_image\" \/>\n<meta name=\"twitter:label1\" content=\"Escrito por\" \/>\n\t<meta name=\"twitter:data1\" content=\"Rose\" \/>\n\t<meta name=\"twitter:label2\" content=\"Est. tempo de leitura\" \/>\n\t<meta name=\"twitter:data2\" content=\"5 minutos\" \/>\n<script type=\"application\/ld+json\" class=\"yoast-schema-graph\">{\"@context\":\"https:\/\/schema.org\",\"@graph\":[{\"@type\":\"Article\",\"@id\":\"https:\/\/progresso.com.br\/index.php\/2026\/04\/30\/desemprego-no-1o-trimestre-e-de-61-o-menor-ja-registrado-no-periodo\/#article\",\"isPartOf\":{\"@id\":\"https:\/\/progresso.com.br\/index.php\/2026\/04\/30\/desemprego-no-1o-trimestre-e-de-61-o-menor-ja-registrado-no-periodo\/\"},\"author\":{\"name\":\"Rose\",\"@id\":\"https:\/\/progresso.com.br\/#\/schema\/person\/5dd27138d4463fbbaace62120bfc002b\"},\"headline\":\"Desemprego no 1\u00ba trimestre \u00e9 de 6,1%, o menor j\u00e1 registrado no per\u00edodo\",\"datePublished\":\"2026-04-30T14:45:00+00:00\",\"mainEntityOfPage\":{\"@id\":\"https:\/\/progresso.com.br\/index.php\/2026\/04\/30\/desemprego-no-1o-trimestre-e-de-61-o-menor-ja-registrado-no-periodo\/\"},\"wordCount\":743,\"commentCount\":0,\"publisher\":{\"@id\":\"https:\/\/progresso.com.br\/#organization\"},\"image\":{\"@id\":\"https:\/\/progresso.com.br\/index.php\/2026\/04\/30\/desemprego-no-1o-trimestre-e-de-61-o-menor-ja-registrado-no-periodo\/#primaryimage\"},\"thumbnailUrl\":\"https:\/\/progresso.com.br\/wp-content\/uploads\/2026\/04\/mg_2823-2_0.webp\",\"articleSection\":[\"Economia\"],\"inLanguage\":\"pt-BR\",\"potentialAction\":[{\"@type\":\"CommentAction\",\"name\":\"Comment\",\"target\":[\"https:\/\/progresso.com.br\/index.php\/2026\/04\/30\/desemprego-no-1o-trimestre-e-de-61-o-menor-ja-registrado-no-periodo\/#respond\"]}]},{\"@type\":\"WebPage\",\"@id\":\"https:\/\/progresso.com.br\/index.php\/2026\/04\/30\/desemprego-no-1o-trimestre-e-de-61-o-menor-ja-registrado-no-periodo\/\",\"url\":\"https:\/\/progresso.com.br\/index.php\/2026\/04\/30\/desemprego-no-1o-trimestre-e-de-61-o-menor-ja-registrado-no-periodo\/\",\"name\":\"Desemprego no 1\u00ba trimestre \u00e9 de 6,1%, o menor j\u00e1 registrado no per\u00edodo - O PROGRESSO\",\"isPartOf\":{\"@id\":\"https:\/\/progresso.com.br\/#website\"},\"primaryImageOfPage\":{\"@id\":\"https:\/\/progresso.com.br\/index.php\/2026\/04\/30\/desemprego-no-1o-trimestre-e-de-61-o-menor-ja-registrado-no-periodo\/#primaryimage\"},\"image\":{\"@id\":\"https:\/\/progresso.com.br\/index.php\/2026\/04\/30\/desemprego-no-1o-trimestre-e-de-61-o-menor-ja-registrado-no-periodo\/#primaryimage\"},\"thumbnailUrl\":\"https:\/\/progresso.com.br\/wp-content\/uploads\/2026\/04\/mg_2823-2_0.webp\",\"datePublished\":\"2026-04-30T14:45:00+00:00\",\"breadcrumb\":{\"@id\":\"https:\/\/progresso.com.br\/index.php\/2026\/04\/30\/desemprego-no-1o-trimestre-e-de-61-o-menor-ja-registrado-no-periodo\/#breadcrumb\"},\"inLanguage\":\"pt-BR\",\"potentialAction\":[{\"@type\":\"ReadAction\",\"target\":[\"https:\/\/progresso.com.br\/index.php\/2026\/04\/30\/desemprego-no-1o-trimestre-e-de-61-o-menor-ja-registrado-no-periodo\/\"]}]},{\"@type\":\"ImageObject\",\"inLanguage\":\"pt-BR\",\"@id\":\"https:\/\/progresso.com.br\/index.php\/2026\/04\/30\/desemprego-no-1o-trimestre-e-de-61-o-menor-ja-registrado-no-periodo\/#primaryimage\",\"url\":\"https:\/\/progresso.com.br\/wp-content\/uploads\/2026\/04\/mg_2823-2_0.webp\",\"contentUrl\":\"https:\/\/progresso.com.br\/wp-content\/uploads\/2026\/04\/mg_2823-2_0.webp\",\"width\":1170,\"height\":700,\"caption\":\"(Foto: Fernando Fraz\u00e3o\/Ag\u00eancia Brasil)\"},{\"@type\":\"BreadcrumbList\",\"@id\":\"https:\/\/progresso.com.br\/index.php\/2026\/04\/30\/desemprego-no-1o-trimestre-e-de-61-o-menor-ja-registrado-no-periodo\/#breadcrumb\",\"itemListElement\":[{\"@type\":\"ListItem\",\"position\":1,\"name\":\"In\u00edcio\",\"item\":\"https:\/\/progresso.com.br\/\"},{\"@type\":\"ListItem\",\"position\":2,\"name\":\"Desemprego no 1\u00ba trimestre \u00e9 de 6,1%, o menor j\u00e1 registrado no per\u00edodo\"}]},{\"@type\":\"WebSite\",\"@id\":\"https:\/\/progresso.com.br\/#website\",\"url\":\"https:\/\/progresso.com.br\/\",\"name\":\"O PROGRESSO\",\"description\":\"\",\"publisher\":{\"@id\":\"https:\/\/progresso.com.br\/#organization\"},\"potentialAction\":[{\"@type\":\"SearchAction\",\"target\":{\"@type\":\"EntryPoint\",\"urlTemplate\":\"https:\/\/progresso.com.br\/?s={search_term_string}\"},\"query-input\":{\"@type\":\"PropertyValueSpecification\",\"valueRequired\":true,\"valueName\":\"search_term_string\"}}],\"inLanguage\":\"pt-BR\"},{\"@type\":\"Organization\",\"@id\":\"https:\/\/progresso.com.br\/#organization\",\"name\":\"O PROGRESSO\",\"url\":\"https:\/\/progresso.com.br\/\",\"logo\":{\"@type\":\"ImageObject\",\"inLanguage\":\"pt-BR\",\"@id\":\"https:\/\/progresso.com.br\/#\/schema\/logo\/image\/\",\"url\":\"https:\/\/progresso.com.br\/wp-content\/uploads\/2026\/03\/logo_proog.jpg\",\"contentUrl\":\"https:\/\/progresso.com.br\/wp-content\/uploads\/2026\/03\/logo_proog.jpg\",\"width\":1960,\"height\":1080,\"caption\":\"O PROGRESSO\"},\"image\":{\"@id\":\"https:\/\/progresso.com.br\/#\/schema\/logo\/image\/\"},\"sameAs\":[\"https:\/\/www.facebook.com\/share\/1CeoksKBj6\/\",\"https:\/\/www.instagram.com\/oprogresso_digital\"]},{\"@type\":\"Person\",\"@id\":\"https:\/\/progresso.com.br\/#\/schema\/person\/5dd27138d4463fbbaace62120bfc002b\",\"name\":\"Rose\",\"image\":{\"@type\":\"ImageObject\",\"inLanguage\":\"pt-BR\",\"@id\":\"https:\/\/progresso.com.br\/#\/schema\/person\/image\/\",\"url\":\"https:\/\/secure.gravatar.com\/avatar\/1b6890e759cdd3a88d9f751cb423720b9861c5239167cd3586355638b6556599?s=96&d=mm&r=g\",\"contentUrl\":\"https:\/\/secure.gravatar.com\/avatar\/1b6890e759cdd3a88d9f751cb423720b9861c5239167cd3586355638b6556599?s=96&d=mm&r=g\",\"caption\":\"Rose\"},\"url\":\"https:\/\/progresso.com.br\/index.php\/author\/rose\/\"}]}<\/script>\n<!-- \/ Yoast SEO plugin. -->","yoast_head_json":{"title":"Desemprego no 1\u00ba trimestre \u00e9 de 6,1%, o menor j\u00e1 registrado no per\u00edodo - O PROGRESSO","robots":{"index":"index","follow":"follow","max-snippet":"max-snippet:-1","max-image-preview":"max-image-preview:large","max-video-preview":"max-video-preview:-1"},"canonical":"https:\/\/progresso.com.br\/index.php\/2026\/04\/30\/desemprego-no-1o-trimestre-e-de-61-o-menor-ja-registrado-no-periodo\/","og_locale":"pt_BR","og_type":"article","og_title":"Desemprego no 1\u00ba trimestre \u00e9 de 6,1%, o menor j\u00e1 registrado no per\u00edodo - O PROGRESSO","og_description":"Pnad Cont\u00ednua: pa\u00eds tinha 6,6 milh\u00f5es de pessoas em busca de trabalho Bruno de Freitas Moura &#8211; Ag\u00eancia Brasil A taxa de desemprego no primeiro trimestre do ano ficou em 6,1%. O indicador fica acima do registrado no quarto trimestre de 2025 (5,1%), por\u00e9m \u00e9 a menor taxa de desocupa\u00e7\u00e3o para um primeiro trimestre desde [&hellip;]","og_url":"https:\/\/progresso.com.br\/index.php\/2026\/04\/30\/desemprego-no-1o-trimestre-e-de-61-o-menor-ja-registrado-no-periodo\/","og_site_name":"O PROGRESSO","article_publisher":"https:\/\/www.facebook.com\/share\/1CeoksKBj6\/","article_published_time":"2026-04-30T14:45:00+00:00","og_image":[{"width":1170,"height":700,"url":"https:\/\/progresso.com.br\/wp-content\/uploads\/2026\/04\/mg_2823-2_0.webp","type":"image\/webp"}],"author":"Rose","twitter_card":"summary_large_image","twitter_misc":{"Escrito por":"Rose","Est. tempo de leitura":"5 minutos"},"schema":{"@context":"https:\/\/schema.org","@graph":[{"@type":"Article","@id":"https:\/\/progresso.com.br\/index.php\/2026\/04\/30\/desemprego-no-1o-trimestre-e-de-61-o-menor-ja-registrado-no-periodo\/#article","isPartOf":{"@id":"https:\/\/progresso.com.br\/index.php\/2026\/04\/30\/desemprego-no-1o-trimestre-e-de-61-o-menor-ja-registrado-no-periodo\/"},"author":{"name":"Rose","@id":"https:\/\/progresso.com.br\/#\/schema\/person\/5dd27138d4463fbbaace62120bfc002b"},"headline":"Desemprego no 1\u00ba trimestre \u00e9 de 6,1%, o menor j\u00e1 registrado no per\u00edodo","datePublished":"2026-04-30T14:45:00+00:00","mainEntityOfPage":{"@id":"https:\/\/progresso.com.br\/index.php\/2026\/04\/30\/desemprego-no-1o-trimestre-e-de-61-o-menor-ja-registrado-no-periodo\/"},"wordCount":743,"commentCount":0,"publisher":{"@id":"https:\/\/progresso.com.br\/#organization"},"image":{"@id":"https:\/\/progresso.com.br\/index.php\/2026\/04\/30\/desemprego-no-1o-trimestre-e-de-61-o-menor-ja-registrado-no-periodo\/#primaryimage"},"thumbnailUrl":"https:\/\/progresso.com.br\/wp-content\/uploads\/2026\/04\/mg_2823-2_0.webp","articleSection":["Economia"],"inLanguage":"pt-BR","potentialAction":[{"@type":"CommentAction","name":"Comment","target":["https:\/\/progresso.com.br\/index.php\/2026\/04\/30\/desemprego-no-1o-trimestre-e-de-61-o-menor-ja-registrado-no-periodo\/#respond"]}]},{"@type":"WebPage","@id":"https:\/\/progresso.com.br\/index.php\/2026\/04\/30\/desemprego-no-1o-trimestre-e-de-61-o-menor-ja-registrado-no-periodo\/","url":"https:\/\/progresso.com.br\/index.php\/2026\/04\/30\/desemprego-no-1o-trimestre-e-de-61-o-menor-ja-registrado-no-periodo\/","name":"Desemprego no 1\u00ba trimestre \u00e9 de 6,1%, o menor j\u00e1 registrado no per\u00edodo - O PROGRESSO","isPartOf":{"@id":"https:\/\/progresso.com.br\/#website"},"primaryImageOfPage":{"@id":"https:\/\/progresso.com.br\/index.php\/2026\/04\/30\/desemprego-no-1o-trimestre-e-de-61-o-menor-ja-registrado-no-periodo\/#primaryimage"},"image":{"@id":"https:\/\/progresso.com.br\/index.php\/2026\/04\/30\/desemprego-no-1o-trimestre-e-de-61-o-menor-ja-registrado-no-periodo\/#primaryimage"},"thumbnailUrl":"https:\/\/progresso.com.br\/wp-content\/uploads\/2026\/04\/mg_2823-2_0.webp","datePublished":"2026-04-30T14:45:00+00:00","breadcrumb":{"@id":"https:\/\/progresso.com.br\/index.php\/2026\/04\/30\/desemprego-no-1o-trimestre-e-de-61-o-menor-ja-registrado-no-periodo\/#breadcrumb"},"inLanguage":"pt-BR","potentialAction":[{"@type":"ReadAction","target":["https:\/\/progresso.com.br\/index.php\/2026\/04\/30\/desemprego-no-1o-trimestre-e-de-61-o-menor-ja-registrado-no-periodo\/"]}]},{"@type":"ImageObject","inLanguage":"pt-BR","@id":"https:\/\/progresso.com.br\/index.php\/2026\/04\/30\/desemprego-no-1o-trimestre-e-de-61-o-menor-ja-registrado-no-periodo\/#primaryimage","url":"https:\/\/progresso.com.br\/wp-content\/uploads\/2026\/04\/mg_2823-2_0.webp","contentUrl":"https:\/\/progresso.com.br\/wp-content\/uploads\/2026\/04\/mg_2823-2_0.webp","width":1170,"height":700,"caption":"(Foto: Fernando Fraz\u00e3o\/Ag\u00eancia Brasil)"},{"@type":"BreadcrumbList","@id":"https:\/\/progresso.com.br\/index.php\/2026\/04\/30\/desemprego-no-1o-trimestre-e-de-61-o-menor-ja-registrado-no-periodo\/#breadcrumb","itemListElement":[{"@type":"ListItem","position":1,"name":"In\u00edcio","item":"https:\/\/progresso.com.br\/"},{"@type":"ListItem","position":2,"name":"Desemprego no 1\u00ba trimestre \u00e9 de 6,1%, o menor j\u00e1 registrado no per\u00edodo"}]},{"@type":"WebSite","@id":"https:\/\/progresso.com.br\/#website","url":"https:\/\/progresso.com.br\/","name":"O PROGRESSO","description":"","publisher":{"@id":"https:\/\/progresso.com.br\/#organization"},"potentialAction":[{"@type":"SearchAction","target":{"@type":"EntryPoint","urlTemplate":"https:\/\/progresso.com.br\/?s={search_term_string}"},"query-input":{"@type":"PropertyValueSpecification","valueRequired":true,"valueName":"search_term_string"}}],"inLanguage":"pt-BR"},{"@type":"Organization","@id":"https:\/\/progresso.com.br\/#organization","name":"O PROGRESSO","url":"https:\/\/progresso.com.br\/","logo":{"@type":"ImageObject","inLanguage":"pt-BR","@id":"https:\/\/progresso.com.br\/#\/schema\/logo\/image\/","url":"https:\/\/progresso.com.br\/wp-content\/uploads\/2026\/03\/logo_proog.jpg","contentUrl":"https:\/\/progresso.com.br\/wp-content\/uploads\/2026\/03\/logo_proog.jpg","width":1960,"height":1080,"caption":"O PROGRESSO"},"image":{"@id":"https:\/\/progresso.com.br\/#\/schema\/logo\/image\/"},"sameAs":["https:\/\/www.facebook.com\/share\/1CeoksKBj6\/","https:\/\/www.instagram.com\/oprogresso_digital"]},{"@type":"Person","@id":"https:\/\/progresso.com.br\/#\/schema\/person\/5dd27138d4463fbbaace62120bfc002b","name":"Rose","image":{"@type":"ImageObject","inLanguage":"pt-BR","@id":"https:\/\/progresso.com.br\/#\/schema\/person\/image\/","url":"https:\/\/secure.gravatar.com\/avatar\/1b6890e759cdd3a88d9f751cb423720b9861c5239167cd3586355638b6556599?s=96&d=mm&r=g","contentUrl":"https:\/\/secure.gravatar.com\/avatar\/1b6890e759cdd3a88d9f751cb423720b9861c5239167cd3586355638b6556599?s=96&d=mm&r=g","caption":"Rose"},"url":"https:\/\/progresso.com.br\/index.php\/author\/rose\/"}]}},"_links":{"self":[{"href":"https:\/\/progresso.com.br\/index.php\/wp-json\/wp\/v2\/posts\/5192","targetHints":{"allow":["GET"]}}],"collection":[{"href":"https:\/\/progresso.com.br\/index.php\/wp-json\/wp\/v2\/posts"}],"about":[{"href":"https:\/\/progresso.com.br\/index.php\/wp-json\/wp\/v2\/types\/post"}],"author":[{"embeddable":true,"href":"https:\/\/progresso.com.br\/index.php\/wp-json\/wp\/v2\/users\/2"}],"replies":[{"embeddable":true,"href":"https:\/\/progresso.com.br\/index.php\/wp-json\/wp\/v2\/comments?post=5192"}],"version-history":[{"count":1,"href":"https:\/\/progresso.com.br\/index.php\/wp-json\/wp\/v2\/posts\/5192\/revisions"}],"predecessor-version":[{"id":5194,"href":"https:\/\/progresso.com.br\/index.php\/wp-json\/wp\/v2\/posts\/5192\/revisions\/5194"}],"wp:featuredmedia":[{"embeddable":true,"href":"https:\/\/progresso.com.br\/index.php\/wp-json\/wp\/v2\/media\/5193"}],"wp:attachment":[{"href":"https:\/\/progresso.com.br\/index.php\/wp-json\/wp\/v2\/media?parent=5192"}],"wp:term":[{"taxonomy":"category","embeddable":true,"href":"https:\/\/progresso.com.br\/index.php\/wp-json\/wp\/v2\/categories?post=5192"},{"taxonomy":"post_tag","embeddable":true,"href":"https:\/\/progresso.com.br\/index.php\/wp-json\/wp\/v2\/tags?post=5192"}],"curies":[{"name":"wp","href":"https:\/\/api.w.org\/{rel}","templated":true}]}}