{"id":5200,"date":"2026-04-30T11:12:44","date_gmt":"2026-04-30T15:12:44","guid":{"rendered":"https:\/\/progresso.com.br\/?p=5200"},"modified":"2026-04-30T11:12:45","modified_gmt":"2026-04-30T15:12:45","slug":"japora-festeja-34-anos-de-olho-na-agroindustrializacao","status":"publish","type":"post","link":"https:\/\/progresso.com.br\/index.php\/2026\/04\/30\/japora-festeja-34-anos-de-olho-na-agroindustrializacao\/","title":{"rendered":"Japor\u00e3 festeja 34 anos de olho na agroindustrializa\u00e7\u00e3o"},"content":{"rendered":"\n<p>O munic\u00edpio de Japor\u00e3, localizado no extremo sul de Mato Grosso do Sul, na fronteira com o Paraguai,\u00a0<mark>completa 34 anos nesta quinta-feira. Foi criado em 30 de abril de 1992 pela Lei n\u00ba 1.266, foi desmembrado de Mundo Novo. <\/mark><\/p>\n\n\n\n<p><mark>O munic\u00edpio se emancipou oficialmente em 1\u00ba de janeiro de 1993, com ra\u00edzes no povoamento iniciado na d\u00e9cada de 1950 por fam\u00edlias em busca de terras<\/mark>.<\/p>\n\n\n\n<p>Tudo isso faz parte do breve hist\u00f3rico, por\u00e9m, a maior realiza\u00e7\u00e3o de toda a hist\u00f3ria visando o desenvolvimento do munic\u00edpio est\u00e1 come\u00e7ando agora atrav\u00e9s do processo de agroindustrializa\u00e7\u00e3o.<\/p>\n\n\n\n<p>\u201cT\u00ednhamos um sonho, de ver ind\u00fastrias se instalando em nossa cidade. De ajudar a gerar empregos formais, com carteira assinada. Este momento chegou. Finalmente, ap\u00f3s muita luta, participa\u00e7\u00e3o de v\u00e1rias pessoas, dentre elas o ex-prefeito Paulo Franjotti, os vereadores da gest\u00e3o passada e os atuais, colaboradores da prefeitura e envolvimento da Associa\u00e7\u00e3o Comercial, duas empresas v\u00e3o se instalar em Japor\u00e3. \u00c9 um marco extraordin\u00e1rio. Este \u00e9 o maior presente que poder\u00edamos dar a toda popula\u00e7\u00e3o japoraense\u201d, afirma o prefeito Vitor da Cunha Rosa, o  Malaquias.<\/p>\n\n\n\n<p>Para garantir a instala\u00e7\u00e3o das duas primeiras agroind\u00fastrias, o Governo de Japor\u00e3 investiu na aquisi\u00e7\u00e3o de uma \u00e1rea rural. Como forma de incentivo aos empreendimentos, fez a doa\u00e7\u00e3o de \u00e1reas com entregas de escrituras definitivas. Ao mesmo tempo, a Administra\u00e7\u00e3o liderada pelo prefeito Vitor Malaquias, com o apoio de todos os vereadores, e articula\u00e7\u00e3o pol\u00edtica de deputados, fez gest\u00f5es junto ao Governo do Estado, reivindicando e conquistando o incentivo estadual para as vindas da MS Fish (abatedouro e processamento de peixes), e TS Fertilizantes (f\u00e1brica de fertilizantes organomineral).<\/p>\n\n\n\n<p>Os dois empreendimentos apoiados pelo munic\u00edpio est\u00e3o na fase de documenta\u00e7\u00e3o buscando a libera\u00e7\u00e3o de licen\u00e7a ambiental para in\u00edcio das constru\u00e7\u00f5es. Ao mesmo tempo, est\u00e1 a todo vapor o setor de avicultura, que tamb\u00e9m recebeu incentivo do Governo de Japor\u00e3, com doa\u00e7\u00e3o de \u00e1rea para a instala\u00e7\u00e3o da sede pr\u00f3pria da associa\u00e7\u00e3o Aviconsul. \u201cCom todos estes empreendimentos e outras a\u00e7\u00f5es, Japor\u00e3 est\u00e1 dando um salto na gera\u00e7\u00e3o de empregos garantindo melhores condi\u00e7\u00f5es de vida e renda para a popula\u00e7\u00e3o\u201d, frisa Vitor Malaquias ao comemorar os 34 anos do munic\u00edpio com a\u00e7\u00f5es reais e projetos em desenvolvimento.<\/p>\n\n\n\n<figure class=\"wp-block-image size-full\"><img loading=\"lazy\" decoding=\"async\" width=\"1000\" height=\"667\" src=\"https:\/\/progresso.com.br\/wp-content\/uploads\/2026\/04\/japora-aniversario.jpg\" alt=\"\" class=\"wp-image-5201\" srcset=\"https:\/\/progresso.com.br\/wp-content\/uploads\/2026\/04\/japora-aniversario.jpg 1000w, https:\/\/progresso.com.br\/wp-content\/uploads\/2026\/04\/japora-aniversario-300x200.jpg 300w, https:\/\/progresso.com.br\/wp-content\/uploads\/2026\/04\/japora-aniversario-768x512.jpg 768w, https:\/\/progresso.com.br\/wp-content\/uploads\/2026\/04\/japora-aniversario-630x420.jpg 630w, https:\/\/progresso.com.br\/wp-content\/uploads\/2026\/04\/japora-aniversario-640x427.jpg 640w, https:\/\/progresso.com.br\/wp-content\/uploads\/2026\/04\/japora-aniversario-681x454.jpg 681w\" sizes=\"auto, (max-width: 1000px) 100vw, 1000px\" \/><figcaption class=\"wp-element-caption\">Japor\u00e3 festejou anivers\u00e1rio no final de semana passado.<\/figcaption><\/figure>\n\n\n\n<p><strong>COMEMORA\u00c7\u00c3O<\/strong><\/p>\n\n\n\n<p>As comemora\u00e7\u00f5es do 34\u00ba anivers\u00e1rio de Japor\u00e3 ocorreram no \u00faltimo fim de semana (24 a 26 de abril), com a participa\u00e7\u00e3o de milhares de pessoas de Japor\u00e3, de munic\u00edpios vizinhos e autoridades visitantes. <\/p>\n\n\n\n<p>As principais atra\u00e7\u00f5es foram o Festival de M\u00fasica Estudantil, shows nacionais com dupla sertaneja e os AgroBoys, bandas musicais, show de pr\u00eamios com sorteios de R$ 64 mil em dinheiro, Costel\u00e3o Fogo de Ch\u00e3o (almo\u00e7o com churrasco raiz), e exposi\u00e7\u00e3o e vendas de produtos da agricultura familiar, garantindo o sucesso total da 5\u00ba Expo AgriShow de Japor\u00e3.<\/p>\n","protected":false},"excerpt":{"rendered":"<p>O munic\u00edpio de Japor\u00e3, localizado no extremo sul de Mato Grosso do Sul, na fronteira com o Paraguai,\u00a0completa 34 anos nesta quinta-feira. Foi criado em 30 de abril de 1992 pela Lei n\u00ba 1.266, foi desmembrado de Mundo Novo. O munic\u00edpio se emancipou oficialmente em 1\u00ba de janeiro de 1993, com ra\u00edzes no povoamento iniciado [&hellip;]<\/p>\n","protected":false},"author":3,"featured_media":5202,"comment_status":"open","ping_status":"open","sticky":false,"template":"","format":"standard","meta":{"footnotes":""},"categories":[13,2],"tags":[],"class_list":["post-5200","post","type-post","status-publish","format-standard","has-post-thumbnail","hentry","category-cotidiano","category-destaque"],"yoast_head":"<!-- This site is optimized with the Yoast SEO plugin v27.1.1 - https:\/\/yoast.com\/product\/yoast-seo-wordpress\/ -->\n<title>Japor\u00e3 festeja 34 anos de olho na agroindustrializa\u00e7\u00e3o - O PROGRESSO<\/title>\n<meta name=\"robots\" content=\"index, follow, max-snippet:-1, max-image-preview:large, max-video-preview:-1\" \/>\n<link rel=\"canonical\" href=\"https:\/\/progresso.com.br\/index.php\/2026\/04\/30\/japora-festeja-34-anos-de-olho-na-agroindustrializacao\/\" \/>\n<meta property=\"og:locale\" content=\"pt_BR\" \/>\n<meta property=\"og:type\" content=\"article\" \/>\n<meta property=\"og:title\" content=\"Japor\u00e3 festeja 34 anos de olho na agroindustrializa\u00e7\u00e3o - O PROGRESSO\" \/>\n<meta property=\"og:description\" content=\"O munic\u00edpio de Japor\u00e3, localizado no extremo sul de Mato Grosso do Sul, na fronteira com o Paraguai,\u00a0completa 34 anos nesta quinta-feira. Foi criado em 30 de abril de 1992 pela Lei n\u00ba 1.266, foi desmembrado de Mundo Novo. O munic\u00edpio se emancipou oficialmente em 1\u00ba de janeiro de 1993, com ra\u00edzes no povoamento iniciado [&hellip;]\" \/>\n<meta property=\"og:url\" content=\"https:\/\/progresso.com.br\/index.php\/2026\/04\/30\/japora-festeja-34-anos-de-olho-na-agroindustrializacao\/\" \/>\n<meta property=\"og:site_name\" content=\"O PROGRESSO\" \/>\n<meta property=\"article:publisher\" content=\"https:\/\/www.facebook.com\/share\/1CeoksKBj6\/\" \/>\n<meta property=\"article:published_time\" content=\"2026-04-30T15:12:44+00:00\" \/>\n<meta property=\"article:modified_time\" content=\"2026-04-30T15:12:45+00:00\" \/>\n<meta property=\"og:image\" content=\"https:\/\/progresso.com.br\/wp-content\/uploads\/2026\/04\/Japora.jpg\" \/>\n\t<meta property=\"og:image:width\" content=\"1000\" \/>\n\t<meta property=\"og:image:height\" content=\"461\" \/>\n\t<meta property=\"og:image:type\" content=\"image\/jpeg\" \/>\n<meta name=\"author\" content=\"Alfredo\" \/>\n<meta name=\"twitter:card\" content=\"summary_large_image\" \/>\n<meta name=\"twitter:label1\" content=\"Escrito por\" \/>\n\t<meta name=\"twitter:data1\" content=\"Alfredo\" \/>\n\t<meta name=\"twitter:label2\" content=\"Est. tempo de leitura\" \/>\n\t<meta name=\"twitter:data2\" content=\"3 minutos\" \/>\n<script type=\"application\/ld+json\" class=\"yoast-schema-graph\">{\"@context\":\"https:\/\/schema.org\",\"@graph\":[{\"@type\":\"Article\",\"@id\":\"https:\/\/progresso.com.br\/index.php\/2026\/04\/30\/japora-festeja-34-anos-de-olho-na-agroindustrializacao\/#article\",\"isPartOf\":{\"@id\":\"https:\/\/progresso.com.br\/index.php\/2026\/04\/30\/japora-festeja-34-anos-de-olho-na-agroindustrializacao\/\"},\"author\":{\"name\":\"Alfredo\",\"@id\":\"https:\/\/progresso.com.br\/#\/schema\/person\/b7390ac97c5e156cc2e02aa8e88f1bf2\"},\"headline\":\"Japor\u00e3 festeja 34 anos de olho na agroindustrializa\u00e7\u00e3o\",\"datePublished\":\"2026-04-30T15:12:44+00:00\",\"dateModified\":\"2026-04-30T15:12:45+00:00\",\"mainEntityOfPage\":{\"@id\":\"https:\/\/progresso.com.br\/index.php\/2026\/04\/30\/japora-festeja-34-anos-de-olho-na-agroindustrializacao\/\"},\"wordCount\":519,\"commentCount\":0,\"publisher\":{\"@id\":\"https:\/\/progresso.com.br\/#organization\"},\"image\":{\"@id\":\"https:\/\/progresso.com.br\/index.php\/2026\/04\/30\/japora-festeja-34-anos-de-olho-na-agroindustrializacao\/#primaryimage\"},\"thumbnailUrl\":\"https:\/\/progresso.com.br\/wp-content\/uploads\/2026\/04\/Japora.jpg\",\"articleSection\":[\"Cotidiano\",\"Em destaque\"],\"inLanguage\":\"pt-BR\",\"potentialAction\":[{\"@type\":\"CommentAction\",\"name\":\"Comment\",\"target\":[\"https:\/\/progresso.com.br\/index.php\/2026\/04\/30\/japora-festeja-34-anos-de-olho-na-agroindustrializacao\/#respond\"]}]},{\"@type\":\"WebPage\",\"@id\":\"https:\/\/progresso.com.br\/index.php\/2026\/04\/30\/japora-festeja-34-anos-de-olho-na-agroindustrializacao\/\",\"url\":\"https:\/\/progresso.com.br\/index.php\/2026\/04\/30\/japora-festeja-34-anos-de-olho-na-agroindustrializacao\/\",\"name\":\"Japor\u00e3 festeja 34 anos de olho na agroindustrializa\u00e7\u00e3o - O PROGRESSO\",\"isPartOf\":{\"@id\":\"https:\/\/progresso.com.br\/#website\"},\"primaryImageOfPage\":{\"@id\":\"https:\/\/progresso.com.br\/index.php\/2026\/04\/30\/japora-festeja-34-anos-de-olho-na-agroindustrializacao\/#primaryimage\"},\"image\":{\"@id\":\"https:\/\/progresso.com.br\/index.php\/2026\/04\/30\/japora-festeja-34-anos-de-olho-na-agroindustrializacao\/#primaryimage\"},\"thumbnailUrl\":\"https:\/\/progresso.com.br\/wp-content\/uploads\/2026\/04\/Japora.jpg\",\"datePublished\":\"2026-04-30T15:12:44+00:00\",\"dateModified\":\"2026-04-30T15:12:45+00:00\",\"breadcrumb\":{\"@id\":\"https:\/\/progresso.com.br\/index.php\/2026\/04\/30\/japora-festeja-34-anos-de-olho-na-agroindustrializacao\/#breadcrumb\"},\"inLanguage\":\"pt-BR\",\"potentialAction\":[{\"@type\":\"ReadAction\",\"target\":[\"https:\/\/progresso.com.br\/index.php\/2026\/04\/30\/japora-festeja-34-anos-de-olho-na-agroindustrializacao\/\"]}]},{\"@type\":\"ImageObject\",\"inLanguage\":\"pt-BR\",\"@id\":\"https:\/\/progresso.com.br\/index.php\/2026\/04\/30\/japora-festeja-34-anos-de-olho-na-agroindustrializacao\/#primaryimage\",\"url\":\"https:\/\/progresso.com.br\/wp-content\/uploads\/2026\/04\/Japora.jpg\",\"contentUrl\":\"https:\/\/progresso.com.br\/wp-content\/uploads\/2026\/04\/Japora.jpg\",\"width\":1000,\"height\":461,\"caption\":\"Japor\u00e3 completa 34 anos hoje; cidade vive expans\u00e3o acelerada no setor e conta com 32 avi\u00e1rios ativos. (Fotos: Divulga\u00e7\u00e3o)\"},{\"@type\":\"BreadcrumbList\",\"@id\":\"https:\/\/progresso.com.br\/index.php\/2026\/04\/30\/japora-festeja-34-anos-de-olho-na-agroindustrializacao\/#breadcrumb\",\"itemListElement\":[{\"@type\":\"ListItem\",\"position\":1,\"name\":\"In\u00edcio\",\"item\":\"https:\/\/progresso.com.br\/\"},{\"@type\":\"ListItem\",\"position\":2,\"name\":\"Japor\u00e3 festeja 34 anos de olho na agroindustrializa\u00e7\u00e3o\"}]},{\"@type\":\"WebSite\",\"@id\":\"https:\/\/progresso.com.br\/#website\",\"url\":\"https:\/\/progresso.com.br\/\",\"name\":\"O PROGRESSO\",\"description\":\"\",\"publisher\":{\"@id\":\"https:\/\/progresso.com.br\/#organization\"},\"potentialAction\":[{\"@type\":\"SearchAction\",\"target\":{\"@type\":\"EntryPoint\",\"urlTemplate\":\"https:\/\/progresso.com.br\/?s={search_term_string}\"},\"query-input\":{\"@type\":\"PropertyValueSpecification\",\"valueRequired\":true,\"valueName\":\"search_term_string\"}}],\"inLanguage\":\"pt-BR\"},{\"@type\":\"Organization\",\"@id\":\"https:\/\/progresso.com.br\/#organization\",\"name\":\"O PROGRESSO\",\"url\":\"https:\/\/progresso.com.br\/\",\"logo\":{\"@type\":\"ImageObject\",\"inLanguage\":\"pt-BR\",\"@id\":\"https:\/\/progresso.com.br\/#\/schema\/logo\/image\/\",\"url\":\"https:\/\/progresso.com.br\/wp-content\/uploads\/2026\/03\/logo_proog.jpg\",\"contentUrl\":\"https:\/\/progresso.com.br\/wp-content\/uploads\/2026\/03\/logo_proog.jpg\",\"width\":1960,\"height\":1080,\"caption\":\"O PROGRESSO\"},\"image\":{\"@id\":\"https:\/\/progresso.com.br\/#\/schema\/logo\/image\/\"},\"sameAs\":[\"https:\/\/www.facebook.com\/share\/1CeoksKBj6\/\",\"https:\/\/www.instagram.com\/oprogresso_digital\"]},{\"@type\":\"Person\",\"@id\":\"https:\/\/progresso.com.br\/#\/schema\/person\/b7390ac97c5e156cc2e02aa8e88f1bf2\",\"name\":\"Alfredo\",\"image\":{\"@type\":\"ImageObject\",\"inLanguage\":\"pt-BR\",\"@id\":\"https:\/\/progresso.com.br\/#\/schema\/person\/image\/\",\"url\":\"https:\/\/secure.gravatar.com\/avatar\/ca208a3111522ad69d765c6f0ea1ce4742c74e10aba78ae7158042d704d65a9f?s=96&d=mm&r=g\",\"contentUrl\":\"https:\/\/secure.gravatar.com\/avatar\/ca208a3111522ad69d765c6f0ea1ce4742c74e10aba78ae7158042d704d65a9f?s=96&d=mm&r=g\",\"caption\":\"Alfredo\"},\"url\":\"https:\/\/progresso.com.br\/index.php\/author\/alfredo\/\"}]}<\/script>\n<!-- \/ Yoast SEO plugin. -->","yoast_head_json":{"title":"Japor\u00e3 festeja 34 anos de olho na agroindustrializa\u00e7\u00e3o - O PROGRESSO","robots":{"index":"index","follow":"follow","max-snippet":"max-snippet:-1","max-image-preview":"max-image-preview:large","max-video-preview":"max-video-preview:-1"},"canonical":"https:\/\/progresso.com.br\/index.php\/2026\/04\/30\/japora-festeja-34-anos-de-olho-na-agroindustrializacao\/","og_locale":"pt_BR","og_type":"article","og_title":"Japor\u00e3 festeja 34 anos de olho na agroindustrializa\u00e7\u00e3o - O PROGRESSO","og_description":"O munic\u00edpio de Japor\u00e3, localizado no extremo sul de Mato Grosso do Sul, na fronteira com o Paraguai,\u00a0completa 34 anos nesta quinta-feira. Foi criado em 30 de abril de 1992 pela Lei n\u00ba 1.266, foi desmembrado de Mundo Novo. O munic\u00edpio se emancipou oficialmente em 1\u00ba de janeiro de 1993, com ra\u00edzes no povoamento iniciado [&hellip;]","og_url":"https:\/\/progresso.com.br\/index.php\/2026\/04\/30\/japora-festeja-34-anos-de-olho-na-agroindustrializacao\/","og_site_name":"O PROGRESSO","article_publisher":"https:\/\/www.facebook.com\/share\/1CeoksKBj6\/","article_published_time":"2026-04-30T15:12:44+00:00","article_modified_time":"2026-04-30T15:12:45+00:00","og_image":[{"width":1000,"height":461,"url":"https:\/\/progresso.com.br\/wp-content\/uploads\/2026\/04\/Japora.jpg","type":"image\/jpeg"}],"author":"Alfredo","twitter_card":"summary_large_image","twitter_misc":{"Escrito por":"Alfredo","Est. tempo de leitura":"3 minutos"},"schema":{"@context":"https:\/\/schema.org","@graph":[{"@type":"Article","@id":"https:\/\/progresso.com.br\/index.php\/2026\/04\/30\/japora-festeja-34-anos-de-olho-na-agroindustrializacao\/#article","isPartOf":{"@id":"https:\/\/progresso.com.br\/index.php\/2026\/04\/30\/japora-festeja-34-anos-de-olho-na-agroindustrializacao\/"},"author":{"name":"Alfredo","@id":"https:\/\/progresso.com.br\/#\/schema\/person\/b7390ac97c5e156cc2e02aa8e88f1bf2"},"headline":"Japor\u00e3 festeja 34 anos de olho na agroindustrializa\u00e7\u00e3o","datePublished":"2026-04-30T15:12:44+00:00","dateModified":"2026-04-30T15:12:45+00:00","mainEntityOfPage":{"@id":"https:\/\/progresso.com.br\/index.php\/2026\/04\/30\/japora-festeja-34-anos-de-olho-na-agroindustrializacao\/"},"wordCount":519,"commentCount":0,"publisher":{"@id":"https:\/\/progresso.com.br\/#organization"},"image":{"@id":"https:\/\/progresso.com.br\/index.php\/2026\/04\/30\/japora-festeja-34-anos-de-olho-na-agroindustrializacao\/#primaryimage"},"thumbnailUrl":"https:\/\/progresso.com.br\/wp-content\/uploads\/2026\/04\/Japora.jpg","articleSection":["Cotidiano","Em destaque"],"inLanguage":"pt-BR","potentialAction":[{"@type":"CommentAction","name":"Comment","target":["https:\/\/progresso.com.br\/index.php\/2026\/04\/30\/japora-festeja-34-anos-de-olho-na-agroindustrializacao\/#respond"]}]},{"@type":"WebPage","@id":"https:\/\/progresso.com.br\/index.php\/2026\/04\/30\/japora-festeja-34-anos-de-olho-na-agroindustrializacao\/","url":"https:\/\/progresso.com.br\/index.php\/2026\/04\/30\/japora-festeja-34-anos-de-olho-na-agroindustrializacao\/","name":"Japor\u00e3 festeja 34 anos de olho na agroindustrializa\u00e7\u00e3o - O PROGRESSO","isPartOf":{"@id":"https:\/\/progresso.com.br\/#website"},"primaryImageOfPage":{"@id":"https:\/\/progresso.com.br\/index.php\/2026\/04\/30\/japora-festeja-34-anos-de-olho-na-agroindustrializacao\/#primaryimage"},"image":{"@id":"https:\/\/progresso.com.br\/index.php\/2026\/04\/30\/japora-festeja-34-anos-de-olho-na-agroindustrializacao\/#primaryimage"},"thumbnailUrl":"https:\/\/progresso.com.br\/wp-content\/uploads\/2026\/04\/Japora.jpg","datePublished":"2026-04-30T15:12:44+00:00","dateModified":"2026-04-30T15:12:45+00:00","breadcrumb":{"@id":"https:\/\/progresso.com.br\/index.php\/2026\/04\/30\/japora-festeja-34-anos-de-olho-na-agroindustrializacao\/#breadcrumb"},"inLanguage":"pt-BR","potentialAction":[{"@type":"ReadAction","target":["https:\/\/progresso.com.br\/index.php\/2026\/04\/30\/japora-festeja-34-anos-de-olho-na-agroindustrializacao\/"]}]},{"@type":"ImageObject","inLanguage":"pt-BR","@id":"https:\/\/progresso.com.br\/index.php\/2026\/04\/30\/japora-festeja-34-anos-de-olho-na-agroindustrializacao\/#primaryimage","url":"https:\/\/progresso.com.br\/wp-content\/uploads\/2026\/04\/Japora.jpg","contentUrl":"https:\/\/progresso.com.br\/wp-content\/uploads\/2026\/04\/Japora.jpg","width":1000,"height":461,"caption":"Japor\u00e3 completa 34 anos hoje; cidade vive expans\u00e3o acelerada no setor e conta com 32 avi\u00e1rios ativos. (Fotos: Divulga\u00e7\u00e3o)"},{"@type":"BreadcrumbList","@id":"https:\/\/progresso.com.br\/index.php\/2026\/04\/30\/japora-festeja-34-anos-de-olho-na-agroindustrializacao\/#breadcrumb","itemListElement":[{"@type":"ListItem","position":1,"name":"In\u00edcio","item":"https:\/\/progresso.com.br\/"},{"@type":"ListItem","position":2,"name":"Japor\u00e3 festeja 34 anos de olho na agroindustrializa\u00e7\u00e3o"}]},{"@type":"WebSite","@id":"https:\/\/progresso.com.br\/#website","url":"https:\/\/progresso.com.br\/","name":"O PROGRESSO","description":"","publisher":{"@id":"https:\/\/progresso.com.br\/#organization"},"potentialAction":[{"@type":"SearchAction","target":{"@type":"EntryPoint","urlTemplate":"https:\/\/progresso.com.br\/?s={search_term_string}"},"query-input":{"@type":"PropertyValueSpecification","valueRequired":true,"valueName":"search_term_string"}}],"inLanguage":"pt-BR"},{"@type":"Organization","@id":"https:\/\/progresso.com.br\/#organization","name":"O PROGRESSO","url":"https:\/\/progresso.com.br\/","logo":{"@type":"ImageObject","inLanguage":"pt-BR","@id":"https:\/\/progresso.com.br\/#\/schema\/logo\/image\/","url":"https:\/\/progresso.com.br\/wp-content\/uploads\/2026\/03\/logo_proog.jpg","contentUrl":"https:\/\/progresso.com.br\/wp-content\/uploads\/2026\/03\/logo_proog.jpg","width":1960,"height":1080,"caption":"O PROGRESSO"},"image":{"@id":"https:\/\/progresso.com.br\/#\/schema\/logo\/image\/"},"sameAs":["https:\/\/www.facebook.com\/share\/1CeoksKBj6\/","https:\/\/www.instagram.com\/oprogresso_digital"]},{"@type":"Person","@id":"https:\/\/progresso.com.br\/#\/schema\/person\/b7390ac97c5e156cc2e02aa8e88f1bf2","name":"Alfredo","image":{"@type":"ImageObject","inLanguage":"pt-BR","@id":"https:\/\/progresso.com.br\/#\/schema\/person\/image\/","url":"https:\/\/secure.gravatar.com\/avatar\/ca208a3111522ad69d765c6f0ea1ce4742c74e10aba78ae7158042d704d65a9f?s=96&d=mm&r=g","contentUrl":"https:\/\/secure.gravatar.com\/avatar\/ca208a3111522ad69d765c6f0ea1ce4742c74e10aba78ae7158042d704d65a9f?s=96&d=mm&r=g","caption":"Alfredo"},"url":"https:\/\/progresso.com.br\/index.php\/author\/alfredo\/"}]}},"_links":{"self":[{"href":"https:\/\/progresso.com.br\/index.php\/wp-json\/wp\/v2\/posts\/5200","targetHints":{"allow":["GET"]}}],"collection":[{"href":"https:\/\/progresso.com.br\/index.php\/wp-json\/wp\/v2\/posts"}],"about":[{"href":"https:\/\/progresso.com.br\/index.php\/wp-json\/wp\/v2\/types\/post"}],"author":[{"embeddable":true,"href":"https:\/\/progresso.com.br\/index.php\/wp-json\/wp\/v2\/users\/3"}],"replies":[{"embeddable":true,"href":"https:\/\/progresso.com.br\/index.php\/wp-json\/wp\/v2\/comments?post=5200"}],"version-history":[{"count":1,"href":"https:\/\/progresso.com.br\/index.php\/wp-json\/wp\/v2\/posts\/5200\/revisions"}],"predecessor-version":[{"id":5203,"href":"https:\/\/progresso.com.br\/index.php\/wp-json\/wp\/v2\/posts\/5200\/revisions\/5203"}],"wp:featuredmedia":[{"embeddable":true,"href":"https:\/\/progresso.com.br\/index.php\/wp-json\/wp\/v2\/media\/5202"}],"wp:attachment":[{"href":"https:\/\/progresso.com.br\/index.php\/wp-json\/wp\/v2\/media?parent=5200"}],"wp:term":[{"taxonomy":"category","embeddable":true,"href":"https:\/\/progresso.com.br\/index.php\/wp-json\/wp\/v2\/categories?post=5200"},{"taxonomy":"post_tag","embeddable":true,"href":"https:\/\/progresso.com.br\/index.php\/wp-json\/wp\/v2\/tags?post=5200"}],"curies":[{"name":"wp","href":"https:\/\/api.w.org\/{rel}","templated":true}]}}