{"id":5204,"date":"2026-04-30T11:58:24","date_gmt":"2026-04-30T15:58:24","guid":{"rendered":"https:\/\/progresso.com.br\/?p=5204"},"modified":"2026-04-30T11:58:24","modified_gmt":"2026-04-30T15:58:24","slug":"celso-de-mello-diz-que-senado-cometeu-grave-equivoco-institucional","status":"publish","type":"post","link":"https:\/\/progresso.com.br\/index.php\/2026\/04\/30\/celso-de-mello-diz-que-senado-cometeu-grave-equivoco-institucional\/","title":{"rendered":"Celso de Mello diz que Senado cometeu grave equ\u00edvoco institucional"},"content":{"rendered":"\n<p><em>Andr\u00e9 Richter, da Ag\u00eancia Brasil<\/em><\/p>\n\n\n\n<p><strong>O ministro aposentado do Supremo Tribunal Federal (STF) Celso de Mello afirmou que o Senado cometeu um \u201cgrave equ\u00edvoco institucional\u201d ao\u00a0<a href=\"https:\/\/agenciabrasil.ebc.com.br\/politica\/noticia\/2026-04\/senado-rejeita-indicacao-de-messias-para-stf\">rejeitar a indica\u00e7\u00e3o<\/a>\u00a0do advogado-geral da Uni\u00e3o, Jorge Messias, para uma ocupar uma vaga na Corte.<\/strong><img decoding=\"async\" src=\"https:\/\/agenciabrasil.ebc.com.br\/ebc.png?id=1687765&amp;o=node\"><img decoding=\"async\" src=\"https:\/\/agenciabrasil.ebc.com.br\/ebc.gif?id=1687765&amp;o=node\"><\/p>\n\n\n\n<p>Em nota \u00e0 imprensa, Mello, que ficou no tribunal entre 1989 e 2020, classificou a vota\u00e7\u00e3o como injustific\u00e1vel e disse que o entendimento n\u00e3o est\u00e1 de acordo com a trajet\u00f3ria profissional do advogado-geral.<\/p>\n\n\n\n<blockquote class=\"wp-block-quote is-layout-flow wp-block-quote-is-layout-flow\">\n<p><em>\u201cTrata-se de grave equ\u00edvoco institucional, pois o Dr. Jorge Messias re\u00fane, de modo pleno, os requisitos que a Constitui\u00e7\u00e3o da Rep\u00fablica exige para a leg\u00edtima investidura no cargo de ministro da Suprema Corte\u201d, disse Mello.<\/em><\/p>\n<\/blockquote>\n\n\n\n<p><strong>O ministro aposentado tamb\u00e9m ressaltou que n\u00e3o h\u00e1 causa legitima para o Senado rejeitar a indica\u00e7\u00e3o do presidente Luiz In\u00e1cio Lula da Silva para a Suprema Corte.&nbsp;<\/strong><\/p>\n\n\n\n<p><em>\u201cConsidero profundamente infeliz a decis\u00e3o do Senado Federal. Perdeu-se a oportunidade de incorporar ao Supremo Tribunal Federal um jurista s\u00e9rio, preparado, experiente e comprometido com os valores superiores do Estado Democr\u00e1tico de Direito\u201d, completou.<\/em><\/p>\n\n\n\n<p>O plen\u00e1rio do Senado rejeitou a indica\u00e7\u00e3o feita pelo presidente Lula para que Messias assuma a vaga deixada pela aposentadoria do ministro Lu\u00eds Roberto Barroso. \u00a0<\/p>\n","protected":false},"excerpt":{"rendered":"<p>Andr\u00e9 Richter, da Ag\u00eancia Brasil O ministro aposentado do Supremo Tribunal Federal (STF) Celso de Mello afirmou que o Senado cometeu um \u201cgrave equ\u00edvoco institucional\u201d ao\u00a0rejeitar a indica\u00e7\u00e3o\u00a0do advogado-geral da Uni\u00e3o, Jorge Messias, para uma ocupar uma vaga na Corte. Em nota \u00e0 imprensa, Mello, que ficou no tribunal entre 1989 e 2020, classificou a [&hellip;]<\/p>\n","protected":false},"author":3,"featured_media":5205,"comment_status":"open","ping_status":"open","sticky":false,"template":"","format":"standard","meta":{"footnotes":""},"categories":[9],"tags":[],"class_list":["post-5204","post","type-post","status-publish","format-standard","has-post-thumbnail","hentry","category-politica"],"yoast_head":"<!-- This site is optimized with the Yoast SEO plugin v27.1.1 - https:\/\/yoast.com\/product\/yoast-seo-wordpress\/ -->\n<title>Celso de Mello diz que Senado cometeu grave equ\u00edvoco institucional - O PROGRESSO<\/title>\n<meta name=\"robots\" content=\"index, follow, max-snippet:-1, max-image-preview:large, max-video-preview:-1\" \/>\n<link rel=\"canonical\" href=\"https:\/\/progresso.com.br\/index.php\/2026\/04\/30\/celso-de-mello-diz-que-senado-cometeu-grave-equivoco-institucional\/\" \/>\n<meta property=\"og:locale\" content=\"pt_BR\" \/>\n<meta property=\"og:type\" content=\"article\" \/>\n<meta property=\"og:title\" content=\"Celso de Mello diz que Senado cometeu grave equ\u00edvoco institucional - O PROGRESSO\" \/>\n<meta property=\"og:description\" content=\"Andr\u00e9 Richter, da Ag\u00eancia Brasil O ministro aposentado do Supremo Tribunal Federal (STF) Celso de Mello afirmou que o Senado cometeu um \u201cgrave equ\u00edvoco institucional\u201d ao\u00a0rejeitar a indica\u00e7\u00e3o\u00a0do advogado-geral da Uni\u00e3o, Jorge Messias, para uma ocupar uma vaga na Corte. Em nota \u00e0 imprensa, Mello, que ficou no tribunal entre 1989 e 2020, classificou a [&hellip;]\" \/>\n<meta property=\"og:url\" content=\"https:\/\/progresso.com.br\/index.php\/2026\/04\/30\/celso-de-mello-diz-que-senado-cometeu-grave-equivoco-institucional\/\" \/>\n<meta property=\"og:site_name\" content=\"O PROGRESSO\" \/>\n<meta property=\"article:publisher\" content=\"https:\/\/www.facebook.com\/share\/1CeoksKBj6\/\" \/>\n<meta property=\"article:published_time\" content=\"2026-04-30T15:58:24+00:00\" \/>\n<meta property=\"og:image\" content=\"https:\/\/progresso.com.br\/wp-content\/uploads\/2026\/04\/celso-de-melo.webp\" \/>\n\t<meta property=\"og:image:width\" content=\"1170\" \/>\n\t<meta property=\"og:image:height\" content=\"700\" \/>\n\t<meta property=\"og:image:type\" content=\"image\/webp\" \/>\n<meta name=\"author\" content=\"Alfredo\" \/>\n<meta name=\"twitter:card\" content=\"summary_large_image\" \/>\n<meta name=\"twitter:label1\" content=\"Escrito por\" \/>\n\t<meta name=\"twitter:data1\" content=\"Alfredo\" \/>\n\t<meta name=\"twitter:label2\" content=\"Est. tempo de leitura\" \/>\n\t<meta name=\"twitter:data2\" content=\"2 minutos\" \/>\n<script type=\"application\/ld+json\" class=\"yoast-schema-graph\">{\"@context\":\"https:\/\/schema.org\",\"@graph\":[{\"@type\":\"Article\",\"@id\":\"https:\/\/progresso.com.br\/index.php\/2026\/04\/30\/celso-de-mello-diz-que-senado-cometeu-grave-equivoco-institucional\/#article\",\"isPartOf\":{\"@id\":\"https:\/\/progresso.com.br\/index.php\/2026\/04\/30\/celso-de-mello-diz-que-senado-cometeu-grave-equivoco-institucional\/\"},\"author\":{\"name\":\"Alfredo\",\"@id\":\"https:\/\/progresso.com.br\/#\/schema\/person\/b7390ac97c5e156cc2e02aa8e88f1bf2\"},\"headline\":\"Celso de Mello diz que Senado cometeu grave equ\u00edvoco institucional\",\"datePublished\":\"2026-04-30T15:58:24+00:00\",\"mainEntityOfPage\":{\"@id\":\"https:\/\/progresso.com.br\/index.php\/2026\/04\/30\/celso-de-mello-diz-que-senado-cometeu-grave-equivoco-institucional\/\"},\"wordCount\":228,\"commentCount\":0,\"publisher\":{\"@id\":\"https:\/\/progresso.com.br\/#organization\"},\"image\":{\"@id\":\"https:\/\/progresso.com.br\/index.php\/2026\/04\/30\/celso-de-mello-diz-que-senado-cometeu-grave-equivoco-institucional\/#primaryimage\"},\"thumbnailUrl\":\"https:\/\/progresso.com.br\/wp-content\/uploads\/2026\/04\/celso-de-melo.webp\",\"articleSection\":[\"Pol\u00edtica\"],\"inLanguage\":\"pt-BR\",\"potentialAction\":[{\"@type\":\"CommentAction\",\"name\":\"Comment\",\"target\":[\"https:\/\/progresso.com.br\/index.php\/2026\/04\/30\/celso-de-mello-diz-que-senado-cometeu-grave-equivoco-institucional\/#respond\"]}]},{\"@type\":\"WebPage\",\"@id\":\"https:\/\/progresso.com.br\/index.php\/2026\/04\/30\/celso-de-mello-diz-que-senado-cometeu-grave-equivoco-institucional\/\",\"url\":\"https:\/\/progresso.com.br\/index.php\/2026\/04\/30\/celso-de-mello-diz-que-senado-cometeu-grave-equivoco-institucional\/\",\"name\":\"Celso de Mello diz que Senado cometeu grave equ\u00edvoco institucional - O PROGRESSO\",\"isPartOf\":{\"@id\":\"https:\/\/progresso.com.br\/#website\"},\"primaryImageOfPage\":{\"@id\":\"https:\/\/progresso.com.br\/index.php\/2026\/04\/30\/celso-de-mello-diz-que-senado-cometeu-grave-equivoco-institucional\/#primaryimage\"},\"image\":{\"@id\":\"https:\/\/progresso.com.br\/index.php\/2026\/04\/30\/celso-de-mello-diz-que-senado-cometeu-grave-equivoco-institucional\/#primaryimage\"},\"thumbnailUrl\":\"https:\/\/progresso.com.br\/wp-content\/uploads\/2026\/04\/celso-de-melo.webp\",\"datePublished\":\"2026-04-30T15:58:24+00:00\",\"breadcrumb\":{\"@id\":\"https:\/\/progresso.com.br\/index.php\/2026\/04\/30\/celso-de-mello-diz-que-senado-cometeu-grave-equivoco-institucional\/#breadcrumb\"},\"inLanguage\":\"pt-BR\",\"potentialAction\":[{\"@type\":\"ReadAction\",\"target\":[\"https:\/\/progresso.com.br\/index.php\/2026\/04\/30\/celso-de-mello-diz-que-senado-cometeu-grave-equivoco-institucional\/\"]}]},{\"@type\":\"ImageObject\",\"inLanguage\":\"pt-BR\",\"@id\":\"https:\/\/progresso.com.br\/index.php\/2026\/04\/30\/celso-de-mello-diz-que-senado-cometeu-grave-equivoco-institucional\/#primaryimage\",\"url\":\"https:\/\/progresso.com.br\/wp-content\/uploads\/2026\/04\/celso-de-melo.webp\",\"contentUrl\":\"https:\/\/progresso.com.br\/wp-content\/uploads\/2026\/04\/celso-de-melo.webp\",\"width\":1170,\"height\":700,\"caption\":\"Rejei\u00e7\u00e3o de Messias para STF \u00e9 injustific\u00e1vel, diz ministro aposentado. (Foto: Fabio Rodrigues Pozzebom\/Ag. Brasil)\"},{\"@type\":\"BreadcrumbList\",\"@id\":\"https:\/\/progresso.com.br\/index.php\/2026\/04\/30\/celso-de-mello-diz-que-senado-cometeu-grave-equivoco-institucional\/#breadcrumb\",\"itemListElement\":[{\"@type\":\"ListItem\",\"position\":1,\"name\":\"In\u00edcio\",\"item\":\"https:\/\/progresso.com.br\/\"},{\"@type\":\"ListItem\",\"position\":2,\"name\":\"Celso de Mello diz que Senado cometeu grave equ\u00edvoco institucional\"}]},{\"@type\":\"WebSite\",\"@id\":\"https:\/\/progresso.com.br\/#website\",\"url\":\"https:\/\/progresso.com.br\/\",\"name\":\"O PROGRESSO\",\"description\":\"\",\"publisher\":{\"@id\":\"https:\/\/progresso.com.br\/#organization\"},\"potentialAction\":[{\"@type\":\"SearchAction\",\"target\":{\"@type\":\"EntryPoint\",\"urlTemplate\":\"https:\/\/progresso.com.br\/?s={search_term_string}\"},\"query-input\":{\"@type\":\"PropertyValueSpecification\",\"valueRequired\":true,\"valueName\":\"search_term_string\"}}],\"inLanguage\":\"pt-BR\"},{\"@type\":\"Organization\",\"@id\":\"https:\/\/progresso.com.br\/#organization\",\"name\":\"O PROGRESSO\",\"url\":\"https:\/\/progresso.com.br\/\",\"logo\":{\"@type\":\"ImageObject\",\"inLanguage\":\"pt-BR\",\"@id\":\"https:\/\/progresso.com.br\/#\/schema\/logo\/image\/\",\"url\":\"https:\/\/progresso.com.br\/wp-content\/uploads\/2026\/03\/logo_proog.jpg\",\"contentUrl\":\"https:\/\/progresso.com.br\/wp-content\/uploads\/2026\/03\/logo_proog.jpg\",\"width\":1960,\"height\":1080,\"caption\":\"O PROGRESSO\"},\"image\":{\"@id\":\"https:\/\/progresso.com.br\/#\/schema\/logo\/image\/\"},\"sameAs\":[\"https:\/\/www.facebook.com\/share\/1CeoksKBj6\/\",\"https:\/\/www.instagram.com\/oprogresso_digital\"]},{\"@type\":\"Person\",\"@id\":\"https:\/\/progresso.com.br\/#\/schema\/person\/b7390ac97c5e156cc2e02aa8e88f1bf2\",\"name\":\"Alfredo\",\"image\":{\"@type\":\"ImageObject\",\"inLanguage\":\"pt-BR\",\"@id\":\"https:\/\/progresso.com.br\/#\/schema\/person\/image\/\",\"url\":\"https:\/\/secure.gravatar.com\/avatar\/ca208a3111522ad69d765c6f0ea1ce4742c74e10aba78ae7158042d704d65a9f?s=96&d=mm&r=g\",\"contentUrl\":\"https:\/\/secure.gravatar.com\/avatar\/ca208a3111522ad69d765c6f0ea1ce4742c74e10aba78ae7158042d704d65a9f?s=96&d=mm&r=g\",\"caption\":\"Alfredo\"},\"url\":\"https:\/\/progresso.com.br\/index.php\/author\/alfredo\/\"}]}<\/script>\n<!-- \/ Yoast SEO plugin. -->","yoast_head_json":{"title":"Celso de Mello diz que Senado cometeu grave equ\u00edvoco institucional - O PROGRESSO","robots":{"index":"index","follow":"follow","max-snippet":"max-snippet:-1","max-image-preview":"max-image-preview:large","max-video-preview":"max-video-preview:-1"},"canonical":"https:\/\/progresso.com.br\/index.php\/2026\/04\/30\/celso-de-mello-diz-que-senado-cometeu-grave-equivoco-institucional\/","og_locale":"pt_BR","og_type":"article","og_title":"Celso de Mello diz que Senado cometeu grave equ\u00edvoco institucional - O PROGRESSO","og_description":"Andr\u00e9 Richter, da Ag\u00eancia Brasil O ministro aposentado do Supremo Tribunal Federal (STF) Celso de Mello afirmou que o Senado cometeu um \u201cgrave equ\u00edvoco institucional\u201d ao\u00a0rejeitar a indica\u00e7\u00e3o\u00a0do advogado-geral da Uni\u00e3o, Jorge Messias, para uma ocupar uma vaga na Corte. Em nota \u00e0 imprensa, Mello, que ficou no tribunal entre 1989 e 2020, classificou a [&hellip;]","og_url":"https:\/\/progresso.com.br\/index.php\/2026\/04\/30\/celso-de-mello-diz-que-senado-cometeu-grave-equivoco-institucional\/","og_site_name":"O PROGRESSO","article_publisher":"https:\/\/www.facebook.com\/share\/1CeoksKBj6\/","article_published_time":"2026-04-30T15:58:24+00:00","og_image":[{"width":1170,"height":700,"url":"https:\/\/progresso.com.br\/wp-content\/uploads\/2026\/04\/celso-de-melo.webp","type":"image\/webp"}],"author":"Alfredo","twitter_card":"summary_large_image","twitter_misc":{"Escrito por":"Alfredo","Est. tempo de leitura":"2 minutos"},"schema":{"@context":"https:\/\/schema.org","@graph":[{"@type":"Article","@id":"https:\/\/progresso.com.br\/index.php\/2026\/04\/30\/celso-de-mello-diz-que-senado-cometeu-grave-equivoco-institucional\/#article","isPartOf":{"@id":"https:\/\/progresso.com.br\/index.php\/2026\/04\/30\/celso-de-mello-diz-que-senado-cometeu-grave-equivoco-institucional\/"},"author":{"name":"Alfredo","@id":"https:\/\/progresso.com.br\/#\/schema\/person\/b7390ac97c5e156cc2e02aa8e88f1bf2"},"headline":"Celso de Mello diz que Senado cometeu grave equ\u00edvoco institucional","datePublished":"2026-04-30T15:58:24+00:00","mainEntityOfPage":{"@id":"https:\/\/progresso.com.br\/index.php\/2026\/04\/30\/celso-de-mello-diz-que-senado-cometeu-grave-equivoco-institucional\/"},"wordCount":228,"commentCount":0,"publisher":{"@id":"https:\/\/progresso.com.br\/#organization"},"image":{"@id":"https:\/\/progresso.com.br\/index.php\/2026\/04\/30\/celso-de-mello-diz-que-senado-cometeu-grave-equivoco-institucional\/#primaryimage"},"thumbnailUrl":"https:\/\/progresso.com.br\/wp-content\/uploads\/2026\/04\/celso-de-melo.webp","articleSection":["Pol\u00edtica"],"inLanguage":"pt-BR","potentialAction":[{"@type":"CommentAction","name":"Comment","target":["https:\/\/progresso.com.br\/index.php\/2026\/04\/30\/celso-de-mello-diz-que-senado-cometeu-grave-equivoco-institucional\/#respond"]}]},{"@type":"WebPage","@id":"https:\/\/progresso.com.br\/index.php\/2026\/04\/30\/celso-de-mello-diz-que-senado-cometeu-grave-equivoco-institucional\/","url":"https:\/\/progresso.com.br\/index.php\/2026\/04\/30\/celso-de-mello-diz-que-senado-cometeu-grave-equivoco-institucional\/","name":"Celso de Mello diz que Senado cometeu grave equ\u00edvoco institucional - O PROGRESSO","isPartOf":{"@id":"https:\/\/progresso.com.br\/#website"},"primaryImageOfPage":{"@id":"https:\/\/progresso.com.br\/index.php\/2026\/04\/30\/celso-de-mello-diz-que-senado-cometeu-grave-equivoco-institucional\/#primaryimage"},"image":{"@id":"https:\/\/progresso.com.br\/index.php\/2026\/04\/30\/celso-de-mello-diz-que-senado-cometeu-grave-equivoco-institucional\/#primaryimage"},"thumbnailUrl":"https:\/\/progresso.com.br\/wp-content\/uploads\/2026\/04\/celso-de-melo.webp","datePublished":"2026-04-30T15:58:24+00:00","breadcrumb":{"@id":"https:\/\/progresso.com.br\/index.php\/2026\/04\/30\/celso-de-mello-diz-que-senado-cometeu-grave-equivoco-institucional\/#breadcrumb"},"inLanguage":"pt-BR","potentialAction":[{"@type":"ReadAction","target":["https:\/\/progresso.com.br\/index.php\/2026\/04\/30\/celso-de-mello-diz-que-senado-cometeu-grave-equivoco-institucional\/"]}]},{"@type":"ImageObject","inLanguage":"pt-BR","@id":"https:\/\/progresso.com.br\/index.php\/2026\/04\/30\/celso-de-mello-diz-que-senado-cometeu-grave-equivoco-institucional\/#primaryimage","url":"https:\/\/progresso.com.br\/wp-content\/uploads\/2026\/04\/celso-de-melo.webp","contentUrl":"https:\/\/progresso.com.br\/wp-content\/uploads\/2026\/04\/celso-de-melo.webp","width":1170,"height":700,"caption":"Rejei\u00e7\u00e3o de Messias para STF \u00e9 injustific\u00e1vel, diz ministro aposentado. (Foto: Fabio Rodrigues Pozzebom\/Ag. Brasil)"},{"@type":"BreadcrumbList","@id":"https:\/\/progresso.com.br\/index.php\/2026\/04\/30\/celso-de-mello-diz-que-senado-cometeu-grave-equivoco-institucional\/#breadcrumb","itemListElement":[{"@type":"ListItem","position":1,"name":"In\u00edcio","item":"https:\/\/progresso.com.br\/"},{"@type":"ListItem","position":2,"name":"Celso de Mello diz que Senado cometeu grave equ\u00edvoco institucional"}]},{"@type":"WebSite","@id":"https:\/\/progresso.com.br\/#website","url":"https:\/\/progresso.com.br\/","name":"O PROGRESSO","description":"","publisher":{"@id":"https:\/\/progresso.com.br\/#organization"},"potentialAction":[{"@type":"SearchAction","target":{"@type":"EntryPoint","urlTemplate":"https:\/\/progresso.com.br\/?s={search_term_string}"},"query-input":{"@type":"PropertyValueSpecification","valueRequired":true,"valueName":"search_term_string"}}],"inLanguage":"pt-BR"},{"@type":"Organization","@id":"https:\/\/progresso.com.br\/#organization","name":"O PROGRESSO","url":"https:\/\/progresso.com.br\/","logo":{"@type":"ImageObject","inLanguage":"pt-BR","@id":"https:\/\/progresso.com.br\/#\/schema\/logo\/image\/","url":"https:\/\/progresso.com.br\/wp-content\/uploads\/2026\/03\/logo_proog.jpg","contentUrl":"https:\/\/progresso.com.br\/wp-content\/uploads\/2026\/03\/logo_proog.jpg","width":1960,"height":1080,"caption":"O PROGRESSO"},"image":{"@id":"https:\/\/progresso.com.br\/#\/schema\/logo\/image\/"},"sameAs":["https:\/\/www.facebook.com\/share\/1CeoksKBj6\/","https:\/\/www.instagram.com\/oprogresso_digital"]},{"@type":"Person","@id":"https:\/\/progresso.com.br\/#\/schema\/person\/b7390ac97c5e156cc2e02aa8e88f1bf2","name":"Alfredo","image":{"@type":"ImageObject","inLanguage":"pt-BR","@id":"https:\/\/progresso.com.br\/#\/schema\/person\/image\/","url":"https:\/\/secure.gravatar.com\/avatar\/ca208a3111522ad69d765c6f0ea1ce4742c74e10aba78ae7158042d704d65a9f?s=96&d=mm&r=g","contentUrl":"https:\/\/secure.gravatar.com\/avatar\/ca208a3111522ad69d765c6f0ea1ce4742c74e10aba78ae7158042d704d65a9f?s=96&d=mm&r=g","caption":"Alfredo"},"url":"https:\/\/progresso.com.br\/index.php\/author\/alfredo\/"}]}},"_links":{"self":[{"href":"https:\/\/progresso.com.br\/index.php\/wp-json\/wp\/v2\/posts\/5204","targetHints":{"allow":["GET"]}}],"collection":[{"href":"https:\/\/progresso.com.br\/index.php\/wp-json\/wp\/v2\/posts"}],"about":[{"href":"https:\/\/progresso.com.br\/index.php\/wp-json\/wp\/v2\/types\/post"}],"author":[{"embeddable":true,"href":"https:\/\/progresso.com.br\/index.php\/wp-json\/wp\/v2\/users\/3"}],"replies":[{"embeddable":true,"href":"https:\/\/progresso.com.br\/index.php\/wp-json\/wp\/v2\/comments?post=5204"}],"version-history":[{"count":1,"href":"https:\/\/progresso.com.br\/index.php\/wp-json\/wp\/v2\/posts\/5204\/revisions"}],"predecessor-version":[{"id":5206,"href":"https:\/\/progresso.com.br\/index.php\/wp-json\/wp\/v2\/posts\/5204\/revisions\/5206"}],"wp:featuredmedia":[{"embeddable":true,"href":"https:\/\/progresso.com.br\/index.php\/wp-json\/wp\/v2\/media\/5205"}],"wp:attachment":[{"href":"https:\/\/progresso.com.br\/index.php\/wp-json\/wp\/v2\/media?parent=5204"}],"wp:term":[{"taxonomy":"category","embeddable":true,"href":"https:\/\/progresso.com.br\/index.php\/wp-json\/wp\/v2\/categories?post=5204"},{"taxonomy":"post_tag","embeddable":true,"href":"https:\/\/progresso.com.br\/index.php\/wp-json\/wp\/v2\/tags?post=5204"}],"curies":[{"name":"wp","href":"https:\/\/api.w.org\/{rel}","templated":true}]}}