{"id":5207,"date":"2026-04-30T12:06:45","date_gmt":"2026-04-30T16:06:45","guid":{"rendered":"https:\/\/progresso.com.br\/?p=5207"},"modified":"2026-04-30T12:06:46","modified_gmt":"2026-04-30T16:06:46","slug":"indigena-de-29-anos-e-nona-morte-provocada-pela-chikungunya-em-dourados","status":"publish","type":"post","link":"https:\/\/progresso.com.br\/index.php\/2026\/04\/30\/indigena-de-29-anos-e-nona-morte-provocada-pela-chikungunya-em-dourados\/","title":{"rendered":"Ind\u00edgena de 29 anos \u00e9 nona morte provocada pela chikungunya em Dourados"},"content":{"rendered":"\n<p>A Prefeitura de Dourados confirmou na manh\u00e3 desta quinta-feira (30) a nona morte em decorr\u00eancia de complica\u00e7\u00f5es da chikungunya e fez um alerta para a import\u00e2ncia das pessoas entrarem na guerra contra o mosquito Aedes aegypti. <\/p>\n\n\n\n<p><em>\u201cInfelizmente, mais uma v\u00edtima dessa grave doen\u00e7a e ainda assim muita gente est\u00e1 relativizando o problema, n\u00e3o est\u00e3o levando essa epidemia a s\u00e9rio\u201d,<\/em> lamentou o secret\u00e1rio municipal de Sa\u00fade, M\u00e1rcio Figueiredo, que \u00e9 coordenador-geral do COE.<\/p>\n\n\n\n<p>A nona v\u00edtima da Chikungunya \u00e9 ind\u00edgena, tinha 29 anos de idade, era residente na Aldeia Boror\u00f3 e come\u00e7ou a apresentar os primeiros sintomas da doen\u00e7a 19 de abril e faleceu no dia 25 de abril, no Hospital da Vida. <\/p>\n\n\n\n<p><strong>Com mais essa morte confirmada, sobe para 9 o n\u00famero de \u00f3bitos pela doen\u00e7a em Dourados, sendo que 8 deles eram ind\u00edgenas.<\/strong><\/p>\n\n\n\n<p>O Informe Epidemiol\u00f3gico divulgado nesta quinta-feira (30) aponta que Dourados tem hoje<strong> 35 pacientes internados com Chikungunya<\/strong>, sendo 2 no Hospital Porta da Esperan\u00e7a (Miss\u00e3o Caiu\u00e1), 20 no Hospital Universit\u00e1rio HU-UFGD, 3 no Hospital Cassems, 4 no Hospital Regional, 3 no Hospital da Vida e 3 no Hospital Evang\u00e9lico Mackenzie. Em n\u00fameros gerais, o munic\u00edpio registrou 7.371 notifica\u00e7\u00f5es para Chikungunya, com 5.271 casos prov\u00e1veis, 2.755 casos confirmados, 2.100 casos descartados, 2.516 casos em investiga\u00e7\u00e3o.<\/p>\n\n\n\n<p>A situa\u00e7\u00e3o epidemiol\u00f3gica nas Aldeias Boror\u00f3 e Jaguapiru aponta para 3.113 notifica\u00e7\u00f5es para Chikungunya, com 2.474 casos prov\u00e1veis, 1.759 casos confirmados, 636 casos descartados, 715 casos em investiga\u00e7\u00e3o.<\/p>\n\n\n\n<p> \u201cA situa\u00e7\u00e3o continua muito grave e as pessoas precisam entender que combater os focos do mosquito Aedes aegypti n\u00e3o \u00e9 obriga\u00e7\u00e3o exclusiva da prefeitura e sim de toda popula\u00e7\u00e3o\u201d, enfatiza Marcio Figueiredo. \u201cSomente com esfor\u00e7os conjuntos, acabando com todos os pontos de \u00e1gua parada, mantendo os quintais limpos e recolhendo o lixo de forma correta, vamos vencer a guerra contra esse mosquito\u201d, finaliza.<\/p>\n","protected":false},"excerpt":{"rendered":"<p>A Prefeitura de Dourados confirmou na manh\u00e3 desta quinta-feira (30) a nona morte em decorr\u00eancia de complica\u00e7\u00f5es da chikungunya e fez um alerta para a import\u00e2ncia das pessoas entrarem na guerra contra o mosquito Aedes aegypti. \u201cInfelizmente, mais uma v\u00edtima dessa grave doen\u00e7a e ainda assim muita gente est\u00e1 relativizando o problema, n\u00e3o est\u00e3o levando [&hellip;]<\/p>\n","protected":false},"author":3,"featured_media":5208,"comment_status":"open","ping_status":"open","sticky":false,"template":"","format":"standard","meta":{"footnotes":""},"categories":[13,2],"tags":[],"class_list":["post-5207","post","type-post","status-publish","format-standard","has-post-thumbnail","hentry","category-cotidiano","category-destaque"],"yoast_head":"<!-- This site is optimized with the Yoast SEO plugin v27.1.1 - https:\/\/yoast.com\/product\/yoast-seo-wordpress\/ -->\n<title>Ind\u00edgena de 29 anos \u00e9 nona morte provocada pela chikungunya em Dourados - O PROGRESSO<\/title>\n<meta name=\"robots\" content=\"index, follow, max-snippet:-1, max-image-preview:large, max-video-preview:-1\" \/>\n<link rel=\"canonical\" href=\"https:\/\/progresso.com.br\/index.php\/2026\/04\/30\/indigena-de-29-anos-e-nona-morte-provocada-pela-chikungunya-em-dourados\/\" \/>\n<meta property=\"og:locale\" content=\"pt_BR\" \/>\n<meta property=\"og:type\" content=\"article\" \/>\n<meta property=\"og:title\" content=\"Ind\u00edgena de 29 anos \u00e9 nona morte provocada pela chikungunya em Dourados - O PROGRESSO\" \/>\n<meta property=\"og:description\" content=\"A Prefeitura de Dourados confirmou na manh\u00e3 desta quinta-feira (30) a nona morte em decorr\u00eancia de complica\u00e7\u00f5es da chikungunya e fez um alerta para a import\u00e2ncia das pessoas entrarem na guerra contra o mosquito Aedes aegypti. \u201cInfelizmente, mais uma v\u00edtima dessa grave doen\u00e7a e ainda assim muita gente est\u00e1 relativizando o problema, n\u00e3o est\u00e3o levando [&hellip;]\" \/>\n<meta property=\"og:url\" content=\"https:\/\/progresso.com.br\/index.php\/2026\/04\/30\/indigena-de-29-anos-e-nona-morte-provocada-pela-chikungunya-em-dourados\/\" \/>\n<meta property=\"og:site_name\" content=\"O PROGRESSO\" \/>\n<meta property=\"article:publisher\" content=\"https:\/\/www.facebook.com\/share\/1CeoksKBj6\/\" \/>\n<meta property=\"article:published_time\" content=\"2026-04-30T16:06:45+00:00\" \/>\n<meta property=\"article:modified_time\" content=\"2026-04-30T16:06:46+00:00\" \/>\n<meta property=\"og:image\" content=\"https:\/\/progresso.com.br\/wp-content\/uploads\/2026\/04\/chikun24-1.webp\" \/>\n\t<meta property=\"og:image:width\" content=\"533\" \/>\n\t<meta property=\"og:image:height\" content=\"300\" \/>\n\t<meta property=\"og:image:type\" content=\"image\/webp\" \/>\n<meta name=\"author\" content=\"Alfredo\" \/>\n<meta name=\"twitter:card\" content=\"summary_large_image\" \/>\n<meta name=\"twitter:label1\" content=\"Escrito por\" \/>\n\t<meta name=\"twitter:data1\" content=\"Alfredo\" \/>\n\t<meta name=\"twitter:label2\" content=\"Est. tempo de leitura\" \/>\n\t<meta name=\"twitter:data2\" content=\"2 minutos\" \/>\n<script type=\"application\/ld+json\" class=\"yoast-schema-graph\">{\"@context\":\"https:\/\/schema.org\",\"@graph\":[{\"@type\":\"Article\",\"@id\":\"https:\/\/progresso.com.br\/index.php\/2026\/04\/30\/indigena-de-29-anos-e-nona-morte-provocada-pela-chikungunya-em-dourados\/#article\",\"isPartOf\":{\"@id\":\"https:\/\/progresso.com.br\/index.php\/2026\/04\/30\/indigena-de-29-anos-e-nona-morte-provocada-pela-chikungunya-em-dourados\/\"},\"author\":{\"name\":\"Alfredo\",\"@id\":\"https:\/\/progresso.com.br\/#\/schema\/person\/b7390ac97c5e156cc2e02aa8e88f1bf2\"},\"headline\":\"Ind\u00edgena de 29 anos \u00e9 nona morte provocada pela chikungunya em Dourados\",\"datePublished\":\"2026-04-30T16:06:45+00:00\",\"dateModified\":\"2026-04-30T16:06:46+00:00\",\"mainEntityOfPage\":{\"@id\":\"https:\/\/progresso.com.br\/index.php\/2026\/04\/30\/indigena-de-29-anos-e-nona-morte-provocada-pela-chikungunya-em-dourados\/\"},\"wordCount\":321,\"commentCount\":0,\"publisher\":{\"@id\":\"https:\/\/progresso.com.br\/#organization\"},\"image\":{\"@id\":\"https:\/\/progresso.com.br\/index.php\/2026\/04\/30\/indigena-de-29-anos-e-nona-morte-provocada-pela-chikungunya-em-dourados\/#primaryimage\"},\"thumbnailUrl\":\"https:\/\/progresso.com.br\/wp-content\/uploads\/2026\/04\/chikun24-1.webp\",\"articleSection\":[\"Cotidiano\",\"Em destaque\"],\"inLanguage\":\"pt-BR\",\"potentialAction\":[{\"@type\":\"CommentAction\",\"name\":\"Comment\",\"target\":[\"https:\/\/progresso.com.br\/index.php\/2026\/04\/30\/indigena-de-29-anos-e-nona-morte-provocada-pela-chikungunya-em-dourados\/#respond\"]}]},{\"@type\":\"WebPage\",\"@id\":\"https:\/\/progresso.com.br\/index.php\/2026\/04\/30\/indigena-de-29-anos-e-nona-morte-provocada-pela-chikungunya-em-dourados\/\",\"url\":\"https:\/\/progresso.com.br\/index.php\/2026\/04\/30\/indigena-de-29-anos-e-nona-morte-provocada-pela-chikungunya-em-dourados\/\",\"name\":\"Ind\u00edgena de 29 anos \u00e9 nona morte provocada pela chikungunya em Dourados - O PROGRESSO\",\"isPartOf\":{\"@id\":\"https:\/\/progresso.com.br\/#website\"},\"primaryImageOfPage\":{\"@id\":\"https:\/\/progresso.com.br\/index.php\/2026\/04\/30\/indigena-de-29-anos-e-nona-morte-provocada-pela-chikungunya-em-dourados\/#primaryimage\"},\"image\":{\"@id\":\"https:\/\/progresso.com.br\/index.php\/2026\/04\/30\/indigena-de-29-anos-e-nona-morte-provocada-pela-chikungunya-em-dourados\/#primaryimage\"},\"thumbnailUrl\":\"https:\/\/progresso.com.br\/wp-content\/uploads\/2026\/04\/chikun24-1.webp\",\"datePublished\":\"2026-04-30T16:06:45+00:00\",\"dateModified\":\"2026-04-30T16:06:46+00:00\",\"breadcrumb\":{\"@id\":\"https:\/\/progresso.com.br\/index.php\/2026\/04\/30\/indigena-de-29-anos-e-nona-morte-provocada-pela-chikungunya-em-dourados\/#breadcrumb\"},\"inLanguage\":\"pt-BR\",\"potentialAction\":[{\"@type\":\"ReadAction\",\"target\":[\"https:\/\/progresso.com.br\/index.php\/2026\/04\/30\/indigena-de-29-anos-e-nona-morte-provocada-pela-chikungunya-em-dourados\/\"]}]},{\"@type\":\"ImageObject\",\"inLanguage\":\"pt-BR\",\"@id\":\"https:\/\/progresso.com.br\/index.php\/2026\/04\/30\/indigena-de-29-anos-e-nona-morte-provocada-pela-chikungunya-em-dourados\/#primaryimage\",\"url\":\"https:\/\/progresso.com.br\/wp-content\/uploads\/2026\/04\/chikun24-1.webp\",\"contentUrl\":\"https:\/\/progresso.com.br\/wp-content\/uploads\/2026\/04\/chikun24-1.webp\",\"width\":533,\"height\":300,\"caption\":\"Nona morte confirmada por complica\u00e7\u00f5es de Chikungunya era um paciente ind\u00edgena que estava internado no Hospital da Vida.\"},{\"@type\":\"BreadcrumbList\",\"@id\":\"https:\/\/progresso.com.br\/index.php\/2026\/04\/30\/indigena-de-29-anos-e-nona-morte-provocada-pela-chikungunya-em-dourados\/#breadcrumb\",\"itemListElement\":[{\"@type\":\"ListItem\",\"position\":1,\"name\":\"In\u00edcio\",\"item\":\"https:\/\/progresso.com.br\/\"},{\"@type\":\"ListItem\",\"position\":2,\"name\":\"Ind\u00edgena de 29 anos \u00e9 nona morte provocada pela chikungunya em Dourados\"}]},{\"@type\":\"WebSite\",\"@id\":\"https:\/\/progresso.com.br\/#website\",\"url\":\"https:\/\/progresso.com.br\/\",\"name\":\"O PROGRESSO\",\"description\":\"\",\"publisher\":{\"@id\":\"https:\/\/progresso.com.br\/#organization\"},\"potentialAction\":[{\"@type\":\"SearchAction\",\"target\":{\"@type\":\"EntryPoint\",\"urlTemplate\":\"https:\/\/progresso.com.br\/?s={search_term_string}\"},\"query-input\":{\"@type\":\"PropertyValueSpecification\",\"valueRequired\":true,\"valueName\":\"search_term_string\"}}],\"inLanguage\":\"pt-BR\"},{\"@type\":\"Organization\",\"@id\":\"https:\/\/progresso.com.br\/#organization\",\"name\":\"O PROGRESSO\",\"url\":\"https:\/\/progresso.com.br\/\",\"logo\":{\"@type\":\"ImageObject\",\"inLanguage\":\"pt-BR\",\"@id\":\"https:\/\/progresso.com.br\/#\/schema\/logo\/image\/\",\"url\":\"https:\/\/progresso.com.br\/wp-content\/uploads\/2026\/03\/logo_proog.jpg\",\"contentUrl\":\"https:\/\/progresso.com.br\/wp-content\/uploads\/2026\/03\/logo_proog.jpg\",\"width\":1960,\"height\":1080,\"caption\":\"O PROGRESSO\"},\"image\":{\"@id\":\"https:\/\/progresso.com.br\/#\/schema\/logo\/image\/\"},\"sameAs\":[\"https:\/\/www.facebook.com\/share\/1CeoksKBj6\/\",\"https:\/\/www.instagram.com\/oprogresso_digital\"]},{\"@type\":\"Person\",\"@id\":\"https:\/\/progresso.com.br\/#\/schema\/person\/b7390ac97c5e156cc2e02aa8e88f1bf2\",\"name\":\"Alfredo\",\"image\":{\"@type\":\"ImageObject\",\"inLanguage\":\"pt-BR\",\"@id\":\"https:\/\/progresso.com.br\/#\/schema\/person\/image\/\",\"url\":\"https:\/\/secure.gravatar.com\/avatar\/ca208a3111522ad69d765c6f0ea1ce4742c74e10aba78ae7158042d704d65a9f?s=96&d=mm&r=g\",\"contentUrl\":\"https:\/\/secure.gravatar.com\/avatar\/ca208a3111522ad69d765c6f0ea1ce4742c74e10aba78ae7158042d704d65a9f?s=96&d=mm&r=g\",\"caption\":\"Alfredo\"},\"url\":\"https:\/\/progresso.com.br\/index.php\/author\/alfredo\/\"}]}<\/script>\n<!-- \/ Yoast SEO plugin. -->","yoast_head_json":{"title":"Ind\u00edgena de 29 anos \u00e9 nona morte provocada pela chikungunya em Dourados - O PROGRESSO","robots":{"index":"index","follow":"follow","max-snippet":"max-snippet:-1","max-image-preview":"max-image-preview:large","max-video-preview":"max-video-preview:-1"},"canonical":"https:\/\/progresso.com.br\/index.php\/2026\/04\/30\/indigena-de-29-anos-e-nona-morte-provocada-pela-chikungunya-em-dourados\/","og_locale":"pt_BR","og_type":"article","og_title":"Ind\u00edgena de 29 anos \u00e9 nona morte provocada pela chikungunya em Dourados - O PROGRESSO","og_description":"A Prefeitura de Dourados confirmou na manh\u00e3 desta quinta-feira (30) a nona morte em decorr\u00eancia de complica\u00e7\u00f5es da chikungunya e fez um alerta para a import\u00e2ncia das pessoas entrarem na guerra contra o mosquito Aedes aegypti. \u201cInfelizmente, mais uma v\u00edtima dessa grave doen\u00e7a e ainda assim muita gente est\u00e1 relativizando o problema, n\u00e3o est\u00e3o levando [&hellip;]","og_url":"https:\/\/progresso.com.br\/index.php\/2026\/04\/30\/indigena-de-29-anos-e-nona-morte-provocada-pela-chikungunya-em-dourados\/","og_site_name":"O PROGRESSO","article_publisher":"https:\/\/www.facebook.com\/share\/1CeoksKBj6\/","article_published_time":"2026-04-30T16:06:45+00:00","article_modified_time":"2026-04-30T16:06:46+00:00","og_image":[{"width":533,"height":300,"url":"https:\/\/progresso.com.br\/wp-content\/uploads\/2026\/04\/chikun24-1.webp","type":"image\/webp"}],"author":"Alfredo","twitter_card":"summary_large_image","twitter_misc":{"Escrito por":"Alfredo","Est. tempo de leitura":"2 minutos"},"schema":{"@context":"https:\/\/schema.org","@graph":[{"@type":"Article","@id":"https:\/\/progresso.com.br\/index.php\/2026\/04\/30\/indigena-de-29-anos-e-nona-morte-provocada-pela-chikungunya-em-dourados\/#article","isPartOf":{"@id":"https:\/\/progresso.com.br\/index.php\/2026\/04\/30\/indigena-de-29-anos-e-nona-morte-provocada-pela-chikungunya-em-dourados\/"},"author":{"name":"Alfredo","@id":"https:\/\/progresso.com.br\/#\/schema\/person\/b7390ac97c5e156cc2e02aa8e88f1bf2"},"headline":"Ind\u00edgena de 29 anos \u00e9 nona morte provocada pela chikungunya em Dourados","datePublished":"2026-04-30T16:06:45+00:00","dateModified":"2026-04-30T16:06:46+00:00","mainEntityOfPage":{"@id":"https:\/\/progresso.com.br\/index.php\/2026\/04\/30\/indigena-de-29-anos-e-nona-morte-provocada-pela-chikungunya-em-dourados\/"},"wordCount":321,"commentCount":0,"publisher":{"@id":"https:\/\/progresso.com.br\/#organization"},"image":{"@id":"https:\/\/progresso.com.br\/index.php\/2026\/04\/30\/indigena-de-29-anos-e-nona-morte-provocada-pela-chikungunya-em-dourados\/#primaryimage"},"thumbnailUrl":"https:\/\/progresso.com.br\/wp-content\/uploads\/2026\/04\/chikun24-1.webp","articleSection":["Cotidiano","Em destaque"],"inLanguage":"pt-BR","potentialAction":[{"@type":"CommentAction","name":"Comment","target":["https:\/\/progresso.com.br\/index.php\/2026\/04\/30\/indigena-de-29-anos-e-nona-morte-provocada-pela-chikungunya-em-dourados\/#respond"]}]},{"@type":"WebPage","@id":"https:\/\/progresso.com.br\/index.php\/2026\/04\/30\/indigena-de-29-anos-e-nona-morte-provocada-pela-chikungunya-em-dourados\/","url":"https:\/\/progresso.com.br\/index.php\/2026\/04\/30\/indigena-de-29-anos-e-nona-morte-provocada-pela-chikungunya-em-dourados\/","name":"Ind\u00edgena de 29 anos \u00e9 nona morte provocada pela chikungunya em Dourados - O PROGRESSO","isPartOf":{"@id":"https:\/\/progresso.com.br\/#website"},"primaryImageOfPage":{"@id":"https:\/\/progresso.com.br\/index.php\/2026\/04\/30\/indigena-de-29-anos-e-nona-morte-provocada-pela-chikungunya-em-dourados\/#primaryimage"},"image":{"@id":"https:\/\/progresso.com.br\/index.php\/2026\/04\/30\/indigena-de-29-anos-e-nona-morte-provocada-pela-chikungunya-em-dourados\/#primaryimage"},"thumbnailUrl":"https:\/\/progresso.com.br\/wp-content\/uploads\/2026\/04\/chikun24-1.webp","datePublished":"2026-04-30T16:06:45+00:00","dateModified":"2026-04-30T16:06:46+00:00","breadcrumb":{"@id":"https:\/\/progresso.com.br\/index.php\/2026\/04\/30\/indigena-de-29-anos-e-nona-morte-provocada-pela-chikungunya-em-dourados\/#breadcrumb"},"inLanguage":"pt-BR","potentialAction":[{"@type":"ReadAction","target":["https:\/\/progresso.com.br\/index.php\/2026\/04\/30\/indigena-de-29-anos-e-nona-morte-provocada-pela-chikungunya-em-dourados\/"]}]},{"@type":"ImageObject","inLanguage":"pt-BR","@id":"https:\/\/progresso.com.br\/index.php\/2026\/04\/30\/indigena-de-29-anos-e-nona-morte-provocada-pela-chikungunya-em-dourados\/#primaryimage","url":"https:\/\/progresso.com.br\/wp-content\/uploads\/2026\/04\/chikun24-1.webp","contentUrl":"https:\/\/progresso.com.br\/wp-content\/uploads\/2026\/04\/chikun24-1.webp","width":533,"height":300,"caption":"Nona morte confirmada por complica\u00e7\u00f5es de Chikungunya era um paciente ind\u00edgena que estava internado no Hospital da Vida."},{"@type":"BreadcrumbList","@id":"https:\/\/progresso.com.br\/index.php\/2026\/04\/30\/indigena-de-29-anos-e-nona-morte-provocada-pela-chikungunya-em-dourados\/#breadcrumb","itemListElement":[{"@type":"ListItem","position":1,"name":"In\u00edcio","item":"https:\/\/progresso.com.br\/"},{"@type":"ListItem","position":2,"name":"Ind\u00edgena de 29 anos \u00e9 nona morte provocada pela chikungunya em Dourados"}]},{"@type":"WebSite","@id":"https:\/\/progresso.com.br\/#website","url":"https:\/\/progresso.com.br\/","name":"O PROGRESSO","description":"","publisher":{"@id":"https:\/\/progresso.com.br\/#organization"},"potentialAction":[{"@type":"SearchAction","target":{"@type":"EntryPoint","urlTemplate":"https:\/\/progresso.com.br\/?s={search_term_string}"},"query-input":{"@type":"PropertyValueSpecification","valueRequired":true,"valueName":"search_term_string"}}],"inLanguage":"pt-BR"},{"@type":"Organization","@id":"https:\/\/progresso.com.br\/#organization","name":"O PROGRESSO","url":"https:\/\/progresso.com.br\/","logo":{"@type":"ImageObject","inLanguage":"pt-BR","@id":"https:\/\/progresso.com.br\/#\/schema\/logo\/image\/","url":"https:\/\/progresso.com.br\/wp-content\/uploads\/2026\/03\/logo_proog.jpg","contentUrl":"https:\/\/progresso.com.br\/wp-content\/uploads\/2026\/03\/logo_proog.jpg","width":1960,"height":1080,"caption":"O PROGRESSO"},"image":{"@id":"https:\/\/progresso.com.br\/#\/schema\/logo\/image\/"},"sameAs":["https:\/\/www.facebook.com\/share\/1CeoksKBj6\/","https:\/\/www.instagram.com\/oprogresso_digital"]},{"@type":"Person","@id":"https:\/\/progresso.com.br\/#\/schema\/person\/b7390ac97c5e156cc2e02aa8e88f1bf2","name":"Alfredo","image":{"@type":"ImageObject","inLanguage":"pt-BR","@id":"https:\/\/progresso.com.br\/#\/schema\/person\/image\/","url":"https:\/\/secure.gravatar.com\/avatar\/ca208a3111522ad69d765c6f0ea1ce4742c74e10aba78ae7158042d704d65a9f?s=96&d=mm&r=g","contentUrl":"https:\/\/secure.gravatar.com\/avatar\/ca208a3111522ad69d765c6f0ea1ce4742c74e10aba78ae7158042d704d65a9f?s=96&d=mm&r=g","caption":"Alfredo"},"url":"https:\/\/progresso.com.br\/index.php\/author\/alfredo\/"}]}},"_links":{"self":[{"href":"https:\/\/progresso.com.br\/index.php\/wp-json\/wp\/v2\/posts\/5207","targetHints":{"allow":["GET"]}}],"collection":[{"href":"https:\/\/progresso.com.br\/index.php\/wp-json\/wp\/v2\/posts"}],"about":[{"href":"https:\/\/progresso.com.br\/index.php\/wp-json\/wp\/v2\/types\/post"}],"author":[{"embeddable":true,"href":"https:\/\/progresso.com.br\/index.php\/wp-json\/wp\/v2\/users\/3"}],"replies":[{"embeddable":true,"href":"https:\/\/progresso.com.br\/index.php\/wp-json\/wp\/v2\/comments?post=5207"}],"version-history":[{"count":1,"href":"https:\/\/progresso.com.br\/index.php\/wp-json\/wp\/v2\/posts\/5207\/revisions"}],"predecessor-version":[{"id":5209,"href":"https:\/\/progresso.com.br\/index.php\/wp-json\/wp\/v2\/posts\/5207\/revisions\/5209"}],"wp:featuredmedia":[{"embeddable":true,"href":"https:\/\/progresso.com.br\/index.php\/wp-json\/wp\/v2\/media\/5208"}],"wp:attachment":[{"href":"https:\/\/progresso.com.br\/index.php\/wp-json\/wp\/v2\/media?parent=5207"}],"wp:term":[{"taxonomy":"category","embeddable":true,"href":"https:\/\/progresso.com.br\/index.php\/wp-json\/wp\/v2\/categories?post=5207"},{"taxonomy":"post_tag","embeddable":true,"href":"https:\/\/progresso.com.br\/index.php\/wp-json\/wp\/v2\/tags?post=5207"}],"curies":[{"name":"wp","href":"https:\/\/api.w.org\/{rel}","templated":true}]}}