{"id":522,"date":"2026-03-09T08:25:28","date_gmt":"2026-03-09T12:25:28","guid":{"rendered":"https:\/\/10nl.com.br\/?p=522"},"modified":"2026-03-09T08:25:28","modified_gmt":"2026-03-09T12:25:28","slug":"de-ribas-para-salvar-uma-vida-apos-anos-no-redome-renata-doa-medula-para-paciente-compativel","status":"publish","type":"post","link":"https:\/\/progresso.com.br\/index.php\/2026\/03\/09\/de-ribas-para-salvar-uma-vida-apos-anos-no-redome-renata-doa-medula-para-paciente-compativel\/","title":{"rendered":"De Ribas para salvar uma vida: ap\u00f3s anos no Redome, Renata doa medula para paciente compat\u00edvel"},"content":{"rendered":"\n<p><em><strong>Um cadastro feito na adolesc\u00eancia se transformou, anos depois, na chance real de salvar uma vida. Aos 31 anos, Renata Rodrigues foi chamada para doar medula \u00f3ssea a um paciente compat\u00edvel<\/strong><\/em><\/p>\n\n\n\n<p>Comunica\u00e7\u00e3o SES<\/p>\n\n\n\n<p>A convoca\u00e7\u00e3o foi feita pelo Redome (Registro Nacional de Doadores Volunt\u00e1rios de Medula \u00d3ssea). O transplante, destinado a um paciente brasileiro, foi realizado em 28 de outubro de 2025. O cadastro dela havia sido feito aos 18 anos, durante uma campanha em Ribas do Rio Pardo.<\/p>\n\n\n\n<p>O convite para integrar o Redome surgiu quando ela ainda participava de campanhas de doa\u00e7\u00e3o de sangue promovidas pelo Rotary, grupo de doadores volunt\u00e1rios no munic\u00edpio. Assim que atingiu o peso m\u00ednimo exigido, come\u00e7ou a doar sangue.<\/p>\n\n\n\n<p>\u201cEu tinha 17 anos quando consegui doar sangue pela primeira vez\u201d, lembra.<\/p>\n\n\n\n<p>O cadastro como doadora de medula veio pouco depois. Na \u00e9poca, ela hesitou.<\/p>\n\n\n\n<p>\u201cPerguntei se do\u00eda, me explicaram que ali era s\u00f3 o cadastro e que a chance de compatibilidade \u00e9 rara, mas que, se acontecesse, entrariam em contato\u201d.<\/p>\n\n\n\n<p>Ela autorizou a inclus\u00e3o dos dados e seguiu a vida normalmente. Nunca mudou de telefone nem de endere\u00e7o.<\/p>\n\n\n\n<p><strong>O telefonema inesperado<\/strong><\/p>\n\n\n\n<p>No ano passado, recebeu uma mensagem perguntando se poderia ir a Campo Grande para realizar exames por suspeita de compatibilidade. Ainda n\u00e3o era garantia de doa\u00e7\u00e3o.<\/p>\n\n\n\n<p>Fez a coleta de sangue e aguardou. O prazo informado era de at\u00e9 180 dias para a resposta final. Com cerca de 175 dias, veio a confirma\u00e7\u00e3o. Perguntaram se ela desejava continuar.<\/p>\n\n\n\n<p>\u201cEu disse sim na hora\u201d, afirma.<\/p>\n\n\n\n<p>M\u00e3e de Liz, de 7 anos, e Leonardo, de 1 ano e 7 meses na \u00e9poca, ela precisou organizar a rotina para permanecer v\u00e1rios dias fora de casa.<\/p>\n\n\n\n<p>\u201cN\u00e3o hesitei, mas logo pensei: como vai funcionar? Tenho duas crian\u00e7as pequenas\u201d.<\/p>\n\n\n\n<p><strong>Como funciona a doa\u00e7\u00e3o<\/strong><\/p>\n\n\n\n<p>Renata foi encaminhada para S\u00e3o Paulo para exames complementares e orienta\u00e7\u00f5es m\u00e9dicas. Recebeu explica\u00e7\u00f5es sobre as duas formas poss\u00edveis de doa\u00e7\u00e3o: pun\u00e7\u00e3o na regi\u00e3o da bacia ou coleta por af\u00e9rese, m\u00e9todo indicado para o caso dela.<\/p>\n\n\n\n<p>Na doa\u00e7\u00e3o por af\u00e9rese, o doador utiliza medica\u00e7\u00e3o por alguns dias para aumentar o n\u00famero de c\u00e9lulas-tronco na corrente sangu\u00ednea, ap\u00f3s esse per\u00edodo, o sangue \u00e9 coletado por uma m\u00e1quina que separa as c\u00e9lulas necess\u00e1rias e devolve o restante ao organismo<\/p>\n\n\n\n<p>Todo o procedimento \u00e9 realizado em centro especializado e custeado pelo Redome\/INCA\/Minist\u00e9rio da Sa\u00fade. Renata permaneceu cerca de seis horas ligada ao equipamento.<\/p>\n\n\n\n<p>\u201cEles explicam tudo com muita clareza. Me senti segura o tempo todo\u201d.<\/p>\n\n\n\n<p><strong>Desafios longe de casa<\/strong><\/p>\n\n\n\n<p>Ao todo, foram nove dias em S\u00e3o Paulo. O per\u00edodo longe da fam\u00edlia foi o momento mais delicado.<\/p>\n\n\n\n<p>\u201cFicar nove dias longe deles pesou muito. Meu filho ainda era muito pequeno. Eu j\u00e1 n\u00e3o amamentava, mas o apego \u00e9 muito forte. Mas eu sabia que era por uma causa valiosa\u201d.<\/p>\n\n\n\n<p>Havia ainda a possibilidade de uma segunda coleta, caso a quantidade de c\u00e9lulas n\u00e3o fosse suficiente. Quando recebeu a confirma\u00e7\u00e3o de que a primeira havia atendido \u00e0 necessidade, se emocionou.<\/p>\n\n\n\n<p>\u201cQuando a m\u00e9dica disse que tinha dado certo e que n\u00e3o precisaria repetir, eu desabei. Foi uma emo\u00e7\u00e3o muito grande\u201d.<\/p>\n\n\n\n<p><strong>Anonimato e esperan\u00e7a<\/strong><\/p>\n\n\n\n<p>O doador n\u00e3o recebe informa\u00e7\u00f5es detalhadas sobre o receptor. Renata sabe apenas que o paciente \u00e9 brasileiro.<\/p>\n\n\n\n<p>\u201cA gente pensa na pessoa que est\u00e1 do outro lado, esperando. Eu espero que esteja bem, que tenha sa\u00fade. Que isso tenha sido um recome\u00e7o\u201d.<\/p>\n\n\n\n<p>Ao final do processo, recebeu uma camiseta simb\u00f3lica de doadora de medula \u00f3ssea.<\/p>\n\n\n\n<p>\u201c\u00c9 uma experi\u00eancia \u00fanica. Vou lembrar para sempre com muito carinho\u201d.<\/p>\n\n\n\n<p><strong>Compartilhar para incentivar<\/strong><\/p>\n\n\n\n<p>De volta \u00e0 rotina na loja de roupas infantis, em Ribas do Rio Pardo, Renata decidiu contar a pr\u00f3pria hist\u00f3ria e fazer um apelo direto:<\/p>\n\n\n\n<p>\u201cDoem sangue. Se cadastrem como doadores de medula \u00f3ssea. \u00c9 algo que pode mudar completamente a vida de algu\u00e9m\u201d.<\/p>\n\n\n\n<p>Como se tornar doador de medula \u00f3ssea<\/p>\n\n\n\n<p>A medula \u00f3ssea \u00e9 respons\u00e1vel pela produ\u00e7\u00e3o das c\u00e9lulas do sangue e o transplante \u00e9 indicado para pacientes com doen\u00e7as que afetam essas c\u00e9lulas.<\/p>\n\n\n\n<p>Para se cadastrar como doador volunt\u00e1rio \u00e9 preciso:<\/p>\n\n\n\n<ul class=\"wp-block-list\">\n<li>Ter entre 18 e 35 anos e 9 meses<\/li>\n\n\n\n<li>N\u00e3o ter doen\u00e7a infecciosa ou incapacitante<\/li>\n\n\n\n<li>N\u00e3o apresentar doen\u00e7a neopl\u00e1sica, hematol\u00f3gica ou do sistema imunol\u00f3gico<\/li>\n\n\n\n<li>Quando houver compatibilidade com um paciente, o Redome entra em contato com o doador, e todo o procedimento \u00e9 custeado pelo Redome\/INCA\/Minist\u00e9rio da Sa\u00fade.<\/li>\n<\/ul>\n\n\n\n<p>Em Mato Grosso do Sul, o cadastro pode ser feito nas unidades da rede Hemosul em Campo Grande e no interior do Estado.<\/p>\n\n\n\n<figure class=\"wp-block-image size-full\"><img loading=\"lazy\" decoding=\"async\" width=\"604\" height=\"1024\" src=\"https:\/\/10nl.com.br\/wp-content\/uploads\/2026\/03\/Renata-doadora-de-medula4-604x1024-1.jpeg\" alt=\"\" class=\"wp-image-523\" srcset=\"https:\/\/progresso.com.br\/wp-content\/uploads\/2026\/03\/Renata-doadora-de-medula4-604x1024-1.jpeg 604w, https:\/\/progresso.com.br\/wp-content\/uploads\/2026\/03\/Renata-doadora-de-medula4-604x1024-1-177x300.jpeg 177w, https:\/\/progresso.com.br\/wp-content\/uploads\/2026\/03\/Renata-doadora-de-medula4-604x1024-1-248x420.jpeg 248w\" sizes=\"auto, (max-width: 604px) 100vw, 604px\" \/><\/figure>\n\n\n\n<p>Segundo a chefe do Setor de Capta\u00e7\u00e3o do Hemosul, Luc\u00e9ia Fernandes, o dado mais recente informado pelo Redome indica que, somente em 2024, sete pessoas de Mato Grosso do Sul efetivaram a doa\u00e7\u00e3o de medula \u00f3ssea. \u201cAo longo dos anos, podemos afirmar que mais de 100 doadores do nosso Estado j\u00e1 foram compat\u00edveis com pacientes e realizaram a doa\u00e7\u00e3o, tanto para pessoas no Brasil quanto no exterior\u201d, destaca.<\/p>\n\n\n\n<p>\u201cAtualmente, o Estado soma 197.502 cadastros de doadores volunt\u00e1rios de medula \u00f3ssea registrados entre 2001 e 2025. Cada novo cadastro representa uma possibilidade concreta de compatibilidade para quem aguarda um transplante. Por isso, \u00e9 fundamental manter telefone e endere\u00e7o sempre atualizados\u201d, refor\u00e7a.<\/p>\n\n\n\n<figure class=\"wp-block-image\"><img decoding=\"async\" src=\"https:\/\/agenciadenoticias.ms.gov.br\/wp-content\/uploads\/2026\/03\/Renata-doadora-de-medula2-768x1024.jpeg\" alt=\"\" class=\"wp-image-535200\"\/><\/figure>\n\n\n\n<p><\/p>\n","protected":false},"excerpt":{"rendered":"<p>Um cadastro feito na adolesc\u00eancia se transformou, anos depois, na chance real de salvar uma vida. Aos 31 anos, Renata Rodrigues foi chamada para doar medula \u00f3ssea a um paciente compat\u00edvel Comunica\u00e7\u00e3o SES A convoca\u00e7\u00e3o foi feita pelo Redome (Registro Nacional de Doadores Volunt\u00e1rios de Medula \u00d3ssea). O transplante, destinado a um paciente brasileiro, foi [&hellip;]<\/p>\n","protected":false},"author":2,"featured_media":524,"comment_status":"open","ping_status":"open","sticky":false,"template":"","format":"standard","meta":{"footnotes":""},"categories":[2,12],"tags":[],"class_list":["post-522","post","type-post","status-publish","format-standard","has-post-thumbnail","hentry","category-destaque","category-sociedade"],"yoast_head":"<!-- This site is optimized with the Yoast SEO plugin v27.1.1 - https:\/\/yoast.com\/product\/yoast-seo-wordpress\/ -->\n<title>De Ribas para salvar uma vida: ap\u00f3s anos no Redome, Renata doa medula para paciente compat\u00edvel - O PROGRESSO<\/title>\n<meta name=\"robots\" content=\"index, follow, max-snippet:-1, max-image-preview:large, max-video-preview:-1\" \/>\n<link rel=\"canonical\" href=\"https:\/\/progresso.com.br\/index.php\/2026\/03\/09\/de-ribas-para-salvar-uma-vida-apos-anos-no-redome-renata-doa-medula-para-paciente-compativel\/\" \/>\n<meta property=\"og:locale\" content=\"pt_BR\" \/>\n<meta property=\"og:type\" content=\"article\" \/>\n<meta property=\"og:title\" content=\"De Ribas para salvar uma vida: ap\u00f3s anos no Redome, Renata doa medula para paciente compat\u00edvel - O PROGRESSO\" \/>\n<meta property=\"og:description\" content=\"Um cadastro feito na adolesc\u00eancia se transformou, anos depois, na chance real de salvar uma vida. Aos 31 anos, Renata Rodrigues foi chamada para doar medula \u00f3ssea a um paciente compat\u00edvel Comunica\u00e7\u00e3o SES A convoca\u00e7\u00e3o foi feita pelo Redome (Registro Nacional de Doadores Volunt\u00e1rios de Medula \u00d3ssea). O transplante, destinado a um paciente brasileiro, foi [&hellip;]\" \/>\n<meta property=\"og:url\" content=\"https:\/\/progresso.com.br\/index.php\/2026\/03\/09\/de-ribas-para-salvar-uma-vida-apos-anos-no-redome-renata-doa-medula-para-paciente-compativel\/\" \/>\n<meta property=\"og:site_name\" content=\"O PROGRESSO\" \/>\n<meta property=\"article:publisher\" content=\"https:\/\/www.facebook.com\/share\/1CeoksKBj6\/\" \/>\n<meta property=\"article:published_time\" content=\"2026-03-09T12:25:28+00:00\" \/>\n<meta property=\"og:image\" content=\"https:\/\/progresso.com.br\/wp-content\/uploads\/2026\/03\/Renata-doadora-de-medula1-730x480-1.jpeg\" \/>\n\t<meta property=\"og:image:width\" content=\"730\" \/>\n\t<meta property=\"og:image:height\" content=\"480\" \/>\n\t<meta property=\"og:image:type\" content=\"image\/jpeg\" \/>\n<meta name=\"author\" content=\"Rose\" \/>\n<meta name=\"twitter:card\" content=\"summary_large_image\" \/>\n<meta name=\"twitter:label1\" content=\"Escrito por\" \/>\n\t<meta name=\"twitter:data1\" content=\"Rose\" \/>\n\t<meta name=\"twitter:label2\" content=\"Est. tempo de leitura\" \/>\n\t<meta name=\"twitter:data2\" content=\"5 minutos\" \/>\n<script type=\"application\/ld+json\" class=\"yoast-schema-graph\">{\"@context\":\"https:\/\/schema.org\",\"@graph\":[{\"@type\":\"Article\",\"@id\":\"https:\/\/progresso.com.br\/index.php\/2026\/03\/09\/de-ribas-para-salvar-uma-vida-apos-anos-no-redome-renata-doa-medula-para-paciente-compativel\/#article\",\"isPartOf\":{\"@id\":\"https:\/\/progresso.com.br\/index.php\/2026\/03\/09\/de-ribas-para-salvar-uma-vida-apos-anos-no-redome-renata-doa-medula-para-paciente-compativel\/\"},\"author\":{\"name\":\"Rose\",\"@id\":\"https:\/\/progresso.com.br\/#\/schema\/person\/5dd27138d4463fbbaace62120bfc002b\"},\"headline\":\"De Ribas para salvar uma vida: ap\u00f3s anos no Redome, Renata doa medula para paciente compat\u00edvel\",\"datePublished\":\"2026-03-09T12:25:28+00:00\",\"mainEntityOfPage\":{\"@id\":\"https:\/\/progresso.com.br\/index.php\/2026\/03\/09\/de-ribas-para-salvar-uma-vida-apos-anos-no-redome-renata-doa-medula-para-paciente-compativel\/\"},\"wordCount\":925,\"commentCount\":0,\"publisher\":{\"@id\":\"https:\/\/progresso.com.br\/#organization\"},\"image\":{\"@id\":\"https:\/\/progresso.com.br\/index.php\/2026\/03\/09\/de-ribas-para-salvar-uma-vida-apos-anos-no-redome-renata-doa-medula-para-paciente-compativel\/#primaryimage\"},\"thumbnailUrl\":\"https:\/\/progresso.com.br\/wp-content\/uploads\/2026\/03\/Renata-doadora-de-medula1-730x480-1.jpeg\",\"articleSection\":[\"Em destaque\",\"Sociedade\"],\"inLanguage\":\"pt-BR\",\"potentialAction\":[{\"@type\":\"CommentAction\",\"name\":\"Comment\",\"target\":[\"https:\/\/progresso.com.br\/index.php\/2026\/03\/09\/de-ribas-para-salvar-uma-vida-apos-anos-no-redome-renata-doa-medula-para-paciente-compativel\/#respond\"]}]},{\"@type\":\"WebPage\",\"@id\":\"https:\/\/progresso.com.br\/index.php\/2026\/03\/09\/de-ribas-para-salvar-uma-vida-apos-anos-no-redome-renata-doa-medula-para-paciente-compativel\/\",\"url\":\"https:\/\/progresso.com.br\/index.php\/2026\/03\/09\/de-ribas-para-salvar-uma-vida-apos-anos-no-redome-renata-doa-medula-para-paciente-compativel\/\",\"name\":\"De Ribas para salvar uma vida: ap\u00f3s anos no Redome, Renata doa medula para paciente compat\u00edvel - O PROGRESSO\",\"isPartOf\":{\"@id\":\"https:\/\/progresso.com.br\/#website\"},\"primaryImageOfPage\":{\"@id\":\"https:\/\/progresso.com.br\/index.php\/2026\/03\/09\/de-ribas-para-salvar-uma-vida-apos-anos-no-redome-renata-doa-medula-para-paciente-compativel\/#primaryimage\"},\"image\":{\"@id\":\"https:\/\/progresso.com.br\/index.php\/2026\/03\/09\/de-ribas-para-salvar-uma-vida-apos-anos-no-redome-renata-doa-medula-para-paciente-compativel\/#primaryimage\"},\"thumbnailUrl\":\"https:\/\/progresso.com.br\/wp-content\/uploads\/2026\/03\/Renata-doadora-de-medula1-730x480-1.jpeg\",\"datePublished\":\"2026-03-09T12:25:28+00:00\",\"breadcrumb\":{\"@id\":\"https:\/\/progresso.com.br\/index.php\/2026\/03\/09\/de-ribas-para-salvar-uma-vida-apos-anos-no-redome-renata-doa-medula-para-paciente-compativel\/#breadcrumb\"},\"inLanguage\":\"pt-BR\",\"potentialAction\":[{\"@type\":\"ReadAction\",\"target\":[\"https:\/\/progresso.com.br\/index.php\/2026\/03\/09\/de-ribas-para-salvar-uma-vida-apos-anos-no-redome-renata-doa-medula-para-paciente-compativel\/\"]}]},{\"@type\":\"ImageObject\",\"inLanguage\":\"pt-BR\",\"@id\":\"https:\/\/progresso.com.br\/index.php\/2026\/03\/09\/de-ribas-para-salvar-uma-vida-apos-anos-no-redome-renata-doa-medula-para-paciente-compativel\/#primaryimage\",\"url\":\"https:\/\/progresso.com.br\/wp-content\/uploads\/2026\/03\/Renata-doadora-de-medula1-730x480-1.jpeg\",\"contentUrl\":\"https:\/\/progresso.com.br\/wp-content\/uploads\/2026\/03\/Renata-doadora-de-medula1-730x480-1.jpeg\",\"width\":730,\"height\":480,\"caption\":\"(Fotos: Divulga\u00e7\u00e3o SES)\"},{\"@type\":\"BreadcrumbList\",\"@id\":\"https:\/\/progresso.com.br\/index.php\/2026\/03\/09\/de-ribas-para-salvar-uma-vida-apos-anos-no-redome-renata-doa-medula-para-paciente-compativel\/#breadcrumb\",\"itemListElement\":[{\"@type\":\"ListItem\",\"position\":1,\"name\":\"In\u00edcio\",\"item\":\"https:\/\/progresso.com.br\/\"},{\"@type\":\"ListItem\",\"position\":2,\"name\":\"De Ribas para salvar uma vida: ap\u00f3s anos no Redome, Renata doa medula para paciente compat\u00edvel\"}]},{\"@type\":\"WebSite\",\"@id\":\"https:\/\/progresso.com.br\/#website\",\"url\":\"https:\/\/progresso.com.br\/\",\"name\":\"O PROGRESSO\",\"description\":\"\",\"publisher\":{\"@id\":\"https:\/\/progresso.com.br\/#organization\"},\"potentialAction\":[{\"@type\":\"SearchAction\",\"target\":{\"@type\":\"EntryPoint\",\"urlTemplate\":\"https:\/\/progresso.com.br\/?s={search_term_string}\"},\"query-input\":{\"@type\":\"PropertyValueSpecification\",\"valueRequired\":true,\"valueName\":\"search_term_string\"}}],\"inLanguage\":\"pt-BR\"},{\"@type\":\"Organization\",\"@id\":\"https:\/\/progresso.com.br\/#organization\",\"name\":\"O PROGRESSO\",\"url\":\"https:\/\/progresso.com.br\/\",\"logo\":{\"@type\":\"ImageObject\",\"inLanguage\":\"pt-BR\",\"@id\":\"https:\/\/progresso.com.br\/#\/schema\/logo\/image\/\",\"url\":\"https:\/\/progresso.com.br\/wp-content\/uploads\/2026\/03\/logo_proog.jpg\",\"contentUrl\":\"https:\/\/progresso.com.br\/wp-content\/uploads\/2026\/03\/logo_proog.jpg\",\"width\":1960,\"height\":1080,\"caption\":\"O PROGRESSO\"},\"image\":{\"@id\":\"https:\/\/progresso.com.br\/#\/schema\/logo\/image\/\"},\"sameAs\":[\"https:\/\/www.facebook.com\/share\/1CeoksKBj6\/\",\"https:\/\/www.instagram.com\/oprogresso_digital\"]},{\"@type\":\"Person\",\"@id\":\"https:\/\/progresso.com.br\/#\/schema\/person\/5dd27138d4463fbbaace62120bfc002b\",\"name\":\"Rose\",\"image\":{\"@type\":\"ImageObject\",\"inLanguage\":\"pt-BR\",\"@id\":\"https:\/\/progresso.com.br\/#\/schema\/person\/image\/\",\"url\":\"https:\/\/secure.gravatar.com\/avatar\/1b6890e759cdd3a88d9f751cb423720b9861c5239167cd3586355638b6556599?s=96&d=mm&r=g\",\"contentUrl\":\"https:\/\/secure.gravatar.com\/avatar\/1b6890e759cdd3a88d9f751cb423720b9861c5239167cd3586355638b6556599?s=96&d=mm&r=g\",\"caption\":\"Rose\"},\"url\":\"https:\/\/progresso.com.br\/index.php\/author\/rose\/\"}]}<\/script>\n<!-- \/ Yoast SEO plugin. -->","yoast_head_json":{"title":"De Ribas para salvar uma vida: ap\u00f3s anos no Redome, Renata doa medula para paciente compat\u00edvel - O PROGRESSO","robots":{"index":"index","follow":"follow","max-snippet":"max-snippet:-1","max-image-preview":"max-image-preview:large","max-video-preview":"max-video-preview:-1"},"canonical":"https:\/\/progresso.com.br\/index.php\/2026\/03\/09\/de-ribas-para-salvar-uma-vida-apos-anos-no-redome-renata-doa-medula-para-paciente-compativel\/","og_locale":"pt_BR","og_type":"article","og_title":"De Ribas para salvar uma vida: ap\u00f3s anos no Redome, Renata doa medula para paciente compat\u00edvel - O PROGRESSO","og_description":"Um cadastro feito na adolesc\u00eancia se transformou, anos depois, na chance real de salvar uma vida. Aos 31 anos, Renata Rodrigues foi chamada para doar medula \u00f3ssea a um paciente compat\u00edvel Comunica\u00e7\u00e3o SES A convoca\u00e7\u00e3o foi feita pelo Redome (Registro Nacional de Doadores Volunt\u00e1rios de Medula \u00d3ssea). O transplante, destinado a um paciente brasileiro, foi [&hellip;]","og_url":"https:\/\/progresso.com.br\/index.php\/2026\/03\/09\/de-ribas-para-salvar-uma-vida-apos-anos-no-redome-renata-doa-medula-para-paciente-compativel\/","og_site_name":"O PROGRESSO","article_publisher":"https:\/\/www.facebook.com\/share\/1CeoksKBj6\/","article_published_time":"2026-03-09T12:25:28+00:00","og_image":[{"width":730,"height":480,"url":"https:\/\/progresso.com.br\/wp-content\/uploads\/2026\/03\/Renata-doadora-de-medula1-730x480-1.jpeg","type":"image\/jpeg"}],"author":"Rose","twitter_card":"summary_large_image","twitter_misc":{"Escrito por":"Rose","Est. tempo de leitura":"5 minutos"},"schema":{"@context":"https:\/\/schema.org","@graph":[{"@type":"Article","@id":"https:\/\/progresso.com.br\/index.php\/2026\/03\/09\/de-ribas-para-salvar-uma-vida-apos-anos-no-redome-renata-doa-medula-para-paciente-compativel\/#article","isPartOf":{"@id":"https:\/\/progresso.com.br\/index.php\/2026\/03\/09\/de-ribas-para-salvar-uma-vida-apos-anos-no-redome-renata-doa-medula-para-paciente-compativel\/"},"author":{"name":"Rose","@id":"https:\/\/progresso.com.br\/#\/schema\/person\/5dd27138d4463fbbaace62120bfc002b"},"headline":"De Ribas para salvar uma vida: ap\u00f3s anos no Redome, Renata doa medula para paciente compat\u00edvel","datePublished":"2026-03-09T12:25:28+00:00","mainEntityOfPage":{"@id":"https:\/\/progresso.com.br\/index.php\/2026\/03\/09\/de-ribas-para-salvar-uma-vida-apos-anos-no-redome-renata-doa-medula-para-paciente-compativel\/"},"wordCount":925,"commentCount":0,"publisher":{"@id":"https:\/\/progresso.com.br\/#organization"},"image":{"@id":"https:\/\/progresso.com.br\/index.php\/2026\/03\/09\/de-ribas-para-salvar-uma-vida-apos-anos-no-redome-renata-doa-medula-para-paciente-compativel\/#primaryimage"},"thumbnailUrl":"https:\/\/progresso.com.br\/wp-content\/uploads\/2026\/03\/Renata-doadora-de-medula1-730x480-1.jpeg","articleSection":["Em destaque","Sociedade"],"inLanguage":"pt-BR","potentialAction":[{"@type":"CommentAction","name":"Comment","target":["https:\/\/progresso.com.br\/index.php\/2026\/03\/09\/de-ribas-para-salvar-uma-vida-apos-anos-no-redome-renata-doa-medula-para-paciente-compativel\/#respond"]}]},{"@type":"WebPage","@id":"https:\/\/progresso.com.br\/index.php\/2026\/03\/09\/de-ribas-para-salvar-uma-vida-apos-anos-no-redome-renata-doa-medula-para-paciente-compativel\/","url":"https:\/\/progresso.com.br\/index.php\/2026\/03\/09\/de-ribas-para-salvar-uma-vida-apos-anos-no-redome-renata-doa-medula-para-paciente-compativel\/","name":"De Ribas para salvar uma vida: ap\u00f3s anos no Redome, Renata doa medula para paciente compat\u00edvel - O PROGRESSO","isPartOf":{"@id":"https:\/\/progresso.com.br\/#website"},"primaryImageOfPage":{"@id":"https:\/\/progresso.com.br\/index.php\/2026\/03\/09\/de-ribas-para-salvar-uma-vida-apos-anos-no-redome-renata-doa-medula-para-paciente-compativel\/#primaryimage"},"image":{"@id":"https:\/\/progresso.com.br\/index.php\/2026\/03\/09\/de-ribas-para-salvar-uma-vida-apos-anos-no-redome-renata-doa-medula-para-paciente-compativel\/#primaryimage"},"thumbnailUrl":"https:\/\/progresso.com.br\/wp-content\/uploads\/2026\/03\/Renata-doadora-de-medula1-730x480-1.jpeg","datePublished":"2026-03-09T12:25:28+00:00","breadcrumb":{"@id":"https:\/\/progresso.com.br\/index.php\/2026\/03\/09\/de-ribas-para-salvar-uma-vida-apos-anos-no-redome-renata-doa-medula-para-paciente-compativel\/#breadcrumb"},"inLanguage":"pt-BR","potentialAction":[{"@type":"ReadAction","target":["https:\/\/progresso.com.br\/index.php\/2026\/03\/09\/de-ribas-para-salvar-uma-vida-apos-anos-no-redome-renata-doa-medula-para-paciente-compativel\/"]}]},{"@type":"ImageObject","inLanguage":"pt-BR","@id":"https:\/\/progresso.com.br\/index.php\/2026\/03\/09\/de-ribas-para-salvar-uma-vida-apos-anos-no-redome-renata-doa-medula-para-paciente-compativel\/#primaryimage","url":"https:\/\/progresso.com.br\/wp-content\/uploads\/2026\/03\/Renata-doadora-de-medula1-730x480-1.jpeg","contentUrl":"https:\/\/progresso.com.br\/wp-content\/uploads\/2026\/03\/Renata-doadora-de-medula1-730x480-1.jpeg","width":730,"height":480,"caption":"(Fotos: Divulga\u00e7\u00e3o SES)"},{"@type":"BreadcrumbList","@id":"https:\/\/progresso.com.br\/index.php\/2026\/03\/09\/de-ribas-para-salvar-uma-vida-apos-anos-no-redome-renata-doa-medula-para-paciente-compativel\/#breadcrumb","itemListElement":[{"@type":"ListItem","position":1,"name":"In\u00edcio","item":"https:\/\/progresso.com.br\/"},{"@type":"ListItem","position":2,"name":"De Ribas para salvar uma vida: ap\u00f3s anos no Redome, Renata doa medula para paciente compat\u00edvel"}]},{"@type":"WebSite","@id":"https:\/\/progresso.com.br\/#website","url":"https:\/\/progresso.com.br\/","name":"O PROGRESSO","description":"","publisher":{"@id":"https:\/\/progresso.com.br\/#organization"},"potentialAction":[{"@type":"SearchAction","target":{"@type":"EntryPoint","urlTemplate":"https:\/\/progresso.com.br\/?s={search_term_string}"},"query-input":{"@type":"PropertyValueSpecification","valueRequired":true,"valueName":"search_term_string"}}],"inLanguage":"pt-BR"},{"@type":"Organization","@id":"https:\/\/progresso.com.br\/#organization","name":"O PROGRESSO","url":"https:\/\/progresso.com.br\/","logo":{"@type":"ImageObject","inLanguage":"pt-BR","@id":"https:\/\/progresso.com.br\/#\/schema\/logo\/image\/","url":"https:\/\/progresso.com.br\/wp-content\/uploads\/2026\/03\/logo_proog.jpg","contentUrl":"https:\/\/progresso.com.br\/wp-content\/uploads\/2026\/03\/logo_proog.jpg","width":1960,"height":1080,"caption":"O PROGRESSO"},"image":{"@id":"https:\/\/progresso.com.br\/#\/schema\/logo\/image\/"},"sameAs":["https:\/\/www.facebook.com\/share\/1CeoksKBj6\/","https:\/\/www.instagram.com\/oprogresso_digital"]},{"@type":"Person","@id":"https:\/\/progresso.com.br\/#\/schema\/person\/5dd27138d4463fbbaace62120bfc002b","name":"Rose","image":{"@type":"ImageObject","inLanguage":"pt-BR","@id":"https:\/\/progresso.com.br\/#\/schema\/person\/image\/","url":"https:\/\/secure.gravatar.com\/avatar\/1b6890e759cdd3a88d9f751cb423720b9861c5239167cd3586355638b6556599?s=96&d=mm&r=g","contentUrl":"https:\/\/secure.gravatar.com\/avatar\/1b6890e759cdd3a88d9f751cb423720b9861c5239167cd3586355638b6556599?s=96&d=mm&r=g","caption":"Rose"},"url":"https:\/\/progresso.com.br\/index.php\/author\/rose\/"}]}},"_links":{"self":[{"href":"https:\/\/progresso.com.br\/index.php\/wp-json\/wp\/v2\/posts\/522","targetHints":{"allow":["GET"]}}],"collection":[{"href":"https:\/\/progresso.com.br\/index.php\/wp-json\/wp\/v2\/posts"}],"about":[{"href":"https:\/\/progresso.com.br\/index.php\/wp-json\/wp\/v2\/types\/post"}],"author":[{"embeddable":true,"href":"https:\/\/progresso.com.br\/index.php\/wp-json\/wp\/v2\/users\/2"}],"replies":[{"embeddable":true,"href":"https:\/\/progresso.com.br\/index.php\/wp-json\/wp\/v2\/comments?post=522"}],"version-history":[{"count":1,"href":"https:\/\/progresso.com.br\/index.php\/wp-json\/wp\/v2\/posts\/522\/revisions"}],"predecessor-version":[{"id":525,"href":"https:\/\/progresso.com.br\/index.php\/wp-json\/wp\/v2\/posts\/522\/revisions\/525"}],"wp:featuredmedia":[{"embeddable":true,"href":"https:\/\/progresso.com.br\/index.php\/wp-json\/wp\/v2\/media\/524"}],"wp:attachment":[{"href":"https:\/\/progresso.com.br\/index.php\/wp-json\/wp\/v2\/media?parent=522"}],"wp:term":[{"taxonomy":"category","embeddable":true,"href":"https:\/\/progresso.com.br\/index.php\/wp-json\/wp\/v2\/categories?post=522"},{"taxonomy":"post_tag","embeddable":true,"href":"https:\/\/progresso.com.br\/index.php\/wp-json\/wp\/v2\/tags?post=522"}],"curies":[{"name":"wp","href":"https:\/\/api.w.org\/{rel}","templated":true}]}}