{"id":5234,"date":"2026-04-30T15:45:00","date_gmt":"2026-04-30T19:45:00","guid":{"rendered":"https:\/\/progresso.com.br\/?p=5234"},"modified":"2026-04-30T15:52:52","modified_gmt":"2026-04-30T19:52:52","slug":"ms-autoriza-promocoes-e-amplia-vagas-na-seguranca","status":"publish","type":"post","link":"https:\/\/progresso.com.br\/index.php\/2026\/04\/30\/ms-autoriza-promocoes-e-amplia-vagas-na-seguranca\/","title":{"rendered":"MS autoriza promo\u00e7\u00f5es e amplia vagas na seguran\u00e7a"},"content":{"rendered":"\n<p><em>Comunica\u00e7\u00e3o do Governo de MS<\/em><\/p>\n\n\n\n<p>O governador Eduardo Riedel se reuniu com comandantes da Pol\u00edcia Militar e do Corpo de Bombeiros e autorizou a retomada das promo\u00e7\u00f5es, al\u00e9m da amplia\u00e7\u00e3o de vagas em cursos e concursos das corpora\u00e7\u00f5es.<\/p>\n\n\n\n<figure class=\"wp-block-image size-large\"><img loading=\"lazy\" decoding=\"async\" width=\"1024\" height=\"683\" src=\"https:\/\/progresso.com.br\/wp-content\/uploads\/2026\/04\/Reuniao-do-Governador-com-a-PM-e-BM-Foto-Alvaro-Rezende-13-scaled-1-1024x683.jpg\" alt=\"\" class=\"wp-image-5235\" srcset=\"https:\/\/progresso.com.br\/wp-content\/uploads\/2026\/04\/Reuniao-do-Governador-com-a-PM-e-BM-Foto-Alvaro-Rezende-13-scaled-1-1024x683.jpg 1024w, https:\/\/progresso.com.br\/wp-content\/uploads\/2026\/04\/Reuniao-do-Governador-com-a-PM-e-BM-Foto-Alvaro-Rezende-13-scaled-1-300x200.jpg 300w, https:\/\/progresso.com.br\/wp-content\/uploads\/2026\/04\/Reuniao-do-Governador-com-a-PM-e-BM-Foto-Alvaro-Rezende-13-scaled-1-768x512.jpg 768w, https:\/\/progresso.com.br\/wp-content\/uploads\/2026\/04\/Reuniao-do-Governador-com-a-PM-e-BM-Foto-Alvaro-Rezende-13-scaled-1-1536x1024.jpg 1536w, https:\/\/progresso.com.br\/wp-content\/uploads\/2026\/04\/Reuniao-do-Governador-com-a-PM-e-BM-Foto-Alvaro-Rezende-13-scaled-1-630x420.jpg 630w, https:\/\/progresso.com.br\/wp-content\/uploads\/2026\/04\/Reuniao-do-Governador-com-a-PM-e-BM-Foto-Alvaro-Rezende-13-scaled-1-640x427.jpg 640w, https:\/\/progresso.com.br\/wp-content\/uploads\/2026\/04\/Reuniao-do-Governador-com-a-PM-e-BM-Foto-Alvaro-Rezende-13-scaled-1-681x454.jpg 681w, https:\/\/progresso.com.br\/wp-content\/uploads\/2026\/04\/Reuniao-do-Governador-com-a-PM-e-BM-Foto-Alvaro-Rezende-13-scaled-1.jpg 1920w\" sizes=\"auto, (max-width: 1024px) 100vw, 1024px\" \/><\/figure>\n\n\n\n<p>A medida inclui um calend\u00e1rio com cinco promo\u00e7\u00f5es em 2026, regularizando pend\u00eancias anteriores, e a expans\u00e3o de cursos de forma\u00e7\u00e3o, habilita\u00e7\u00e3o de oficiais e forma\u00e7\u00e3o de sargentos e cabos.<\/p>\n\n\n\n<p>Segundo o governo, as a\u00e7\u00f5es visam valorizar os profissionais, manter a tropa motivada e fortalecer a seguran\u00e7a p\u00fablica no Estado. Comandantes das duas institui\u00e7\u00f5es classificaram a decis\u00e3o como positiva e destacaram avan\u00e7os nas demandas das corpora\u00e7\u00f5es.<\/p>\n","protected":false},"excerpt":{"rendered":"<p>Comunica\u00e7\u00e3o do Governo de MS O governador Eduardo Riedel se reuniu com comandantes da Pol\u00edcia Militar e do Corpo de Bombeiros e autorizou a retomada das promo\u00e7\u00f5es, al\u00e9m da amplia\u00e7\u00e3o de vagas em cursos e concursos das corpora\u00e7\u00f5es. A medida inclui um calend\u00e1rio com cinco promo\u00e7\u00f5es em 2026, regularizando pend\u00eancias anteriores, e a expans\u00e3o de [&hellip;]<\/p>\n","protected":false},"author":2,"featured_media":5236,"comment_status":"open","ping_status":"open","sticky":false,"template":"","format":"standard","meta":{"footnotes":""},"categories":[9],"tags":[],"class_list":["post-5234","post","type-post","status-publish","format-standard","has-post-thumbnail","hentry","category-politica"],"yoast_head":"<!-- This site is optimized with the Yoast SEO plugin v27.1.1 - https:\/\/yoast.com\/product\/yoast-seo-wordpress\/ -->\n<title>MS autoriza promo\u00e7\u00f5es e amplia vagas na seguran\u00e7a - O PROGRESSO<\/title>\n<meta name=\"robots\" content=\"index, follow, max-snippet:-1, max-image-preview:large, max-video-preview:-1\" \/>\n<link rel=\"canonical\" href=\"https:\/\/progresso.com.br\/index.php\/2026\/04\/30\/ms-autoriza-promocoes-e-amplia-vagas-na-seguranca\/\" \/>\n<meta property=\"og:locale\" content=\"pt_BR\" \/>\n<meta property=\"og:type\" content=\"article\" \/>\n<meta property=\"og:title\" content=\"MS autoriza promo\u00e7\u00f5es e amplia vagas na seguran\u00e7a - O PROGRESSO\" \/>\n<meta property=\"og:description\" content=\"Comunica\u00e7\u00e3o do Governo de MS O governador Eduardo Riedel se reuniu com comandantes da Pol\u00edcia Militar e do Corpo de Bombeiros e autorizou a retomada das promo\u00e7\u00f5es, al\u00e9m da amplia\u00e7\u00e3o de vagas em cursos e concursos das corpora\u00e7\u00f5es. A medida inclui um calend\u00e1rio com cinco promo\u00e7\u00f5es em 2026, regularizando pend\u00eancias anteriores, e a expans\u00e3o de [&hellip;]\" \/>\n<meta property=\"og:url\" content=\"https:\/\/progresso.com.br\/index.php\/2026\/04\/30\/ms-autoriza-promocoes-e-amplia-vagas-na-seguranca\/\" \/>\n<meta property=\"og:site_name\" content=\"O PROGRESSO\" \/>\n<meta property=\"article:publisher\" content=\"https:\/\/www.facebook.com\/share\/1CeoksKBj6\/\" \/>\n<meta property=\"article:published_time\" content=\"2026-04-30T19:45:00+00:00\" \/>\n<meta property=\"article:modified_time\" content=\"2026-04-30T19:52:52+00:00\" \/>\n<meta property=\"og:image\" content=\"https:\/\/progresso.com.br\/wp-content\/uploads\/2026\/04\/Reuniao-do-Governador-com-a-PM-e-BM-Foto-Alvaro-Rezende-12-730x480-1.jpg\" \/>\n\t<meta property=\"og:image:width\" content=\"730\" \/>\n\t<meta property=\"og:image:height\" content=\"480\" \/>\n\t<meta property=\"og:image:type\" content=\"image\/jpeg\" \/>\n<meta name=\"author\" content=\"Rose\" \/>\n<meta name=\"twitter:card\" content=\"summary_large_image\" \/>\n<meta name=\"twitter:label1\" content=\"Escrito por\" \/>\n\t<meta name=\"twitter:data1\" content=\"Rose\" \/>\n\t<meta name=\"twitter:label2\" content=\"Est. tempo de leitura\" \/>\n\t<meta name=\"twitter:data2\" content=\"1 minuto\" \/>\n<script type=\"application\/ld+json\" class=\"yoast-schema-graph\">{\"@context\":\"https:\/\/schema.org\",\"@graph\":[{\"@type\":\"Article\",\"@id\":\"https:\/\/progresso.com.br\/index.php\/2026\/04\/30\/ms-autoriza-promocoes-e-amplia-vagas-na-seguranca\/#article\",\"isPartOf\":{\"@id\":\"https:\/\/progresso.com.br\/index.php\/2026\/04\/30\/ms-autoriza-promocoes-e-amplia-vagas-na-seguranca\/\"},\"author\":{\"name\":\"Rose\",\"@id\":\"https:\/\/progresso.com.br\/#\/schema\/person\/5dd27138d4463fbbaace62120bfc002b\"},\"headline\":\"MS autoriza promo\u00e7\u00f5es e amplia vagas na seguran\u00e7a\",\"datePublished\":\"2026-04-30T19:45:00+00:00\",\"dateModified\":\"2026-04-30T19:52:52+00:00\",\"mainEntityOfPage\":{\"@id\":\"https:\/\/progresso.com.br\/index.php\/2026\/04\/30\/ms-autoriza-promocoes-e-amplia-vagas-na-seguranca\/\"},\"wordCount\":132,\"commentCount\":0,\"publisher\":{\"@id\":\"https:\/\/progresso.com.br\/#organization\"},\"image\":{\"@id\":\"https:\/\/progresso.com.br\/index.php\/2026\/04\/30\/ms-autoriza-promocoes-e-amplia-vagas-na-seguranca\/#primaryimage\"},\"thumbnailUrl\":\"https:\/\/progresso.com.br\/wp-content\/uploads\/2026\/04\/Reuniao-do-Governador-com-a-PM-e-BM-Foto-Alvaro-Rezende-12-730x480-1.jpg\",\"articleSection\":[\"Pol\u00edtica\"],\"inLanguage\":\"pt-BR\",\"potentialAction\":[{\"@type\":\"CommentAction\",\"name\":\"Comment\",\"target\":[\"https:\/\/progresso.com.br\/index.php\/2026\/04\/30\/ms-autoriza-promocoes-e-amplia-vagas-na-seguranca\/#respond\"]}]},{\"@type\":\"WebPage\",\"@id\":\"https:\/\/progresso.com.br\/index.php\/2026\/04\/30\/ms-autoriza-promocoes-e-amplia-vagas-na-seguranca\/\",\"url\":\"https:\/\/progresso.com.br\/index.php\/2026\/04\/30\/ms-autoriza-promocoes-e-amplia-vagas-na-seguranca\/\",\"name\":\"MS autoriza promo\u00e7\u00f5es e amplia vagas na seguran\u00e7a - O PROGRESSO\",\"isPartOf\":{\"@id\":\"https:\/\/progresso.com.br\/#website\"},\"primaryImageOfPage\":{\"@id\":\"https:\/\/progresso.com.br\/index.php\/2026\/04\/30\/ms-autoriza-promocoes-e-amplia-vagas-na-seguranca\/#primaryimage\"},\"image\":{\"@id\":\"https:\/\/progresso.com.br\/index.php\/2026\/04\/30\/ms-autoriza-promocoes-e-amplia-vagas-na-seguranca\/#primaryimage\"},\"thumbnailUrl\":\"https:\/\/progresso.com.br\/wp-content\/uploads\/2026\/04\/Reuniao-do-Governador-com-a-PM-e-BM-Foto-Alvaro-Rezende-12-730x480-1.jpg\",\"datePublished\":\"2026-04-30T19:45:00+00:00\",\"dateModified\":\"2026-04-30T19:52:52+00:00\",\"breadcrumb\":{\"@id\":\"https:\/\/progresso.com.br\/index.php\/2026\/04\/30\/ms-autoriza-promocoes-e-amplia-vagas-na-seguranca\/#breadcrumb\"},\"inLanguage\":\"pt-BR\",\"potentialAction\":[{\"@type\":\"ReadAction\",\"target\":[\"https:\/\/progresso.com.br\/index.php\/2026\/04\/30\/ms-autoriza-promocoes-e-amplia-vagas-na-seguranca\/\"]}]},{\"@type\":\"ImageObject\",\"inLanguage\":\"pt-BR\",\"@id\":\"https:\/\/progresso.com.br\/index.php\/2026\/04\/30\/ms-autoriza-promocoes-e-amplia-vagas-na-seguranca\/#primaryimage\",\"url\":\"https:\/\/progresso.com.br\/wp-content\/uploads\/2026\/04\/Reuniao-do-Governador-com-a-PM-e-BM-Foto-Alvaro-Rezende-12-730x480-1.jpg\",\"contentUrl\":\"https:\/\/progresso.com.br\/wp-content\/uploads\/2026\/04\/Reuniao-do-Governador-com-a-PM-e-BM-Foto-Alvaro-Rezende-12-730x480-1.jpg\",\"width\":730,\"height\":480,\"caption\":\"(Foto: \u00c1lvaro Rezende)\"},{\"@type\":\"BreadcrumbList\",\"@id\":\"https:\/\/progresso.com.br\/index.php\/2026\/04\/30\/ms-autoriza-promocoes-e-amplia-vagas-na-seguranca\/#breadcrumb\",\"itemListElement\":[{\"@type\":\"ListItem\",\"position\":1,\"name\":\"In\u00edcio\",\"item\":\"https:\/\/progresso.com.br\/\"},{\"@type\":\"ListItem\",\"position\":2,\"name\":\"MS autoriza promo\u00e7\u00f5es e amplia vagas na seguran\u00e7a\"}]},{\"@type\":\"WebSite\",\"@id\":\"https:\/\/progresso.com.br\/#website\",\"url\":\"https:\/\/progresso.com.br\/\",\"name\":\"O PROGRESSO\",\"description\":\"\",\"publisher\":{\"@id\":\"https:\/\/progresso.com.br\/#organization\"},\"potentialAction\":[{\"@type\":\"SearchAction\",\"target\":{\"@type\":\"EntryPoint\",\"urlTemplate\":\"https:\/\/progresso.com.br\/?s={search_term_string}\"},\"query-input\":{\"@type\":\"PropertyValueSpecification\",\"valueRequired\":true,\"valueName\":\"search_term_string\"}}],\"inLanguage\":\"pt-BR\"},{\"@type\":\"Organization\",\"@id\":\"https:\/\/progresso.com.br\/#organization\",\"name\":\"O PROGRESSO\",\"url\":\"https:\/\/progresso.com.br\/\",\"logo\":{\"@type\":\"ImageObject\",\"inLanguage\":\"pt-BR\",\"@id\":\"https:\/\/progresso.com.br\/#\/schema\/logo\/image\/\",\"url\":\"https:\/\/progresso.com.br\/wp-content\/uploads\/2026\/03\/logo_proog.jpg\",\"contentUrl\":\"https:\/\/progresso.com.br\/wp-content\/uploads\/2026\/03\/logo_proog.jpg\",\"width\":1960,\"height\":1080,\"caption\":\"O PROGRESSO\"},\"image\":{\"@id\":\"https:\/\/progresso.com.br\/#\/schema\/logo\/image\/\"},\"sameAs\":[\"https:\/\/www.facebook.com\/share\/1CeoksKBj6\/\",\"https:\/\/www.instagram.com\/oprogresso_digital\"]},{\"@type\":\"Person\",\"@id\":\"https:\/\/progresso.com.br\/#\/schema\/person\/5dd27138d4463fbbaace62120bfc002b\",\"name\":\"Rose\",\"image\":{\"@type\":\"ImageObject\",\"inLanguage\":\"pt-BR\",\"@id\":\"https:\/\/progresso.com.br\/#\/schema\/person\/image\/\",\"url\":\"https:\/\/secure.gravatar.com\/avatar\/1b6890e759cdd3a88d9f751cb423720b9861c5239167cd3586355638b6556599?s=96&d=mm&r=g\",\"contentUrl\":\"https:\/\/secure.gravatar.com\/avatar\/1b6890e759cdd3a88d9f751cb423720b9861c5239167cd3586355638b6556599?s=96&d=mm&r=g\",\"caption\":\"Rose\"},\"url\":\"https:\/\/progresso.com.br\/index.php\/author\/rose\/\"}]}<\/script>\n<!-- \/ Yoast SEO plugin. -->","yoast_head_json":{"title":"MS autoriza promo\u00e7\u00f5es e amplia vagas na seguran\u00e7a - O PROGRESSO","robots":{"index":"index","follow":"follow","max-snippet":"max-snippet:-1","max-image-preview":"max-image-preview:large","max-video-preview":"max-video-preview:-1"},"canonical":"https:\/\/progresso.com.br\/index.php\/2026\/04\/30\/ms-autoriza-promocoes-e-amplia-vagas-na-seguranca\/","og_locale":"pt_BR","og_type":"article","og_title":"MS autoriza promo\u00e7\u00f5es e amplia vagas na seguran\u00e7a - O PROGRESSO","og_description":"Comunica\u00e7\u00e3o do Governo de MS O governador Eduardo Riedel se reuniu com comandantes da Pol\u00edcia Militar e do Corpo de Bombeiros e autorizou a retomada das promo\u00e7\u00f5es, al\u00e9m da amplia\u00e7\u00e3o de vagas em cursos e concursos das corpora\u00e7\u00f5es. A medida inclui um calend\u00e1rio com cinco promo\u00e7\u00f5es em 2026, regularizando pend\u00eancias anteriores, e a expans\u00e3o de [&hellip;]","og_url":"https:\/\/progresso.com.br\/index.php\/2026\/04\/30\/ms-autoriza-promocoes-e-amplia-vagas-na-seguranca\/","og_site_name":"O PROGRESSO","article_publisher":"https:\/\/www.facebook.com\/share\/1CeoksKBj6\/","article_published_time":"2026-04-30T19:45:00+00:00","article_modified_time":"2026-04-30T19:52:52+00:00","og_image":[{"width":730,"height":480,"url":"https:\/\/progresso.com.br\/wp-content\/uploads\/2026\/04\/Reuniao-do-Governador-com-a-PM-e-BM-Foto-Alvaro-Rezende-12-730x480-1.jpg","type":"image\/jpeg"}],"author":"Rose","twitter_card":"summary_large_image","twitter_misc":{"Escrito por":"Rose","Est. tempo de leitura":"1 minuto"},"schema":{"@context":"https:\/\/schema.org","@graph":[{"@type":"Article","@id":"https:\/\/progresso.com.br\/index.php\/2026\/04\/30\/ms-autoriza-promocoes-e-amplia-vagas-na-seguranca\/#article","isPartOf":{"@id":"https:\/\/progresso.com.br\/index.php\/2026\/04\/30\/ms-autoriza-promocoes-e-amplia-vagas-na-seguranca\/"},"author":{"name":"Rose","@id":"https:\/\/progresso.com.br\/#\/schema\/person\/5dd27138d4463fbbaace62120bfc002b"},"headline":"MS autoriza promo\u00e7\u00f5es e amplia vagas na seguran\u00e7a","datePublished":"2026-04-30T19:45:00+00:00","dateModified":"2026-04-30T19:52:52+00:00","mainEntityOfPage":{"@id":"https:\/\/progresso.com.br\/index.php\/2026\/04\/30\/ms-autoriza-promocoes-e-amplia-vagas-na-seguranca\/"},"wordCount":132,"commentCount":0,"publisher":{"@id":"https:\/\/progresso.com.br\/#organization"},"image":{"@id":"https:\/\/progresso.com.br\/index.php\/2026\/04\/30\/ms-autoriza-promocoes-e-amplia-vagas-na-seguranca\/#primaryimage"},"thumbnailUrl":"https:\/\/progresso.com.br\/wp-content\/uploads\/2026\/04\/Reuniao-do-Governador-com-a-PM-e-BM-Foto-Alvaro-Rezende-12-730x480-1.jpg","articleSection":["Pol\u00edtica"],"inLanguage":"pt-BR","potentialAction":[{"@type":"CommentAction","name":"Comment","target":["https:\/\/progresso.com.br\/index.php\/2026\/04\/30\/ms-autoriza-promocoes-e-amplia-vagas-na-seguranca\/#respond"]}]},{"@type":"WebPage","@id":"https:\/\/progresso.com.br\/index.php\/2026\/04\/30\/ms-autoriza-promocoes-e-amplia-vagas-na-seguranca\/","url":"https:\/\/progresso.com.br\/index.php\/2026\/04\/30\/ms-autoriza-promocoes-e-amplia-vagas-na-seguranca\/","name":"MS autoriza promo\u00e7\u00f5es e amplia vagas na seguran\u00e7a - O PROGRESSO","isPartOf":{"@id":"https:\/\/progresso.com.br\/#website"},"primaryImageOfPage":{"@id":"https:\/\/progresso.com.br\/index.php\/2026\/04\/30\/ms-autoriza-promocoes-e-amplia-vagas-na-seguranca\/#primaryimage"},"image":{"@id":"https:\/\/progresso.com.br\/index.php\/2026\/04\/30\/ms-autoriza-promocoes-e-amplia-vagas-na-seguranca\/#primaryimage"},"thumbnailUrl":"https:\/\/progresso.com.br\/wp-content\/uploads\/2026\/04\/Reuniao-do-Governador-com-a-PM-e-BM-Foto-Alvaro-Rezende-12-730x480-1.jpg","datePublished":"2026-04-30T19:45:00+00:00","dateModified":"2026-04-30T19:52:52+00:00","breadcrumb":{"@id":"https:\/\/progresso.com.br\/index.php\/2026\/04\/30\/ms-autoriza-promocoes-e-amplia-vagas-na-seguranca\/#breadcrumb"},"inLanguage":"pt-BR","potentialAction":[{"@type":"ReadAction","target":["https:\/\/progresso.com.br\/index.php\/2026\/04\/30\/ms-autoriza-promocoes-e-amplia-vagas-na-seguranca\/"]}]},{"@type":"ImageObject","inLanguage":"pt-BR","@id":"https:\/\/progresso.com.br\/index.php\/2026\/04\/30\/ms-autoriza-promocoes-e-amplia-vagas-na-seguranca\/#primaryimage","url":"https:\/\/progresso.com.br\/wp-content\/uploads\/2026\/04\/Reuniao-do-Governador-com-a-PM-e-BM-Foto-Alvaro-Rezende-12-730x480-1.jpg","contentUrl":"https:\/\/progresso.com.br\/wp-content\/uploads\/2026\/04\/Reuniao-do-Governador-com-a-PM-e-BM-Foto-Alvaro-Rezende-12-730x480-1.jpg","width":730,"height":480,"caption":"(Foto: \u00c1lvaro Rezende)"},{"@type":"BreadcrumbList","@id":"https:\/\/progresso.com.br\/index.php\/2026\/04\/30\/ms-autoriza-promocoes-e-amplia-vagas-na-seguranca\/#breadcrumb","itemListElement":[{"@type":"ListItem","position":1,"name":"In\u00edcio","item":"https:\/\/progresso.com.br\/"},{"@type":"ListItem","position":2,"name":"MS autoriza promo\u00e7\u00f5es e amplia vagas na seguran\u00e7a"}]},{"@type":"WebSite","@id":"https:\/\/progresso.com.br\/#website","url":"https:\/\/progresso.com.br\/","name":"O PROGRESSO","description":"","publisher":{"@id":"https:\/\/progresso.com.br\/#organization"},"potentialAction":[{"@type":"SearchAction","target":{"@type":"EntryPoint","urlTemplate":"https:\/\/progresso.com.br\/?s={search_term_string}"},"query-input":{"@type":"PropertyValueSpecification","valueRequired":true,"valueName":"search_term_string"}}],"inLanguage":"pt-BR"},{"@type":"Organization","@id":"https:\/\/progresso.com.br\/#organization","name":"O PROGRESSO","url":"https:\/\/progresso.com.br\/","logo":{"@type":"ImageObject","inLanguage":"pt-BR","@id":"https:\/\/progresso.com.br\/#\/schema\/logo\/image\/","url":"https:\/\/progresso.com.br\/wp-content\/uploads\/2026\/03\/logo_proog.jpg","contentUrl":"https:\/\/progresso.com.br\/wp-content\/uploads\/2026\/03\/logo_proog.jpg","width":1960,"height":1080,"caption":"O PROGRESSO"},"image":{"@id":"https:\/\/progresso.com.br\/#\/schema\/logo\/image\/"},"sameAs":["https:\/\/www.facebook.com\/share\/1CeoksKBj6\/","https:\/\/www.instagram.com\/oprogresso_digital"]},{"@type":"Person","@id":"https:\/\/progresso.com.br\/#\/schema\/person\/5dd27138d4463fbbaace62120bfc002b","name":"Rose","image":{"@type":"ImageObject","inLanguage":"pt-BR","@id":"https:\/\/progresso.com.br\/#\/schema\/person\/image\/","url":"https:\/\/secure.gravatar.com\/avatar\/1b6890e759cdd3a88d9f751cb423720b9861c5239167cd3586355638b6556599?s=96&d=mm&r=g","contentUrl":"https:\/\/secure.gravatar.com\/avatar\/1b6890e759cdd3a88d9f751cb423720b9861c5239167cd3586355638b6556599?s=96&d=mm&r=g","caption":"Rose"},"url":"https:\/\/progresso.com.br\/index.php\/author\/rose\/"}]}},"_links":{"self":[{"href":"https:\/\/progresso.com.br\/index.php\/wp-json\/wp\/v2\/posts\/5234","targetHints":{"allow":["GET"]}}],"collection":[{"href":"https:\/\/progresso.com.br\/index.php\/wp-json\/wp\/v2\/posts"}],"about":[{"href":"https:\/\/progresso.com.br\/index.php\/wp-json\/wp\/v2\/types\/post"}],"author":[{"embeddable":true,"href":"https:\/\/progresso.com.br\/index.php\/wp-json\/wp\/v2\/users\/2"}],"replies":[{"embeddable":true,"href":"https:\/\/progresso.com.br\/index.php\/wp-json\/wp\/v2\/comments?post=5234"}],"version-history":[{"count":1,"href":"https:\/\/progresso.com.br\/index.php\/wp-json\/wp\/v2\/posts\/5234\/revisions"}],"predecessor-version":[{"id":5237,"href":"https:\/\/progresso.com.br\/index.php\/wp-json\/wp\/v2\/posts\/5234\/revisions\/5237"}],"wp:featuredmedia":[{"embeddable":true,"href":"https:\/\/progresso.com.br\/index.php\/wp-json\/wp\/v2\/media\/5236"}],"wp:attachment":[{"href":"https:\/\/progresso.com.br\/index.php\/wp-json\/wp\/v2\/media?parent=5234"}],"wp:term":[{"taxonomy":"category","embeddable":true,"href":"https:\/\/progresso.com.br\/index.php\/wp-json\/wp\/v2\/categories?post=5234"},{"taxonomy":"post_tag","embeddable":true,"href":"https:\/\/progresso.com.br\/index.php\/wp-json\/wp\/v2\/tags?post=5234"}],"curies":[{"name":"wp","href":"https:\/\/api.w.org\/{rel}","templated":true}]}}