{"id":5246,"date":"2026-04-30T20:53:00","date_gmt":"2026-05-01T00:53:00","guid":{"rendered":"https:\/\/progresso.com.br\/?p=5246"},"modified":"2026-04-30T16:56:17","modified_gmt":"2026-04-30T20:56:17","slug":"shakira-esta-pronta-para-o-maior-show-de-sua-carreira","status":"publish","type":"post","link":"https:\/\/progresso.com.br\/index.php\/2026\/04\/30\/shakira-esta-pronta-para-o-maior-show-de-sua-carreira\/","title":{"rendered":"Shakira est\u00e1 pronta para o maior show de sua carreira"},"content":{"rendered":"\n<p>Est\u00e1 praticamente tudo pronto para o esperado show da cantora colombiana Shakira, na Praia de Copacabana, neste s\u00e1bado (2), no Rio de Janeiro.<\/p>\n\n\n\n<p>S\u00e3o esperadas dois milh\u00f5es de pessoas nesta edi\u00e7\u00e3o do projeto \u201cTodo Mundo no Rio\u201d, que j\u00e1 integra o calend\u00e1rio oficial da cidade, com apresenta\u00e7\u00f5es previstas sempre no m\u00eas de maio.<\/p>\n\n\n\n<p>\u201cTodo Mundo no Rio\u201d j\u00e1 tem edi\u00e7\u00f5es garantidas at\u00e9 2028. E a estimativa \u00e9 a de que somente neste ano o evento movimente cerca de R$ 800 milh\u00f5es na economia carioca, de acordo com estudo elaborado pela Secretaria Municipal de Desenvolvimento Econ\u00f4mico (SMDE) e a Riotur.<\/p>\n\n\n\n<p><strong>Maior palco das edi\u00e7\u00f5es<\/strong><\/p>\n\n\n\n<p>A festa gratuita come\u00e7a \u00e0s 16h30, com apresenta\u00e7\u00f5es dos DJs Vintage Culture e Maz no palco montado em frente ao Copacabana Palace. O show principal, de Shakira, est\u00e1 previsto para as 20h45 (hor\u00e1rio de Mato Grosso do Sul) e deve durar cerca de duas horas. Ap\u00f3s a apresenta\u00e7\u00e3o, o comando no palco para manter o p\u00fablico animado ser\u00e1 do DJ Papatinho e Melody.<\/p>\n\n\n\n<p>Este show ter\u00e1 o maior palco de todas as edi\u00e7\u00f5es do \u201cTodo Mundo no Rio\u201d, com 2.500 m\u00b2. A passarela em frente ao palco tem 25 metros de comprimento, e o palco conta com 680 m\u00b2 de pain\u00e9is de LED. Al\u00e9m disso, 16 torres de som e v\u00eddeo est\u00e3o espalhadas pela areia, para a transmiss\u00e3o do show ao vivo.<\/p>\n\n\n\n<p>Shakira chegou ao&nbsp;<a href=\"https:\/\/g1.globo.com\/rj\/rio-de-janeiro\/cidade\/rio-de-janeiro\/\"><strong>Rio de Janeiro<\/strong><\/a>&nbsp;na quarta-feira (29), num jatinho que pousou no final da manh\u00e3 no Aeroporto Internacional Tom Jobim (Gale\u00e3o).<\/p>\n\n\n\n<p>Em entrevista ao programa \u00b4Fant\u00e1stico\u00b4 do \u00faltimo domingo, a cantora disse que este ser\u00e1 o maior p\u00fablico em um show de toda sua carreira. A cantora Anitta foi confirmada para uma participa\u00e7\u00e3o especial, inclusive para cantar &#8220;Choka Choka&#8221; com a colombiana.<\/p>\n\n\n\n<p><em>O show ser\u00e1 transmitido ao vivo, na \u00edntegra, pela TV Globo, logo depois da novela \u00b4Tr\u00eas Gra\u00e7as\u00b4.<\/em><\/p>\n","protected":false},"excerpt":{"rendered":"<p>Est\u00e1 praticamente tudo pronto para o esperado show da cantora colombiana Shakira, na Praia de Copacabana, neste s\u00e1bado (2), no Rio de Janeiro. S\u00e3o esperadas dois milh\u00f5es de pessoas nesta edi\u00e7\u00e3o do projeto \u201cTodo Mundo no Rio\u201d, que j\u00e1 integra o calend\u00e1rio oficial da cidade, com apresenta\u00e7\u00f5es previstas sempre no m\u00eas de maio. \u201cTodo Mundo [&hellip;]<\/p>\n","protected":false},"author":3,"featured_media":5247,"comment_status":"open","ping_status":"open","sticky":false,"template":"","format":"standard","meta":{"footnotes":""},"categories":[19],"tags":[],"class_list":["post-5246","post","type-post","status-publish","format-standard","has-post-thumbnail","hentry","category-cultura"],"yoast_head":"<!-- This site is optimized with the Yoast SEO plugin v27.1.1 - https:\/\/yoast.com\/product\/yoast-seo-wordpress\/ -->\n<title>Shakira est\u00e1 pronta para o maior show de sua carreira - O PROGRESSO<\/title>\n<meta name=\"robots\" content=\"index, follow, max-snippet:-1, max-image-preview:large, max-video-preview:-1\" \/>\n<link rel=\"canonical\" href=\"https:\/\/progresso.com.br\/index.php\/2026\/04\/30\/shakira-esta-pronta-para-o-maior-show-de-sua-carreira\/\" \/>\n<meta property=\"og:locale\" content=\"pt_BR\" \/>\n<meta property=\"og:type\" content=\"article\" \/>\n<meta property=\"og:title\" content=\"Shakira est\u00e1 pronta para o maior show de sua carreira - O PROGRESSO\" \/>\n<meta property=\"og:description\" content=\"Est\u00e1 praticamente tudo pronto para o esperado show da cantora colombiana Shakira, na Praia de Copacabana, neste s\u00e1bado (2), no Rio de Janeiro. S\u00e3o esperadas dois milh\u00f5es de pessoas nesta edi\u00e7\u00e3o do projeto \u201cTodo Mundo no Rio\u201d, que j\u00e1 integra o calend\u00e1rio oficial da cidade, com apresenta\u00e7\u00f5es previstas sempre no m\u00eas de maio. \u201cTodo Mundo [&hellip;]\" \/>\n<meta property=\"og:url\" content=\"https:\/\/progresso.com.br\/index.php\/2026\/04\/30\/shakira-esta-pronta-para-o-maior-show-de-sua-carreira\/\" \/>\n<meta property=\"og:site_name\" content=\"O PROGRESSO\" \/>\n<meta property=\"article:publisher\" content=\"https:\/\/www.facebook.com\/share\/1CeoksKBj6\/\" \/>\n<meta property=\"article:published_time\" content=\"2026-05-01T00:53:00+00:00\" \/>\n<meta property=\"og:image\" content=\"https:\/\/progresso.com.br\/wp-content\/uploads\/2026\/04\/shakira.jpg\" \/>\n\t<meta property=\"og:image:width\" content=\"300\" \/>\n\t<meta property=\"og:image:height\" content=\"168\" \/>\n\t<meta property=\"og:image:type\" content=\"image\/jpeg\" \/>\n<meta name=\"author\" content=\"Alfredo\" \/>\n<meta name=\"twitter:card\" content=\"summary_large_image\" \/>\n<meta name=\"twitter:label1\" content=\"Escrito por\" \/>\n\t<meta name=\"twitter:data1\" content=\"Alfredo\" \/>\n\t<meta name=\"twitter:label2\" content=\"Est. tempo de leitura\" \/>\n\t<meta name=\"twitter:data2\" content=\"2 minutos\" \/>\n<script type=\"application\/ld+json\" class=\"yoast-schema-graph\">{\"@context\":\"https:\/\/schema.org\",\"@graph\":[{\"@type\":\"Article\",\"@id\":\"https:\/\/progresso.com.br\/index.php\/2026\/04\/30\/shakira-esta-pronta-para-o-maior-show-de-sua-carreira\/#article\",\"isPartOf\":{\"@id\":\"https:\/\/progresso.com.br\/index.php\/2026\/04\/30\/shakira-esta-pronta-para-o-maior-show-de-sua-carreira\/\"},\"author\":{\"name\":\"Alfredo\",\"@id\":\"https:\/\/progresso.com.br\/#\/schema\/person\/b7390ac97c5e156cc2e02aa8e88f1bf2\"},\"headline\":\"Shakira est\u00e1 pronta para o maior show de sua carreira\",\"datePublished\":\"2026-05-01T00:53:00+00:00\",\"mainEntityOfPage\":{\"@id\":\"https:\/\/progresso.com.br\/index.php\/2026\/04\/30\/shakira-esta-pronta-para-o-maior-show-de-sua-carreira\/\"},\"wordCount\":338,\"commentCount\":0,\"publisher\":{\"@id\":\"https:\/\/progresso.com.br\/#organization\"},\"image\":{\"@id\":\"https:\/\/progresso.com.br\/index.php\/2026\/04\/30\/shakira-esta-pronta-para-o-maior-show-de-sua-carreira\/#primaryimage\"},\"thumbnailUrl\":\"https:\/\/progresso.com.br\/wp-content\/uploads\/2026\/04\/shakira.jpg\",\"articleSection\":[\"Cultura\"],\"inLanguage\":\"pt-BR\",\"potentialAction\":[{\"@type\":\"CommentAction\",\"name\":\"Comment\",\"target\":[\"https:\/\/progresso.com.br\/index.php\/2026\/04\/30\/shakira-esta-pronta-para-o-maior-show-de-sua-carreira\/#respond\"]}]},{\"@type\":\"WebPage\",\"@id\":\"https:\/\/progresso.com.br\/index.php\/2026\/04\/30\/shakira-esta-pronta-para-o-maior-show-de-sua-carreira\/\",\"url\":\"https:\/\/progresso.com.br\/index.php\/2026\/04\/30\/shakira-esta-pronta-para-o-maior-show-de-sua-carreira\/\",\"name\":\"Shakira est\u00e1 pronta para o maior show de sua carreira - O PROGRESSO\",\"isPartOf\":{\"@id\":\"https:\/\/progresso.com.br\/#website\"},\"primaryImageOfPage\":{\"@id\":\"https:\/\/progresso.com.br\/index.php\/2026\/04\/30\/shakira-esta-pronta-para-o-maior-show-de-sua-carreira\/#primaryimage\"},\"image\":{\"@id\":\"https:\/\/progresso.com.br\/index.php\/2026\/04\/30\/shakira-esta-pronta-para-o-maior-show-de-sua-carreira\/#primaryimage\"},\"thumbnailUrl\":\"https:\/\/progresso.com.br\/wp-content\/uploads\/2026\/04\/shakira.jpg\",\"datePublished\":\"2026-05-01T00:53:00+00:00\",\"breadcrumb\":{\"@id\":\"https:\/\/progresso.com.br\/index.php\/2026\/04\/30\/shakira-esta-pronta-para-o-maior-show-de-sua-carreira\/#breadcrumb\"},\"inLanguage\":\"pt-BR\",\"potentialAction\":[{\"@type\":\"ReadAction\",\"target\":[\"https:\/\/progresso.com.br\/index.php\/2026\/04\/30\/shakira-esta-pronta-para-o-maior-show-de-sua-carreira\/\"]}]},{\"@type\":\"ImageObject\",\"inLanguage\":\"pt-BR\",\"@id\":\"https:\/\/progresso.com.br\/index.php\/2026\/04\/30\/shakira-esta-pronta-para-o-maior-show-de-sua-carreira\/#primaryimage\",\"url\":\"https:\/\/progresso.com.br\/wp-content\/uploads\/2026\/04\/shakira.jpg\",\"contentUrl\":\"https:\/\/progresso.com.br\/wp-content\/uploads\/2026\/04\/shakira.jpg\",\"width\":300,\"height\":168,\"caption\":\"Cantora colombiana se apresenta neste s\u00e1bado na praia de Copacabana\"},{\"@type\":\"BreadcrumbList\",\"@id\":\"https:\/\/progresso.com.br\/index.php\/2026\/04\/30\/shakira-esta-pronta-para-o-maior-show-de-sua-carreira\/#breadcrumb\",\"itemListElement\":[{\"@type\":\"ListItem\",\"position\":1,\"name\":\"In\u00edcio\",\"item\":\"https:\/\/progresso.com.br\/\"},{\"@type\":\"ListItem\",\"position\":2,\"name\":\"Shakira est\u00e1 pronta para o maior show de sua carreira\"}]},{\"@type\":\"WebSite\",\"@id\":\"https:\/\/progresso.com.br\/#website\",\"url\":\"https:\/\/progresso.com.br\/\",\"name\":\"O PROGRESSO\",\"description\":\"\",\"publisher\":{\"@id\":\"https:\/\/progresso.com.br\/#organization\"},\"potentialAction\":[{\"@type\":\"SearchAction\",\"target\":{\"@type\":\"EntryPoint\",\"urlTemplate\":\"https:\/\/progresso.com.br\/?s={search_term_string}\"},\"query-input\":{\"@type\":\"PropertyValueSpecification\",\"valueRequired\":true,\"valueName\":\"search_term_string\"}}],\"inLanguage\":\"pt-BR\"},{\"@type\":\"Organization\",\"@id\":\"https:\/\/progresso.com.br\/#organization\",\"name\":\"O PROGRESSO\",\"url\":\"https:\/\/progresso.com.br\/\",\"logo\":{\"@type\":\"ImageObject\",\"inLanguage\":\"pt-BR\",\"@id\":\"https:\/\/progresso.com.br\/#\/schema\/logo\/image\/\",\"url\":\"https:\/\/progresso.com.br\/wp-content\/uploads\/2026\/03\/logo_proog.jpg\",\"contentUrl\":\"https:\/\/progresso.com.br\/wp-content\/uploads\/2026\/03\/logo_proog.jpg\",\"width\":1960,\"height\":1080,\"caption\":\"O PROGRESSO\"},\"image\":{\"@id\":\"https:\/\/progresso.com.br\/#\/schema\/logo\/image\/\"},\"sameAs\":[\"https:\/\/www.facebook.com\/share\/1CeoksKBj6\/\",\"https:\/\/www.instagram.com\/oprogresso_digital\"]},{\"@type\":\"Person\",\"@id\":\"https:\/\/progresso.com.br\/#\/schema\/person\/b7390ac97c5e156cc2e02aa8e88f1bf2\",\"name\":\"Alfredo\",\"image\":{\"@type\":\"ImageObject\",\"inLanguage\":\"pt-BR\",\"@id\":\"https:\/\/progresso.com.br\/#\/schema\/person\/image\/\",\"url\":\"https:\/\/secure.gravatar.com\/avatar\/ca208a3111522ad69d765c6f0ea1ce4742c74e10aba78ae7158042d704d65a9f?s=96&d=mm&r=g\",\"contentUrl\":\"https:\/\/secure.gravatar.com\/avatar\/ca208a3111522ad69d765c6f0ea1ce4742c74e10aba78ae7158042d704d65a9f?s=96&d=mm&r=g\",\"caption\":\"Alfredo\"},\"url\":\"https:\/\/progresso.com.br\/index.php\/author\/alfredo\/\"}]}<\/script>\n<!-- \/ Yoast SEO plugin. -->","yoast_head_json":{"title":"Shakira est\u00e1 pronta para o maior show de sua carreira - O PROGRESSO","robots":{"index":"index","follow":"follow","max-snippet":"max-snippet:-1","max-image-preview":"max-image-preview:large","max-video-preview":"max-video-preview:-1"},"canonical":"https:\/\/progresso.com.br\/index.php\/2026\/04\/30\/shakira-esta-pronta-para-o-maior-show-de-sua-carreira\/","og_locale":"pt_BR","og_type":"article","og_title":"Shakira est\u00e1 pronta para o maior show de sua carreira - O PROGRESSO","og_description":"Est\u00e1 praticamente tudo pronto para o esperado show da cantora colombiana Shakira, na Praia de Copacabana, neste s\u00e1bado (2), no Rio de Janeiro. S\u00e3o esperadas dois milh\u00f5es de pessoas nesta edi\u00e7\u00e3o do projeto \u201cTodo Mundo no Rio\u201d, que j\u00e1 integra o calend\u00e1rio oficial da cidade, com apresenta\u00e7\u00f5es previstas sempre no m\u00eas de maio. \u201cTodo Mundo [&hellip;]","og_url":"https:\/\/progresso.com.br\/index.php\/2026\/04\/30\/shakira-esta-pronta-para-o-maior-show-de-sua-carreira\/","og_site_name":"O PROGRESSO","article_publisher":"https:\/\/www.facebook.com\/share\/1CeoksKBj6\/","article_published_time":"2026-05-01T00:53:00+00:00","og_image":[{"width":300,"height":168,"url":"https:\/\/progresso.com.br\/wp-content\/uploads\/2026\/04\/shakira.jpg","type":"image\/jpeg"}],"author":"Alfredo","twitter_card":"summary_large_image","twitter_misc":{"Escrito por":"Alfredo","Est. tempo de leitura":"2 minutos"},"schema":{"@context":"https:\/\/schema.org","@graph":[{"@type":"Article","@id":"https:\/\/progresso.com.br\/index.php\/2026\/04\/30\/shakira-esta-pronta-para-o-maior-show-de-sua-carreira\/#article","isPartOf":{"@id":"https:\/\/progresso.com.br\/index.php\/2026\/04\/30\/shakira-esta-pronta-para-o-maior-show-de-sua-carreira\/"},"author":{"name":"Alfredo","@id":"https:\/\/progresso.com.br\/#\/schema\/person\/b7390ac97c5e156cc2e02aa8e88f1bf2"},"headline":"Shakira est\u00e1 pronta para o maior show de sua carreira","datePublished":"2026-05-01T00:53:00+00:00","mainEntityOfPage":{"@id":"https:\/\/progresso.com.br\/index.php\/2026\/04\/30\/shakira-esta-pronta-para-o-maior-show-de-sua-carreira\/"},"wordCount":338,"commentCount":0,"publisher":{"@id":"https:\/\/progresso.com.br\/#organization"},"image":{"@id":"https:\/\/progresso.com.br\/index.php\/2026\/04\/30\/shakira-esta-pronta-para-o-maior-show-de-sua-carreira\/#primaryimage"},"thumbnailUrl":"https:\/\/progresso.com.br\/wp-content\/uploads\/2026\/04\/shakira.jpg","articleSection":["Cultura"],"inLanguage":"pt-BR","potentialAction":[{"@type":"CommentAction","name":"Comment","target":["https:\/\/progresso.com.br\/index.php\/2026\/04\/30\/shakira-esta-pronta-para-o-maior-show-de-sua-carreira\/#respond"]}]},{"@type":"WebPage","@id":"https:\/\/progresso.com.br\/index.php\/2026\/04\/30\/shakira-esta-pronta-para-o-maior-show-de-sua-carreira\/","url":"https:\/\/progresso.com.br\/index.php\/2026\/04\/30\/shakira-esta-pronta-para-o-maior-show-de-sua-carreira\/","name":"Shakira est\u00e1 pronta para o maior show de sua carreira - O PROGRESSO","isPartOf":{"@id":"https:\/\/progresso.com.br\/#website"},"primaryImageOfPage":{"@id":"https:\/\/progresso.com.br\/index.php\/2026\/04\/30\/shakira-esta-pronta-para-o-maior-show-de-sua-carreira\/#primaryimage"},"image":{"@id":"https:\/\/progresso.com.br\/index.php\/2026\/04\/30\/shakira-esta-pronta-para-o-maior-show-de-sua-carreira\/#primaryimage"},"thumbnailUrl":"https:\/\/progresso.com.br\/wp-content\/uploads\/2026\/04\/shakira.jpg","datePublished":"2026-05-01T00:53:00+00:00","breadcrumb":{"@id":"https:\/\/progresso.com.br\/index.php\/2026\/04\/30\/shakira-esta-pronta-para-o-maior-show-de-sua-carreira\/#breadcrumb"},"inLanguage":"pt-BR","potentialAction":[{"@type":"ReadAction","target":["https:\/\/progresso.com.br\/index.php\/2026\/04\/30\/shakira-esta-pronta-para-o-maior-show-de-sua-carreira\/"]}]},{"@type":"ImageObject","inLanguage":"pt-BR","@id":"https:\/\/progresso.com.br\/index.php\/2026\/04\/30\/shakira-esta-pronta-para-o-maior-show-de-sua-carreira\/#primaryimage","url":"https:\/\/progresso.com.br\/wp-content\/uploads\/2026\/04\/shakira.jpg","contentUrl":"https:\/\/progresso.com.br\/wp-content\/uploads\/2026\/04\/shakira.jpg","width":300,"height":168,"caption":"Cantora colombiana se apresenta neste s\u00e1bado na praia de Copacabana"},{"@type":"BreadcrumbList","@id":"https:\/\/progresso.com.br\/index.php\/2026\/04\/30\/shakira-esta-pronta-para-o-maior-show-de-sua-carreira\/#breadcrumb","itemListElement":[{"@type":"ListItem","position":1,"name":"In\u00edcio","item":"https:\/\/progresso.com.br\/"},{"@type":"ListItem","position":2,"name":"Shakira est\u00e1 pronta para o maior show de sua carreira"}]},{"@type":"WebSite","@id":"https:\/\/progresso.com.br\/#website","url":"https:\/\/progresso.com.br\/","name":"O PROGRESSO","description":"","publisher":{"@id":"https:\/\/progresso.com.br\/#organization"},"potentialAction":[{"@type":"SearchAction","target":{"@type":"EntryPoint","urlTemplate":"https:\/\/progresso.com.br\/?s={search_term_string}"},"query-input":{"@type":"PropertyValueSpecification","valueRequired":true,"valueName":"search_term_string"}}],"inLanguage":"pt-BR"},{"@type":"Organization","@id":"https:\/\/progresso.com.br\/#organization","name":"O PROGRESSO","url":"https:\/\/progresso.com.br\/","logo":{"@type":"ImageObject","inLanguage":"pt-BR","@id":"https:\/\/progresso.com.br\/#\/schema\/logo\/image\/","url":"https:\/\/progresso.com.br\/wp-content\/uploads\/2026\/03\/logo_proog.jpg","contentUrl":"https:\/\/progresso.com.br\/wp-content\/uploads\/2026\/03\/logo_proog.jpg","width":1960,"height":1080,"caption":"O PROGRESSO"},"image":{"@id":"https:\/\/progresso.com.br\/#\/schema\/logo\/image\/"},"sameAs":["https:\/\/www.facebook.com\/share\/1CeoksKBj6\/","https:\/\/www.instagram.com\/oprogresso_digital"]},{"@type":"Person","@id":"https:\/\/progresso.com.br\/#\/schema\/person\/b7390ac97c5e156cc2e02aa8e88f1bf2","name":"Alfredo","image":{"@type":"ImageObject","inLanguage":"pt-BR","@id":"https:\/\/progresso.com.br\/#\/schema\/person\/image\/","url":"https:\/\/secure.gravatar.com\/avatar\/ca208a3111522ad69d765c6f0ea1ce4742c74e10aba78ae7158042d704d65a9f?s=96&d=mm&r=g","contentUrl":"https:\/\/secure.gravatar.com\/avatar\/ca208a3111522ad69d765c6f0ea1ce4742c74e10aba78ae7158042d704d65a9f?s=96&d=mm&r=g","caption":"Alfredo"},"url":"https:\/\/progresso.com.br\/index.php\/author\/alfredo\/"}]}},"_links":{"self":[{"href":"https:\/\/progresso.com.br\/index.php\/wp-json\/wp\/v2\/posts\/5246","targetHints":{"allow":["GET"]}}],"collection":[{"href":"https:\/\/progresso.com.br\/index.php\/wp-json\/wp\/v2\/posts"}],"about":[{"href":"https:\/\/progresso.com.br\/index.php\/wp-json\/wp\/v2\/types\/post"}],"author":[{"embeddable":true,"href":"https:\/\/progresso.com.br\/index.php\/wp-json\/wp\/v2\/users\/3"}],"replies":[{"embeddable":true,"href":"https:\/\/progresso.com.br\/index.php\/wp-json\/wp\/v2\/comments?post=5246"}],"version-history":[{"count":1,"href":"https:\/\/progresso.com.br\/index.php\/wp-json\/wp\/v2\/posts\/5246\/revisions"}],"predecessor-version":[{"id":5248,"href":"https:\/\/progresso.com.br\/index.php\/wp-json\/wp\/v2\/posts\/5246\/revisions\/5248"}],"wp:featuredmedia":[{"embeddable":true,"href":"https:\/\/progresso.com.br\/index.php\/wp-json\/wp\/v2\/media\/5247"}],"wp:attachment":[{"href":"https:\/\/progresso.com.br\/index.php\/wp-json\/wp\/v2\/media?parent=5246"}],"wp:term":[{"taxonomy":"category","embeddable":true,"href":"https:\/\/progresso.com.br\/index.php\/wp-json\/wp\/v2\/categories?post=5246"},{"taxonomy":"post_tag","embeddable":true,"href":"https:\/\/progresso.com.br\/index.php\/wp-json\/wp\/v2\/tags?post=5246"}],"curies":[{"name":"wp","href":"https:\/\/api.w.org\/{rel}","templated":true}]}}