{"id":5249,"date":"2026-05-01T00:05:00","date_gmt":"2026-05-01T04:05:00","guid":{"rendered":"https:\/\/progresso.com.br\/?p=5249"},"modified":"2026-04-30T17:10:08","modified_gmt":"2026-04-30T21:10:08","slug":"dia-do-trabalho-tem-origem-em-greve-de-operarios-nos-eua-em-1886","status":"publish","type":"post","link":"https:\/\/progresso.com.br\/index.php\/2026\/05\/01\/dia-do-trabalho-tem-origem-em-greve-de-operarios-nos-eua-em-1886\/","title":{"rendered":"Dia do Trabalho tem origem em greve de oper\u00e1rios nos EUA, em 1886"},"content":{"rendered":"\n<p><em>Alana Gandra &#8211; Rep\u00f3rter da Ag\u00eancia Brasil<\/em><\/p>\n\n\n\n<p><strong>O Dia Internacional do Trabalhador, tamb\u00e9m conhecido como Dia do Trabalhador ou Dia do Trabalho, comemorado anualmente em 1\u00ba de maio, \u00e9 feriado em muitos pa\u00edses.<\/strong><img decoding=\"async\" src=\"https:\/\/agenciabrasil.ebc.com.br\/ebc.png?id=1687992&amp;o=node\"><img decoding=\"async\" src=\"https:\/\/agenciabrasil.ebc.com.br\/ebc.gif?id=1687992&amp;o=node\"><\/p>\n\n\n\n<p>A data tem origem na greve geral iniciada por&nbsp;<strong>trabalhadores norte-americanos em 1\u00ba de maio de 1886, em Chicago<\/strong>, que reivindicavam melhores condi\u00e7\u00f5es de trabalho, principalmente a redu\u00e7\u00e3o da jornada que chegava a 17 ou 16 horas por dia para 8 horas di\u00e1rias. A greve resultou em confrontos violentos entre trabalhadores e pol\u00edcia, resultando na morte de manifestantes e tamb\u00e9m de policiais.<\/p>\n\n\n\n<p>O reconhecimento internacional ocorreu durante o congresso socialista Segunda Internacional, em Paris, em 1889, que convocou uma manifesta\u00e7\u00e3o internacional para 1\u00ba de maio de 1890, consagrando a data como dia de luta pela<strong>&nbsp;conquista da jornada de trabalho de 8 horas\/dia e em mem\u00f3ria aos oper\u00e1rios mortos de Chicago<\/strong>.<\/p>\n\n\n\n<p>\u201cA\u00ed, tornou-se uma efem\u00e9ride mundial. A partir da\u00ed, os pa\u00edses e os trabalhadores foram adotando essa data, cada um de um jeito. Mas, de forma geral, o significado \u00e9 confronto. Era um dia de greve, um dia de luta, porque o patronato n\u00e3o queria absorver isso. Entendia que era custo a redu\u00e7\u00e3o de trabalho\u201d, disse \u00e0&nbsp;<strong>Ag\u00eancia Brasil<\/strong>&nbsp;o professor do Departamento de Hist\u00f3ria da Universidade Federal Fluminense (UFF), Bernardo Kocher.<\/p>\n\n\n\n<p><strong>Naquele momento, a ind\u00fastria estava trocando a produ\u00e7\u00e3o: a remunera\u00e7\u00e3o por pe\u00e7a, passava a ser de&nbsp;remunera\u00e7\u00e3o por carga, ou seja, por hora trabalhada.<\/strong><\/p>\n\n\n\n<blockquote class=\"wp-block-quote is-layout-flow wp-block-quote-is-layout-flow\">\n<p><em>\u201dEnt\u00e3o, era poss\u00edvel reduzir a jornada, mas os patr\u00f5es n\u00e3o queriam isso, porque era aumento de custo: menos trabalho e mesmo sal\u00e1rio. Implicava diminuir jornada, mas n\u00e3o o sal\u00e1rio.\u201d<\/em><\/p>\n<\/blockquote>\n\n\n\n<p><strong>A produ\u00e7\u00e3o ia diminuir, porque eram menos horas trabalhadas e o custo continuaria igual. Ent\u00e3o, os trabalhadores lutavam, atrav\u00e9s de um dia de greve, como forma de manifestar a viabilidade de sua reivindica\u00e7\u00e3o<\/strong>.<\/p>\n\n\n\n<p>Kocher explicou que com menos horas de trabalho, o oper\u00e1rio teria condi\u00e7\u00f5es de trabalhar melhor e isso resultaria em mais emprego, mais consumo. \u201cFoi uma batalha um tanto, digamos, f\u00edsica. Em alguns lugares, era confronto com a pol\u00edcia enquanto uma coisa simb\u00f3lica, de narrativa, para que a l\u00f3gica dos trabalhadores se sobrepusesse \u00e0 l\u00f3gica do capitalismo\u201d.<\/p>\n\n\n\n<h2 class=\"wp-block-heading\">No Brasil<\/h2>\n\n\n\n<p>Ao contr\u00e1rio das&nbsp;informa\u00e7\u00f5es que remetem a&nbsp;<strong>oficializa\u00e7\u00e3o do Dia do Trabalho no Brasil<\/strong>&nbsp;a 1924, com o&nbsp;<strong>in\u00edcio da celebra\u00e7\u00e3o da data em 1925<\/strong>, pelo ent\u00e3o presidente Artur Bernardes, o professor de Hist\u00f3ria da UFF assegurou que o&nbsp;<strong>feriado come\u00e7ou em 1890<\/strong>, junto com a proclama\u00e7\u00e3o da Rep\u00fablica.<\/p>\n\n\n\n<blockquote class=\"wp-block-quote is-layout-flow wp-block-quote-is-layout-flow\">\n<p><em>\u201cEu fiz uma disserta\u00e7\u00e3o de mestrado sobre 1\u00ba de maio no Rio de Janeiro e constatei isso: 1890. O significado no Brasil, por\u00e9m, foi diferente, afirmou o professor. N\u00e3o foi de confronto. Por isso, d\u00e1 impress\u00e3o que n\u00e3o existiu. Foi uma coisa de cidadania, de manifesta\u00e7\u00e3o do\u00a0direito republicano.&#8221;<\/em><\/p>\n<\/blockquote>\n\n\n\n<p>\u201cA classe oper\u00e1ria era muito segmentada. Mal comparando, \u00e9 como o povo das comunidades, que hoje \u00e9 segmentado. Ent\u00e3o, ningu\u00e9m sabe o que acontece l\u00e1, n\u00e3o tem servi\u00e7o. A classe oper\u00e1ria era quase um gueto. Os oper\u00e1rios se esfor\u00e7avam para serem cidad\u00e3os, mas isso foi em 1890\u201d. Quando ocorreu o 1\u00ba&nbsp;Congresso Oper\u00e1rio Brasileiro, em 1906, os anarquistas sindicalistas conseguiram mudar o significado. A\u00ed passou a ser um dia de greve, um dia de guerra, um dia de luta de classes.\u201d<\/p>\n\n\n\n<p><strong>Na d\u00e9cada de 1920, os comunistas ocuparam o lugar dos anarcossindicalistas e come\u00e7aram tamb\u00e9m a associar com a revolu\u00e7\u00e3o.<\/strong>&nbsp;Isso foi at\u00e9 os anos de 1930, quando ocorreu a Revolu\u00e7\u00e3o liderada por Getulio Vargas. \u201cA\u00ed, o Estado come\u00e7ou a se voltar para a quest\u00e3o do trabalho\u201d.<\/p>\n\n\n\n<p><strong>Nos anos de 1938 e 1939, foi a proibida a comemora\u00e7\u00e3o como dia de greve e s\u00f3 em 1940 foi decretada a data como feriado.<\/strong>&nbsp;Segundo o professor&nbsp;Kocher, foi a\u00ed que o movimento oper\u00e1rio perdeu a capacidade de monopolizar o significado do 1\u00ba de maio. \u201cO presidente Getulio falava: N\u00e3o precisa mais ser dia de greve, n\u00f3s j\u00e1 estamos fazendo a legisla\u00e7\u00e3o&#8221;.<\/p>\n\n\n\n<p><strong>E, ent\u00e3o, a data deixou de ser Dia do Trabalhador para ser Dia do Trabalho.<\/strong><\/p>\n\n\n\n<h2 class=\"wp-block-heading\">Outras datas<\/h2>\n\n\n\n<p><strong>Nos pa\u00edses onde o dia 1\u00ba de maio n\u00e3o \u00e9 feriado oficial, s\u00e3o organizadas manifesta\u00e7\u00f5es nesta data, em defesa dos trabalhadores. Por outro lado, algumas na\u00e7\u00f5es celebram o Dia do Trabalhador em outras datas.<\/strong><\/p>\n\n\n\n<p>Um exemplo \u00e9 a Nova Zel\u00e2ndia, que celebra o Dia do Trabalho na quarta segunda-feira de outubro, em homenagem \u00e0 luta dos trabalhadores locais, que levou \u00e0 ado\u00e7\u00e3o da jornada de 8 horas di\u00e1rias, antes da greve geral que resultou no massacre nos Estados Unidos.<\/p>\n\n\n\n<p>Na Austr\u00e1lia, o Dia do Trabalho varia de acordo com a regi\u00e3o. J\u00e1 os Estados Unidos e o Canad\u00e1 celebram o Dia do Trabalho na primeira segunda-feira de setembro. Nos Estados Unidos, a escolha teria como objetivo evitar associar a festa do trabalho com o movimento socialista, ent\u00e3o com alguma relev\u00e2ncia no pa\u00eds.<\/p>\n\n\n\n<p><\/p>\n","protected":false},"excerpt":{"rendered":"<p>Alana Gandra &#8211; Rep\u00f3rter da Ag\u00eancia Brasil O Dia Internacional do Trabalhador, tamb\u00e9m conhecido como Dia do Trabalhador ou Dia do Trabalho, comemorado anualmente em 1\u00ba de maio, \u00e9 feriado em muitos pa\u00edses. A data tem origem na greve geral iniciada por&nbsp;trabalhadores norte-americanos em 1\u00ba de maio de 1886, em Chicago, que reivindicavam melhores condi\u00e7\u00f5es [&hellip;]<\/p>\n","protected":false},"author":3,"featured_media":5250,"comment_status":"open","ping_status":"open","sticky":false,"template":"","format":"standard","meta":{"footnotes":""},"categories":[2],"tags":[],"class_list":["post-5249","post","type-post","status-publish","format-standard","has-post-thumbnail","hentry","category-destaque"],"yoast_head":"<!-- This site is optimized with the Yoast SEO plugin v27.1.1 - https:\/\/yoast.com\/product\/yoast-seo-wordpress\/ -->\n<title>Dia do Trabalho tem origem em greve de oper\u00e1rios nos EUA, em 1886 - O PROGRESSO<\/title>\n<meta name=\"robots\" content=\"index, follow, max-snippet:-1, max-image-preview:large, max-video-preview:-1\" \/>\n<link rel=\"canonical\" href=\"https:\/\/progresso.com.br\/index.php\/2026\/05\/01\/dia-do-trabalho-tem-origem-em-greve-de-operarios-nos-eua-em-1886\/\" \/>\n<meta property=\"og:locale\" content=\"pt_BR\" \/>\n<meta property=\"og:type\" content=\"article\" \/>\n<meta property=\"og:title\" content=\"Dia do Trabalho tem origem em greve de oper\u00e1rios nos EUA, em 1886 - O PROGRESSO\" \/>\n<meta property=\"og:description\" content=\"Alana Gandra &#8211; Rep\u00f3rter da Ag\u00eancia Brasil O Dia Internacional do Trabalhador, tamb\u00e9m conhecido como Dia do Trabalhador ou Dia do Trabalho, comemorado anualmente em 1\u00ba de maio, \u00e9 feriado em muitos pa\u00edses. A data tem origem na greve geral iniciada por&nbsp;trabalhadores norte-americanos em 1\u00ba de maio de 1886, em Chicago, que reivindicavam melhores condi\u00e7\u00f5es [&hellip;]\" \/>\n<meta property=\"og:url\" content=\"https:\/\/progresso.com.br\/index.php\/2026\/05\/01\/dia-do-trabalho-tem-origem-em-greve-de-operarios-nos-eua-em-1886\/\" \/>\n<meta property=\"og:site_name\" content=\"O PROGRESSO\" \/>\n<meta property=\"article:publisher\" content=\"https:\/\/www.facebook.com\/share\/1CeoksKBj6\/\" \/>\n<meta property=\"article:published_time\" content=\"2026-05-01T04:05:00+00:00\" \/>\n<meta property=\"og:image\" content=\"https:\/\/progresso.com.br\/wp-content\/uploads\/2026\/04\/dia-do-trabalho.jpg\" \/>\n\t<meta property=\"og:image:width\" content=\"1900\" \/>\n\t<meta property=\"og:image:height\" content=\"1215\" \/>\n\t<meta property=\"og:image:type\" content=\"image\/jpeg\" \/>\n<meta name=\"author\" content=\"Alfredo\" \/>\n<meta name=\"twitter:card\" content=\"summary_large_image\" \/>\n<meta name=\"twitter:label1\" content=\"Escrito por\" \/>\n\t<meta name=\"twitter:data1\" content=\"Alfredo\" \/>\n\t<meta name=\"twitter:label2\" content=\"Est. tempo de leitura\" \/>\n\t<meta name=\"twitter:data2\" content=\"5 minutos\" \/>\n<script type=\"application\/ld+json\" class=\"yoast-schema-graph\">{\"@context\":\"https:\/\/schema.org\",\"@graph\":[{\"@type\":\"Article\",\"@id\":\"https:\/\/progresso.com.br\/index.php\/2026\/05\/01\/dia-do-trabalho-tem-origem-em-greve-de-operarios-nos-eua-em-1886\/#article\",\"isPartOf\":{\"@id\":\"https:\/\/progresso.com.br\/index.php\/2026\/05\/01\/dia-do-trabalho-tem-origem-em-greve-de-operarios-nos-eua-em-1886\/\"},\"author\":{\"name\":\"Alfredo\",\"@id\":\"https:\/\/progresso.com.br\/#\/schema\/person\/b7390ac97c5e156cc2e02aa8e88f1bf2\"},\"headline\":\"Dia do Trabalho tem origem em greve de oper\u00e1rios nos EUA, em 1886\",\"datePublished\":\"2026-05-01T04:05:00+00:00\",\"mainEntityOfPage\":{\"@id\":\"https:\/\/progresso.com.br\/index.php\/2026\/05\/01\/dia-do-trabalho-tem-origem-em-greve-de-operarios-nos-eua-em-1886\/\"},\"wordCount\":881,\"commentCount\":0,\"publisher\":{\"@id\":\"https:\/\/progresso.com.br\/#organization\"},\"image\":{\"@id\":\"https:\/\/progresso.com.br\/index.php\/2026\/05\/01\/dia-do-trabalho-tem-origem-em-greve-de-operarios-nos-eua-em-1886\/#primaryimage\"},\"thumbnailUrl\":\"https:\/\/progresso.com.br\/wp-content\/uploads\/2026\/04\/dia-do-trabalho.jpg\",\"articleSection\":[\"Em destaque\"],\"inLanguage\":\"pt-BR\",\"potentialAction\":[{\"@type\":\"CommentAction\",\"name\":\"Comment\",\"target\":[\"https:\/\/progresso.com.br\/index.php\/2026\/05\/01\/dia-do-trabalho-tem-origem-em-greve-de-operarios-nos-eua-em-1886\/#respond\"]}]},{\"@type\":\"WebPage\",\"@id\":\"https:\/\/progresso.com.br\/index.php\/2026\/05\/01\/dia-do-trabalho-tem-origem-em-greve-de-operarios-nos-eua-em-1886\/\",\"url\":\"https:\/\/progresso.com.br\/index.php\/2026\/05\/01\/dia-do-trabalho-tem-origem-em-greve-de-operarios-nos-eua-em-1886\/\",\"name\":\"Dia do Trabalho tem origem em greve de oper\u00e1rios nos EUA, em 1886 - O PROGRESSO\",\"isPartOf\":{\"@id\":\"https:\/\/progresso.com.br\/#website\"},\"primaryImageOfPage\":{\"@id\":\"https:\/\/progresso.com.br\/index.php\/2026\/05\/01\/dia-do-trabalho-tem-origem-em-greve-de-operarios-nos-eua-em-1886\/#primaryimage\"},\"image\":{\"@id\":\"https:\/\/progresso.com.br\/index.php\/2026\/05\/01\/dia-do-trabalho-tem-origem-em-greve-de-operarios-nos-eua-em-1886\/#primaryimage\"},\"thumbnailUrl\":\"https:\/\/progresso.com.br\/wp-content\/uploads\/2026\/04\/dia-do-trabalho.jpg\",\"datePublished\":\"2026-05-01T04:05:00+00:00\",\"breadcrumb\":{\"@id\":\"https:\/\/progresso.com.br\/index.php\/2026\/05\/01\/dia-do-trabalho-tem-origem-em-greve-de-operarios-nos-eua-em-1886\/#breadcrumb\"},\"inLanguage\":\"pt-BR\",\"potentialAction\":[{\"@type\":\"ReadAction\",\"target\":[\"https:\/\/progresso.com.br\/index.php\/2026\/05\/01\/dia-do-trabalho-tem-origem-em-greve-de-operarios-nos-eua-em-1886\/\"]}]},{\"@type\":\"ImageObject\",\"inLanguage\":\"pt-BR\",\"@id\":\"https:\/\/progresso.com.br\/index.php\/2026\/05\/01\/dia-do-trabalho-tem-origem-em-greve-de-operarios-nos-eua-em-1886\/#primaryimage\",\"url\":\"https:\/\/progresso.com.br\/wp-content\/uploads\/2026\/04\/dia-do-trabalho.jpg\",\"contentUrl\":\"https:\/\/progresso.com.br\/wp-content\/uploads\/2026\/04\/dia-do-trabalho.jpg\",\"width\":1900,\"height\":1215,\"caption\":\"Esta imagem \u2013 publicada na revista Harper's Weekly em 15 de maio de 1886 \u2013 retrata os eventos do Motim de Haymarket em Chicago, nos Estados Unidos, quando uma bomba foi detonada quando policiais tentaram dispersar um protesto de trabalhadores. Os eventos do dia s\u00e3o agora comemorados todos os anos em 1\u00ba de maio. (Foto: Library of Congress)\"},{\"@type\":\"BreadcrumbList\",\"@id\":\"https:\/\/progresso.com.br\/index.php\/2026\/05\/01\/dia-do-trabalho-tem-origem-em-greve-de-operarios-nos-eua-em-1886\/#breadcrumb\",\"itemListElement\":[{\"@type\":\"ListItem\",\"position\":1,\"name\":\"In\u00edcio\",\"item\":\"https:\/\/progresso.com.br\/\"},{\"@type\":\"ListItem\",\"position\":2,\"name\":\"Dia do Trabalho tem origem em greve de oper\u00e1rios nos EUA, em 1886\"}]},{\"@type\":\"WebSite\",\"@id\":\"https:\/\/progresso.com.br\/#website\",\"url\":\"https:\/\/progresso.com.br\/\",\"name\":\"O PROGRESSO\",\"description\":\"\",\"publisher\":{\"@id\":\"https:\/\/progresso.com.br\/#organization\"},\"potentialAction\":[{\"@type\":\"SearchAction\",\"target\":{\"@type\":\"EntryPoint\",\"urlTemplate\":\"https:\/\/progresso.com.br\/?s={search_term_string}\"},\"query-input\":{\"@type\":\"PropertyValueSpecification\",\"valueRequired\":true,\"valueName\":\"search_term_string\"}}],\"inLanguage\":\"pt-BR\"},{\"@type\":\"Organization\",\"@id\":\"https:\/\/progresso.com.br\/#organization\",\"name\":\"O PROGRESSO\",\"url\":\"https:\/\/progresso.com.br\/\",\"logo\":{\"@type\":\"ImageObject\",\"inLanguage\":\"pt-BR\",\"@id\":\"https:\/\/progresso.com.br\/#\/schema\/logo\/image\/\",\"url\":\"https:\/\/progresso.com.br\/wp-content\/uploads\/2026\/03\/logo_proog.jpg\",\"contentUrl\":\"https:\/\/progresso.com.br\/wp-content\/uploads\/2026\/03\/logo_proog.jpg\",\"width\":1960,\"height\":1080,\"caption\":\"O PROGRESSO\"},\"image\":{\"@id\":\"https:\/\/progresso.com.br\/#\/schema\/logo\/image\/\"},\"sameAs\":[\"https:\/\/www.facebook.com\/share\/1CeoksKBj6\/\",\"https:\/\/www.instagram.com\/oprogresso_digital\"]},{\"@type\":\"Person\",\"@id\":\"https:\/\/progresso.com.br\/#\/schema\/person\/b7390ac97c5e156cc2e02aa8e88f1bf2\",\"name\":\"Alfredo\",\"image\":{\"@type\":\"ImageObject\",\"inLanguage\":\"pt-BR\",\"@id\":\"https:\/\/progresso.com.br\/#\/schema\/person\/image\/\",\"url\":\"https:\/\/secure.gravatar.com\/avatar\/ca208a3111522ad69d765c6f0ea1ce4742c74e10aba78ae7158042d704d65a9f?s=96&d=mm&r=g\",\"contentUrl\":\"https:\/\/secure.gravatar.com\/avatar\/ca208a3111522ad69d765c6f0ea1ce4742c74e10aba78ae7158042d704d65a9f?s=96&d=mm&r=g\",\"caption\":\"Alfredo\"},\"url\":\"https:\/\/progresso.com.br\/index.php\/author\/alfredo\/\"}]}<\/script>\n<!-- \/ Yoast SEO plugin. -->","yoast_head_json":{"title":"Dia do Trabalho tem origem em greve de oper\u00e1rios nos EUA, em 1886 - O PROGRESSO","robots":{"index":"index","follow":"follow","max-snippet":"max-snippet:-1","max-image-preview":"max-image-preview:large","max-video-preview":"max-video-preview:-1"},"canonical":"https:\/\/progresso.com.br\/index.php\/2026\/05\/01\/dia-do-trabalho-tem-origem-em-greve-de-operarios-nos-eua-em-1886\/","og_locale":"pt_BR","og_type":"article","og_title":"Dia do Trabalho tem origem em greve de oper\u00e1rios nos EUA, em 1886 - O PROGRESSO","og_description":"Alana Gandra &#8211; Rep\u00f3rter da Ag\u00eancia Brasil O Dia Internacional do Trabalhador, tamb\u00e9m conhecido como Dia do Trabalhador ou Dia do Trabalho, comemorado anualmente em 1\u00ba de maio, \u00e9 feriado em muitos pa\u00edses. A data tem origem na greve geral iniciada por&nbsp;trabalhadores norte-americanos em 1\u00ba de maio de 1886, em Chicago, que reivindicavam melhores condi\u00e7\u00f5es [&hellip;]","og_url":"https:\/\/progresso.com.br\/index.php\/2026\/05\/01\/dia-do-trabalho-tem-origem-em-greve-de-operarios-nos-eua-em-1886\/","og_site_name":"O PROGRESSO","article_publisher":"https:\/\/www.facebook.com\/share\/1CeoksKBj6\/","article_published_time":"2026-05-01T04:05:00+00:00","og_image":[{"width":1900,"height":1215,"url":"https:\/\/progresso.com.br\/wp-content\/uploads\/2026\/04\/dia-do-trabalho.jpg","type":"image\/jpeg"}],"author":"Alfredo","twitter_card":"summary_large_image","twitter_misc":{"Escrito por":"Alfredo","Est. tempo de leitura":"5 minutos"},"schema":{"@context":"https:\/\/schema.org","@graph":[{"@type":"Article","@id":"https:\/\/progresso.com.br\/index.php\/2026\/05\/01\/dia-do-trabalho-tem-origem-em-greve-de-operarios-nos-eua-em-1886\/#article","isPartOf":{"@id":"https:\/\/progresso.com.br\/index.php\/2026\/05\/01\/dia-do-trabalho-tem-origem-em-greve-de-operarios-nos-eua-em-1886\/"},"author":{"name":"Alfredo","@id":"https:\/\/progresso.com.br\/#\/schema\/person\/b7390ac97c5e156cc2e02aa8e88f1bf2"},"headline":"Dia do Trabalho tem origem em greve de oper\u00e1rios nos EUA, em 1886","datePublished":"2026-05-01T04:05:00+00:00","mainEntityOfPage":{"@id":"https:\/\/progresso.com.br\/index.php\/2026\/05\/01\/dia-do-trabalho-tem-origem-em-greve-de-operarios-nos-eua-em-1886\/"},"wordCount":881,"commentCount":0,"publisher":{"@id":"https:\/\/progresso.com.br\/#organization"},"image":{"@id":"https:\/\/progresso.com.br\/index.php\/2026\/05\/01\/dia-do-trabalho-tem-origem-em-greve-de-operarios-nos-eua-em-1886\/#primaryimage"},"thumbnailUrl":"https:\/\/progresso.com.br\/wp-content\/uploads\/2026\/04\/dia-do-trabalho.jpg","articleSection":["Em destaque"],"inLanguage":"pt-BR","potentialAction":[{"@type":"CommentAction","name":"Comment","target":["https:\/\/progresso.com.br\/index.php\/2026\/05\/01\/dia-do-trabalho-tem-origem-em-greve-de-operarios-nos-eua-em-1886\/#respond"]}]},{"@type":"WebPage","@id":"https:\/\/progresso.com.br\/index.php\/2026\/05\/01\/dia-do-trabalho-tem-origem-em-greve-de-operarios-nos-eua-em-1886\/","url":"https:\/\/progresso.com.br\/index.php\/2026\/05\/01\/dia-do-trabalho-tem-origem-em-greve-de-operarios-nos-eua-em-1886\/","name":"Dia do Trabalho tem origem em greve de oper\u00e1rios nos EUA, em 1886 - O PROGRESSO","isPartOf":{"@id":"https:\/\/progresso.com.br\/#website"},"primaryImageOfPage":{"@id":"https:\/\/progresso.com.br\/index.php\/2026\/05\/01\/dia-do-trabalho-tem-origem-em-greve-de-operarios-nos-eua-em-1886\/#primaryimage"},"image":{"@id":"https:\/\/progresso.com.br\/index.php\/2026\/05\/01\/dia-do-trabalho-tem-origem-em-greve-de-operarios-nos-eua-em-1886\/#primaryimage"},"thumbnailUrl":"https:\/\/progresso.com.br\/wp-content\/uploads\/2026\/04\/dia-do-trabalho.jpg","datePublished":"2026-05-01T04:05:00+00:00","breadcrumb":{"@id":"https:\/\/progresso.com.br\/index.php\/2026\/05\/01\/dia-do-trabalho-tem-origem-em-greve-de-operarios-nos-eua-em-1886\/#breadcrumb"},"inLanguage":"pt-BR","potentialAction":[{"@type":"ReadAction","target":["https:\/\/progresso.com.br\/index.php\/2026\/05\/01\/dia-do-trabalho-tem-origem-em-greve-de-operarios-nos-eua-em-1886\/"]}]},{"@type":"ImageObject","inLanguage":"pt-BR","@id":"https:\/\/progresso.com.br\/index.php\/2026\/05\/01\/dia-do-trabalho-tem-origem-em-greve-de-operarios-nos-eua-em-1886\/#primaryimage","url":"https:\/\/progresso.com.br\/wp-content\/uploads\/2026\/04\/dia-do-trabalho.jpg","contentUrl":"https:\/\/progresso.com.br\/wp-content\/uploads\/2026\/04\/dia-do-trabalho.jpg","width":1900,"height":1215,"caption":"Esta imagem \u2013 publicada na revista Harper's Weekly em 15 de maio de 1886 \u2013 retrata os eventos do Motim de Haymarket em Chicago, nos Estados Unidos, quando uma bomba foi detonada quando policiais tentaram dispersar um protesto de trabalhadores. Os eventos do dia s\u00e3o agora comemorados todos os anos em 1\u00ba de maio. (Foto: Library of Congress)"},{"@type":"BreadcrumbList","@id":"https:\/\/progresso.com.br\/index.php\/2026\/05\/01\/dia-do-trabalho-tem-origem-em-greve-de-operarios-nos-eua-em-1886\/#breadcrumb","itemListElement":[{"@type":"ListItem","position":1,"name":"In\u00edcio","item":"https:\/\/progresso.com.br\/"},{"@type":"ListItem","position":2,"name":"Dia do Trabalho tem origem em greve de oper\u00e1rios nos EUA, em 1886"}]},{"@type":"WebSite","@id":"https:\/\/progresso.com.br\/#website","url":"https:\/\/progresso.com.br\/","name":"O PROGRESSO","description":"","publisher":{"@id":"https:\/\/progresso.com.br\/#organization"},"potentialAction":[{"@type":"SearchAction","target":{"@type":"EntryPoint","urlTemplate":"https:\/\/progresso.com.br\/?s={search_term_string}"},"query-input":{"@type":"PropertyValueSpecification","valueRequired":true,"valueName":"search_term_string"}}],"inLanguage":"pt-BR"},{"@type":"Organization","@id":"https:\/\/progresso.com.br\/#organization","name":"O PROGRESSO","url":"https:\/\/progresso.com.br\/","logo":{"@type":"ImageObject","inLanguage":"pt-BR","@id":"https:\/\/progresso.com.br\/#\/schema\/logo\/image\/","url":"https:\/\/progresso.com.br\/wp-content\/uploads\/2026\/03\/logo_proog.jpg","contentUrl":"https:\/\/progresso.com.br\/wp-content\/uploads\/2026\/03\/logo_proog.jpg","width":1960,"height":1080,"caption":"O PROGRESSO"},"image":{"@id":"https:\/\/progresso.com.br\/#\/schema\/logo\/image\/"},"sameAs":["https:\/\/www.facebook.com\/share\/1CeoksKBj6\/","https:\/\/www.instagram.com\/oprogresso_digital"]},{"@type":"Person","@id":"https:\/\/progresso.com.br\/#\/schema\/person\/b7390ac97c5e156cc2e02aa8e88f1bf2","name":"Alfredo","image":{"@type":"ImageObject","inLanguage":"pt-BR","@id":"https:\/\/progresso.com.br\/#\/schema\/person\/image\/","url":"https:\/\/secure.gravatar.com\/avatar\/ca208a3111522ad69d765c6f0ea1ce4742c74e10aba78ae7158042d704d65a9f?s=96&d=mm&r=g","contentUrl":"https:\/\/secure.gravatar.com\/avatar\/ca208a3111522ad69d765c6f0ea1ce4742c74e10aba78ae7158042d704d65a9f?s=96&d=mm&r=g","caption":"Alfredo"},"url":"https:\/\/progresso.com.br\/index.php\/author\/alfredo\/"}]}},"_links":{"self":[{"href":"https:\/\/progresso.com.br\/index.php\/wp-json\/wp\/v2\/posts\/5249","targetHints":{"allow":["GET"]}}],"collection":[{"href":"https:\/\/progresso.com.br\/index.php\/wp-json\/wp\/v2\/posts"}],"about":[{"href":"https:\/\/progresso.com.br\/index.php\/wp-json\/wp\/v2\/types\/post"}],"author":[{"embeddable":true,"href":"https:\/\/progresso.com.br\/index.php\/wp-json\/wp\/v2\/users\/3"}],"replies":[{"embeddable":true,"href":"https:\/\/progresso.com.br\/index.php\/wp-json\/wp\/v2\/comments?post=5249"}],"version-history":[{"count":1,"href":"https:\/\/progresso.com.br\/index.php\/wp-json\/wp\/v2\/posts\/5249\/revisions"}],"predecessor-version":[{"id":5251,"href":"https:\/\/progresso.com.br\/index.php\/wp-json\/wp\/v2\/posts\/5249\/revisions\/5251"}],"wp:featuredmedia":[{"embeddable":true,"href":"https:\/\/progresso.com.br\/index.php\/wp-json\/wp\/v2\/media\/5250"}],"wp:attachment":[{"href":"https:\/\/progresso.com.br\/index.php\/wp-json\/wp\/v2\/media?parent=5249"}],"wp:term":[{"taxonomy":"category","embeddable":true,"href":"https:\/\/progresso.com.br\/index.php\/wp-json\/wp\/v2\/categories?post=5249"},{"taxonomy":"post_tag","embeddable":true,"href":"https:\/\/progresso.com.br\/index.php\/wp-json\/wp\/v2\/tags?post=5249"}],"curies":[{"name":"wp","href":"https:\/\/api.w.org\/{rel}","templated":true}]}}